{"id":317666,"date":"2025-11-05T11:57:55","date_gmt":"2025-11-05T10:57:55","guid":{"rendered":"https:\/\/www.tapasmagazine.es\/que-come-p-diddy-en-la-carcel\/"},"modified":"2025-11-05T12:04:56","modified_gmt":"2025-11-05T11:04:56","slug":"what-does-p-diddy-eat-in-prison","status":"publish","type":"post","link":"https:\/\/www.tapasmagazine.es\/en\/what-does-p-diddy-eat-in-prison\/","title":{"rendered":"What does P. Diddy eat in prison?"},"content":{"rendered":"\n<p><strong>Click <a href=\"https:\/\/www.tapasmagazine.es\/en\/maxime-frederic-sculpts-louis-vuitton-easter-chocolates\/\" target=\"_blank\" rel=\"noreferrer noopener\">h<\/a><a href=\"https:\/\/www.tapasmagazine.es\/en\/what-does-p-diddy-eat-in-prison\/\" target=\"_blank\" rel=\"noreferrer noopener\">ere<\/a> to read the Spanish version<\/strong>.<\/p>\n\n\n\n<p><strong>Sean \u201cDiddy\u201d Combs<\/strong> will be sentenced in September 2024 to just four years and two months in prison for \u201ctwo counts of transporting persons for prostitution,\u201d taking into account the charges of sex trafficking and conspiracy to extort, of which he was found not guilty. Be that as it may, the rapper is currently incarcerated in one of the units at the Fort Dix Federal Correctional Institution in New Jersey.<\/p>\n\n\n\n<p>Yesterday, November 4, the convict celebrated his <strong>56th birthday<\/strong> behind bars with his fellow inmates, with whom he shared a menu far less glamorous than what he was probably accustomed to in his life on the outside. According to the prison&#8217;s proposed menu, which PEOPLE had access to, <strong>Puff Daddy<\/strong> had <strong>breakfast<\/strong> at around 6:30 a.m. consisting of fruit, a choice between bran flakes and breakfast cake or whole wheat bread with jam. The dishes were accompanied by skim milk, margarine spread, and sweeteners or sugar substitutes.<\/p>\n\n\n<div class=\"wp-block-image\">\n<figure class=\"aligncenter size-large\"><img decoding=\"async\" width=\"1024\" height=\"681\" src=\"https:\/\/www.tapasmagazine.es\/wp-content\/uploads\/2025\/11\/food-1024x681.jpg\" alt=\"\" class=\"wp-image-317657\" srcset=\"https:\/\/www.tapasmagazine.es\/wp-content\/uploads\/2025\/11\/food-1024x681.jpg 1024w, https:\/\/www.tapasmagazine.es\/wp-content\/uploads\/2025\/11\/food-300x200.jpg 300w, https:\/\/www.tapasmagazine.es\/wp-content\/uploads\/2025\/11\/food-768x511.jpg 768w, https:\/\/www.tapasmagazine.es\/wp-content\/uploads\/2025\/11\/food-1536x1022.jpg 1536w, https:\/\/www.tapasmagazine.es\/wp-content\/uploads\/2025\/11\/food-2048x1362.jpg 2048w, https:\/\/www.tapasmagazine.es\/wp-content\/uploads\/2025\/11\/food-1000x665.jpg 1000w, https:\/\/www.tapasmagazine.es\/wp-content\/uploads\/2025\/11\/food-400x266.jpg 400w\" sizes=\"(max-width: 1024px) 100vw, 1024px\" \/><\/figure>\n<\/div>\n\n\n<p>For <strong>lunch<\/strong>, they were given the choice between chicken parmesan or a chickpea burger, along with a drink. A few hours later, for dinner, the prison&#8217;s culinary team prepared pasta with marinara sauce and spinach, with a choice of garlic bread or whole wheat bread on the side. They could also choose between fruit or a dessert.<\/p>\n\n\n\n<p>For <strong>dinner<\/strong>, inmates could choose between cheese pizza or white beans, served with an Italian pasta salad, green beans, or garden salad. In addition, they had the option of visiting the prison store to buy sweets such as cheesecake, honey buns, pop-tarts, or cookies, which ranged in price from $1 to $3.<\/p>\n","protected":false},"excerpt":{"rendered":"<p>Click here to read the Spanish version. Sean \u201cDiddy\u201d Combs will be sentenced in September 2024 to just four years and two months in prison for \u201ctwo counts of transporting persons for prostitution,\u201d taking into account the charges of sex trafficking and conspiracy to extort, of which he was found not guilty. Be that as [&hellip;]<\/p>\n","protected":false},"author":285,"featured_media":317639,"comment_status":"closed","ping_status":"closed","sticky":false,"template":"","format":"standard","meta":{"_acf_changed":false,"footnotes":""},"categories":[15851,1],"tags":[],"class_list":["post-317666","post","type-post","status-publish","format-standard","has-post-thumbnail","hentry","category-nombres-propios-en","category-sin-categorizar","cat-15851-id","cat-1-id"],"acf":[],"yoast_head":"<!-- This site is optimized with the Yoast SEO plugin v27.4 - https:\/\/yoast.com\/product\/yoast-seo-wordpress\/ -->\n<title>What does P. Diddy eat in prison? - Tapas<\/title>\n<meta name=\"description\" content=\"Click here to read the Spanish version. Sean \u201cDiddy\u201d Combs will be sentenced in September 2024 to just four years and two months in prison for \u201ctwo counts\" \/>\n<meta name=\"robots\" content=\"index, follow, max-snippet:-1, max-image-preview:large, max-video-preview:-1\" \/>\n<link rel=\"canonical\" href=\"https:\/\/www.tapasmagazine.es\/en\/what-does-p-diddy-eat-in-prison\/\" \/>\n<meta property=\"og:locale\" content=\"en_US\" \/>\n<meta property=\"og:type\" content=\"article\" \/>\n<meta property=\"og:title\" content=\"What does P. Diddy eat in prison? - Tapas\" \/>\n<meta property=\"og:description\" content=\"Click here to read the Spanish version. Sean \u201cDiddy\u201d Combs will be sentenced in September 2024 to just four years and two months in prison for \u201ctwo counts\" \/>\n<meta property=\"og:url\" content=\"https:\/\/www.tapasmagazine.es\/en\/what-does-p-diddy-eat-in-prison\/\" \/>\n<meta property=\"og:site_name\" content=\"Tapas\" \/>\n<meta property=\"article:publisher\" content=\"https:\/\/www.facebook.com\/tapasmagazine\" \/>\n<meta property=\"article:published_time\" content=\"2025-11-05T10:57:55+00:00\" \/>\n<meta property=\"article:modified_time\" content=\"2025-11-05T11:04:56+00:00\" \/>\n<meta property=\"og:image\" content=\"https:\/\/www.tapasmagazine.es\/wp-content\/uploads\/2025\/11\/diddy.jpg\" \/>\n\t<meta property=\"og:image:width\" content=\"1200\" \/>\n\t<meta property=\"og:image:height\" content=\"675\" \/>\n\t<meta property=\"og:image:type\" content=\"image\/jpeg\" \/>\n<meta name=\"author\" content=\"Laura P\u00e9rez\" \/>\n<meta name=\"twitter:card\" content=\"summary_large_image\" \/>\n<meta name=\"twitter:creator\" content=\"@TapasMagazine\" \/>\n<meta name=\"twitter:site\" content=\"@TapasMagazine\" \/>\n<meta name=\"twitter:label1\" content=\"Written by\" \/>\n\t<meta name=\"twitter:data1\" content=\"Laura P\u00e9rez\" \/>\n\t<meta name=\"twitter:label2\" content=\"Est. reading time\" \/>\n\t<meta name=\"twitter:data2\" content=\"2 minutes\" \/>\n<script type=\"application\/ld+json\" class=\"yoast-schema-graph\">{\"@context\":\"https:\\\/\\\/schema.org\",\"@graph\":[{\"@type\":\"Article\",\"@id\":\"https:\\\/\\\/www.tapasmagazine.es\\\/en\\\/what-does-p-diddy-eat-in-prison\\\/#article\",\"isPartOf\":{\"@id\":\"https:\\\/\\\/www.tapasmagazine.es\\\/en\\\/what-does-p-diddy-eat-in-prison\\\/\"},\"author\":{\"name\":\"Laura P\u00e9rez\",\"@id\":\"https:\\\/\\\/www.tapasmagazine.es\\\/#\\\/schema\\\/person\\\/eb46cbe76a9c8f062660eb609e3ecb4e\"},\"headline\":\"What does P. Diddy eat in prison?\",\"datePublished\":\"2025-11-05T10:57:55+00:00\",\"dateModified\":\"2025-11-05T11:04:56+00:00\",\"mainEntityOfPage\":{\"@id\":\"https:\\\/\\\/www.tapasmagazine.es\\\/en\\\/what-does-p-diddy-eat-in-prison\\\/\"},\"wordCount\":279,\"publisher\":{\"@id\":\"https:\\\/\\\/www.tapasmagazine.es\\\/#organization\"},\"image\":{\"@id\":\"https:\\\/\\\/www.tapasmagazine.es\\\/en\\\/what-does-p-diddy-eat-in-prison\\\/#primaryimage\"},\"thumbnailUrl\":\"https:\\\/\\\/www.tapasmagazine.es\\\/wp-content\\\/uploads\\\/2025\\\/11\\\/diddy.jpg\",\"articleSection\":[\"Nombres propios\",\"Sin categorizar\"],\"inLanguage\":\"en-US\"},{\"@type\":\"WebPage\",\"@id\":\"https:\\\/\\\/www.tapasmagazine.es\\\/en\\\/what-does-p-diddy-eat-in-prison\\\/\",\"url\":\"https:\\\/\\\/www.tapasmagazine.es\\\/en\\\/what-does-p-diddy-eat-in-prison\\\/\",\"name\":\"What does P. Diddy eat in prison? - Tapas\",\"isPartOf\":{\"@id\":\"https:\\\/\\\/www.tapasmagazine.es\\\/#website\"},\"primaryImageOfPage\":{\"@id\":\"https:\\\/\\\/www.tapasmagazine.es\\\/en\\\/what-does-p-diddy-eat-in-prison\\\/#primaryimage\"},\"image\":{\"@id\":\"https:\\\/\\\/www.tapasmagazine.es\\\/en\\\/what-does-p-diddy-eat-in-prison\\\/#primaryimage\"},\"thumbnailUrl\":\"https:\\\/\\\/www.tapasmagazine.es\\\/wp-content\\\/uploads\\\/2025\\\/11\\\/diddy.jpg\",\"datePublished\":\"2025-11-05T10:57:55+00:00\",\"dateModified\":\"2025-11-05T11:04:56+00:00\",\"description\":\"Click here to read the Spanish version. Sean \u201cDiddy\u201d Combs will be sentenced in September 2024 to just four years and two months in prison for \u201ctwo counts\",\"breadcrumb\":{\"@id\":\"https:\\\/\\\/www.tapasmagazine.es\\\/en\\\/what-does-p-diddy-eat-in-prison\\\/#breadcrumb\"},\"inLanguage\":\"en-US\",\"potentialAction\":[{\"@type\":\"ReadAction\",\"target\":[\"https:\\\/\\\/www.tapasmagazine.es\\\/en\\\/what-does-p-diddy-eat-in-prison\\\/\"]}]},{\"@type\":\"ImageObject\",\"inLanguage\":\"en-US\",\"@id\":\"https:\\\/\\\/www.tapasmagazine.es\\\/en\\\/what-does-p-diddy-eat-in-prison\\\/#primaryimage\",\"url\":\"https:\\\/\\\/www.tapasmagazine.es\\\/wp-content\\\/uploads\\\/2025\\\/11\\\/diddy.jpg\",\"contentUrl\":\"https:\\\/\\\/www.tapasmagazine.es\\\/wp-content\\\/uploads\\\/2025\\\/11\\\/diddy.jpg\",\"width\":1200,\"height\":675},{\"@type\":\"BreadcrumbList\",\"@id\":\"https:\\\/\\\/www.tapasmagazine.es\\\/en\\\/what-does-p-diddy-eat-in-prison\\\/#breadcrumb\",\"itemListElement\":[{\"@type\":\"ListItem\",\"position\":1,\"name\":\"Portada\",\"item\":\"https:\\\/\\\/www.tapasmagazine.es\\\/\"},{\"@type\":\"ListItem\",\"position\":2,\"name\":\"Sin categorizar\",\"item\":\"https:\\\/\\\/www.tapasmagazine.es\\\/categorias\\\/sin-categorizar\\\/\"},{\"@type\":\"ListItem\",\"position\":3,\"name\":\"What does P. Diddy eat in prison?\"}]},{\"@type\":\"WebSite\",\"@id\":\"https:\\\/\\\/www.tapasmagazine.es\\\/#website\",\"url\":\"https:\\\/\\\/www.tapasmagazine.es\\\/\",\"name\":\"Tapas\",\"description\":\"\u00d1am \u00d1am Lifestyle. La vida a bocados. Premio Nacional de Gastronom\u00eda 2016.\",\"publisher\":{\"@id\":\"https:\\\/\\\/www.tapasmagazine.es\\\/#organization\"},\"potentialAction\":[{\"@type\":\"SearchAction\",\"target\":{\"@type\":\"EntryPoint\",\"urlTemplate\":\"https:\\\/\\\/www.tapasmagazine.es\\\/?s={search_term_string}\"},\"query-input\":{\"@type\":\"PropertyValueSpecification\",\"valueRequired\":true,\"valueName\":\"search_term_string\"}}],\"inLanguage\":\"en-US\"},{\"@type\":\"Organization\",\"@id\":\"https:\\\/\\\/www.tapasmagazine.es\\\/#organization\",\"name\":\"Tapas Magazine\",\"url\":\"https:\\\/\\\/www.tapasmagazine.es\\\/\",\"logo\":{\"@type\":\"ImageObject\",\"inLanguage\":\"en-US\",\"@id\":\"https:\\\/\\\/www.tapasmagazine.es\\\/#\\\/schema\\\/logo\\\/image\\\/\",\"url\":\"https:\\\/\\\/www.tapasmagazine.es\\\/wp-content\\\/uploads\\\/2018\\\/01\\\/logo.png\",\"contentUrl\":\"https:\\\/\\\/www.tapasmagazine.es\\\/wp-content\\\/uploads\\\/2018\\\/01\\\/logo.png\",\"width\":180,\"height\":60,\"caption\":\"Tapas Magazine\"},\"image\":{\"@id\":\"https:\\\/\\\/www.tapasmagazine.es\\\/#\\\/schema\\\/logo\\\/image\\\/\"},\"sameAs\":[\"https:\\\/\\\/www.facebook.com\\\/tapasmagazine\",\"https:\\\/\\\/x.com\\\/TapasMagazine\",\"https:\\\/\\\/www.instagram.com\\\/tapasmagazine\\\/\",\"https:\\\/\\\/www.linkedin.com\\\/company\\\/tapas-magazine\",\"https:\\\/\\\/es.pinterest.com\\\/tapasmagazine\\\/\",\"https:\\\/\\\/www.youtube.com\\\/channel\\\/UCEyxneAaACuR0lfDagrWjjg?sub_confirmation=1\"]},{\"@type\":\"Person\",\"@id\":\"https:\\\/\\\/www.tapasmagazine.es\\\/#\\\/schema\\\/person\\\/eb46cbe76a9c8f062660eb609e3ecb4e\",\"name\":\"Laura P\u00e9rez\",\"url\":\"https:\\\/\\\/www.tapasmagazine.es\\\/en\\\/author\\\/laura-perez\\\/\"}]}<\/script>\n<!-- \/ Yoast SEO plugin. -->","yoast_head_json":{"title":"What does P. Diddy eat in prison? - Tapas","description":"Click here to read the Spanish version. Sean \u201cDiddy\u201d Combs will be sentenced in September 2024 to just four years and two months in prison for \u201ctwo counts","robots":{"index":"index","follow":"follow","max-snippet":"max-snippet:-1","max-image-preview":"max-image-preview:large","max-video-preview":"max-video-preview:-1"},"canonical":"https:\/\/www.tapasmagazine.es\/en\/what-does-p-diddy-eat-in-prison\/","og_locale":"en_US","og_type":"article","og_title":"What does P. Diddy eat in prison? - Tapas","og_description":"Click here to read the Spanish version. Sean \u201cDiddy\u201d Combs will be sentenced in September 2024 to just four years and two months in prison for \u201ctwo counts","og_url":"https:\/\/www.tapasmagazine.es\/en\/what-does-p-diddy-eat-in-prison\/","og_site_name":"Tapas","article_publisher":"https:\/\/www.facebook.com\/tapasmagazine","article_published_time":"2025-11-05T10:57:55+00:00","article_modified_time":"2025-11-05T11:04:56+00:00","og_image":[{"width":1200,"height":675,"url":"https:\/\/www.tapasmagazine.es\/wp-content\/uploads\/2025\/11\/diddy.jpg","type":"image\/jpeg"}],"author":"Laura P\u00e9rez","twitter_card":"summary_large_image","twitter_creator":"@TapasMagazine","twitter_site":"@TapasMagazine","twitter_misc":{"Written by":"Laura P\u00e9rez","Est. reading time":"2 minutes"},"schema":{"@context":"https:\/\/schema.org","@graph":[{"@type":"Article","@id":"https:\/\/www.tapasmagazine.es\/en\/what-does-p-diddy-eat-in-prison\/#article","isPartOf":{"@id":"https:\/\/www.tapasmagazine.es\/en\/what-does-p-diddy-eat-in-prison\/"},"author":{"name":"Laura P\u00e9rez","@id":"https:\/\/www.tapasmagazine.es\/#\/schema\/person\/eb46cbe76a9c8f062660eb609e3ecb4e"},"headline":"What does P. Diddy eat in prison?","datePublished":"2025-11-05T10:57:55+00:00","dateModified":"2025-11-05T11:04:56+00:00","mainEntityOfPage":{"@id":"https:\/\/www.tapasmagazine.es\/en\/what-does-p-diddy-eat-in-prison\/"},"wordCount":279,"publisher":{"@id":"https:\/\/www.tapasmagazine.es\/#organization"},"image":{"@id":"https:\/\/www.tapasmagazine.es\/en\/what-does-p-diddy-eat-in-prison\/#primaryimage"},"thumbnailUrl":"https:\/\/www.tapasmagazine.es\/wp-content\/uploads\/2025\/11\/diddy.jpg","articleSection":["Nombres propios","Sin categorizar"],"inLanguage":"en-US"},{"@type":"WebPage","@id":"https:\/\/www.tapasmagazine.es\/en\/what-does-p-diddy-eat-in-prison\/","url":"https:\/\/www.tapasmagazine.es\/en\/what-does-p-diddy-eat-in-prison\/","name":"What does P. Diddy eat in prison? - Tapas","isPartOf":{"@id":"https:\/\/www.tapasmagazine.es\/#website"},"primaryImageOfPage":{"@id":"https:\/\/www.tapasmagazine.es\/en\/what-does-p-diddy-eat-in-prison\/#primaryimage"},"image":{"@id":"https:\/\/www.tapasmagazine.es\/en\/what-does-p-diddy-eat-in-prison\/#primaryimage"},"thumbnailUrl":"https:\/\/www.tapasmagazine.es\/wp-content\/uploads\/2025\/11\/diddy.jpg","datePublished":"2025-11-05T10:57:55+00:00","dateModified":"2025-11-05T11:04:56+00:00","description":"Click here to read the Spanish version. Sean \u201cDiddy\u201d Combs will be sentenced in September 2024 to just four years and two months in prison for \u201ctwo counts","breadcrumb":{"@id":"https:\/\/www.tapasmagazine.es\/en\/what-does-p-diddy-eat-in-prison\/#breadcrumb"},"inLanguage":"en-US","potentialAction":[{"@type":"ReadAction","target":["https:\/\/www.tapasmagazine.es\/en\/what-does-p-diddy-eat-in-prison\/"]}]},{"@type":"ImageObject","inLanguage":"en-US","@id":"https:\/\/www.tapasmagazine.es\/en\/what-does-p-diddy-eat-in-prison\/#primaryimage","url":"https:\/\/www.tapasmagazine.es\/wp-content\/uploads\/2025\/11\/diddy.jpg","contentUrl":"https:\/\/www.tapasmagazine.es\/wp-content\/uploads\/2025\/11\/diddy.jpg","width":1200,"height":675},{"@type":"BreadcrumbList","@id":"https:\/\/www.tapasmagazine.es\/en\/what-does-p-diddy-eat-in-prison\/#breadcrumb","itemListElement":[{"@type":"ListItem","position":1,"name":"Portada","item":"https:\/\/www.tapasmagazine.es\/"},{"@type":"ListItem","position":2,"name":"Sin categorizar","item":"https:\/\/www.tapasmagazine.es\/categorias\/sin-categorizar\/"},{"@type":"ListItem","position":3,"name":"What does P. Diddy eat in prison?"}]},{"@type":"WebSite","@id":"https:\/\/www.tapasmagazine.es\/#website","url":"https:\/\/www.tapasmagazine.es\/","name":"Tapas","description":"\u00d1am \u00d1am Lifestyle. La vida a bocados. Premio Nacional de Gastronom\u00eda 2016.","publisher":{"@id":"https:\/\/www.tapasmagazine.es\/#organization"},"potentialAction":[{"@type":"SearchAction","target":{"@type":"EntryPoint","urlTemplate":"https:\/\/www.tapasmagazine.es\/?s={search_term_string}"},"query-input":{"@type":"PropertyValueSpecification","valueRequired":true,"valueName":"search_term_string"}}],"inLanguage":"en-US"},{"@type":"Organization","@id":"https:\/\/www.tapasmagazine.es\/#organization","name":"Tapas Magazine","url":"https:\/\/www.tapasmagazine.es\/","logo":{"@type":"ImageObject","inLanguage":"en-US","@id":"https:\/\/www.tapasmagazine.es\/#\/schema\/logo\/image\/","url":"https:\/\/www.tapasmagazine.es\/wp-content\/uploads\/2018\/01\/logo.png","contentUrl":"https:\/\/www.tapasmagazine.es\/wp-content\/uploads\/2018\/01\/logo.png","width":180,"height":60,"caption":"Tapas Magazine"},"image":{"@id":"https:\/\/www.tapasmagazine.es\/#\/schema\/logo\/image\/"},"sameAs":["https:\/\/www.facebook.com\/tapasmagazine","https:\/\/x.com\/TapasMagazine","https:\/\/www.instagram.com\/tapasmagazine\/","https:\/\/www.linkedin.com\/company\/tapas-magazine","https:\/\/es.pinterest.com\/tapasmagazine\/","https:\/\/www.youtube.com\/channel\/UCEyxneAaACuR0lfDagrWjjg?sub_confirmation=1"]},{"@type":"Person","@id":"https:\/\/www.tapasmagazine.es\/#\/schema\/person\/eb46cbe76a9c8f062660eb609e3ecb4e","name":"Laura P\u00e9rez","url":"https:\/\/www.tapasmagazine.es\/en\/author\/laura-perez\/"}]}},"_links":{"self":[{"href":"https:\/\/www.tapasmagazine.es\/en\/wp-json\/wp\/v2\/posts\/317666","targetHints":{"allow":["GET"]}}],"collection":[{"href":"https:\/\/www.tapasmagazine.es\/en\/wp-json\/wp\/v2\/posts"}],"about":[{"href":"https:\/\/www.tapasmagazine.es\/en\/wp-json\/wp\/v2\/types\/post"}],"author":[{"embeddable":true,"href":"https:\/\/www.tapasmagazine.es\/en\/wp-json\/wp\/v2\/users\/285"}],"replies":[{"embeddable":true,"href":"https:\/\/www.tapasmagazine.es\/en\/wp-json\/wp\/v2\/comments?post=317666"}],"version-history":[{"count":2,"href":"https:\/\/www.tapasmagazine.es\/en\/wp-json\/wp\/v2\/posts\/317666\/revisions"}],"predecessor-version":[{"id":317679,"href":"https:\/\/www.tapasmagazine.es\/en\/wp-json\/wp\/v2\/posts\/317666\/revisions\/317679"}],"wp:featuredmedia":[{"embeddable":true,"href":"https:\/\/www.tapasmagazine.es\/en\/wp-json\/wp\/v2\/media\/317639"}],"wp:attachment":[{"href":"https:\/\/www.tapasmagazine.es\/en\/wp-json\/wp\/v2\/media?parent=317666"}],"wp:term":[{"taxonomy":"category","embeddable":true,"href":"https:\/\/www.tapasmagazine.es\/en\/wp-json\/wp\/v2\/categories?post=317666"},{"taxonomy":"post_tag","embeddable":true,"href":"https:\/\/www.tapasmagazine.es\/en\/wp-json\/wp\/v2\/tags?post=317666"}],"curies":[{"name":"wp","href":"https:\/\/api.w.org\/{rel}","templated":true}]}}