{"id":293577,"date":"2025-06-06T10:44:39","date_gmt":"2025-06-06T08:44:39","guid":{"rendered":"https:\/\/www.tapasmagazine.es\/louis-vuitton-abre-una-heladeria-en-toscana\/"},"modified":"2025-06-06T10:49:53","modified_gmt":"2025-06-06T08:49:53","slug":"louis-vuitton-opens-an-ice-cream-shop-in-tuscany","status":"publish","type":"post","link":"https:\/\/www.tapasmagazine.es\/en\/louis-vuitton-opens-an-ice-cream-shop-in-tuscany\/","title":{"rendered":"Louis Vuitton opens an ice cream shop in Tuscany"},"content":{"rendered":"\n<p><strong>Click <a href=\"https:\/\/www.tapasmagazine.es\/en\/maxime-frederic-sculpts-louis-vuitton-easter-chocolates\/\" target=\"_blank\" rel=\"noreferrer noopener\">h<\/a><a href=\"https:\/\/www.tapasmagazine.es\/en\/aston-martin-new-whisky-takes-inspiration-from-its-most-futuristic-model\/\" target=\"_blank\" rel=\"noreferrer noopener\">e<\/a><a href=\"https:\/\/www.tapasmagazine.es\/en\/louis-vuitton-opens-an-ice-cream-shop-in-tuscany\/\" target=\"_blank\" rel=\"noreferrer noopener\">re<\/a> to read the Spanish version<\/strong>.<\/p>\n\n\n\n<p>The Tuscan summer will never be the same with <strong>Louis Vuitton<\/strong>&#8216;s new seasonal ice cream shop. It will be much sweeter and more sophisticated thanks to the experience the brand has set up right in front of the LV boutique in <strong>Forte dei Marmi<\/strong>.<\/p>\n\n\n\n<p>The French fashion house will be serving haute couture ice cream from June to September from a stand that blends perfectly with the local street furniture, adorned with monogram flowers.<\/p>\n\n\n\n<figure class=\"wp-block-gallery has-nested-images columns-default is-cropped wp-block-gallery-1 is-layout-flex wp-block-gallery-is-layout-flex\">\n<figure class=\"wp-block-image size-large\"><img decoding=\"async\" width=\"683\" height=\"1024\" data-id=\"293569\" src=\"https:\/\/www.tapasmagazine.es\/wp-content\/uploads\/2025\/06\/GELATERIA-LOUIS-VUITTON-FORTE-DEI-MARMI-3-683x1024.webp\" alt=\"\" class=\"wp-image-293569\" srcset=\"https:\/\/www.tapasmagazine.es\/wp-content\/uploads\/2025\/06\/GELATERIA-LOUIS-VUITTON-FORTE-DEI-MARMI-3-683x1024.webp 683w, https:\/\/www.tapasmagazine.es\/wp-content\/uploads\/2025\/06\/GELATERIA-LOUIS-VUITTON-FORTE-DEI-MARMI-3-200x300.webp 200w, https:\/\/www.tapasmagazine.es\/wp-content\/uploads\/2025\/06\/GELATERIA-LOUIS-VUITTON-FORTE-DEI-MARMI-3-768x1151.webp 768w, https:\/\/www.tapasmagazine.es\/wp-content\/uploads\/2025\/06\/GELATERIA-LOUIS-VUITTON-FORTE-DEI-MARMI-3-1025x1536.webp 1025w, https:\/\/www.tapasmagazine.es\/wp-content\/uploads\/2025\/06\/GELATERIA-LOUIS-VUITTON-FORTE-DEI-MARMI-3-1000x1499.webp 1000w, https:\/\/www.tapasmagazine.es\/wp-content\/uploads\/2025\/06\/GELATERIA-LOUIS-VUITTON-FORTE-DEI-MARMI-3-400x600.webp 400w, https:\/\/www.tapasmagazine.es\/wp-content\/uploads\/2025\/06\/GELATERIA-LOUIS-VUITTON-FORTE-DEI-MARMI-3.webp 1334w\" sizes=\"(max-width: 683px) 100vw, 683px\" \/><\/figure>\n\n\n\n<figure class=\"wp-block-image size-large\"><img decoding=\"async\" width=\"683\" height=\"1024\" data-id=\"293570\" src=\"https:\/\/www.tapasmagazine.es\/wp-content\/uploads\/2025\/06\/GELATERIA-LOUIS-VUITTON-FORTE-DEI-MARMI-7-683x1024.webp\" alt=\"\" class=\"wp-image-293570\" srcset=\"https:\/\/www.tapasmagazine.es\/wp-content\/uploads\/2025\/06\/GELATERIA-LOUIS-VUITTON-FORTE-DEI-MARMI-7-683x1024.webp 683w, https:\/\/www.tapasmagazine.es\/wp-content\/uploads\/2025\/06\/GELATERIA-LOUIS-VUITTON-FORTE-DEI-MARMI-7-200x300.webp 200w, https:\/\/www.tapasmagazine.es\/wp-content\/uploads\/2025\/06\/GELATERIA-LOUIS-VUITTON-FORTE-DEI-MARMI-7-768x1151.webp 768w, https:\/\/www.tapasmagazine.es\/wp-content\/uploads\/2025\/06\/GELATERIA-LOUIS-VUITTON-FORTE-DEI-MARMI-7-1025x1536.webp 1025w, https:\/\/www.tapasmagazine.es\/wp-content\/uploads\/2025\/06\/GELATERIA-LOUIS-VUITTON-FORTE-DEI-MARMI-7-1000x1499.webp 1000w, https:\/\/www.tapasmagazine.es\/wp-content\/uploads\/2025\/06\/GELATERIA-LOUIS-VUITTON-FORTE-DEI-MARMI-7-400x600.webp 400w, https:\/\/www.tapasmagazine.es\/wp-content\/uploads\/2025\/06\/GELATERIA-LOUIS-VUITTON-FORTE-DEI-MARMI-7.webp 1334w\" sizes=\"(max-width: 683px) 100vw, 683px\" \/><\/figure>\n<\/figure>\n\n\n\n<p>Louis Vuitton\u2019s mascot, <strong>Vivienne<\/strong>, will welcome all visitors eager to taste the brand\u2019s luxurious take on ice cream, in collaboration with <strong>Galliano<\/strong>, one of the most sought-after patisseries in Versilia.<\/p>\n\n\n\n<p>Their SS25 offering includes ten classic flavors featured alongside two exclusive creations: Vivienne, a Portuguese milk ice cream with mandarin swirls, and Gaston, inspired by the traditional Tuscan zuccotto, made with sponge cake, crunchy bits, and dark chocolate chips.<\/p>\n\n\n<div class=\"wp-block-image\">\n<figure class=\"aligncenter size-large\"><img decoding=\"async\" width=\"1024\" height=\"683\" src=\"https:\/\/www.tapasmagazine.es\/wp-content\/uploads\/2025\/06\/GELATERIA-LOUIS-VUITTON-FORTE-DEI-MARMI-5-1024x683.webp\" alt=\"\" class=\"wp-image-293572\" srcset=\"https:\/\/www.tapasmagazine.es\/wp-content\/uploads\/2025\/06\/GELATERIA-LOUIS-VUITTON-FORTE-DEI-MARMI-5-1024x683.webp 1024w, https:\/\/www.tapasmagazine.es\/wp-content\/uploads\/2025\/06\/GELATERIA-LOUIS-VUITTON-FORTE-DEI-MARMI-5-300x200.webp 300w, https:\/\/www.tapasmagazine.es\/wp-content\/uploads\/2025\/06\/GELATERIA-LOUIS-VUITTON-FORTE-DEI-MARMI-5-768x512.webp 768w, https:\/\/www.tapasmagazine.es\/wp-content\/uploads\/2025\/06\/GELATERIA-LOUIS-VUITTON-FORTE-DEI-MARMI-5-1536x1025.webp 1536w, https:\/\/www.tapasmagazine.es\/wp-content\/uploads\/2025\/06\/GELATERIA-LOUIS-VUITTON-FORTE-DEI-MARMI-5-1000x667.webp 1000w, https:\/\/www.tapasmagazine.es\/wp-content\/uploads\/2025\/06\/GELATERIA-LOUIS-VUITTON-FORTE-DEI-MARMI-5-400x267.webp 400w, https:\/\/www.tapasmagazine.es\/wp-content\/uploads\/2025\/06\/GELATERIA-LOUIS-VUITTON-FORTE-DEI-MARMI-5.webp 2000w\" sizes=\"(max-width: 1024px) 100vw, 1024px\" \/><\/figure>\n<\/div>\n\n\n<p>Of course, all the packaging, including napkins, containers, and bags, is adorned with Louis Vuitton\u2019s signature symbolism and design codes, featuring an exclusive pattern created especially for the occasion.<br><\/p>\n","protected":false},"excerpt":{"rendered":"<p>Click here to read the Spanish version. The Tuscan summer will never be the same with Louis Vuitton&#8216;s new seasonal ice cream shop. It will be much sweeter and more sophisticated thanks to the experience the brand has set up right in front of the LV boutique in Forte dei Marmi. The French fashion house [&hellip;]<\/p>\n","protected":false},"author":285,"featured_media":293545,"comment_status":"closed","ping_status":"closed","sticky":false,"template":"","format":"standard","meta":{"_acf_changed":false,"footnotes":""},"categories":[15807,1],"tags":[15828,18023],"class_list":["post-293577","post","type-post","status-publish","format-standard","has-post-thumbnail","hentry","category-gastro-en","category-sin-categorizar","tag-heladeria-en","tag-louis-vuitton-en","cat-15807-id","cat-1-id"],"acf":[],"yoast_head":"<!-- This site is optimized with the Yoast SEO plugin v27.4 - https:\/\/yoast.com\/product\/yoast-seo-wordpress\/ -->\n<title>Louis Vuitton opens an ice cream shop in Tuscany - Tapas<\/title>\n<meta name=\"description\" content=\"Click here to read the Spanish version. The Tuscan summer will never be the same with Louis Vuitton&#039;s new seasonal ice cream shop. It will be much sweeter\" \/>\n<meta name=\"robots\" content=\"index, follow, max-snippet:-1, max-image-preview:large, max-video-preview:-1\" \/>\n<link rel=\"canonical\" href=\"https:\/\/www.tapasmagazine.es\/en\/louis-vuitton-opens-an-ice-cream-shop-in-tuscany\/\" \/>\n<meta property=\"og:locale\" content=\"en_US\" \/>\n<meta property=\"og:type\" content=\"article\" \/>\n<meta property=\"og:title\" content=\"Louis Vuitton opens an ice cream shop in Tuscany - Tapas\" \/>\n<meta property=\"og:description\" content=\"Click here to read the Spanish version. The Tuscan summer will never be the same with Louis Vuitton&#039;s new seasonal ice cream shop. It will be much sweeter\" \/>\n<meta property=\"og:url\" content=\"https:\/\/www.tapasmagazine.es\/en\/louis-vuitton-opens-an-ice-cream-shop-in-tuscany\/\" \/>\n<meta property=\"og:site_name\" content=\"Tapas\" \/>\n<meta property=\"article:publisher\" content=\"https:\/\/www.facebook.com\/tapasmagazine\" \/>\n<meta property=\"article:published_time\" content=\"2025-06-06T08:44:39+00:00\" \/>\n<meta property=\"article:modified_time\" content=\"2025-06-06T08:49:53+00:00\" \/>\n<meta property=\"og:image\" content=\"https:\/\/www.tapasmagazine.es\/wp-content\/uploads\/2025\/06\/louis-vuitton.jpg\" \/>\n\t<meta property=\"og:image:width\" content=\"1200\" \/>\n\t<meta property=\"og:image:height\" content=\"675\" \/>\n\t<meta property=\"og:image:type\" content=\"image\/jpeg\" \/>\n<meta name=\"author\" content=\"Laura P\u00e9rez\" \/>\n<meta name=\"twitter:card\" content=\"summary_large_image\" \/>\n<meta name=\"twitter:creator\" content=\"@TapasMagazine\" \/>\n<meta name=\"twitter:site\" content=\"@TapasMagazine\" \/>\n<meta name=\"twitter:label1\" content=\"Written by\" \/>\n\t<meta name=\"twitter:data1\" content=\"Laura P\u00e9rez\" \/>\n\t<meta name=\"twitter:label2\" content=\"Est. reading time\" \/>\n\t<meta name=\"twitter:data2\" content=\"2 minutes\" \/>\n<script type=\"application\/ld+json\" class=\"yoast-schema-graph\">{\"@context\":\"https:\\\/\\\/schema.org\",\"@graph\":[{\"@type\":\"Article\",\"@id\":\"https:\\\/\\\/www.tapasmagazine.es\\\/en\\\/louis-vuitton-opens-an-ice-cream-shop-in-tuscany\\\/#article\",\"isPartOf\":{\"@id\":\"https:\\\/\\\/www.tapasmagazine.es\\\/en\\\/louis-vuitton-opens-an-ice-cream-shop-in-tuscany\\\/\"},\"author\":{\"name\":\"Laura P\u00e9rez\",\"@id\":\"https:\\\/\\\/www.tapasmagazine.es\\\/#\\\/schema\\\/person\\\/eb46cbe76a9c8f062660eb609e3ecb4e\"},\"headline\":\"Louis Vuitton opens an ice cream shop in Tuscany\",\"datePublished\":\"2025-06-06T08:44:39+00:00\",\"dateModified\":\"2025-06-06T08:49:53+00:00\",\"mainEntityOfPage\":{\"@id\":\"https:\\\/\\\/www.tapasmagazine.es\\\/en\\\/louis-vuitton-opens-an-ice-cream-shop-in-tuscany\\\/\"},\"wordCount\":194,\"publisher\":{\"@id\":\"https:\\\/\\\/www.tapasmagazine.es\\\/#organization\"},\"image\":{\"@id\":\"https:\\\/\\\/www.tapasmagazine.es\\\/en\\\/louis-vuitton-opens-an-ice-cream-shop-in-tuscany\\\/#primaryimage\"},\"thumbnailUrl\":\"https:\\\/\\\/www.tapasmagazine.es\\\/wp-content\\\/uploads\\\/2025\\\/06\\\/louis-vuitton.jpg\",\"keywords\":[\"helader\u00eda\",\"Louis Vuitton\"],\"articleSection\":[\"Gastro\",\"Sin categorizar\"],\"inLanguage\":\"en-US\"},{\"@type\":\"WebPage\",\"@id\":\"https:\\\/\\\/www.tapasmagazine.es\\\/en\\\/louis-vuitton-opens-an-ice-cream-shop-in-tuscany\\\/\",\"url\":\"https:\\\/\\\/www.tapasmagazine.es\\\/en\\\/louis-vuitton-opens-an-ice-cream-shop-in-tuscany\\\/\",\"name\":\"Louis Vuitton opens an ice cream shop in Tuscany - Tapas\",\"isPartOf\":{\"@id\":\"https:\\\/\\\/www.tapasmagazine.es\\\/#website\"},\"primaryImageOfPage\":{\"@id\":\"https:\\\/\\\/www.tapasmagazine.es\\\/en\\\/louis-vuitton-opens-an-ice-cream-shop-in-tuscany\\\/#primaryimage\"},\"image\":{\"@id\":\"https:\\\/\\\/www.tapasmagazine.es\\\/en\\\/louis-vuitton-opens-an-ice-cream-shop-in-tuscany\\\/#primaryimage\"},\"thumbnailUrl\":\"https:\\\/\\\/www.tapasmagazine.es\\\/wp-content\\\/uploads\\\/2025\\\/06\\\/louis-vuitton.jpg\",\"datePublished\":\"2025-06-06T08:44:39+00:00\",\"dateModified\":\"2025-06-06T08:49:53+00:00\",\"description\":\"Click here to read the Spanish version. The Tuscan summer will never be the same with Louis Vuitton's new seasonal ice cream shop. It will be much sweeter\",\"breadcrumb\":{\"@id\":\"https:\\\/\\\/www.tapasmagazine.es\\\/en\\\/louis-vuitton-opens-an-ice-cream-shop-in-tuscany\\\/#breadcrumb\"},\"inLanguage\":\"en-US\",\"potentialAction\":[{\"@type\":\"ReadAction\",\"target\":[\"https:\\\/\\\/www.tapasmagazine.es\\\/en\\\/louis-vuitton-opens-an-ice-cream-shop-in-tuscany\\\/\"]}]},{\"@type\":\"ImageObject\",\"inLanguage\":\"en-US\",\"@id\":\"https:\\\/\\\/www.tapasmagazine.es\\\/en\\\/louis-vuitton-opens-an-ice-cream-shop-in-tuscany\\\/#primaryimage\",\"url\":\"https:\\\/\\\/www.tapasmagazine.es\\\/wp-content\\\/uploads\\\/2025\\\/06\\\/louis-vuitton.jpg\",\"contentUrl\":\"https:\\\/\\\/www.tapasmagazine.es\\\/wp-content\\\/uploads\\\/2025\\\/06\\\/louis-vuitton.jpg\",\"width\":1200,\"height\":675},{\"@type\":\"BreadcrumbList\",\"@id\":\"https:\\\/\\\/www.tapasmagazine.es\\\/en\\\/louis-vuitton-opens-an-ice-cream-shop-in-tuscany\\\/#breadcrumb\",\"itemListElement\":[{\"@type\":\"ListItem\",\"position\":1,\"name\":\"Portada\",\"item\":\"https:\\\/\\\/www.tapasmagazine.es\\\/\"},{\"@type\":\"ListItem\",\"position\":2,\"name\":\"Gastro\",\"item\":\"https:\\\/\\\/www.tapasmagazine.es\\\/categorias\\\/gastro\\\/\"},{\"@type\":\"ListItem\",\"position\":3,\"name\":\"Louis Vuitton opens an ice cream shop in Tuscany\"}]},{\"@type\":\"WebSite\",\"@id\":\"https:\\\/\\\/www.tapasmagazine.es\\\/#website\",\"url\":\"https:\\\/\\\/www.tapasmagazine.es\\\/\",\"name\":\"Tapas\",\"description\":\"\u00d1am \u00d1am Lifestyle. La vida a bocados. Premio Nacional de Gastronom\u00eda 2016.\",\"publisher\":{\"@id\":\"https:\\\/\\\/www.tapasmagazine.es\\\/#organization\"},\"potentialAction\":[{\"@type\":\"SearchAction\",\"target\":{\"@type\":\"EntryPoint\",\"urlTemplate\":\"https:\\\/\\\/www.tapasmagazine.es\\\/?s={search_term_string}\"},\"query-input\":{\"@type\":\"PropertyValueSpecification\",\"valueRequired\":true,\"valueName\":\"search_term_string\"}}],\"inLanguage\":\"en-US\"},{\"@type\":\"Organization\",\"@id\":\"https:\\\/\\\/www.tapasmagazine.es\\\/#organization\",\"name\":\"Tapas Magazine\",\"url\":\"https:\\\/\\\/www.tapasmagazine.es\\\/\",\"logo\":{\"@type\":\"ImageObject\",\"inLanguage\":\"en-US\",\"@id\":\"https:\\\/\\\/www.tapasmagazine.es\\\/#\\\/schema\\\/logo\\\/image\\\/\",\"url\":\"https:\\\/\\\/www.tapasmagazine.es\\\/wp-content\\\/uploads\\\/2018\\\/01\\\/logo.png\",\"contentUrl\":\"https:\\\/\\\/www.tapasmagazine.es\\\/wp-content\\\/uploads\\\/2018\\\/01\\\/logo.png\",\"width\":180,\"height\":60,\"caption\":\"Tapas Magazine\"},\"image\":{\"@id\":\"https:\\\/\\\/www.tapasmagazine.es\\\/#\\\/schema\\\/logo\\\/image\\\/\"},\"sameAs\":[\"https:\\\/\\\/www.facebook.com\\\/tapasmagazine\",\"https:\\\/\\\/x.com\\\/TapasMagazine\",\"https:\\\/\\\/www.instagram.com\\\/tapasmagazine\\\/\",\"https:\\\/\\\/www.linkedin.com\\\/company\\\/tapas-magazine\",\"https:\\\/\\\/es.pinterest.com\\\/tapasmagazine\\\/\",\"https:\\\/\\\/www.youtube.com\\\/channel\\\/UCEyxneAaACuR0lfDagrWjjg?sub_confirmation=1\"]},{\"@type\":\"Person\",\"@id\":\"https:\\\/\\\/www.tapasmagazine.es\\\/#\\\/schema\\\/person\\\/eb46cbe76a9c8f062660eb609e3ecb4e\",\"name\":\"Laura P\u00e9rez\",\"url\":\"https:\\\/\\\/www.tapasmagazine.es\\\/en\\\/author\\\/laura-perez\\\/\"}]}<\/script>\n<!-- \/ Yoast SEO plugin. -->","yoast_head_json":{"title":"Louis Vuitton opens an ice cream shop in Tuscany - Tapas","description":"Click here to read the Spanish version. The Tuscan summer will never be the same with Louis Vuitton's new seasonal ice cream shop. It will be much sweeter","robots":{"index":"index","follow":"follow","max-snippet":"max-snippet:-1","max-image-preview":"max-image-preview:large","max-video-preview":"max-video-preview:-1"},"canonical":"https:\/\/www.tapasmagazine.es\/en\/louis-vuitton-opens-an-ice-cream-shop-in-tuscany\/","og_locale":"en_US","og_type":"article","og_title":"Louis Vuitton opens an ice cream shop in Tuscany - Tapas","og_description":"Click here to read the Spanish version. The Tuscan summer will never be the same with Louis Vuitton's new seasonal ice cream shop. It will be much sweeter","og_url":"https:\/\/www.tapasmagazine.es\/en\/louis-vuitton-opens-an-ice-cream-shop-in-tuscany\/","og_site_name":"Tapas","article_publisher":"https:\/\/www.facebook.com\/tapasmagazine","article_published_time":"2025-06-06T08:44:39+00:00","article_modified_time":"2025-06-06T08:49:53+00:00","og_image":[{"width":1200,"height":675,"url":"https:\/\/www.tapasmagazine.es\/wp-content\/uploads\/2025\/06\/louis-vuitton.jpg","type":"image\/jpeg"}],"author":"Laura P\u00e9rez","twitter_card":"summary_large_image","twitter_creator":"@TapasMagazine","twitter_site":"@TapasMagazine","twitter_misc":{"Written by":"Laura P\u00e9rez","Est. reading time":"2 minutes"},"schema":{"@context":"https:\/\/schema.org","@graph":[{"@type":"Article","@id":"https:\/\/www.tapasmagazine.es\/en\/louis-vuitton-opens-an-ice-cream-shop-in-tuscany\/#article","isPartOf":{"@id":"https:\/\/www.tapasmagazine.es\/en\/louis-vuitton-opens-an-ice-cream-shop-in-tuscany\/"},"author":{"name":"Laura P\u00e9rez","@id":"https:\/\/www.tapasmagazine.es\/#\/schema\/person\/eb46cbe76a9c8f062660eb609e3ecb4e"},"headline":"Louis Vuitton opens an ice cream shop in Tuscany","datePublished":"2025-06-06T08:44:39+00:00","dateModified":"2025-06-06T08:49:53+00:00","mainEntityOfPage":{"@id":"https:\/\/www.tapasmagazine.es\/en\/louis-vuitton-opens-an-ice-cream-shop-in-tuscany\/"},"wordCount":194,"publisher":{"@id":"https:\/\/www.tapasmagazine.es\/#organization"},"image":{"@id":"https:\/\/www.tapasmagazine.es\/en\/louis-vuitton-opens-an-ice-cream-shop-in-tuscany\/#primaryimage"},"thumbnailUrl":"https:\/\/www.tapasmagazine.es\/wp-content\/uploads\/2025\/06\/louis-vuitton.jpg","keywords":["helader\u00eda","Louis Vuitton"],"articleSection":["Gastro","Sin categorizar"],"inLanguage":"en-US"},{"@type":"WebPage","@id":"https:\/\/www.tapasmagazine.es\/en\/louis-vuitton-opens-an-ice-cream-shop-in-tuscany\/","url":"https:\/\/www.tapasmagazine.es\/en\/louis-vuitton-opens-an-ice-cream-shop-in-tuscany\/","name":"Louis Vuitton opens an ice cream shop in Tuscany - Tapas","isPartOf":{"@id":"https:\/\/www.tapasmagazine.es\/#website"},"primaryImageOfPage":{"@id":"https:\/\/www.tapasmagazine.es\/en\/louis-vuitton-opens-an-ice-cream-shop-in-tuscany\/#primaryimage"},"image":{"@id":"https:\/\/www.tapasmagazine.es\/en\/louis-vuitton-opens-an-ice-cream-shop-in-tuscany\/#primaryimage"},"thumbnailUrl":"https:\/\/www.tapasmagazine.es\/wp-content\/uploads\/2025\/06\/louis-vuitton.jpg","datePublished":"2025-06-06T08:44:39+00:00","dateModified":"2025-06-06T08:49:53+00:00","description":"Click here to read the Spanish version. The Tuscan summer will never be the same with Louis Vuitton's new seasonal ice cream shop. It will be much sweeter","breadcrumb":{"@id":"https:\/\/www.tapasmagazine.es\/en\/louis-vuitton-opens-an-ice-cream-shop-in-tuscany\/#breadcrumb"},"inLanguage":"en-US","potentialAction":[{"@type":"ReadAction","target":["https:\/\/www.tapasmagazine.es\/en\/louis-vuitton-opens-an-ice-cream-shop-in-tuscany\/"]}]},{"@type":"ImageObject","inLanguage":"en-US","@id":"https:\/\/www.tapasmagazine.es\/en\/louis-vuitton-opens-an-ice-cream-shop-in-tuscany\/#primaryimage","url":"https:\/\/www.tapasmagazine.es\/wp-content\/uploads\/2025\/06\/louis-vuitton.jpg","contentUrl":"https:\/\/www.tapasmagazine.es\/wp-content\/uploads\/2025\/06\/louis-vuitton.jpg","width":1200,"height":675},{"@type":"BreadcrumbList","@id":"https:\/\/www.tapasmagazine.es\/en\/louis-vuitton-opens-an-ice-cream-shop-in-tuscany\/#breadcrumb","itemListElement":[{"@type":"ListItem","position":1,"name":"Portada","item":"https:\/\/www.tapasmagazine.es\/"},{"@type":"ListItem","position":2,"name":"Gastro","item":"https:\/\/www.tapasmagazine.es\/categorias\/gastro\/"},{"@type":"ListItem","position":3,"name":"Louis Vuitton opens an ice cream shop in Tuscany"}]},{"@type":"WebSite","@id":"https:\/\/www.tapasmagazine.es\/#website","url":"https:\/\/www.tapasmagazine.es\/","name":"Tapas","description":"\u00d1am \u00d1am Lifestyle. La vida a bocados. Premio Nacional de Gastronom\u00eda 2016.","publisher":{"@id":"https:\/\/www.tapasmagazine.es\/#organization"},"potentialAction":[{"@type":"SearchAction","target":{"@type":"EntryPoint","urlTemplate":"https:\/\/www.tapasmagazine.es\/?s={search_term_string}"},"query-input":{"@type":"PropertyValueSpecification","valueRequired":true,"valueName":"search_term_string"}}],"inLanguage":"en-US"},{"@type":"Organization","@id":"https:\/\/www.tapasmagazine.es\/#organization","name":"Tapas Magazine","url":"https:\/\/www.tapasmagazine.es\/","logo":{"@type":"ImageObject","inLanguage":"en-US","@id":"https:\/\/www.tapasmagazine.es\/#\/schema\/logo\/image\/","url":"https:\/\/www.tapasmagazine.es\/wp-content\/uploads\/2018\/01\/logo.png","contentUrl":"https:\/\/www.tapasmagazine.es\/wp-content\/uploads\/2018\/01\/logo.png","width":180,"height":60,"caption":"Tapas Magazine"},"image":{"@id":"https:\/\/www.tapasmagazine.es\/#\/schema\/logo\/image\/"},"sameAs":["https:\/\/www.facebook.com\/tapasmagazine","https:\/\/x.com\/TapasMagazine","https:\/\/www.instagram.com\/tapasmagazine\/","https:\/\/www.linkedin.com\/company\/tapas-magazine","https:\/\/es.pinterest.com\/tapasmagazine\/","https:\/\/www.youtube.com\/channel\/UCEyxneAaACuR0lfDagrWjjg?sub_confirmation=1"]},{"@type":"Person","@id":"https:\/\/www.tapasmagazine.es\/#\/schema\/person\/eb46cbe76a9c8f062660eb609e3ecb4e","name":"Laura P\u00e9rez","url":"https:\/\/www.tapasmagazine.es\/en\/author\/laura-perez\/"}]}},"_links":{"self":[{"href":"https:\/\/www.tapasmagazine.es\/en\/wp-json\/wp\/v2\/posts\/293577","targetHints":{"allow":["GET"]}}],"collection":[{"href":"https:\/\/www.tapasmagazine.es\/en\/wp-json\/wp\/v2\/posts"}],"about":[{"href":"https:\/\/www.tapasmagazine.es\/en\/wp-json\/wp\/v2\/types\/post"}],"author":[{"embeddable":true,"href":"https:\/\/www.tapasmagazine.es\/en\/wp-json\/wp\/v2\/users\/285"}],"replies":[{"embeddable":true,"href":"https:\/\/www.tapasmagazine.es\/en\/wp-json\/wp\/v2\/comments?post=293577"}],"version-history":[{"count":2,"href":"https:\/\/www.tapasmagazine.es\/en\/wp-json\/wp\/v2\/posts\/293577\/revisions"}],"predecessor-version":[{"id":293588,"href":"https:\/\/www.tapasmagazine.es\/en\/wp-json\/wp\/v2\/posts\/293577\/revisions\/293588"}],"wp:featuredmedia":[{"embeddable":true,"href":"https:\/\/www.tapasmagazine.es\/en\/wp-json\/wp\/v2\/media\/293545"}],"wp:attachment":[{"href":"https:\/\/www.tapasmagazine.es\/en\/wp-json\/wp\/v2\/media?parent=293577"}],"wp:term":[{"taxonomy":"category","embeddable":true,"href":"https:\/\/www.tapasmagazine.es\/en\/wp-json\/wp\/v2\/categories?post=293577"},{"taxonomy":"post_tag","embeddable":true,"href":"https:\/\/www.tapasmagazine.es\/en\/wp-json\/wp\/v2\/tags?post=293577"}],"curies":[{"name":"wp","href":"https:\/\/api.w.org\/{rel}","templated":true}]}}