{"id":292159,"date":"2025-05-26T17:51:12","date_gmt":"2025-05-26T15:51:12","guid":{"rendered":"https:\/\/www.tapasmagazine.es\/bruselas-ya-tiene-un-museo-dedicado-a-las-patatas-fritas\/"},"modified":"2025-05-26T17:54:39","modified_gmt":"2025-05-26T15:54:39","slug":"brussels-now-has-a-museum-dedicated-to-french-fries","status":"publish","type":"post","link":"https:\/\/www.tapasmagazine.es\/en\/brussels-now-has-a-museum-dedicated-to-french-fries\/","title":{"rendered":"Brussels now has a museum dedicated to French fries"},"content":{"rendered":"\n<p><strong>Click\u00a0<a href=\"https:\/\/www.tapasmagazine.es\/en\/brussels-now-has-a-museum-dedicated-to-french-fries\/\" target=\"_blank\" rel=\"noreferrer noopener\">here<\/a>\u00a0to read the Spanish version.<\/strong><\/p>\n\n\n\n<p>The<strong> Belgian fries<\/strong> are no longer just eaten and admired from behind its friterie kiosks. They are now also displayed as works of art to be worshipped in a museum dedicated to this symbol of Brussels&#8217; culinary heritage.<\/p>\n\n\n\n<p>\u2018Located in the heart of Brussels, our unique museum invites you to discover the origins, culture and secrets of the making of this world-famous dish,\u2019 the museum itself describes the experience.<\/p>\n\n\n\n<figure class=\"wp-block-gallery has-nested-images columns-default is-cropped wp-block-gallery-1 is-layout-flex wp-block-gallery-is-layout-flex\">\n<figure class=\"wp-block-image size-large\"><img decoding=\"async\" width=\"800\" height=\"532\" data-id=\"292152\" src=\"https:\/\/www.tapasmagazine.es\/wp-content\/uploads\/2025\/05\/frietmuseum_16_en.jpg\" alt=\"\" class=\"wp-image-292152\" srcset=\"https:\/\/www.tapasmagazine.es\/wp-content\/uploads\/2025\/05\/frietmuseum_16_en.jpg 800w, https:\/\/www.tapasmagazine.es\/wp-content\/uploads\/2025\/05\/frietmuseum_16_en-300x200.jpg 300w, https:\/\/www.tapasmagazine.es\/wp-content\/uploads\/2025\/05\/frietmuseum_16_en-768x511.jpg 768w, https:\/\/www.tapasmagazine.es\/wp-content\/uploads\/2025\/05\/frietmuseum_16_en-400x266.jpg 400w\" sizes=\"(max-width: 800px) 100vw, 800px\" \/><\/figure>\n\n\n\n<figure class=\"wp-block-image size-large\"><img decoding=\"async\" width=\"532\" height=\"800\" data-id=\"292151\" src=\"https:\/\/www.tapasmagazine.es\/wp-content\/uploads\/2025\/05\/frietmuseum_15_en.jpg\" alt=\"\" class=\"wp-image-292151\" srcset=\"https:\/\/www.tapasmagazine.es\/wp-content\/uploads\/2025\/05\/frietmuseum_15_en.jpg 532w, https:\/\/www.tapasmagazine.es\/wp-content\/uploads\/2025\/05\/frietmuseum_15_en-200x300.jpg 200w, https:\/\/www.tapasmagazine.es\/wp-content\/uploads\/2025\/05\/frietmuseum_15_en-400x602.jpg 400w\" sizes=\"(max-width: 532px) 100vw, 532px\" \/><\/figure>\n<\/figure>\n\n\n\n<p>In the interactive space of the <strong>Frietmuseum Brussels<\/strong>, visitors can explore the culture and history of the French fry, discovering how it became the star of Belgian fried foods. Also the myth of these potatoes and their true origins. Not forgetting the various double-cooking techniques and the secrets to making them to perfection, as well as rare objects such as vintage fryers, sculptures and a video game in which you can shoot potatoes.<\/p>\n\n\n\n<figure class=\"wp-block-image size-full\"><img decoding=\"async\" width=\"800\" height=\"532\" src=\"https:\/\/www.tapasmagazine.es\/wp-content\/uploads\/2025\/05\/frietmuseum_09_en.jpg\" alt=\"\" class=\"wp-image-292149\" srcset=\"https:\/\/www.tapasmagazine.es\/wp-content\/uploads\/2025\/05\/frietmuseum_09_en.jpg 800w, https:\/\/www.tapasmagazine.es\/wp-content\/uploads\/2025\/05\/frietmuseum_09_en-300x200.jpg 300w, https:\/\/www.tapasmagazine.es\/wp-content\/uploads\/2025\/05\/frietmuseum_09_en-768x511.jpg 768w, https:\/\/www.tapasmagazine.es\/wp-content\/uploads\/2025\/05\/frietmuseum_09_en-400x266.jpg 400w\" sizes=\"(max-width: 800px) 100vw, 800px\" \/><\/figure>\n\n\n\n<p>The founding family of this new culinary museum is the <strong>Van Bell<\/strong> family, the same as that of the legendary Choco-Story chocolate museum, who have now wanted to pay homage to this Belgian culinary emblem with a touch of humour and fun.<\/p>\n","protected":false},"excerpt":{"rendered":"<p>Click\u00a0here\u00a0to read the Spanish version. The Belgian fries are no longer just eaten and admired from behind its friterie kiosks. They are now also displayed as works of art to be worshipped in a museum dedicated to this symbol of Brussels&#8217; culinary heritage. \u2018Located in the heart of Brussels, our unique museum invites you to [&hellip;]<\/p>\n","protected":false},"author":285,"featured_media":292144,"comment_status":"closed","ping_status":"closed","sticky":false,"template":"","format":"standard","meta":{"_acf_changed":false,"footnotes":""},"categories":[18831,1],"tags":[19620,17908],"class_list":["post-292159","post","type-post","status-publish","format-standard","has-post-thumbnail","hentry","category-lifestyle-en","category-sin-categorizar","tag-bruselas-en","tag-patatas-fritas-en","cat-18831-id","cat-1-id"],"acf":[],"yoast_head":"<!-- This site is optimized with the Yoast SEO plugin v27.4 - https:\/\/yoast.com\/product\/yoast-seo-wordpress\/ -->\n<title>Brussels now has a museum dedicated to French fries - Tapas<\/title>\n<meta name=\"description\" content=\"Click\u00a0here\u00a0to read the Spanish version. The Belgian fries are no longer just eaten and admired from behind its friterie kiosks. They are now also\" \/>\n<meta name=\"robots\" content=\"index, follow, max-snippet:-1, max-image-preview:large, max-video-preview:-1\" \/>\n<link rel=\"canonical\" href=\"https:\/\/www.tapasmagazine.es\/en\/brussels-now-has-a-museum-dedicated-to-french-fries\/\" \/>\n<meta property=\"og:locale\" content=\"en_US\" \/>\n<meta property=\"og:type\" content=\"article\" \/>\n<meta property=\"og:title\" content=\"Brussels now has a museum dedicated to French fries - Tapas\" \/>\n<meta property=\"og:description\" content=\"Click\u00a0here\u00a0to read the Spanish version. The Belgian fries are no longer just eaten and admired from behind its friterie kiosks. They are now also\" \/>\n<meta property=\"og:url\" content=\"https:\/\/www.tapasmagazine.es\/en\/brussels-now-has-a-museum-dedicated-to-french-fries\/\" \/>\n<meta property=\"og:site_name\" content=\"Tapas\" \/>\n<meta property=\"article:publisher\" content=\"https:\/\/www.facebook.com\/tapasmagazine\" \/>\n<meta property=\"article:published_time\" content=\"2025-05-26T15:51:12+00:00\" \/>\n<meta property=\"article:modified_time\" content=\"2025-05-26T15:54:39+00:00\" \/>\n<meta property=\"og:image\" content=\"https:\/\/www.tapasmagazine.es\/wp-content\/uploads\/2025\/05\/museo-patatas.jpg\" \/>\n\t<meta property=\"og:image:width\" content=\"1200\" \/>\n\t<meta property=\"og:image:height\" content=\"675\" \/>\n\t<meta property=\"og:image:type\" content=\"image\/jpeg\" \/>\n<meta name=\"author\" content=\"Laura P\u00e9rez\" \/>\n<meta name=\"twitter:card\" content=\"summary_large_image\" \/>\n<meta name=\"twitter:creator\" content=\"@TapasMagazine\" \/>\n<meta name=\"twitter:site\" content=\"@TapasMagazine\" \/>\n<meta name=\"twitter:label1\" content=\"Written by\" \/>\n\t<meta name=\"twitter:data1\" content=\"Laura P\u00e9rez\" \/>\n\t<meta name=\"twitter:label2\" content=\"Est. reading time\" \/>\n\t<meta name=\"twitter:data2\" content=\"2 minutes\" \/>\n<script type=\"application\/ld+json\" class=\"yoast-schema-graph\">{\"@context\":\"https:\\\/\\\/schema.org\",\"@graph\":[{\"@type\":\"Article\",\"@id\":\"https:\\\/\\\/www.tapasmagazine.es\\\/en\\\/brussels-now-has-a-museum-dedicated-to-french-fries\\\/#article\",\"isPartOf\":{\"@id\":\"https:\\\/\\\/www.tapasmagazine.es\\\/en\\\/brussels-now-has-a-museum-dedicated-to-french-fries\\\/\"},\"author\":{\"name\":\"Laura P\u00e9rez\",\"@id\":\"https:\\\/\\\/www.tapasmagazine.es\\\/#\\\/schema\\\/person\\\/eb46cbe76a9c8f062660eb609e3ecb4e\"},\"headline\":\"Brussels now has a museum dedicated to French fries\",\"datePublished\":\"2025-05-26T15:51:12+00:00\",\"dateModified\":\"2025-05-26T15:54:39+00:00\",\"mainEntityOfPage\":{\"@id\":\"https:\\\/\\\/www.tapasmagazine.es\\\/en\\\/brussels-now-has-a-museum-dedicated-to-french-fries\\\/\"},\"wordCount\":200,\"publisher\":{\"@id\":\"https:\\\/\\\/www.tapasmagazine.es\\\/#organization\"},\"image\":{\"@id\":\"https:\\\/\\\/www.tapasmagazine.es\\\/en\\\/brussels-now-has-a-museum-dedicated-to-french-fries\\\/#primaryimage\"},\"thumbnailUrl\":\"https:\\\/\\\/www.tapasmagazine.es\\\/wp-content\\\/uploads\\\/2025\\\/05\\\/museo-patatas.jpg\",\"keywords\":[\"Bruselas\",\"patatas fritas\"],\"articleSection\":[\"Lifestyle\",\"Sin categorizar\"],\"inLanguage\":\"en-US\"},{\"@type\":\"WebPage\",\"@id\":\"https:\\\/\\\/www.tapasmagazine.es\\\/en\\\/brussels-now-has-a-museum-dedicated-to-french-fries\\\/\",\"url\":\"https:\\\/\\\/www.tapasmagazine.es\\\/en\\\/brussels-now-has-a-museum-dedicated-to-french-fries\\\/\",\"name\":\"Brussels now has a museum dedicated to French fries - Tapas\",\"isPartOf\":{\"@id\":\"https:\\\/\\\/www.tapasmagazine.es\\\/#website\"},\"primaryImageOfPage\":{\"@id\":\"https:\\\/\\\/www.tapasmagazine.es\\\/en\\\/brussels-now-has-a-museum-dedicated-to-french-fries\\\/#primaryimage\"},\"image\":{\"@id\":\"https:\\\/\\\/www.tapasmagazine.es\\\/en\\\/brussels-now-has-a-museum-dedicated-to-french-fries\\\/#primaryimage\"},\"thumbnailUrl\":\"https:\\\/\\\/www.tapasmagazine.es\\\/wp-content\\\/uploads\\\/2025\\\/05\\\/museo-patatas.jpg\",\"datePublished\":\"2025-05-26T15:51:12+00:00\",\"dateModified\":\"2025-05-26T15:54:39+00:00\",\"description\":\"Click\u00a0here\u00a0to read the Spanish version. The Belgian fries are no longer just eaten and admired from behind its friterie kiosks. They are now also\",\"breadcrumb\":{\"@id\":\"https:\\\/\\\/www.tapasmagazine.es\\\/en\\\/brussels-now-has-a-museum-dedicated-to-french-fries\\\/#breadcrumb\"},\"inLanguage\":\"en-US\",\"potentialAction\":[{\"@type\":\"ReadAction\",\"target\":[\"https:\\\/\\\/www.tapasmagazine.es\\\/en\\\/brussels-now-has-a-museum-dedicated-to-french-fries\\\/\"]}]},{\"@type\":\"ImageObject\",\"inLanguage\":\"en-US\",\"@id\":\"https:\\\/\\\/www.tapasmagazine.es\\\/en\\\/brussels-now-has-a-museum-dedicated-to-french-fries\\\/#primaryimage\",\"url\":\"https:\\\/\\\/www.tapasmagazine.es\\\/wp-content\\\/uploads\\\/2025\\\/05\\\/museo-patatas.jpg\",\"contentUrl\":\"https:\\\/\\\/www.tapasmagazine.es\\\/wp-content\\\/uploads\\\/2025\\\/05\\\/museo-patatas.jpg\",\"width\":1200,\"height\":675},{\"@type\":\"BreadcrumbList\",\"@id\":\"https:\\\/\\\/www.tapasmagazine.es\\\/en\\\/brussels-now-has-a-museum-dedicated-to-french-fries\\\/#breadcrumb\",\"itemListElement\":[{\"@type\":\"ListItem\",\"position\":1,\"name\":\"Portada\",\"item\":\"https:\\\/\\\/www.tapasmagazine.es\\\/\"},{\"@type\":\"ListItem\",\"position\":2,\"name\":\"Lifestyle\",\"item\":\"https:\\\/\\\/www.tapasmagazine.es\\\/categorias\\\/lifestyle\\\/\"},{\"@type\":\"ListItem\",\"position\":3,\"name\":\"Brussels now has a museum dedicated to French fries\"}]},{\"@type\":\"WebSite\",\"@id\":\"https:\\\/\\\/www.tapasmagazine.es\\\/#website\",\"url\":\"https:\\\/\\\/www.tapasmagazine.es\\\/\",\"name\":\"Tapas\",\"description\":\"\u00d1am \u00d1am Lifestyle. La vida a bocados. Premio Nacional de Gastronom\u00eda 2016.\",\"publisher\":{\"@id\":\"https:\\\/\\\/www.tapasmagazine.es\\\/#organization\"},\"potentialAction\":[{\"@type\":\"SearchAction\",\"target\":{\"@type\":\"EntryPoint\",\"urlTemplate\":\"https:\\\/\\\/www.tapasmagazine.es\\\/?s={search_term_string}\"},\"query-input\":{\"@type\":\"PropertyValueSpecification\",\"valueRequired\":true,\"valueName\":\"search_term_string\"}}],\"inLanguage\":\"en-US\"},{\"@type\":\"Organization\",\"@id\":\"https:\\\/\\\/www.tapasmagazine.es\\\/#organization\",\"name\":\"Tapas Magazine\",\"url\":\"https:\\\/\\\/www.tapasmagazine.es\\\/\",\"logo\":{\"@type\":\"ImageObject\",\"inLanguage\":\"en-US\",\"@id\":\"https:\\\/\\\/www.tapasmagazine.es\\\/#\\\/schema\\\/logo\\\/image\\\/\",\"url\":\"https:\\\/\\\/www.tapasmagazine.es\\\/wp-content\\\/uploads\\\/2018\\\/01\\\/logo.png\",\"contentUrl\":\"https:\\\/\\\/www.tapasmagazine.es\\\/wp-content\\\/uploads\\\/2018\\\/01\\\/logo.png\",\"width\":180,\"height\":60,\"caption\":\"Tapas Magazine\"},\"image\":{\"@id\":\"https:\\\/\\\/www.tapasmagazine.es\\\/#\\\/schema\\\/logo\\\/image\\\/\"},\"sameAs\":[\"https:\\\/\\\/www.facebook.com\\\/tapasmagazine\",\"https:\\\/\\\/x.com\\\/TapasMagazine\",\"https:\\\/\\\/www.instagram.com\\\/tapasmagazine\\\/\",\"https:\\\/\\\/www.linkedin.com\\\/company\\\/tapas-magazine\",\"https:\\\/\\\/es.pinterest.com\\\/tapasmagazine\\\/\",\"https:\\\/\\\/www.youtube.com\\\/channel\\\/UCEyxneAaACuR0lfDagrWjjg?sub_confirmation=1\"]},{\"@type\":\"Person\",\"@id\":\"https:\\\/\\\/www.tapasmagazine.es\\\/#\\\/schema\\\/person\\\/eb46cbe76a9c8f062660eb609e3ecb4e\",\"name\":\"Laura P\u00e9rez\",\"url\":\"https:\\\/\\\/www.tapasmagazine.es\\\/en\\\/author\\\/laura-perez\\\/\"}]}<\/script>\n<!-- \/ Yoast SEO plugin. -->","yoast_head_json":{"title":"Brussels now has a museum dedicated to French fries - Tapas","description":"Click\u00a0here\u00a0to read the Spanish version. The Belgian fries are no longer just eaten and admired from behind its friterie kiosks. They are now also","robots":{"index":"index","follow":"follow","max-snippet":"max-snippet:-1","max-image-preview":"max-image-preview:large","max-video-preview":"max-video-preview:-1"},"canonical":"https:\/\/www.tapasmagazine.es\/en\/brussels-now-has-a-museum-dedicated-to-french-fries\/","og_locale":"en_US","og_type":"article","og_title":"Brussels now has a museum dedicated to French fries - Tapas","og_description":"Click\u00a0here\u00a0to read the Spanish version. The Belgian fries are no longer just eaten and admired from behind its friterie kiosks. They are now also","og_url":"https:\/\/www.tapasmagazine.es\/en\/brussels-now-has-a-museum-dedicated-to-french-fries\/","og_site_name":"Tapas","article_publisher":"https:\/\/www.facebook.com\/tapasmagazine","article_published_time":"2025-05-26T15:51:12+00:00","article_modified_time":"2025-05-26T15:54:39+00:00","og_image":[{"width":1200,"height":675,"url":"https:\/\/www.tapasmagazine.es\/wp-content\/uploads\/2025\/05\/museo-patatas.jpg","type":"image\/jpeg"}],"author":"Laura P\u00e9rez","twitter_card":"summary_large_image","twitter_creator":"@TapasMagazine","twitter_site":"@TapasMagazine","twitter_misc":{"Written by":"Laura P\u00e9rez","Est. reading time":"2 minutes"},"schema":{"@context":"https:\/\/schema.org","@graph":[{"@type":"Article","@id":"https:\/\/www.tapasmagazine.es\/en\/brussels-now-has-a-museum-dedicated-to-french-fries\/#article","isPartOf":{"@id":"https:\/\/www.tapasmagazine.es\/en\/brussels-now-has-a-museum-dedicated-to-french-fries\/"},"author":{"name":"Laura P\u00e9rez","@id":"https:\/\/www.tapasmagazine.es\/#\/schema\/person\/eb46cbe76a9c8f062660eb609e3ecb4e"},"headline":"Brussels now has a museum dedicated to French fries","datePublished":"2025-05-26T15:51:12+00:00","dateModified":"2025-05-26T15:54:39+00:00","mainEntityOfPage":{"@id":"https:\/\/www.tapasmagazine.es\/en\/brussels-now-has-a-museum-dedicated-to-french-fries\/"},"wordCount":200,"publisher":{"@id":"https:\/\/www.tapasmagazine.es\/#organization"},"image":{"@id":"https:\/\/www.tapasmagazine.es\/en\/brussels-now-has-a-museum-dedicated-to-french-fries\/#primaryimage"},"thumbnailUrl":"https:\/\/www.tapasmagazine.es\/wp-content\/uploads\/2025\/05\/museo-patatas.jpg","keywords":["Bruselas","patatas fritas"],"articleSection":["Lifestyle","Sin categorizar"],"inLanguage":"en-US"},{"@type":"WebPage","@id":"https:\/\/www.tapasmagazine.es\/en\/brussels-now-has-a-museum-dedicated-to-french-fries\/","url":"https:\/\/www.tapasmagazine.es\/en\/brussels-now-has-a-museum-dedicated-to-french-fries\/","name":"Brussels now has a museum dedicated to French fries - Tapas","isPartOf":{"@id":"https:\/\/www.tapasmagazine.es\/#website"},"primaryImageOfPage":{"@id":"https:\/\/www.tapasmagazine.es\/en\/brussels-now-has-a-museum-dedicated-to-french-fries\/#primaryimage"},"image":{"@id":"https:\/\/www.tapasmagazine.es\/en\/brussels-now-has-a-museum-dedicated-to-french-fries\/#primaryimage"},"thumbnailUrl":"https:\/\/www.tapasmagazine.es\/wp-content\/uploads\/2025\/05\/museo-patatas.jpg","datePublished":"2025-05-26T15:51:12+00:00","dateModified":"2025-05-26T15:54:39+00:00","description":"Click\u00a0here\u00a0to read the Spanish version. The Belgian fries are no longer just eaten and admired from behind its friterie kiosks. They are now also","breadcrumb":{"@id":"https:\/\/www.tapasmagazine.es\/en\/brussels-now-has-a-museum-dedicated-to-french-fries\/#breadcrumb"},"inLanguage":"en-US","potentialAction":[{"@type":"ReadAction","target":["https:\/\/www.tapasmagazine.es\/en\/brussels-now-has-a-museum-dedicated-to-french-fries\/"]}]},{"@type":"ImageObject","inLanguage":"en-US","@id":"https:\/\/www.tapasmagazine.es\/en\/brussels-now-has-a-museum-dedicated-to-french-fries\/#primaryimage","url":"https:\/\/www.tapasmagazine.es\/wp-content\/uploads\/2025\/05\/museo-patatas.jpg","contentUrl":"https:\/\/www.tapasmagazine.es\/wp-content\/uploads\/2025\/05\/museo-patatas.jpg","width":1200,"height":675},{"@type":"BreadcrumbList","@id":"https:\/\/www.tapasmagazine.es\/en\/brussels-now-has-a-museum-dedicated-to-french-fries\/#breadcrumb","itemListElement":[{"@type":"ListItem","position":1,"name":"Portada","item":"https:\/\/www.tapasmagazine.es\/"},{"@type":"ListItem","position":2,"name":"Lifestyle","item":"https:\/\/www.tapasmagazine.es\/categorias\/lifestyle\/"},{"@type":"ListItem","position":3,"name":"Brussels now has a museum dedicated to French fries"}]},{"@type":"WebSite","@id":"https:\/\/www.tapasmagazine.es\/#website","url":"https:\/\/www.tapasmagazine.es\/","name":"Tapas","description":"\u00d1am \u00d1am Lifestyle. La vida a bocados. Premio Nacional de Gastronom\u00eda 2016.","publisher":{"@id":"https:\/\/www.tapasmagazine.es\/#organization"},"potentialAction":[{"@type":"SearchAction","target":{"@type":"EntryPoint","urlTemplate":"https:\/\/www.tapasmagazine.es\/?s={search_term_string}"},"query-input":{"@type":"PropertyValueSpecification","valueRequired":true,"valueName":"search_term_string"}}],"inLanguage":"en-US"},{"@type":"Organization","@id":"https:\/\/www.tapasmagazine.es\/#organization","name":"Tapas Magazine","url":"https:\/\/www.tapasmagazine.es\/","logo":{"@type":"ImageObject","inLanguage":"en-US","@id":"https:\/\/www.tapasmagazine.es\/#\/schema\/logo\/image\/","url":"https:\/\/www.tapasmagazine.es\/wp-content\/uploads\/2018\/01\/logo.png","contentUrl":"https:\/\/www.tapasmagazine.es\/wp-content\/uploads\/2018\/01\/logo.png","width":180,"height":60,"caption":"Tapas Magazine"},"image":{"@id":"https:\/\/www.tapasmagazine.es\/#\/schema\/logo\/image\/"},"sameAs":["https:\/\/www.facebook.com\/tapasmagazine","https:\/\/x.com\/TapasMagazine","https:\/\/www.instagram.com\/tapasmagazine\/","https:\/\/www.linkedin.com\/company\/tapas-magazine","https:\/\/es.pinterest.com\/tapasmagazine\/","https:\/\/www.youtube.com\/channel\/UCEyxneAaACuR0lfDagrWjjg?sub_confirmation=1"]},{"@type":"Person","@id":"https:\/\/www.tapasmagazine.es\/#\/schema\/person\/eb46cbe76a9c8f062660eb609e3ecb4e","name":"Laura P\u00e9rez","url":"https:\/\/www.tapasmagazine.es\/en\/author\/laura-perez\/"}]}},"_links":{"self":[{"href":"https:\/\/www.tapasmagazine.es\/en\/wp-json\/wp\/v2\/posts\/292159","targetHints":{"allow":["GET"]}}],"collection":[{"href":"https:\/\/www.tapasmagazine.es\/en\/wp-json\/wp\/v2\/posts"}],"about":[{"href":"https:\/\/www.tapasmagazine.es\/en\/wp-json\/wp\/v2\/types\/post"}],"author":[{"embeddable":true,"href":"https:\/\/www.tapasmagazine.es\/en\/wp-json\/wp\/v2\/users\/285"}],"replies":[{"embeddable":true,"href":"https:\/\/www.tapasmagazine.es\/en\/wp-json\/wp\/v2\/comments?post=292159"}],"version-history":[{"count":2,"href":"https:\/\/www.tapasmagazine.es\/en\/wp-json\/wp\/v2\/posts\/292159\/revisions"}],"predecessor-version":[{"id":292169,"href":"https:\/\/www.tapasmagazine.es\/en\/wp-json\/wp\/v2\/posts\/292159\/revisions\/292169"}],"wp:featuredmedia":[{"embeddable":true,"href":"https:\/\/www.tapasmagazine.es\/en\/wp-json\/wp\/v2\/media\/292144"}],"wp:attachment":[{"href":"https:\/\/www.tapasmagazine.es\/en\/wp-json\/wp\/v2\/media?parent=292159"}],"wp:term":[{"taxonomy":"category","embeddable":true,"href":"https:\/\/www.tapasmagazine.es\/en\/wp-json\/wp\/v2\/categories?post=292159"},{"taxonomy":"post_tag","embeddable":true,"href":"https:\/\/www.tapasmagazine.es\/en\/wp-json\/wp\/v2\/tags?post=292159"}],"curies":[{"name":"wp","href":"https:\/\/api.w.org\/{rel}","templated":true}]}}