{"id":291454,"date":"2025-05-21T16:21:58","date_gmt":"2025-05-21T14:21:58","guid":{"rendered":"https:\/\/www.tapasmagazine.es\/the-bear-revela-el-trailer-de-su-cuarta-temporada\/"},"modified":"2025-05-21T16:27:47","modified_gmt":"2025-05-21T14:27:47","slug":"the-bear-unveils-trailer-for-its-fourth-season","status":"publish","type":"post","link":"https:\/\/www.tapasmagazine.es\/en\/the-bear-unveils-trailer-for-its-fourth-season\/","title":{"rendered":"&#8216;The Bear&#8217; unveils trailer for its fourth season"},"content":{"rendered":"\n<p><strong>Click <a href=\"https:\/\/www.tapasmagazine.es\/en\/maxime-frederic-sculpts-louis-vuitton-easter-chocolates\/\" target=\"_blank\" rel=\"noreferrer noopener\">h<\/a><a href=\"https:\/\/www.tapasmagazine.es\/en\/the-bear-unveils-trailer-for-its-fourth-season\/\" target=\"_blank\" rel=\"noreferrer noopener\">ere<\/a> to read the Spanish version<\/strong>.<\/p>\n\n\n\n<p>The fourth season of \u2018<strong>The Bear<\/strong>\u2019 will premiere at the end of June to satisfy the audiovisual hunger of its community. Now, the trailer has just been unveiled that gives us a glimpse of some of the plots and\/or dramas of the upcoming episodes of the hit culinary series.<\/p>\n\n\n\n<p>The trailer focuses on the financial aspect of running a restaurant, highlighting a large and decadent <strong>clock<\/strong> in the kitchen that marks the countdown. In this sense, we can see how in one of the clips, Oliver Platt&#8217;s Uncle Jimmy tells Carmy that when the clock reaches zero, The Bear will have to close its doors, putting an end to that faithful portrayal generated in fiction of the kitchen in real life, and its tense and stressful atmosphere.<\/p>\n\n\n\n<figure class=\"wp-block-embed is-type-video is-provider-youtube wp-block-embed-youtube wp-embed-aspect-16-9 wp-has-aspect-ratio\"><div class=\"wp-block-embed__wrapper\">\n<iframe title=\"The Bear | Season 4 Official Trailer | Jeremy Allen White, Ayo Edebiri, Ebon Moss-Bachrach | FX\" width=\"640\" height=\"360\" src=\"https:\/\/www.youtube.com\/embed\/vOyRo-Yjr2Q?feature=oembed\" frameborder=\"0\" allow=\"accelerometer; autoplay; clipboard-write; encrypted-media; gyroscope; picture-in-picture; web-share\" referrerpolicy=\"strict-origin-when-cross-origin\" allowfullscreen><\/iframe>\n<\/div><\/figure>\n\n\n\n<p>With a combined total of over $800,000 owed between their initial $300,000 loan to help open the restaurant and another $500,000 for renovations made in season two, the stakes are high and it&#8217;s up to The Bear&#8217;s motley crew to keep the restaurant afloat or see it disappear forever.<\/p>\n\n\n\n<p>In the midst of that relentless fight against time, the group must take care of the diners at their fine dining restaurant, while battling their own personal challenges and chaos on that road to absolute success. In fact, the trailer opens with a voiceover from Carmy stating, \u201cPeople go to restaurants to be taken care of, to relax and not think about anything else for a few minutes.\u201d<\/p>\n","protected":false},"excerpt":{"rendered":"<p>Click here to read the Spanish version. The fourth season of \u2018The Bear\u2019 will premiere at the end of June to satisfy the audiovisual hunger of its community. Now, the trailer has just been unveiled that gives us a glimpse of some of the plots and\/or dramas of the upcoming episodes of the hit culinary [&hellip;]<\/p>\n","protected":false},"author":285,"featured_media":291451,"comment_status":"closed","ping_status":"closed","sticky":false,"template":"","format":"standard","meta":{"_acf_changed":false,"footnotes":""},"categories":[18831,1],"tags":[15903],"class_list":["post-291454","post","type-post","status-publish","format-standard","has-post-thumbnail","hentry","category-lifestyle-en","category-sin-categorizar","tag-the-bear-en","cat-18831-id","cat-1-id"],"acf":[],"yoast_head":"<!-- This site is optimized with the Yoast SEO plugin v27.4 - https:\/\/yoast.com\/product\/yoast-seo-wordpress\/ -->\n<title>&#039;The Bear&#039; unveils trailer for its fourth season - Tapas<\/title>\n<meta name=\"description\" content=\"Click here to read the Spanish version. The fourth season of \u2018The Bear\u2019 will premiere at the end of June to satisfy the audiovisual hunger of its\" \/>\n<meta name=\"robots\" content=\"index, follow, max-snippet:-1, max-image-preview:large, max-video-preview:-1\" \/>\n<link rel=\"canonical\" href=\"https:\/\/www.tapasmagazine.es\/en\/the-bear-unveils-trailer-for-its-fourth-season\/\" \/>\n<meta property=\"og:locale\" content=\"en_US\" \/>\n<meta property=\"og:type\" content=\"article\" \/>\n<meta property=\"og:title\" content=\"&#039;The Bear&#039; unveils trailer for its fourth season - Tapas\" \/>\n<meta property=\"og:description\" content=\"Click here to read the Spanish version. The fourth season of \u2018The Bear\u2019 will premiere at the end of June to satisfy the audiovisual hunger of its\" \/>\n<meta property=\"og:url\" content=\"https:\/\/www.tapasmagazine.es\/en\/the-bear-unveils-trailer-for-its-fourth-season\/\" \/>\n<meta property=\"og:site_name\" content=\"Tapas\" \/>\n<meta property=\"article:publisher\" content=\"https:\/\/www.facebook.com\/tapasmagazine\" \/>\n<meta property=\"article:published_time\" content=\"2025-05-21T14:21:58+00:00\" \/>\n<meta property=\"article:modified_time\" content=\"2025-05-21T14:27:47+00:00\" \/>\n<meta property=\"og:image\" content=\"https:\/\/www.tapasmagazine.es\/wp-content\/uploads\/2025\/05\/the-bear.jpg\" \/>\n\t<meta property=\"og:image:width\" content=\"1200\" \/>\n\t<meta property=\"og:image:height\" content=\"675\" \/>\n\t<meta property=\"og:image:type\" content=\"image\/jpeg\" \/>\n<meta name=\"author\" content=\"Laura P\u00e9rez\" \/>\n<meta name=\"twitter:card\" content=\"summary_large_image\" \/>\n<meta name=\"twitter:creator\" content=\"@TapasMagazine\" \/>\n<meta name=\"twitter:site\" content=\"@TapasMagazine\" \/>\n<meta name=\"twitter:label1\" content=\"Written by\" \/>\n\t<meta name=\"twitter:data1\" content=\"Laura P\u00e9rez\" \/>\n\t<meta name=\"twitter:label2\" content=\"Est. reading time\" \/>\n\t<meta name=\"twitter:data2\" content=\"2 minutes\" \/>\n<script type=\"application\/ld+json\" class=\"yoast-schema-graph\">{\"@context\":\"https:\\\/\\\/schema.org\",\"@graph\":[{\"@type\":\"Article\",\"@id\":\"https:\\\/\\\/www.tapasmagazine.es\\\/en\\\/the-bear-unveils-trailer-for-its-fourth-season\\\/#article\",\"isPartOf\":{\"@id\":\"https:\\\/\\\/www.tapasmagazine.es\\\/en\\\/the-bear-unveils-trailer-for-its-fourth-season\\\/\"},\"author\":{\"name\":\"Laura P\u00e9rez\",\"@id\":\"https:\\\/\\\/www.tapasmagazine.es\\\/#\\\/schema\\\/person\\\/eb46cbe76a9c8f062660eb609e3ecb4e\"},\"headline\":\"&#8216;The Bear&#8217; unveils trailer for its fourth season\",\"datePublished\":\"2025-05-21T14:21:58+00:00\",\"dateModified\":\"2025-05-21T14:27:47+00:00\",\"mainEntityOfPage\":{\"@id\":\"https:\\\/\\\/www.tapasmagazine.es\\\/en\\\/the-bear-unveils-trailer-for-its-fourth-season\\\/\"},\"wordCount\":269,\"publisher\":{\"@id\":\"https:\\\/\\\/www.tapasmagazine.es\\\/#organization\"},\"image\":{\"@id\":\"https:\\\/\\\/www.tapasmagazine.es\\\/en\\\/the-bear-unveils-trailer-for-its-fourth-season\\\/#primaryimage\"},\"thumbnailUrl\":\"https:\\\/\\\/www.tapasmagazine.es\\\/wp-content\\\/uploads\\\/2025\\\/05\\\/the-bear.jpg\",\"keywords\":[\"The Bear\"],\"articleSection\":[\"Lifestyle\",\"Sin categorizar\"],\"inLanguage\":\"en-US\"},{\"@type\":\"WebPage\",\"@id\":\"https:\\\/\\\/www.tapasmagazine.es\\\/en\\\/the-bear-unveils-trailer-for-its-fourth-season\\\/\",\"url\":\"https:\\\/\\\/www.tapasmagazine.es\\\/en\\\/the-bear-unveils-trailer-for-its-fourth-season\\\/\",\"name\":\"'The Bear' unveils trailer for its fourth season - Tapas\",\"isPartOf\":{\"@id\":\"https:\\\/\\\/www.tapasmagazine.es\\\/#website\"},\"primaryImageOfPage\":{\"@id\":\"https:\\\/\\\/www.tapasmagazine.es\\\/en\\\/the-bear-unveils-trailer-for-its-fourth-season\\\/#primaryimage\"},\"image\":{\"@id\":\"https:\\\/\\\/www.tapasmagazine.es\\\/en\\\/the-bear-unveils-trailer-for-its-fourth-season\\\/#primaryimage\"},\"thumbnailUrl\":\"https:\\\/\\\/www.tapasmagazine.es\\\/wp-content\\\/uploads\\\/2025\\\/05\\\/the-bear.jpg\",\"datePublished\":\"2025-05-21T14:21:58+00:00\",\"dateModified\":\"2025-05-21T14:27:47+00:00\",\"description\":\"Click here to read the Spanish version. The fourth season of \u2018The Bear\u2019 will premiere at the end of June to satisfy the audiovisual hunger of its\",\"breadcrumb\":{\"@id\":\"https:\\\/\\\/www.tapasmagazine.es\\\/en\\\/the-bear-unveils-trailer-for-its-fourth-season\\\/#breadcrumb\"},\"inLanguage\":\"en-US\",\"potentialAction\":[{\"@type\":\"ReadAction\",\"target\":[\"https:\\\/\\\/www.tapasmagazine.es\\\/en\\\/the-bear-unveils-trailer-for-its-fourth-season\\\/\"]}]},{\"@type\":\"ImageObject\",\"inLanguage\":\"en-US\",\"@id\":\"https:\\\/\\\/www.tapasmagazine.es\\\/en\\\/the-bear-unveils-trailer-for-its-fourth-season\\\/#primaryimage\",\"url\":\"https:\\\/\\\/www.tapasmagazine.es\\\/wp-content\\\/uploads\\\/2025\\\/05\\\/the-bear.jpg\",\"contentUrl\":\"https:\\\/\\\/www.tapasmagazine.es\\\/wp-content\\\/uploads\\\/2025\\\/05\\\/the-bear.jpg\",\"width\":1200,\"height\":675},{\"@type\":\"BreadcrumbList\",\"@id\":\"https:\\\/\\\/www.tapasmagazine.es\\\/en\\\/the-bear-unveils-trailer-for-its-fourth-season\\\/#breadcrumb\",\"itemListElement\":[{\"@type\":\"ListItem\",\"position\":1,\"name\":\"Portada\",\"item\":\"https:\\\/\\\/www.tapasmagazine.es\\\/\"},{\"@type\":\"ListItem\",\"position\":2,\"name\":\"Lifestyle\",\"item\":\"https:\\\/\\\/www.tapasmagazine.es\\\/categorias\\\/lifestyle\\\/\"},{\"@type\":\"ListItem\",\"position\":3,\"name\":\"&#8216;The Bear&#8217; unveils trailer for its fourth season\"}]},{\"@type\":\"WebSite\",\"@id\":\"https:\\\/\\\/www.tapasmagazine.es\\\/#website\",\"url\":\"https:\\\/\\\/www.tapasmagazine.es\\\/\",\"name\":\"Tapas\",\"description\":\"\u00d1am \u00d1am Lifestyle. La vida a bocados. Premio Nacional de Gastronom\u00eda 2016.\",\"publisher\":{\"@id\":\"https:\\\/\\\/www.tapasmagazine.es\\\/#organization\"},\"potentialAction\":[{\"@type\":\"SearchAction\",\"target\":{\"@type\":\"EntryPoint\",\"urlTemplate\":\"https:\\\/\\\/www.tapasmagazine.es\\\/?s={search_term_string}\"},\"query-input\":{\"@type\":\"PropertyValueSpecification\",\"valueRequired\":true,\"valueName\":\"search_term_string\"}}],\"inLanguage\":\"en-US\"},{\"@type\":\"Organization\",\"@id\":\"https:\\\/\\\/www.tapasmagazine.es\\\/#organization\",\"name\":\"Tapas Magazine\",\"url\":\"https:\\\/\\\/www.tapasmagazine.es\\\/\",\"logo\":{\"@type\":\"ImageObject\",\"inLanguage\":\"en-US\",\"@id\":\"https:\\\/\\\/www.tapasmagazine.es\\\/#\\\/schema\\\/logo\\\/image\\\/\",\"url\":\"https:\\\/\\\/www.tapasmagazine.es\\\/wp-content\\\/uploads\\\/2018\\\/01\\\/logo.png\",\"contentUrl\":\"https:\\\/\\\/www.tapasmagazine.es\\\/wp-content\\\/uploads\\\/2018\\\/01\\\/logo.png\",\"width\":180,\"height\":60,\"caption\":\"Tapas Magazine\"},\"image\":{\"@id\":\"https:\\\/\\\/www.tapasmagazine.es\\\/#\\\/schema\\\/logo\\\/image\\\/\"},\"sameAs\":[\"https:\\\/\\\/www.facebook.com\\\/tapasmagazine\",\"https:\\\/\\\/x.com\\\/TapasMagazine\",\"https:\\\/\\\/www.instagram.com\\\/tapasmagazine\\\/\",\"https:\\\/\\\/www.linkedin.com\\\/company\\\/tapas-magazine\",\"https:\\\/\\\/es.pinterest.com\\\/tapasmagazine\\\/\",\"https:\\\/\\\/www.youtube.com\\\/channel\\\/UCEyxneAaACuR0lfDagrWjjg?sub_confirmation=1\"]},{\"@type\":\"Person\",\"@id\":\"https:\\\/\\\/www.tapasmagazine.es\\\/#\\\/schema\\\/person\\\/eb46cbe76a9c8f062660eb609e3ecb4e\",\"name\":\"Laura P\u00e9rez\",\"url\":\"https:\\\/\\\/www.tapasmagazine.es\\\/en\\\/author\\\/laura-perez\\\/\"}]}<\/script>\n<!-- \/ Yoast SEO plugin. -->","yoast_head_json":{"title":"'The Bear' unveils trailer for its fourth season - Tapas","description":"Click here to read the Spanish version. The fourth season of \u2018The Bear\u2019 will premiere at the end of June to satisfy the audiovisual hunger of its","robots":{"index":"index","follow":"follow","max-snippet":"max-snippet:-1","max-image-preview":"max-image-preview:large","max-video-preview":"max-video-preview:-1"},"canonical":"https:\/\/www.tapasmagazine.es\/en\/the-bear-unveils-trailer-for-its-fourth-season\/","og_locale":"en_US","og_type":"article","og_title":"'The Bear' unveils trailer for its fourth season - Tapas","og_description":"Click here to read the Spanish version. The fourth season of \u2018The Bear\u2019 will premiere at the end of June to satisfy the audiovisual hunger of its","og_url":"https:\/\/www.tapasmagazine.es\/en\/the-bear-unveils-trailer-for-its-fourth-season\/","og_site_name":"Tapas","article_publisher":"https:\/\/www.facebook.com\/tapasmagazine","article_published_time":"2025-05-21T14:21:58+00:00","article_modified_time":"2025-05-21T14:27:47+00:00","og_image":[{"width":1200,"height":675,"url":"https:\/\/www.tapasmagazine.es\/wp-content\/uploads\/2025\/05\/the-bear.jpg","type":"image\/jpeg"}],"author":"Laura P\u00e9rez","twitter_card":"summary_large_image","twitter_creator":"@TapasMagazine","twitter_site":"@TapasMagazine","twitter_misc":{"Written by":"Laura P\u00e9rez","Est. reading time":"2 minutes"},"schema":{"@context":"https:\/\/schema.org","@graph":[{"@type":"Article","@id":"https:\/\/www.tapasmagazine.es\/en\/the-bear-unveils-trailer-for-its-fourth-season\/#article","isPartOf":{"@id":"https:\/\/www.tapasmagazine.es\/en\/the-bear-unveils-trailer-for-its-fourth-season\/"},"author":{"name":"Laura P\u00e9rez","@id":"https:\/\/www.tapasmagazine.es\/#\/schema\/person\/eb46cbe76a9c8f062660eb609e3ecb4e"},"headline":"&#8216;The Bear&#8217; unveils trailer for its fourth season","datePublished":"2025-05-21T14:21:58+00:00","dateModified":"2025-05-21T14:27:47+00:00","mainEntityOfPage":{"@id":"https:\/\/www.tapasmagazine.es\/en\/the-bear-unveils-trailer-for-its-fourth-season\/"},"wordCount":269,"publisher":{"@id":"https:\/\/www.tapasmagazine.es\/#organization"},"image":{"@id":"https:\/\/www.tapasmagazine.es\/en\/the-bear-unveils-trailer-for-its-fourth-season\/#primaryimage"},"thumbnailUrl":"https:\/\/www.tapasmagazine.es\/wp-content\/uploads\/2025\/05\/the-bear.jpg","keywords":["The Bear"],"articleSection":["Lifestyle","Sin categorizar"],"inLanguage":"en-US"},{"@type":"WebPage","@id":"https:\/\/www.tapasmagazine.es\/en\/the-bear-unveils-trailer-for-its-fourth-season\/","url":"https:\/\/www.tapasmagazine.es\/en\/the-bear-unveils-trailer-for-its-fourth-season\/","name":"'The Bear' unveils trailer for its fourth season - Tapas","isPartOf":{"@id":"https:\/\/www.tapasmagazine.es\/#website"},"primaryImageOfPage":{"@id":"https:\/\/www.tapasmagazine.es\/en\/the-bear-unveils-trailer-for-its-fourth-season\/#primaryimage"},"image":{"@id":"https:\/\/www.tapasmagazine.es\/en\/the-bear-unveils-trailer-for-its-fourth-season\/#primaryimage"},"thumbnailUrl":"https:\/\/www.tapasmagazine.es\/wp-content\/uploads\/2025\/05\/the-bear.jpg","datePublished":"2025-05-21T14:21:58+00:00","dateModified":"2025-05-21T14:27:47+00:00","description":"Click here to read the Spanish version. The fourth season of \u2018The Bear\u2019 will premiere at the end of June to satisfy the audiovisual hunger of its","breadcrumb":{"@id":"https:\/\/www.tapasmagazine.es\/en\/the-bear-unveils-trailer-for-its-fourth-season\/#breadcrumb"},"inLanguage":"en-US","potentialAction":[{"@type":"ReadAction","target":["https:\/\/www.tapasmagazine.es\/en\/the-bear-unveils-trailer-for-its-fourth-season\/"]}]},{"@type":"ImageObject","inLanguage":"en-US","@id":"https:\/\/www.tapasmagazine.es\/en\/the-bear-unveils-trailer-for-its-fourth-season\/#primaryimage","url":"https:\/\/www.tapasmagazine.es\/wp-content\/uploads\/2025\/05\/the-bear.jpg","contentUrl":"https:\/\/www.tapasmagazine.es\/wp-content\/uploads\/2025\/05\/the-bear.jpg","width":1200,"height":675},{"@type":"BreadcrumbList","@id":"https:\/\/www.tapasmagazine.es\/en\/the-bear-unveils-trailer-for-its-fourth-season\/#breadcrumb","itemListElement":[{"@type":"ListItem","position":1,"name":"Portada","item":"https:\/\/www.tapasmagazine.es\/"},{"@type":"ListItem","position":2,"name":"Lifestyle","item":"https:\/\/www.tapasmagazine.es\/categorias\/lifestyle\/"},{"@type":"ListItem","position":3,"name":"&#8216;The Bear&#8217; unveils trailer for its fourth season"}]},{"@type":"WebSite","@id":"https:\/\/www.tapasmagazine.es\/#website","url":"https:\/\/www.tapasmagazine.es\/","name":"Tapas","description":"\u00d1am \u00d1am Lifestyle. La vida a bocados. Premio Nacional de Gastronom\u00eda 2016.","publisher":{"@id":"https:\/\/www.tapasmagazine.es\/#organization"},"potentialAction":[{"@type":"SearchAction","target":{"@type":"EntryPoint","urlTemplate":"https:\/\/www.tapasmagazine.es\/?s={search_term_string}"},"query-input":{"@type":"PropertyValueSpecification","valueRequired":true,"valueName":"search_term_string"}}],"inLanguage":"en-US"},{"@type":"Organization","@id":"https:\/\/www.tapasmagazine.es\/#organization","name":"Tapas Magazine","url":"https:\/\/www.tapasmagazine.es\/","logo":{"@type":"ImageObject","inLanguage":"en-US","@id":"https:\/\/www.tapasmagazine.es\/#\/schema\/logo\/image\/","url":"https:\/\/www.tapasmagazine.es\/wp-content\/uploads\/2018\/01\/logo.png","contentUrl":"https:\/\/www.tapasmagazine.es\/wp-content\/uploads\/2018\/01\/logo.png","width":180,"height":60,"caption":"Tapas Magazine"},"image":{"@id":"https:\/\/www.tapasmagazine.es\/#\/schema\/logo\/image\/"},"sameAs":["https:\/\/www.facebook.com\/tapasmagazine","https:\/\/x.com\/TapasMagazine","https:\/\/www.instagram.com\/tapasmagazine\/","https:\/\/www.linkedin.com\/company\/tapas-magazine","https:\/\/es.pinterest.com\/tapasmagazine\/","https:\/\/www.youtube.com\/channel\/UCEyxneAaACuR0lfDagrWjjg?sub_confirmation=1"]},{"@type":"Person","@id":"https:\/\/www.tapasmagazine.es\/#\/schema\/person\/eb46cbe76a9c8f062660eb609e3ecb4e","name":"Laura P\u00e9rez","url":"https:\/\/www.tapasmagazine.es\/en\/author\/laura-perez\/"}]}},"_links":{"self":[{"href":"https:\/\/www.tapasmagazine.es\/en\/wp-json\/wp\/v2\/posts\/291454","targetHints":{"allow":["GET"]}}],"collection":[{"href":"https:\/\/www.tapasmagazine.es\/en\/wp-json\/wp\/v2\/posts"}],"about":[{"href":"https:\/\/www.tapasmagazine.es\/en\/wp-json\/wp\/v2\/types\/post"}],"author":[{"embeddable":true,"href":"https:\/\/www.tapasmagazine.es\/en\/wp-json\/wp\/v2\/users\/285"}],"replies":[{"embeddable":true,"href":"https:\/\/www.tapasmagazine.es\/en\/wp-json\/wp\/v2\/comments?post=291454"}],"version-history":[{"count":2,"href":"https:\/\/www.tapasmagazine.es\/en\/wp-json\/wp\/v2\/posts\/291454\/revisions"}],"predecessor-version":[{"id":291465,"href":"https:\/\/www.tapasmagazine.es\/en\/wp-json\/wp\/v2\/posts\/291454\/revisions\/291465"}],"wp:featuredmedia":[{"embeddable":true,"href":"https:\/\/www.tapasmagazine.es\/en\/wp-json\/wp\/v2\/media\/291451"}],"wp:attachment":[{"href":"https:\/\/www.tapasmagazine.es\/en\/wp-json\/wp\/v2\/media?parent=291454"}],"wp:term":[{"taxonomy":"category","embeddable":true,"href":"https:\/\/www.tapasmagazine.es\/en\/wp-json\/wp\/v2\/categories?post=291454"},{"taxonomy":"post_tag","embeddable":true,"href":"https:\/\/www.tapasmagazine.es\/en\/wp-json\/wp\/v2\/tags?post=291454"}],"curies":[{"name":"wp","href":"https:\/\/api.w.org\/{rel}","templated":true}]}}