{"id":290025,"date":"2025-05-12T10:56:56","date_gmt":"2025-05-12T08:56:56","guid":{"rendered":"https:\/\/www.tapasmagazine.es\/aime-leon-dore-viste-la-nueva-cafetera-de-la-marzocco\/"},"modified":"2025-05-12T11:01:11","modified_gmt":"2025-05-12T09:01:11","slug":"aime-leon-dore-dresses-la-marzocco-new-coffe-maker","status":"publish","type":"post","link":"https:\/\/www.tapasmagazine.es\/en\/aime-leon-dore-dresses-la-marzocco-new-coffe-maker\/","title":{"rendered":"Aim\u00e9 Leon Dore dresses La Marzocco&#8217;s new coffee maker"},"content":{"rendered":"\n<p><strong>Click <a href=\"https:\/\/www.tapasmagazine.es\/en\/maxime-frederic-sculpts-louis-vuitton-easter-chocolates\/\" target=\"_blank\" rel=\"noreferrer noopener\">h<\/a><a href=\"https:\/\/www.tapasmagazine.es\/en\/big-mac-index-measuring-the-global-economy-with-a-burger\/\" target=\"_blank\" rel=\"noreferrer noopener\">e<\/a><a href=\"https:\/\/www.tapasmagazine.es\/en\/aime-leon-dore-dresses-la-marzocco-new-coffe-maker\/\" target=\"_blank\" rel=\"noreferrer noopener\">re<\/a> to read the Spanish version<\/strong>.<\/p>\n\n\n\n<p>The New York brand specializing in fusing streetwear with tailoring combines its identity with <strong>La Marzocco<\/strong>&#8216;s timeless aesthetic to launch an exclusive limited edition coffee machine.<\/p>\n\n\n\n<p>The collaboration fuses the high-end espresso worlds of <strong>Caf\u00e9 Leon Dore<\/strong>, the Greek coffee extension of the<strong> Aim\u00e9 Leon Dore<\/strong> brand, with the representative design codes of its fashion label: from the deep green to the polished brass or walnut wood details on which the collaborative logos are subtly integrated.<\/p>\n\n\n<div class=\"wp-block-image\">\n<figure class=\"aligncenter size-large\"><img decoding=\"async\" width=\"1024\" height=\"576\" src=\"https:\/\/www.tapasmagazine.es\/wp-content\/uploads\/2025\/05\/aime-leon-dore-1024x576.jpg\" alt=\"\" class=\"wp-image-290008\" srcset=\"https:\/\/www.tapasmagazine.es\/wp-content\/uploads\/2025\/05\/aime-leon-dore-1024x576.jpg 1024w, https:\/\/www.tapasmagazine.es\/wp-content\/uploads\/2025\/05\/aime-leon-dore-300x169.jpg 300w, https:\/\/www.tapasmagazine.es\/wp-content\/uploads\/2025\/05\/aime-leon-dore-768x432.jpg 768w, https:\/\/www.tapasmagazine.es\/wp-content\/uploads\/2025\/05\/aime-leon-dore-1000x563.jpg 1000w, https:\/\/www.tapasmagazine.es\/wp-content\/uploads\/2025\/05\/aime-leon-dore-400x225.jpg 400w, https:\/\/www.tapasmagazine.es\/wp-content\/uploads\/2025\/05\/aime-leon-dore.jpg 1200w\" sizes=\"(max-width: 1024px) 100vw, 1024px\" \/><\/figure>\n<\/div>\n\n\n<p>Handcrafted in <strong>La Marzocc<\/strong>o&#8217;s Officine Fratelli Bambi workshop in Florence, this machine presented as a scaled-down version of La Linea Classic S, which combines the duo&#8217;s obsession with craftsmanship, design and community, would go on sale for an exorbitant $11,660, and would sell out in less than 24 hours.<\/p>\n\n\n\n<p>Despite its compact size, the <strong>Linea Micra<\/strong> boasts features found on La Marzocco&#8217;s commercial machines, including dual boilers for brewing and steaming simultaneously.<\/p>\n\n\n<div class=\"wp-block-image\">\n<figure class=\"aligncenter size-large is-resized\"><img decoding=\"async\" width=\"819\" height=\"1024\" src=\"https:\/\/www.tapasmagazine.es\/wp-content\/uploads\/2025\/05\/SS25_D1_PDP_LB_4X5_021925_127_d596b8c4-08d6-43a2-b168-4ed714422897_3200x-819x1024.webp\" alt=\"\" class=\"wp-image-290012\" style=\"width:840px;height:auto\" srcset=\"https:\/\/www.tapasmagazine.es\/wp-content\/uploads\/2025\/05\/SS25_D1_PDP_LB_4X5_021925_127_d596b8c4-08d6-43a2-b168-4ed714422897_3200x-819x1024.webp 819w, https:\/\/www.tapasmagazine.es\/wp-content\/uploads\/2025\/05\/SS25_D1_PDP_LB_4X5_021925_127_d596b8c4-08d6-43a2-b168-4ed714422897_3200x-240x300.webp 240w, https:\/\/www.tapasmagazine.es\/wp-content\/uploads\/2025\/05\/SS25_D1_PDP_LB_4X5_021925_127_d596b8c4-08d6-43a2-b168-4ed714422897_3200x-768x960.webp 768w, https:\/\/www.tapasmagazine.es\/wp-content\/uploads\/2025\/05\/SS25_D1_PDP_LB_4X5_021925_127_d596b8c4-08d6-43a2-b168-4ed714422897_3200x-1229x1536.webp 1229w, https:\/\/www.tapasmagazine.es\/wp-content\/uploads\/2025\/05\/SS25_D1_PDP_LB_4X5_021925_127_d596b8c4-08d6-43a2-b168-4ed714422897_3200x-1638x2048.webp 1638w, https:\/\/www.tapasmagazine.es\/wp-content\/uploads\/2025\/05\/SS25_D1_PDP_LB_4X5_021925_127_d596b8c4-08d6-43a2-b168-4ed714422897_3200x-1000x1250.webp 1000w, https:\/\/www.tapasmagazine.es\/wp-content\/uploads\/2025\/05\/SS25_D1_PDP_LB_4X5_021925_127_d596b8c4-08d6-43a2-b168-4ed714422897_3200x-400x500.webp 400w, https:\/\/www.tapasmagazine.es\/wp-content\/uploads\/2025\/05\/SS25_D1_PDP_LB_4X5_021925_127_d596b8c4-08d6-43a2-b168-4ed714422897_3200x-scaled.webp 2048w\" sizes=\"(max-width: 819px) 100vw, 819px\" \/><\/figure>\n<\/div>\n\n\n<p>Beyond the designer piece, the high-end collaboration is complemented by a <strong>capsule collection<\/strong> that includes an apron, T-shirt and cap that embody La Marzocco&#8217;s functional elegance and Aim\u00e9 Leon Dore&#8217;s stylistic philosophy.<\/p>\n\n\n\n<p>The <strong>Caf\u00e9 Leon Dore x La Marzocco<\/strong> collection is now available in Aim\u00e9 Leon Dore stores and on aimeleondore.com.<\/p>\n","protected":false},"excerpt":{"rendered":"<p>Click here to read the Spanish version. The New York brand specializing in fusing streetwear with tailoring combines its identity with La Marzocco&#8216;s timeless aesthetic to launch an exclusive limited edition coffee machine. The collaboration fuses the high-end espresso worlds of Caf\u00e9 Leon Dore, the Greek coffee extension of the Aim\u00e9 Leon Dore brand, with [&hellip;]<\/p>\n","protected":false},"author":285,"featured_media":290003,"comment_status":"closed","ping_status":"closed","sticky":false,"template":"","format":"standard","meta":{"_acf_changed":false,"footnotes":""},"categories":[18831,1],"tags":[18758],"class_list":["post-290025","post","type-post","status-publish","format-standard","has-post-thumbnail","hentry","category-lifestyle-en","category-sin-categorizar","tag-cafetera-en","cat-18831-id","cat-1-id"],"acf":[],"yoast_head":"<!-- This site is optimized with the Yoast SEO plugin v27.4 - https:\/\/yoast.com\/product\/yoast-seo-wordpress\/ -->\n<title>Aim\u00e9 Leon Dore dresses La Marzocco&#039;s new coffee maker - Tapas<\/title>\n<meta name=\"description\" content=\"Click here to read the Spanish version. The New York brand specializing in fusing streetwear with tailoring combines its identity with La Marzocco&#039;s\" \/>\n<meta name=\"robots\" content=\"index, follow, max-snippet:-1, max-image-preview:large, max-video-preview:-1\" \/>\n<link rel=\"canonical\" href=\"https:\/\/www.tapasmagazine.es\/en\/aime-leon-dore-dresses-la-marzocco-new-coffe-maker\/\" \/>\n<meta property=\"og:locale\" content=\"en_US\" \/>\n<meta property=\"og:type\" content=\"article\" \/>\n<meta property=\"og:title\" content=\"Aim\u00e9 Leon Dore dresses La Marzocco&#039;s new coffee maker - Tapas\" \/>\n<meta property=\"og:description\" content=\"Click here to read the Spanish version. The New York brand specializing in fusing streetwear with tailoring combines its identity with La Marzocco&#039;s\" \/>\n<meta property=\"og:url\" content=\"https:\/\/www.tapasmagazine.es\/en\/aime-leon-dore-dresses-la-marzocco-new-coffe-maker\/\" \/>\n<meta property=\"og:site_name\" content=\"Tapas\" \/>\n<meta property=\"article:publisher\" content=\"https:\/\/www.facebook.com\/tapasmagazine\" \/>\n<meta property=\"article:published_time\" content=\"2025-05-12T08:56:56+00:00\" \/>\n<meta property=\"article:modified_time\" content=\"2025-05-12T09:01:11+00:00\" \/>\n<meta property=\"og:image\" content=\"https:\/\/www.tapasmagazine.es\/wp-content\/uploads\/2025\/05\/lamarzocco.jpg\" \/>\n\t<meta property=\"og:image:width\" content=\"1200\" \/>\n\t<meta property=\"og:image:height\" content=\"675\" \/>\n\t<meta property=\"og:image:type\" content=\"image\/jpeg\" \/>\n<meta name=\"author\" content=\"Laura P\u00e9rez\" \/>\n<meta name=\"twitter:card\" content=\"summary_large_image\" \/>\n<meta name=\"twitter:creator\" content=\"@TapasMagazine\" \/>\n<meta name=\"twitter:site\" content=\"@TapasMagazine\" \/>\n<meta name=\"twitter:label1\" content=\"Written by\" \/>\n\t<meta name=\"twitter:data1\" content=\"Laura P\u00e9rez\" \/>\n\t<meta name=\"twitter:label2\" content=\"Est. reading time\" \/>\n\t<meta name=\"twitter:data2\" content=\"2 minutes\" \/>\n<script type=\"application\/ld+json\" class=\"yoast-schema-graph\">{\"@context\":\"https:\\\/\\\/schema.org\",\"@graph\":[{\"@type\":\"Article\",\"@id\":\"https:\\\/\\\/www.tapasmagazine.es\\\/en\\\/aime-leon-dore-dresses-la-marzocco-new-coffe-maker\\\/#article\",\"isPartOf\":{\"@id\":\"https:\\\/\\\/www.tapasmagazine.es\\\/en\\\/aime-leon-dore-dresses-la-marzocco-new-coffe-maker\\\/\"},\"author\":{\"name\":\"Laura P\u00e9rez\",\"@id\":\"https:\\\/\\\/www.tapasmagazine.es\\\/#\\\/schema\\\/person\\\/eb46cbe76a9c8f062660eb609e3ecb4e\"},\"headline\":\"Aim\u00e9 Leon Dore dresses La Marzocco&#8217;s new coffee maker\",\"datePublished\":\"2025-05-12T08:56:56+00:00\",\"dateModified\":\"2025-05-12T09:01:11+00:00\",\"mainEntityOfPage\":{\"@id\":\"https:\\\/\\\/www.tapasmagazine.es\\\/en\\\/aime-leon-dore-dresses-la-marzocco-new-coffe-maker\\\/\"},\"wordCount\":223,\"publisher\":{\"@id\":\"https:\\\/\\\/www.tapasmagazine.es\\\/#organization\"},\"image\":{\"@id\":\"https:\\\/\\\/www.tapasmagazine.es\\\/en\\\/aime-leon-dore-dresses-la-marzocco-new-coffe-maker\\\/#primaryimage\"},\"thumbnailUrl\":\"https:\\\/\\\/www.tapasmagazine.es\\\/wp-content\\\/uploads\\\/2025\\\/05\\\/lamarzocco.jpg\",\"keywords\":[\"cafetera\"],\"articleSection\":[\"Lifestyle\",\"Sin categorizar\"],\"inLanguage\":\"en-US\"},{\"@type\":\"WebPage\",\"@id\":\"https:\\\/\\\/www.tapasmagazine.es\\\/en\\\/aime-leon-dore-dresses-la-marzocco-new-coffe-maker\\\/\",\"url\":\"https:\\\/\\\/www.tapasmagazine.es\\\/en\\\/aime-leon-dore-dresses-la-marzocco-new-coffe-maker\\\/\",\"name\":\"Aim\u00e9 Leon Dore dresses La Marzocco's new coffee maker - Tapas\",\"isPartOf\":{\"@id\":\"https:\\\/\\\/www.tapasmagazine.es\\\/#website\"},\"primaryImageOfPage\":{\"@id\":\"https:\\\/\\\/www.tapasmagazine.es\\\/en\\\/aime-leon-dore-dresses-la-marzocco-new-coffe-maker\\\/#primaryimage\"},\"image\":{\"@id\":\"https:\\\/\\\/www.tapasmagazine.es\\\/en\\\/aime-leon-dore-dresses-la-marzocco-new-coffe-maker\\\/#primaryimage\"},\"thumbnailUrl\":\"https:\\\/\\\/www.tapasmagazine.es\\\/wp-content\\\/uploads\\\/2025\\\/05\\\/lamarzocco.jpg\",\"datePublished\":\"2025-05-12T08:56:56+00:00\",\"dateModified\":\"2025-05-12T09:01:11+00:00\",\"description\":\"Click here to read the Spanish version. The New York brand specializing in fusing streetwear with tailoring combines its identity with La Marzocco's\",\"breadcrumb\":{\"@id\":\"https:\\\/\\\/www.tapasmagazine.es\\\/en\\\/aime-leon-dore-dresses-la-marzocco-new-coffe-maker\\\/#breadcrumb\"},\"inLanguage\":\"en-US\",\"potentialAction\":[{\"@type\":\"ReadAction\",\"target\":[\"https:\\\/\\\/www.tapasmagazine.es\\\/en\\\/aime-leon-dore-dresses-la-marzocco-new-coffe-maker\\\/\"]}]},{\"@type\":\"ImageObject\",\"inLanguage\":\"en-US\",\"@id\":\"https:\\\/\\\/www.tapasmagazine.es\\\/en\\\/aime-leon-dore-dresses-la-marzocco-new-coffe-maker\\\/#primaryimage\",\"url\":\"https:\\\/\\\/www.tapasmagazine.es\\\/wp-content\\\/uploads\\\/2025\\\/05\\\/lamarzocco.jpg\",\"contentUrl\":\"https:\\\/\\\/www.tapasmagazine.es\\\/wp-content\\\/uploads\\\/2025\\\/05\\\/lamarzocco.jpg\",\"width\":1200,\"height\":675},{\"@type\":\"BreadcrumbList\",\"@id\":\"https:\\\/\\\/www.tapasmagazine.es\\\/en\\\/aime-leon-dore-dresses-la-marzocco-new-coffe-maker\\\/#breadcrumb\",\"itemListElement\":[{\"@type\":\"ListItem\",\"position\":1,\"name\":\"Portada\",\"item\":\"https:\\\/\\\/www.tapasmagazine.es\\\/\"},{\"@type\":\"ListItem\",\"position\":2,\"name\":\"Lifestyle\",\"item\":\"https:\\\/\\\/www.tapasmagazine.es\\\/categorias\\\/lifestyle\\\/\"},{\"@type\":\"ListItem\",\"position\":3,\"name\":\"Aim\u00e9 Leon Dore dresses La Marzocco&#8217;s new coffee maker\"}]},{\"@type\":\"WebSite\",\"@id\":\"https:\\\/\\\/www.tapasmagazine.es\\\/#website\",\"url\":\"https:\\\/\\\/www.tapasmagazine.es\\\/\",\"name\":\"Tapas\",\"description\":\"\u00d1am \u00d1am Lifestyle. La vida a bocados. Premio Nacional de Gastronom\u00eda 2016.\",\"publisher\":{\"@id\":\"https:\\\/\\\/www.tapasmagazine.es\\\/#organization\"},\"potentialAction\":[{\"@type\":\"SearchAction\",\"target\":{\"@type\":\"EntryPoint\",\"urlTemplate\":\"https:\\\/\\\/www.tapasmagazine.es\\\/?s={search_term_string}\"},\"query-input\":{\"@type\":\"PropertyValueSpecification\",\"valueRequired\":true,\"valueName\":\"search_term_string\"}}],\"inLanguage\":\"en-US\"},{\"@type\":\"Organization\",\"@id\":\"https:\\\/\\\/www.tapasmagazine.es\\\/#organization\",\"name\":\"Tapas Magazine\",\"url\":\"https:\\\/\\\/www.tapasmagazine.es\\\/\",\"logo\":{\"@type\":\"ImageObject\",\"inLanguage\":\"en-US\",\"@id\":\"https:\\\/\\\/www.tapasmagazine.es\\\/#\\\/schema\\\/logo\\\/image\\\/\",\"url\":\"https:\\\/\\\/www.tapasmagazine.es\\\/wp-content\\\/uploads\\\/2018\\\/01\\\/logo.png\",\"contentUrl\":\"https:\\\/\\\/www.tapasmagazine.es\\\/wp-content\\\/uploads\\\/2018\\\/01\\\/logo.png\",\"width\":180,\"height\":60,\"caption\":\"Tapas Magazine\"},\"image\":{\"@id\":\"https:\\\/\\\/www.tapasmagazine.es\\\/#\\\/schema\\\/logo\\\/image\\\/\"},\"sameAs\":[\"https:\\\/\\\/www.facebook.com\\\/tapasmagazine\",\"https:\\\/\\\/x.com\\\/TapasMagazine\",\"https:\\\/\\\/www.instagram.com\\\/tapasmagazine\\\/\",\"https:\\\/\\\/www.linkedin.com\\\/company\\\/tapas-magazine\",\"https:\\\/\\\/es.pinterest.com\\\/tapasmagazine\\\/\",\"https:\\\/\\\/www.youtube.com\\\/channel\\\/UCEyxneAaACuR0lfDagrWjjg?sub_confirmation=1\"]},{\"@type\":\"Person\",\"@id\":\"https:\\\/\\\/www.tapasmagazine.es\\\/#\\\/schema\\\/person\\\/eb46cbe76a9c8f062660eb609e3ecb4e\",\"name\":\"Laura P\u00e9rez\",\"url\":\"https:\\\/\\\/www.tapasmagazine.es\\\/en\\\/author\\\/laura-perez\\\/\"}]}<\/script>\n<!-- \/ Yoast SEO plugin. -->","yoast_head_json":{"title":"Aim\u00e9 Leon Dore dresses La Marzocco's new coffee maker - Tapas","description":"Click here to read the Spanish version. The New York brand specializing in fusing streetwear with tailoring combines its identity with La Marzocco's","robots":{"index":"index","follow":"follow","max-snippet":"max-snippet:-1","max-image-preview":"max-image-preview:large","max-video-preview":"max-video-preview:-1"},"canonical":"https:\/\/www.tapasmagazine.es\/en\/aime-leon-dore-dresses-la-marzocco-new-coffe-maker\/","og_locale":"en_US","og_type":"article","og_title":"Aim\u00e9 Leon Dore dresses La Marzocco's new coffee maker - Tapas","og_description":"Click here to read the Spanish version. The New York brand specializing in fusing streetwear with tailoring combines its identity with La Marzocco's","og_url":"https:\/\/www.tapasmagazine.es\/en\/aime-leon-dore-dresses-la-marzocco-new-coffe-maker\/","og_site_name":"Tapas","article_publisher":"https:\/\/www.facebook.com\/tapasmagazine","article_published_time":"2025-05-12T08:56:56+00:00","article_modified_time":"2025-05-12T09:01:11+00:00","og_image":[{"width":1200,"height":675,"url":"https:\/\/www.tapasmagazine.es\/wp-content\/uploads\/2025\/05\/lamarzocco.jpg","type":"image\/jpeg"}],"author":"Laura P\u00e9rez","twitter_card":"summary_large_image","twitter_creator":"@TapasMagazine","twitter_site":"@TapasMagazine","twitter_misc":{"Written by":"Laura P\u00e9rez","Est. reading time":"2 minutes"},"schema":{"@context":"https:\/\/schema.org","@graph":[{"@type":"Article","@id":"https:\/\/www.tapasmagazine.es\/en\/aime-leon-dore-dresses-la-marzocco-new-coffe-maker\/#article","isPartOf":{"@id":"https:\/\/www.tapasmagazine.es\/en\/aime-leon-dore-dresses-la-marzocco-new-coffe-maker\/"},"author":{"name":"Laura P\u00e9rez","@id":"https:\/\/www.tapasmagazine.es\/#\/schema\/person\/eb46cbe76a9c8f062660eb609e3ecb4e"},"headline":"Aim\u00e9 Leon Dore dresses La Marzocco&#8217;s new coffee maker","datePublished":"2025-05-12T08:56:56+00:00","dateModified":"2025-05-12T09:01:11+00:00","mainEntityOfPage":{"@id":"https:\/\/www.tapasmagazine.es\/en\/aime-leon-dore-dresses-la-marzocco-new-coffe-maker\/"},"wordCount":223,"publisher":{"@id":"https:\/\/www.tapasmagazine.es\/#organization"},"image":{"@id":"https:\/\/www.tapasmagazine.es\/en\/aime-leon-dore-dresses-la-marzocco-new-coffe-maker\/#primaryimage"},"thumbnailUrl":"https:\/\/www.tapasmagazine.es\/wp-content\/uploads\/2025\/05\/lamarzocco.jpg","keywords":["cafetera"],"articleSection":["Lifestyle","Sin categorizar"],"inLanguage":"en-US"},{"@type":"WebPage","@id":"https:\/\/www.tapasmagazine.es\/en\/aime-leon-dore-dresses-la-marzocco-new-coffe-maker\/","url":"https:\/\/www.tapasmagazine.es\/en\/aime-leon-dore-dresses-la-marzocco-new-coffe-maker\/","name":"Aim\u00e9 Leon Dore dresses La Marzocco's new coffee maker - Tapas","isPartOf":{"@id":"https:\/\/www.tapasmagazine.es\/#website"},"primaryImageOfPage":{"@id":"https:\/\/www.tapasmagazine.es\/en\/aime-leon-dore-dresses-la-marzocco-new-coffe-maker\/#primaryimage"},"image":{"@id":"https:\/\/www.tapasmagazine.es\/en\/aime-leon-dore-dresses-la-marzocco-new-coffe-maker\/#primaryimage"},"thumbnailUrl":"https:\/\/www.tapasmagazine.es\/wp-content\/uploads\/2025\/05\/lamarzocco.jpg","datePublished":"2025-05-12T08:56:56+00:00","dateModified":"2025-05-12T09:01:11+00:00","description":"Click here to read the Spanish version. The New York brand specializing in fusing streetwear with tailoring combines its identity with La Marzocco's","breadcrumb":{"@id":"https:\/\/www.tapasmagazine.es\/en\/aime-leon-dore-dresses-la-marzocco-new-coffe-maker\/#breadcrumb"},"inLanguage":"en-US","potentialAction":[{"@type":"ReadAction","target":["https:\/\/www.tapasmagazine.es\/en\/aime-leon-dore-dresses-la-marzocco-new-coffe-maker\/"]}]},{"@type":"ImageObject","inLanguage":"en-US","@id":"https:\/\/www.tapasmagazine.es\/en\/aime-leon-dore-dresses-la-marzocco-new-coffe-maker\/#primaryimage","url":"https:\/\/www.tapasmagazine.es\/wp-content\/uploads\/2025\/05\/lamarzocco.jpg","contentUrl":"https:\/\/www.tapasmagazine.es\/wp-content\/uploads\/2025\/05\/lamarzocco.jpg","width":1200,"height":675},{"@type":"BreadcrumbList","@id":"https:\/\/www.tapasmagazine.es\/en\/aime-leon-dore-dresses-la-marzocco-new-coffe-maker\/#breadcrumb","itemListElement":[{"@type":"ListItem","position":1,"name":"Portada","item":"https:\/\/www.tapasmagazine.es\/"},{"@type":"ListItem","position":2,"name":"Lifestyle","item":"https:\/\/www.tapasmagazine.es\/categorias\/lifestyle\/"},{"@type":"ListItem","position":3,"name":"Aim\u00e9 Leon Dore dresses La Marzocco&#8217;s new coffee maker"}]},{"@type":"WebSite","@id":"https:\/\/www.tapasmagazine.es\/#website","url":"https:\/\/www.tapasmagazine.es\/","name":"Tapas","description":"\u00d1am \u00d1am Lifestyle. La vida a bocados. Premio Nacional de Gastronom\u00eda 2016.","publisher":{"@id":"https:\/\/www.tapasmagazine.es\/#organization"},"potentialAction":[{"@type":"SearchAction","target":{"@type":"EntryPoint","urlTemplate":"https:\/\/www.tapasmagazine.es\/?s={search_term_string}"},"query-input":{"@type":"PropertyValueSpecification","valueRequired":true,"valueName":"search_term_string"}}],"inLanguage":"en-US"},{"@type":"Organization","@id":"https:\/\/www.tapasmagazine.es\/#organization","name":"Tapas Magazine","url":"https:\/\/www.tapasmagazine.es\/","logo":{"@type":"ImageObject","inLanguage":"en-US","@id":"https:\/\/www.tapasmagazine.es\/#\/schema\/logo\/image\/","url":"https:\/\/www.tapasmagazine.es\/wp-content\/uploads\/2018\/01\/logo.png","contentUrl":"https:\/\/www.tapasmagazine.es\/wp-content\/uploads\/2018\/01\/logo.png","width":180,"height":60,"caption":"Tapas Magazine"},"image":{"@id":"https:\/\/www.tapasmagazine.es\/#\/schema\/logo\/image\/"},"sameAs":["https:\/\/www.facebook.com\/tapasmagazine","https:\/\/x.com\/TapasMagazine","https:\/\/www.instagram.com\/tapasmagazine\/","https:\/\/www.linkedin.com\/company\/tapas-magazine","https:\/\/es.pinterest.com\/tapasmagazine\/","https:\/\/www.youtube.com\/channel\/UCEyxneAaACuR0lfDagrWjjg?sub_confirmation=1"]},{"@type":"Person","@id":"https:\/\/www.tapasmagazine.es\/#\/schema\/person\/eb46cbe76a9c8f062660eb609e3ecb4e","name":"Laura P\u00e9rez","url":"https:\/\/www.tapasmagazine.es\/en\/author\/laura-perez\/"}]}},"_links":{"self":[{"href":"https:\/\/www.tapasmagazine.es\/en\/wp-json\/wp\/v2\/posts\/290025","targetHints":{"allow":["GET"]}}],"collection":[{"href":"https:\/\/www.tapasmagazine.es\/en\/wp-json\/wp\/v2\/posts"}],"about":[{"href":"https:\/\/www.tapasmagazine.es\/en\/wp-json\/wp\/v2\/types\/post"}],"author":[{"embeddable":true,"href":"https:\/\/www.tapasmagazine.es\/en\/wp-json\/wp\/v2\/users\/285"}],"replies":[{"embeddable":true,"href":"https:\/\/www.tapasmagazine.es\/en\/wp-json\/wp\/v2\/comments?post=290025"}],"version-history":[{"count":2,"href":"https:\/\/www.tapasmagazine.es\/en\/wp-json\/wp\/v2\/posts\/290025\/revisions"}],"predecessor-version":[{"id":290035,"href":"https:\/\/www.tapasmagazine.es\/en\/wp-json\/wp\/v2\/posts\/290025\/revisions\/290035"}],"wp:featuredmedia":[{"embeddable":true,"href":"https:\/\/www.tapasmagazine.es\/en\/wp-json\/wp\/v2\/media\/290003"}],"wp:attachment":[{"href":"https:\/\/www.tapasmagazine.es\/en\/wp-json\/wp\/v2\/media?parent=290025"}],"wp:term":[{"taxonomy":"category","embeddable":true,"href":"https:\/\/www.tapasmagazine.es\/en\/wp-json\/wp\/v2\/categories?post=290025"},{"taxonomy":"post_tag","embeddable":true,"href":"https:\/\/www.tapasmagazine.es\/en\/wp-json\/wp\/v2\/tags?post=290025"}],"curies":[{"name":"wp","href":"https:\/\/api.w.org\/{rel}","templated":true}]}}