{"id":289839,"date":"2025-05-09T12:54:56","date_gmt":"2025-05-09T10:54:56","guid":{"rendered":"https:\/\/www.tapasmagazine.es\/la-cita-de-bad-bunny-e-ibai-llanos-en-7th-street-burger\/"},"modified":"2025-05-09T12:58:36","modified_gmt":"2025-05-09T10:58:36","slug":"bad-bunny-and-ibai-llanos-date-at-7th-street-burger","status":"publish","type":"post","link":"https:\/\/www.tapasmagazine.es\/en\/bad-bunny-and-ibai-llanos-date-at-7th-street-burger\/","title":{"rendered":"Bad Bunny and Ibai Llanos&#8217; date at 7th Street Burger"},"content":{"rendered":"\n<p><strong>Click <a href=\"https:\/\/www.tapasmagazine.es\/en\/maxime-frederic-sculpts-louis-vuitton-easter-chocolates\/\" target=\"_blank\" rel=\"noreferrer noopener\">h<\/a><a href=\"https:\/\/www.tapasmagazine.es\/en\/big-mac-index-measuring-the-global-economy-with-a-burger\/\" target=\"_blank\" rel=\"noreferrer noopener\">e<\/a><a href=\"https:\/\/www.tapasmagazine.es\/en\/bad-bunny-and-ibai-llanos-date-at-7th-street-burger\/\" target=\"_blank\" rel=\"noreferrer noopener\">re<\/a> to read the Spanish version<\/strong>.<\/p>\n\n\n\n<p>The musical legend from Puerto Rico has just announced the world tour of &#8216;<strong>DeB\u00cd TiRAR M\u00e1S FOToS<\/strong>&#8216; which has led half the world to connect to his website for hours to get a ticket for one of his shows. Although perhaps he didn&#8217;t need much promotion, <strong>Ibai Llanos<\/strong> wanted to support him with a video in which they appear dancing synchronized to the rhythm of his music. And it is not for less, the <strong>Puerto Rican artist <\/strong>will give six concerts in Madrid and two in Barcelona in 2026 after a very long period of inactivity in the country. Specifically, since 2019.<\/p>\n\n\n\n<figure class=\"wp-block-embed aligncenter is-type-video is-provider-tiktok wp-block-embed-tiktok\"><div class=\"wp-block-embed__wrapper\">\n<blockquote class=\"tiktok-embed\" cite=\"https:\/\/www.tiktok.com\/@ibaillanos\/video\/7502013759372889346\" data-video-id=\"7502013759372889346\" data-embed-from=\"oembed\" style=\"max-width:605px; min-width:325px;\"> <section> <a target=\"_blank\" title=\"@ibaillanos\" href=\"https:\/\/www.tiktok.com\/@ibaillanos?refer=embed\">@ibaillanos<\/a> <p>Dos conejos malos. @Bad Bunny <\/p> <a target=\"_blank\" title=\"\u266c sonido original - Ibai\" href=\"https:\/\/www.tiktok.com\/music\/sonido-original-7502013749906852630?refer=embed\">\u266c sonido original &#8211; Ibai<\/a> <\/section> <\/blockquote> <script async src=\"https:\/\/www.tiktok.com\/embed.js\"><\/script>\n<\/div><\/figure>\n\n\n\n<p>The setting chosen for the show and the interview conducted by Ibai was <strong><a href=\"https:\/\/www.instagram.com\/7thstreetburgernyc\/\" target=\"_blank\" rel=\"noreferrer noopener\">7TH STREET BURGER NYC<\/a><\/strong>, a fast food restaurant in NYC known for its smash burgers, which has locations in the city, as well as in Hoboken and Long Island. The burger joint is also Bad Bunny&#8217;s favorite burger joint in New York.<\/p>\n\n\n\n<p>Right from the start of the conversation, the cultural icons talk about burgers, which Benito says he would like to eat more than he does, but he tries to take care of himself; to balance his life in terms of health, and, from time to time, indulge in a pizza or burger.<\/p>\n\n\n\n<figure class=\"wp-block-embed is-type-video is-provider-youtube wp-block-embed-youtube wp-embed-aspect-16-9 wp-has-aspect-ratio\"><div class=\"wp-block-embed__wrapper\">\n<iframe title=\"Una Cita con Bad Bunny\" width=\"640\" height=\"360\" src=\"https:\/\/www.youtube.com\/embed\/jm2r7oorHEw?feature=oembed\" frameborder=\"0\" allow=\"accelerometer; autoplay; clipboard-write; encrypted-media; gyroscope; picture-in-picture; web-share\" referrerpolicy=\"strict-origin-when-cross-origin\" allowfullscreen><\/iframe>\n<\/div><\/figure>\n\n\n\n<p>After getting into existential or sentimental topics, and <strong>Bad Bunny<\/strong> acknowledging that he was in the best moment of his adulthood, they proceed to the burger tasting. Which ones? Benito&#8217;s favorite, smash burgers with cheese, onions and pickles. Because they like burgers with all the fixings.<\/p>\n","protected":false},"excerpt":{"rendered":"<p>Click here to read the Spanish version. The musical legend from Puerto Rico has just announced the world tour of &#8216;DeB\u00cd TiRAR M\u00e1S FOToS&#8216; which has led half the world to connect to his website for hours to get a ticket for one of his shows. Although perhaps he didn&#8217;t need much promotion, Ibai Llanos [&hellip;]<\/p>\n","protected":false},"author":285,"featured_media":289824,"comment_status":"closed","ping_status":"closed","sticky":false,"template":"","format":"standard","meta":{"_acf_changed":false,"footnotes":""},"categories":[15910],"tags":[],"class_list":["post-289839","post","type-post","status-publish","format-standard","has-post-thumbnail","hentry","category-personajes-en","cat-15910-id"],"acf":[],"yoast_head":"<!-- This site is optimized with the Yoast SEO plugin v27.5 - https:\/\/yoast.com\/product\/yoast-seo-wordpress\/ -->\n<title>Bad Bunny and Ibai Llanos&#039; date at 7th Street Burger - Tapas<\/title>\n<meta name=\"description\" content=\"Click here to read the Spanish version. The musical legend from Puerto Rico has just announced the world tour of &#039;DeB\u00cd TiRAR M\u00e1S FOToS&#039; which has led half\" \/>\n<meta name=\"robots\" content=\"index, follow, max-snippet:-1, max-image-preview:large, max-video-preview:-1\" \/>\n<link rel=\"canonical\" href=\"https:\/\/www.tapasmagazine.es\/en\/bad-bunny-and-ibai-llanos-date-at-7th-street-burger\/\" \/>\n<meta property=\"og:locale\" content=\"en_US\" \/>\n<meta property=\"og:type\" content=\"article\" \/>\n<meta property=\"og:title\" content=\"Bad Bunny and Ibai Llanos&#039; date at 7th Street Burger - Tapas\" \/>\n<meta property=\"og:description\" content=\"Click here to read the Spanish version. The musical legend from Puerto Rico has just announced the world tour of &#039;DeB\u00cd TiRAR M\u00e1S FOToS&#039; which has led half\" \/>\n<meta property=\"og:url\" content=\"https:\/\/www.tapasmagazine.es\/en\/bad-bunny-and-ibai-llanos-date-at-7th-street-burger\/\" \/>\n<meta property=\"og:site_name\" content=\"Tapas\" \/>\n<meta property=\"article:publisher\" content=\"https:\/\/www.facebook.com\/tapasmagazine\" \/>\n<meta property=\"article:published_time\" content=\"2025-05-09T10:54:56+00:00\" \/>\n<meta property=\"article:modified_time\" content=\"2025-05-09T10:58:36+00:00\" \/>\n<meta property=\"og:image\" content=\"https:\/\/www.tapasmagazine.es\/wp-content\/uploads\/2025\/05\/ibai-bad-bunny.jpg\" \/>\n\t<meta property=\"og:image:width\" content=\"1200\" \/>\n\t<meta property=\"og:image:height\" content=\"675\" \/>\n\t<meta property=\"og:image:type\" content=\"image\/jpeg\" \/>\n<meta name=\"author\" content=\"Laura P\u00e9rez\" \/>\n<meta name=\"twitter:card\" content=\"summary_large_image\" \/>\n<meta name=\"twitter:creator\" content=\"@TapasMagazine\" \/>\n<meta name=\"twitter:site\" content=\"@TapasMagazine\" \/>\n<meta name=\"twitter:label1\" content=\"Written by\" \/>\n\t<meta name=\"twitter:data1\" content=\"Laura P\u00e9rez\" \/>\n\t<meta name=\"twitter:label2\" content=\"Est. reading time\" \/>\n\t<meta name=\"twitter:data2\" content=\"2 minutes\" \/>\n<script type=\"application\/ld+json\" class=\"yoast-schema-graph\">{\"@context\":\"https:\\\/\\\/schema.org\",\"@graph\":[{\"@type\":\"Article\",\"@id\":\"https:\\\/\\\/www.tapasmagazine.es\\\/en\\\/bad-bunny-and-ibai-llanos-date-at-7th-street-burger\\\/#article\",\"isPartOf\":{\"@id\":\"https:\\\/\\\/www.tapasmagazine.es\\\/en\\\/bad-bunny-and-ibai-llanos-date-at-7th-street-burger\\\/\"},\"author\":{\"name\":\"Laura P\u00e9rez\",\"@id\":\"https:\\\/\\\/www.tapasmagazine.es\\\/#\\\/schema\\\/person\\\/eb46cbe76a9c8f062660eb609e3ecb4e\"},\"headline\":\"Bad Bunny and Ibai Llanos&#8217; date at 7th Street Burger\",\"datePublished\":\"2025-05-09T10:54:56+00:00\",\"dateModified\":\"2025-05-09T10:58:36+00:00\",\"mainEntityOfPage\":{\"@id\":\"https:\\\/\\\/www.tapasmagazine.es\\\/en\\\/bad-bunny-and-ibai-llanos-date-at-7th-street-burger\\\/\"},\"wordCount\":322,\"publisher\":{\"@id\":\"https:\\\/\\\/www.tapasmagazine.es\\\/#organization\"},\"image\":{\"@id\":\"https:\\\/\\\/www.tapasmagazine.es\\\/en\\\/bad-bunny-and-ibai-llanos-date-at-7th-street-burger\\\/#primaryimage\"},\"thumbnailUrl\":\"https:\\\/\\\/www.tapasmagazine.es\\\/wp-content\\\/uploads\\\/2025\\\/05\\\/ibai-bad-bunny.jpg\",\"articleSection\":[\"Personajes\"],\"inLanguage\":\"en-US\"},{\"@type\":\"WebPage\",\"@id\":\"https:\\\/\\\/www.tapasmagazine.es\\\/en\\\/bad-bunny-and-ibai-llanos-date-at-7th-street-burger\\\/\",\"url\":\"https:\\\/\\\/www.tapasmagazine.es\\\/en\\\/bad-bunny-and-ibai-llanos-date-at-7th-street-burger\\\/\",\"name\":\"Bad Bunny and Ibai Llanos' date at 7th Street Burger - Tapas\",\"isPartOf\":{\"@id\":\"https:\\\/\\\/www.tapasmagazine.es\\\/#website\"},\"primaryImageOfPage\":{\"@id\":\"https:\\\/\\\/www.tapasmagazine.es\\\/en\\\/bad-bunny-and-ibai-llanos-date-at-7th-street-burger\\\/#primaryimage\"},\"image\":{\"@id\":\"https:\\\/\\\/www.tapasmagazine.es\\\/en\\\/bad-bunny-and-ibai-llanos-date-at-7th-street-burger\\\/#primaryimage\"},\"thumbnailUrl\":\"https:\\\/\\\/www.tapasmagazine.es\\\/wp-content\\\/uploads\\\/2025\\\/05\\\/ibai-bad-bunny.jpg\",\"datePublished\":\"2025-05-09T10:54:56+00:00\",\"dateModified\":\"2025-05-09T10:58:36+00:00\",\"description\":\"Click here to read the Spanish version. The musical legend from Puerto Rico has just announced the world tour of 'DeB\u00cd TiRAR M\u00e1S FOToS' which has led half\",\"breadcrumb\":{\"@id\":\"https:\\\/\\\/www.tapasmagazine.es\\\/en\\\/bad-bunny-and-ibai-llanos-date-at-7th-street-burger\\\/#breadcrumb\"},\"inLanguage\":\"en-US\",\"potentialAction\":[{\"@type\":\"ReadAction\",\"target\":[\"https:\\\/\\\/www.tapasmagazine.es\\\/en\\\/bad-bunny-and-ibai-llanos-date-at-7th-street-burger\\\/\"]}]},{\"@type\":\"ImageObject\",\"inLanguage\":\"en-US\",\"@id\":\"https:\\\/\\\/www.tapasmagazine.es\\\/en\\\/bad-bunny-and-ibai-llanos-date-at-7th-street-burger\\\/#primaryimage\",\"url\":\"https:\\\/\\\/www.tapasmagazine.es\\\/wp-content\\\/uploads\\\/2025\\\/05\\\/ibai-bad-bunny.jpg\",\"contentUrl\":\"https:\\\/\\\/www.tapasmagazine.es\\\/wp-content\\\/uploads\\\/2025\\\/05\\\/ibai-bad-bunny.jpg\",\"width\":1200,\"height\":675},{\"@type\":\"BreadcrumbList\",\"@id\":\"https:\\\/\\\/www.tapasmagazine.es\\\/en\\\/bad-bunny-and-ibai-llanos-date-at-7th-street-burger\\\/#breadcrumb\",\"itemListElement\":[{\"@type\":\"ListItem\",\"position\":1,\"name\":\"Portada\",\"item\":\"https:\\\/\\\/www.tapasmagazine.es\\\/\"},{\"@type\":\"ListItem\",\"position\":2,\"name\":\"Nombres propios\",\"item\":\"https:\\\/\\\/www.tapasmagazine.es\\\/categorias\\\/nombres-propios\\\/\"},{\"@type\":\"ListItem\",\"position\":3,\"name\":\"Personajes\",\"item\":\"http:\\\/\\\/www.tapasmagazine.es\\\/categorias\\\/nombres-propios\\\/personajes\\\/\"},{\"@type\":\"ListItem\",\"position\":4,\"name\":\"Bad Bunny and Ibai Llanos&#8217; date at 7th Street Burger\"}]},{\"@type\":\"WebSite\",\"@id\":\"https:\\\/\\\/www.tapasmagazine.es\\\/#website\",\"url\":\"https:\\\/\\\/www.tapasmagazine.es\\\/\",\"name\":\"Tapas\",\"description\":\"\u00d1am \u00d1am Lifestyle. La vida a bocados. Premio Nacional de Gastronom\u00eda 2016.\",\"publisher\":{\"@id\":\"https:\\\/\\\/www.tapasmagazine.es\\\/#organization\"},\"potentialAction\":[{\"@type\":\"SearchAction\",\"target\":{\"@type\":\"EntryPoint\",\"urlTemplate\":\"https:\\\/\\\/www.tapasmagazine.es\\\/?s={search_term_string}\"},\"query-input\":{\"@type\":\"PropertyValueSpecification\",\"valueRequired\":true,\"valueName\":\"search_term_string\"}}],\"inLanguage\":\"en-US\"},{\"@type\":\"Organization\",\"@id\":\"https:\\\/\\\/www.tapasmagazine.es\\\/#organization\",\"name\":\"Tapas Magazine\",\"url\":\"https:\\\/\\\/www.tapasmagazine.es\\\/\",\"logo\":{\"@type\":\"ImageObject\",\"inLanguage\":\"en-US\",\"@id\":\"https:\\\/\\\/www.tapasmagazine.es\\\/#\\\/schema\\\/logo\\\/image\\\/\",\"url\":\"https:\\\/\\\/www.tapasmagazine.es\\\/wp-content\\\/uploads\\\/2018\\\/01\\\/logo.png\",\"contentUrl\":\"https:\\\/\\\/www.tapasmagazine.es\\\/wp-content\\\/uploads\\\/2018\\\/01\\\/logo.png\",\"width\":180,\"height\":60,\"caption\":\"Tapas Magazine\"},\"image\":{\"@id\":\"https:\\\/\\\/www.tapasmagazine.es\\\/#\\\/schema\\\/logo\\\/image\\\/\"},\"sameAs\":[\"https:\\\/\\\/www.facebook.com\\\/tapasmagazine\",\"https:\\\/\\\/x.com\\\/TapasMagazine\",\"https:\\\/\\\/www.instagram.com\\\/tapasmagazine\\\/\",\"https:\\\/\\\/www.linkedin.com\\\/company\\\/tapas-magazine\",\"https:\\\/\\\/es.pinterest.com\\\/tapasmagazine\\\/\",\"https:\\\/\\\/www.youtube.com\\\/channel\\\/UCEyxneAaACuR0lfDagrWjjg?sub_confirmation=1\"]},{\"@type\":\"Person\",\"@id\":\"https:\\\/\\\/www.tapasmagazine.es\\\/#\\\/schema\\\/person\\\/eb46cbe76a9c8f062660eb609e3ecb4e\",\"name\":\"Laura P\u00e9rez\",\"url\":\"https:\\\/\\\/www.tapasmagazine.es\\\/en\\\/author\\\/laura-perez\\\/\"}]}<\/script>\n<!-- \/ Yoast SEO plugin. -->","yoast_head_json":{"title":"Bad Bunny and Ibai Llanos' date at 7th Street Burger - Tapas","description":"Click here to read the Spanish version. The musical legend from Puerto Rico has just announced the world tour of 'DeB\u00cd TiRAR M\u00e1S FOToS' which has led half","robots":{"index":"index","follow":"follow","max-snippet":"max-snippet:-1","max-image-preview":"max-image-preview:large","max-video-preview":"max-video-preview:-1"},"canonical":"https:\/\/www.tapasmagazine.es\/en\/bad-bunny-and-ibai-llanos-date-at-7th-street-burger\/","og_locale":"en_US","og_type":"article","og_title":"Bad Bunny and Ibai Llanos' date at 7th Street Burger - Tapas","og_description":"Click here to read the Spanish version. The musical legend from Puerto Rico has just announced the world tour of 'DeB\u00cd TiRAR M\u00e1S FOToS' which has led half","og_url":"https:\/\/www.tapasmagazine.es\/en\/bad-bunny-and-ibai-llanos-date-at-7th-street-burger\/","og_site_name":"Tapas","article_publisher":"https:\/\/www.facebook.com\/tapasmagazine","article_published_time":"2025-05-09T10:54:56+00:00","article_modified_time":"2025-05-09T10:58:36+00:00","og_image":[{"width":1200,"height":675,"url":"https:\/\/www.tapasmagazine.es\/wp-content\/uploads\/2025\/05\/ibai-bad-bunny.jpg","type":"image\/jpeg"}],"author":"Laura P\u00e9rez","twitter_card":"summary_large_image","twitter_creator":"@TapasMagazine","twitter_site":"@TapasMagazine","twitter_misc":{"Written by":"Laura P\u00e9rez","Est. reading time":"2 minutes"},"schema":{"@context":"https:\/\/schema.org","@graph":[{"@type":"Article","@id":"https:\/\/www.tapasmagazine.es\/en\/bad-bunny-and-ibai-llanos-date-at-7th-street-burger\/#article","isPartOf":{"@id":"https:\/\/www.tapasmagazine.es\/en\/bad-bunny-and-ibai-llanos-date-at-7th-street-burger\/"},"author":{"name":"Laura P\u00e9rez","@id":"https:\/\/www.tapasmagazine.es\/#\/schema\/person\/eb46cbe76a9c8f062660eb609e3ecb4e"},"headline":"Bad Bunny and Ibai Llanos&#8217; date at 7th Street Burger","datePublished":"2025-05-09T10:54:56+00:00","dateModified":"2025-05-09T10:58:36+00:00","mainEntityOfPage":{"@id":"https:\/\/www.tapasmagazine.es\/en\/bad-bunny-and-ibai-llanos-date-at-7th-street-burger\/"},"wordCount":322,"publisher":{"@id":"https:\/\/www.tapasmagazine.es\/#organization"},"image":{"@id":"https:\/\/www.tapasmagazine.es\/en\/bad-bunny-and-ibai-llanos-date-at-7th-street-burger\/#primaryimage"},"thumbnailUrl":"https:\/\/www.tapasmagazine.es\/wp-content\/uploads\/2025\/05\/ibai-bad-bunny.jpg","articleSection":["Personajes"],"inLanguage":"en-US"},{"@type":"WebPage","@id":"https:\/\/www.tapasmagazine.es\/en\/bad-bunny-and-ibai-llanos-date-at-7th-street-burger\/","url":"https:\/\/www.tapasmagazine.es\/en\/bad-bunny-and-ibai-llanos-date-at-7th-street-burger\/","name":"Bad Bunny and Ibai Llanos' date at 7th Street Burger - Tapas","isPartOf":{"@id":"https:\/\/www.tapasmagazine.es\/#website"},"primaryImageOfPage":{"@id":"https:\/\/www.tapasmagazine.es\/en\/bad-bunny-and-ibai-llanos-date-at-7th-street-burger\/#primaryimage"},"image":{"@id":"https:\/\/www.tapasmagazine.es\/en\/bad-bunny-and-ibai-llanos-date-at-7th-street-burger\/#primaryimage"},"thumbnailUrl":"https:\/\/www.tapasmagazine.es\/wp-content\/uploads\/2025\/05\/ibai-bad-bunny.jpg","datePublished":"2025-05-09T10:54:56+00:00","dateModified":"2025-05-09T10:58:36+00:00","description":"Click here to read the Spanish version. The musical legend from Puerto Rico has just announced the world tour of 'DeB\u00cd TiRAR M\u00e1S FOToS' which has led half","breadcrumb":{"@id":"https:\/\/www.tapasmagazine.es\/en\/bad-bunny-and-ibai-llanos-date-at-7th-street-burger\/#breadcrumb"},"inLanguage":"en-US","potentialAction":[{"@type":"ReadAction","target":["https:\/\/www.tapasmagazine.es\/en\/bad-bunny-and-ibai-llanos-date-at-7th-street-burger\/"]}]},{"@type":"ImageObject","inLanguage":"en-US","@id":"https:\/\/www.tapasmagazine.es\/en\/bad-bunny-and-ibai-llanos-date-at-7th-street-burger\/#primaryimage","url":"https:\/\/www.tapasmagazine.es\/wp-content\/uploads\/2025\/05\/ibai-bad-bunny.jpg","contentUrl":"https:\/\/www.tapasmagazine.es\/wp-content\/uploads\/2025\/05\/ibai-bad-bunny.jpg","width":1200,"height":675},{"@type":"BreadcrumbList","@id":"https:\/\/www.tapasmagazine.es\/en\/bad-bunny-and-ibai-llanos-date-at-7th-street-burger\/#breadcrumb","itemListElement":[{"@type":"ListItem","position":1,"name":"Portada","item":"https:\/\/www.tapasmagazine.es\/"},{"@type":"ListItem","position":2,"name":"Nombres propios","item":"https:\/\/www.tapasmagazine.es\/categorias\/nombres-propios\/"},{"@type":"ListItem","position":3,"name":"Personajes","item":"http:\/\/www.tapasmagazine.es\/categorias\/nombres-propios\/personajes\/"},{"@type":"ListItem","position":4,"name":"Bad Bunny and Ibai Llanos&#8217; date at 7th Street Burger"}]},{"@type":"WebSite","@id":"https:\/\/www.tapasmagazine.es\/#website","url":"https:\/\/www.tapasmagazine.es\/","name":"Tapas","description":"\u00d1am \u00d1am Lifestyle. La vida a bocados. Premio Nacional de Gastronom\u00eda 2016.","publisher":{"@id":"https:\/\/www.tapasmagazine.es\/#organization"},"potentialAction":[{"@type":"SearchAction","target":{"@type":"EntryPoint","urlTemplate":"https:\/\/www.tapasmagazine.es\/?s={search_term_string}"},"query-input":{"@type":"PropertyValueSpecification","valueRequired":true,"valueName":"search_term_string"}}],"inLanguage":"en-US"},{"@type":"Organization","@id":"https:\/\/www.tapasmagazine.es\/#organization","name":"Tapas Magazine","url":"https:\/\/www.tapasmagazine.es\/","logo":{"@type":"ImageObject","inLanguage":"en-US","@id":"https:\/\/www.tapasmagazine.es\/#\/schema\/logo\/image\/","url":"https:\/\/www.tapasmagazine.es\/wp-content\/uploads\/2018\/01\/logo.png","contentUrl":"https:\/\/www.tapasmagazine.es\/wp-content\/uploads\/2018\/01\/logo.png","width":180,"height":60,"caption":"Tapas Magazine"},"image":{"@id":"https:\/\/www.tapasmagazine.es\/#\/schema\/logo\/image\/"},"sameAs":["https:\/\/www.facebook.com\/tapasmagazine","https:\/\/x.com\/TapasMagazine","https:\/\/www.instagram.com\/tapasmagazine\/","https:\/\/www.linkedin.com\/company\/tapas-magazine","https:\/\/es.pinterest.com\/tapasmagazine\/","https:\/\/www.youtube.com\/channel\/UCEyxneAaACuR0lfDagrWjjg?sub_confirmation=1"]},{"@type":"Person","@id":"https:\/\/www.tapasmagazine.es\/#\/schema\/person\/eb46cbe76a9c8f062660eb609e3ecb4e","name":"Laura P\u00e9rez","url":"https:\/\/www.tapasmagazine.es\/en\/author\/laura-perez\/"}]}},"_links":{"self":[{"href":"https:\/\/www.tapasmagazine.es\/en\/wp-json\/wp\/v2\/posts\/289839","targetHints":{"allow":["GET"]}}],"collection":[{"href":"https:\/\/www.tapasmagazine.es\/en\/wp-json\/wp\/v2\/posts"}],"about":[{"href":"https:\/\/www.tapasmagazine.es\/en\/wp-json\/wp\/v2\/types\/post"}],"author":[{"embeddable":true,"href":"https:\/\/www.tapasmagazine.es\/en\/wp-json\/wp\/v2\/users\/285"}],"replies":[{"embeddable":true,"href":"https:\/\/www.tapasmagazine.es\/en\/wp-json\/wp\/v2\/comments?post=289839"}],"version-history":[{"count":2,"href":"https:\/\/www.tapasmagazine.es\/en\/wp-json\/wp\/v2\/posts\/289839\/revisions"}],"predecessor-version":[{"id":289846,"href":"https:\/\/www.tapasmagazine.es\/en\/wp-json\/wp\/v2\/posts\/289839\/revisions\/289846"}],"wp:featuredmedia":[{"embeddable":true,"href":"https:\/\/www.tapasmagazine.es\/en\/wp-json\/wp\/v2\/media\/289824"}],"wp:attachment":[{"href":"https:\/\/www.tapasmagazine.es\/en\/wp-json\/wp\/v2\/media?parent=289839"}],"wp:term":[{"taxonomy":"category","embeddable":true,"href":"https:\/\/www.tapasmagazine.es\/en\/wp-json\/wp\/v2\/categories?post=289839"},{"taxonomy":"post_tag","embeddable":true,"href":"https:\/\/www.tapasmagazine.es\/en\/wp-json\/wp\/v2\/tags?post=289839"}],"curies":[{"name":"wp","href":"https:\/\/api.w.org\/{rel}","templated":true}]}}