{"id":289326,"date":"2025-05-06T12:55:05","date_gmt":"2025-05-06T10:55:05","guid":{"rendered":"https:\/\/www.tapasmagazine.es\/la-comida-sagrada-que-reciben-los-cardenales-durante-el-conclave\/"},"modified":"2025-05-06T12:59:34","modified_gmt":"2025-05-06T10:59:34","slug":"the-sacred-meal-cardinals-receive-during-conclave","status":"publish","type":"post","link":"https:\/\/www.tapasmagazine.es\/en\/the-sacred-meal-cardinals-receive-during-conclave\/","title":{"rendered":"The sacred meal cardinals receive during Conclave"},"content":{"rendered":"\n<p><strong>Click <a href=\"https:\/\/www.tapasmagazine.es\/en\/maxime-frederic-sculpts-louis-vuitton-easter-chocolates\/\" target=\"_blank\" rel=\"noreferrer noopener\">h<\/a><a href=\"https:\/\/www.tapasmagazine.es\/en\/big-mac-index-measuring-the-global-economy-with-a-burger\/\" target=\"_blank\" rel=\"noreferrer noopener\">e<\/a><a href=\"https:\/\/www.tapasmagazine.es\/en\/the-sacred-meal-cardinals-receive-during-conclave\/\" target=\"_blank\" rel=\"noreferrer noopener\">re<\/a> to read the Spanish version<\/strong>.<\/p>\n\n\n\n<p>Following the death of <strong>Pope Francis<\/strong>, cardinals from around the world have gathered in the Vatican to proceed to the <strong>Conclave<\/strong>, and designate the new Pope revealed through the column of white smoke as a sacred symbol. This method by which the Catholic Church proceeds to designate the next Pope from among all the members of the College of Cardinals, forces the cardinals to lock themselves in the Sistine Chapel, forbidding them any contact with the outside world until the decision on the chosen successor has been made.<\/p>\n\n\n<div class=\"wp-block-image\">\n<figure class=\"aligncenter size-large\"><img decoding=\"async\" width=\"1024\" height=\"683\" src=\"https:\/\/www.tapasmagazine.es\/wp-content\/uploads\/2025\/05\/pope-francis-leads-way-of-the-cross-on-rios-copacabana-beach-227371-1-1024x683.jpg\" alt=\"\" class=\"wp-image-289321\" srcset=\"https:\/\/www.tapasmagazine.es\/wp-content\/uploads\/2025\/05\/pope-francis-leads-way-of-the-cross-on-rios-copacabana-beach-227371-1-1024x683.jpg 1024w, https:\/\/www.tapasmagazine.es\/wp-content\/uploads\/2025\/05\/pope-francis-leads-way-of-the-cross-on-rios-copacabana-beach-227371-1-300x200.jpg 300w, https:\/\/www.tapasmagazine.es\/wp-content\/uploads\/2025\/05\/pope-francis-leads-way-of-the-cross-on-rios-copacabana-beach-227371-1-768x512.jpg 768w, https:\/\/www.tapasmagazine.es\/wp-content\/uploads\/2025\/05\/pope-francis-leads-way-of-the-cross-on-rios-copacabana-beach-227371-1-1000x667.jpg 1000w, https:\/\/www.tapasmagazine.es\/wp-content\/uploads\/2025\/05\/pope-francis-leads-way-of-the-cross-on-rios-copacabana-beach-227371-1-400x267.jpg 400w, https:\/\/www.tapasmagazine.es\/wp-content\/uploads\/2025\/05\/pope-francis-leads-way-of-the-cross-on-rios-copacabana-beach-227371-1.jpg 1500w\" sizes=\"(max-width: 1024px) 100vw, 1024px\" \/><\/figure>\n<\/div>\n\n\n<p>During the process, <strong>food <\/strong>becomes a religion, despite the fact that in the latter stages of the Conclave, which lasted almost three years, the cardinals were only fed bread and water in an attempt to speed up the appointment. Fortunately, this is no longer the norm, and the cardinals are now being fed decently.<\/p>\n\n\n<div class=\"wp-block-image\">\n<figure class=\"aligncenter size-large\"><img decoding=\"async\" width=\"1024\" height=\"576\" src=\"https:\/\/www.tapasmagazine.es\/wp-content\/uploads\/2025\/05\/conclave-pelicula-iglesia-1024x576.webp\" alt=\"\" class=\"wp-image-289319\" srcset=\"https:\/\/www.tapasmagazine.es\/wp-content\/uploads\/2025\/05\/conclave-pelicula-iglesia-1024x576.webp 1024w, https:\/\/www.tapasmagazine.es\/wp-content\/uploads\/2025\/05\/conclave-pelicula-iglesia-300x169.webp 300w, https:\/\/www.tapasmagazine.es\/wp-content\/uploads\/2025\/05\/conclave-pelicula-iglesia-768x432.webp 768w, https:\/\/www.tapasmagazine.es\/wp-content\/uploads\/2025\/05\/conclave-pelicula-iglesia-1536x864.webp 1536w, https:\/\/www.tapasmagazine.es\/wp-content\/uploads\/2025\/05\/conclave-pelicula-iglesia-1200x675.webp 1200w, https:\/\/www.tapasmagazine.es\/wp-content\/uploads\/2025\/05\/conclave-pelicula-iglesia-1000x563.webp 1000w, https:\/\/www.tapasmagazine.es\/wp-content\/uploads\/2025\/05\/conclave-pelicula-iglesia-400x225.webp 400w, https:\/\/www.tapasmagazine.es\/wp-content\/uploads\/2025\/05\/conclave-pelicula-iglesia.webp 1920w\" sizes=\"(max-width: 1024px) 100vw, 1024px\" \/><\/figure>\n<\/div>\n\n\n<p>Despite the oath of secrecy they take before the process begins, what we do know is that, during a conclave, all meals are prepared and eaten under close supervision. For the <strong>2025 conclave<\/strong>, which will begin on <strong>7 May<\/strong>, the local nuns will prepare simple dishes of regional cuisine, such as minestrone, spaghetti and arrosticini, or lamb kebabs, as well as boiled vegetables and other types of soup.<\/p>\n","protected":false},"excerpt":{"rendered":"<p>Click here to read the Spanish version. Following the death of Pope Francis, cardinals from around the world have gathered in the Vatican to proceed to the Conclave, and designate the new Pope revealed through the column of white smoke as a sacred symbol. This method by which the Catholic Church proceeds to designate the [&hellip;]<\/p>\n","protected":false},"author":285,"featured_media":289313,"comment_status":"closed","ping_status":"closed","sticky":false,"template":"","format":"standard","meta":{"_acf_changed":false,"footnotes":""},"categories":[15807,1],"tags":[19596],"class_list":["post-289326","post","type-post","status-publish","format-standard","has-post-thumbnail","hentry","category-gastro-en","category-sin-categorizar","tag-papa-francisco-en","cat-15807-id","cat-1-id"],"acf":[],"yoast_head":"<!-- This site is optimized with the Yoast SEO plugin v27.4 - https:\/\/yoast.com\/product\/yoast-seo-wordpress\/ -->\n<title>The sacred meal cardinals receive during Conclave - Tapas<\/title>\n<meta name=\"description\" content=\"Click here to read the Spanish version. Following the death of Pope Francis, cardinals from around the world have gathered in the Vatican to proceed to\" \/>\n<meta name=\"robots\" content=\"index, follow, max-snippet:-1, max-image-preview:large, max-video-preview:-1\" \/>\n<link rel=\"canonical\" href=\"https:\/\/www.tapasmagazine.es\/en\/the-sacred-meal-cardinals-receive-during-conclave\/\" \/>\n<meta property=\"og:locale\" content=\"en_US\" \/>\n<meta property=\"og:type\" content=\"article\" \/>\n<meta property=\"og:title\" content=\"The sacred meal cardinals receive during Conclave - Tapas\" \/>\n<meta property=\"og:description\" content=\"Click here to read the Spanish version. Following the death of Pope Francis, cardinals from around the world have gathered in the Vatican to proceed to\" \/>\n<meta property=\"og:url\" content=\"https:\/\/www.tapasmagazine.es\/en\/the-sacred-meal-cardinals-receive-during-conclave\/\" \/>\n<meta property=\"og:site_name\" content=\"Tapas\" \/>\n<meta property=\"article:publisher\" content=\"https:\/\/www.facebook.com\/tapasmagazine\" \/>\n<meta property=\"article:published_time\" content=\"2025-05-06T10:55:05+00:00\" \/>\n<meta property=\"article:modified_time\" content=\"2025-05-06T10:59:34+00:00\" \/>\n<meta property=\"og:image\" content=\"https:\/\/www.tapasmagazine.es\/wp-content\/uploads\/2025\/05\/conclave-comida.jpg\" \/>\n\t<meta property=\"og:image:width\" content=\"1200\" \/>\n\t<meta property=\"og:image:height\" content=\"675\" \/>\n\t<meta property=\"og:image:type\" content=\"image\/jpeg\" \/>\n<meta name=\"author\" content=\"Laura P\u00e9rez\" \/>\n<meta name=\"twitter:card\" content=\"summary_large_image\" \/>\n<meta name=\"twitter:creator\" content=\"@TapasMagazine\" \/>\n<meta name=\"twitter:site\" content=\"@TapasMagazine\" \/>\n<meta name=\"twitter:label1\" content=\"Written by\" \/>\n\t<meta name=\"twitter:data1\" content=\"Laura P\u00e9rez\" \/>\n\t<meta name=\"twitter:label2\" content=\"Est. reading time\" \/>\n\t<meta name=\"twitter:data2\" content=\"2 minutes\" \/>\n<script type=\"application\/ld+json\" class=\"yoast-schema-graph\">{\"@context\":\"https:\\\/\\\/schema.org\",\"@graph\":[{\"@type\":\"Article\",\"@id\":\"https:\\\/\\\/www.tapasmagazine.es\\\/en\\\/the-sacred-meal-cardinals-receive-during-conclave\\\/#article\",\"isPartOf\":{\"@id\":\"https:\\\/\\\/www.tapasmagazine.es\\\/en\\\/the-sacred-meal-cardinals-receive-during-conclave\\\/\"},\"author\":{\"name\":\"Laura P\u00e9rez\",\"@id\":\"https:\\\/\\\/www.tapasmagazine.es\\\/#\\\/schema\\\/person\\\/eb46cbe76a9c8f062660eb609e3ecb4e\"},\"headline\":\"The sacred meal cardinals receive during Conclave\",\"datePublished\":\"2025-05-06T10:55:05+00:00\",\"dateModified\":\"2025-05-06T10:59:34+00:00\",\"mainEntityOfPage\":{\"@id\":\"https:\\\/\\\/www.tapasmagazine.es\\\/en\\\/the-sacred-meal-cardinals-receive-during-conclave\\\/\"},\"wordCount\":224,\"publisher\":{\"@id\":\"https:\\\/\\\/www.tapasmagazine.es\\\/#organization\"},\"image\":{\"@id\":\"https:\\\/\\\/www.tapasmagazine.es\\\/en\\\/the-sacred-meal-cardinals-receive-during-conclave\\\/#primaryimage\"},\"thumbnailUrl\":\"https:\\\/\\\/www.tapasmagazine.es\\\/wp-content\\\/uploads\\\/2025\\\/05\\\/conclave-comida.jpg\",\"keywords\":[\"Papa Francisco\"],\"articleSection\":[\"Gastro\",\"Sin categorizar\"],\"inLanguage\":\"en-US\"},{\"@type\":\"WebPage\",\"@id\":\"https:\\\/\\\/www.tapasmagazine.es\\\/en\\\/the-sacred-meal-cardinals-receive-during-conclave\\\/\",\"url\":\"https:\\\/\\\/www.tapasmagazine.es\\\/en\\\/the-sacred-meal-cardinals-receive-during-conclave\\\/\",\"name\":\"The sacred meal cardinals receive during Conclave - Tapas\",\"isPartOf\":{\"@id\":\"https:\\\/\\\/www.tapasmagazine.es\\\/#website\"},\"primaryImageOfPage\":{\"@id\":\"https:\\\/\\\/www.tapasmagazine.es\\\/en\\\/the-sacred-meal-cardinals-receive-during-conclave\\\/#primaryimage\"},\"image\":{\"@id\":\"https:\\\/\\\/www.tapasmagazine.es\\\/en\\\/the-sacred-meal-cardinals-receive-during-conclave\\\/#primaryimage\"},\"thumbnailUrl\":\"https:\\\/\\\/www.tapasmagazine.es\\\/wp-content\\\/uploads\\\/2025\\\/05\\\/conclave-comida.jpg\",\"datePublished\":\"2025-05-06T10:55:05+00:00\",\"dateModified\":\"2025-05-06T10:59:34+00:00\",\"description\":\"Click here to read the Spanish version. Following the death of Pope Francis, cardinals from around the world have gathered in the Vatican to proceed to\",\"breadcrumb\":{\"@id\":\"https:\\\/\\\/www.tapasmagazine.es\\\/en\\\/the-sacred-meal-cardinals-receive-during-conclave\\\/#breadcrumb\"},\"inLanguage\":\"en-US\",\"potentialAction\":[{\"@type\":\"ReadAction\",\"target\":[\"https:\\\/\\\/www.tapasmagazine.es\\\/en\\\/the-sacred-meal-cardinals-receive-during-conclave\\\/\"]}]},{\"@type\":\"ImageObject\",\"inLanguage\":\"en-US\",\"@id\":\"https:\\\/\\\/www.tapasmagazine.es\\\/en\\\/the-sacred-meal-cardinals-receive-during-conclave\\\/#primaryimage\",\"url\":\"https:\\\/\\\/www.tapasmagazine.es\\\/wp-content\\\/uploads\\\/2025\\\/05\\\/conclave-comida.jpg\",\"contentUrl\":\"https:\\\/\\\/www.tapasmagazine.es\\\/wp-content\\\/uploads\\\/2025\\\/05\\\/conclave-comida.jpg\",\"width\":1200,\"height\":675},{\"@type\":\"BreadcrumbList\",\"@id\":\"https:\\\/\\\/www.tapasmagazine.es\\\/en\\\/the-sacred-meal-cardinals-receive-during-conclave\\\/#breadcrumb\",\"itemListElement\":[{\"@type\":\"ListItem\",\"position\":1,\"name\":\"Portada\",\"item\":\"https:\\\/\\\/www.tapasmagazine.es\\\/\"},{\"@type\":\"ListItem\",\"position\":2,\"name\":\"Gastro\",\"item\":\"https:\\\/\\\/www.tapasmagazine.es\\\/categorias\\\/gastro\\\/\"},{\"@type\":\"ListItem\",\"position\":3,\"name\":\"The sacred meal cardinals receive during Conclave\"}]},{\"@type\":\"WebSite\",\"@id\":\"https:\\\/\\\/www.tapasmagazine.es\\\/#website\",\"url\":\"https:\\\/\\\/www.tapasmagazine.es\\\/\",\"name\":\"Tapas\",\"description\":\"\u00d1am \u00d1am Lifestyle. La vida a bocados. Premio Nacional de Gastronom\u00eda 2016.\",\"publisher\":{\"@id\":\"https:\\\/\\\/www.tapasmagazine.es\\\/#organization\"},\"potentialAction\":[{\"@type\":\"SearchAction\",\"target\":{\"@type\":\"EntryPoint\",\"urlTemplate\":\"https:\\\/\\\/www.tapasmagazine.es\\\/?s={search_term_string}\"},\"query-input\":{\"@type\":\"PropertyValueSpecification\",\"valueRequired\":true,\"valueName\":\"search_term_string\"}}],\"inLanguage\":\"en-US\"},{\"@type\":\"Organization\",\"@id\":\"https:\\\/\\\/www.tapasmagazine.es\\\/#organization\",\"name\":\"Tapas Magazine\",\"url\":\"https:\\\/\\\/www.tapasmagazine.es\\\/\",\"logo\":{\"@type\":\"ImageObject\",\"inLanguage\":\"en-US\",\"@id\":\"https:\\\/\\\/www.tapasmagazine.es\\\/#\\\/schema\\\/logo\\\/image\\\/\",\"url\":\"https:\\\/\\\/www.tapasmagazine.es\\\/wp-content\\\/uploads\\\/2018\\\/01\\\/logo.png\",\"contentUrl\":\"https:\\\/\\\/www.tapasmagazine.es\\\/wp-content\\\/uploads\\\/2018\\\/01\\\/logo.png\",\"width\":180,\"height\":60,\"caption\":\"Tapas Magazine\"},\"image\":{\"@id\":\"https:\\\/\\\/www.tapasmagazine.es\\\/#\\\/schema\\\/logo\\\/image\\\/\"},\"sameAs\":[\"https:\\\/\\\/www.facebook.com\\\/tapasmagazine\",\"https:\\\/\\\/x.com\\\/TapasMagazine\",\"https:\\\/\\\/www.instagram.com\\\/tapasmagazine\\\/\",\"https:\\\/\\\/www.linkedin.com\\\/company\\\/tapas-magazine\",\"https:\\\/\\\/es.pinterest.com\\\/tapasmagazine\\\/\",\"https:\\\/\\\/www.youtube.com\\\/channel\\\/UCEyxneAaACuR0lfDagrWjjg?sub_confirmation=1\"]},{\"@type\":\"Person\",\"@id\":\"https:\\\/\\\/www.tapasmagazine.es\\\/#\\\/schema\\\/person\\\/eb46cbe76a9c8f062660eb609e3ecb4e\",\"name\":\"Laura P\u00e9rez\",\"url\":\"https:\\\/\\\/www.tapasmagazine.es\\\/en\\\/author\\\/laura-perez\\\/\"}]}<\/script>\n<!-- \/ Yoast SEO plugin. -->","yoast_head_json":{"title":"The sacred meal cardinals receive during Conclave - Tapas","description":"Click here to read the Spanish version. Following the death of Pope Francis, cardinals from around the world have gathered in the Vatican to proceed to","robots":{"index":"index","follow":"follow","max-snippet":"max-snippet:-1","max-image-preview":"max-image-preview:large","max-video-preview":"max-video-preview:-1"},"canonical":"https:\/\/www.tapasmagazine.es\/en\/the-sacred-meal-cardinals-receive-during-conclave\/","og_locale":"en_US","og_type":"article","og_title":"The sacred meal cardinals receive during Conclave - Tapas","og_description":"Click here to read the Spanish version. Following the death of Pope Francis, cardinals from around the world have gathered in the Vatican to proceed to","og_url":"https:\/\/www.tapasmagazine.es\/en\/the-sacred-meal-cardinals-receive-during-conclave\/","og_site_name":"Tapas","article_publisher":"https:\/\/www.facebook.com\/tapasmagazine","article_published_time":"2025-05-06T10:55:05+00:00","article_modified_time":"2025-05-06T10:59:34+00:00","og_image":[{"width":1200,"height":675,"url":"https:\/\/www.tapasmagazine.es\/wp-content\/uploads\/2025\/05\/conclave-comida.jpg","type":"image\/jpeg"}],"author":"Laura P\u00e9rez","twitter_card":"summary_large_image","twitter_creator":"@TapasMagazine","twitter_site":"@TapasMagazine","twitter_misc":{"Written by":"Laura P\u00e9rez","Est. reading time":"2 minutes"},"schema":{"@context":"https:\/\/schema.org","@graph":[{"@type":"Article","@id":"https:\/\/www.tapasmagazine.es\/en\/the-sacred-meal-cardinals-receive-during-conclave\/#article","isPartOf":{"@id":"https:\/\/www.tapasmagazine.es\/en\/the-sacred-meal-cardinals-receive-during-conclave\/"},"author":{"name":"Laura P\u00e9rez","@id":"https:\/\/www.tapasmagazine.es\/#\/schema\/person\/eb46cbe76a9c8f062660eb609e3ecb4e"},"headline":"The sacred meal cardinals receive during Conclave","datePublished":"2025-05-06T10:55:05+00:00","dateModified":"2025-05-06T10:59:34+00:00","mainEntityOfPage":{"@id":"https:\/\/www.tapasmagazine.es\/en\/the-sacred-meal-cardinals-receive-during-conclave\/"},"wordCount":224,"publisher":{"@id":"https:\/\/www.tapasmagazine.es\/#organization"},"image":{"@id":"https:\/\/www.tapasmagazine.es\/en\/the-sacred-meal-cardinals-receive-during-conclave\/#primaryimage"},"thumbnailUrl":"https:\/\/www.tapasmagazine.es\/wp-content\/uploads\/2025\/05\/conclave-comida.jpg","keywords":["Papa Francisco"],"articleSection":["Gastro","Sin categorizar"],"inLanguage":"en-US"},{"@type":"WebPage","@id":"https:\/\/www.tapasmagazine.es\/en\/the-sacred-meal-cardinals-receive-during-conclave\/","url":"https:\/\/www.tapasmagazine.es\/en\/the-sacred-meal-cardinals-receive-during-conclave\/","name":"The sacred meal cardinals receive during Conclave - Tapas","isPartOf":{"@id":"https:\/\/www.tapasmagazine.es\/#website"},"primaryImageOfPage":{"@id":"https:\/\/www.tapasmagazine.es\/en\/the-sacred-meal-cardinals-receive-during-conclave\/#primaryimage"},"image":{"@id":"https:\/\/www.tapasmagazine.es\/en\/the-sacred-meal-cardinals-receive-during-conclave\/#primaryimage"},"thumbnailUrl":"https:\/\/www.tapasmagazine.es\/wp-content\/uploads\/2025\/05\/conclave-comida.jpg","datePublished":"2025-05-06T10:55:05+00:00","dateModified":"2025-05-06T10:59:34+00:00","description":"Click here to read the Spanish version. Following the death of Pope Francis, cardinals from around the world have gathered in the Vatican to proceed to","breadcrumb":{"@id":"https:\/\/www.tapasmagazine.es\/en\/the-sacred-meal-cardinals-receive-during-conclave\/#breadcrumb"},"inLanguage":"en-US","potentialAction":[{"@type":"ReadAction","target":["https:\/\/www.tapasmagazine.es\/en\/the-sacred-meal-cardinals-receive-during-conclave\/"]}]},{"@type":"ImageObject","inLanguage":"en-US","@id":"https:\/\/www.tapasmagazine.es\/en\/the-sacred-meal-cardinals-receive-during-conclave\/#primaryimage","url":"https:\/\/www.tapasmagazine.es\/wp-content\/uploads\/2025\/05\/conclave-comida.jpg","contentUrl":"https:\/\/www.tapasmagazine.es\/wp-content\/uploads\/2025\/05\/conclave-comida.jpg","width":1200,"height":675},{"@type":"BreadcrumbList","@id":"https:\/\/www.tapasmagazine.es\/en\/the-sacred-meal-cardinals-receive-during-conclave\/#breadcrumb","itemListElement":[{"@type":"ListItem","position":1,"name":"Portada","item":"https:\/\/www.tapasmagazine.es\/"},{"@type":"ListItem","position":2,"name":"Gastro","item":"https:\/\/www.tapasmagazine.es\/categorias\/gastro\/"},{"@type":"ListItem","position":3,"name":"The sacred meal cardinals receive during Conclave"}]},{"@type":"WebSite","@id":"https:\/\/www.tapasmagazine.es\/#website","url":"https:\/\/www.tapasmagazine.es\/","name":"Tapas","description":"\u00d1am \u00d1am Lifestyle. La vida a bocados. Premio Nacional de Gastronom\u00eda 2016.","publisher":{"@id":"https:\/\/www.tapasmagazine.es\/#organization"},"potentialAction":[{"@type":"SearchAction","target":{"@type":"EntryPoint","urlTemplate":"https:\/\/www.tapasmagazine.es\/?s={search_term_string}"},"query-input":{"@type":"PropertyValueSpecification","valueRequired":true,"valueName":"search_term_string"}}],"inLanguage":"en-US"},{"@type":"Organization","@id":"https:\/\/www.tapasmagazine.es\/#organization","name":"Tapas Magazine","url":"https:\/\/www.tapasmagazine.es\/","logo":{"@type":"ImageObject","inLanguage":"en-US","@id":"https:\/\/www.tapasmagazine.es\/#\/schema\/logo\/image\/","url":"https:\/\/www.tapasmagazine.es\/wp-content\/uploads\/2018\/01\/logo.png","contentUrl":"https:\/\/www.tapasmagazine.es\/wp-content\/uploads\/2018\/01\/logo.png","width":180,"height":60,"caption":"Tapas Magazine"},"image":{"@id":"https:\/\/www.tapasmagazine.es\/#\/schema\/logo\/image\/"},"sameAs":["https:\/\/www.facebook.com\/tapasmagazine","https:\/\/x.com\/TapasMagazine","https:\/\/www.instagram.com\/tapasmagazine\/","https:\/\/www.linkedin.com\/company\/tapas-magazine","https:\/\/es.pinterest.com\/tapasmagazine\/","https:\/\/www.youtube.com\/channel\/UCEyxneAaACuR0lfDagrWjjg?sub_confirmation=1"]},{"@type":"Person","@id":"https:\/\/www.tapasmagazine.es\/#\/schema\/person\/eb46cbe76a9c8f062660eb609e3ecb4e","name":"Laura P\u00e9rez","url":"https:\/\/www.tapasmagazine.es\/en\/author\/laura-perez\/"}]}},"_links":{"self":[{"href":"https:\/\/www.tapasmagazine.es\/en\/wp-json\/wp\/v2\/posts\/289326","targetHints":{"allow":["GET"]}}],"collection":[{"href":"https:\/\/www.tapasmagazine.es\/en\/wp-json\/wp\/v2\/posts"}],"about":[{"href":"https:\/\/www.tapasmagazine.es\/en\/wp-json\/wp\/v2\/types\/post"}],"author":[{"embeddable":true,"href":"https:\/\/www.tapasmagazine.es\/en\/wp-json\/wp\/v2\/users\/285"}],"replies":[{"embeddable":true,"href":"https:\/\/www.tapasmagazine.es\/en\/wp-json\/wp\/v2\/comments?post=289326"}],"version-history":[{"count":2,"href":"https:\/\/www.tapasmagazine.es\/en\/wp-json\/wp\/v2\/posts\/289326\/revisions"}],"predecessor-version":[{"id":289335,"href":"https:\/\/www.tapasmagazine.es\/en\/wp-json\/wp\/v2\/posts\/289326\/revisions\/289335"}],"wp:featuredmedia":[{"embeddable":true,"href":"https:\/\/www.tapasmagazine.es\/en\/wp-json\/wp\/v2\/media\/289313"}],"wp:attachment":[{"href":"https:\/\/www.tapasmagazine.es\/en\/wp-json\/wp\/v2\/media?parent=289326"}],"wp:term":[{"taxonomy":"category","embeddable":true,"href":"https:\/\/www.tapasmagazine.es\/en\/wp-json\/wp\/v2\/categories?post=289326"},{"taxonomy":"post_tag","embeddable":true,"href":"https:\/\/www.tapasmagazine.es\/en\/wp-json\/wp\/v2\/tags?post=289326"}],"curies":[{"name":"wp","href":"https:\/\/api.w.org\/{rel}","templated":true}]}}