{"id":288065,"date":"2025-04-25T10:52:06","date_gmt":"2025-04-25T08:52:06","guid":{"rendered":"https:\/\/www.tapasmagazine.es\/emma-chamberlain-infusiona-su-cafe-en-una-linea-de-geles-de-ducha\/"},"modified":"2025-04-25T11:00:26","modified_gmt":"2025-04-25T09:00:26","slug":"emma-chamberlain-merges-her-coffee-into-a-line-of-shower-gels","status":"publish","type":"post","link":"https:\/\/www.tapasmagazine.es\/en\/emma-chamberlain-merges-her-coffee-into-a-line-of-shower-gels\/","title":{"rendered":"Emma Chamberlain merges her coffee in a line of shower gels"},"content":{"rendered":"\n<p><strong>Click <a href=\"https:\/\/www.tapasmagazine.es\/en\/emma-chamberlain-merges-her-coffee-into-a-line-of-shower-gels\/\" target=\"_blank\" rel=\"noreferrer noopener\">here<\/a> to read the Spanish version.<\/strong><\/p>\n\n\n\n<p><strong>Dove<\/strong> and <strong>Emma Chamberlain<\/strong>&#8216;s signature aesthetic have merged their identities in a range of coffee-scented gourmand gels. The \u201c<strong>Plant Milk Cleansing Collection<\/strong>\u201d includes four body washes whose main ingredient is plant-based milk, displaying delicious flavours such as oat milk and berry brulee or turmeric and lemon milk. The line is completed by a coconut and sweetened lychee milk and an almond and green apple milk.<\/p>\n\n\n\n<p>Each gel blends a series of patented moisturising ingredients such as lauric acid, stearic acid, glycerin and nutrient-packed plant milks; promising to deeply hydrate any skin type and provide the deepest cleansing possible.<\/p>\n\n\n\n<figure class=\"wp-block-gallery has-nested-images columns-default is-cropped wp-block-gallery-1 is-layout-flex wp-block-gallery-is-layout-flex\">\n<figure class=\"wp-block-image size-large\"><img decoding=\"async\" width=\"772\" height=\"800\" data-id=\"288052\" src=\"https:\/\/www.tapasmagazine.es\/wp-content\/uploads\/2025\/04\/Chamberlain_Coffee_Collab.jpg\" alt=\"\" class=\"wp-image-288052\" srcset=\"https:\/\/www.tapasmagazine.es\/wp-content\/uploads\/2025\/04\/Chamberlain_Coffee_Collab.jpg 772w, https:\/\/www.tapasmagazine.es\/wp-content\/uploads\/2025\/04\/Chamberlain_Coffee_Collab-290x300.jpg 290w, https:\/\/www.tapasmagazine.es\/wp-content\/uploads\/2025\/04\/Chamberlain_Coffee_Collab-768x796.jpg 768w, https:\/\/www.tapasmagazine.es\/wp-content\/uploads\/2025\/04\/Chamberlain_Coffee_Collab-400x415.jpg 400w\" sizes=\"(max-width: 772px) 100vw, 772px\" \/><\/figure>\n\n\n\n<figure class=\"wp-block-image size-large\"><img decoding=\"async\" width=\"1024\" height=\"1024\" data-id=\"288054\" src=\"https:\/\/www.tapasmagazine.es\/wp-content\/uploads\/2025\/04\/Plant_Milk_Body_Wash_Collection-1024x1024.jpg\" alt=\"\" class=\"wp-image-288054\" srcset=\"https:\/\/www.tapasmagazine.es\/wp-content\/uploads\/2025\/04\/Plant_Milk_Body_Wash_Collection-1024x1024.jpg 1024w, https:\/\/www.tapasmagazine.es\/wp-content\/uploads\/2025\/04\/Plant_Milk_Body_Wash_Collection-300x300.jpg 300w, https:\/\/www.tapasmagazine.es\/wp-content\/uploads\/2025\/04\/Plant_Milk_Body_Wash_Collection-150x150.jpg 150w, https:\/\/www.tapasmagazine.es\/wp-content\/uploads\/2025\/04\/Plant_Milk_Body_Wash_Collection-768x768.jpg 768w, https:\/\/www.tapasmagazine.es\/wp-content\/uploads\/2025\/04\/Plant_Milk_Body_Wash_Collection-1536x1536.jpg 1536w, https:\/\/www.tapasmagazine.es\/wp-content\/uploads\/2025\/04\/Plant_Milk_Body_Wash_Collection-2048x2048.jpg 2048w, https:\/\/www.tapasmagazine.es\/wp-content\/uploads\/2025\/04\/Plant_Milk_Body_Wash_Collection-1000x1000.jpg 1000w, https:\/\/www.tapasmagazine.es\/wp-content\/uploads\/2025\/04\/Plant_Milk_Body_Wash_Collection-400x400.jpg 400w\" sizes=\"(max-width: 1024px) 100vw, 1024px\" \/><\/figure>\n<\/figure>\n\n\n\n<p>&#8220;Self-care is what you need it to be: it&#8217;s about being intuitive with yourself and what you need. Whether it&#8217;s a coffee, a nap or a shower \u201cfor everything\u201d,&#8221; Chamberlain says in a press release. \u2018I&#8217;m so excited for Chamberlain Coffee to partner with Dove because we both care deeply about self-care and making the mundane more special.\u2019<\/p>\n\n\n\n<p><strong>Dove Plant Milk Cleansing Collection<\/strong> is available now at <strong>Target <\/strong>supermarkets.<\/p>\n","protected":false},"excerpt":{"rendered":"<p>Click here to read the Spanish version. Dove and Emma Chamberlain&#8216;s signature aesthetic have merged their identities in a range of coffee-scented gourmand gels. The \u201cPlant Milk Cleansing Collection\u201d includes four body washes whose main ingredient is plant-based milk, displaying delicious flavours such as oat milk and berry brulee or turmeric and lemon milk. The [&hellip;]<\/p>\n","protected":false},"author":285,"featured_media":288051,"comment_status":"closed","ping_status":"closed","sticky":false,"template":"","format":"standard","meta":{"_acf_changed":false,"footnotes":""},"categories":[18831,1],"tags":[],"class_list":["post-288065","post","type-post","status-publish","format-standard","has-post-thumbnail","hentry","category-lifestyle-en","category-sin-categorizar","cat-18831-id","cat-1-id"],"acf":[],"yoast_head":"<!-- This site is optimized with the Yoast SEO plugin v27.4 - https:\/\/yoast.com\/product\/yoast-seo-wordpress\/ -->\n<title>Emma Chamberlain merges her coffee in a line of shower gels - Tapas<\/title>\n<meta name=\"description\" content=\"Click here to read the Spanish version. Dove and Emma Chamberlain&#039;s signature aesthetic have merged their identities in a range of coffee-scented gourmand\" \/>\n<meta name=\"robots\" content=\"index, follow, max-snippet:-1, max-image-preview:large, max-video-preview:-1\" \/>\n<link rel=\"canonical\" href=\"https:\/\/www.tapasmagazine.es\/en\/emma-chamberlain-merges-her-coffee-into-a-line-of-shower-gels\/\" \/>\n<meta property=\"og:locale\" content=\"en_US\" \/>\n<meta property=\"og:type\" content=\"article\" \/>\n<meta property=\"og:title\" content=\"Emma Chamberlain merges her coffee in a line of shower gels - Tapas\" \/>\n<meta property=\"og:description\" content=\"Click here to read the Spanish version. Dove and Emma Chamberlain&#039;s signature aesthetic have merged their identities in a range of coffee-scented gourmand\" \/>\n<meta property=\"og:url\" content=\"https:\/\/www.tapasmagazine.es\/en\/emma-chamberlain-merges-her-coffee-into-a-line-of-shower-gels\/\" \/>\n<meta property=\"og:site_name\" content=\"Tapas\" \/>\n<meta property=\"article:publisher\" content=\"https:\/\/www.facebook.com\/tapasmagazine\" \/>\n<meta property=\"article:published_time\" content=\"2025-04-25T08:52:06+00:00\" \/>\n<meta property=\"article:modified_time\" content=\"2025-04-25T09:00:26+00:00\" \/>\n<meta property=\"og:image\" content=\"https:\/\/www.tapasmagazine.es\/wp-content\/uploads\/2025\/04\/emma.jpg\" \/>\n\t<meta property=\"og:image:width\" content=\"1200\" \/>\n\t<meta property=\"og:image:height\" content=\"675\" \/>\n\t<meta property=\"og:image:type\" content=\"image\/jpeg\" \/>\n<meta name=\"author\" content=\"Laura P\u00e9rez\" \/>\n<meta name=\"twitter:card\" content=\"summary_large_image\" \/>\n<meta name=\"twitter:creator\" content=\"@TapasMagazine\" \/>\n<meta name=\"twitter:site\" content=\"@TapasMagazine\" \/>\n<meta name=\"twitter:label1\" content=\"Written by\" \/>\n\t<meta name=\"twitter:data1\" content=\"Laura P\u00e9rez\" \/>\n\t<meta name=\"twitter:label2\" content=\"Est. reading time\" \/>\n\t<meta name=\"twitter:data2\" content=\"2 minutes\" \/>\n<script type=\"application\/ld+json\" class=\"yoast-schema-graph\">{\"@context\":\"https:\\\/\\\/schema.org\",\"@graph\":[{\"@type\":\"Article\",\"@id\":\"https:\\\/\\\/www.tapasmagazine.es\\\/en\\\/emma-chamberlain-merges-her-coffee-into-a-line-of-shower-gels\\\/#article\",\"isPartOf\":{\"@id\":\"https:\\\/\\\/www.tapasmagazine.es\\\/en\\\/emma-chamberlain-merges-her-coffee-into-a-line-of-shower-gels\\\/\"},\"author\":{\"name\":\"Laura P\u00e9rez\",\"@id\":\"https:\\\/\\\/www.tapasmagazine.es\\\/#\\\/schema\\\/person\\\/eb46cbe76a9c8f062660eb609e3ecb4e\"},\"headline\":\"Emma Chamberlain merges her coffee in a line of shower gels\",\"datePublished\":\"2025-04-25T08:52:06+00:00\",\"dateModified\":\"2025-04-25T09:00:26+00:00\",\"mainEntityOfPage\":{\"@id\":\"https:\\\/\\\/www.tapasmagazine.es\\\/en\\\/emma-chamberlain-merges-her-coffee-into-a-line-of-shower-gels\\\/\"},\"wordCount\":189,\"publisher\":{\"@id\":\"https:\\\/\\\/www.tapasmagazine.es\\\/#organization\"},\"image\":{\"@id\":\"https:\\\/\\\/www.tapasmagazine.es\\\/en\\\/emma-chamberlain-merges-her-coffee-into-a-line-of-shower-gels\\\/#primaryimage\"},\"thumbnailUrl\":\"https:\\\/\\\/www.tapasmagazine.es\\\/wp-content\\\/uploads\\\/2025\\\/04\\\/emma.jpg\",\"articleSection\":[\"Lifestyle\",\"Sin categorizar\"],\"inLanguage\":\"en-US\"},{\"@type\":\"WebPage\",\"@id\":\"https:\\\/\\\/www.tapasmagazine.es\\\/en\\\/emma-chamberlain-merges-her-coffee-into-a-line-of-shower-gels\\\/\",\"url\":\"https:\\\/\\\/www.tapasmagazine.es\\\/en\\\/emma-chamberlain-merges-her-coffee-into-a-line-of-shower-gels\\\/\",\"name\":\"Emma Chamberlain merges her coffee in a line of shower gels - Tapas\",\"isPartOf\":{\"@id\":\"https:\\\/\\\/www.tapasmagazine.es\\\/#website\"},\"primaryImageOfPage\":{\"@id\":\"https:\\\/\\\/www.tapasmagazine.es\\\/en\\\/emma-chamberlain-merges-her-coffee-into-a-line-of-shower-gels\\\/#primaryimage\"},\"image\":{\"@id\":\"https:\\\/\\\/www.tapasmagazine.es\\\/en\\\/emma-chamberlain-merges-her-coffee-into-a-line-of-shower-gels\\\/#primaryimage\"},\"thumbnailUrl\":\"https:\\\/\\\/www.tapasmagazine.es\\\/wp-content\\\/uploads\\\/2025\\\/04\\\/emma.jpg\",\"datePublished\":\"2025-04-25T08:52:06+00:00\",\"dateModified\":\"2025-04-25T09:00:26+00:00\",\"description\":\"Click here to read the Spanish version. Dove and Emma Chamberlain's signature aesthetic have merged their identities in a range of coffee-scented gourmand\",\"breadcrumb\":{\"@id\":\"https:\\\/\\\/www.tapasmagazine.es\\\/en\\\/emma-chamberlain-merges-her-coffee-into-a-line-of-shower-gels\\\/#breadcrumb\"},\"inLanguage\":\"en-US\",\"potentialAction\":[{\"@type\":\"ReadAction\",\"target\":[\"https:\\\/\\\/www.tapasmagazine.es\\\/en\\\/emma-chamberlain-merges-her-coffee-into-a-line-of-shower-gels\\\/\"]}]},{\"@type\":\"ImageObject\",\"inLanguage\":\"en-US\",\"@id\":\"https:\\\/\\\/www.tapasmagazine.es\\\/en\\\/emma-chamberlain-merges-her-coffee-into-a-line-of-shower-gels\\\/#primaryimage\",\"url\":\"https:\\\/\\\/www.tapasmagazine.es\\\/wp-content\\\/uploads\\\/2025\\\/04\\\/emma.jpg\",\"contentUrl\":\"https:\\\/\\\/www.tapasmagazine.es\\\/wp-content\\\/uploads\\\/2025\\\/04\\\/emma.jpg\",\"width\":1200,\"height\":675},{\"@type\":\"BreadcrumbList\",\"@id\":\"https:\\\/\\\/www.tapasmagazine.es\\\/en\\\/emma-chamberlain-merges-her-coffee-into-a-line-of-shower-gels\\\/#breadcrumb\",\"itemListElement\":[{\"@type\":\"ListItem\",\"position\":1,\"name\":\"Portada\",\"item\":\"https:\\\/\\\/www.tapasmagazine.es\\\/\"},{\"@type\":\"ListItem\",\"position\":2,\"name\":\"Lifestyle\",\"item\":\"https:\\\/\\\/www.tapasmagazine.es\\\/categorias\\\/lifestyle\\\/\"},{\"@type\":\"ListItem\",\"position\":3,\"name\":\"Emma Chamberlain merges her coffee in a line of shower gels\"}]},{\"@type\":\"WebSite\",\"@id\":\"https:\\\/\\\/www.tapasmagazine.es\\\/#website\",\"url\":\"https:\\\/\\\/www.tapasmagazine.es\\\/\",\"name\":\"Tapas\",\"description\":\"\u00d1am \u00d1am Lifestyle. La vida a bocados. Premio Nacional de Gastronom\u00eda 2016.\",\"publisher\":{\"@id\":\"https:\\\/\\\/www.tapasmagazine.es\\\/#organization\"},\"potentialAction\":[{\"@type\":\"SearchAction\",\"target\":{\"@type\":\"EntryPoint\",\"urlTemplate\":\"https:\\\/\\\/www.tapasmagazine.es\\\/?s={search_term_string}\"},\"query-input\":{\"@type\":\"PropertyValueSpecification\",\"valueRequired\":true,\"valueName\":\"search_term_string\"}}],\"inLanguage\":\"en-US\"},{\"@type\":\"Organization\",\"@id\":\"https:\\\/\\\/www.tapasmagazine.es\\\/#organization\",\"name\":\"Tapas Magazine\",\"url\":\"https:\\\/\\\/www.tapasmagazine.es\\\/\",\"logo\":{\"@type\":\"ImageObject\",\"inLanguage\":\"en-US\",\"@id\":\"https:\\\/\\\/www.tapasmagazine.es\\\/#\\\/schema\\\/logo\\\/image\\\/\",\"url\":\"https:\\\/\\\/www.tapasmagazine.es\\\/wp-content\\\/uploads\\\/2018\\\/01\\\/logo.png\",\"contentUrl\":\"https:\\\/\\\/www.tapasmagazine.es\\\/wp-content\\\/uploads\\\/2018\\\/01\\\/logo.png\",\"width\":180,\"height\":60,\"caption\":\"Tapas Magazine\"},\"image\":{\"@id\":\"https:\\\/\\\/www.tapasmagazine.es\\\/#\\\/schema\\\/logo\\\/image\\\/\"},\"sameAs\":[\"https:\\\/\\\/www.facebook.com\\\/tapasmagazine\",\"https:\\\/\\\/x.com\\\/TapasMagazine\",\"https:\\\/\\\/www.instagram.com\\\/tapasmagazine\\\/\",\"https:\\\/\\\/www.linkedin.com\\\/company\\\/tapas-magazine\",\"https:\\\/\\\/es.pinterest.com\\\/tapasmagazine\\\/\",\"https:\\\/\\\/www.youtube.com\\\/channel\\\/UCEyxneAaACuR0lfDagrWjjg?sub_confirmation=1\"]},{\"@type\":\"Person\",\"@id\":\"https:\\\/\\\/www.tapasmagazine.es\\\/#\\\/schema\\\/person\\\/eb46cbe76a9c8f062660eb609e3ecb4e\",\"name\":\"Laura P\u00e9rez\",\"url\":\"https:\\\/\\\/www.tapasmagazine.es\\\/en\\\/author\\\/laura-perez\\\/\"}]}<\/script>\n<!-- \/ Yoast SEO plugin. -->","yoast_head_json":{"title":"Emma Chamberlain merges her coffee in a line of shower gels - Tapas","description":"Click here to read the Spanish version. Dove and Emma Chamberlain's signature aesthetic have merged their identities in a range of coffee-scented gourmand","robots":{"index":"index","follow":"follow","max-snippet":"max-snippet:-1","max-image-preview":"max-image-preview:large","max-video-preview":"max-video-preview:-1"},"canonical":"https:\/\/www.tapasmagazine.es\/en\/emma-chamberlain-merges-her-coffee-into-a-line-of-shower-gels\/","og_locale":"en_US","og_type":"article","og_title":"Emma Chamberlain merges her coffee in a line of shower gels - Tapas","og_description":"Click here to read the Spanish version. Dove and Emma Chamberlain's signature aesthetic have merged their identities in a range of coffee-scented gourmand","og_url":"https:\/\/www.tapasmagazine.es\/en\/emma-chamberlain-merges-her-coffee-into-a-line-of-shower-gels\/","og_site_name":"Tapas","article_publisher":"https:\/\/www.facebook.com\/tapasmagazine","article_published_time":"2025-04-25T08:52:06+00:00","article_modified_time":"2025-04-25T09:00:26+00:00","og_image":[{"width":1200,"height":675,"url":"https:\/\/www.tapasmagazine.es\/wp-content\/uploads\/2025\/04\/emma.jpg","type":"image\/jpeg"}],"author":"Laura P\u00e9rez","twitter_card":"summary_large_image","twitter_creator":"@TapasMagazine","twitter_site":"@TapasMagazine","twitter_misc":{"Written by":"Laura P\u00e9rez","Est. reading time":"2 minutes"},"schema":{"@context":"https:\/\/schema.org","@graph":[{"@type":"Article","@id":"https:\/\/www.tapasmagazine.es\/en\/emma-chamberlain-merges-her-coffee-into-a-line-of-shower-gels\/#article","isPartOf":{"@id":"https:\/\/www.tapasmagazine.es\/en\/emma-chamberlain-merges-her-coffee-into-a-line-of-shower-gels\/"},"author":{"name":"Laura P\u00e9rez","@id":"https:\/\/www.tapasmagazine.es\/#\/schema\/person\/eb46cbe76a9c8f062660eb609e3ecb4e"},"headline":"Emma Chamberlain merges her coffee in a line of shower gels","datePublished":"2025-04-25T08:52:06+00:00","dateModified":"2025-04-25T09:00:26+00:00","mainEntityOfPage":{"@id":"https:\/\/www.tapasmagazine.es\/en\/emma-chamberlain-merges-her-coffee-into-a-line-of-shower-gels\/"},"wordCount":189,"publisher":{"@id":"https:\/\/www.tapasmagazine.es\/#organization"},"image":{"@id":"https:\/\/www.tapasmagazine.es\/en\/emma-chamberlain-merges-her-coffee-into-a-line-of-shower-gels\/#primaryimage"},"thumbnailUrl":"https:\/\/www.tapasmagazine.es\/wp-content\/uploads\/2025\/04\/emma.jpg","articleSection":["Lifestyle","Sin categorizar"],"inLanguage":"en-US"},{"@type":"WebPage","@id":"https:\/\/www.tapasmagazine.es\/en\/emma-chamberlain-merges-her-coffee-into-a-line-of-shower-gels\/","url":"https:\/\/www.tapasmagazine.es\/en\/emma-chamberlain-merges-her-coffee-into-a-line-of-shower-gels\/","name":"Emma Chamberlain merges her coffee in a line of shower gels - Tapas","isPartOf":{"@id":"https:\/\/www.tapasmagazine.es\/#website"},"primaryImageOfPage":{"@id":"https:\/\/www.tapasmagazine.es\/en\/emma-chamberlain-merges-her-coffee-into-a-line-of-shower-gels\/#primaryimage"},"image":{"@id":"https:\/\/www.tapasmagazine.es\/en\/emma-chamberlain-merges-her-coffee-into-a-line-of-shower-gels\/#primaryimage"},"thumbnailUrl":"https:\/\/www.tapasmagazine.es\/wp-content\/uploads\/2025\/04\/emma.jpg","datePublished":"2025-04-25T08:52:06+00:00","dateModified":"2025-04-25T09:00:26+00:00","description":"Click here to read the Spanish version. Dove and Emma Chamberlain's signature aesthetic have merged their identities in a range of coffee-scented gourmand","breadcrumb":{"@id":"https:\/\/www.tapasmagazine.es\/en\/emma-chamberlain-merges-her-coffee-into-a-line-of-shower-gels\/#breadcrumb"},"inLanguage":"en-US","potentialAction":[{"@type":"ReadAction","target":["https:\/\/www.tapasmagazine.es\/en\/emma-chamberlain-merges-her-coffee-into-a-line-of-shower-gels\/"]}]},{"@type":"ImageObject","inLanguage":"en-US","@id":"https:\/\/www.tapasmagazine.es\/en\/emma-chamberlain-merges-her-coffee-into-a-line-of-shower-gels\/#primaryimage","url":"https:\/\/www.tapasmagazine.es\/wp-content\/uploads\/2025\/04\/emma.jpg","contentUrl":"https:\/\/www.tapasmagazine.es\/wp-content\/uploads\/2025\/04\/emma.jpg","width":1200,"height":675},{"@type":"BreadcrumbList","@id":"https:\/\/www.tapasmagazine.es\/en\/emma-chamberlain-merges-her-coffee-into-a-line-of-shower-gels\/#breadcrumb","itemListElement":[{"@type":"ListItem","position":1,"name":"Portada","item":"https:\/\/www.tapasmagazine.es\/"},{"@type":"ListItem","position":2,"name":"Lifestyle","item":"https:\/\/www.tapasmagazine.es\/categorias\/lifestyle\/"},{"@type":"ListItem","position":3,"name":"Emma Chamberlain merges her coffee in a line of shower gels"}]},{"@type":"WebSite","@id":"https:\/\/www.tapasmagazine.es\/#website","url":"https:\/\/www.tapasmagazine.es\/","name":"Tapas","description":"\u00d1am \u00d1am Lifestyle. La vida a bocados. Premio Nacional de Gastronom\u00eda 2016.","publisher":{"@id":"https:\/\/www.tapasmagazine.es\/#organization"},"potentialAction":[{"@type":"SearchAction","target":{"@type":"EntryPoint","urlTemplate":"https:\/\/www.tapasmagazine.es\/?s={search_term_string}"},"query-input":{"@type":"PropertyValueSpecification","valueRequired":true,"valueName":"search_term_string"}}],"inLanguage":"en-US"},{"@type":"Organization","@id":"https:\/\/www.tapasmagazine.es\/#organization","name":"Tapas Magazine","url":"https:\/\/www.tapasmagazine.es\/","logo":{"@type":"ImageObject","inLanguage":"en-US","@id":"https:\/\/www.tapasmagazine.es\/#\/schema\/logo\/image\/","url":"https:\/\/www.tapasmagazine.es\/wp-content\/uploads\/2018\/01\/logo.png","contentUrl":"https:\/\/www.tapasmagazine.es\/wp-content\/uploads\/2018\/01\/logo.png","width":180,"height":60,"caption":"Tapas Magazine"},"image":{"@id":"https:\/\/www.tapasmagazine.es\/#\/schema\/logo\/image\/"},"sameAs":["https:\/\/www.facebook.com\/tapasmagazine","https:\/\/x.com\/TapasMagazine","https:\/\/www.instagram.com\/tapasmagazine\/","https:\/\/www.linkedin.com\/company\/tapas-magazine","https:\/\/es.pinterest.com\/tapasmagazine\/","https:\/\/www.youtube.com\/channel\/UCEyxneAaACuR0lfDagrWjjg?sub_confirmation=1"]},{"@type":"Person","@id":"https:\/\/www.tapasmagazine.es\/#\/schema\/person\/eb46cbe76a9c8f062660eb609e3ecb4e","name":"Laura P\u00e9rez","url":"https:\/\/www.tapasmagazine.es\/en\/author\/laura-perez\/"}]}},"_links":{"self":[{"href":"https:\/\/www.tapasmagazine.es\/en\/wp-json\/wp\/v2\/posts\/288065","targetHints":{"allow":["GET"]}}],"collection":[{"href":"https:\/\/www.tapasmagazine.es\/en\/wp-json\/wp\/v2\/posts"}],"about":[{"href":"https:\/\/www.tapasmagazine.es\/en\/wp-json\/wp\/v2\/types\/post"}],"author":[{"embeddable":true,"href":"https:\/\/www.tapasmagazine.es\/en\/wp-json\/wp\/v2\/users\/285"}],"replies":[{"embeddable":true,"href":"https:\/\/www.tapasmagazine.es\/en\/wp-json\/wp\/v2\/comments?post=288065"}],"version-history":[{"count":2,"href":"https:\/\/www.tapasmagazine.es\/en\/wp-json\/wp\/v2\/posts\/288065\/revisions"}],"predecessor-version":[{"id":288084,"href":"https:\/\/www.tapasmagazine.es\/en\/wp-json\/wp\/v2\/posts\/288065\/revisions\/288084"}],"wp:featuredmedia":[{"embeddable":true,"href":"https:\/\/www.tapasmagazine.es\/en\/wp-json\/wp\/v2\/media\/288051"}],"wp:attachment":[{"href":"https:\/\/www.tapasmagazine.es\/en\/wp-json\/wp\/v2\/media?parent=288065"}],"wp:term":[{"taxonomy":"category","embeddable":true,"href":"https:\/\/www.tapasmagazine.es\/en\/wp-json\/wp\/v2\/categories?post=288065"},{"taxonomy":"post_tag","embeddable":true,"href":"https:\/\/www.tapasmagazine.es\/en\/wp-json\/wp\/v2\/tags?post=288065"}],"curies":[{"name":"wp","href":"https:\/\/api.w.org\/{rel}","templated":true}]}}