{"id":286067,"date":"2025-04-08T15:30:10","date_gmt":"2025-04-08T13:30:10","guid":{"rendered":"https:\/\/www.tapasmagazine.es\/lentrecote-cafe-de-paris-presenta-una-baguette-con-su-mitico-entrecot\/"},"modified":"2025-04-08T15:34:08","modified_gmt":"2025-04-08T13:34:08","slug":"lentrecote-cafe-de-paris-unveils-a-baguette-with-its-legendary-entrecote","status":"publish","type":"post","link":"https:\/\/www.tapasmagazine.es\/en\/lentrecote-cafe-de-paris-unveils-a-baguette-with-its-legendary-entrecote\/","title":{"rendered":"L&#8217;entrecote Caf\u00e9 de Paris unveils a baguette with its legendary entrecote"},"content":{"rendered":"\n<p><strong>Click <a href=\"https:\/\/www.tapasmagazine.es\/en\/maxime-frederic-sculpts-louis-vuitton-easter-chocolates\/\" target=\"_blank\" rel=\"noreferrer noopener\">h<\/a><a href=\"https:\/\/www.tapasmagazine.es\/en\/lentrecote-cafe-de-paris-unveils-a-baguette-with-its-legendary-entrecote\/\" target=\"_blank\" rel=\"noreferrer noopener\">ere<\/a> to read the Spanish version<\/strong>.<\/p>\n\n\n\n<p><strong>Caf\u00e9 de Paris La Baguette<\/strong> has just arrived in the capital. The iconic French bistro known for serving <strong>the most famous entrec\u00f4te in the world <\/strong>has reinvented the product that has conquered its entire community with a <strong>crunchy baguette <\/strong>in which it introduces the formula for success: its entrec\u00f4te, its chips and its sauce, created in Geneva by the Boubier family.<\/p>\n\n\n\n<p>The tradition now goes beyond the doors of its premises with sandwiches designed to be enjoyed wherever the diner wants. The sandwich is made with finely filleted beef entrec\u00f4te, fried potatoes, cooked a la minute in olive oil and, of course, with the authentic Caf\u00e9 de Paris\u00ae sauce. All elegantly presented in a carefully designed pack.<\/p>\n\n\n\n<figure class=\"wp-block-gallery has-nested-images columns-default is-cropped wp-block-gallery-1 is-layout-flex wp-block-gallery-is-layout-flex\">\n<figure class=\"wp-block-image size-large\"><img decoding=\"async\" width=\"683\" height=\"1024\" data-id=\"286054\" src=\"https:\/\/www.tapasmagazine.es\/wp-content\/uploads\/2025\/04\/Cafe-Paris-La-Baguette-low-683x1024.jpg\" alt=\"\" class=\"wp-image-286054\" srcset=\"https:\/\/www.tapasmagazine.es\/wp-content\/uploads\/2025\/04\/Cafe-Paris-La-Baguette-low-683x1024.jpg 683w, https:\/\/www.tapasmagazine.es\/wp-content\/uploads\/2025\/04\/Cafe-Paris-La-Baguette-low-200x300.jpg 200w, https:\/\/www.tapasmagazine.es\/wp-content\/uploads\/2025\/04\/Cafe-Paris-La-Baguette-low-768x1152.jpg 768w, https:\/\/www.tapasmagazine.es\/wp-content\/uploads\/2025\/04\/Cafe-Paris-La-Baguette-low-400x600.jpg 400w, https:\/\/www.tapasmagazine.es\/wp-content\/uploads\/2025\/04\/Cafe-Paris-La-Baguette-low.jpg 1000w\" sizes=\"(max-width: 683px) 100vw, 683px\" \/><\/figure>\n\n\n\n<figure class=\"wp-block-image size-large\"><img decoding=\"async\" width=\"683\" height=\"1024\" data-id=\"286052\" src=\"https:\/\/www.tapasmagazine.es\/wp-content\/uploads\/2025\/04\/Cafe-Paris-Patatas-Take-Away-683x1024.jpg\" alt=\"\" class=\"wp-image-286052\" srcset=\"https:\/\/www.tapasmagazine.es\/wp-content\/uploads\/2025\/04\/Cafe-Paris-Patatas-Take-Away-683x1024.jpg 683w, https:\/\/www.tapasmagazine.es\/wp-content\/uploads\/2025\/04\/Cafe-Paris-Patatas-Take-Away-200x300.jpg 200w, https:\/\/www.tapasmagazine.es\/wp-content\/uploads\/2025\/04\/Cafe-Paris-Patatas-Take-Away-768x1152.jpg 768w, https:\/\/www.tapasmagazine.es\/wp-content\/uploads\/2025\/04\/Cafe-Paris-Patatas-Take-Away-400x600.jpg 400w, https:\/\/www.tapasmagazine.es\/wp-content\/uploads\/2025\/04\/Cafe-Paris-Patatas-Take-Away.jpg 1000w\" sizes=\"(max-width: 683px) 100vw, 683px\" \/><\/figure>\n<\/figure>\n\n\n\n<p>For now, <strong><a href=\"https:\/\/www.instagram.com\/cafedeparis.labaguette\/\" target=\"_blank\" rel=\"noreferrer noopener\">Caf\u00e9 de Par\u00eds La Baguette<\/a><\/strong> will be available exclusively in take away format, and for delivery through <a href=\"https:\/\/glovoapp.com\/es\/en\/madrid\/la-baguette-dentrecote-madrid\/\"><strong>Glovo<\/strong><\/a>, with a limited production of <strong>100 units per day<\/strong> and a price of 17 euros. The order can be completed with the famous salad and more homemade chips, and on a sweet note, crepes of different flavours as the only dessert option. The pack will be available non-stop from 12:30h until 23:30h. Don&#8217;t miss it.<\/p>\n","protected":false},"excerpt":{"rendered":"<p>Click here to read the Spanish version. Caf\u00e9 de Paris La Baguette has just arrived in the capital. The iconic French bistro known for serving the most famous entrec\u00f4te in the world has reinvented the product that has conquered its entire community with a crunchy baguette in which it introduces the formula for success: its [&hellip;]<\/p>\n","protected":false},"author":285,"featured_media":286051,"comment_status":"closed","ping_status":"closed","sticky":false,"template":"","format":"standard","meta":{"_acf_changed":false,"footnotes":""},"categories":[15807,1],"tags":[19575],"class_list":["post-286067","post","type-post","status-publish","format-standard","has-post-thumbnail","hentry","category-gastro-en","category-sin-categorizar","tag-entrecot-en","cat-15807-id","cat-1-id"],"acf":[],"yoast_head":"<!-- This site is optimized with the Yoast SEO plugin v27.5 - https:\/\/yoast.com\/product\/yoast-seo-wordpress\/ -->\n<title>L&#039;entrecote Caf\u00e9 de Paris unveils a baguette with its legendary entrecote - Tapas<\/title>\n<meta name=\"description\" content=\"Click here to read the Spanish version. Caf\u00e9 de Paris La Baguette has just arrived in the capital. The iconic French bistro known for serving the most\" \/>\n<meta name=\"robots\" content=\"index, follow, max-snippet:-1, max-image-preview:large, max-video-preview:-1\" \/>\n<link rel=\"canonical\" href=\"https:\/\/www.tapasmagazine.es\/en\/lentrecote-cafe-de-paris-unveils-a-baguette-with-its-legendary-entrecote\/\" \/>\n<meta property=\"og:locale\" content=\"en_US\" \/>\n<meta property=\"og:type\" content=\"article\" \/>\n<meta property=\"og:title\" content=\"L&#039;entrecote Caf\u00e9 de Paris unveils a baguette with its legendary entrecote - Tapas\" \/>\n<meta property=\"og:description\" content=\"Click here to read the Spanish version. Caf\u00e9 de Paris La Baguette has just arrived in the capital. The iconic French bistro known for serving the most\" \/>\n<meta property=\"og:url\" content=\"https:\/\/www.tapasmagazine.es\/en\/lentrecote-cafe-de-paris-unveils-a-baguette-with-its-legendary-entrecote\/\" \/>\n<meta property=\"og:site_name\" content=\"Tapas\" \/>\n<meta property=\"article:publisher\" content=\"https:\/\/www.facebook.com\/tapasmagazine\" \/>\n<meta property=\"article:published_time\" content=\"2025-04-08T13:30:10+00:00\" \/>\n<meta property=\"article:modified_time\" content=\"2025-04-08T13:34:08+00:00\" \/>\n<meta property=\"og:image\" content=\"https:\/\/www.tapasmagazine.es\/wp-content\/uploads\/2025\/04\/paris.jpg\" \/>\n\t<meta property=\"og:image:width\" content=\"1200\" \/>\n\t<meta property=\"og:image:height\" content=\"675\" \/>\n\t<meta property=\"og:image:type\" content=\"image\/jpeg\" \/>\n<meta name=\"author\" content=\"Laura P\u00e9rez\" \/>\n<meta name=\"twitter:card\" content=\"summary_large_image\" \/>\n<meta name=\"twitter:creator\" content=\"@TapasMagazine\" \/>\n<meta name=\"twitter:site\" content=\"@TapasMagazine\" \/>\n<meta name=\"twitter:label1\" content=\"Written by\" \/>\n\t<meta name=\"twitter:data1\" content=\"Laura P\u00e9rez\" \/>\n\t<meta name=\"twitter:label2\" content=\"Est. reading time\" \/>\n\t<meta name=\"twitter:data2\" content=\"2 minutes\" \/>\n<script type=\"application\/ld+json\" class=\"yoast-schema-graph\">{\"@context\":\"https:\\\/\\\/schema.org\",\"@graph\":[{\"@type\":\"Article\",\"@id\":\"https:\\\/\\\/www.tapasmagazine.es\\\/en\\\/lentrecote-cafe-de-paris-unveils-a-baguette-with-its-legendary-entrecote\\\/#article\",\"isPartOf\":{\"@id\":\"https:\\\/\\\/www.tapasmagazine.es\\\/en\\\/lentrecote-cafe-de-paris-unveils-a-baguette-with-its-legendary-entrecote\\\/\"},\"author\":{\"name\":\"Laura P\u00e9rez\",\"@id\":\"https:\\\/\\\/www.tapasmagazine.es\\\/#\\\/schema\\\/person\\\/eb46cbe76a9c8f062660eb609e3ecb4e\"},\"headline\":\"L&#8217;entrecote Caf\u00e9 de Paris unveils a baguette with its legendary entrecote\",\"datePublished\":\"2025-04-08T13:30:10+00:00\",\"dateModified\":\"2025-04-08T13:34:08+00:00\",\"mainEntityOfPage\":{\"@id\":\"https:\\\/\\\/www.tapasmagazine.es\\\/en\\\/lentrecote-cafe-de-paris-unveils-a-baguette-with-its-legendary-entrecote\\\/\"},\"wordCount\":215,\"publisher\":{\"@id\":\"https:\\\/\\\/www.tapasmagazine.es\\\/#organization\"},\"image\":{\"@id\":\"https:\\\/\\\/www.tapasmagazine.es\\\/en\\\/lentrecote-cafe-de-paris-unveils-a-baguette-with-its-legendary-entrecote\\\/#primaryimage\"},\"thumbnailUrl\":\"https:\\\/\\\/www.tapasmagazine.es\\\/wp-content\\\/uploads\\\/2025\\\/04\\\/paris.jpg\",\"keywords\":[\"entrecot\"],\"articleSection\":[\"Gastro\",\"Sin categorizar\"],\"inLanguage\":\"en-US\"},{\"@type\":\"WebPage\",\"@id\":\"https:\\\/\\\/www.tapasmagazine.es\\\/en\\\/lentrecote-cafe-de-paris-unveils-a-baguette-with-its-legendary-entrecote\\\/\",\"url\":\"https:\\\/\\\/www.tapasmagazine.es\\\/en\\\/lentrecote-cafe-de-paris-unveils-a-baguette-with-its-legendary-entrecote\\\/\",\"name\":\"L'entrecote Caf\u00e9 de Paris unveils a baguette with its legendary entrecote - Tapas\",\"isPartOf\":{\"@id\":\"https:\\\/\\\/www.tapasmagazine.es\\\/#website\"},\"primaryImageOfPage\":{\"@id\":\"https:\\\/\\\/www.tapasmagazine.es\\\/en\\\/lentrecote-cafe-de-paris-unveils-a-baguette-with-its-legendary-entrecote\\\/#primaryimage\"},\"image\":{\"@id\":\"https:\\\/\\\/www.tapasmagazine.es\\\/en\\\/lentrecote-cafe-de-paris-unveils-a-baguette-with-its-legendary-entrecote\\\/#primaryimage\"},\"thumbnailUrl\":\"https:\\\/\\\/www.tapasmagazine.es\\\/wp-content\\\/uploads\\\/2025\\\/04\\\/paris.jpg\",\"datePublished\":\"2025-04-08T13:30:10+00:00\",\"dateModified\":\"2025-04-08T13:34:08+00:00\",\"description\":\"Click here to read the Spanish version. Caf\u00e9 de Paris La Baguette has just arrived in the capital. The iconic French bistro known for serving the most\",\"breadcrumb\":{\"@id\":\"https:\\\/\\\/www.tapasmagazine.es\\\/en\\\/lentrecote-cafe-de-paris-unveils-a-baguette-with-its-legendary-entrecote\\\/#breadcrumb\"},\"inLanguage\":\"en-US\",\"potentialAction\":[{\"@type\":\"ReadAction\",\"target\":[\"https:\\\/\\\/www.tapasmagazine.es\\\/en\\\/lentrecote-cafe-de-paris-unveils-a-baguette-with-its-legendary-entrecote\\\/\"]}]},{\"@type\":\"ImageObject\",\"inLanguage\":\"en-US\",\"@id\":\"https:\\\/\\\/www.tapasmagazine.es\\\/en\\\/lentrecote-cafe-de-paris-unveils-a-baguette-with-its-legendary-entrecote\\\/#primaryimage\",\"url\":\"https:\\\/\\\/www.tapasmagazine.es\\\/wp-content\\\/uploads\\\/2025\\\/04\\\/paris.jpg\",\"contentUrl\":\"https:\\\/\\\/www.tapasmagazine.es\\\/wp-content\\\/uploads\\\/2025\\\/04\\\/paris.jpg\",\"width\":1200,\"height\":675},{\"@type\":\"BreadcrumbList\",\"@id\":\"https:\\\/\\\/www.tapasmagazine.es\\\/en\\\/lentrecote-cafe-de-paris-unveils-a-baguette-with-its-legendary-entrecote\\\/#breadcrumb\",\"itemListElement\":[{\"@type\":\"ListItem\",\"position\":1,\"name\":\"Portada\",\"item\":\"https:\\\/\\\/www.tapasmagazine.es\\\/\"},{\"@type\":\"ListItem\",\"position\":2,\"name\":\"Gastro\",\"item\":\"https:\\\/\\\/www.tapasmagazine.es\\\/categorias\\\/gastro\\\/\"},{\"@type\":\"ListItem\",\"position\":3,\"name\":\"L&#8217;entrecote Caf\u00e9 de Paris unveils a baguette with its legendary entrecote\"}]},{\"@type\":\"WebSite\",\"@id\":\"https:\\\/\\\/www.tapasmagazine.es\\\/#website\",\"url\":\"https:\\\/\\\/www.tapasmagazine.es\\\/\",\"name\":\"Tapas\",\"description\":\"\u00d1am \u00d1am Lifestyle. La vida a bocados. Premio Nacional de Gastronom\u00eda 2016.\",\"publisher\":{\"@id\":\"https:\\\/\\\/www.tapasmagazine.es\\\/#organization\"},\"potentialAction\":[{\"@type\":\"SearchAction\",\"target\":{\"@type\":\"EntryPoint\",\"urlTemplate\":\"https:\\\/\\\/www.tapasmagazine.es\\\/?s={search_term_string}\"},\"query-input\":{\"@type\":\"PropertyValueSpecification\",\"valueRequired\":true,\"valueName\":\"search_term_string\"}}],\"inLanguage\":\"en-US\"},{\"@type\":\"Organization\",\"@id\":\"https:\\\/\\\/www.tapasmagazine.es\\\/#organization\",\"name\":\"Tapas Magazine\",\"url\":\"https:\\\/\\\/www.tapasmagazine.es\\\/\",\"logo\":{\"@type\":\"ImageObject\",\"inLanguage\":\"en-US\",\"@id\":\"https:\\\/\\\/www.tapasmagazine.es\\\/#\\\/schema\\\/logo\\\/image\\\/\",\"url\":\"https:\\\/\\\/www.tapasmagazine.es\\\/wp-content\\\/uploads\\\/2018\\\/01\\\/logo.png\",\"contentUrl\":\"https:\\\/\\\/www.tapasmagazine.es\\\/wp-content\\\/uploads\\\/2018\\\/01\\\/logo.png\",\"width\":180,\"height\":60,\"caption\":\"Tapas Magazine\"},\"image\":{\"@id\":\"https:\\\/\\\/www.tapasmagazine.es\\\/#\\\/schema\\\/logo\\\/image\\\/\"},\"sameAs\":[\"https:\\\/\\\/www.facebook.com\\\/tapasmagazine\",\"https:\\\/\\\/x.com\\\/TapasMagazine\",\"https:\\\/\\\/www.instagram.com\\\/tapasmagazine\\\/\",\"https:\\\/\\\/www.linkedin.com\\\/company\\\/tapas-magazine\",\"https:\\\/\\\/es.pinterest.com\\\/tapasmagazine\\\/\",\"https:\\\/\\\/www.youtube.com\\\/channel\\\/UCEyxneAaACuR0lfDagrWjjg?sub_confirmation=1\"]},{\"@type\":\"Person\",\"@id\":\"https:\\\/\\\/www.tapasmagazine.es\\\/#\\\/schema\\\/person\\\/eb46cbe76a9c8f062660eb609e3ecb4e\",\"name\":\"Laura P\u00e9rez\",\"url\":\"https:\\\/\\\/www.tapasmagazine.es\\\/en\\\/author\\\/laura-perez\\\/\"}]}<\/script>\n<!-- \/ Yoast SEO plugin. -->","yoast_head_json":{"title":"L'entrecote Caf\u00e9 de Paris unveils a baguette with its legendary entrecote - Tapas","description":"Click here to read the Spanish version. Caf\u00e9 de Paris La Baguette has just arrived in the capital. The iconic French bistro known for serving the most","robots":{"index":"index","follow":"follow","max-snippet":"max-snippet:-1","max-image-preview":"max-image-preview:large","max-video-preview":"max-video-preview:-1"},"canonical":"https:\/\/www.tapasmagazine.es\/en\/lentrecote-cafe-de-paris-unveils-a-baguette-with-its-legendary-entrecote\/","og_locale":"en_US","og_type":"article","og_title":"L'entrecote Caf\u00e9 de Paris unveils a baguette with its legendary entrecote - Tapas","og_description":"Click here to read the Spanish version. Caf\u00e9 de Paris La Baguette has just arrived in the capital. The iconic French bistro known for serving the most","og_url":"https:\/\/www.tapasmagazine.es\/en\/lentrecote-cafe-de-paris-unveils-a-baguette-with-its-legendary-entrecote\/","og_site_name":"Tapas","article_publisher":"https:\/\/www.facebook.com\/tapasmagazine","article_published_time":"2025-04-08T13:30:10+00:00","article_modified_time":"2025-04-08T13:34:08+00:00","og_image":[{"width":1200,"height":675,"url":"https:\/\/www.tapasmagazine.es\/wp-content\/uploads\/2025\/04\/paris.jpg","type":"image\/jpeg"}],"author":"Laura P\u00e9rez","twitter_card":"summary_large_image","twitter_creator":"@TapasMagazine","twitter_site":"@TapasMagazine","twitter_misc":{"Written by":"Laura P\u00e9rez","Est. reading time":"2 minutes"},"schema":{"@context":"https:\/\/schema.org","@graph":[{"@type":"Article","@id":"https:\/\/www.tapasmagazine.es\/en\/lentrecote-cafe-de-paris-unveils-a-baguette-with-its-legendary-entrecote\/#article","isPartOf":{"@id":"https:\/\/www.tapasmagazine.es\/en\/lentrecote-cafe-de-paris-unveils-a-baguette-with-its-legendary-entrecote\/"},"author":{"name":"Laura P\u00e9rez","@id":"https:\/\/www.tapasmagazine.es\/#\/schema\/person\/eb46cbe76a9c8f062660eb609e3ecb4e"},"headline":"L&#8217;entrecote Caf\u00e9 de Paris unveils a baguette with its legendary entrecote","datePublished":"2025-04-08T13:30:10+00:00","dateModified":"2025-04-08T13:34:08+00:00","mainEntityOfPage":{"@id":"https:\/\/www.tapasmagazine.es\/en\/lentrecote-cafe-de-paris-unveils-a-baguette-with-its-legendary-entrecote\/"},"wordCount":215,"publisher":{"@id":"https:\/\/www.tapasmagazine.es\/#organization"},"image":{"@id":"https:\/\/www.tapasmagazine.es\/en\/lentrecote-cafe-de-paris-unveils-a-baguette-with-its-legendary-entrecote\/#primaryimage"},"thumbnailUrl":"https:\/\/www.tapasmagazine.es\/wp-content\/uploads\/2025\/04\/paris.jpg","keywords":["entrecot"],"articleSection":["Gastro","Sin categorizar"],"inLanguage":"en-US"},{"@type":"WebPage","@id":"https:\/\/www.tapasmagazine.es\/en\/lentrecote-cafe-de-paris-unveils-a-baguette-with-its-legendary-entrecote\/","url":"https:\/\/www.tapasmagazine.es\/en\/lentrecote-cafe-de-paris-unveils-a-baguette-with-its-legendary-entrecote\/","name":"L'entrecote Caf\u00e9 de Paris unveils a baguette with its legendary entrecote - Tapas","isPartOf":{"@id":"https:\/\/www.tapasmagazine.es\/#website"},"primaryImageOfPage":{"@id":"https:\/\/www.tapasmagazine.es\/en\/lentrecote-cafe-de-paris-unveils-a-baguette-with-its-legendary-entrecote\/#primaryimage"},"image":{"@id":"https:\/\/www.tapasmagazine.es\/en\/lentrecote-cafe-de-paris-unveils-a-baguette-with-its-legendary-entrecote\/#primaryimage"},"thumbnailUrl":"https:\/\/www.tapasmagazine.es\/wp-content\/uploads\/2025\/04\/paris.jpg","datePublished":"2025-04-08T13:30:10+00:00","dateModified":"2025-04-08T13:34:08+00:00","description":"Click here to read the Spanish version. Caf\u00e9 de Paris La Baguette has just arrived in the capital. The iconic French bistro known for serving the most","breadcrumb":{"@id":"https:\/\/www.tapasmagazine.es\/en\/lentrecote-cafe-de-paris-unveils-a-baguette-with-its-legendary-entrecote\/#breadcrumb"},"inLanguage":"en-US","potentialAction":[{"@type":"ReadAction","target":["https:\/\/www.tapasmagazine.es\/en\/lentrecote-cafe-de-paris-unveils-a-baguette-with-its-legendary-entrecote\/"]}]},{"@type":"ImageObject","inLanguage":"en-US","@id":"https:\/\/www.tapasmagazine.es\/en\/lentrecote-cafe-de-paris-unveils-a-baguette-with-its-legendary-entrecote\/#primaryimage","url":"https:\/\/www.tapasmagazine.es\/wp-content\/uploads\/2025\/04\/paris.jpg","contentUrl":"https:\/\/www.tapasmagazine.es\/wp-content\/uploads\/2025\/04\/paris.jpg","width":1200,"height":675},{"@type":"BreadcrumbList","@id":"https:\/\/www.tapasmagazine.es\/en\/lentrecote-cafe-de-paris-unveils-a-baguette-with-its-legendary-entrecote\/#breadcrumb","itemListElement":[{"@type":"ListItem","position":1,"name":"Portada","item":"https:\/\/www.tapasmagazine.es\/"},{"@type":"ListItem","position":2,"name":"Gastro","item":"https:\/\/www.tapasmagazine.es\/categorias\/gastro\/"},{"@type":"ListItem","position":3,"name":"L&#8217;entrecote Caf\u00e9 de Paris unveils a baguette with its legendary entrecote"}]},{"@type":"WebSite","@id":"https:\/\/www.tapasmagazine.es\/#website","url":"https:\/\/www.tapasmagazine.es\/","name":"Tapas","description":"\u00d1am \u00d1am Lifestyle. La vida a bocados. Premio Nacional de Gastronom\u00eda 2016.","publisher":{"@id":"https:\/\/www.tapasmagazine.es\/#organization"},"potentialAction":[{"@type":"SearchAction","target":{"@type":"EntryPoint","urlTemplate":"https:\/\/www.tapasmagazine.es\/?s={search_term_string}"},"query-input":{"@type":"PropertyValueSpecification","valueRequired":true,"valueName":"search_term_string"}}],"inLanguage":"en-US"},{"@type":"Organization","@id":"https:\/\/www.tapasmagazine.es\/#organization","name":"Tapas Magazine","url":"https:\/\/www.tapasmagazine.es\/","logo":{"@type":"ImageObject","inLanguage":"en-US","@id":"https:\/\/www.tapasmagazine.es\/#\/schema\/logo\/image\/","url":"https:\/\/www.tapasmagazine.es\/wp-content\/uploads\/2018\/01\/logo.png","contentUrl":"https:\/\/www.tapasmagazine.es\/wp-content\/uploads\/2018\/01\/logo.png","width":180,"height":60,"caption":"Tapas Magazine"},"image":{"@id":"https:\/\/www.tapasmagazine.es\/#\/schema\/logo\/image\/"},"sameAs":["https:\/\/www.facebook.com\/tapasmagazine","https:\/\/x.com\/TapasMagazine","https:\/\/www.instagram.com\/tapasmagazine\/","https:\/\/www.linkedin.com\/company\/tapas-magazine","https:\/\/es.pinterest.com\/tapasmagazine\/","https:\/\/www.youtube.com\/channel\/UCEyxneAaACuR0lfDagrWjjg?sub_confirmation=1"]},{"@type":"Person","@id":"https:\/\/www.tapasmagazine.es\/#\/schema\/person\/eb46cbe76a9c8f062660eb609e3ecb4e","name":"Laura P\u00e9rez","url":"https:\/\/www.tapasmagazine.es\/en\/author\/laura-perez\/"}]}},"_links":{"self":[{"href":"https:\/\/www.tapasmagazine.es\/en\/wp-json\/wp\/v2\/posts\/286067","targetHints":{"allow":["GET"]}}],"collection":[{"href":"https:\/\/www.tapasmagazine.es\/en\/wp-json\/wp\/v2\/posts"}],"about":[{"href":"https:\/\/www.tapasmagazine.es\/en\/wp-json\/wp\/v2\/types\/post"}],"author":[{"embeddable":true,"href":"https:\/\/www.tapasmagazine.es\/en\/wp-json\/wp\/v2\/users\/285"}],"replies":[{"embeddable":true,"href":"https:\/\/www.tapasmagazine.es\/en\/wp-json\/wp\/v2\/comments?post=286067"}],"version-history":[{"count":2,"href":"https:\/\/www.tapasmagazine.es\/en\/wp-json\/wp\/v2\/posts\/286067\/revisions"}],"predecessor-version":[{"id":286081,"href":"https:\/\/www.tapasmagazine.es\/en\/wp-json\/wp\/v2\/posts\/286067\/revisions\/286081"}],"wp:featuredmedia":[{"embeddable":true,"href":"https:\/\/www.tapasmagazine.es\/en\/wp-json\/wp\/v2\/media\/286051"}],"wp:attachment":[{"href":"https:\/\/www.tapasmagazine.es\/en\/wp-json\/wp\/v2\/media?parent=286067"}],"wp:term":[{"taxonomy":"category","embeddable":true,"href":"https:\/\/www.tapasmagazine.es\/en\/wp-json\/wp\/v2\/categories?post=286067"},{"taxonomy":"post_tag","embeddable":true,"href":"https:\/\/www.tapasmagazine.es\/en\/wp-json\/wp\/v2\/tags?post=286067"}],"curies":[{"name":"wp","href":"https:\/\/api.w.org\/{rel}","templated":true}]}}