{"id":285387,"date":"2025-04-03T11:04:03","date_gmt":"2025-04-03T09:04:03","guid":{"rendered":"https:\/\/www.tapasmagazine.es\/la-crisis-del-vino-se-ve-agravada-por-los-nuevos-aranceles-de-trump\/"},"modified":"2025-04-03T11:06:28","modified_gmt":"2025-04-03T09:06:28","slug":"wine-crisis-exacerbated-by-trumps-new-tariffs","status":"publish","type":"post","link":"https:\/\/www.tapasmagazine.es\/en\/wine-crisis-exacerbated-by-trumps-new-tariffs\/","title":{"rendered":"Wine crisis exacerbated by Trump&#8217;s new tariffs"},"content":{"rendered":"\n<p><strong>Click <a href=\"https:\/\/www.tapasmagazine.es\/en\/wine-crisis-exacerbated-by-trumps-new-tariffs\/\" target=\"_blank\" rel=\"noreferrer noopener\">here<\/a> to read the Spanish version<\/strong>.<\/p>\n\n\n\n<p>The President of the United States has reactivated the alarm in the world wine sector with a new tariff that could cause financial chaos for wine importers and raise the price of wine for consumers.<\/p>\n\n\n\n<p>In<strong> Trump<\/strong>&#8216;s words, his new measure to boost domestic production and the <strong>US economy<\/strong> &#8216;will be fantastic for the wine and champagne business in the United States&#8217;, he alludes with respect to this limiting measure with which he intends to &#8216;benefit US wineries&#8217;, but what it really does is to aggravate the wine crisis and restrict Americans&#8217; freedom of choice.<\/p>\n\n\n<div class=\"wp-block-image\">\n<figure class=\"aligncenter size-large\"><img decoding=\"async\" width=\"1024\" height=\"576\" src=\"https:\/\/www.tapasmagazine.es\/wp-content\/uploads\/2025\/02\/trump-1024x576.jpg\" alt=\"\" class=\"wp-image-280657\" srcset=\"https:\/\/www.tapasmagazine.es\/wp-content\/uploads\/2025\/02\/trump-1024x576.jpg 1024w, https:\/\/www.tapasmagazine.es\/wp-content\/uploads\/2025\/02\/trump-300x169.jpg 300w, https:\/\/www.tapasmagazine.es\/wp-content\/uploads\/2025\/02\/trump-768x432.jpg 768w, https:\/\/www.tapasmagazine.es\/wp-content\/uploads\/2025\/02\/trump-1000x563.jpg 1000w, https:\/\/www.tapasmagazine.es\/wp-content\/uploads\/2025\/02\/trump-400x225.jpg 400w, https:\/\/www.tapasmagazine.es\/wp-content\/uploads\/2025\/02\/trump.jpg 1200w\" sizes=\"(max-width: 1024px) 100vw, 1024px\" \/><\/figure>\n<\/div>\n\n\n<p>The US-EU trade war now reaches another dimension with the new tariffs announced by the Trump administration, including a universal <strong>10% tariff <\/strong>for all US trading partners, implementing higher rates for some such as 20% for the EU and 30% for South Africa.<\/p>\n\n\n\n<p>U.S. importers will thus have to pay the tariffs upon arrival of the goods, leading to higher prices for consumers and financial pressure on businesses throughout the wine supply chain, from importers to retailers.<br>\u00a0<\/p>\n","protected":false},"excerpt":{"rendered":"<p>Click here to read the Spanish version. The President of the United States has reactivated the alarm in the world wine sector with a new tariff that could cause financial chaos for wine importers and raise the price of wine for consumers. In Trump&#8216;s words, his new measure to boost domestic production and the US [&hellip;]<\/p>\n","protected":false},"author":285,"featured_media":285380,"comment_status":"closed","ping_status":"closed","sticky":false,"template":"","format":"standard","meta":{"_acf_changed":false,"footnotes":""},"categories":[15802,1,16041],"tags":[19332,15907],"class_list":["post-285387","post","type-post","status-publish","format-standard","has-post-thumbnail","hentry","category-news","category-sin-categorizar","category-vino-en","tag-donald-trump-en","tag-vino-en","cat-15802-id","cat-1-id","cat-16041-id"],"acf":[],"yoast_head":"<!-- This site is optimized with the Yoast SEO plugin v27.4 - https:\/\/yoast.com\/product\/yoast-seo-wordpress\/ -->\n<title>Wine crisis exacerbated by Trump&#039;s new tariffs - Tapas<\/title>\n<meta name=\"description\" content=\"Click here to read the Spanish version. The President of the United States has reactivated the alarm in the world wine sector with a new tariff that could\" \/>\n<meta name=\"robots\" content=\"index, follow, max-snippet:-1, max-image-preview:large, max-video-preview:-1\" \/>\n<link rel=\"canonical\" href=\"https:\/\/www.tapasmagazine.es\/en\/wine-crisis-exacerbated-by-trumps-new-tariffs\/\" \/>\n<meta property=\"og:locale\" content=\"en_US\" \/>\n<meta property=\"og:type\" content=\"article\" \/>\n<meta property=\"og:title\" content=\"Wine crisis exacerbated by Trump&#039;s new tariffs - Tapas\" \/>\n<meta property=\"og:description\" content=\"Click here to read the Spanish version. The President of the United States has reactivated the alarm in the world wine sector with a new tariff that could\" \/>\n<meta property=\"og:url\" content=\"https:\/\/www.tapasmagazine.es\/en\/wine-crisis-exacerbated-by-trumps-new-tariffs\/\" \/>\n<meta property=\"og:site_name\" content=\"Tapas\" \/>\n<meta property=\"article:publisher\" content=\"https:\/\/www.facebook.com\/tapasmagazine\" \/>\n<meta property=\"article:published_time\" content=\"2025-04-03T09:04:03+00:00\" \/>\n<meta property=\"article:modified_time\" content=\"2025-04-03T09:06:28+00:00\" \/>\n<meta property=\"og:image\" content=\"https:\/\/www.tapasmagazine.es\/wp-content\/uploads\/2025\/04\/wine.jpg\" \/>\n\t<meta property=\"og:image:width\" content=\"1200\" \/>\n\t<meta property=\"og:image:height\" content=\"675\" \/>\n\t<meta property=\"og:image:type\" content=\"image\/jpeg\" \/>\n<meta name=\"author\" content=\"Laura P\u00e9rez\" \/>\n<meta name=\"twitter:card\" content=\"summary_large_image\" \/>\n<meta name=\"twitter:creator\" content=\"@TapasMagazine\" \/>\n<meta name=\"twitter:site\" content=\"@TapasMagazine\" \/>\n<meta name=\"twitter:label1\" content=\"Written by\" \/>\n\t<meta name=\"twitter:data1\" content=\"Laura P\u00e9rez\" \/>\n\t<meta name=\"twitter:label2\" content=\"Est. reading time\" \/>\n\t<meta name=\"twitter:data2\" content=\"2 minutes\" \/>\n<script type=\"application\/ld+json\" class=\"yoast-schema-graph\">{\"@context\":\"https:\\\/\\\/schema.org\",\"@graph\":[{\"@type\":\"Article\",\"@id\":\"https:\\\/\\\/www.tapasmagazine.es\\\/en\\\/wine-crisis-exacerbated-by-trumps-new-tariffs\\\/#article\",\"isPartOf\":{\"@id\":\"https:\\\/\\\/www.tapasmagazine.es\\\/en\\\/wine-crisis-exacerbated-by-trumps-new-tariffs\\\/\"},\"author\":{\"name\":\"Laura P\u00e9rez\",\"@id\":\"https:\\\/\\\/www.tapasmagazine.es\\\/#\\\/schema\\\/person\\\/eb46cbe76a9c8f062660eb609e3ecb4e\"},\"headline\":\"Wine crisis exacerbated by Trump&#8217;s new tariffs\",\"datePublished\":\"2025-04-03T09:04:03+00:00\",\"dateModified\":\"2025-04-03T09:06:28+00:00\",\"mainEntityOfPage\":{\"@id\":\"https:\\\/\\\/www.tapasmagazine.es\\\/en\\\/wine-crisis-exacerbated-by-trumps-new-tariffs\\\/\"},\"wordCount\":186,\"publisher\":{\"@id\":\"https:\\\/\\\/www.tapasmagazine.es\\\/#organization\"},\"image\":{\"@id\":\"https:\\\/\\\/www.tapasmagazine.es\\\/en\\\/wine-crisis-exacerbated-by-trumps-new-tariffs\\\/#primaryimage\"},\"thumbnailUrl\":\"https:\\\/\\\/www.tapasmagazine.es\\\/wp-content\\\/uploads\\\/2025\\\/04\\\/wine.jpg\",\"keywords\":[\"Donald Trump\",\"vino\"],\"articleSection\":[\"News\",\"Sin categorizar\",\"Vino\"],\"inLanguage\":\"en-US\"},{\"@type\":\"WebPage\",\"@id\":\"https:\\\/\\\/www.tapasmagazine.es\\\/en\\\/wine-crisis-exacerbated-by-trumps-new-tariffs\\\/\",\"url\":\"https:\\\/\\\/www.tapasmagazine.es\\\/en\\\/wine-crisis-exacerbated-by-trumps-new-tariffs\\\/\",\"name\":\"Wine crisis exacerbated by Trump's new tariffs - Tapas\",\"isPartOf\":{\"@id\":\"https:\\\/\\\/www.tapasmagazine.es\\\/#website\"},\"primaryImageOfPage\":{\"@id\":\"https:\\\/\\\/www.tapasmagazine.es\\\/en\\\/wine-crisis-exacerbated-by-trumps-new-tariffs\\\/#primaryimage\"},\"image\":{\"@id\":\"https:\\\/\\\/www.tapasmagazine.es\\\/en\\\/wine-crisis-exacerbated-by-trumps-new-tariffs\\\/#primaryimage\"},\"thumbnailUrl\":\"https:\\\/\\\/www.tapasmagazine.es\\\/wp-content\\\/uploads\\\/2025\\\/04\\\/wine.jpg\",\"datePublished\":\"2025-04-03T09:04:03+00:00\",\"dateModified\":\"2025-04-03T09:06:28+00:00\",\"description\":\"Click here to read the Spanish version. The President of the United States has reactivated the alarm in the world wine sector with a new tariff that could\",\"breadcrumb\":{\"@id\":\"https:\\\/\\\/www.tapasmagazine.es\\\/en\\\/wine-crisis-exacerbated-by-trumps-new-tariffs\\\/#breadcrumb\"},\"inLanguage\":\"en-US\",\"potentialAction\":[{\"@type\":\"ReadAction\",\"target\":[\"https:\\\/\\\/www.tapasmagazine.es\\\/en\\\/wine-crisis-exacerbated-by-trumps-new-tariffs\\\/\"]}]},{\"@type\":\"ImageObject\",\"inLanguage\":\"en-US\",\"@id\":\"https:\\\/\\\/www.tapasmagazine.es\\\/en\\\/wine-crisis-exacerbated-by-trumps-new-tariffs\\\/#primaryimage\",\"url\":\"https:\\\/\\\/www.tapasmagazine.es\\\/wp-content\\\/uploads\\\/2025\\\/04\\\/wine.jpg\",\"contentUrl\":\"https:\\\/\\\/www.tapasmagazine.es\\\/wp-content\\\/uploads\\\/2025\\\/04\\\/wine.jpg\",\"width\":1200,\"height\":675},{\"@type\":\"BreadcrumbList\",\"@id\":\"https:\\\/\\\/www.tapasmagazine.es\\\/en\\\/wine-crisis-exacerbated-by-trumps-new-tariffs\\\/#breadcrumb\",\"itemListElement\":[{\"@type\":\"ListItem\",\"position\":1,\"name\":\"Portada\",\"item\":\"https:\\\/\\\/www.tapasmagazine.es\\\/\"},{\"@type\":\"ListItem\",\"position\":2,\"name\":\"Actualidad\",\"item\":\"https:\\\/\\\/www.tapasmagazine.es\\\/categorias\\\/actualidad\\\/\"},{\"@type\":\"ListItem\",\"position\":3,\"name\":\"Wine crisis exacerbated by Trump&#8217;s new tariffs\"}]},{\"@type\":\"WebSite\",\"@id\":\"https:\\\/\\\/www.tapasmagazine.es\\\/#website\",\"url\":\"https:\\\/\\\/www.tapasmagazine.es\\\/\",\"name\":\"Tapas\",\"description\":\"\u00d1am \u00d1am Lifestyle. La vida a bocados. Premio Nacional de Gastronom\u00eda 2016.\",\"publisher\":{\"@id\":\"https:\\\/\\\/www.tapasmagazine.es\\\/#organization\"},\"potentialAction\":[{\"@type\":\"SearchAction\",\"target\":{\"@type\":\"EntryPoint\",\"urlTemplate\":\"https:\\\/\\\/www.tapasmagazine.es\\\/?s={search_term_string}\"},\"query-input\":{\"@type\":\"PropertyValueSpecification\",\"valueRequired\":true,\"valueName\":\"search_term_string\"}}],\"inLanguage\":\"en-US\"},{\"@type\":\"Organization\",\"@id\":\"https:\\\/\\\/www.tapasmagazine.es\\\/#organization\",\"name\":\"Tapas Magazine\",\"url\":\"https:\\\/\\\/www.tapasmagazine.es\\\/\",\"logo\":{\"@type\":\"ImageObject\",\"inLanguage\":\"en-US\",\"@id\":\"https:\\\/\\\/www.tapasmagazine.es\\\/#\\\/schema\\\/logo\\\/image\\\/\",\"url\":\"https:\\\/\\\/www.tapasmagazine.es\\\/wp-content\\\/uploads\\\/2018\\\/01\\\/logo.png\",\"contentUrl\":\"https:\\\/\\\/www.tapasmagazine.es\\\/wp-content\\\/uploads\\\/2018\\\/01\\\/logo.png\",\"width\":180,\"height\":60,\"caption\":\"Tapas Magazine\"},\"image\":{\"@id\":\"https:\\\/\\\/www.tapasmagazine.es\\\/#\\\/schema\\\/logo\\\/image\\\/\"},\"sameAs\":[\"https:\\\/\\\/www.facebook.com\\\/tapasmagazine\",\"https:\\\/\\\/x.com\\\/TapasMagazine\",\"https:\\\/\\\/www.instagram.com\\\/tapasmagazine\\\/\",\"https:\\\/\\\/www.linkedin.com\\\/company\\\/tapas-magazine\",\"https:\\\/\\\/es.pinterest.com\\\/tapasmagazine\\\/\",\"https:\\\/\\\/www.youtube.com\\\/channel\\\/UCEyxneAaACuR0lfDagrWjjg?sub_confirmation=1\"]},{\"@type\":\"Person\",\"@id\":\"https:\\\/\\\/www.tapasmagazine.es\\\/#\\\/schema\\\/person\\\/eb46cbe76a9c8f062660eb609e3ecb4e\",\"name\":\"Laura P\u00e9rez\",\"url\":\"https:\\\/\\\/www.tapasmagazine.es\\\/en\\\/author\\\/laura-perez\\\/\"}]}<\/script>\n<!-- \/ Yoast SEO plugin. -->","yoast_head_json":{"title":"Wine crisis exacerbated by Trump's new tariffs - Tapas","description":"Click here to read the Spanish version. The President of the United States has reactivated the alarm in the world wine sector with a new tariff that could","robots":{"index":"index","follow":"follow","max-snippet":"max-snippet:-1","max-image-preview":"max-image-preview:large","max-video-preview":"max-video-preview:-1"},"canonical":"https:\/\/www.tapasmagazine.es\/en\/wine-crisis-exacerbated-by-trumps-new-tariffs\/","og_locale":"en_US","og_type":"article","og_title":"Wine crisis exacerbated by Trump's new tariffs - Tapas","og_description":"Click here to read the Spanish version. The President of the United States has reactivated the alarm in the world wine sector with a new tariff that could","og_url":"https:\/\/www.tapasmagazine.es\/en\/wine-crisis-exacerbated-by-trumps-new-tariffs\/","og_site_name":"Tapas","article_publisher":"https:\/\/www.facebook.com\/tapasmagazine","article_published_time":"2025-04-03T09:04:03+00:00","article_modified_time":"2025-04-03T09:06:28+00:00","og_image":[{"width":1200,"height":675,"url":"https:\/\/www.tapasmagazine.es\/wp-content\/uploads\/2025\/04\/wine.jpg","type":"image\/jpeg"}],"author":"Laura P\u00e9rez","twitter_card":"summary_large_image","twitter_creator":"@TapasMagazine","twitter_site":"@TapasMagazine","twitter_misc":{"Written by":"Laura P\u00e9rez","Est. reading time":"2 minutes"},"schema":{"@context":"https:\/\/schema.org","@graph":[{"@type":"Article","@id":"https:\/\/www.tapasmagazine.es\/en\/wine-crisis-exacerbated-by-trumps-new-tariffs\/#article","isPartOf":{"@id":"https:\/\/www.tapasmagazine.es\/en\/wine-crisis-exacerbated-by-trumps-new-tariffs\/"},"author":{"name":"Laura P\u00e9rez","@id":"https:\/\/www.tapasmagazine.es\/#\/schema\/person\/eb46cbe76a9c8f062660eb609e3ecb4e"},"headline":"Wine crisis exacerbated by Trump&#8217;s new tariffs","datePublished":"2025-04-03T09:04:03+00:00","dateModified":"2025-04-03T09:06:28+00:00","mainEntityOfPage":{"@id":"https:\/\/www.tapasmagazine.es\/en\/wine-crisis-exacerbated-by-trumps-new-tariffs\/"},"wordCount":186,"publisher":{"@id":"https:\/\/www.tapasmagazine.es\/#organization"},"image":{"@id":"https:\/\/www.tapasmagazine.es\/en\/wine-crisis-exacerbated-by-trumps-new-tariffs\/#primaryimage"},"thumbnailUrl":"https:\/\/www.tapasmagazine.es\/wp-content\/uploads\/2025\/04\/wine.jpg","keywords":["Donald Trump","vino"],"articleSection":["News","Sin categorizar","Vino"],"inLanguage":"en-US"},{"@type":"WebPage","@id":"https:\/\/www.tapasmagazine.es\/en\/wine-crisis-exacerbated-by-trumps-new-tariffs\/","url":"https:\/\/www.tapasmagazine.es\/en\/wine-crisis-exacerbated-by-trumps-new-tariffs\/","name":"Wine crisis exacerbated by Trump's new tariffs - Tapas","isPartOf":{"@id":"https:\/\/www.tapasmagazine.es\/#website"},"primaryImageOfPage":{"@id":"https:\/\/www.tapasmagazine.es\/en\/wine-crisis-exacerbated-by-trumps-new-tariffs\/#primaryimage"},"image":{"@id":"https:\/\/www.tapasmagazine.es\/en\/wine-crisis-exacerbated-by-trumps-new-tariffs\/#primaryimage"},"thumbnailUrl":"https:\/\/www.tapasmagazine.es\/wp-content\/uploads\/2025\/04\/wine.jpg","datePublished":"2025-04-03T09:04:03+00:00","dateModified":"2025-04-03T09:06:28+00:00","description":"Click here to read the Spanish version. The President of the United States has reactivated the alarm in the world wine sector with a new tariff that could","breadcrumb":{"@id":"https:\/\/www.tapasmagazine.es\/en\/wine-crisis-exacerbated-by-trumps-new-tariffs\/#breadcrumb"},"inLanguage":"en-US","potentialAction":[{"@type":"ReadAction","target":["https:\/\/www.tapasmagazine.es\/en\/wine-crisis-exacerbated-by-trumps-new-tariffs\/"]}]},{"@type":"ImageObject","inLanguage":"en-US","@id":"https:\/\/www.tapasmagazine.es\/en\/wine-crisis-exacerbated-by-trumps-new-tariffs\/#primaryimage","url":"https:\/\/www.tapasmagazine.es\/wp-content\/uploads\/2025\/04\/wine.jpg","contentUrl":"https:\/\/www.tapasmagazine.es\/wp-content\/uploads\/2025\/04\/wine.jpg","width":1200,"height":675},{"@type":"BreadcrumbList","@id":"https:\/\/www.tapasmagazine.es\/en\/wine-crisis-exacerbated-by-trumps-new-tariffs\/#breadcrumb","itemListElement":[{"@type":"ListItem","position":1,"name":"Portada","item":"https:\/\/www.tapasmagazine.es\/"},{"@type":"ListItem","position":2,"name":"Actualidad","item":"https:\/\/www.tapasmagazine.es\/categorias\/actualidad\/"},{"@type":"ListItem","position":3,"name":"Wine crisis exacerbated by Trump&#8217;s new tariffs"}]},{"@type":"WebSite","@id":"https:\/\/www.tapasmagazine.es\/#website","url":"https:\/\/www.tapasmagazine.es\/","name":"Tapas","description":"\u00d1am \u00d1am Lifestyle. La vida a bocados. Premio Nacional de Gastronom\u00eda 2016.","publisher":{"@id":"https:\/\/www.tapasmagazine.es\/#organization"},"potentialAction":[{"@type":"SearchAction","target":{"@type":"EntryPoint","urlTemplate":"https:\/\/www.tapasmagazine.es\/?s={search_term_string}"},"query-input":{"@type":"PropertyValueSpecification","valueRequired":true,"valueName":"search_term_string"}}],"inLanguage":"en-US"},{"@type":"Organization","@id":"https:\/\/www.tapasmagazine.es\/#organization","name":"Tapas Magazine","url":"https:\/\/www.tapasmagazine.es\/","logo":{"@type":"ImageObject","inLanguage":"en-US","@id":"https:\/\/www.tapasmagazine.es\/#\/schema\/logo\/image\/","url":"https:\/\/www.tapasmagazine.es\/wp-content\/uploads\/2018\/01\/logo.png","contentUrl":"https:\/\/www.tapasmagazine.es\/wp-content\/uploads\/2018\/01\/logo.png","width":180,"height":60,"caption":"Tapas Magazine"},"image":{"@id":"https:\/\/www.tapasmagazine.es\/#\/schema\/logo\/image\/"},"sameAs":["https:\/\/www.facebook.com\/tapasmagazine","https:\/\/x.com\/TapasMagazine","https:\/\/www.instagram.com\/tapasmagazine\/","https:\/\/www.linkedin.com\/company\/tapas-magazine","https:\/\/es.pinterest.com\/tapasmagazine\/","https:\/\/www.youtube.com\/channel\/UCEyxneAaACuR0lfDagrWjjg?sub_confirmation=1"]},{"@type":"Person","@id":"https:\/\/www.tapasmagazine.es\/#\/schema\/person\/eb46cbe76a9c8f062660eb609e3ecb4e","name":"Laura P\u00e9rez","url":"https:\/\/www.tapasmagazine.es\/en\/author\/laura-perez\/"}]}},"_links":{"self":[{"href":"https:\/\/www.tapasmagazine.es\/en\/wp-json\/wp\/v2\/posts\/285387","targetHints":{"allow":["GET"]}}],"collection":[{"href":"https:\/\/www.tapasmagazine.es\/en\/wp-json\/wp\/v2\/posts"}],"about":[{"href":"https:\/\/www.tapasmagazine.es\/en\/wp-json\/wp\/v2\/types\/post"}],"author":[{"embeddable":true,"href":"https:\/\/www.tapasmagazine.es\/en\/wp-json\/wp\/v2\/users\/285"}],"replies":[{"embeddable":true,"href":"https:\/\/www.tapasmagazine.es\/en\/wp-json\/wp\/v2\/comments?post=285387"}],"version-history":[{"count":2,"href":"https:\/\/www.tapasmagazine.es\/en\/wp-json\/wp\/v2\/posts\/285387\/revisions"}],"predecessor-version":[{"id":285394,"href":"https:\/\/www.tapasmagazine.es\/en\/wp-json\/wp\/v2\/posts\/285387\/revisions\/285394"}],"wp:featuredmedia":[{"embeddable":true,"href":"https:\/\/www.tapasmagazine.es\/en\/wp-json\/wp\/v2\/media\/285380"}],"wp:attachment":[{"href":"https:\/\/www.tapasmagazine.es\/en\/wp-json\/wp\/v2\/media?parent=285387"}],"wp:term":[{"taxonomy":"category","embeddable":true,"href":"https:\/\/www.tapasmagazine.es\/en\/wp-json\/wp\/v2\/categories?post=285387"},{"taxonomy":"post_tag","embeddable":true,"href":"https:\/\/www.tapasmagazine.es\/en\/wp-json\/wp\/v2\/tags?post=285387"}],"curies":[{"name":"wp","href":"https:\/\/api.w.org\/{rel}","templated":true}]}}