{"id":285223,"date":"2025-04-02T11:03:52","date_gmt":"2025-04-02T09:03:52","guid":{"rendered":"https:\/\/www.tapasmagazine.es\/dentro-del-excentrico-libro-de-vinos-de-dali\/"},"modified":"2025-04-02T11:08:36","modified_gmt":"2025-04-02T09:08:36","slug":"inside-dali-eccentric-wine-book","status":"publish","type":"post","link":"https:\/\/www.tapasmagazine.es\/en\/inside-dali-eccentric-wine-book\/","title":{"rendered":"Inside Dal\u00ed&#8217;s Eccentric Wine Book"},"content":{"rendered":"\n<p><strong>Click <a href=\"https:\/\/www.tapasmagazine.es\/en\/inside-dali-eccentric-wine-book\/\" target=\"_blank\" rel=\"noreferrer noopener\">here<\/a> to read the Spanish version<\/strong>.<\/p>\n\n\n\n<p><strong>Dal\u00ed<\/strong>&#8216;s interests in the world of gastronomy are immortalized in a compilation of books dedicated, for the most part, to his muse. In the first instance, &#8216;Les d\u00eeners de Gala&#8217; would come out in 1973 as a compendium of all the exotic dishes and the overflowing imagination that was served at the opulent dinners of the artist and Gala. A work in which certain surrealist reflections about their cuisine and the classic recipes of the great Parisian restaurants visited by the iconic creative duo, such as La Tour d&#8217;Argent and Maxim&#8217;s, are also diluted.<\/p>\n\n\n<div class=\"wp-block-image\">\n<figure class=\"aligncenter size-large\"><img decoding=\"async\" width=\"750\" height=\"1024\" src=\"https:\/\/www.tapasmagazine.es\/wp-content\/uploads\/2025\/04\/d3851339be2cf1e8664ef625b0be0edc-750x1024.webp\" alt=\"\" class=\"wp-image-285219\" srcset=\"https:\/\/www.tapasmagazine.es\/wp-content\/uploads\/2025\/04\/d3851339be2cf1e8664ef625b0be0edc-750x1024.webp 750w, https:\/\/www.tapasmagazine.es\/wp-content\/uploads\/2025\/04\/d3851339be2cf1e8664ef625b0be0edc-220x300.webp 220w, https:\/\/www.tapasmagazine.es\/wp-content\/uploads\/2025\/04\/d3851339be2cf1e8664ef625b0be0edc-768x1049.webp 768w, https:\/\/www.tapasmagazine.es\/wp-content\/uploads\/2025\/04\/d3851339be2cf1e8664ef625b0be0edc-1125x1536.webp 1125w, https:\/\/www.tapasmagazine.es\/wp-content\/uploads\/2025\/04\/d3851339be2cf1e8664ef625b0be0edc-1500x2048.webp 1500w, https:\/\/www.tapasmagazine.es\/wp-content\/uploads\/2025\/04\/d3851339be2cf1e8664ef625b0be0edc-1000x1365.webp 1000w, https:\/\/www.tapasmagazine.es\/wp-content\/uploads\/2025\/04\/d3851339be2cf1e8664ef625b0be0edc-400x546.webp 400w, https:\/\/www.tapasmagazine.es\/wp-content\/uploads\/2025\/04\/d3851339be2cf1e8664ef625b0be0edc-scaled.webp 1875w\" sizes=\"(max-width: 750px) 100vw, 750px\" \/><\/figure>\n<\/div>\n\n\n<p>The pairing to that book came in <strong>1977<\/strong> with &#8216;<strong>The Wines of Gala<\/strong>&#8216;, the liquid extension of his eccentric recipe book that speaks of the artist&#8217;s revolutionary way of conceiving wine under his obsession for sexuality and desire for food and wine, while sharing his passion for the gift of the gods, exploring the multiple myths of the grape.<\/p>\n\n\n\n<figure class=\"wp-block-image size-large\"><img decoding=\"async\" width=\"1024\" height=\"679\" src=\"https:\/\/www.tapasmagazine.es\/wp-content\/uploads\/2025\/04\/523f5c32f73e74a035b9f483daf3be3a-1024x679.webp\" alt=\"\" class=\"wp-image-285213\" srcset=\"https:\/\/www.tapasmagazine.es\/wp-content\/uploads\/2025\/04\/523f5c32f73e74a035b9f483daf3be3a-1024x679.webp 1024w, https:\/\/www.tapasmagazine.es\/wp-content\/uploads\/2025\/04\/523f5c32f73e74a035b9f483daf3be3a-300x199.webp 300w, https:\/\/www.tapasmagazine.es\/wp-content\/uploads\/2025\/04\/523f5c32f73e74a035b9f483daf3be3a-768x509.webp 768w, https:\/\/www.tapasmagazine.es\/wp-content\/uploads\/2025\/04\/523f5c32f73e74a035b9f483daf3be3a-1536x1018.webp 1536w, https:\/\/www.tapasmagazine.es\/wp-content\/uploads\/2025\/04\/523f5c32f73e74a035b9f483daf3be3a-2048x1358.webp 2048w, https:\/\/www.tapasmagazine.es\/wp-content\/uploads\/2025\/04\/523f5c32f73e74a035b9f483daf3be3a-1000x663.webp 1000w, https:\/\/www.tapasmagazine.es\/wp-content\/uploads\/2025\/04\/523f5c32f73e74a035b9f483daf3be3a-400x265.webp 400w\" sizes=\"(max-width: 1024px) 100vw, 1024px\" \/><\/figure>\n\n\n\n<p>Dal\u00ed&#8217;s wine guide, unlike his<strong> cookbook<\/strong>, has no text of its own, but was written by the editor <strong>Draeger<\/strong>, a friend and confidant of the artist. The visual content really prevails in the piece, with more than <strong>140 illustrations<\/strong> by S.D., most of them sketches and details reprinted from previous paintings.<\/p>\n\n\n\n<figure class=\"wp-block-image size-large\"><img decoding=\"async\" width=\"1024\" height=\"671\" src=\"https:\/\/www.tapasmagazine.es\/wp-content\/uploads\/2025\/04\/5cd83bccb9f9e8eb4b3e1adf2c760855-1024x671.webp\" alt=\"\" class=\"wp-image-285215\" srcset=\"https:\/\/www.tapasmagazine.es\/wp-content\/uploads\/2025\/04\/5cd83bccb9f9e8eb4b3e1adf2c760855-1024x671.webp 1024w, https:\/\/www.tapasmagazine.es\/wp-content\/uploads\/2025\/04\/5cd83bccb9f9e8eb4b3e1adf2c760855-300x197.webp 300w, https:\/\/www.tapasmagazine.es\/wp-content\/uploads\/2025\/04\/5cd83bccb9f9e8eb4b3e1adf2c760855-768x503.webp 768w, https:\/\/www.tapasmagazine.es\/wp-content\/uploads\/2025\/04\/5cd83bccb9f9e8eb4b3e1adf2c760855-1536x1006.webp 1536w, https:\/\/www.tapasmagazine.es\/wp-content\/uploads\/2025\/04\/5cd83bccb9f9e8eb4b3e1adf2c760855-2048x1341.webp 2048w, https:\/\/www.tapasmagazine.es\/wp-content\/uploads\/2025\/04\/5cd83bccb9f9e8eb4b3e1adf2c760855-1000x655.webp 1000w, https:\/\/www.tapasmagazine.es\/wp-content\/uploads\/2025\/04\/5cd83bccb9f9e8eb4b3e1adf2c760855-400x262.webp 400w\" sizes=\"(max-width: 1024px) 100vw, 1024px\" \/><\/figure>\n\n\n\n<p>The surrealist master introduces in the work a series of eclectic metrics with which to group different wines of the world through innovative and Dalinian frameworks such as \u201cwines of frivolity\u201d, \u201cwines of the impossible\u201d and \u201cwines of light\u201d.<\/p>\n\n\n\n<figure class=\"wp-block-image size-large\"><img decoding=\"async\" width=\"1024\" height=\"671\" src=\"https:\/\/www.tapasmagazine.es\/wp-content\/uploads\/2025\/04\/696f6211b8b4eda3ca4bad4c0c49bfeb-1024x671.webp\" alt=\"\" class=\"wp-image-285217\" srcset=\"https:\/\/www.tapasmagazine.es\/wp-content\/uploads\/2025\/04\/696f6211b8b4eda3ca4bad4c0c49bfeb-1024x671.webp 1024w, https:\/\/www.tapasmagazine.es\/wp-content\/uploads\/2025\/04\/696f6211b8b4eda3ca4bad4c0c49bfeb-300x197.webp 300w, https:\/\/www.tapasmagazine.es\/wp-content\/uploads\/2025\/04\/696f6211b8b4eda3ca4bad4c0c49bfeb-768x503.webp 768w, https:\/\/www.tapasmagazine.es\/wp-content\/uploads\/2025\/04\/696f6211b8b4eda3ca4bad4c0c49bfeb-1536x1006.webp 1536w, https:\/\/www.tapasmagazine.es\/wp-content\/uploads\/2025\/04\/696f6211b8b4eda3ca4bad4c0c49bfeb-2048x1341.webp 2048w, https:\/\/www.tapasmagazine.es\/wp-content\/uploads\/2025\/04\/696f6211b8b4eda3ca4bad4c0c49bfeb-1000x655.webp 1000w, https:\/\/www.tapasmagazine.es\/wp-content\/uploads\/2025\/04\/696f6211b8b4eda3ca4bad4c0c49bfeb-400x262.webp 400w\" sizes=\"(max-width: 1024px) 100vw, 1024px\" \/><\/figure>\n\n\n\n<p>In<strong> Dal\u00ed&#8217;s book<\/strong> we can also find one of the most important works of his last &#8216;nuclear mystical&#8217; phase with &#8216;The Sacrament of the Last Supper&#8217; (1955), which places the iconic biblical scene in a dodecahedron before a Catalan coastal landscape in which he intermingles his devotion to Catholicism with his atomic age and his optical illusions.<\/p>\n","protected":false},"excerpt":{"rendered":"<p>Click here to read the Spanish version. Dal\u00ed&#8216;s interests in the world of gastronomy are immortalized in a compilation of books dedicated, for the most part, to his muse. In the first instance, &#8216;Les d\u00eeners de Gala&#8217; would come out in 1973 as a compendium of all the exotic dishes and the overflowing imagination that [&hellip;]<\/p>\n","protected":false},"author":285,"featured_media":285212,"comment_status":"closed","ping_status":"closed","sticky":false,"template":"","format":"standard","meta":{"_acf_changed":false,"footnotes":""},"categories":[15910,1,16041],"tags":[18174,16387,15907],"class_list":["post-285223","post","type-post","status-publish","format-standard","has-post-thumbnail","hentry","category-personajes-en","category-sin-categorizar","category-vino-en","tag-libro-en","tag-salvador-dali-en","tag-vino-en","cat-15910-id","cat-1-id","cat-16041-id"],"acf":[],"yoast_head":"<!-- This site is optimized with the Yoast SEO plugin v27.5 - https:\/\/yoast.com\/product\/yoast-seo-wordpress\/ -->\n<title>Inside Dal\u00ed&#039;s Eccentric Wine Book - Tapas<\/title>\n<meta name=\"description\" content=\"Click here to read the Spanish version. Dal\u00ed&#039;s interests in the world of gastronomy are immortalized in a compilation of books dedicated, for the most\" \/>\n<meta name=\"robots\" content=\"index, follow, max-snippet:-1, max-image-preview:large, max-video-preview:-1\" \/>\n<link rel=\"canonical\" href=\"https:\/\/www.tapasmagazine.es\/en\/inside-dali-eccentric-wine-book\/\" \/>\n<meta property=\"og:locale\" content=\"en_US\" \/>\n<meta property=\"og:type\" content=\"article\" \/>\n<meta property=\"og:title\" content=\"Inside Dal\u00ed&#039;s Eccentric Wine Book - Tapas\" \/>\n<meta property=\"og:description\" content=\"Click here to read the Spanish version. Dal\u00ed&#039;s interests in the world of gastronomy are immortalized in a compilation of books dedicated, for the most\" \/>\n<meta property=\"og:url\" content=\"https:\/\/www.tapasmagazine.es\/en\/inside-dali-eccentric-wine-book\/\" \/>\n<meta property=\"og:site_name\" content=\"Tapas\" \/>\n<meta property=\"article:publisher\" content=\"https:\/\/www.facebook.com\/tapasmagazine\" \/>\n<meta property=\"article:published_time\" content=\"2025-04-02T09:03:52+00:00\" \/>\n<meta property=\"article:modified_time\" content=\"2025-04-02T09:08:36+00:00\" \/>\n<meta property=\"og:image\" content=\"https:\/\/www.tapasmagazine.es\/wp-content\/uploads\/2025\/04\/dali.jpg\" \/>\n\t<meta property=\"og:image:width\" content=\"1200\" \/>\n\t<meta property=\"og:image:height\" content=\"675\" \/>\n\t<meta property=\"og:image:type\" content=\"image\/jpeg\" \/>\n<meta name=\"author\" content=\"Laura P\u00e9rez\" \/>\n<meta name=\"twitter:card\" content=\"summary_large_image\" \/>\n<meta name=\"twitter:creator\" content=\"@TapasMagazine\" \/>\n<meta name=\"twitter:site\" content=\"@TapasMagazine\" \/>\n<meta name=\"twitter:label1\" content=\"Written by\" \/>\n\t<meta name=\"twitter:data1\" content=\"Laura P\u00e9rez\" \/>\n\t<meta name=\"twitter:label2\" content=\"Est. reading time\" \/>\n\t<meta name=\"twitter:data2\" content=\"3 minutes\" \/>\n<script type=\"application\/ld+json\" class=\"yoast-schema-graph\">{\"@context\":\"https:\\\/\\\/schema.org\",\"@graph\":[{\"@type\":\"Article\",\"@id\":\"https:\\\/\\\/www.tapasmagazine.es\\\/en\\\/inside-dali-eccentric-wine-book\\\/#article\",\"isPartOf\":{\"@id\":\"https:\\\/\\\/www.tapasmagazine.es\\\/en\\\/inside-dali-eccentric-wine-book\\\/\"},\"author\":{\"name\":\"Laura P\u00e9rez\",\"@id\":\"https:\\\/\\\/www.tapasmagazine.es\\\/#\\\/schema\\\/person\\\/eb46cbe76a9c8f062660eb609e3ecb4e\"},\"headline\":\"Inside Dal\u00ed&#8217;s Eccentric Wine Book\",\"datePublished\":\"2025-04-02T09:03:52+00:00\",\"dateModified\":\"2025-04-02T09:08:36+00:00\",\"mainEntityOfPage\":{\"@id\":\"https:\\\/\\\/www.tapasmagazine.es\\\/en\\\/inside-dali-eccentric-wine-book\\\/\"},\"wordCount\":317,\"publisher\":{\"@id\":\"https:\\\/\\\/www.tapasmagazine.es\\\/#organization\"},\"image\":{\"@id\":\"https:\\\/\\\/www.tapasmagazine.es\\\/en\\\/inside-dali-eccentric-wine-book\\\/#primaryimage\"},\"thumbnailUrl\":\"https:\\\/\\\/www.tapasmagazine.es\\\/wp-content\\\/uploads\\\/2025\\\/04\\\/dali.jpg\",\"keywords\":[\"libro\",\"Salvador Dal\u00ed\",\"vino\"],\"articleSection\":[\"Personajes\",\"Sin categorizar\",\"Vino\"],\"inLanguage\":\"en-US\"},{\"@type\":\"WebPage\",\"@id\":\"https:\\\/\\\/www.tapasmagazine.es\\\/en\\\/inside-dali-eccentric-wine-book\\\/\",\"url\":\"https:\\\/\\\/www.tapasmagazine.es\\\/en\\\/inside-dali-eccentric-wine-book\\\/\",\"name\":\"Inside Dal\u00ed's Eccentric Wine Book - Tapas\",\"isPartOf\":{\"@id\":\"https:\\\/\\\/www.tapasmagazine.es\\\/#website\"},\"primaryImageOfPage\":{\"@id\":\"https:\\\/\\\/www.tapasmagazine.es\\\/en\\\/inside-dali-eccentric-wine-book\\\/#primaryimage\"},\"image\":{\"@id\":\"https:\\\/\\\/www.tapasmagazine.es\\\/en\\\/inside-dali-eccentric-wine-book\\\/#primaryimage\"},\"thumbnailUrl\":\"https:\\\/\\\/www.tapasmagazine.es\\\/wp-content\\\/uploads\\\/2025\\\/04\\\/dali.jpg\",\"datePublished\":\"2025-04-02T09:03:52+00:00\",\"dateModified\":\"2025-04-02T09:08:36+00:00\",\"description\":\"Click here to read the Spanish version. Dal\u00ed's interests in the world of gastronomy are immortalized in a compilation of books dedicated, for the most\",\"breadcrumb\":{\"@id\":\"https:\\\/\\\/www.tapasmagazine.es\\\/en\\\/inside-dali-eccentric-wine-book\\\/#breadcrumb\"},\"inLanguage\":\"en-US\",\"potentialAction\":[{\"@type\":\"ReadAction\",\"target\":[\"https:\\\/\\\/www.tapasmagazine.es\\\/en\\\/inside-dali-eccentric-wine-book\\\/\"]}]},{\"@type\":\"ImageObject\",\"inLanguage\":\"en-US\",\"@id\":\"https:\\\/\\\/www.tapasmagazine.es\\\/en\\\/inside-dali-eccentric-wine-book\\\/#primaryimage\",\"url\":\"https:\\\/\\\/www.tapasmagazine.es\\\/wp-content\\\/uploads\\\/2025\\\/04\\\/dali.jpg\",\"contentUrl\":\"https:\\\/\\\/www.tapasmagazine.es\\\/wp-content\\\/uploads\\\/2025\\\/04\\\/dali.jpg\",\"width\":1200,\"height\":675},{\"@type\":\"BreadcrumbList\",\"@id\":\"https:\\\/\\\/www.tapasmagazine.es\\\/en\\\/inside-dali-eccentric-wine-book\\\/#breadcrumb\",\"itemListElement\":[{\"@type\":\"ListItem\",\"position\":1,\"name\":\"Portada\",\"item\":\"https:\\\/\\\/www.tapasmagazine.es\\\/\"},{\"@type\":\"ListItem\",\"position\":2,\"name\":\"Gastro\",\"item\":\"https:\\\/\\\/www.tapasmagazine.es\\\/categorias\\\/gastro\\\/\"},{\"@type\":\"ListItem\",\"position\":3,\"name\":\"Vino\",\"item\":\"http:\\\/\\\/www.tapasmagazine.es\\\/categorias\\\/gastro\\\/vino\\\/\"},{\"@type\":\"ListItem\",\"position\":4,\"name\":\"Inside Dal\u00ed&#8217;s Eccentric Wine Book\"}]},{\"@type\":\"WebSite\",\"@id\":\"https:\\\/\\\/www.tapasmagazine.es\\\/#website\",\"url\":\"https:\\\/\\\/www.tapasmagazine.es\\\/\",\"name\":\"Tapas\",\"description\":\"\u00d1am \u00d1am Lifestyle. La vida a bocados. Premio Nacional de Gastronom\u00eda 2016.\",\"publisher\":{\"@id\":\"https:\\\/\\\/www.tapasmagazine.es\\\/#organization\"},\"potentialAction\":[{\"@type\":\"SearchAction\",\"target\":{\"@type\":\"EntryPoint\",\"urlTemplate\":\"https:\\\/\\\/www.tapasmagazine.es\\\/?s={search_term_string}\"},\"query-input\":{\"@type\":\"PropertyValueSpecification\",\"valueRequired\":true,\"valueName\":\"search_term_string\"}}],\"inLanguage\":\"en-US\"},{\"@type\":\"Organization\",\"@id\":\"https:\\\/\\\/www.tapasmagazine.es\\\/#organization\",\"name\":\"Tapas Magazine\",\"url\":\"https:\\\/\\\/www.tapasmagazine.es\\\/\",\"logo\":{\"@type\":\"ImageObject\",\"inLanguage\":\"en-US\",\"@id\":\"https:\\\/\\\/www.tapasmagazine.es\\\/#\\\/schema\\\/logo\\\/image\\\/\",\"url\":\"https:\\\/\\\/www.tapasmagazine.es\\\/wp-content\\\/uploads\\\/2018\\\/01\\\/logo.png\",\"contentUrl\":\"https:\\\/\\\/www.tapasmagazine.es\\\/wp-content\\\/uploads\\\/2018\\\/01\\\/logo.png\",\"width\":180,\"height\":60,\"caption\":\"Tapas Magazine\"},\"image\":{\"@id\":\"https:\\\/\\\/www.tapasmagazine.es\\\/#\\\/schema\\\/logo\\\/image\\\/\"},\"sameAs\":[\"https:\\\/\\\/www.facebook.com\\\/tapasmagazine\",\"https:\\\/\\\/x.com\\\/TapasMagazine\",\"https:\\\/\\\/www.instagram.com\\\/tapasmagazine\\\/\",\"https:\\\/\\\/www.linkedin.com\\\/company\\\/tapas-magazine\",\"https:\\\/\\\/es.pinterest.com\\\/tapasmagazine\\\/\",\"https:\\\/\\\/www.youtube.com\\\/channel\\\/UCEyxneAaACuR0lfDagrWjjg?sub_confirmation=1\"]},{\"@type\":\"Person\",\"@id\":\"https:\\\/\\\/www.tapasmagazine.es\\\/#\\\/schema\\\/person\\\/eb46cbe76a9c8f062660eb609e3ecb4e\",\"name\":\"Laura P\u00e9rez\",\"url\":\"https:\\\/\\\/www.tapasmagazine.es\\\/en\\\/author\\\/laura-perez\\\/\"}]}<\/script>\n<!-- \/ Yoast SEO plugin. -->","yoast_head_json":{"title":"Inside Dal\u00ed's Eccentric Wine Book - Tapas","description":"Click here to read the Spanish version. Dal\u00ed's interests in the world of gastronomy are immortalized in a compilation of books dedicated, for the most","robots":{"index":"index","follow":"follow","max-snippet":"max-snippet:-1","max-image-preview":"max-image-preview:large","max-video-preview":"max-video-preview:-1"},"canonical":"https:\/\/www.tapasmagazine.es\/en\/inside-dali-eccentric-wine-book\/","og_locale":"en_US","og_type":"article","og_title":"Inside Dal\u00ed's Eccentric Wine Book - Tapas","og_description":"Click here to read the Spanish version. Dal\u00ed's interests in the world of gastronomy are immortalized in a compilation of books dedicated, for the most","og_url":"https:\/\/www.tapasmagazine.es\/en\/inside-dali-eccentric-wine-book\/","og_site_name":"Tapas","article_publisher":"https:\/\/www.facebook.com\/tapasmagazine","article_published_time":"2025-04-02T09:03:52+00:00","article_modified_time":"2025-04-02T09:08:36+00:00","og_image":[{"width":1200,"height":675,"url":"https:\/\/www.tapasmagazine.es\/wp-content\/uploads\/2025\/04\/dali.jpg","type":"image\/jpeg"}],"author":"Laura P\u00e9rez","twitter_card":"summary_large_image","twitter_creator":"@TapasMagazine","twitter_site":"@TapasMagazine","twitter_misc":{"Written by":"Laura P\u00e9rez","Est. reading time":"3 minutes"},"schema":{"@context":"https:\/\/schema.org","@graph":[{"@type":"Article","@id":"https:\/\/www.tapasmagazine.es\/en\/inside-dali-eccentric-wine-book\/#article","isPartOf":{"@id":"https:\/\/www.tapasmagazine.es\/en\/inside-dali-eccentric-wine-book\/"},"author":{"name":"Laura P\u00e9rez","@id":"https:\/\/www.tapasmagazine.es\/#\/schema\/person\/eb46cbe76a9c8f062660eb609e3ecb4e"},"headline":"Inside Dal\u00ed&#8217;s Eccentric Wine Book","datePublished":"2025-04-02T09:03:52+00:00","dateModified":"2025-04-02T09:08:36+00:00","mainEntityOfPage":{"@id":"https:\/\/www.tapasmagazine.es\/en\/inside-dali-eccentric-wine-book\/"},"wordCount":317,"publisher":{"@id":"https:\/\/www.tapasmagazine.es\/#organization"},"image":{"@id":"https:\/\/www.tapasmagazine.es\/en\/inside-dali-eccentric-wine-book\/#primaryimage"},"thumbnailUrl":"https:\/\/www.tapasmagazine.es\/wp-content\/uploads\/2025\/04\/dali.jpg","keywords":["libro","Salvador Dal\u00ed","vino"],"articleSection":["Personajes","Sin categorizar","Vino"],"inLanguage":"en-US"},{"@type":"WebPage","@id":"https:\/\/www.tapasmagazine.es\/en\/inside-dali-eccentric-wine-book\/","url":"https:\/\/www.tapasmagazine.es\/en\/inside-dali-eccentric-wine-book\/","name":"Inside Dal\u00ed's Eccentric Wine Book - Tapas","isPartOf":{"@id":"https:\/\/www.tapasmagazine.es\/#website"},"primaryImageOfPage":{"@id":"https:\/\/www.tapasmagazine.es\/en\/inside-dali-eccentric-wine-book\/#primaryimage"},"image":{"@id":"https:\/\/www.tapasmagazine.es\/en\/inside-dali-eccentric-wine-book\/#primaryimage"},"thumbnailUrl":"https:\/\/www.tapasmagazine.es\/wp-content\/uploads\/2025\/04\/dali.jpg","datePublished":"2025-04-02T09:03:52+00:00","dateModified":"2025-04-02T09:08:36+00:00","description":"Click here to read the Spanish version. Dal\u00ed's interests in the world of gastronomy are immortalized in a compilation of books dedicated, for the most","breadcrumb":{"@id":"https:\/\/www.tapasmagazine.es\/en\/inside-dali-eccentric-wine-book\/#breadcrumb"},"inLanguage":"en-US","potentialAction":[{"@type":"ReadAction","target":["https:\/\/www.tapasmagazine.es\/en\/inside-dali-eccentric-wine-book\/"]}]},{"@type":"ImageObject","inLanguage":"en-US","@id":"https:\/\/www.tapasmagazine.es\/en\/inside-dali-eccentric-wine-book\/#primaryimage","url":"https:\/\/www.tapasmagazine.es\/wp-content\/uploads\/2025\/04\/dali.jpg","contentUrl":"https:\/\/www.tapasmagazine.es\/wp-content\/uploads\/2025\/04\/dali.jpg","width":1200,"height":675},{"@type":"BreadcrumbList","@id":"https:\/\/www.tapasmagazine.es\/en\/inside-dali-eccentric-wine-book\/#breadcrumb","itemListElement":[{"@type":"ListItem","position":1,"name":"Portada","item":"https:\/\/www.tapasmagazine.es\/"},{"@type":"ListItem","position":2,"name":"Gastro","item":"https:\/\/www.tapasmagazine.es\/categorias\/gastro\/"},{"@type":"ListItem","position":3,"name":"Vino","item":"http:\/\/www.tapasmagazine.es\/categorias\/gastro\/vino\/"},{"@type":"ListItem","position":4,"name":"Inside Dal\u00ed&#8217;s Eccentric Wine Book"}]},{"@type":"WebSite","@id":"https:\/\/www.tapasmagazine.es\/#website","url":"https:\/\/www.tapasmagazine.es\/","name":"Tapas","description":"\u00d1am \u00d1am Lifestyle. La vida a bocados. Premio Nacional de Gastronom\u00eda 2016.","publisher":{"@id":"https:\/\/www.tapasmagazine.es\/#organization"},"potentialAction":[{"@type":"SearchAction","target":{"@type":"EntryPoint","urlTemplate":"https:\/\/www.tapasmagazine.es\/?s={search_term_string}"},"query-input":{"@type":"PropertyValueSpecification","valueRequired":true,"valueName":"search_term_string"}}],"inLanguage":"en-US"},{"@type":"Organization","@id":"https:\/\/www.tapasmagazine.es\/#organization","name":"Tapas Magazine","url":"https:\/\/www.tapasmagazine.es\/","logo":{"@type":"ImageObject","inLanguage":"en-US","@id":"https:\/\/www.tapasmagazine.es\/#\/schema\/logo\/image\/","url":"https:\/\/www.tapasmagazine.es\/wp-content\/uploads\/2018\/01\/logo.png","contentUrl":"https:\/\/www.tapasmagazine.es\/wp-content\/uploads\/2018\/01\/logo.png","width":180,"height":60,"caption":"Tapas Magazine"},"image":{"@id":"https:\/\/www.tapasmagazine.es\/#\/schema\/logo\/image\/"},"sameAs":["https:\/\/www.facebook.com\/tapasmagazine","https:\/\/x.com\/TapasMagazine","https:\/\/www.instagram.com\/tapasmagazine\/","https:\/\/www.linkedin.com\/company\/tapas-magazine","https:\/\/es.pinterest.com\/tapasmagazine\/","https:\/\/www.youtube.com\/channel\/UCEyxneAaACuR0lfDagrWjjg?sub_confirmation=1"]},{"@type":"Person","@id":"https:\/\/www.tapasmagazine.es\/#\/schema\/person\/eb46cbe76a9c8f062660eb609e3ecb4e","name":"Laura P\u00e9rez","url":"https:\/\/www.tapasmagazine.es\/en\/author\/laura-perez\/"}]}},"_links":{"self":[{"href":"https:\/\/www.tapasmagazine.es\/en\/wp-json\/wp\/v2\/posts\/285223","targetHints":{"allow":["GET"]}}],"collection":[{"href":"https:\/\/www.tapasmagazine.es\/en\/wp-json\/wp\/v2\/posts"}],"about":[{"href":"https:\/\/www.tapasmagazine.es\/en\/wp-json\/wp\/v2\/types\/post"}],"author":[{"embeddable":true,"href":"https:\/\/www.tapasmagazine.es\/en\/wp-json\/wp\/v2\/users\/285"}],"replies":[{"embeddable":true,"href":"https:\/\/www.tapasmagazine.es\/en\/wp-json\/wp\/v2\/comments?post=285223"}],"version-history":[{"count":2,"href":"https:\/\/www.tapasmagazine.es\/en\/wp-json\/wp\/v2\/posts\/285223\/revisions"}],"predecessor-version":[{"id":285242,"href":"https:\/\/www.tapasmagazine.es\/en\/wp-json\/wp\/v2\/posts\/285223\/revisions\/285242"}],"wp:featuredmedia":[{"embeddable":true,"href":"https:\/\/www.tapasmagazine.es\/en\/wp-json\/wp\/v2\/media\/285212"}],"wp:attachment":[{"href":"https:\/\/www.tapasmagazine.es\/en\/wp-json\/wp\/v2\/media?parent=285223"}],"wp:term":[{"taxonomy":"category","embeddable":true,"href":"https:\/\/www.tapasmagazine.es\/en\/wp-json\/wp\/v2\/categories?post=285223"},{"taxonomy":"post_tag","embeddable":true,"href":"https:\/\/www.tapasmagazine.es\/en\/wp-json\/wp\/v2\/tags?post=285223"}],"curies":[{"name":"wp","href":"https:\/\/api.w.org\/{rel}","templated":true}]}}