{"id":284746,"date":"2025-03-27T16:00:09","date_gmt":"2025-03-27T15:00:09","guid":{"rendered":"https:\/\/www.tapasmagazine.es\/pedro-pascal-reacciona-a-su-pedido-de-cafe-viral-tras-dos-anos\/"},"modified":"2025-03-27T16:03:38","modified_gmt":"2025-03-27T15:03:38","slug":"pedro-pascal-reacts-to-his-viral-coffee-request-after-two-years","status":"publish","type":"post","link":"https:\/\/www.tapasmagazine.es\/en\/pedro-pascal-reacts-to-his-viral-coffee-request-after-two-years\/","title":{"rendered":"Pedro Pascal reacts to his viral coffee request after two years"},"content":{"rendered":"\n<p><strong>Click <a href=\"https:\/\/www.tapasmagazine.es\/en\/pedro-pascal-reacts-to-his-viral-coffee-request-after-two-years\/\" target=\"_blank\" rel=\"noreferrer noopener\">here<\/a> to read the Spanish version<\/strong>.<\/p>\n\n\n\n<p>About two years ago, the internet got wind of <strong>Pedro Pascal<\/strong>&#8216;s Starbucks order, thanks to a chance encounter with a fan named <strong>@alexafromspace<\/strong>. After posting a photo of him holding the coffee and showing the ticket, users took to the internet to express their concern about the high dose the actor consumes. \u2018Dad needs his coffee every morning to carry the whole world and a fandom on his shoulders,\u2019 the caption read.<\/p>\n\n\n\n<p>The Last of Us&#8217; star&#8217;s order included six espresso coffees in total, which equates to about 384 mg of caffeine. According to the US Food and Drug Administration (FDA), 400mg is the maximum amount of caffeine a person should consume before side effects begin to appear.<\/p>\n\n\n\n<figure class=\"wp-block-embed aligncenter is-type-video is-provider-tiktok wp-block-embed-tiktok\"><div class=\"wp-block-embed__wrapper\">\n<blockquote class=\"tiktok-embed\" cite=\"https:\/\/www.tiktok.com\/@jimmykimmellive\/video\/7485577608403488043\" data-video-id=\"7485577608403488043\" data-embed-from=\"oembed\" style=\"max-width:605px; min-width:325px;\"> <section> <a target=\"_blank\" title=\"@jimmykimmellive\" href=\"https:\/\/www.tiktok.com\/@jimmykimmellive?refer=embed\">@jimmykimmellive<\/a> <p>\u201cI can not begin to tell you how violating this was\u201d &#8211; Pedro Pascal on his CRAZY coffee order being exposed \ud83e\udd23\u2615\ufe0f  <\/p> <a target=\"_blank\" title=\"\u266c original sound - Jimmy Kimmel Live\" href=\"https:\/\/www.tiktok.com\/music\/original-sound-7485577719560899370?refer=embed\">\u266c original sound &#8211; Jimmy Kimmel Live<\/a> <\/section> <\/blockquote> <script async src=\"https:\/\/www.tiktok.com\/embed.js\"><\/script>\n<\/div><\/figure>\n\n\n\n<p>Pascal has now wanted to weigh in on the matter. Specifically, he would do so during his appearance on <strong>Jimmy Kimmel Live!<\/strong>, where <strong>Kimmel <\/strong>asked Pascal about the famous photo, which shows his coffee order stuck on the side of a Starbucks cup.<\/p>\n\n\n\n<p>\u2018I can&#8217;t even begin to explain how violent this was. There&#8217;s so much context for it to have turned into six shots of espresso,\u2019 <strong>Pascal<\/strong> explained. \u2018It was always a quadruple, but then I think the cups got bigger and the shots got less strong. And at some point it became six.\u2019<\/p>\n\n\n<div class=\"wp-block-image\">\n<figure class=\"aligncenter size-large\"><img decoding=\"async\" width=\"1024\" height=\"682\" src=\"https:\/\/www.tapasmagazine.es\/wp-content\/uploads\/2025\/03\/coffee-1024x682.webp\" alt=\"\" class=\"wp-image-284739\" srcset=\"https:\/\/www.tapasmagazine.es\/wp-content\/uploads\/2025\/03\/coffee-1024x682.webp 1024w, https:\/\/www.tapasmagazine.es\/wp-content\/uploads\/2025\/03\/coffee-300x200.webp 300w, https:\/\/www.tapasmagazine.es\/wp-content\/uploads\/2025\/03\/coffee-768x512.webp 768w, https:\/\/www.tapasmagazine.es\/wp-content\/uploads\/2025\/03\/coffee-1000x666.webp 1000w, https:\/\/www.tapasmagazine.es\/wp-content\/uploads\/2025\/03\/coffee-400x267.webp 400w, https:\/\/www.tapasmagazine.es\/wp-content\/uploads\/2025\/03\/coffee.webp 1160w\" sizes=\"(max-width: 1024px) 100vw, 1024px\" \/><\/figure>\n<\/div>\n\n\n<p>\u2018It was [an] incredibly private morning ritual that I didn&#8217;t want anyone to know about. I don&#8217;t drink any more coffee for the rest of the day, I swear,\u2019 he admits in order to put the rumours to rest and defuse the public&#8217;s alarm. And if at this point you&#8217;re still wondering why he does it, the performer does it for this purpose: \u2018You sip it. You get high and answer emails and stuff\u2019.<\/p>\n","protected":false},"excerpt":{"rendered":"<p>Click here to read the Spanish version. About two years ago, the internet got wind of Pedro Pascal&#8216;s Starbucks order, thanks to a chance encounter with a fan named @alexafromspace. After posting a photo of him holding the coffee and showing the ticket, users took to the internet to express their concern about the high [&hellip;]<\/p>\n","protected":false},"author":285,"featured_media":284736,"comment_status":"closed","ping_status":"closed","sticky":false,"template":"","format":"standard","meta":{"_acf_changed":false,"footnotes":""},"categories":[15910],"tags":[16537],"class_list":["post-284746","post","type-post","status-publish","format-standard","has-post-thumbnail","hentry","category-personajes-en","tag-cafe-en","cat-15910-id"],"acf":[],"yoast_head":"<!-- This site is optimized with the Yoast SEO plugin v27.5 - https:\/\/yoast.com\/product\/yoast-seo-wordpress\/ -->\n<title>Pedro Pascal reacts to his viral coffee request after two years - Tapas<\/title>\n<meta name=\"description\" content=\"Click here to read the Spanish version. About two years ago, the internet got wind of Pedro Pascal&#039;s Starbucks order, thanks to a chance encounter with a\" \/>\n<meta name=\"robots\" content=\"index, follow, max-snippet:-1, max-image-preview:large, max-video-preview:-1\" \/>\n<link rel=\"canonical\" href=\"https:\/\/www.tapasmagazine.es\/en\/pedro-pascal-reacts-to-his-viral-coffee-request-after-two-years\/\" \/>\n<meta property=\"og:locale\" content=\"en_US\" \/>\n<meta property=\"og:type\" content=\"article\" \/>\n<meta property=\"og:title\" content=\"Pedro Pascal reacts to his viral coffee request after two years - Tapas\" \/>\n<meta property=\"og:description\" content=\"Click here to read the Spanish version. About two years ago, the internet got wind of Pedro Pascal&#039;s Starbucks order, thanks to a chance encounter with a\" \/>\n<meta property=\"og:url\" content=\"https:\/\/www.tapasmagazine.es\/en\/pedro-pascal-reacts-to-his-viral-coffee-request-after-two-years\/\" \/>\n<meta property=\"og:site_name\" content=\"Tapas\" \/>\n<meta property=\"article:publisher\" content=\"https:\/\/www.facebook.com\/tapasmagazine\" \/>\n<meta property=\"article:published_time\" content=\"2025-03-27T15:00:09+00:00\" \/>\n<meta property=\"article:modified_time\" content=\"2025-03-27T15:03:38+00:00\" \/>\n<meta property=\"og:image\" content=\"https:\/\/www.tapasmagazine.es\/wp-content\/uploads\/2025\/03\/pedro-pascal.jpg\" \/>\n\t<meta property=\"og:image:width\" content=\"1200\" \/>\n\t<meta property=\"og:image:height\" content=\"675\" \/>\n\t<meta property=\"og:image:type\" content=\"image\/jpeg\" \/>\n<meta name=\"author\" content=\"Laura P\u00e9rez\" \/>\n<meta name=\"twitter:card\" content=\"summary_large_image\" \/>\n<meta name=\"twitter:creator\" content=\"@TapasMagazine\" \/>\n<meta name=\"twitter:site\" content=\"@TapasMagazine\" \/>\n<meta name=\"twitter:label1\" content=\"Written by\" \/>\n\t<meta name=\"twitter:data1\" content=\"Laura P\u00e9rez\" \/>\n\t<meta name=\"twitter:label2\" content=\"Est. reading time\" \/>\n\t<meta name=\"twitter:data2\" content=\"2 minutes\" \/>\n<script type=\"application\/ld+json\" class=\"yoast-schema-graph\">{\"@context\":\"https:\\\/\\\/schema.org\",\"@graph\":[{\"@type\":\"Article\",\"@id\":\"https:\\\/\\\/www.tapasmagazine.es\\\/en\\\/pedro-pascal-reacts-to-his-viral-coffee-request-after-two-years\\\/#article\",\"isPartOf\":{\"@id\":\"https:\\\/\\\/www.tapasmagazine.es\\\/en\\\/pedro-pascal-reacts-to-his-viral-coffee-request-after-two-years\\\/\"},\"author\":{\"name\":\"Laura P\u00e9rez\",\"@id\":\"https:\\\/\\\/www.tapasmagazine.es\\\/#\\\/schema\\\/person\\\/eb46cbe76a9c8f062660eb609e3ecb4e\"},\"headline\":\"Pedro Pascal reacts to his viral coffee request after two years\",\"datePublished\":\"2025-03-27T15:00:09+00:00\",\"dateModified\":\"2025-03-27T15:03:38+00:00\",\"mainEntityOfPage\":{\"@id\":\"https:\\\/\\\/www.tapasmagazine.es\\\/en\\\/pedro-pascal-reacts-to-his-viral-coffee-request-after-two-years\\\/\"},\"wordCount\":350,\"publisher\":{\"@id\":\"https:\\\/\\\/www.tapasmagazine.es\\\/#organization\"},\"image\":{\"@id\":\"https:\\\/\\\/www.tapasmagazine.es\\\/en\\\/pedro-pascal-reacts-to-his-viral-coffee-request-after-two-years\\\/#primaryimage\"},\"thumbnailUrl\":\"https:\\\/\\\/www.tapasmagazine.es\\\/wp-content\\\/uploads\\\/2025\\\/03\\\/pedro-pascal.jpg\",\"keywords\":[\"caf\u00e9\"],\"articleSection\":[\"Personajes\"],\"inLanguage\":\"en-US\"},{\"@type\":\"WebPage\",\"@id\":\"https:\\\/\\\/www.tapasmagazine.es\\\/en\\\/pedro-pascal-reacts-to-his-viral-coffee-request-after-two-years\\\/\",\"url\":\"https:\\\/\\\/www.tapasmagazine.es\\\/en\\\/pedro-pascal-reacts-to-his-viral-coffee-request-after-two-years\\\/\",\"name\":\"Pedro Pascal reacts to his viral coffee request after two years - Tapas\",\"isPartOf\":{\"@id\":\"https:\\\/\\\/www.tapasmagazine.es\\\/#website\"},\"primaryImageOfPage\":{\"@id\":\"https:\\\/\\\/www.tapasmagazine.es\\\/en\\\/pedro-pascal-reacts-to-his-viral-coffee-request-after-two-years\\\/#primaryimage\"},\"image\":{\"@id\":\"https:\\\/\\\/www.tapasmagazine.es\\\/en\\\/pedro-pascal-reacts-to-his-viral-coffee-request-after-two-years\\\/#primaryimage\"},\"thumbnailUrl\":\"https:\\\/\\\/www.tapasmagazine.es\\\/wp-content\\\/uploads\\\/2025\\\/03\\\/pedro-pascal.jpg\",\"datePublished\":\"2025-03-27T15:00:09+00:00\",\"dateModified\":\"2025-03-27T15:03:38+00:00\",\"description\":\"Click here to read the Spanish version. About two years ago, the internet got wind of Pedro Pascal's Starbucks order, thanks to a chance encounter with a\",\"breadcrumb\":{\"@id\":\"https:\\\/\\\/www.tapasmagazine.es\\\/en\\\/pedro-pascal-reacts-to-his-viral-coffee-request-after-two-years\\\/#breadcrumb\"},\"inLanguage\":\"en-US\",\"potentialAction\":[{\"@type\":\"ReadAction\",\"target\":[\"https:\\\/\\\/www.tapasmagazine.es\\\/en\\\/pedro-pascal-reacts-to-his-viral-coffee-request-after-two-years\\\/\"]}]},{\"@type\":\"ImageObject\",\"inLanguage\":\"en-US\",\"@id\":\"https:\\\/\\\/www.tapasmagazine.es\\\/en\\\/pedro-pascal-reacts-to-his-viral-coffee-request-after-two-years\\\/#primaryimage\",\"url\":\"https:\\\/\\\/www.tapasmagazine.es\\\/wp-content\\\/uploads\\\/2025\\\/03\\\/pedro-pascal.jpg\",\"contentUrl\":\"https:\\\/\\\/www.tapasmagazine.es\\\/wp-content\\\/uploads\\\/2025\\\/03\\\/pedro-pascal.jpg\",\"width\":1200,\"height\":675},{\"@type\":\"BreadcrumbList\",\"@id\":\"https:\\\/\\\/www.tapasmagazine.es\\\/en\\\/pedro-pascal-reacts-to-his-viral-coffee-request-after-two-years\\\/#breadcrumb\",\"itemListElement\":[{\"@type\":\"ListItem\",\"position\":1,\"name\":\"Portada\",\"item\":\"https:\\\/\\\/www.tapasmagazine.es\\\/\"},{\"@type\":\"ListItem\",\"position\":2,\"name\":\"Nombres propios\",\"item\":\"https:\\\/\\\/www.tapasmagazine.es\\\/categorias\\\/nombres-propios\\\/\"},{\"@type\":\"ListItem\",\"position\":3,\"name\":\"Personajes\",\"item\":\"http:\\\/\\\/www.tapasmagazine.es\\\/categorias\\\/nombres-propios\\\/personajes\\\/\"},{\"@type\":\"ListItem\",\"position\":4,\"name\":\"Pedro Pascal reacts to his viral coffee request after two years\"}]},{\"@type\":\"WebSite\",\"@id\":\"https:\\\/\\\/www.tapasmagazine.es\\\/#website\",\"url\":\"https:\\\/\\\/www.tapasmagazine.es\\\/\",\"name\":\"Tapas\",\"description\":\"\u00d1am \u00d1am Lifestyle. La vida a bocados. Premio Nacional de Gastronom\u00eda 2016.\",\"publisher\":{\"@id\":\"https:\\\/\\\/www.tapasmagazine.es\\\/#organization\"},\"potentialAction\":[{\"@type\":\"SearchAction\",\"target\":{\"@type\":\"EntryPoint\",\"urlTemplate\":\"https:\\\/\\\/www.tapasmagazine.es\\\/?s={search_term_string}\"},\"query-input\":{\"@type\":\"PropertyValueSpecification\",\"valueRequired\":true,\"valueName\":\"search_term_string\"}}],\"inLanguage\":\"en-US\"},{\"@type\":\"Organization\",\"@id\":\"https:\\\/\\\/www.tapasmagazine.es\\\/#organization\",\"name\":\"Tapas Magazine\",\"url\":\"https:\\\/\\\/www.tapasmagazine.es\\\/\",\"logo\":{\"@type\":\"ImageObject\",\"inLanguage\":\"en-US\",\"@id\":\"https:\\\/\\\/www.tapasmagazine.es\\\/#\\\/schema\\\/logo\\\/image\\\/\",\"url\":\"https:\\\/\\\/www.tapasmagazine.es\\\/wp-content\\\/uploads\\\/2018\\\/01\\\/logo.png\",\"contentUrl\":\"https:\\\/\\\/www.tapasmagazine.es\\\/wp-content\\\/uploads\\\/2018\\\/01\\\/logo.png\",\"width\":180,\"height\":60,\"caption\":\"Tapas Magazine\"},\"image\":{\"@id\":\"https:\\\/\\\/www.tapasmagazine.es\\\/#\\\/schema\\\/logo\\\/image\\\/\"},\"sameAs\":[\"https:\\\/\\\/www.facebook.com\\\/tapasmagazine\",\"https:\\\/\\\/x.com\\\/TapasMagazine\",\"https:\\\/\\\/www.instagram.com\\\/tapasmagazine\\\/\",\"https:\\\/\\\/www.linkedin.com\\\/company\\\/tapas-magazine\",\"https:\\\/\\\/es.pinterest.com\\\/tapasmagazine\\\/\",\"https:\\\/\\\/www.youtube.com\\\/channel\\\/UCEyxneAaACuR0lfDagrWjjg?sub_confirmation=1\"]},{\"@type\":\"Person\",\"@id\":\"https:\\\/\\\/www.tapasmagazine.es\\\/#\\\/schema\\\/person\\\/eb46cbe76a9c8f062660eb609e3ecb4e\",\"name\":\"Laura P\u00e9rez\",\"url\":\"https:\\\/\\\/www.tapasmagazine.es\\\/en\\\/author\\\/laura-perez\\\/\"}]}<\/script>\n<!-- \/ Yoast SEO plugin. -->","yoast_head_json":{"title":"Pedro Pascal reacts to his viral coffee request after two years - Tapas","description":"Click here to read the Spanish version. About two years ago, the internet got wind of Pedro Pascal's Starbucks order, thanks to a chance encounter with a","robots":{"index":"index","follow":"follow","max-snippet":"max-snippet:-1","max-image-preview":"max-image-preview:large","max-video-preview":"max-video-preview:-1"},"canonical":"https:\/\/www.tapasmagazine.es\/en\/pedro-pascal-reacts-to-his-viral-coffee-request-after-two-years\/","og_locale":"en_US","og_type":"article","og_title":"Pedro Pascal reacts to his viral coffee request after two years - Tapas","og_description":"Click here to read the Spanish version. About two years ago, the internet got wind of Pedro Pascal's Starbucks order, thanks to a chance encounter with a","og_url":"https:\/\/www.tapasmagazine.es\/en\/pedro-pascal-reacts-to-his-viral-coffee-request-after-two-years\/","og_site_name":"Tapas","article_publisher":"https:\/\/www.facebook.com\/tapasmagazine","article_published_time":"2025-03-27T15:00:09+00:00","article_modified_time":"2025-03-27T15:03:38+00:00","og_image":[{"width":1200,"height":675,"url":"https:\/\/www.tapasmagazine.es\/wp-content\/uploads\/2025\/03\/pedro-pascal.jpg","type":"image\/jpeg"}],"author":"Laura P\u00e9rez","twitter_card":"summary_large_image","twitter_creator":"@TapasMagazine","twitter_site":"@TapasMagazine","twitter_misc":{"Written by":"Laura P\u00e9rez","Est. reading time":"2 minutes"},"schema":{"@context":"https:\/\/schema.org","@graph":[{"@type":"Article","@id":"https:\/\/www.tapasmagazine.es\/en\/pedro-pascal-reacts-to-his-viral-coffee-request-after-two-years\/#article","isPartOf":{"@id":"https:\/\/www.tapasmagazine.es\/en\/pedro-pascal-reacts-to-his-viral-coffee-request-after-two-years\/"},"author":{"name":"Laura P\u00e9rez","@id":"https:\/\/www.tapasmagazine.es\/#\/schema\/person\/eb46cbe76a9c8f062660eb609e3ecb4e"},"headline":"Pedro Pascal reacts to his viral coffee request after two years","datePublished":"2025-03-27T15:00:09+00:00","dateModified":"2025-03-27T15:03:38+00:00","mainEntityOfPage":{"@id":"https:\/\/www.tapasmagazine.es\/en\/pedro-pascal-reacts-to-his-viral-coffee-request-after-two-years\/"},"wordCount":350,"publisher":{"@id":"https:\/\/www.tapasmagazine.es\/#organization"},"image":{"@id":"https:\/\/www.tapasmagazine.es\/en\/pedro-pascal-reacts-to-his-viral-coffee-request-after-two-years\/#primaryimage"},"thumbnailUrl":"https:\/\/www.tapasmagazine.es\/wp-content\/uploads\/2025\/03\/pedro-pascal.jpg","keywords":["caf\u00e9"],"articleSection":["Personajes"],"inLanguage":"en-US"},{"@type":"WebPage","@id":"https:\/\/www.tapasmagazine.es\/en\/pedro-pascal-reacts-to-his-viral-coffee-request-after-two-years\/","url":"https:\/\/www.tapasmagazine.es\/en\/pedro-pascal-reacts-to-his-viral-coffee-request-after-two-years\/","name":"Pedro Pascal reacts to his viral coffee request after two years - Tapas","isPartOf":{"@id":"https:\/\/www.tapasmagazine.es\/#website"},"primaryImageOfPage":{"@id":"https:\/\/www.tapasmagazine.es\/en\/pedro-pascal-reacts-to-his-viral-coffee-request-after-two-years\/#primaryimage"},"image":{"@id":"https:\/\/www.tapasmagazine.es\/en\/pedro-pascal-reacts-to-his-viral-coffee-request-after-two-years\/#primaryimage"},"thumbnailUrl":"https:\/\/www.tapasmagazine.es\/wp-content\/uploads\/2025\/03\/pedro-pascal.jpg","datePublished":"2025-03-27T15:00:09+00:00","dateModified":"2025-03-27T15:03:38+00:00","description":"Click here to read the Spanish version. About two years ago, the internet got wind of Pedro Pascal's Starbucks order, thanks to a chance encounter with a","breadcrumb":{"@id":"https:\/\/www.tapasmagazine.es\/en\/pedro-pascal-reacts-to-his-viral-coffee-request-after-two-years\/#breadcrumb"},"inLanguage":"en-US","potentialAction":[{"@type":"ReadAction","target":["https:\/\/www.tapasmagazine.es\/en\/pedro-pascal-reacts-to-his-viral-coffee-request-after-two-years\/"]}]},{"@type":"ImageObject","inLanguage":"en-US","@id":"https:\/\/www.tapasmagazine.es\/en\/pedro-pascal-reacts-to-his-viral-coffee-request-after-two-years\/#primaryimage","url":"https:\/\/www.tapasmagazine.es\/wp-content\/uploads\/2025\/03\/pedro-pascal.jpg","contentUrl":"https:\/\/www.tapasmagazine.es\/wp-content\/uploads\/2025\/03\/pedro-pascal.jpg","width":1200,"height":675},{"@type":"BreadcrumbList","@id":"https:\/\/www.tapasmagazine.es\/en\/pedro-pascal-reacts-to-his-viral-coffee-request-after-two-years\/#breadcrumb","itemListElement":[{"@type":"ListItem","position":1,"name":"Portada","item":"https:\/\/www.tapasmagazine.es\/"},{"@type":"ListItem","position":2,"name":"Nombres propios","item":"https:\/\/www.tapasmagazine.es\/categorias\/nombres-propios\/"},{"@type":"ListItem","position":3,"name":"Personajes","item":"http:\/\/www.tapasmagazine.es\/categorias\/nombres-propios\/personajes\/"},{"@type":"ListItem","position":4,"name":"Pedro Pascal reacts to his viral coffee request after two years"}]},{"@type":"WebSite","@id":"https:\/\/www.tapasmagazine.es\/#website","url":"https:\/\/www.tapasmagazine.es\/","name":"Tapas","description":"\u00d1am \u00d1am Lifestyle. La vida a bocados. Premio Nacional de Gastronom\u00eda 2016.","publisher":{"@id":"https:\/\/www.tapasmagazine.es\/#organization"},"potentialAction":[{"@type":"SearchAction","target":{"@type":"EntryPoint","urlTemplate":"https:\/\/www.tapasmagazine.es\/?s={search_term_string}"},"query-input":{"@type":"PropertyValueSpecification","valueRequired":true,"valueName":"search_term_string"}}],"inLanguage":"en-US"},{"@type":"Organization","@id":"https:\/\/www.tapasmagazine.es\/#organization","name":"Tapas Magazine","url":"https:\/\/www.tapasmagazine.es\/","logo":{"@type":"ImageObject","inLanguage":"en-US","@id":"https:\/\/www.tapasmagazine.es\/#\/schema\/logo\/image\/","url":"https:\/\/www.tapasmagazine.es\/wp-content\/uploads\/2018\/01\/logo.png","contentUrl":"https:\/\/www.tapasmagazine.es\/wp-content\/uploads\/2018\/01\/logo.png","width":180,"height":60,"caption":"Tapas Magazine"},"image":{"@id":"https:\/\/www.tapasmagazine.es\/#\/schema\/logo\/image\/"},"sameAs":["https:\/\/www.facebook.com\/tapasmagazine","https:\/\/x.com\/TapasMagazine","https:\/\/www.instagram.com\/tapasmagazine\/","https:\/\/www.linkedin.com\/company\/tapas-magazine","https:\/\/es.pinterest.com\/tapasmagazine\/","https:\/\/www.youtube.com\/channel\/UCEyxneAaACuR0lfDagrWjjg?sub_confirmation=1"]},{"@type":"Person","@id":"https:\/\/www.tapasmagazine.es\/#\/schema\/person\/eb46cbe76a9c8f062660eb609e3ecb4e","name":"Laura P\u00e9rez","url":"https:\/\/www.tapasmagazine.es\/en\/author\/laura-perez\/"}]}},"_links":{"self":[{"href":"https:\/\/www.tapasmagazine.es\/en\/wp-json\/wp\/v2\/posts\/284746","targetHints":{"allow":["GET"]}}],"collection":[{"href":"https:\/\/www.tapasmagazine.es\/en\/wp-json\/wp\/v2\/posts"}],"about":[{"href":"https:\/\/www.tapasmagazine.es\/en\/wp-json\/wp\/v2\/types\/post"}],"author":[{"embeddable":true,"href":"https:\/\/www.tapasmagazine.es\/en\/wp-json\/wp\/v2\/users\/285"}],"replies":[{"embeddable":true,"href":"https:\/\/www.tapasmagazine.es\/en\/wp-json\/wp\/v2\/comments?post=284746"}],"version-history":[{"count":2,"href":"https:\/\/www.tapasmagazine.es\/en\/wp-json\/wp\/v2\/posts\/284746\/revisions"}],"predecessor-version":[{"id":284753,"href":"https:\/\/www.tapasmagazine.es\/en\/wp-json\/wp\/v2\/posts\/284746\/revisions\/284753"}],"wp:featuredmedia":[{"embeddable":true,"href":"https:\/\/www.tapasmagazine.es\/en\/wp-json\/wp\/v2\/media\/284736"}],"wp:attachment":[{"href":"https:\/\/www.tapasmagazine.es\/en\/wp-json\/wp\/v2\/media?parent=284746"}],"wp:term":[{"taxonomy":"category","embeddable":true,"href":"https:\/\/www.tapasmagazine.es\/en\/wp-json\/wp\/v2\/categories?post=284746"},{"taxonomy":"post_tag","embeddable":true,"href":"https:\/\/www.tapasmagazine.es\/en\/wp-json\/wp\/v2\/tags?post=284746"}],"curies":[{"name":"wp","href":"https:\/\/api.w.org\/{rel}","templated":true}]}}