{"id":284613,"date":"2025-03-27T10:11:41","date_gmt":"2025-03-27T09:11:41","guid":{"rendered":"https:\/\/www.tapasmagazine.es\/mercadona-tendra-muy-pronto-cafeterias-dentro\/"},"modified":"2025-03-27T10:15:02","modified_gmt":"2025-03-27T09:15:02","slug":"mercadona-will-soon-have-cafeterias-inside","status":"publish","type":"post","link":"https:\/\/www.tapasmagazine.es\/en\/mercadona-will-soon-have-cafeterias-inside\/","title":{"rendered":"Mercadona will soon have cafeterias inside"},"content":{"rendered":"\n<p><strong>Click <a href=\"https:\/\/www.tapasmagazine.es\/en\/mercadona-will-soon-have-cafeterias-inside\/\" target=\"_blank\" rel=\"noreferrer noopener\">here<\/a> to read the Spanish version<\/strong>.<\/p>\n\n\n\n<p>Like other industry benchmarks such as Inditex or IKEA, <strong>Mercadona<\/strong> has wanted to adapt to the needs of the modern consumer by opening <strong>coffee shops<\/strong> in some of its shops.<\/p>\n\n\n\n<p><strong>Coffee culture<\/strong>, which has become a way of life in the current era, will soon form part of the Mercadona universe, which will be developed from its \u2018ready to eat\u2019 sections, where customers will be able to taste their freshly ground coffee. The menu options, for the time being, will be black, cut, with milk and ground, and will be available in <strong>58 supermarkets<\/strong>, all of them located in the province of <strong>Valencia<\/strong>.<\/p>\n\n\n\n<p>However, according to the franchise, they plan to expand this laboratory after the summer so that the coffee will also be available in shops in the <strong>Madrid<\/strong> region. It will therefore be a service which, in time, they intend to expand throughout Spain.<\/p>\n\n\n\n<p>This commercial strategy is part of the ready-made food initiative with which its president Juan Roig aims to make headway in the hospitality sector, based on his premise that \u2018kitchens will cease to exist\u2019 and that in the future society will opt to buy ready-made food.<\/p>\n\n\n\n<p>The latest data supports this trend, as indicated by the Spanish Ready Meals Association (Asefapre). In 2024, consumption of these products grew by 6.6% in Spain, equivalent to an average of 17 kilos consumed per person.<\/p>\n","protected":false},"excerpt":{"rendered":"<p>Click here to read the Spanish version. Like other industry benchmarks such as Inditex or IKEA, Mercadona has wanted to adapt to the needs of the modern consumer by opening coffee shops in some of its shops. Coffee culture, which has become a way of life in the current era, will soon form part of [&hellip;]<\/p>\n","protected":false},"author":285,"featured_media":284608,"comment_status":"closed","ping_status":"closed","sticky":false,"template":"","format":"standard","meta":{"_acf_changed":false,"footnotes":""},"categories":[15802],"tags":[18287],"class_list":["post-284613","post","type-post","status-publish","format-standard","has-post-thumbnail","hentry","category-news","tag-mercadona-en","cat-15802-id"],"acf":[],"yoast_head":"<!-- This site is optimized with the Yoast SEO plugin v27.4 - https:\/\/yoast.com\/product\/yoast-seo-wordpress\/ -->\n<title>Mercadona will soon have cafeterias inside - Tapas<\/title>\n<meta name=\"description\" content=\"Click here to read the Spanish version. Like other industry benchmarks such as Inditex or IKEA, Mercadona has wanted to adapt to the needs of the modern\" \/>\n<meta name=\"robots\" content=\"index, follow, max-snippet:-1, max-image-preview:large, max-video-preview:-1\" \/>\n<link rel=\"canonical\" href=\"https:\/\/www.tapasmagazine.es\/en\/mercadona-will-soon-have-cafeterias-inside\/\" \/>\n<meta property=\"og:locale\" content=\"en_US\" \/>\n<meta property=\"og:type\" content=\"article\" \/>\n<meta property=\"og:title\" content=\"Mercadona will soon have cafeterias inside - Tapas\" \/>\n<meta property=\"og:description\" content=\"Click here to read the Spanish version. Like other industry benchmarks such as Inditex or IKEA, Mercadona has wanted to adapt to the needs of the modern\" \/>\n<meta property=\"og:url\" content=\"https:\/\/www.tapasmagazine.es\/en\/mercadona-will-soon-have-cafeterias-inside\/\" \/>\n<meta property=\"og:site_name\" content=\"Tapas\" \/>\n<meta property=\"article:publisher\" content=\"https:\/\/www.facebook.com\/tapasmagazine\" \/>\n<meta property=\"article:published_time\" content=\"2025-03-27T09:11:41+00:00\" \/>\n<meta property=\"article:modified_time\" content=\"2025-03-27T09:15:02+00:00\" \/>\n<meta property=\"og:image\" content=\"https:\/\/www.tapasmagazine.es\/wp-content\/uploads\/2025\/03\/mercadona.jpg\" \/>\n\t<meta property=\"og:image:width\" content=\"1200\" \/>\n\t<meta property=\"og:image:height\" content=\"675\" \/>\n\t<meta property=\"og:image:type\" content=\"image\/jpeg\" \/>\n<meta name=\"author\" content=\"Laura P\u00e9rez\" \/>\n<meta name=\"twitter:card\" content=\"summary_large_image\" \/>\n<meta name=\"twitter:creator\" content=\"@TapasMagazine\" \/>\n<meta name=\"twitter:site\" content=\"@TapasMagazine\" \/>\n<meta name=\"twitter:label1\" content=\"Written by\" \/>\n\t<meta name=\"twitter:data1\" content=\"Laura P\u00e9rez\" \/>\n\t<meta name=\"twitter:label2\" content=\"Est. reading time\" \/>\n\t<meta name=\"twitter:data2\" content=\"2 minutes\" \/>\n<script type=\"application\/ld+json\" class=\"yoast-schema-graph\">{\"@context\":\"https:\\\/\\\/schema.org\",\"@graph\":[{\"@type\":\"Article\",\"@id\":\"https:\\\/\\\/www.tapasmagazine.es\\\/en\\\/mercadona-will-soon-have-cafeterias-inside\\\/#article\",\"isPartOf\":{\"@id\":\"https:\\\/\\\/www.tapasmagazine.es\\\/en\\\/mercadona-will-soon-have-cafeterias-inside\\\/\"},\"author\":{\"name\":\"Laura P\u00e9rez\",\"@id\":\"https:\\\/\\\/www.tapasmagazine.es\\\/#\\\/schema\\\/person\\\/eb46cbe76a9c8f062660eb609e3ecb4e\"},\"headline\":\"Mercadona will soon have cafeterias inside\",\"datePublished\":\"2025-03-27T09:11:41+00:00\",\"dateModified\":\"2025-03-27T09:15:02+00:00\",\"mainEntityOfPage\":{\"@id\":\"https:\\\/\\\/www.tapasmagazine.es\\\/en\\\/mercadona-will-soon-have-cafeterias-inside\\\/\"},\"wordCount\":237,\"publisher\":{\"@id\":\"https:\\\/\\\/www.tapasmagazine.es\\\/#organization\"},\"image\":{\"@id\":\"https:\\\/\\\/www.tapasmagazine.es\\\/en\\\/mercadona-will-soon-have-cafeterias-inside\\\/#primaryimage\"},\"thumbnailUrl\":\"https:\\\/\\\/www.tapasmagazine.es\\\/wp-content\\\/uploads\\\/2025\\\/03\\\/mercadona.jpg\",\"keywords\":[\"mercadona\"],\"articleSection\":[\"News\"],\"inLanguage\":\"en-US\"},{\"@type\":\"WebPage\",\"@id\":\"https:\\\/\\\/www.tapasmagazine.es\\\/en\\\/mercadona-will-soon-have-cafeterias-inside\\\/\",\"url\":\"https:\\\/\\\/www.tapasmagazine.es\\\/en\\\/mercadona-will-soon-have-cafeterias-inside\\\/\",\"name\":\"Mercadona will soon have cafeterias inside - Tapas\",\"isPartOf\":{\"@id\":\"https:\\\/\\\/www.tapasmagazine.es\\\/#website\"},\"primaryImageOfPage\":{\"@id\":\"https:\\\/\\\/www.tapasmagazine.es\\\/en\\\/mercadona-will-soon-have-cafeterias-inside\\\/#primaryimage\"},\"image\":{\"@id\":\"https:\\\/\\\/www.tapasmagazine.es\\\/en\\\/mercadona-will-soon-have-cafeterias-inside\\\/#primaryimage\"},\"thumbnailUrl\":\"https:\\\/\\\/www.tapasmagazine.es\\\/wp-content\\\/uploads\\\/2025\\\/03\\\/mercadona.jpg\",\"datePublished\":\"2025-03-27T09:11:41+00:00\",\"dateModified\":\"2025-03-27T09:15:02+00:00\",\"description\":\"Click here to read the Spanish version. Like other industry benchmarks such as Inditex or IKEA, Mercadona has wanted to adapt to the needs of the modern\",\"breadcrumb\":{\"@id\":\"https:\\\/\\\/www.tapasmagazine.es\\\/en\\\/mercadona-will-soon-have-cafeterias-inside\\\/#breadcrumb\"},\"inLanguage\":\"en-US\",\"potentialAction\":[{\"@type\":\"ReadAction\",\"target\":[\"https:\\\/\\\/www.tapasmagazine.es\\\/en\\\/mercadona-will-soon-have-cafeterias-inside\\\/\"]}]},{\"@type\":\"ImageObject\",\"inLanguage\":\"en-US\",\"@id\":\"https:\\\/\\\/www.tapasmagazine.es\\\/en\\\/mercadona-will-soon-have-cafeterias-inside\\\/#primaryimage\",\"url\":\"https:\\\/\\\/www.tapasmagazine.es\\\/wp-content\\\/uploads\\\/2025\\\/03\\\/mercadona.jpg\",\"contentUrl\":\"https:\\\/\\\/www.tapasmagazine.es\\\/wp-content\\\/uploads\\\/2025\\\/03\\\/mercadona.jpg\",\"width\":1200,\"height\":675},{\"@type\":\"BreadcrumbList\",\"@id\":\"https:\\\/\\\/www.tapasmagazine.es\\\/en\\\/mercadona-will-soon-have-cafeterias-inside\\\/#breadcrumb\",\"itemListElement\":[{\"@type\":\"ListItem\",\"position\":1,\"name\":\"Portada\",\"item\":\"https:\\\/\\\/www.tapasmagazine.es\\\/\"},{\"@type\":\"ListItem\",\"position\":2,\"name\":\"Actualidad\",\"item\":\"https:\\\/\\\/www.tapasmagazine.es\\\/categorias\\\/actualidad\\\/\"},{\"@type\":\"ListItem\",\"position\":3,\"name\":\"Mercadona will soon have cafeterias inside\"}]},{\"@type\":\"WebSite\",\"@id\":\"https:\\\/\\\/www.tapasmagazine.es\\\/#website\",\"url\":\"https:\\\/\\\/www.tapasmagazine.es\\\/\",\"name\":\"Tapas\",\"description\":\"\u00d1am \u00d1am Lifestyle. La vida a bocados. Premio Nacional de Gastronom\u00eda 2016.\",\"publisher\":{\"@id\":\"https:\\\/\\\/www.tapasmagazine.es\\\/#organization\"},\"potentialAction\":[{\"@type\":\"SearchAction\",\"target\":{\"@type\":\"EntryPoint\",\"urlTemplate\":\"https:\\\/\\\/www.tapasmagazine.es\\\/?s={search_term_string}\"},\"query-input\":{\"@type\":\"PropertyValueSpecification\",\"valueRequired\":true,\"valueName\":\"search_term_string\"}}],\"inLanguage\":\"en-US\"},{\"@type\":\"Organization\",\"@id\":\"https:\\\/\\\/www.tapasmagazine.es\\\/#organization\",\"name\":\"Tapas Magazine\",\"url\":\"https:\\\/\\\/www.tapasmagazine.es\\\/\",\"logo\":{\"@type\":\"ImageObject\",\"inLanguage\":\"en-US\",\"@id\":\"https:\\\/\\\/www.tapasmagazine.es\\\/#\\\/schema\\\/logo\\\/image\\\/\",\"url\":\"https:\\\/\\\/www.tapasmagazine.es\\\/wp-content\\\/uploads\\\/2018\\\/01\\\/logo.png\",\"contentUrl\":\"https:\\\/\\\/www.tapasmagazine.es\\\/wp-content\\\/uploads\\\/2018\\\/01\\\/logo.png\",\"width\":180,\"height\":60,\"caption\":\"Tapas Magazine\"},\"image\":{\"@id\":\"https:\\\/\\\/www.tapasmagazine.es\\\/#\\\/schema\\\/logo\\\/image\\\/\"},\"sameAs\":[\"https:\\\/\\\/www.facebook.com\\\/tapasmagazine\",\"https:\\\/\\\/x.com\\\/TapasMagazine\",\"https:\\\/\\\/www.instagram.com\\\/tapasmagazine\\\/\",\"https:\\\/\\\/www.linkedin.com\\\/company\\\/tapas-magazine\",\"https:\\\/\\\/es.pinterest.com\\\/tapasmagazine\\\/\",\"https:\\\/\\\/www.youtube.com\\\/channel\\\/UCEyxneAaACuR0lfDagrWjjg?sub_confirmation=1\"]},{\"@type\":\"Person\",\"@id\":\"https:\\\/\\\/www.tapasmagazine.es\\\/#\\\/schema\\\/person\\\/eb46cbe76a9c8f062660eb609e3ecb4e\",\"name\":\"Laura P\u00e9rez\",\"url\":\"https:\\\/\\\/www.tapasmagazine.es\\\/en\\\/author\\\/laura-perez\\\/\"}]}<\/script>\n<!-- \/ Yoast SEO plugin. -->","yoast_head_json":{"title":"Mercadona will soon have cafeterias inside - Tapas","description":"Click here to read the Spanish version. Like other industry benchmarks such as Inditex or IKEA, Mercadona has wanted to adapt to the needs of the modern","robots":{"index":"index","follow":"follow","max-snippet":"max-snippet:-1","max-image-preview":"max-image-preview:large","max-video-preview":"max-video-preview:-1"},"canonical":"https:\/\/www.tapasmagazine.es\/en\/mercadona-will-soon-have-cafeterias-inside\/","og_locale":"en_US","og_type":"article","og_title":"Mercadona will soon have cafeterias inside - Tapas","og_description":"Click here to read the Spanish version. Like other industry benchmarks such as Inditex or IKEA, Mercadona has wanted to adapt to the needs of the modern","og_url":"https:\/\/www.tapasmagazine.es\/en\/mercadona-will-soon-have-cafeterias-inside\/","og_site_name":"Tapas","article_publisher":"https:\/\/www.facebook.com\/tapasmagazine","article_published_time":"2025-03-27T09:11:41+00:00","article_modified_time":"2025-03-27T09:15:02+00:00","og_image":[{"width":1200,"height":675,"url":"https:\/\/www.tapasmagazine.es\/wp-content\/uploads\/2025\/03\/mercadona.jpg","type":"image\/jpeg"}],"author":"Laura P\u00e9rez","twitter_card":"summary_large_image","twitter_creator":"@TapasMagazine","twitter_site":"@TapasMagazine","twitter_misc":{"Written by":"Laura P\u00e9rez","Est. reading time":"2 minutes"},"schema":{"@context":"https:\/\/schema.org","@graph":[{"@type":"Article","@id":"https:\/\/www.tapasmagazine.es\/en\/mercadona-will-soon-have-cafeterias-inside\/#article","isPartOf":{"@id":"https:\/\/www.tapasmagazine.es\/en\/mercadona-will-soon-have-cafeterias-inside\/"},"author":{"name":"Laura P\u00e9rez","@id":"https:\/\/www.tapasmagazine.es\/#\/schema\/person\/eb46cbe76a9c8f062660eb609e3ecb4e"},"headline":"Mercadona will soon have cafeterias inside","datePublished":"2025-03-27T09:11:41+00:00","dateModified":"2025-03-27T09:15:02+00:00","mainEntityOfPage":{"@id":"https:\/\/www.tapasmagazine.es\/en\/mercadona-will-soon-have-cafeterias-inside\/"},"wordCount":237,"publisher":{"@id":"https:\/\/www.tapasmagazine.es\/#organization"},"image":{"@id":"https:\/\/www.tapasmagazine.es\/en\/mercadona-will-soon-have-cafeterias-inside\/#primaryimage"},"thumbnailUrl":"https:\/\/www.tapasmagazine.es\/wp-content\/uploads\/2025\/03\/mercadona.jpg","keywords":["mercadona"],"articleSection":["News"],"inLanguage":"en-US"},{"@type":"WebPage","@id":"https:\/\/www.tapasmagazine.es\/en\/mercadona-will-soon-have-cafeterias-inside\/","url":"https:\/\/www.tapasmagazine.es\/en\/mercadona-will-soon-have-cafeterias-inside\/","name":"Mercadona will soon have cafeterias inside - Tapas","isPartOf":{"@id":"https:\/\/www.tapasmagazine.es\/#website"},"primaryImageOfPage":{"@id":"https:\/\/www.tapasmagazine.es\/en\/mercadona-will-soon-have-cafeterias-inside\/#primaryimage"},"image":{"@id":"https:\/\/www.tapasmagazine.es\/en\/mercadona-will-soon-have-cafeterias-inside\/#primaryimage"},"thumbnailUrl":"https:\/\/www.tapasmagazine.es\/wp-content\/uploads\/2025\/03\/mercadona.jpg","datePublished":"2025-03-27T09:11:41+00:00","dateModified":"2025-03-27T09:15:02+00:00","description":"Click here to read the Spanish version. Like other industry benchmarks such as Inditex or IKEA, Mercadona has wanted to adapt to the needs of the modern","breadcrumb":{"@id":"https:\/\/www.tapasmagazine.es\/en\/mercadona-will-soon-have-cafeterias-inside\/#breadcrumb"},"inLanguage":"en-US","potentialAction":[{"@type":"ReadAction","target":["https:\/\/www.tapasmagazine.es\/en\/mercadona-will-soon-have-cafeterias-inside\/"]}]},{"@type":"ImageObject","inLanguage":"en-US","@id":"https:\/\/www.tapasmagazine.es\/en\/mercadona-will-soon-have-cafeterias-inside\/#primaryimage","url":"https:\/\/www.tapasmagazine.es\/wp-content\/uploads\/2025\/03\/mercadona.jpg","contentUrl":"https:\/\/www.tapasmagazine.es\/wp-content\/uploads\/2025\/03\/mercadona.jpg","width":1200,"height":675},{"@type":"BreadcrumbList","@id":"https:\/\/www.tapasmagazine.es\/en\/mercadona-will-soon-have-cafeterias-inside\/#breadcrumb","itemListElement":[{"@type":"ListItem","position":1,"name":"Portada","item":"https:\/\/www.tapasmagazine.es\/"},{"@type":"ListItem","position":2,"name":"Actualidad","item":"https:\/\/www.tapasmagazine.es\/categorias\/actualidad\/"},{"@type":"ListItem","position":3,"name":"Mercadona will soon have cafeterias inside"}]},{"@type":"WebSite","@id":"https:\/\/www.tapasmagazine.es\/#website","url":"https:\/\/www.tapasmagazine.es\/","name":"Tapas","description":"\u00d1am \u00d1am Lifestyle. La vida a bocados. Premio Nacional de Gastronom\u00eda 2016.","publisher":{"@id":"https:\/\/www.tapasmagazine.es\/#organization"},"potentialAction":[{"@type":"SearchAction","target":{"@type":"EntryPoint","urlTemplate":"https:\/\/www.tapasmagazine.es\/?s={search_term_string}"},"query-input":{"@type":"PropertyValueSpecification","valueRequired":true,"valueName":"search_term_string"}}],"inLanguage":"en-US"},{"@type":"Organization","@id":"https:\/\/www.tapasmagazine.es\/#organization","name":"Tapas Magazine","url":"https:\/\/www.tapasmagazine.es\/","logo":{"@type":"ImageObject","inLanguage":"en-US","@id":"https:\/\/www.tapasmagazine.es\/#\/schema\/logo\/image\/","url":"https:\/\/www.tapasmagazine.es\/wp-content\/uploads\/2018\/01\/logo.png","contentUrl":"https:\/\/www.tapasmagazine.es\/wp-content\/uploads\/2018\/01\/logo.png","width":180,"height":60,"caption":"Tapas Magazine"},"image":{"@id":"https:\/\/www.tapasmagazine.es\/#\/schema\/logo\/image\/"},"sameAs":["https:\/\/www.facebook.com\/tapasmagazine","https:\/\/x.com\/TapasMagazine","https:\/\/www.instagram.com\/tapasmagazine\/","https:\/\/www.linkedin.com\/company\/tapas-magazine","https:\/\/es.pinterest.com\/tapasmagazine\/","https:\/\/www.youtube.com\/channel\/UCEyxneAaACuR0lfDagrWjjg?sub_confirmation=1"]},{"@type":"Person","@id":"https:\/\/www.tapasmagazine.es\/#\/schema\/person\/eb46cbe76a9c8f062660eb609e3ecb4e","name":"Laura P\u00e9rez","url":"https:\/\/www.tapasmagazine.es\/en\/author\/laura-perez\/"}]}},"_links":{"self":[{"href":"https:\/\/www.tapasmagazine.es\/en\/wp-json\/wp\/v2\/posts\/284613","targetHints":{"allow":["GET"]}}],"collection":[{"href":"https:\/\/www.tapasmagazine.es\/en\/wp-json\/wp\/v2\/posts"}],"about":[{"href":"https:\/\/www.tapasmagazine.es\/en\/wp-json\/wp\/v2\/types\/post"}],"author":[{"embeddable":true,"href":"https:\/\/www.tapasmagazine.es\/en\/wp-json\/wp\/v2\/users\/285"}],"replies":[{"embeddable":true,"href":"https:\/\/www.tapasmagazine.es\/en\/wp-json\/wp\/v2\/comments?post=284613"}],"version-history":[{"count":2,"href":"https:\/\/www.tapasmagazine.es\/en\/wp-json\/wp\/v2\/posts\/284613\/revisions"}],"predecessor-version":[{"id":284624,"href":"https:\/\/www.tapasmagazine.es\/en\/wp-json\/wp\/v2\/posts\/284613\/revisions\/284624"}],"wp:featuredmedia":[{"embeddable":true,"href":"https:\/\/www.tapasmagazine.es\/en\/wp-json\/wp\/v2\/media\/284608"}],"wp:attachment":[{"href":"https:\/\/www.tapasmagazine.es\/en\/wp-json\/wp\/v2\/media?parent=284613"}],"wp:term":[{"taxonomy":"category","embeddable":true,"href":"https:\/\/www.tapasmagazine.es\/en\/wp-json\/wp\/v2\/categories?post=284613"},{"taxonomy":"post_tag","embeddable":true,"href":"https:\/\/www.tapasmagazine.es\/en\/wp-json\/wp\/v2\/tags?post=284613"}],"curies":[{"name":"wp","href":"https:\/\/api.w.org\/{rel}","templated":true}]}}