{"id":284424,"date":"2025-04-01T10:28:34","date_gmt":"2025-04-01T08:28:34","guid":{"rendered":"https:\/\/www.tapasmagazine.es\/prada-abrira-un-restaurante-dirigido-por-wong-kar-wai\/"},"modified":"2025-04-01T10:28:06","modified_gmt":"2025-04-01T08:28:06","slug":"prada-opens-a-restaurant-directed-by-wong-kar-wai","status":"publish","type":"post","link":"https:\/\/www.tapasmagazine.es\/en\/prada-opens-a-restaurant-directed-by-wong-kar-wai\/","title":{"rendered":"Prada opens a restaurant directed by Wong Kar Wai"},"content":{"rendered":"\n<p><strong>Click <a href=\"https:\/\/www.tapasmagazine.es\/en\/prada-opens-a-restaurant-directed-by-wong-kar-wai\/\" target=\"_blank\" rel=\"noreferrer noopener\">here<\/a> to read the Spanish version<\/strong>.<\/p>\n\n\n\n<p><strong>Prada<\/strong>&#8216;s new project focuses on gastronomy as an artistic discipline that it has explored this time together with the iconic film director behind hits such as \u2018In The Mood For Love\u2019.<\/p>\n\n\n\n<p>The restaurant christened \u2018Mi Shang Prada Rong Zhai\u2019, which translates as \u2018obsessed with\u2019, is presented as the luxury brand&#8217;s first independent culinary space on the Asian continent; and will be inspired by the philatelic concept of t\u00eate-b\u00eache, two identical inverted figures that fit together perfectly, as well as some of the artist&#8217;s most representative works.<\/p>\n\n\n\n<figure class=\"wp-block-image size-large\"><img decoding=\"async\" width=\"1024\" height=\"682\" src=\"https:\/\/www.tapasmagazine.es\/wp-content\/uploads\/2025\/03\/prada-1-1024x682.jpg\" alt=\"\" class=\"wp-image-284416\" srcset=\"https:\/\/www.tapasmagazine.es\/wp-content\/uploads\/2025\/03\/prada-1-1024x682.jpg 1024w, https:\/\/www.tapasmagazine.es\/wp-content\/uploads\/2025\/03\/prada-1-300x200.jpg 300w, https:\/\/www.tapasmagazine.es\/wp-content\/uploads\/2025\/03\/prada-1-768x512.jpg 768w, https:\/\/www.tapasmagazine.es\/wp-content\/uploads\/2025\/03\/prada-1-1000x666.jpg 1000w, https:\/\/www.tapasmagazine.es\/wp-content\/uploads\/2025\/03\/prada-1-400x267.jpg 400w, https:\/\/www.tapasmagazine.es\/wp-content\/uploads\/2025\/03\/prada-1.jpg 1280w\" sizes=\"(max-width: 1024px) 100vw, 1024px\" \/><\/figure>\n\n\n\n<p>The new<strong> Prada<\/strong> directed by <strong>Wong Kar Wai<\/strong> will essentially connect Milan and Shanghai within the same sophisticated and unique visual dialogue based on the nostalgic effects of some of his films. All of this will be projected through elements such as contrasts and mirrors in a building located in the historic 1918 Rong Zhai residence after a six-year renovation.<\/p>\n\n\n\n<figure class=\"wp-block-embed aligncenter is-type-rich is-provider-twitter wp-block-embed-twitter\"><div class=\"wp-block-embed__wrapper\">\n<blockquote class=\"twitter-tweet\" data-width=\"550\" data-dnt=\"true\"><p lang=\"ja\" dir=\"ltr\">\u4e0a\u6d77\u306e\u4e2d\u5fc3\u5730\u306bPrada\u304c6\u5e74\u304b\u3051\u3066\u30ea\u30ce\u30d9\u30fc\u30b7\u30e7\u30f3\u3057\u7f8e\u8853\u9928\u306b\u3057\u305f<br>\u300ePrada Rong zhai\u300f<br><br>\u30b9\u30c6\u30f3\u30c9\u30b0\u30e9\u30b9\u3084\u5e8a\u3084\u58c1\u7d19\u3001\u30bf\u30a4\u30eb\u8cbc\u308a\u306a\u3069\u5fc3\u5730\u3088\u3044\u30bb\u30f3\u30b9\u306e\u8c6a\u90b8\u306e\u4e2d\u306b\u4f5c\u54c1\u304c\u7a0b\u3088\u304f\u4e26\u3076<br><br>\u674e\u9752 \u500b\u5c55 &quot;Rear Windows&quot;\u304c\u958b\u50ac\u4e2d<br>\u5965\u884c\u304d\u306e\u3042\u308b\u4f5c\u5bb6\u3067\u30a2\u30d7\u30ed\u30fc\u30c1\u304c\u591a\u5f69<br><br>\u5b8c\u5168\u4e88\u7d04\u5236\u3060\u3051\u3069\u3001\u3001\u878d\u901a\u304c\u5229\u3044\u3066\u5165\u308c\u305f\ud83c\udf89 <a href=\"https:\/\/t.co\/TpxX45QPHP\">pic.twitter.com\/TpxX45QPHP<\/a><\/p>&mdash; \u67f5\u6728 \u983c\u4eba\/masegi yorito (@sander_inazuma) <a href=\"https:\/\/twitter.com\/sander_inazuma\/status\/1192958226553139203?ref_src=twsrc%5Etfw\">November 9, 2019<\/a><\/blockquote><script async src=\"https:\/\/platform.twitter.com\/widgets.js\" charset=\"utf-8\"><\/script>\n<\/div><\/figure>\n\n\n\n<p><strong>Mi Shang<\/strong>, which will officially open its doors on 31 March, will serve a wide range of culinary menus, including coffee, lunch, afternoon tea, dinner and a full-service bar. Reservations can be made from 29 March via<strong> WeChat<\/strong>.<\/p>\n","protected":false},"excerpt":{"rendered":"<p>Click here to read the Spanish version. Prada&#8216;s new project focuses on gastronomy as an artistic discipline that it has explored this time together with the iconic film director behind hits such as \u2018In The Mood For Love\u2019. The restaurant christened \u2018Mi Shang Prada Rong Zhai\u2019, which translates as \u2018obsessed with\u2019, is presented as the [&hellip;]<\/p>\n","protected":false},"author":285,"featured_media":285032,"comment_status":"closed","ping_status":"closed","sticky":false,"template":"","format":"standard","meta":{"_acf_changed":false,"footnotes":""},"categories":[18831],"tags":[19305],"class_list":["post-284424","post","type-post","status-publish","format-standard","has-post-thumbnail","hentry","category-lifestyle-en","tag-prada-en","cat-18831-id"],"acf":[],"yoast_head":"<!-- This site is optimized with the Yoast SEO plugin v27.4 - https:\/\/yoast.com\/product\/yoast-seo-wordpress\/ -->\n<title>Prada opens a restaurant directed by Wong Kar Wai - Tapas<\/title>\n<meta name=\"description\" content=\"Click here to read the Spanish version. Prada&#039;s new project focuses on gastronomy as an artistic discipline that it has explored this time together with\" \/>\n<meta name=\"robots\" content=\"index, follow, max-snippet:-1, max-image-preview:large, max-video-preview:-1\" \/>\n<link rel=\"canonical\" href=\"https:\/\/www.tapasmagazine.es\/en\/prada-opens-a-restaurant-directed-by-wong-kar-wai\/\" \/>\n<meta property=\"og:locale\" content=\"en_US\" \/>\n<meta property=\"og:type\" content=\"article\" \/>\n<meta property=\"og:title\" content=\"Prada opens a restaurant directed by Wong Kar Wai - Tapas\" \/>\n<meta property=\"og:description\" content=\"Click here to read the Spanish version. Prada&#039;s new project focuses on gastronomy as an artistic discipline that it has explored this time together with\" \/>\n<meta property=\"og:url\" content=\"https:\/\/www.tapasmagazine.es\/en\/prada-opens-a-restaurant-directed-by-wong-kar-wai\/\" \/>\n<meta property=\"og:site_name\" content=\"Tapas\" \/>\n<meta property=\"article:publisher\" content=\"https:\/\/www.facebook.com\/tapasmagazine\" \/>\n<meta property=\"article:published_time\" content=\"2025-04-01T08:28:34+00:00\" \/>\n<meta property=\"og:image\" content=\"https:\/\/www.tapasmagazine.es\/wp-content\/uploads\/2025\/03\/prada-1-1.jpg\" \/>\n\t<meta property=\"og:image:width\" content=\"1200\" \/>\n\t<meta property=\"og:image:height\" content=\"675\" \/>\n\t<meta property=\"og:image:type\" content=\"image\/jpeg\" \/>\n<meta name=\"author\" content=\"Laura P\u00e9rez\" \/>\n<meta name=\"twitter:card\" content=\"summary_large_image\" \/>\n<meta name=\"twitter:creator\" content=\"@TapasMagazine\" \/>\n<meta name=\"twitter:site\" content=\"@TapasMagazine\" \/>\n<meta name=\"twitter:label1\" content=\"Written by\" \/>\n\t<meta name=\"twitter:data1\" content=\"Laura P\u00e9rez\" \/>\n\t<meta name=\"twitter:label2\" content=\"Est. reading time\" \/>\n\t<meta name=\"twitter:data2\" content=\"2 minutes\" \/>\n<script type=\"application\/ld+json\" class=\"yoast-schema-graph\">{\"@context\":\"https:\\\/\\\/schema.org\",\"@graph\":[{\"@type\":\"Article\",\"@id\":\"https:\\\/\\\/www.tapasmagazine.es\\\/en\\\/prada-opens-a-restaurant-directed-by-wong-kar-wai\\\/#article\",\"isPartOf\":{\"@id\":\"https:\\\/\\\/www.tapasmagazine.es\\\/en\\\/prada-opens-a-restaurant-directed-by-wong-kar-wai\\\/\"},\"author\":{\"name\":\"Laura P\u00e9rez\",\"@id\":\"https:\\\/\\\/www.tapasmagazine.es\\\/#\\\/schema\\\/person\\\/eb46cbe76a9c8f062660eb609e3ecb4e\"},\"headline\":\"Prada opens a restaurant directed by Wong Kar Wai\",\"datePublished\":\"2025-04-01T08:28:34+00:00\",\"mainEntityOfPage\":{\"@id\":\"https:\\\/\\\/www.tapasmagazine.es\\\/en\\\/prada-opens-a-restaurant-directed-by-wong-kar-wai\\\/\"},\"wordCount\":241,\"publisher\":{\"@id\":\"https:\\\/\\\/www.tapasmagazine.es\\\/#organization\"},\"image\":{\"@id\":\"https:\\\/\\\/www.tapasmagazine.es\\\/en\\\/prada-opens-a-restaurant-directed-by-wong-kar-wai\\\/#primaryimage\"},\"thumbnailUrl\":\"https:\\\/\\\/www.tapasmagazine.es\\\/wp-content\\\/uploads\\\/2025\\\/03\\\/prada-1-1.jpg\",\"keywords\":[\"Prada\"],\"articleSection\":[\"Lifestyle\"],\"inLanguage\":\"en-US\"},{\"@type\":\"WebPage\",\"@id\":\"https:\\\/\\\/www.tapasmagazine.es\\\/en\\\/prada-opens-a-restaurant-directed-by-wong-kar-wai\\\/\",\"url\":\"https:\\\/\\\/www.tapasmagazine.es\\\/en\\\/prada-opens-a-restaurant-directed-by-wong-kar-wai\\\/\",\"name\":\"Prada opens a restaurant directed by Wong Kar Wai - Tapas\",\"isPartOf\":{\"@id\":\"https:\\\/\\\/www.tapasmagazine.es\\\/#website\"},\"primaryImageOfPage\":{\"@id\":\"https:\\\/\\\/www.tapasmagazine.es\\\/en\\\/prada-opens-a-restaurant-directed-by-wong-kar-wai\\\/#primaryimage\"},\"image\":{\"@id\":\"https:\\\/\\\/www.tapasmagazine.es\\\/en\\\/prada-opens-a-restaurant-directed-by-wong-kar-wai\\\/#primaryimage\"},\"thumbnailUrl\":\"https:\\\/\\\/www.tapasmagazine.es\\\/wp-content\\\/uploads\\\/2025\\\/03\\\/prada-1-1.jpg\",\"datePublished\":\"2025-04-01T08:28:34+00:00\",\"description\":\"Click here to read the Spanish version. Prada's new project focuses on gastronomy as an artistic discipline that it has explored this time together with\",\"breadcrumb\":{\"@id\":\"https:\\\/\\\/www.tapasmagazine.es\\\/en\\\/prada-opens-a-restaurant-directed-by-wong-kar-wai\\\/#breadcrumb\"},\"inLanguage\":\"en-US\",\"potentialAction\":[{\"@type\":\"ReadAction\",\"target\":[\"https:\\\/\\\/www.tapasmagazine.es\\\/en\\\/prada-opens-a-restaurant-directed-by-wong-kar-wai\\\/\"]}]},{\"@type\":\"ImageObject\",\"inLanguage\":\"en-US\",\"@id\":\"https:\\\/\\\/www.tapasmagazine.es\\\/en\\\/prada-opens-a-restaurant-directed-by-wong-kar-wai\\\/#primaryimage\",\"url\":\"https:\\\/\\\/www.tapasmagazine.es\\\/wp-content\\\/uploads\\\/2025\\\/03\\\/prada-1-1.jpg\",\"contentUrl\":\"https:\\\/\\\/www.tapasmagazine.es\\\/wp-content\\\/uploads\\\/2025\\\/03\\\/prada-1-1.jpg\",\"width\":1200,\"height\":675},{\"@type\":\"BreadcrumbList\",\"@id\":\"https:\\\/\\\/www.tapasmagazine.es\\\/en\\\/prada-opens-a-restaurant-directed-by-wong-kar-wai\\\/#breadcrumb\",\"itemListElement\":[{\"@type\":\"ListItem\",\"position\":1,\"name\":\"Portada\",\"item\":\"https:\\\/\\\/www.tapasmagazine.es\\\/\"},{\"@type\":\"ListItem\",\"position\":2,\"name\":\"Lifestyle\",\"item\":\"https:\\\/\\\/www.tapasmagazine.es\\\/categorias\\\/lifestyle\\\/\"},{\"@type\":\"ListItem\",\"position\":3,\"name\":\"Prada opens a restaurant directed by Wong Kar Wai\"}]},{\"@type\":\"WebSite\",\"@id\":\"https:\\\/\\\/www.tapasmagazine.es\\\/#website\",\"url\":\"https:\\\/\\\/www.tapasmagazine.es\\\/\",\"name\":\"Tapas\",\"description\":\"\u00d1am \u00d1am Lifestyle. La vida a bocados. Premio Nacional de Gastronom\u00eda 2016.\",\"publisher\":{\"@id\":\"https:\\\/\\\/www.tapasmagazine.es\\\/#organization\"},\"potentialAction\":[{\"@type\":\"SearchAction\",\"target\":{\"@type\":\"EntryPoint\",\"urlTemplate\":\"https:\\\/\\\/www.tapasmagazine.es\\\/?s={search_term_string}\"},\"query-input\":{\"@type\":\"PropertyValueSpecification\",\"valueRequired\":true,\"valueName\":\"search_term_string\"}}],\"inLanguage\":\"en-US\"},{\"@type\":\"Organization\",\"@id\":\"https:\\\/\\\/www.tapasmagazine.es\\\/#organization\",\"name\":\"Tapas Magazine\",\"url\":\"https:\\\/\\\/www.tapasmagazine.es\\\/\",\"logo\":{\"@type\":\"ImageObject\",\"inLanguage\":\"en-US\",\"@id\":\"https:\\\/\\\/www.tapasmagazine.es\\\/#\\\/schema\\\/logo\\\/image\\\/\",\"url\":\"https:\\\/\\\/www.tapasmagazine.es\\\/wp-content\\\/uploads\\\/2018\\\/01\\\/logo.png\",\"contentUrl\":\"https:\\\/\\\/www.tapasmagazine.es\\\/wp-content\\\/uploads\\\/2018\\\/01\\\/logo.png\",\"width\":180,\"height\":60,\"caption\":\"Tapas Magazine\"},\"image\":{\"@id\":\"https:\\\/\\\/www.tapasmagazine.es\\\/#\\\/schema\\\/logo\\\/image\\\/\"},\"sameAs\":[\"https:\\\/\\\/www.facebook.com\\\/tapasmagazine\",\"https:\\\/\\\/x.com\\\/TapasMagazine\",\"https:\\\/\\\/www.instagram.com\\\/tapasmagazine\\\/\",\"https:\\\/\\\/www.linkedin.com\\\/company\\\/tapas-magazine\",\"https:\\\/\\\/es.pinterest.com\\\/tapasmagazine\\\/\",\"https:\\\/\\\/www.youtube.com\\\/channel\\\/UCEyxneAaACuR0lfDagrWjjg?sub_confirmation=1\"]},{\"@type\":\"Person\",\"@id\":\"https:\\\/\\\/www.tapasmagazine.es\\\/#\\\/schema\\\/person\\\/eb46cbe76a9c8f062660eb609e3ecb4e\",\"name\":\"Laura P\u00e9rez\",\"url\":\"https:\\\/\\\/www.tapasmagazine.es\\\/en\\\/author\\\/laura-perez\\\/\"}]}<\/script>\n<!-- \/ Yoast SEO plugin. -->","yoast_head_json":{"title":"Prada opens a restaurant directed by Wong Kar Wai - Tapas","description":"Click here to read the Spanish version. Prada's new project focuses on gastronomy as an artistic discipline that it has explored this time together with","robots":{"index":"index","follow":"follow","max-snippet":"max-snippet:-1","max-image-preview":"max-image-preview:large","max-video-preview":"max-video-preview:-1"},"canonical":"https:\/\/www.tapasmagazine.es\/en\/prada-opens-a-restaurant-directed-by-wong-kar-wai\/","og_locale":"en_US","og_type":"article","og_title":"Prada opens a restaurant directed by Wong Kar Wai - Tapas","og_description":"Click here to read the Spanish version. Prada's new project focuses on gastronomy as an artistic discipline that it has explored this time together with","og_url":"https:\/\/www.tapasmagazine.es\/en\/prada-opens-a-restaurant-directed-by-wong-kar-wai\/","og_site_name":"Tapas","article_publisher":"https:\/\/www.facebook.com\/tapasmagazine","article_published_time":"2025-04-01T08:28:34+00:00","og_image":[{"width":1200,"height":675,"url":"https:\/\/www.tapasmagazine.es\/wp-content\/uploads\/2025\/03\/prada-1-1.jpg","type":"image\/jpeg"}],"author":"Laura P\u00e9rez","twitter_card":"summary_large_image","twitter_creator":"@TapasMagazine","twitter_site":"@TapasMagazine","twitter_misc":{"Written by":"Laura P\u00e9rez","Est. reading time":"2 minutes"},"schema":{"@context":"https:\/\/schema.org","@graph":[{"@type":"Article","@id":"https:\/\/www.tapasmagazine.es\/en\/prada-opens-a-restaurant-directed-by-wong-kar-wai\/#article","isPartOf":{"@id":"https:\/\/www.tapasmagazine.es\/en\/prada-opens-a-restaurant-directed-by-wong-kar-wai\/"},"author":{"name":"Laura P\u00e9rez","@id":"https:\/\/www.tapasmagazine.es\/#\/schema\/person\/eb46cbe76a9c8f062660eb609e3ecb4e"},"headline":"Prada opens a restaurant directed by Wong Kar Wai","datePublished":"2025-04-01T08:28:34+00:00","mainEntityOfPage":{"@id":"https:\/\/www.tapasmagazine.es\/en\/prada-opens-a-restaurant-directed-by-wong-kar-wai\/"},"wordCount":241,"publisher":{"@id":"https:\/\/www.tapasmagazine.es\/#organization"},"image":{"@id":"https:\/\/www.tapasmagazine.es\/en\/prada-opens-a-restaurant-directed-by-wong-kar-wai\/#primaryimage"},"thumbnailUrl":"https:\/\/www.tapasmagazine.es\/wp-content\/uploads\/2025\/03\/prada-1-1.jpg","keywords":["Prada"],"articleSection":["Lifestyle"],"inLanguage":"en-US"},{"@type":"WebPage","@id":"https:\/\/www.tapasmagazine.es\/en\/prada-opens-a-restaurant-directed-by-wong-kar-wai\/","url":"https:\/\/www.tapasmagazine.es\/en\/prada-opens-a-restaurant-directed-by-wong-kar-wai\/","name":"Prada opens a restaurant directed by Wong Kar Wai - Tapas","isPartOf":{"@id":"https:\/\/www.tapasmagazine.es\/#website"},"primaryImageOfPage":{"@id":"https:\/\/www.tapasmagazine.es\/en\/prada-opens-a-restaurant-directed-by-wong-kar-wai\/#primaryimage"},"image":{"@id":"https:\/\/www.tapasmagazine.es\/en\/prada-opens-a-restaurant-directed-by-wong-kar-wai\/#primaryimage"},"thumbnailUrl":"https:\/\/www.tapasmagazine.es\/wp-content\/uploads\/2025\/03\/prada-1-1.jpg","datePublished":"2025-04-01T08:28:34+00:00","description":"Click here to read the Spanish version. Prada's new project focuses on gastronomy as an artistic discipline that it has explored this time together with","breadcrumb":{"@id":"https:\/\/www.tapasmagazine.es\/en\/prada-opens-a-restaurant-directed-by-wong-kar-wai\/#breadcrumb"},"inLanguage":"en-US","potentialAction":[{"@type":"ReadAction","target":["https:\/\/www.tapasmagazine.es\/en\/prada-opens-a-restaurant-directed-by-wong-kar-wai\/"]}]},{"@type":"ImageObject","inLanguage":"en-US","@id":"https:\/\/www.tapasmagazine.es\/en\/prada-opens-a-restaurant-directed-by-wong-kar-wai\/#primaryimage","url":"https:\/\/www.tapasmagazine.es\/wp-content\/uploads\/2025\/03\/prada-1-1.jpg","contentUrl":"https:\/\/www.tapasmagazine.es\/wp-content\/uploads\/2025\/03\/prada-1-1.jpg","width":1200,"height":675},{"@type":"BreadcrumbList","@id":"https:\/\/www.tapasmagazine.es\/en\/prada-opens-a-restaurant-directed-by-wong-kar-wai\/#breadcrumb","itemListElement":[{"@type":"ListItem","position":1,"name":"Portada","item":"https:\/\/www.tapasmagazine.es\/"},{"@type":"ListItem","position":2,"name":"Lifestyle","item":"https:\/\/www.tapasmagazine.es\/categorias\/lifestyle\/"},{"@type":"ListItem","position":3,"name":"Prada opens a restaurant directed by Wong Kar Wai"}]},{"@type":"WebSite","@id":"https:\/\/www.tapasmagazine.es\/#website","url":"https:\/\/www.tapasmagazine.es\/","name":"Tapas","description":"\u00d1am \u00d1am Lifestyle. La vida a bocados. Premio Nacional de Gastronom\u00eda 2016.","publisher":{"@id":"https:\/\/www.tapasmagazine.es\/#organization"},"potentialAction":[{"@type":"SearchAction","target":{"@type":"EntryPoint","urlTemplate":"https:\/\/www.tapasmagazine.es\/?s={search_term_string}"},"query-input":{"@type":"PropertyValueSpecification","valueRequired":true,"valueName":"search_term_string"}}],"inLanguage":"en-US"},{"@type":"Organization","@id":"https:\/\/www.tapasmagazine.es\/#organization","name":"Tapas Magazine","url":"https:\/\/www.tapasmagazine.es\/","logo":{"@type":"ImageObject","inLanguage":"en-US","@id":"https:\/\/www.tapasmagazine.es\/#\/schema\/logo\/image\/","url":"https:\/\/www.tapasmagazine.es\/wp-content\/uploads\/2018\/01\/logo.png","contentUrl":"https:\/\/www.tapasmagazine.es\/wp-content\/uploads\/2018\/01\/logo.png","width":180,"height":60,"caption":"Tapas Magazine"},"image":{"@id":"https:\/\/www.tapasmagazine.es\/#\/schema\/logo\/image\/"},"sameAs":["https:\/\/www.facebook.com\/tapasmagazine","https:\/\/x.com\/TapasMagazine","https:\/\/www.instagram.com\/tapasmagazine\/","https:\/\/www.linkedin.com\/company\/tapas-magazine","https:\/\/es.pinterest.com\/tapasmagazine\/","https:\/\/www.youtube.com\/channel\/UCEyxneAaACuR0lfDagrWjjg?sub_confirmation=1"]},{"@type":"Person","@id":"https:\/\/www.tapasmagazine.es\/#\/schema\/person\/eb46cbe76a9c8f062660eb609e3ecb4e","name":"Laura P\u00e9rez","url":"https:\/\/www.tapasmagazine.es\/en\/author\/laura-perez\/"}]}},"_links":{"self":[{"href":"https:\/\/www.tapasmagazine.es\/en\/wp-json\/wp\/v2\/posts\/284424","targetHints":{"allow":["GET"]}}],"collection":[{"href":"https:\/\/www.tapasmagazine.es\/en\/wp-json\/wp\/v2\/posts"}],"about":[{"href":"https:\/\/www.tapasmagazine.es\/en\/wp-json\/wp\/v2\/types\/post"}],"author":[{"embeddable":true,"href":"https:\/\/www.tapasmagazine.es\/en\/wp-json\/wp\/v2\/users\/285"}],"replies":[{"embeddable":true,"href":"https:\/\/www.tapasmagazine.es\/en\/wp-json\/wp\/v2\/comments?post=284424"}],"version-history":[{"count":2,"href":"https:\/\/www.tapasmagazine.es\/en\/wp-json\/wp\/v2\/posts\/284424\/revisions"}],"predecessor-version":[{"id":285041,"href":"https:\/\/www.tapasmagazine.es\/en\/wp-json\/wp\/v2\/posts\/284424\/revisions\/285041"}],"wp:featuredmedia":[{"embeddable":true,"href":"https:\/\/www.tapasmagazine.es\/en\/wp-json\/wp\/v2\/media\/285032"}],"wp:attachment":[{"href":"https:\/\/www.tapasmagazine.es\/en\/wp-json\/wp\/v2\/media?parent=284424"}],"wp:term":[{"taxonomy":"category","embeddable":true,"href":"https:\/\/www.tapasmagazine.es\/en\/wp-json\/wp\/v2\/categories?post=284424"},{"taxonomy":"post_tag","embeddable":true,"href":"https:\/\/www.tapasmagazine.es\/en\/wp-json\/wp\/v2\/tags?post=284424"}],"curies":[{"name":"wp","href":"https:\/\/api.w.org\/{rel}","templated":true}]}}