{"id":283206,"date":"2025-03-06T11:37:57","date_gmt":"2025-03-06T10:37:57","guid":{"rendered":"https:\/\/www.tapasmagazine.es\/doechii-reacciona-a-los-postres-parisinos-de-su-hotel-durante-pfw\/"},"modified":"2025-03-06T11:40:58","modified_gmt":"2025-03-06T10:40:58","slug":"doechii-reacts-to-parisian-desserts-at-his-hotel-during-pfw","status":"publish","type":"post","link":"https:\/\/www.tapasmagazine.es\/en\/doechii-reacts-to-parisian-desserts-at-his-hotel-during-pfw\/","title":{"rendered":"Doechii reacts to Parisian desserts at his hotel during PFW"},"content":{"rendered":"\n<p><strong>Click <a href=\"https:\/\/www.tapasmagazine.es\/en\/doechii-reacts-to-parisian-desserts-at-his-hotel-during-pfw\/\" target=\"_blank\" rel=\"noreferrer noopener\">here<\/a> to read the Spanish version<\/strong>.<\/p>\n\n\n\n<p><strong>Doechii <\/strong>is currently immersed in <strong>Paris Fashion Week<\/strong>, and in between shows, she took time out to review the <strong>dessert<\/strong> that was left for her at the hotel, which she gave a failing grade.<\/p>\n\n\n\n<p>The Grammy winner gave the cake a 4 in the reaction she shared on Instagram stories on 2 March. \u2018Okay. Here&#8217;s the thing, I get it. I get it, but that doesn&#8217;t mean it&#8217;s for me,\u2019 she told her fans after taking a bite of the orange treat, plus a second to think. \u2018It&#8217;s an acquired taste,\u2019 he added before deciding on his ranking: \u2019I&#8217;m going to have to give it a four.\u2019<\/p>\n\n\n\n<figure class=\"wp-block-gallery has-nested-images columns-default is-cropped wp-block-gallery-1 is-layout-flex wp-block-gallery-is-layout-flex\">\n<figure class=\"wp-block-image size-large\"><img decoding=\"async\" width=\"576\" height=\"768\" data-id=\"283192\" src=\"https:\/\/www.tapasmagazine.es\/wp-content\/uploads\/2025\/03\/Doechii-Reviews-Desserts-Personally-Made-by-Hotel-Baker-030525-55-83313772ceed4edc8d6de5d5a62fa7a4.jpg\" alt=\"\" class=\"wp-image-283192\" srcset=\"https:\/\/www.tapasmagazine.es\/wp-content\/uploads\/2025\/03\/Doechii-Reviews-Desserts-Personally-Made-by-Hotel-Baker-030525-55-83313772ceed4edc8d6de5d5a62fa7a4.jpg 576w, https:\/\/www.tapasmagazine.es\/wp-content\/uploads\/2025\/03\/Doechii-Reviews-Desserts-Personally-Made-by-Hotel-Baker-030525-55-83313772ceed4edc8d6de5d5a62fa7a4-225x300.jpg 225w, https:\/\/www.tapasmagazine.es\/wp-content\/uploads\/2025\/03\/Doechii-Reviews-Desserts-Personally-Made-by-Hotel-Baker-030525-55-83313772ceed4edc8d6de5d5a62fa7a4-400x533.jpg 400w\" sizes=\"(max-width: 576px) 100vw, 576px\" \/><\/figure>\n<\/figure>\n\n\n\n<p>After seeing the stories, the hotel <strong>chef<\/strong> decided to send her an assortment of delicacies to try in order to change her mind and leave with a good taste in her mouth. What Doechii didn&#8217;t expect was that when she returned to her room on 5 March, she would find a new assortment of Parisian desserts: a fruit display and a big chocolate microphone.<\/p>\n\n\n\n<p>The \u2018swamp princess\u2019 then said: \u2018They gave me a note and said, \u2019Hey, miss, we&#8217;ve brought you more desserts to try. These are personally from our baker. So we&#8217;re going to come back and try them later,\u2019 Doechii said. \u2018And I&#8217;m excited to try them, and give another review, so let&#8217;s see how they taste and also thank you very much to my hotel which I won&#8217;t disclose.\u2019 \u2018Thank you guys so much for sending me new desserts,\u2019 she added.<\/p>\n\n\n\n<figure class=\"wp-block-gallery has-nested-images columns-default is-cropped wp-block-gallery-2 is-layout-flex wp-block-gallery-is-layout-flex\">\n<figure class=\"wp-block-image size-large\"><img decoding=\"async\" width=\"576\" height=\"768\" data-id=\"283196\" src=\"https:\/\/www.tapasmagazine.es\/wp-content\/uploads\/2025\/03\/Doechii-Reviews-Desserts-Personally-Made-by-Hotel-Baker-030525-2-c0f7862ef5c3432a84e59850454e7536.jpg\" alt=\"\" class=\"wp-image-283196\" srcset=\"https:\/\/www.tapasmagazine.es\/wp-content\/uploads\/2025\/03\/Doechii-Reviews-Desserts-Personally-Made-by-Hotel-Baker-030525-2-c0f7862ef5c3432a84e59850454e7536.jpg 576w, https:\/\/www.tapasmagazine.es\/wp-content\/uploads\/2025\/03\/Doechii-Reviews-Desserts-Personally-Made-by-Hotel-Baker-030525-2-c0f7862ef5c3432a84e59850454e7536-225x300.jpg 225w, https:\/\/www.tapasmagazine.es\/wp-content\/uploads\/2025\/03\/Doechii-Reviews-Desserts-Personally-Made-by-Hotel-Baker-030525-2-c0f7862ef5c3432a84e59850454e7536-400x533.jpg 400w\" sizes=\"(max-width: 576px) 100vw, 576px\" \/><\/figure>\n\n\n\n<figure class=\"wp-block-image size-large\"><img decoding=\"async\" width=\"582\" height=\"1024\" data-id=\"283194\" src=\"https:\/\/www.tapasmagazine.es\/wp-content\/uploads\/2025\/03\/Doechii-Reviews-Desserts-Personally-Made-by-Hotel-Baker-030525-6-e92c965d6d5e4ab4976a3d505fc5315c-582x1024.jpg\" alt=\"\" class=\"wp-image-283194\" srcset=\"https:\/\/www.tapasmagazine.es\/wp-content\/uploads\/2025\/03\/Doechii-Reviews-Desserts-Personally-Made-by-Hotel-Baker-030525-6-e92c965d6d5e4ab4976a3d505fc5315c-582x1024.jpg 582w, https:\/\/www.tapasmagazine.es\/wp-content\/uploads\/2025\/03\/Doechii-Reviews-Desserts-Personally-Made-by-Hotel-Baker-030525-6-e92c965d6d5e4ab4976a3d505fc5315c-171x300.jpg 171w, https:\/\/www.tapasmagazine.es\/wp-content\/uploads\/2025\/03\/Doechii-Reviews-Desserts-Personally-Made-by-Hotel-Baker-030525-6-e92c965d6d5e4ab4976a3d505fc5315c-768x1351.jpg 768w, https:\/\/www.tapasmagazine.es\/wp-content\/uploads\/2025\/03\/Doechii-Reviews-Desserts-Personally-Made-by-Hotel-Baker-030525-6-e92c965d6d5e4ab4976a3d505fc5315c-400x703.jpg 400w, https:\/\/www.tapasmagazine.es\/wp-content\/uploads\/2025\/03\/Doechii-Reviews-Desserts-Personally-Made-by-Hotel-Baker-030525-6-e92c965d6d5e4ab4976a3d505fc5315c.jpg 853w\" sizes=\"(max-width: 582px) 100vw, 582px\" \/><\/figure>\n<\/figure>\n\n\n\n<p>After returning to the hotel, <strong>Doechii <\/strong>did a tasting of the <strong>new treats<\/strong>, starting with one that looks like a lemon-lime hybrid with a hard coating. \u2018We&#8217;re getting into desserts,\u2019 he said upon arrival. \u2018Let&#8217;s do it.\u2019 After mulling over the flavours he said, \u2018I get it! I get it. I get it. I think I like it,\u2019 the rapper continued before rating the green treat an \u201ceight out of ten,\u201d a far cry from her initial assessment.<\/p>\n","protected":false},"excerpt":{"rendered":"<p>Click here to read the Spanish version. Doechii is currently immersed in Paris Fashion Week, and in between shows, she took time out to review the dessert that was left for her at the hotel, which she gave a failing grade. The Grammy winner gave the cake a 4 in the reaction she shared on [&hellip;]<\/p>\n","protected":false},"author":285,"featured_media":283191,"comment_status":"closed","ping_status":"closed","sticky":false,"template":"","format":"standard","meta":{"_acf_changed":false,"footnotes":""},"categories":[15910],"tags":[],"class_list":["post-283206","post","type-post","status-publish","format-standard","has-post-thumbnail","hentry","category-personajes-en","cat-15910-id"],"acf":[],"yoast_head":"<!-- This site is optimized with the Yoast SEO plugin v27.5 - https:\/\/yoast.com\/product\/yoast-seo-wordpress\/ -->\n<title>Doechii reacts to Parisian desserts at his hotel during PFW - Tapas<\/title>\n<meta name=\"description\" content=\"Click here to read the Spanish version. Doechii is currently immersed in Paris Fashion Week, and in between shows, she took time out to review the dessert\" \/>\n<meta name=\"robots\" content=\"index, follow, max-snippet:-1, max-image-preview:large, max-video-preview:-1\" \/>\n<link rel=\"canonical\" href=\"https:\/\/www.tapasmagazine.es\/en\/doechii-reacts-to-parisian-desserts-at-his-hotel-during-pfw\/\" \/>\n<meta property=\"og:locale\" content=\"en_US\" \/>\n<meta property=\"og:type\" content=\"article\" \/>\n<meta property=\"og:title\" content=\"Doechii reacts to Parisian desserts at his hotel during PFW - Tapas\" \/>\n<meta property=\"og:description\" content=\"Click here to read the Spanish version. Doechii is currently immersed in Paris Fashion Week, and in between shows, she took time out to review the dessert\" \/>\n<meta property=\"og:url\" content=\"https:\/\/www.tapasmagazine.es\/en\/doechii-reacts-to-parisian-desserts-at-his-hotel-during-pfw\/\" \/>\n<meta property=\"og:site_name\" content=\"Tapas\" \/>\n<meta property=\"article:publisher\" content=\"https:\/\/www.facebook.com\/tapasmagazine\" \/>\n<meta property=\"article:published_time\" content=\"2025-03-06T10:37:57+00:00\" \/>\n<meta property=\"article:modified_time\" content=\"2025-03-06T10:40:58+00:00\" \/>\n<meta property=\"og:image\" content=\"https:\/\/www.tapasmagazine.es\/wp-content\/uploads\/2025\/03\/doechii.jpg\" \/>\n\t<meta property=\"og:image:width\" content=\"1200\" \/>\n\t<meta property=\"og:image:height\" content=\"675\" \/>\n\t<meta property=\"og:image:type\" content=\"image\/jpeg\" \/>\n<meta name=\"author\" content=\"Laura P\u00e9rez\" \/>\n<meta name=\"twitter:card\" content=\"summary_large_image\" \/>\n<meta name=\"twitter:creator\" content=\"@TapasMagazine\" \/>\n<meta name=\"twitter:site\" content=\"@TapasMagazine\" \/>\n<meta name=\"twitter:label1\" content=\"Written by\" \/>\n\t<meta name=\"twitter:data1\" content=\"Laura P\u00e9rez\" \/>\n\t<meta name=\"twitter:label2\" content=\"Est. reading time\" \/>\n\t<meta name=\"twitter:data2\" content=\"3 minutes\" \/>\n<script type=\"application\/ld+json\" class=\"yoast-schema-graph\">{\"@context\":\"https:\\\/\\\/schema.org\",\"@graph\":[{\"@type\":\"Article\",\"@id\":\"https:\\\/\\\/www.tapasmagazine.es\\\/en\\\/doechii-reacts-to-parisian-desserts-at-his-hotel-during-pfw\\\/#article\",\"isPartOf\":{\"@id\":\"https:\\\/\\\/www.tapasmagazine.es\\\/en\\\/doechii-reacts-to-parisian-desserts-at-his-hotel-during-pfw\\\/\"},\"author\":{\"name\":\"Laura P\u00e9rez\",\"@id\":\"https:\\\/\\\/www.tapasmagazine.es\\\/#\\\/schema\\\/person\\\/eb46cbe76a9c8f062660eb609e3ecb4e\"},\"headline\":\"Doechii reacts to Parisian desserts at his hotel during PFW\",\"datePublished\":\"2025-03-06T10:37:57+00:00\",\"dateModified\":\"2025-03-06T10:40:58+00:00\",\"mainEntityOfPage\":{\"@id\":\"https:\\\/\\\/www.tapasmagazine.es\\\/en\\\/doechii-reacts-to-parisian-desserts-at-his-hotel-during-pfw\\\/\"},\"wordCount\":356,\"publisher\":{\"@id\":\"https:\\\/\\\/www.tapasmagazine.es\\\/#organization\"},\"image\":{\"@id\":\"https:\\\/\\\/www.tapasmagazine.es\\\/en\\\/doechii-reacts-to-parisian-desserts-at-his-hotel-during-pfw\\\/#primaryimage\"},\"thumbnailUrl\":\"https:\\\/\\\/www.tapasmagazine.es\\\/wp-content\\\/uploads\\\/2025\\\/03\\\/doechii.jpg\",\"articleSection\":[\"Personajes\"],\"inLanguage\":\"en-US\"},{\"@type\":\"WebPage\",\"@id\":\"https:\\\/\\\/www.tapasmagazine.es\\\/en\\\/doechii-reacts-to-parisian-desserts-at-his-hotel-during-pfw\\\/\",\"url\":\"https:\\\/\\\/www.tapasmagazine.es\\\/en\\\/doechii-reacts-to-parisian-desserts-at-his-hotel-during-pfw\\\/\",\"name\":\"Doechii reacts to Parisian desserts at his hotel during PFW - Tapas\",\"isPartOf\":{\"@id\":\"https:\\\/\\\/www.tapasmagazine.es\\\/#website\"},\"primaryImageOfPage\":{\"@id\":\"https:\\\/\\\/www.tapasmagazine.es\\\/en\\\/doechii-reacts-to-parisian-desserts-at-his-hotel-during-pfw\\\/#primaryimage\"},\"image\":{\"@id\":\"https:\\\/\\\/www.tapasmagazine.es\\\/en\\\/doechii-reacts-to-parisian-desserts-at-his-hotel-during-pfw\\\/#primaryimage\"},\"thumbnailUrl\":\"https:\\\/\\\/www.tapasmagazine.es\\\/wp-content\\\/uploads\\\/2025\\\/03\\\/doechii.jpg\",\"datePublished\":\"2025-03-06T10:37:57+00:00\",\"dateModified\":\"2025-03-06T10:40:58+00:00\",\"description\":\"Click here to read the Spanish version. Doechii is currently immersed in Paris Fashion Week, and in between shows, she took time out to review the dessert\",\"breadcrumb\":{\"@id\":\"https:\\\/\\\/www.tapasmagazine.es\\\/en\\\/doechii-reacts-to-parisian-desserts-at-his-hotel-during-pfw\\\/#breadcrumb\"},\"inLanguage\":\"en-US\",\"potentialAction\":[{\"@type\":\"ReadAction\",\"target\":[\"https:\\\/\\\/www.tapasmagazine.es\\\/en\\\/doechii-reacts-to-parisian-desserts-at-his-hotel-during-pfw\\\/\"]}]},{\"@type\":\"ImageObject\",\"inLanguage\":\"en-US\",\"@id\":\"https:\\\/\\\/www.tapasmagazine.es\\\/en\\\/doechii-reacts-to-parisian-desserts-at-his-hotel-during-pfw\\\/#primaryimage\",\"url\":\"https:\\\/\\\/www.tapasmagazine.es\\\/wp-content\\\/uploads\\\/2025\\\/03\\\/doechii.jpg\",\"contentUrl\":\"https:\\\/\\\/www.tapasmagazine.es\\\/wp-content\\\/uploads\\\/2025\\\/03\\\/doechii.jpg\",\"width\":1200,\"height\":675},{\"@type\":\"BreadcrumbList\",\"@id\":\"https:\\\/\\\/www.tapasmagazine.es\\\/en\\\/doechii-reacts-to-parisian-desserts-at-his-hotel-during-pfw\\\/#breadcrumb\",\"itemListElement\":[{\"@type\":\"ListItem\",\"position\":1,\"name\":\"Portada\",\"item\":\"https:\\\/\\\/www.tapasmagazine.es\\\/\"},{\"@type\":\"ListItem\",\"position\":2,\"name\":\"Nombres propios\",\"item\":\"https:\\\/\\\/www.tapasmagazine.es\\\/en\\\/categorias\\\/nombres-propios-en\\\/\"},{\"@type\":\"ListItem\",\"position\":3,\"name\":\"Personajes\",\"item\":\"https:\\\/\\\/www.tapasmagazine.es\\\/en\\\/categorias\\\/personajes-en\\\/\"},{\"@type\":\"ListItem\",\"position\":4,\"name\":\"Doechii reacts to Parisian desserts at his hotel during PFW\"}]},{\"@type\":\"WebSite\",\"@id\":\"https:\\\/\\\/www.tapasmagazine.es\\\/#website\",\"url\":\"https:\\\/\\\/www.tapasmagazine.es\\\/\",\"name\":\"Tapas\",\"description\":\"\u00d1am \u00d1am Lifestyle. La vida a bocados. Premio Nacional de Gastronom\u00eda 2016.\",\"publisher\":{\"@id\":\"https:\\\/\\\/www.tapasmagazine.es\\\/#organization\"},\"potentialAction\":[{\"@type\":\"SearchAction\",\"target\":{\"@type\":\"EntryPoint\",\"urlTemplate\":\"https:\\\/\\\/www.tapasmagazine.es\\\/?s={search_term_string}\"},\"query-input\":{\"@type\":\"PropertyValueSpecification\",\"valueRequired\":true,\"valueName\":\"search_term_string\"}}],\"inLanguage\":\"en-US\"},{\"@type\":\"Organization\",\"@id\":\"https:\\\/\\\/www.tapasmagazine.es\\\/#organization\",\"name\":\"Tapas Magazine\",\"url\":\"https:\\\/\\\/www.tapasmagazine.es\\\/\",\"logo\":{\"@type\":\"ImageObject\",\"inLanguage\":\"en-US\",\"@id\":\"https:\\\/\\\/www.tapasmagazine.es\\\/#\\\/schema\\\/logo\\\/image\\\/\",\"url\":\"https:\\\/\\\/www.tapasmagazine.es\\\/wp-content\\\/uploads\\\/2018\\\/01\\\/logo.png\",\"contentUrl\":\"https:\\\/\\\/www.tapasmagazine.es\\\/wp-content\\\/uploads\\\/2018\\\/01\\\/logo.png\",\"width\":180,\"height\":60,\"caption\":\"Tapas Magazine\"},\"image\":{\"@id\":\"https:\\\/\\\/www.tapasmagazine.es\\\/#\\\/schema\\\/logo\\\/image\\\/\"},\"sameAs\":[\"https:\\\/\\\/www.facebook.com\\\/tapasmagazine\",\"https:\\\/\\\/x.com\\\/TapasMagazine\",\"https:\\\/\\\/www.instagram.com\\\/tapasmagazine\\\/\",\"https:\\\/\\\/www.linkedin.com\\\/company\\\/tapas-magazine\",\"https:\\\/\\\/es.pinterest.com\\\/tapasmagazine\\\/\",\"https:\\\/\\\/www.youtube.com\\\/channel\\\/UCEyxneAaACuR0lfDagrWjjg?sub_confirmation=1\"]},{\"@type\":\"Person\",\"@id\":\"https:\\\/\\\/www.tapasmagazine.es\\\/#\\\/schema\\\/person\\\/eb46cbe76a9c8f062660eb609e3ecb4e\",\"name\":\"Laura P\u00e9rez\",\"url\":\"https:\\\/\\\/www.tapasmagazine.es\\\/en\\\/author\\\/laura-perez\\\/\"}]}<\/script>\n<!-- \/ Yoast SEO plugin. -->","yoast_head_json":{"title":"Doechii reacts to Parisian desserts at his hotel during PFW - Tapas","description":"Click here to read the Spanish version. Doechii is currently immersed in Paris Fashion Week, and in between shows, she took time out to review the dessert","robots":{"index":"index","follow":"follow","max-snippet":"max-snippet:-1","max-image-preview":"max-image-preview:large","max-video-preview":"max-video-preview:-1"},"canonical":"https:\/\/www.tapasmagazine.es\/en\/doechii-reacts-to-parisian-desserts-at-his-hotel-during-pfw\/","og_locale":"en_US","og_type":"article","og_title":"Doechii reacts to Parisian desserts at his hotel during PFW - Tapas","og_description":"Click here to read the Spanish version. Doechii is currently immersed in Paris Fashion Week, and in between shows, she took time out to review the dessert","og_url":"https:\/\/www.tapasmagazine.es\/en\/doechii-reacts-to-parisian-desserts-at-his-hotel-during-pfw\/","og_site_name":"Tapas","article_publisher":"https:\/\/www.facebook.com\/tapasmagazine","article_published_time":"2025-03-06T10:37:57+00:00","article_modified_time":"2025-03-06T10:40:58+00:00","og_image":[{"width":1200,"height":675,"url":"https:\/\/www.tapasmagazine.es\/wp-content\/uploads\/2025\/03\/doechii.jpg","type":"image\/jpeg"}],"author":"Laura P\u00e9rez","twitter_card":"summary_large_image","twitter_creator":"@TapasMagazine","twitter_site":"@TapasMagazine","twitter_misc":{"Written by":"Laura P\u00e9rez","Est. reading time":"3 minutes"},"schema":{"@context":"https:\/\/schema.org","@graph":[{"@type":"Article","@id":"https:\/\/www.tapasmagazine.es\/en\/doechii-reacts-to-parisian-desserts-at-his-hotel-during-pfw\/#article","isPartOf":{"@id":"https:\/\/www.tapasmagazine.es\/en\/doechii-reacts-to-parisian-desserts-at-his-hotel-during-pfw\/"},"author":{"name":"Laura P\u00e9rez","@id":"https:\/\/www.tapasmagazine.es\/#\/schema\/person\/eb46cbe76a9c8f062660eb609e3ecb4e"},"headline":"Doechii reacts to Parisian desserts at his hotel during PFW","datePublished":"2025-03-06T10:37:57+00:00","dateModified":"2025-03-06T10:40:58+00:00","mainEntityOfPage":{"@id":"https:\/\/www.tapasmagazine.es\/en\/doechii-reacts-to-parisian-desserts-at-his-hotel-during-pfw\/"},"wordCount":356,"publisher":{"@id":"https:\/\/www.tapasmagazine.es\/#organization"},"image":{"@id":"https:\/\/www.tapasmagazine.es\/en\/doechii-reacts-to-parisian-desserts-at-his-hotel-during-pfw\/#primaryimage"},"thumbnailUrl":"https:\/\/www.tapasmagazine.es\/wp-content\/uploads\/2025\/03\/doechii.jpg","articleSection":["Personajes"],"inLanguage":"en-US"},{"@type":"WebPage","@id":"https:\/\/www.tapasmagazine.es\/en\/doechii-reacts-to-parisian-desserts-at-his-hotel-during-pfw\/","url":"https:\/\/www.tapasmagazine.es\/en\/doechii-reacts-to-parisian-desserts-at-his-hotel-during-pfw\/","name":"Doechii reacts to Parisian desserts at his hotel during PFW - Tapas","isPartOf":{"@id":"https:\/\/www.tapasmagazine.es\/#website"},"primaryImageOfPage":{"@id":"https:\/\/www.tapasmagazine.es\/en\/doechii-reacts-to-parisian-desserts-at-his-hotel-during-pfw\/#primaryimage"},"image":{"@id":"https:\/\/www.tapasmagazine.es\/en\/doechii-reacts-to-parisian-desserts-at-his-hotel-during-pfw\/#primaryimage"},"thumbnailUrl":"https:\/\/www.tapasmagazine.es\/wp-content\/uploads\/2025\/03\/doechii.jpg","datePublished":"2025-03-06T10:37:57+00:00","dateModified":"2025-03-06T10:40:58+00:00","description":"Click here to read the Spanish version. Doechii is currently immersed in Paris Fashion Week, and in between shows, she took time out to review the dessert","breadcrumb":{"@id":"https:\/\/www.tapasmagazine.es\/en\/doechii-reacts-to-parisian-desserts-at-his-hotel-during-pfw\/#breadcrumb"},"inLanguage":"en-US","potentialAction":[{"@type":"ReadAction","target":["https:\/\/www.tapasmagazine.es\/en\/doechii-reacts-to-parisian-desserts-at-his-hotel-during-pfw\/"]}]},{"@type":"ImageObject","inLanguage":"en-US","@id":"https:\/\/www.tapasmagazine.es\/en\/doechii-reacts-to-parisian-desserts-at-his-hotel-during-pfw\/#primaryimage","url":"https:\/\/www.tapasmagazine.es\/wp-content\/uploads\/2025\/03\/doechii.jpg","contentUrl":"https:\/\/www.tapasmagazine.es\/wp-content\/uploads\/2025\/03\/doechii.jpg","width":1200,"height":675},{"@type":"BreadcrumbList","@id":"https:\/\/www.tapasmagazine.es\/en\/doechii-reacts-to-parisian-desserts-at-his-hotel-during-pfw\/#breadcrumb","itemListElement":[{"@type":"ListItem","position":1,"name":"Portada","item":"https:\/\/www.tapasmagazine.es\/"},{"@type":"ListItem","position":2,"name":"Nombres propios","item":"https:\/\/www.tapasmagazine.es\/en\/categorias\/nombres-propios-en\/"},{"@type":"ListItem","position":3,"name":"Personajes","item":"https:\/\/www.tapasmagazine.es\/en\/categorias\/personajes-en\/"},{"@type":"ListItem","position":4,"name":"Doechii reacts to Parisian desserts at his hotel during PFW"}]},{"@type":"WebSite","@id":"https:\/\/www.tapasmagazine.es\/#website","url":"https:\/\/www.tapasmagazine.es\/","name":"Tapas","description":"\u00d1am \u00d1am Lifestyle. La vida a bocados. Premio Nacional de Gastronom\u00eda 2016.","publisher":{"@id":"https:\/\/www.tapasmagazine.es\/#organization"},"potentialAction":[{"@type":"SearchAction","target":{"@type":"EntryPoint","urlTemplate":"https:\/\/www.tapasmagazine.es\/?s={search_term_string}"},"query-input":{"@type":"PropertyValueSpecification","valueRequired":true,"valueName":"search_term_string"}}],"inLanguage":"en-US"},{"@type":"Organization","@id":"https:\/\/www.tapasmagazine.es\/#organization","name":"Tapas Magazine","url":"https:\/\/www.tapasmagazine.es\/","logo":{"@type":"ImageObject","inLanguage":"en-US","@id":"https:\/\/www.tapasmagazine.es\/#\/schema\/logo\/image\/","url":"https:\/\/www.tapasmagazine.es\/wp-content\/uploads\/2018\/01\/logo.png","contentUrl":"https:\/\/www.tapasmagazine.es\/wp-content\/uploads\/2018\/01\/logo.png","width":180,"height":60,"caption":"Tapas Magazine"},"image":{"@id":"https:\/\/www.tapasmagazine.es\/#\/schema\/logo\/image\/"},"sameAs":["https:\/\/www.facebook.com\/tapasmagazine","https:\/\/x.com\/TapasMagazine","https:\/\/www.instagram.com\/tapasmagazine\/","https:\/\/www.linkedin.com\/company\/tapas-magazine","https:\/\/es.pinterest.com\/tapasmagazine\/","https:\/\/www.youtube.com\/channel\/UCEyxneAaACuR0lfDagrWjjg?sub_confirmation=1"]},{"@type":"Person","@id":"https:\/\/www.tapasmagazine.es\/#\/schema\/person\/eb46cbe76a9c8f062660eb609e3ecb4e","name":"Laura P\u00e9rez","url":"https:\/\/www.tapasmagazine.es\/en\/author\/laura-perez\/"}]}},"_links":{"self":[{"href":"https:\/\/www.tapasmagazine.es\/en\/wp-json\/wp\/v2\/posts\/283206","targetHints":{"allow":["GET"]}}],"collection":[{"href":"https:\/\/www.tapasmagazine.es\/en\/wp-json\/wp\/v2\/posts"}],"about":[{"href":"https:\/\/www.tapasmagazine.es\/en\/wp-json\/wp\/v2\/types\/post"}],"author":[{"embeddable":true,"href":"https:\/\/www.tapasmagazine.es\/en\/wp-json\/wp\/v2\/users\/285"}],"replies":[{"embeddable":true,"href":"https:\/\/www.tapasmagazine.es\/en\/wp-json\/wp\/v2\/comments?post=283206"}],"version-history":[{"count":2,"href":"https:\/\/www.tapasmagazine.es\/en\/wp-json\/wp\/v2\/posts\/283206\/revisions"}],"predecessor-version":[{"id":283216,"href":"https:\/\/www.tapasmagazine.es\/en\/wp-json\/wp\/v2\/posts\/283206\/revisions\/283216"}],"wp:featuredmedia":[{"embeddable":true,"href":"https:\/\/www.tapasmagazine.es\/en\/wp-json\/wp\/v2\/media\/283191"}],"wp:attachment":[{"href":"https:\/\/www.tapasmagazine.es\/en\/wp-json\/wp\/v2\/media?parent=283206"}],"wp:term":[{"taxonomy":"category","embeddable":true,"href":"https:\/\/www.tapasmagazine.es\/en\/wp-json\/wp\/v2\/categories?post=283206"},{"taxonomy":"post_tag","embeddable":true,"href":"https:\/\/www.tapasmagazine.es\/en\/wp-json\/wp\/v2\/tags?post=283206"}],"curies":[{"name":"wp","href":"https:\/\/api.w.org\/{rel}","templated":true}]}}