{"id":282377,"date":"2025-02-28T12:36:04","date_gmt":"2025-02-28T11:36:04","guid":{"rendered":"https:\/\/www.tapasmagazine.es\/asi-se-hace-la-tarta-de-calabaza-de-jane-fonda\/"},"modified":"2025-02-28T12:40:43","modified_gmt":"2025-02-28T11:40:43","slug":"this-is-how-jane-fonda-pumpkin-bread-is-made","status":"publish","type":"post","link":"https:\/\/www.tapasmagazine.es\/en\/this-is-how-jane-fonda-pumpkin-bread-is-made\/","title":{"rendered":"This is how Jane Fonda&#8217;s pumpkin bread is made"},"content":{"rendered":"\n<p><strong>Click <a href=\"https:\/\/www.tapasmagazine.es\/en\/this-is-how-jane-fonda-pumpkin-bread-is-made\/\" target=\"_blank\" rel=\"noreferrer noopener\">here<\/a> to read the Spanish version<\/strong>.<\/p>\n\n\n\n<p>The icon of activism has not only revolutionised politics and cinema, but also home workouts and cooking. A dazzling legacy that can be appreciated on <strong>Jane Fonda<\/strong>&#8216;s official website, where you can connect with her achievements, her images and the recipes that have given her energy and accompanied her throughout her life.<\/p>\n\n\n\n<p>Among all her recipes, there is one dessert that we wanted to rescue for its flavour and simplicity: a <strong>pumpkin and spice cake<\/strong> that also contains 8 grams of protein. The recipe sticks to the classic ingredients of pumpkin puree, cinnamon, nutmeg and cloves, balanced with adjusted measures of white and brown sugar. It is ultimately healthier because of Fonda&#8217;s adaptations in substituting ingredients such as butter for margarine, and incorporating low-fat yoghurt, which helps to create a smooth, moist texture without making the bread too heavy.<\/p>\n\n\n<div class=\"wp-block-image\">\n<figure class=\"aligncenter size-full is-resized\"><img decoding=\"async\" width=\"800\" height=\"987\" src=\"https:\/\/www.tapasmagazine.es\/wp-content\/uploads\/2025\/02\/PumpkinSpiceBread-web.jpg\" alt=\"\" class=\"wp-image-282365\" style=\"width:840px;height:auto\" srcset=\"https:\/\/www.tapasmagazine.es\/wp-content\/uploads\/2025\/02\/PumpkinSpiceBread-web.jpg 800w, https:\/\/www.tapasmagazine.es\/wp-content\/uploads\/2025\/02\/PumpkinSpiceBread-web-243x300.jpg 243w, https:\/\/www.tapasmagazine.es\/wp-content\/uploads\/2025\/02\/PumpkinSpiceBread-web-768x948.jpg 768w, https:\/\/www.tapasmagazine.es\/wp-content\/uploads\/2025\/02\/PumpkinSpiceBread-web-400x494.jpg 400w\" sizes=\"(max-width: 800px) 100vw, 800px\" \/><\/figure>\n<\/div>\n\n\n<p>The <strong>method of preparation<\/strong> is very simple. First, you whisk the dry ingredients in one bowl, whisk the wet ingredients in another and mix them together a little at a time before pouring the batter into a loaf tin. After an hour in the oven at 350\u00b0F, you have a golden loaf that fills your kitchen with pumpkin spice.<\/p>\n\n\n\n<p>The full recipe and step-by-step can be found on <strong>Jane Fonda<\/strong>&#8216;s <strong><a href=\"https:\/\/www.janefonda.com\/2011\/11\/pumpkin-spice-bread\/\" target=\"_blank\" rel=\"noreferrer noopener\">website<\/a><\/strong>, so you can recreate one of the actress&#8217;s most acclaimed desserts at home.<\/p>\n","protected":false},"excerpt":{"rendered":"<p>Click here to read the Spanish version. The icon of activism has not only revolutionised politics and cinema, but also home workouts and cooking. A dazzling legacy that can be appreciated on Jane Fonda&#8216;s official website, where you can connect with her achievements, her images and the recipes that have given her energy and accompanied [&hellip;]<\/p>\n","protected":false},"author":285,"featured_media":282363,"comment_status":"closed","ping_status":"closed","sticky":false,"template":"","format":"standard","meta":{"_acf_changed":false,"footnotes":""},"categories":[15910,15965],"tags":[19523],"class_list":["post-282377","post","type-post","status-publish","format-standard","has-post-thumbnail","hentry","category-personajes-en","category-recetas-en","tag-calabaza-en","cat-15910-id","cat-15965-id"],"acf":[],"yoast_head":"<!-- This site is optimized with the Yoast SEO plugin v27.4 - https:\/\/yoast.com\/product\/yoast-seo-wordpress\/ -->\n<title>This is how Jane Fonda&#039;s pumpkin bread is made - Tapas<\/title>\n<meta name=\"description\" content=\"Click here to read the Spanish version. The icon of activism has not only revolutionised politics and cinema, but also home workouts and cooking. A\" \/>\n<meta name=\"robots\" content=\"index, follow, max-snippet:-1, max-image-preview:large, max-video-preview:-1\" \/>\n<link rel=\"canonical\" href=\"https:\/\/www.tapasmagazine.es\/en\/this-is-how-jane-fonda-pumpkin-bread-is-made\/\" \/>\n<meta property=\"og:locale\" content=\"en_US\" \/>\n<meta property=\"og:type\" content=\"article\" \/>\n<meta property=\"og:title\" content=\"This is how Jane Fonda&#039;s pumpkin bread is made - Tapas\" \/>\n<meta property=\"og:description\" content=\"Click here to read the Spanish version. The icon of activism has not only revolutionised politics and cinema, but also home workouts and cooking. A\" \/>\n<meta property=\"og:url\" content=\"https:\/\/www.tapasmagazine.es\/en\/this-is-how-jane-fonda-pumpkin-bread-is-made\/\" \/>\n<meta property=\"og:site_name\" content=\"Tapas\" \/>\n<meta property=\"article:publisher\" content=\"https:\/\/www.facebook.com\/tapasmagazine\" \/>\n<meta property=\"article:published_time\" content=\"2025-02-28T11:36:04+00:00\" \/>\n<meta property=\"article:modified_time\" content=\"2025-02-28T11:40:43+00:00\" \/>\n<meta property=\"og:image\" content=\"https:\/\/www.tapasmagazine.es\/wp-content\/uploads\/2025\/02\/jane-fonda.jpg\" \/>\n\t<meta property=\"og:image:width\" content=\"1200\" \/>\n\t<meta property=\"og:image:height\" content=\"675\" \/>\n\t<meta property=\"og:image:type\" content=\"image\/jpeg\" \/>\n<meta name=\"author\" content=\"Laura P\u00e9rez\" \/>\n<meta name=\"twitter:card\" content=\"summary_large_image\" \/>\n<meta name=\"twitter:creator\" content=\"@TapasMagazine\" \/>\n<meta name=\"twitter:site\" content=\"@TapasMagazine\" \/>\n<meta name=\"twitter:label1\" content=\"Written by\" \/>\n\t<meta name=\"twitter:data1\" content=\"Laura P\u00e9rez\" \/>\n\t<meta name=\"twitter:label2\" content=\"Est. reading time\" \/>\n\t<meta name=\"twitter:data2\" content=\"2 minutes\" \/>\n<script type=\"application\/ld+json\" class=\"yoast-schema-graph\">{\"@context\":\"https:\\\/\\\/schema.org\",\"@graph\":[{\"@type\":\"Article\",\"@id\":\"https:\\\/\\\/www.tapasmagazine.es\\\/en\\\/this-is-how-jane-fonda-pumpkin-bread-is-made\\\/#article\",\"isPartOf\":{\"@id\":\"https:\\\/\\\/www.tapasmagazine.es\\\/en\\\/this-is-how-jane-fonda-pumpkin-bread-is-made\\\/\"},\"author\":{\"name\":\"Laura P\u00e9rez\",\"@id\":\"https:\\\/\\\/www.tapasmagazine.es\\\/#\\\/schema\\\/person\\\/eb46cbe76a9c8f062660eb609e3ecb4e\"},\"headline\":\"This is how Jane Fonda&#8217;s pumpkin bread is made\",\"datePublished\":\"2025-02-28T11:36:04+00:00\",\"dateModified\":\"2025-02-28T11:40:43+00:00\",\"mainEntityOfPage\":{\"@id\":\"https:\\\/\\\/www.tapasmagazine.es\\\/en\\\/this-is-how-jane-fonda-pumpkin-bread-is-made\\\/\"},\"wordCount\":243,\"publisher\":{\"@id\":\"https:\\\/\\\/www.tapasmagazine.es\\\/#organization\"},\"image\":{\"@id\":\"https:\\\/\\\/www.tapasmagazine.es\\\/en\\\/this-is-how-jane-fonda-pumpkin-bread-is-made\\\/#primaryimage\"},\"thumbnailUrl\":\"https:\\\/\\\/www.tapasmagazine.es\\\/wp-content\\\/uploads\\\/2025\\\/02\\\/jane-fonda.jpg\",\"keywords\":[\"calabaza\"],\"articleSection\":[\"Personajes\",\"Recetas\"],\"inLanguage\":\"en-US\"},{\"@type\":\"WebPage\",\"@id\":\"https:\\\/\\\/www.tapasmagazine.es\\\/en\\\/this-is-how-jane-fonda-pumpkin-bread-is-made\\\/\",\"url\":\"https:\\\/\\\/www.tapasmagazine.es\\\/en\\\/this-is-how-jane-fonda-pumpkin-bread-is-made\\\/\",\"name\":\"This is how Jane Fonda's pumpkin bread is made - Tapas\",\"isPartOf\":{\"@id\":\"https:\\\/\\\/www.tapasmagazine.es\\\/#website\"},\"primaryImageOfPage\":{\"@id\":\"https:\\\/\\\/www.tapasmagazine.es\\\/en\\\/this-is-how-jane-fonda-pumpkin-bread-is-made\\\/#primaryimage\"},\"image\":{\"@id\":\"https:\\\/\\\/www.tapasmagazine.es\\\/en\\\/this-is-how-jane-fonda-pumpkin-bread-is-made\\\/#primaryimage\"},\"thumbnailUrl\":\"https:\\\/\\\/www.tapasmagazine.es\\\/wp-content\\\/uploads\\\/2025\\\/02\\\/jane-fonda.jpg\",\"datePublished\":\"2025-02-28T11:36:04+00:00\",\"dateModified\":\"2025-02-28T11:40:43+00:00\",\"description\":\"Click here to read the Spanish version. The icon of activism has not only revolutionised politics and cinema, but also home workouts and cooking. A\",\"breadcrumb\":{\"@id\":\"https:\\\/\\\/www.tapasmagazine.es\\\/en\\\/this-is-how-jane-fonda-pumpkin-bread-is-made\\\/#breadcrumb\"},\"inLanguage\":\"en-US\",\"potentialAction\":[{\"@type\":\"ReadAction\",\"target\":[\"https:\\\/\\\/www.tapasmagazine.es\\\/en\\\/this-is-how-jane-fonda-pumpkin-bread-is-made\\\/\"]}]},{\"@type\":\"ImageObject\",\"inLanguage\":\"en-US\",\"@id\":\"https:\\\/\\\/www.tapasmagazine.es\\\/en\\\/this-is-how-jane-fonda-pumpkin-bread-is-made\\\/#primaryimage\",\"url\":\"https:\\\/\\\/www.tapasmagazine.es\\\/wp-content\\\/uploads\\\/2025\\\/02\\\/jane-fonda.jpg\",\"contentUrl\":\"https:\\\/\\\/www.tapasmagazine.es\\\/wp-content\\\/uploads\\\/2025\\\/02\\\/jane-fonda.jpg\",\"width\":1200,\"height\":675},{\"@type\":\"BreadcrumbList\",\"@id\":\"https:\\\/\\\/www.tapasmagazine.es\\\/en\\\/this-is-how-jane-fonda-pumpkin-bread-is-made\\\/#breadcrumb\",\"itemListElement\":[{\"@type\":\"ListItem\",\"position\":1,\"name\":\"Portada\",\"item\":\"https:\\\/\\\/www.tapasmagazine.es\\\/\"},{\"@type\":\"ListItem\",\"position\":2,\"name\":\"Nombres propios\",\"item\":\"https:\\\/\\\/www.tapasmagazine.es\\\/en\\\/categorias\\\/nombres-propios-en\\\/\"},{\"@type\":\"ListItem\",\"position\":3,\"name\":\"Personajes\",\"item\":\"https:\\\/\\\/www.tapasmagazine.es\\\/en\\\/categorias\\\/personajes-en\\\/\"},{\"@type\":\"ListItem\",\"position\":4,\"name\":\"This is how Jane Fonda&#8217;s pumpkin bread is made\"}]},{\"@type\":\"WebSite\",\"@id\":\"https:\\\/\\\/www.tapasmagazine.es\\\/#website\",\"url\":\"https:\\\/\\\/www.tapasmagazine.es\\\/\",\"name\":\"Tapas\",\"description\":\"\u00d1am \u00d1am Lifestyle. La vida a bocados. Premio Nacional de Gastronom\u00eda 2016.\",\"publisher\":{\"@id\":\"https:\\\/\\\/www.tapasmagazine.es\\\/#organization\"},\"potentialAction\":[{\"@type\":\"SearchAction\",\"target\":{\"@type\":\"EntryPoint\",\"urlTemplate\":\"https:\\\/\\\/www.tapasmagazine.es\\\/?s={search_term_string}\"},\"query-input\":{\"@type\":\"PropertyValueSpecification\",\"valueRequired\":true,\"valueName\":\"search_term_string\"}}],\"inLanguage\":\"en-US\"},{\"@type\":\"Organization\",\"@id\":\"https:\\\/\\\/www.tapasmagazine.es\\\/#organization\",\"name\":\"Tapas Magazine\",\"url\":\"https:\\\/\\\/www.tapasmagazine.es\\\/\",\"logo\":{\"@type\":\"ImageObject\",\"inLanguage\":\"en-US\",\"@id\":\"https:\\\/\\\/www.tapasmagazine.es\\\/#\\\/schema\\\/logo\\\/image\\\/\",\"url\":\"https:\\\/\\\/www.tapasmagazine.es\\\/wp-content\\\/uploads\\\/2018\\\/01\\\/logo.png\",\"contentUrl\":\"https:\\\/\\\/www.tapasmagazine.es\\\/wp-content\\\/uploads\\\/2018\\\/01\\\/logo.png\",\"width\":180,\"height\":60,\"caption\":\"Tapas Magazine\"},\"image\":{\"@id\":\"https:\\\/\\\/www.tapasmagazine.es\\\/#\\\/schema\\\/logo\\\/image\\\/\"},\"sameAs\":[\"https:\\\/\\\/www.facebook.com\\\/tapasmagazine\",\"https:\\\/\\\/x.com\\\/TapasMagazine\",\"https:\\\/\\\/www.instagram.com\\\/tapasmagazine\\\/\",\"https:\\\/\\\/www.linkedin.com\\\/company\\\/tapas-magazine\",\"https:\\\/\\\/es.pinterest.com\\\/tapasmagazine\\\/\",\"https:\\\/\\\/www.youtube.com\\\/channel\\\/UCEyxneAaACuR0lfDagrWjjg?sub_confirmation=1\"]},{\"@type\":\"Person\",\"@id\":\"https:\\\/\\\/www.tapasmagazine.es\\\/#\\\/schema\\\/person\\\/eb46cbe76a9c8f062660eb609e3ecb4e\",\"name\":\"Laura P\u00e9rez\",\"url\":\"https:\\\/\\\/www.tapasmagazine.es\\\/en\\\/author\\\/laura-perez\\\/\"}]}<\/script>\n<!-- \/ Yoast SEO plugin. -->","yoast_head_json":{"title":"This is how Jane Fonda's pumpkin bread is made - Tapas","description":"Click here to read the Spanish version. The icon of activism has not only revolutionised politics and cinema, but also home workouts and cooking. A","robots":{"index":"index","follow":"follow","max-snippet":"max-snippet:-1","max-image-preview":"max-image-preview:large","max-video-preview":"max-video-preview:-1"},"canonical":"https:\/\/www.tapasmagazine.es\/en\/this-is-how-jane-fonda-pumpkin-bread-is-made\/","og_locale":"en_US","og_type":"article","og_title":"This is how Jane Fonda's pumpkin bread is made - Tapas","og_description":"Click here to read the Spanish version. The icon of activism has not only revolutionised politics and cinema, but also home workouts and cooking. A","og_url":"https:\/\/www.tapasmagazine.es\/en\/this-is-how-jane-fonda-pumpkin-bread-is-made\/","og_site_name":"Tapas","article_publisher":"https:\/\/www.facebook.com\/tapasmagazine","article_published_time":"2025-02-28T11:36:04+00:00","article_modified_time":"2025-02-28T11:40:43+00:00","og_image":[{"width":1200,"height":675,"url":"https:\/\/www.tapasmagazine.es\/wp-content\/uploads\/2025\/02\/jane-fonda.jpg","type":"image\/jpeg"}],"author":"Laura P\u00e9rez","twitter_card":"summary_large_image","twitter_creator":"@TapasMagazine","twitter_site":"@TapasMagazine","twitter_misc":{"Written by":"Laura P\u00e9rez","Est. reading time":"2 minutes"},"schema":{"@context":"https:\/\/schema.org","@graph":[{"@type":"Article","@id":"https:\/\/www.tapasmagazine.es\/en\/this-is-how-jane-fonda-pumpkin-bread-is-made\/#article","isPartOf":{"@id":"https:\/\/www.tapasmagazine.es\/en\/this-is-how-jane-fonda-pumpkin-bread-is-made\/"},"author":{"name":"Laura P\u00e9rez","@id":"https:\/\/www.tapasmagazine.es\/#\/schema\/person\/eb46cbe76a9c8f062660eb609e3ecb4e"},"headline":"This is how Jane Fonda&#8217;s pumpkin bread is made","datePublished":"2025-02-28T11:36:04+00:00","dateModified":"2025-02-28T11:40:43+00:00","mainEntityOfPage":{"@id":"https:\/\/www.tapasmagazine.es\/en\/this-is-how-jane-fonda-pumpkin-bread-is-made\/"},"wordCount":243,"publisher":{"@id":"https:\/\/www.tapasmagazine.es\/#organization"},"image":{"@id":"https:\/\/www.tapasmagazine.es\/en\/this-is-how-jane-fonda-pumpkin-bread-is-made\/#primaryimage"},"thumbnailUrl":"https:\/\/www.tapasmagazine.es\/wp-content\/uploads\/2025\/02\/jane-fonda.jpg","keywords":["calabaza"],"articleSection":["Personajes","Recetas"],"inLanguage":"en-US"},{"@type":"WebPage","@id":"https:\/\/www.tapasmagazine.es\/en\/this-is-how-jane-fonda-pumpkin-bread-is-made\/","url":"https:\/\/www.tapasmagazine.es\/en\/this-is-how-jane-fonda-pumpkin-bread-is-made\/","name":"This is how Jane Fonda's pumpkin bread is made - Tapas","isPartOf":{"@id":"https:\/\/www.tapasmagazine.es\/#website"},"primaryImageOfPage":{"@id":"https:\/\/www.tapasmagazine.es\/en\/this-is-how-jane-fonda-pumpkin-bread-is-made\/#primaryimage"},"image":{"@id":"https:\/\/www.tapasmagazine.es\/en\/this-is-how-jane-fonda-pumpkin-bread-is-made\/#primaryimage"},"thumbnailUrl":"https:\/\/www.tapasmagazine.es\/wp-content\/uploads\/2025\/02\/jane-fonda.jpg","datePublished":"2025-02-28T11:36:04+00:00","dateModified":"2025-02-28T11:40:43+00:00","description":"Click here to read the Spanish version. The icon of activism has not only revolutionised politics and cinema, but also home workouts and cooking. A","breadcrumb":{"@id":"https:\/\/www.tapasmagazine.es\/en\/this-is-how-jane-fonda-pumpkin-bread-is-made\/#breadcrumb"},"inLanguage":"en-US","potentialAction":[{"@type":"ReadAction","target":["https:\/\/www.tapasmagazine.es\/en\/this-is-how-jane-fonda-pumpkin-bread-is-made\/"]}]},{"@type":"ImageObject","inLanguage":"en-US","@id":"https:\/\/www.tapasmagazine.es\/en\/this-is-how-jane-fonda-pumpkin-bread-is-made\/#primaryimage","url":"https:\/\/www.tapasmagazine.es\/wp-content\/uploads\/2025\/02\/jane-fonda.jpg","contentUrl":"https:\/\/www.tapasmagazine.es\/wp-content\/uploads\/2025\/02\/jane-fonda.jpg","width":1200,"height":675},{"@type":"BreadcrumbList","@id":"https:\/\/www.tapasmagazine.es\/en\/this-is-how-jane-fonda-pumpkin-bread-is-made\/#breadcrumb","itemListElement":[{"@type":"ListItem","position":1,"name":"Portada","item":"https:\/\/www.tapasmagazine.es\/"},{"@type":"ListItem","position":2,"name":"Nombres propios","item":"https:\/\/www.tapasmagazine.es\/en\/categorias\/nombres-propios-en\/"},{"@type":"ListItem","position":3,"name":"Personajes","item":"https:\/\/www.tapasmagazine.es\/en\/categorias\/personajes-en\/"},{"@type":"ListItem","position":4,"name":"This is how Jane Fonda&#8217;s pumpkin bread is made"}]},{"@type":"WebSite","@id":"https:\/\/www.tapasmagazine.es\/#website","url":"https:\/\/www.tapasmagazine.es\/","name":"Tapas","description":"\u00d1am \u00d1am Lifestyle. La vida a bocados. Premio Nacional de Gastronom\u00eda 2016.","publisher":{"@id":"https:\/\/www.tapasmagazine.es\/#organization"},"potentialAction":[{"@type":"SearchAction","target":{"@type":"EntryPoint","urlTemplate":"https:\/\/www.tapasmagazine.es\/?s={search_term_string}"},"query-input":{"@type":"PropertyValueSpecification","valueRequired":true,"valueName":"search_term_string"}}],"inLanguage":"en-US"},{"@type":"Organization","@id":"https:\/\/www.tapasmagazine.es\/#organization","name":"Tapas Magazine","url":"https:\/\/www.tapasmagazine.es\/","logo":{"@type":"ImageObject","inLanguage":"en-US","@id":"https:\/\/www.tapasmagazine.es\/#\/schema\/logo\/image\/","url":"https:\/\/www.tapasmagazine.es\/wp-content\/uploads\/2018\/01\/logo.png","contentUrl":"https:\/\/www.tapasmagazine.es\/wp-content\/uploads\/2018\/01\/logo.png","width":180,"height":60,"caption":"Tapas Magazine"},"image":{"@id":"https:\/\/www.tapasmagazine.es\/#\/schema\/logo\/image\/"},"sameAs":["https:\/\/www.facebook.com\/tapasmagazine","https:\/\/x.com\/TapasMagazine","https:\/\/www.instagram.com\/tapasmagazine\/","https:\/\/www.linkedin.com\/company\/tapas-magazine","https:\/\/es.pinterest.com\/tapasmagazine\/","https:\/\/www.youtube.com\/channel\/UCEyxneAaACuR0lfDagrWjjg?sub_confirmation=1"]},{"@type":"Person","@id":"https:\/\/www.tapasmagazine.es\/#\/schema\/person\/eb46cbe76a9c8f062660eb609e3ecb4e","name":"Laura P\u00e9rez","url":"https:\/\/www.tapasmagazine.es\/en\/author\/laura-perez\/"}]}},"_links":{"self":[{"href":"https:\/\/www.tapasmagazine.es\/en\/wp-json\/wp\/v2\/posts\/282377","targetHints":{"allow":["GET"]}}],"collection":[{"href":"https:\/\/www.tapasmagazine.es\/en\/wp-json\/wp\/v2\/posts"}],"about":[{"href":"https:\/\/www.tapasmagazine.es\/en\/wp-json\/wp\/v2\/types\/post"}],"author":[{"embeddable":true,"href":"https:\/\/www.tapasmagazine.es\/en\/wp-json\/wp\/v2\/users\/285"}],"replies":[{"embeddable":true,"href":"https:\/\/www.tapasmagazine.es\/en\/wp-json\/wp\/v2\/comments?post=282377"}],"version-history":[{"count":2,"href":"https:\/\/www.tapasmagazine.es\/en\/wp-json\/wp\/v2\/posts\/282377\/revisions"}],"predecessor-version":[{"id":282384,"href":"https:\/\/www.tapasmagazine.es\/en\/wp-json\/wp\/v2\/posts\/282377\/revisions\/282384"}],"wp:featuredmedia":[{"embeddable":true,"href":"https:\/\/www.tapasmagazine.es\/en\/wp-json\/wp\/v2\/media\/282363"}],"wp:attachment":[{"href":"https:\/\/www.tapasmagazine.es\/en\/wp-json\/wp\/v2\/media?parent=282377"}],"wp:term":[{"taxonomy":"category","embeddable":true,"href":"https:\/\/www.tapasmagazine.es\/en\/wp-json\/wp\/v2\/categories?post=282377"},{"taxonomy":"post_tag","embeddable":true,"href":"https:\/\/www.tapasmagazine.es\/en\/wp-json\/wp\/v2\/tags?post=282377"}],"curies":[{"name":"wp","href":"https:\/\/api.w.org\/{rel}","templated":true}]}}