{"id":282349,"date":"2025-02-28T11:58:30","date_gmt":"2025-02-28T10:58:30","guid":{"rendered":"https:\/\/www.tapasmagazine.es\/dentro-de-la-ruta-gastro-de-eva-longoria-con-dabiz-munoz-ferran-adria-o-rafa-zafra\/"},"modified":"2025-02-28T12:08:58","modified_gmt":"2025-02-28T11:08:58","slug":"inside-eva-longorias-gastro-route-with-dabiz-munoz-ferran-adria-and-rafa-zafra","status":"publish","type":"post","link":"https:\/\/www.tapasmagazine.es\/en\/inside-eva-longorias-gastro-route-with-dabiz-munoz-ferran-adria-and-rafa-zafra\/","title":{"rendered":"Inside Eva Longoria&#8217;s gastro route with Dabiz Mu\u00f1oz, Ferran Adri\u00e0 and Rafa Zafra"},"content":{"rendered":"\n<p><strong>Click <a href=\"https:\/\/www.tapasmagazine.es\/en\/inside-eva-longorias-gastro-route-with-dabiz-munoz-ferran-adria-and-rafa-zafra\/\" target=\"_blank\" rel=\"noreferrer noopener\">here<\/a> to read the Spanish version<\/strong>.<\/p>\n\n\n\n<p>The series \u2018<strong>Eva Longoria: Searching for Spain<\/strong>\u2019 will premiere on <strong>CNN<\/strong> on 27 April, and has already given us some previews featuring cameos by chefs of the calibre of <strong>Dabiz Mu\u00f1oz<\/strong> and <strong>Ferran Adri\u00e0<\/strong>. It is a new project in which the actress has wanted to glimpse her infinite love for Spanish culture, with which she feels a strong connection through her ancestors.<\/p>\n\n\n<div class=\"wp-block-image\">\n<figure class=\"aligncenter size-large\"><img decoding=\"async\" width=\"1024\" height=\"576\" src=\"https:\/\/www.tapasmagazine.es\/wp-content\/uploads\/2025\/02\/1-3-1024x576.jpg\" alt=\"\" class=\"wp-image-282327\" srcset=\"https:\/\/www.tapasmagazine.es\/wp-content\/uploads\/2025\/02\/1-3-1024x576.jpg 1024w, https:\/\/www.tapasmagazine.es\/wp-content\/uploads\/2025\/02\/1-3-300x169.jpg 300w, https:\/\/www.tapasmagazine.es\/wp-content\/uploads\/2025\/02\/1-3-768x432.jpg 768w, https:\/\/www.tapasmagazine.es\/wp-content\/uploads\/2025\/02\/1-3-1000x563.jpg 1000w, https:\/\/www.tapasmagazine.es\/wp-content\/uploads\/2025\/02\/1-3-400x225.jpg 400w, https:\/\/www.tapasmagazine.es\/wp-content\/uploads\/2025\/02\/1-3.jpg 1200w\" sizes=\"(max-width: 1024px) 100vw, 1024px\" \/><\/figure>\n<\/div>\n\n\n<p>In the docuseries, in which she travels around Spain in eight episodes, <strong>Eva Longoria <\/strong>is surprised to discover some traditional dishes such as chicharr\u00f3n. What do you think this chicharr\u00f3n is? asks <strong>Mu\u00f1oz<\/strong>, to which she replies: \u2018shiitake mushrooms\u2019. Laughing, he explains that it is actually duck tongue, surprising the actress as she was unaware that \u2018ducks have tongues\u2019. This humorous clip is in addition to other previews showing her gastronomic stops at legendary places in Madrid such as La Tasquer\u00eda, where chef Javi Est\u00e9vez shows her his suckling pig&#8217;s head.<\/p>\n\n\n\n<p>In Madrid, <strong>Longoria<\/strong> also visited Heba Kharouf&#8217;s trendy restaurant <strong>Farah<\/strong>, and also travelled to Chinch\u00f3n to meet with Venezuelan influencer <strong>Alejandra Morrison<\/strong>.<\/p>\n\n\n\n<figure class=\"wp-block-embed is-type-video is-provider-youtube wp-block-embed-youtube wp-embed-aspect-16-9 wp-has-aspect-ratio\"><div class=\"wp-block-embed__wrapper\">\n<iframe title=\"Eva Longoria Searching for Spain | Sunday, April 27th on CNN\" width=\"640\" height=\"360\" src=\"https:\/\/www.youtube.com\/embed\/JOkfqYmNH0k?feature=oembed\" frameborder=\"0\" allow=\"accelerometer; autoplay; clipboard-write; encrypted-media; gyroscope; picture-in-picture; web-share\" referrerpolicy=\"strict-origin-when-cross-origin\" allowfullscreen><\/iframe>\n<\/div><\/figure>\n\n\n\n<p>On this gastronomic journey, the actress also travelled to the north to connect with her Asturian roots, specifically from Longoria. She filmed part of the series there, visiting the small town where her family comes from. From the area, Longoria did not want to miss the moment of meeting the chef Pepe Solla in Galicia, who told her the secrets of cooking octopus, while tasting Galician beef. The tour also included the pintxo route in San Sebastian, where he tasted some legendary tapas such as gildas, and made a stop in Vizcaya to meet Eneko Atxa and his starred gastronomy at Azurmendi.<\/p>\n\n\n\n<p>In addition to all this, there are other sequences in which she enjoys meals with <strong>Ferran Adri\u00e0<\/strong> or <strong>Rafa Zafra<\/strong> on a boat in the Mediterranean, as well as delving into the flavours of the south with <strong>Dani Garc\u00eda<\/strong> in his restaurant <strong>El Sombrero<\/strong>, with which she has just \u2018discovered the rich culture of Spain and its bold and diverse cuisine that have captivated her for as long as she can remember\u2019, according to what the actress revealed in a statement released by CNN.<\/p>\n","protected":false},"excerpt":{"rendered":"<p>Click here to read the Spanish version. The series \u2018Eva Longoria: Searching for Spain\u2019 will premiere on CNN on 27 April, and has already given us some previews featuring cameos by chefs of the calibre of Dabiz Mu\u00f1oz and Ferran Adri\u00e0. It is a new project in which the actress has wanted to glimpse her [&hellip;]<\/p>\n","protected":false},"author":285,"featured_media":282325,"comment_status":"closed","ping_status":"closed","sticky":false,"template":"","format":"standard","meta":{"_acf_changed":false,"footnotes":""},"categories":[15910],"tags":[15989,17341,16089,17746],"class_list":["post-282349","post","type-post","status-publish","format-standard","has-post-thumbnail","hentry","category-personajes-en","tag-dabiz-munoz-en","tag-eva-longoria-en","tag-ferran-adria-2-en","tag-rafa-zafra-en","cat-15910-id"],"acf":[],"yoast_head":"<!-- This site is optimized with the Yoast SEO plugin v27.4 - https:\/\/yoast.com\/product\/yoast-seo-wordpress\/ -->\n<title>Inside Eva Longoria&#039;s gastro route with Dabiz Mu\u00f1oz, Ferran Adri\u00e0 and Rafa Zafra - Tapas<\/title>\n<meta name=\"description\" content=\"Click here to read the Spanish version. The series \u2018Eva Longoria: Searching for Spain\u2019 will premiere on CNN on 27 April, and has already given us some\" \/>\n<meta name=\"robots\" content=\"index, follow, max-snippet:-1, max-image-preview:large, max-video-preview:-1\" \/>\n<link rel=\"canonical\" href=\"https:\/\/www.tapasmagazine.es\/en\/inside-eva-longorias-gastro-route-with-dabiz-munoz-ferran-adria-and-rafa-zafra\/\" \/>\n<meta property=\"og:locale\" content=\"en_US\" \/>\n<meta property=\"og:type\" content=\"article\" \/>\n<meta property=\"og:title\" content=\"Inside Eva Longoria&#039;s gastro route with Dabiz Mu\u00f1oz, Ferran Adri\u00e0 and Rafa Zafra - Tapas\" \/>\n<meta property=\"og:description\" content=\"Click here to read the Spanish version. The series \u2018Eva Longoria: Searching for Spain\u2019 will premiere on CNN on 27 April, and has already given us some\" \/>\n<meta property=\"og:url\" content=\"https:\/\/www.tapasmagazine.es\/en\/inside-eva-longorias-gastro-route-with-dabiz-munoz-ferran-adria-and-rafa-zafra\/\" \/>\n<meta property=\"og:site_name\" content=\"Tapas\" \/>\n<meta property=\"article:publisher\" content=\"https:\/\/www.facebook.com\/tapasmagazine\" \/>\n<meta property=\"article:published_time\" content=\"2025-02-28T10:58:30+00:00\" \/>\n<meta property=\"article:modified_time\" content=\"2025-02-28T11:08:58+00:00\" \/>\n<meta property=\"og:image\" content=\"https:\/\/www.tapasmagazine.es\/wp-content\/uploads\/2025\/02\/eva-longoria.jpg\" \/>\n\t<meta property=\"og:image:width\" content=\"1200\" \/>\n\t<meta property=\"og:image:height\" content=\"675\" \/>\n\t<meta property=\"og:image:type\" content=\"image\/jpeg\" \/>\n<meta name=\"author\" content=\"Laura P\u00e9rez\" \/>\n<meta name=\"twitter:card\" content=\"summary_large_image\" \/>\n<meta name=\"twitter:creator\" content=\"@TapasMagazine\" \/>\n<meta name=\"twitter:site\" content=\"@TapasMagazine\" \/>\n<meta name=\"twitter:label1\" content=\"Written by\" \/>\n\t<meta name=\"twitter:data1\" content=\"Laura P\u00e9rez\" \/>\n\t<meta name=\"twitter:label2\" content=\"Est. reading time\" \/>\n\t<meta name=\"twitter:data2\" content=\"3 minutes\" \/>\n<script type=\"application\/ld+json\" class=\"yoast-schema-graph\">{\"@context\":\"https:\\\/\\\/schema.org\",\"@graph\":[{\"@type\":\"Article\",\"@id\":\"https:\\\/\\\/www.tapasmagazine.es\\\/en\\\/inside-eva-longorias-gastro-route-with-dabiz-munoz-ferran-adria-and-rafa-zafra\\\/#article\",\"isPartOf\":{\"@id\":\"https:\\\/\\\/www.tapasmagazine.es\\\/en\\\/inside-eva-longorias-gastro-route-with-dabiz-munoz-ferran-adria-and-rafa-zafra\\\/\"},\"author\":{\"name\":\"Laura P\u00e9rez\",\"@id\":\"https:\\\/\\\/www.tapasmagazine.es\\\/#\\\/schema\\\/person\\\/eb46cbe76a9c8f062660eb609e3ecb4e\"},\"headline\":\"Inside Eva Longoria&#8217;s gastro route with Dabiz Mu\u00f1oz, Ferran Adri\u00e0 and Rafa Zafra\",\"datePublished\":\"2025-02-28T10:58:30+00:00\",\"dateModified\":\"2025-02-28T11:08:58+00:00\",\"mainEntityOfPage\":{\"@id\":\"https:\\\/\\\/www.tapasmagazine.es\\\/en\\\/inside-eva-longorias-gastro-route-with-dabiz-munoz-ferran-adria-and-rafa-zafra\\\/\"},\"wordCount\":417,\"publisher\":{\"@id\":\"https:\\\/\\\/www.tapasmagazine.es\\\/#organization\"},\"image\":{\"@id\":\"https:\\\/\\\/www.tapasmagazine.es\\\/en\\\/inside-eva-longorias-gastro-route-with-dabiz-munoz-ferran-adria-and-rafa-zafra\\\/#primaryimage\"},\"thumbnailUrl\":\"https:\\\/\\\/www.tapasmagazine.es\\\/wp-content\\\/uploads\\\/2025\\\/02\\\/eva-longoria.jpg\",\"keywords\":[\"dabiz mu\u00f1oz\",\"Eva Longoria\",\"Ferran Adri\u00e0\",\"Rafa Zafra\"],\"articleSection\":[\"Personajes\"],\"inLanguage\":\"en-US\"},{\"@type\":\"WebPage\",\"@id\":\"https:\\\/\\\/www.tapasmagazine.es\\\/en\\\/inside-eva-longorias-gastro-route-with-dabiz-munoz-ferran-adria-and-rafa-zafra\\\/\",\"url\":\"https:\\\/\\\/www.tapasmagazine.es\\\/en\\\/inside-eva-longorias-gastro-route-with-dabiz-munoz-ferran-adria-and-rafa-zafra\\\/\",\"name\":\"Inside Eva Longoria's gastro route with Dabiz Mu\u00f1oz, Ferran Adri\u00e0 and Rafa Zafra - Tapas\",\"isPartOf\":{\"@id\":\"https:\\\/\\\/www.tapasmagazine.es\\\/#website\"},\"primaryImageOfPage\":{\"@id\":\"https:\\\/\\\/www.tapasmagazine.es\\\/en\\\/inside-eva-longorias-gastro-route-with-dabiz-munoz-ferran-adria-and-rafa-zafra\\\/#primaryimage\"},\"image\":{\"@id\":\"https:\\\/\\\/www.tapasmagazine.es\\\/en\\\/inside-eva-longorias-gastro-route-with-dabiz-munoz-ferran-adria-and-rafa-zafra\\\/#primaryimage\"},\"thumbnailUrl\":\"https:\\\/\\\/www.tapasmagazine.es\\\/wp-content\\\/uploads\\\/2025\\\/02\\\/eva-longoria.jpg\",\"datePublished\":\"2025-02-28T10:58:30+00:00\",\"dateModified\":\"2025-02-28T11:08:58+00:00\",\"description\":\"Click here to read the Spanish version. The series \u2018Eva Longoria: Searching for Spain\u2019 will premiere on CNN on 27 April, and has already given us some\",\"breadcrumb\":{\"@id\":\"https:\\\/\\\/www.tapasmagazine.es\\\/en\\\/inside-eva-longorias-gastro-route-with-dabiz-munoz-ferran-adria-and-rafa-zafra\\\/#breadcrumb\"},\"inLanguage\":\"en-US\",\"potentialAction\":[{\"@type\":\"ReadAction\",\"target\":[\"https:\\\/\\\/www.tapasmagazine.es\\\/en\\\/inside-eva-longorias-gastro-route-with-dabiz-munoz-ferran-adria-and-rafa-zafra\\\/\"]}]},{\"@type\":\"ImageObject\",\"inLanguage\":\"en-US\",\"@id\":\"https:\\\/\\\/www.tapasmagazine.es\\\/en\\\/inside-eva-longorias-gastro-route-with-dabiz-munoz-ferran-adria-and-rafa-zafra\\\/#primaryimage\",\"url\":\"https:\\\/\\\/www.tapasmagazine.es\\\/wp-content\\\/uploads\\\/2025\\\/02\\\/eva-longoria.jpg\",\"contentUrl\":\"https:\\\/\\\/www.tapasmagazine.es\\\/wp-content\\\/uploads\\\/2025\\\/02\\\/eva-longoria.jpg\",\"width\":1200,\"height\":675},{\"@type\":\"BreadcrumbList\",\"@id\":\"https:\\\/\\\/www.tapasmagazine.es\\\/en\\\/inside-eva-longorias-gastro-route-with-dabiz-munoz-ferran-adria-and-rafa-zafra\\\/#breadcrumb\",\"itemListElement\":[{\"@type\":\"ListItem\",\"position\":1,\"name\":\"Portada\",\"item\":\"https:\\\/\\\/www.tapasmagazine.es\\\/\"},{\"@type\":\"ListItem\",\"position\":2,\"name\":\"Nombres propios\",\"item\":\"https:\\\/\\\/www.tapasmagazine.es\\\/en\\\/categorias\\\/nombres-propios-en\\\/\"},{\"@type\":\"ListItem\",\"position\":3,\"name\":\"Personajes\",\"item\":\"https:\\\/\\\/www.tapasmagazine.es\\\/en\\\/categorias\\\/personajes-en\\\/\"},{\"@type\":\"ListItem\",\"position\":4,\"name\":\"Inside Eva Longoria&#8217;s gastro route with Dabiz Mu\u00f1oz, Ferran Adri\u00e0 and Rafa Zafra\"}]},{\"@type\":\"WebSite\",\"@id\":\"https:\\\/\\\/www.tapasmagazine.es\\\/#website\",\"url\":\"https:\\\/\\\/www.tapasmagazine.es\\\/\",\"name\":\"Tapas\",\"description\":\"\u00d1am \u00d1am Lifestyle. La vida a bocados. Premio Nacional de Gastronom\u00eda 2016.\",\"publisher\":{\"@id\":\"https:\\\/\\\/www.tapasmagazine.es\\\/#organization\"},\"potentialAction\":[{\"@type\":\"SearchAction\",\"target\":{\"@type\":\"EntryPoint\",\"urlTemplate\":\"https:\\\/\\\/www.tapasmagazine.es\\\/?s={search_term_string}\"},\"query-input\":{\"@type\":\"PropertyValueSpecification\",\"valueRequired\":true,\"valueName\":\"search_term_string\"}}],\"inLanguage\":\"en-US\"},{\"@type\":\"Organization\",\"@id\":\"https:\\\/\\\/www.tapasmagazine.es\\\/#organization\",\"name\":\"Tapas Magazine\",\"url\":\"https:\\\/\\\/www.tapasmagazine.es\\\/\",\"logo\":{\"@type\":\"ImageObject\",\"inLanguage\":\"en-US\",\"@id\":\"https:\\\/\\\/www.tapasmagazine.es\\\/#\\\/schema\\\/logo\\\/image\\\/\",\"url\":\"https:\\\/\\\/www.tapasmagazine.es\\\/wp-content\\\/uploads\\\/2018\\\/01\\\/logo.png\",\"contentUrl\":\"https:\\\/\\\/www.tapasmagazine.es\\\/wp-content\\\/uploads\\\/2018\\\/01\\\/logo.png\",\"width\":180,\"height\":60,\"caption\":\"Tapas Magazine\"},\"image\":{\"@id\":\"https:\\\/\\\/www.tapasmagazine.es\\\/#\\\/schema\\\/logo\\\/image\\\/\"},\"sameAs\":[\"https:\\\/\\\/www.facebook.com\\\/tapasmagazine\",\"https:\\\/\\\/x.com\\\/TapasMagazine\",\"https:\\\/\\\/www.instagram.com\\\/tapasmagazine\\\/\",\"https:\\\/\\\/www.linkedin.com\\\/company\\\/tapas-magazine\",\"https:\\\/\\\/es.pinterest.com\\\/tapasmagazine\\\/\",\"https:\\\/\\\/www.youtube.com\\\/channel\\\/UCEyxneAaACuR0lfDagrWjjg?sub_confirmation=1\"]},{\"@type\":\"Person\",\"@id\":\"https:\\\/\\\/www.tapasmagazine.es\\\/#\\\/schema\\\/person\\\/eb46cbe76a9c8f062660eb609e3ecb4e\",\"name\":\"Laura P\u00e9rez\",\"url\":\"https:\\\/\\\/www.tapasmagazine.es\\\/en\\\/author\\\/laura-perez\\\/\"}]}<\/script>\n<!-- \/ Yoast SEO plugin. -->","yoast_head_json":{"title":"Inside Eva Longoria's gastro route with Dabiz Mu\u00f1oz, Ferran Adri\u00e0 and Rafa Zafra - Tapas","description":"Click here to read the Spanish version. The series \u2018Eva Longoria: Searching for Spain\u2019 will premiere on CNN on 27 April, and has already given us some","robots":{"index":"index","follow":"follow","max-snippet":"max-snippet:-1","max-image-preview":"max-image-preview:large","max-video-preview":"max-video-preview:-1"},"canonical":"https:\/\/www.tapasmagazine.es\/en\/inside-eva-longorias-gastro-route-with-dabiz-munoz-ferran-adria-and-rafa-zafra\/","og_locale":"en_US","og_type":"article","og_title":"Inside Eva Longoria's gastro route with Dabiz Mu\u00f1oz, Ferran Adri\u00e0 and Rafa Zafra - Tapas","og_description":"Click here to read the Spanish version. The series \u2018Eva Longoria: Searching for Spain\u2019 will premiere on CNN on 27 April, and has already given us some","og_url":"https:\/\/www.tapasmagazine.es\/en\/inside-eva-longorias-gastro-route-with-dabiz-munoz-ferran-adria-and-rafa-zafra\/","og_site_name":"Tapas","article_publisher":"https:\/\/www.facebook.com\/tapasmagazine","article_published_time":"2025-02-28T10:58:30+00:00","article_modified_time":"2025-02-28T11:08:58+00:00","og_image":[{"width":1200,"height":675,"url":"https:\/\/www.tapasmagazine.es\/wp-content\/uploads\/2025\/02\/eva-longoria.jpg","type":"image\/jpeg"}],"author":"Laura P\u00e9rez","twitter_card":"summary_large_image","twitter_creator":"@TapasMagazine","twitter_site":"@TapasMagazine","twitter_misc":{"Written by":"Laura P\u00e9rez","Est. reading time":"3 minutes"},"schema":{"@context":"https:\/\/schema.org","@graph":[{"@type":"Article","@id":"https:\/\/www.tapasmagazine.es\/en\/inside-eva-longorias-gastro-route-with-dabiz-munoz-ferran-adria-and-rafa-zafra\/#article","isPartOf":{"@id":"https:\/\/www.tapasmagazine.es\/en\/inside-eva-longorias-gastro-route-with-dabiz-munoz-ferran-adria-and-rafa-zafra\/"},"author":{"name":"Laura P\u00e9rez","@id":"https:\/\/www.tapasmagazine.es\/#\/schema\/person\/eb46cbe76a9c8f062660eb609e3ecb4e"},"headline":"Inside Eva Longoria&#8217;s gastro route with Dabiz Mu\u00f1oz, Ferran Adri\u00e0 and Rafa Zafra","datePublished":"2025-02-28T10:58:30+00:00","dateModified":"2025-02-28T11:08:58+00:00","mainEntityOfPage":{"@id":"https:\/\/www.tapasmagazine.es\/en\/inside-eva-longorias-gastro-route-with-dabiz-munoz-ferran-adria-and-rafa-zafra\/"},"wordCount":417,"publisher":{"@id":"https:\/\/www.tapasmagazine.es\/#organization"},"image":{"@id":"https:\/\/www.tapasmagazine.es\/en\/inside-eva-longorias-gastro-route-with-dabiz-munoz-ferran-adria-and-rafa-zafra\/#primaryimage"},"thumbnailUrl":"https:\/\/www.tapasmagazine.es\/wp-content\/uploads\/2025\/02\/eva-longoria.jpg","keywords":["dabiz mu\u00f1oz","Eva Longoria","Ferran Adri\u00e0","Rafa Zafra"],"articleSection":["Personajes"],"inLanguage":"en-US"},{"@type":"WebPage","@id":"https:\/\/www.tapasmagazine.es\/en\/inside-eva-longorias-gastro-route-with-dabiz-munoz-ferran-adria-and-rafa-zafra\/","url":"https:\/\/www.tapasmagazine.es\/en\/inside-eva-longorias-gastro-route-with-dabiz-munoz-ferran-adria-and-rafa-zafra\/","name":"Inside Eva Longoria's gastro route with Dabiz Mu\u00f1oz, Ferran Adri\u00e0 and Rafa Zafra - Tapas","isPartOf":{"@id":"https:\/\/www.tapasmagazine.es\/#website"},"primaryImageOfPage":{"@id":"https:\/\/www.tapasmagazine.es\/en\/inside-eva-longorias-gastro-route-with-dabiz-munoz-ferran-adria-and-rafa-zafra\/#primaryimage"},"image":{"@id":"https:\/\/www.tapasmagazine.es\/en\/inside-eva-longorias-gastro-route-with-dabiz-munoz-ferran-adria-and-rafa-zafra\/#primaryimage"},"thumbnailUrl":"https:\/\/www.tapasmagazine.es\/wp-content\/uploads\/2025\/02\/eva-longoria.jpg","datePublished":"2025-02-28T10:58:30+00:00","dateModified":"2025-02-28T11:08:58+00:00","description":"Click here to read the Spanish version. The series \u2018Eva Longoria: Searching for Spain\u2019 will premiere on CNN on 27 April, and has already given us some","breadcrumb":{"@id":"https:\/\/www.tapasmagazine.es\/en\/inside-eva-longorias-gastro-route-with-dabiz-munoz-ferran-adria-and-rafa-zafra\/#breadcrumb"},"inLanguage":"en-US","potentialAction":[{"@type":"ReadAction","target":["https:\/\/www.tapasmagazine.es\/en\/inside-eva-longorias-gastro-route-with-dabiz-munoz-ferran-adria-and-rafa-zafra\/"]}]},{"@type":"ImageObject","inLanguage":"en-US","@id":"https:\/\/www.tapasmagazine.es\/en\/inside-eva-longorias-gastro-route-with-dabiz-munoz-ferran-adria-and-rafa-zafra\/#primaryimage","url":"https:\/\/www.tapasmagazine.es\/wp-content\/uploads\/2025\/02\/eva-longoria.jpg","contentUrl":"https:\/\/www.tapasmagazine.es\/wp-content\/uploads\/2025\/02\/eva-longoria.jpg","width":1200,"height":675},{"@type":"BreadcrumbList","@id":"https:\/\/www.tapasmagazine.es\/en\/inside-eva-longorias-gastro-route-with-dabiz-munoz-ferran-adria-and-rafa-zafra\/#breadcrumb","itemListElement":[{"@type":"ListItem","position":1,"name":"Portada","item":"https:\/\/www.tapasmagazine.es\/"},{"@type":"ListItem","position":2,"name":"Nombres propios","item":"https:\/\/www.tapasmagazine.es\/en\/categorias\/nombres-propios-en\/"},{"@type":"ListItem","position":3,"name":"Personajes","item":"https:\/\/www.tapasmagazine.es\/en\/categorias\/personajes-en\/"},{"@type":"ListItem","position":4,"name":"Inside Eva Longoria&#8217;s gastro route with Dabiz Mu\u00f1oz, Ferran Adri\u00e0 and Rafa Zafra"}]},{"@type":"WebSite","@id":"https:\/\/www.tapasmagazine.es\/#website","url":"https:\/\/www.tapasmagazine.es\/","name":"Tapas","description":"\u00d1am \u00d1am Lifestyle. La vida a bocados. Premio Nacional de Gastronom\u00eda 2016.","publisher":{"@id":"https:\/\/www.tapasmagazine.es\/#organization"},"potentialAction":[{"@type":"SearchAction","target":{"@type":"EntryPoint","urlTemplate":"https:\/\/www.tapasmagazine.es\/?s={search_term_string}"},"query-input":{"@type":"PropertyValueSpecification","valueRequired":true,"valueName":"search_term_string"}}],"inLanguage":"en-US"},{"@type":"Organization","@id":"https:\/\/www.tapasmagazine.es\/#organization","name":"Tapas Magazine","url":"https:\/\/www.tapasmagazine.es\/","logo":{"@type":"ImageObject","inLanguage":"en-US","@id":"https:\/\/www.tapasmagazine.es\/#\/schema\/logo\/image\/","url":"https:\/\/www.tapasmagazine.es\/wp-content\/uploads\/2018\/01\/logo.png","contentUrl":"https:\/\/www.tapasmagazine.es\/wp-content\/uploads\/2018\/01\/logo.png","width":180,"height":60,"caption":"Tapas Magazine"},"image":{"@id":"https:\/\/www.tapasmagazine.es\/#\/schema\/logo\/image\/"},"sameAs":["https:\/\/www.facebook.com\/tapasmagazine","https:\/\/x.com\/TapasMagazine","https:\/\/www.instagram.com\/tapasmagazine\/","https:\/\/www.linkedin.com\/company\/tapas-magazine","https:\/\/es.pinterest.com\/tapasmagazine\/","https:\/\/www.youtube.com\/channel\/UCEyxneAaACuR0lfDagrWjjg?sub_confirmation=1"]},{"@type":"Person","@id":"https:\/\/www.tapasmagazine.es\/#\/schema\/person\/eb46cbe76a9c8f062660eb609e3ecb4e","name":"Laura P\u00e9rez","url":"https:\/\/www.tapasmagazine.es\/en\/author\/laura-perez\/"}]}},"_links":{"self":[{"href":"https:\/\/www.tapasmagazine.es\/en\/wp-json\/wp\/v2\/posts\/282349","targetHints":{"allow":["GET"]}}],"collection":[{"href":"https:\/\/www.tapasmagazine.es\/en\/wp-json\/wp\/v2\/posts"}],"about":[{"href":"https:\/\/www.tapasmagazine.es\/en\/wp-json\/wp\/v2\/types\/post"}],"author":[{"embeddable":true,"href":"https:\/\/www.tapasmagazine.es\/en\/wp-json\/wp\/v2\/users\/285"}],"replies":[{"embeddable":true,"href":"https:\/\/www.tapasmagazine.es\/en\/wp-json\/wp\/v2\/comments?post=282349"}],"version-history":[{"count":2,"href":"https:\/\/www.tapasmagazine.es\/en\/wp-json\/wp\/v2\/posts\/282349\/revisions"}],"predecessor-version":[{"id":282358,"href":"https:\/\/www.tapasmagazine.es\/en\/wp-json\/wp\/v2\/posts\/282349\/revisions\/282358"}],"wp:featuredmedia":[{"embeddable":true,"href":"https:\/\/www.tapasmagazine.es\/en\/wp-json\/wp\/v2\/media\/282325"}],"wp:attachment":[{"href":"https:\/\/www.tapasmagazine.es\/en\/wp-json\/wp\/v2\/media?parent=282349"}],"wp:term":[{"taxonomy":"category","embeddable":true,"href":"https:\/\/www.tapasmagazine.es\/en\/wp-json\/wp\/v2\/categories?post=282349"},{"taxonomy":"post_tag","embeddable":true,"href":"https:\/\/www.tapasmagazine.es\/en\/wp-json\/wp\/v2\/tags?post=282349"}],"curies":[{"name":"wp","href":"https:\/\/api.w.org\/{rel}","templated":true}]}}