{"id":282037,"date":"2025-02-26T12:28:00","date_gmt":"2025-02-26T11:28:00","guid":{"rendered":"https:\/\/www.tapasmagazine.es\/estos-zumos-artisticos-celebran-la-diversidad-de-la-cultura-negra\/"},"modified":"2025-02-26T12:38:39","modified_gmt":"2025-02-26T11:38:39","slug":"these-artistic-juices-celebrate-the-diversity-of-black-culture","status":"publish","type":"post","link":"https:\/\/www.tapasmagazine.es\/en\/these-artistic-juices-celebrate-the-diversity-of-black-culture\/","title":{"rendered":"These artistic juices celebrate the diversity of black culture"},"content":{"rendered":"\n<p><strong>Click <a href=\"https:\/\/www.tapasmagazine.es\/en\/these-artistic-juices-celebrate-the-diversity-of-black-culture\/\" target=\"_blank\" rel=\"noreferrer noopener\">here<\/a> to read the Spanish version<\/strong>.<\/p>\n\n\n\n<p>The famous natural juice brand<strong> Pressed Juicery <\/strong>wanted to highlight the creativity and talent of the black community with an exclusive collection illustrated by three black artists. The brand selected artists whose work reflects the spirit of its initiative, bringing different perspectives on heritage, resilience and empowerment.<\/p>\n\n\n\n<p>The art series includes \u2018Greens 3\u2019 by abstract artist Sydne\u00e9 Bethel, \u2018Citrus 2\u2019 by figurative painter Cortney Herron, and \u2018Roots 3\u2019 juice by multidisciplinary artist Julian Jamaal Jones.<\/p>\n\n\n\n<figure class=\"wp-block-image size-large\"><img decoding=\"async\" width=\"819\" height=\"1024\" src=\"https:\/\/www.tapasmagazine.es\/wp-content\/uploads\/2025\/02\/1-1-819x1024.jpg\" alt=\"\" class=\"wp-image-282027\" srcset=\"https:\/\/www.tapasmagazine.es\/wp-content\/uploads\/2025\/02\/1-1-819x1024.jpg 819w, https:\/\/www.tapasmagazine.es\/wp-content\/uploads\/2025\/02\/1-1-240x300.jpg 240w, https:\/\/www.tapasmagazine.es\/wp-content\/uploads\/2025\/02\/1-1-768x960.jpg 768w, https:\/\/www.tapasmagazine.es\/wp-content\/uploads\/2025\/02\/1-1-1000x1250.jpg 1000w, https:\/\/www.tapasmagazine.es\/wp-content\/uploads\/2025\/02\/1-1-400x500.jpg 400w, https:\/\/www.tapasmagazine.es\/wp-content\/uploads\/2025\/02\/1-1.jpg 1080w\" sizes=\"(max-width: 819px) 100vw, 819px\" \/><\/figure>\n\n\n\n<h2 class=\"wp-block-heading\">Symbology of designs<\/h2>\n\n\n\n<p><strong>Sydne\u00e9 Bethel<\/strong> wanted to explain the background of her design: \u2018It is a remembrance of the past and a prayer for the present. It is humanity vibrating on the frequency of God&#8217;s love. I believe that our differences are beautiful and necessary. It is our individual cultures that make the world so colourful and vibrant\u2019.<\/p>\n\n\n\n<p>Meanwhile, <strong>Cortney Herron <\/strong>describes her work, \u2018Bloom\u2019, as having \u2018a bold, earthy energy\u2019. \u2018Growing up in Los Angeles, I developed a deep connection to nature, which continues to shape the way I use colour, texture and form, creating work that feels both grounded and ethereal,\u2019 she adds.<\/p>\n\n\n\n<figure class=\"wp-block-gallery has-nested-images columns-default is-cropped wp-block-gallery-1 is-layout-flex wp-block-gallery-is-layout-flex\">\n<figure class=\"wp-block-image size-large\"><img decoding=\"async\" width=\"819\" height=\"1024\" data-id=\"282030\" src=\"https:\/\/www.tapasmagazine.es\/wp-content\/uploads\/2025\/02\/2-6-819x1024.jpg\" alt=\"\" class=\"wp-image-282030\" srcset=\"https:\/\/www.tapasmagazine.es\/wp-content\/uploads\/2025\/02\/2-6-819x1024.jpg 819w, https:\/\/www.tapasmagazine.es\/wp-content\/uploads\/2025\/02\/2-6-240x300.jpg 240w, https:\/\/www.tapasmagazine.es\/wp-content\/uploads\/2025\/02\/2-6-768x960.jpg 768w, https:\/\/www.tapasmagazine.es\/wp-content\/uploads\/2025\/02\/2-6-1000x1250.jpg 1000w, https:\/\/www.tapasmagazine.es\/wp-content\/uploads\/2025\/02\/2-6-400x500.jpg 400w, https:\/\/www.tapasmagazine.es\/wp-content\/uploads\/2025\/02\/2-6.jpg 1080w\" sizes=\"(max-width: 819px) 100vw, 819px\" \/><\/figure>\n\n\n\n<figure class=\"wp-block-image size-large\"><img decoding=\"async\" width=\"819\" height=\"1024\" data-id=\"282029\" src=\"https:\/\/www.tapasmagazine.es\/wp-content\/uploads\/2025\/02\/3-1-819x1024.jpg\" alt=\"\" class=\"wp-image-282029\" srcset=\"https:\/\/www.tapasmagazine.es\/wp-content\/uploads\/2025\/02\/3-1-819x1024.jpg 819w, https:\/\/www.tapasmagazine.es\/wp-content\/uploads\/2025\/02\/3-1-240x300.jpg 240w, https:\/\/www.tapasmagazine.es\/wp-content\/uploads\/2025\/02\/3-1-768x960.jpg 768w, https:\/\/www.tapasmagazine.es\/wp-content\/uploads\/2025\/02\/3-1-1000x1250.jpg 1000w, https:\/\/www.tapasmagazine.es\/wp-content\/uploads\/2025\/02\/3-1-400x500.jpg 400w, https:\/\/www.tapasmagazine.es\/wp-content\/uploads\/2025\/02\/3-1.jpg 1080w\" sizes=\"(max-width: 819px) 100vw, 819px\" \/><\/figure>\n<\/figure>\n\n\n\n<p>\u2018My \u2018Soul In Spectrum\u2019 design is inspired by the rich and complex history of black culture, especially the way colour, music and storytelling intertwine to create a vibrant tapestry of identity,\u2019 says Julian Jones. \u2018I wanted to capture the essence of joy, resilience and heritage through bold hues and abstract forms, reflecting how black artists have historically used colour as a form of expression and empowerment.\u2019<\/p>\n\n\n\n<p>Beyond the artwork, Pressed will donate part of the proceeds to<strong> Our Own<\/strong>, a non-profit organisation dedicated to expanding access to health, wellness and education in black communities.<\/p>\n\n\n\n<p>Pressed Juicery&#8217;s Black History Month collection is available online and in all Pressed Juicery shops until <strong>28 February<\/strong>.<\/p>\n","protected":false},"excerpt":{"rendered":"<p>Click here to read the Spanish version. The famous natural juice brand Pressed Juicery wanted to highlight the creativity and talent of the black community with an exclusive collection illustrated by three black artists. The brand selected artists whose work reflects the spirit of its initiative, bringing different perspectives on heritage, resilience and empowerment. The [&hellip;]<\/p>\n","protected":false},"author":285,"featured_media":282026,"comment_status":"closed","ping_status":"closed","sticky":false,"template":"","format":"standard","meta":{"_acf_changed":false,"footnotes":""},"categories":[15847,1],"tags":[],"class_list":["post-282037","post","type-post","status-publish","format-standard","has-post-thumbnail","hentry","category-bebidas-en","category-sin-categorizar","cat-15847-id","cat-1-id"],"acf":[],"yoast_head":"<!-- This site is optimized with the Yoast SEO plugin v27.5 - https:\/\/yoast.com\/product\/yoast-seo-wordpress\/ -->\n<title>These artistic juices celebrate the diversity of black culture - Tapas<\/title>\n<meta name=\"description\" content=\"Click here to read the Spanish version. The famous natural juice brand Pressed Juicery wanted to highlight the creativity and talent of the black\" \/>\n<meta name=\"robots\" content=\"index, follow, max-snippet:-1, max-image-preview:large, max-video-preview:-1\" \/>\n<link rel=\"canonical\" href=\"https:\/\/www.tapasmagazine.es\/en\/these-artistic-juices-celebrate-the-diversity-of-black-culture\/\" \/>\n<meta property=\"og:locale\" content=\"en_US\" \/>\n<meta property=\"og:type\" content=\"article\" \/>\n<meta property=\"og:title\" content=\"These artistic juices celebrate the diversity of black culture - Tapas\" \/>\n<meta property=\"og:description\" content=\"Click here to read the Spanish version. The famous natural juice brand Pressed Juicery wanted to highlight the creativity and talent of the black\" \/>\n<meta property=\"og:url\" content=\"https:\/\/www.tapasmagazine.es\/en\/these-artistic-juices-celebrate-the-diversity-of-black-culture\/\" \/>\n<meta property=\"og:site_name\" content=\"Tapas\" \/>\n<meta property=\"article:publisher\" content=\"https:\/\/www.facebook.com\/tapasmagazine\" \/>\n<meta property=\"article:published_time\" content=\"2025-02-26T11:28:00+00:00\" \/>\n<meta property=\"article:modified_time\" content=\"2025-02-26T11:38:39+00:00\" \/>\n<meta property=\"og:image\" content=\"https:\/\/www.tapasmagazine.es\/wp-content\/uploads\/2025\/02\/pressed.jpg\" \/>\n\t<meta property=\"og:image:width\" content=\"1200\" \/>\n\t<meta property=\"og:image:height\" content=\"675\" \/>\n\t<meta property=\"og:image:type\" content=\"image\/jpeg\" \/>\n<meta name=\"author\" content=\"Laura P\u00e9rez\" \/>\n<meta name=\"twitter:card\" content=\"summary_large_image\" \/>\n<meta name=\"twitter:creator\" content=\"@TapasMagazine\" \/>\n<meta name=\"twitter:site\" content=\"@TapasMagazine\" \/>\n<meta name=\"twitter:label1\" content=\"Written by\" \/>\n\t<meta name=\"twitter:data1\" content=\"Laura P\u00e9rez\" \/>\n\t<meta name=\"twitter:label2\" content=\"Est. reading time\" \/>\n\t<meta name=\"twitter:data2\" content=\"3 minutes\" \/>\n<script type=\"application\/ld+json\" class=\"yoast-schema-graph\">{\"@context\":\"https:\\\/\\\/schema.org\",\"@graph\":[{\"@type\":\"Article\",\"@id\":\"https:\\\/\\\/www.tapasmagazine.es\\\/en\\\/these-artistic-juices-celebrate-the-diversity-of-black-culture\\\/#article\",\"isPartOf\":{\"@id\":\"https:\\\/\\\/www.tapasmagazine.es\\\/en\\\/these-artistic-juices-celebrate-the-diversity-of-black-culture\\\/\"},\"author\":{\"name\":\"Laura P\u00e9rez\",\"@id\":\"https:\\\/\\\/www.tapasmagazine.es\\\/#\\\/schema\\\/person\\\/eb46cbe76a9c8f062660eb609e3ecb4e\"},\"headline\":\"These artistic juices celebrate the diversity of black culture\",\"datePublished\":\"2025-02-26T11:28:00+00:00\",\"dateModified\":\"2025-02-26T11:38:39+00:00\",\"mainEntityOfPage\":{\"@id\":\"https:\\\/\\\/www.tapasmagazine.es\\\/en\\\/these-artistic-juices-celebrate-the-diversity-of-black-culture\\\/\"},\"wordCount\":306,\"publisher\":{\"@id\":\"https:\\\/\\\/www.tapasmagazine.es\\\/#organization\"},\"image\":{\"@id\":\"https:\\\/\\\/www.tapasmagazine.es\\\/en\\\/these-artistic-juices-celebrate-the-diversity-of-black-culture\\\/#primaryimage\"},\"thumbnailUrl\":\"https:\\\/\\\/www.tapasmagazine.es\\\/wp-content\\\/uploads\\\/2025\\\/02\\\/pressed.jpg\",\"articleSection\":[\"Bebidas\",\"Sin categorizar\"],\"inLanguage\":\"en-US\"},{\"@type\":\"WebPage\",\"@id\":\"https:\\\/\\\/www.tapasmagazine.es\\\/en\\\/these-artistic-juices-celebrate-the-diversity-of-black-culture\\\/\",\"url\":\"https:\\\/\\\/www.tapasmagazine.es\\\/en\\\/these-artistic-juices-celebrate-the-diversity-of-black-culture\\\/\",\"name\":\"These artistic juices celebrate the diversity of black culture - Tapas\",\"isPartOf\":{\"@id\":\"https:\\\/\\\/www.tapasmagazine.es\\\/#website\"},\"primaryImageOfPage\":{\"@id\":\"https:\\\/\\\/www.tapasmagazine.es\\\/en\\\/these-artistic-juices-celebrate-the-diversity-of-black-culture\\\/#primaryimage\"},\"image\":{\"@id\":\"https:\\\/\\\/www.tapasmagazine.es\\\/en\\\/these-artistic-juices-celebrate-the-diversity-of-black-culture\\\/#primaryimage\"},\"thumbnailUrl\":\"https:\\\/\\\/www.tapasmagazine.es\\\/wp-content\\\/uploads\\\/2025\\\/02\\\/pressed.jpg\",\"datePublished\":\"2025-02-26T11:28:00+00:00\",\"dateModified\":\"2025-02-26T11:38:39+00:00\",\"description\":\"Click here to read the Spanish version. The famous natural juice brand Pressed Juicery wanted to highlight the creativity and talent of the black\",\"breadcrumb\":{\"@id\":\"https:\\\/\\\/www.tapasmagazine.es\\\/en\\\/these-artistic-juices-celebrate-the-diversity-of-black-culture\\\/#breadcrumb\"},\"inLanguage\":\"en-US\",\"potentialAction\":[{\"@type\":\"ReadAction\",\"target\":[\"https:\\\/\\\/www.tapasmagazine.es\\\/en\\\/these-artistic-juices-celebrate-the-diversity-of-black-culture\\\/\"]}]},{\"@type\":\"ImageObject\",\"inLanguage\":\"en-US\",\"@id\":\"https:\\\/\\\/www.tapasmagazine.es\\\/en\\\/these-artistic-juices-celebrate-the-diversity-of-black-culture\\\/#primaryimage\",\"url\":\"https:\\\/\\\/www.tapasmagazine.es\\\/wp-content\\\/uploads\\\/2025\\\/02\\\/pressed.jpg\",\"contentUrl\":\"https:\\\/\\\/www.tapasmagazine.es\\\/wp-content\\\/uploads\\\/2025\\\/02\\\/pressed.jpg\",\"width\":1200,\"height\":675},{\"@type\":\"BreadcrumbList\",\"@id\":\"https:\\\/\\\/www.tapasmagazine.es\\\/en\\\/these-artistic-juices-celebrate-the-diversity-of-black-culture\\\/#breadcrumb\",\"itemListElement\":[{\"@type\":\"ListItem\",\"position\":1,\"name\":\"Portada\",\"item\":\"https:\\\/\\\/www.tapasmagazine.es\\\/\"},{\"@type\":\"ListItem\",\"position\":2,\"name\":\"Sin categorizar\",\"item\":\"https:\\\/\\\/www.tapasmagazine.es\\\/categorias\\\/sin-categorizar\\\/\"},{\"@type\":\"ListItem\",\"position\":3,\"name\":\"These artistic juices celebrate the diversity of black culture\"}]},{\"@type\":\"WebSite\",\"@id\":\"https:\\\/\\\/www.tapasmagazine.es\\\/#website\",\"url\":\"https:\\\/\\\/www.tapasmagazine.es\\\/\",\"name\":\"Tapas\",\"description\":\"\u00d1am \u00d1am Lifestyle. La vida a bocados. Premio Nacional de Gastronom\u00eda 2016.\",\"publisher\":{\"@id\":\"https:\\\/\\\/www.tapasmagazine.es\\\/#organization\"},\"potentialAction\":[{\"@type\":\"SearchAction\",\"target\":{\"@type\":\"EntryPoint\",\"urlTemplate\":\"https:\\\/\\\/www.tapasmagazine.es\\\/?s={search_term_string}\"},\"query-input\":{\"@type\":\"PropertyValueSpecification\",\"valueRequired\":true,\"valueName\":\"search_term_string\"}}],\"inLanguage\":\"en-US\"},{\"@type\":\"Organization\",\"@id\":\"https:\\\/\\\/www.tapasmagazine.es\\\/#organization\",\"name\":\"Tapas Magazine\",\"url\":\"https:\\\/\\\/www.tapasmagazine.es\\\/\",\"logo\":{\"@type\":\"ImageObject\",\"inLanguage\":\"en-US\",\"@id\":\"https:\\\/\\\/www.tapasmagazine.es\\\/#\\\/schema\\\/logo\\\/image\\\/\",\"url\":\"https:\\\/\\\/www.tapasmagazine.es\\\/wp-content\\\/uploads\\\/2018\\\/01\\\/logo.png\",\"contentUrl\":\"https:\\\/\\\/www.tapasmagazine.es\\\/wp-content\\\/uploads\\\/2018\\\/01\\\/logo.png\",\"width\":180,\"height\":60,\"caption\":\"Tapas Magazine\"},\"image\":{\"@id\":\"https:\\\/\\\/www.tapasmagazine.es\\\/#\\\/schema\\\/logo\\\/image\\\/\"},\"sameAs\":[\"https:\\\/\\\/www.facebook.com\\\/tapasmagazine\",\"https:\\\/\\\/x.com\\\/TapasMagazine\",\"https:\\\/\\\/www.instagram.com\\\/tapasmagazine\\\/\",\"https:\\\/\\\/www.linkedin.com\\\/company\\\/tapas-magazine\",\"https:\\\/\\\/es.pinterest.com\\\/tapasmagazine\\\/\",\"https:\\\/\\\/www.youtube.com\\\/channel\\\/UCEyxneAaACuR0lfDagrWjjg?sub_confirmation=1\"]},{\"@type\":\"Person\",\"@id\":\"https:\\\/\\\/www.tapasmagazine.es\\\/#\\\/schema\\\/person\\\/eb46cbe76a9c8f062660eb609e3ecb4e\",\"name\":\"Laura P\u00e9rez\",\"url\":\"https:\\\/\\\/www.tapasmagazine.es\\\/en\\\/author\\\/laura-perez\\\/\"}]}<\/script>\n<!-- \/ Yoast SEO plugin. -->","yoast_head_json":{"title":"These artistic juices celebrate the diversity of black culture - Tapas","description":"Click here to read the Spanish version. The famous natural juice brand Pressed Juicery wanted to highlight the creativity and talent of the black","robots":{"index":"index","follow":"follow","max-snippet":"max-snippet:-1","max-image-preview":"max-image-preview:large","max-video-preview":"max-video-preview:-1"},"canonical":"https:\/\/www.tapasmagazine.es\/en\/these-artistic-juices-celebrate-the-diversity-of-black-culture\/","og_locale":"en_US","og_type":"article","og_title":"These artistic juices celebrate the diversity of black culture - Tapas","og_description":"Click here to read the Spanish version. The famous natural juice brand Pressed Juicery wanted to highlight the creativity and talent of the black","og_url":"https:\/\/www.tapasmagazine.es\/en\/these-artistic-juices-celebrate-the-diversity-of-black-culture\/","og_site_name":"Tapas","article_publisher":"https:\/\/www.facebook.com\/tapasmagazine","article_published_time":"2025-02-26T11:28:00+00:00","article_modified_time":"2025-02-26T11:38:39+00:00","og_image":[{"width":1200,"height":675,"url":"https:\/\/www.tapasmagazine.es\/wp-content\/uploads\/2025\/02\/pressed.jpg","type":"image\/jpeg"}],"author":"Laura P\u00e9rez","twitter_card":"summary_large_image","twitter_creator":"@TapasMagazine","twitter_site":"@TapasMagazine","twitter_misc":{"Written by":"Laura P\u00e9rez","Est. reading time":"3 minutes"},"schema":{"@context":"https:\/\/schema.org","@graph":[{"@type":"Article","@id":"https:\/\/www.tapasmagazine.es\/en\/these-artistic-juices-celebrate-the-diversity-of-black-culture\/#article","isPartOf":{"@id":"https:\/\/www.tapasmagazine.es\/en\/these-artistic-juices-celebrate-the-diversity-of-black-culture\/"},"author":{"name":"Laura P\u00e9rez","@id":"https:\/\/www.tapasmagazine.es\/#\/schema\/person\/eb46cbe76a9c8f062660eb609e3ecb4e"},"headline":"These artistic juices celebrate the diversity of black culture","datePublished":"2025-02-26T11:28:00+00:00","dateModified":"2025-02-26T11:38:39+00:00","mainEntityOfPage":{"@id":"https:\/\/www.tapasmagazine.es\/en\/these-artistic-juices-celebrate-the-diversity-of-black-culture\/"},"wordCount":306,"publisher":{"@id":"https:\/\/www.tapasmagazine.es\/#organization"},"image":{"@id":"https:\/\/www.tapasmagazine.es\/en\/these-artistic-juices-celebrate-the-diversity-of-black-culture\/#primaryimage"},"thumbnailUrl":"https:\/\/www.tapasmagazine.es\/wp-content\/uploads\/2025\/02\/pressed.jpg","articleSection":["Bebidas","Sin categorizar"],"inLanguage":"en-US"},{"@type":"WebPage","@id":"https:\/\/www.tapasmagazine.es\/en\/these-artistic-juices-celebrate-the-diversity-of-black-culture\/","url":"https:\/\/www.tapasmagazine.es\/en\/these-artistic-juices-celebrate-the-diversity-of-black-culture\/","name":"These artistic juices celebrate the diversity of black culture - Tapas","isPartOf":{"@id":"https:\/\/www.tapasmagazine.es\/#website"},"primaryImageOfPage":{"@id":"https:\/\/www.tapasmagazine.es\/en\/these-artistic-juices-celebrate-the-diversity-of-black-culture\/#primaryimage"},"image":{"@id":"https:\/\/www.tapasmagazine.es\/en\/these-artistic-juices-celebrate-the-diversity-of-black-culture\/#primaryimage"},"thumbnailUrl":"https:\/\/www.tapasmagazine.es\/wp-content\/uploads\/2025\/02\/pressed.jpg","datePublished":"2025-02-26T11:28:00+00:00","dateModified":"2025-02-26T11:38:39+00:00","description":"Click here to read the Spanish version. The famous natural juice brand Pressed Juicery wanted to highlight the creativity and talent of the black","breadcrumb":{"@id":"https:\/\/www.tapasmagazine.es\/en\/these-artistic-juices-celebrate-the-diversity-of-black-culture\/#breadcrumb"},"inLanguage":"en-US","potentialAction":[{"@type":"ReadAction","target":["https:\/\/www.tapasmagazine.es\/en\/these-artistic-juices-celebrate-the-diversity-of-black-culture\/"]}]},{"@type":"ImageObject","inLanguage":"en-US","@id":"https:\/\/www.tapasmagazine.es\/en\/these-artistic-juices-celebrate-the-diversity-of-black-culture\/#primaryimage","url":"https:\/\/www.tapasmagazine.es\/wp-content\/uploads\/2025\/02\/pressed.jpg","contentUrl":"https:\/\/www.tapasmagazine.es\/wp-content\/uploads\/2025\/02\/pressed.jpg","width":1200,"height":675},{"@type":"BreadcrumbList","@id":"https:\/\/www.tapasmagazine.es\/en\/these-artistic-juices-celebrate-the-diversity-of-black-culture\/#breadcrumb","itemListElement":[{"@type":"ListItem","position":1,"name":"Portada","item":"https:\/\/www.tapasmagazine.es\/"},{"@type":"ListItem","position":2,"name":"Sin categorizar","item":"https:\/\/www.tapasmagazine.es\/categorias\/sin-categorizar\/"},{"@type":"ListItem","position":3,"name":"These artistic juices celebrate the diversity of black culture"}]},{"@type":"WebSite","@id":"https:\/\/www.tapasmagazine.es\/#website","url":"https:\/\/www.tapasmagazine.es\/","name":"Tapas","description":"\u00d1am \u00d1am Lifestyle. La vida a bocados. Premio Nacional de Gastronom\u00eda 2016.","publisher":{"@id":"https:\/\/www.tapasmagazine.es\/#organization"},"potentialAction":[{"@type":"SearchAction","target":{"@type":"EntryPoint","urlTemplate":"https:\/\/www.tapasmagazine.es\/?s={search_term_string}"},"query-input":{"@type":"PropertyValueSpecification","valueRequired":true,"valueName":"search_term_string"}}],"inLanguage":"en-US"},{"@type":"Organization","@id":"https:\/\/www.tapasmagazine.es\/#organization","name":"Tapas Magazine","url":"https:\/\/www.tapasmagazine.es\/","logo":{"@type":"ImageObject","inLanguage":"en-US","@id":"https:\/\/www.tapasmagazine.es\/#\/schema\/logo\/image\/","url":"https:\/\/www.tapasmagazine.es\/wp-content\/uploads\/2018\/01\/logo.png","contentUrl":"https:\/\/www.tapasmagazine.es\/wp-content\/uploads\/2018\/01\/logo.png","width":180,"height":60,"caption":"Tapas Magazine"},"image":{"@id":"https:\/\/www.tapasmagazine.es\/#\/schema\/logo\/image\/"},"sameAs":["https:\/\/www.facebook.com\/tapasmagazine","https:\/\/x.com\/TapasMagazine","https:\/\/www.instagram.com\/tapasmagazine\/","https:\/\/www.linkedin.com\/company\/tapas-magazine","https:\/\/es.pinterest.com\/tapasmagazine\/","https:\/\/www.youtube.com\/channel\/UCEyxneAaACuR0lfDagrWjjg?sub_confirmation=1"]},{"@type":"Person","@id":"https:\/\/www.tapasmagazine.es\/#\/schema\/person\/eb46cbe76a9c8f062660eb609e3ecb4e","name":"Laura P\u00e9rez","url":"https:\/\/www.tapasmagazine.es\/en\/author\/laura-perez\/"}]}},"_links":{"self":[{"href":"https:\/\/www.tapasmagazine.es\/en\/wp-json\/wp\/v2\/posts\/282037","targetHints":{"allow":["GET"]}}],"collection":[{"href":"https:\/\/www.tapasmagazine.es\/en\/wp-json\/wp\/v2\/posts"}],"about":[{"href":"https:\/\/www.tapasmagazine.es\/en\/wp-json\/wp\/v2\/types\/post"}],"author":[{"embeddable":true,"href":"https:\/\/www.tapasmagazine.es\/en\/wp-json\/wp\/v2\/users\/285"}],"replies":[{"embeddable":true,"href":"https:\/\/www.tapasmagazine.es\/en\/wp-json\/wp\/v2\/comments?post=282037"}],"version-history":[{"count":2,"href":"https:\/\/www.tapasmagazine.es\/en\/wp-json\/wp\/v2\/posts\/282037\/revisions"}],"predecessor-version":[{"id":282044,"href":"https:\/\/www.tapasmagazine.es\/en\/wp-json\/wp\/v2\/posts\/282037\/revisions\/282044"}],"wp:featuredmedia":[{"embeddable":true,"href":"https:\/\/www.tapasmagazine.es\/en\/wp-json\/wp\/v2\/media\/282026"}],"wp:attachment":[{"href":"https:\/\/www.tapasmagazine.es\/en\/wp-json\/wp\/v2\/media?parent=282037"}],"wp:term":[{"taxonomy":"category","embeddable":true,"href":"https:\/\/www.tapasmagazine.es\/en\/wp-json\/wp\/v2\/categories?post=282037"},{"taxonomy":"post_tag","embeddable":true,"href":"https:\/\/www.tapasmagazine.es\/en\/wp-json\/wp\/v2\/tags?post=282037"}],"curies":[{"name":"wp","href":"https:\/\/api.w.org\/{rel}","templated":true}]}}