{"id":281834,"date":"2025-02-25T13:31:07","date_gmt":"2025-02-25T12:31:07","guid":{"rendered":"https:\/\/www.tapasmagazine.es\/we-are-ona-disena-una-experiencia-culinaria-de-diseno-para-matter-and-shape\/"},"modified":"2025-02-25T13:36:49","modified_gmt":"2025-02-25T12:36:49","slug":"we-are-ona-desings-culinary-experience-for-matter-and-shape","status":"publish","type":"post","link":"https:\/\/www.tapasmagazine.es\/en\/we-are-ona-desings-culinary-experience-for-matter-and-shape\/","title":{"rendered":"WE ARE ONA designs a culinary experience for MATTER and SHAPE"},"content":{"rendered":"\n<p><strong>Click <a href=\"https:\/\/www.tapasmagazine.es\/en\/we-are-ona-desings-culinary-experience-for-matter-and-shape\/\" target=\"_blank\" rel=\"noreferrer noopener\">here<\/a> to read the Spanish version<\/strong>.<\/p>\n\n\n\n<p>The renowned Parisian salon will feature <strong>WE ARE ONA<\/strong> during the second edition of its design fair, once again pushing the boundaries between culinary art and performance. The space, conceived by celebrated designer <strong>Willo Perron<\/strong>, will serve as the backdrop for an unforgettable dining experience offered by the <strong>360\u00ba culinary creative studio<\/strong> that designs ephemeral experiences, erects installations and creates emotional connections between brands and their audiences.<\/p>\n\n\n\n<p><strong>Luca Pronzato<\/strong>, a Parisian of Italian origin, is the ideologist behind this nomadic movement that opened its doors to the world in 2019. A concept that could belong more to the future than to the present, inhabited by a whole wave of chefs, producers and sommeliers united by creativity and fantasy around gastronomy.<\/p>\n\n\n<div class=\"wp-block-image\">\n<figure class=\"aligncenter size-large is-resized\"><img decoding=\"async\" width=\"819\" height=\"1024\" src=\"https:\/\/www.tapasmagazine.es\/wp-content\/uploads\/2025\/02\/481126754_18136644151376169_4821113365815874465_n-819x1024.jpg\" alt=\"\" class=\"wp-image-281828\" style=\"width:840px;height:auto\" srcset=\"https:\/\/www.tapasmagazine.es\/wp-content\/uploads\/2025\/02\/481126754_18136644151376169_4821113365815874465_n-819x1024.jpg 819w, https:\/\/www.tapasmagazine.es\/wp-content\/uploads\/2025\/02\/481126754_18136644151376169_4821113365815874465_n-240x300.jpg 240w, https:\/\/www.tapasmagazine.es\/wp-content\/uploads\/2025\/02\/481126754_18136644151376169_4821113365815874465_n-768x960.jpg 768w, https:\/\/www.tapasmagazine.es\/wp-content\/uploads\/2025\/02\/481126754_18136644151376169_4821113365815874465_n-1000x1250.jpg 1000w, https:\/\/www.tapasmagazine.es\/wp-content\/uploads\/2025\/02\/481126754_18136644151376169_4821113365815874465_n-400x500.jpg 400w, https:\/\/www.tapasmagazine.es\/wp-content\/uploads\/2025\/02\/481126754_18136644151376169_4821113365815874465_n.jpg 1080w\" sizes=\"(max-width: 819px) 100vw, 819px\" \/><\/figure>\n<\/div>\n\n\n<p>Now, a new <strong>installation<\/strong> is taking place under the culinary direction of Luca Pronzato, with the participation of chef Imogen Kwok, who has been commissioned to create two innovative tasting menus. Imogen&#8217;s work is known for integrating food and design, blurring the lines between sculpture and food through trompe l&#8217;oeil, textural sensibility and geometric forms.<\/p>\n\n\n\n<p>Diners wishing to indulge in this arty experience can opt for a 6-course lunch or an 8-course dinner, both of which will take about two hours over the idyllic passageway of the Jardin des Tuileries.<\/p>\n\n\n\n<p>Bookings for the <strong>WE ARE ONA x MATTER and SHAPE<\/strong> experiences -which will take place from 7 to 10 March- are now open via <strong><a href=\"https:\/\/www.exploretock.com\/weareona-matterandshape-2025?utm_source=All+Ona+Database&amp;utm_campaign=6ad75e7b3c-EMAIL_CAMPAIGN_2022_01_26_04_41_COPY_01&amp;utm_medium=email&amp;utm_term=0_021d05fe22-6ad75e7b3c-&amp;fbclid=PAZXh0bgNhZW0CMTEAAaaO0ypMEQDIhydIJU3KNSCRdau0FAQOIB-RcpKRBumIEurHPwlK_EBek8s_aem_9svX4SnT47jD94KPZ-3ERQ\" target=\"_blank\" rel=\"noreferrer noopener\">this link<\/a><\/strong>.<\/p>\n","protected":false},"excerpt":{"rendered":"<p>Click here to read the Spanish version. The renowned Parisian salon will feature WE ARE ONA during the second edition of its design fair, once again pushing the boundaries between culinary art and performance. The space, conceived by celebrated designer Willo Perron, will serve as the backdrop for an unforgettable dining experience offered by the [&hellip;]<\/p>\n","protected":false},"author":285,"featured_media":281827,"comment_status":"closed","ping_status":"closed","sticky":false,"template":"","format":"standard","meta":{"_acf_changed":false,"footnotes":""},"categories":[18831,1],"tags":[],"class_list":["post-281834","post","type-post","status-publish","format-standard","has-post-thumbnail","hentry","category-lifestyle-en","category-sin-categorizar","cat-18831-id","cat-1-id"],"acf":[],"yoast_head":"<!-- This site is optimized with the Yoast SEO plugin v27.4 - https:\/\/yoast.com\/product\/yoast-seo-wordpress\/ -->\n<title>WE ARE ONA designs a culinary experience for MATTER and SHAPE - Tapas<\/title>\n<meta name=\"description\" content=\"Click here to read the Spanish version. The renowned Parisian salon will feature WE ARE ONA during the second edition of its design fair, once again\" \/>\n<meta name=\"robots\" content=\"index, follow, max-snippet:-1, max-image-preview:large, max-video-preview:-1\" \/>\n<link rel=\"canonical\" href=\"https:\/\/www.tapasmagazine.es\/en\/we-are-ona-desings-culinary-experience-for-matter-and-shape\/\" \/>\n<meta property=\"og:locale\" content=\"en_US\" \/>\n<meta property=\"og:type\" content=\"article\" \/>\n<meta property=\"og:title\" content=\"WE ARE ONA designs a culinary experience for MATTER and SHAPE - Tapas\" \/>\n<meta property=\"og:description\" content=\"Click here to read the Spanish version. The renowned Parisian salon will feature WE ARE ONA during the second edition of its design fair, once again\" \/>\n<meta property=\"og:url\" content=\"https:\/\/www.tapasmagazine.es\/en\/we-are-ona-desings-culinary-experience-for-matter-and-shape\/\" \/>\n<meta property=\"og:site_name\" content=\"Tapas\" \/>\n<meta property=\"article:publisher\" content=\"https:\/\/www.facebook.com\/tapasmagazine\" \/>\n<meta property=\"article:published_time\" content=\"2025-02-25T12:31:07+00:00\" \/>\n<meta property=\"article:modified_time\" content=\"2025-02-25T12:36:49+00:00\" \/>\n<meta property=\"og:image\" content=\"https:\/\/www.tapasmagazine.es\/wp-content\/uploads\/2025\/02\/we-are-ona.jpg\" \/>\n\t<meta property=\"og:image:width\" content=\"1200\" \/>\n\t<meta property=\"og:image:height\" content=\"675\" \/>\n\t<meta property=\"og:image:type\" content=\"image\/jpeg\" \/>\n<meta name=\"author\" content=\"Laura P\u00e9rez\" \/>\n<meta name=\"twitter:card\" content=\"summary_large_image\" \/>\n<meta name=\"twitter:creator\" content=\"@TapasMagazine\" \/>\n<meta name=\"twitter:site\" content=\"@TapasMagazine\" \/>\n<meta name=\"twitter:label1\" content=\"Written by\" \/>\n\t<meta name=\"twitter:data1\" content=\"Laura P\u00e9rez\" \/>\n\t<meta name=\"twitter:label2\" content=\"Est. reading time\" \/>\n\t<meta name=\"twitter:data2\" content=\"2 minutes\" \/>\n<script type=\"application\/ld+json\" class=\"yoast-schema-graph\">{\"@context\":\"https:\\\/\\\/schema.org\",\"@graph\":[{\"@type\":\"Article\",\"@id\":\"https:\\\/\\\/www.tapasmagazine.es\\\/en\\\/we-are-ona-desings-culinary-experience-for-matter-and-shape\\\/#article\",\"isPartOf\":{\"@id\":\"https:\\\/\\\/www.tapasmagazine.es\\\/en\\\/we-are-ona-desings-culinary-experience-for-matter-and-shape\\\/\"},\"author\":{\"name\":\"Laura P\u00e9rez\",\"@id\":\"https:\\\/\\\/www.tapasmagazine.es\\\/#\\\/schema\\\/person\\\/eb46cbe76a9c8f062660eb609e3ecb4e\"},\"headline\":\"WE ARE ONA designs a culinary experience for MATTER and SHAPE\",\"datePublished\":\"2025-02-25T12:31:07+00:00\",\"dateModified\":\"2025-02-25T12:36:49+00:00\",\"mainEntityOfPage\":{\"@id\":\"https:\\\/\\\/www.tapasmagazine.es\\\/en\\\/we-are-ona-desings-culinary-experience-for-matter-and-shape\\\/\"},\"wordCount\":252,\"publisher\":{\"@id\":\"https:\\\/\\\/www.tapasmagazine.es\\\/#organization\"},\"image\":{\"@id\":\"https:\\\/\\\/www.tapasmagazine.es\\\/en\\\/we-are-ona-desings-culinary-experience-for-matter-and-shape\\\/#primaryimage\"},\"thumbnailUrl\":\"https:\\\/\\\/www.tapasmagazine.es\\\/wp-content\\\/uploads\\\/2025\\\/02\\\/we-are-ona.jpg\",\"articleSection\":[\"Lifestyle\",\"Sin categorizar\"],\"inLanguage\":\"en-US\"},{\"@type\":\"WebPage\",\"@id\":\"https:\\\/\\\/www.tapasmagazine.es\\\/en\\\/we-are-ona-desings-culinary-experience-for-matter-and-shape\\\/\",\"url\":\"https:\\\/\\\/www.tapasmagazine.es\\\/en\\\/we-are-ona-desings-culinary-experience-for-matter-and-shape\\\/\",\"name\":\"WE ARE ONA designs a culinary experience for MATTER and SHAPE - Tapas\",\"isPartOf\":{\"@id\":\"https:\\\/\\\/www.tapasmagazine.es\\\/#website\"},\"primaryImageOfPage\":{\"@id\":\"https:\\\/\\\/www.tapasmagazine.es\\\/en\\\/we-are-ona-desings-culinary-experience-for-matter-and-shape\\\/#primaryimage\"},\"image\":{\"@id\":\"https:\\\/\\\/www.tapasmagazine.es\\\/en\\\/we-are-ona-desings-culinary-experience-for-matter-and-shape\\\/#primaryimage\"},\"thumbnailUrl\":\"https:\\\/\\\/www.tapasmagazine.es\\\/wp-content\\\/uploads\\\/2025\\\/02\\\/we-are-ona.jpg\",\"datePublished\":\"2025-02-25T12:31:07+00:00\",\"dateModified\":\"2025-02-25T12:36:49+00:00\",\"description\":\"Click here to read the Spanish version. The renowned Parisian salon will feature WE ARE ONA during the second edition of its design fair, once again\",\"breadcrumb\":{\"@id\":\"https:\\\/\\\/www.tapasmagazine.es\\\/en\\\/we-are-ona-desings-culinary-experience-for-matter-and-shape\\\/#breadcrumb\"},\"inLanguage\":\"en-US\",\"potentialAction\":[{\"@type\":\"ReadAction\",\"target\":[\"https:\\\/\\\/www.tapasmagazine.es\\\/en\\\/we-are-ona-desings-culinary-experience-for-matter-and-shape\\\/\"]}]},{\"@type\":\"ImageObject\",\"inLanguage\":\"en-US\",\"@id\":\"https:\\\/\\\/www.tapasmagazine.es\\\/en\\\/we-are-ona-desings-culinary-experience-for-matter-and-shape\\\/#primaryimage\",\"url\":\"https:\\\/\\\/www.tapasmagazine.es\\\/wp-content\\\/uploads\\\/2025\\\/02\\\/we-are-ona.jpg\",\"contentUrl\":\"https:\\\/\\\/www.tapasmagazine.es\\\/wp-content\\\/uploads\\\/2025\\\/02\\\/we-are-ona.jpg\",\"width\":1200,\"height\":675},{\"@type\":\"BreadcrumbList\",\"@id\":\"https:\\\/\\\/www.tapasmagazine.es\\\/en\\\/we-are-ona-desings-culinary-experience-for-matter-and-shape\\\/#breadcrumb\",\"itemListElement\":[{\"@type\":\"ListItem\",\"position\":1,\"name\":\"Portada\",\"item\":\"https:\\\/\\\/www.tapasmagazine.es\\\/\"},{\"@type\":\"ListItem\",\"position\":2,\"name\":\"Sin categorizar\",\"item\":\"https:\\\/\\\/www.tapasmagazine.es\\\/categorias\\\/sin-categorizar\\\/\"},{\"@type\":\"ListItem\",\"position\":3,\"name\":\"WE ARE ONA designs a culinary experience for MATTER and SHAPE\"}]},{\"@type\":\"WebSite\",\"@id\":\"https:\\\/\\\/www.tapasmagazine.es\\\/#website\",\"url\":\"https:\\\/\\\/www.tapasmagazine.es\\\/\",\"name\":\"Tapas\",\"description\":\"\u00d1am \u00d1am Lifestyle. La vida a bocados. Premio Nacional de Gastronom\u00eda 2016.\",\"publisher\":{\"@id\":\"https:\\\/\\\/www.tapasmagazine.es\\\/#organization\"},\"potentialAction\":[{\"@type\":\"SearchAction\",\"target\":{\"@type\":\"EntryPoint\",\"urlTemplate\":\"https:\\\/\\\/www.tapasmagazine.es\\\/?s={search_term_string}\"},\"query-input\":{\"@type\":\"PropertyValueSpecification\",\"valueRequired\":true,\"valueName\":\"search_term_string\"}}],\"inLanguage\":\"en-US\"},{\"@type\":\"Organization\",\"@id\":\"https:\\\/\\\/www.tapasmagazine.es\\\/#organization\",\"name\":\"Tapas Magazine\",\"url\":\"https:\\\/\\\/www.tapasmagazine.es\\\/\",\"logo\":{\"@type\":\"ImageObject\",\"inLanguage\":\"en-US\",\"@id\":\"https:\\\/\\\/www.tapasmagazine.es\\\/#\\\/schema\\\/logo\\\/image\\\/\",\"url\":\"https:\\\/\\\/www.tapasmagazine.es\\\/wp-content\\\/uploads\\\/2018\\\/01\\\/logo.png\",\"contentUrl\":\"https:\\\/\\\/www.tapasmagazine.es\\\/wp-content\\\/uploads\\\/2018\\\/01\\\/logo.png\",\"width\":180,\"height\":60,\"caption\":\"Tapas Magazine\"},\"image\":{\"@id\":\"https:\\\/\\\/www.tapasmagazine.es\\\/#\\\/schema\\\/logo\\\/image\\\/\"},\"sameAs\":[\"https:\\\/\\\/www.facebook.com\\\/tapasmagazine\",\"https:\\\/\\\/x.com\\\/TapasMagazine\",\"https:\\\/\\\/www.instagram.com\\\/tapasmagazine\\\/\",\"https:\\\/\\\/www.linkedin.com\\\/company\\\/tapas-magazine\",\"https:\\\/\\\/es.pinterest.com\\\/tapasmagazine\\\/\",\"https:\\\/\\\/www.youtube.com\\\/channel\\\/UCEyxneAaACuR0lfDagrWjjg?sub_confirmation=1\"]},{\"@type\":\"Person\",\"@id\":\"https:\\\/\\\/www.tapasmagazine.es\\\/#\\\/schema\\\/person\\\/eb46cbe76a9c8f062660eb609e3ecb4e\",\"name\":\"Laura P\u00e9rez\",\"url\":\"https:\\\/\\\/www.tapasmagazine.es\\\/en\\\/author\\\/laura-perez\\\/\"}]}<\/script>\n<!-- \/ Yoast SEO plugin. -->","yoast_head_json":{"title":"WE ARE ONA designs a culinary experience for MATTER and SHAPE - Tapas","description":"Click here to read the Spanish version. The renowned Parisian salon will feature WE ARE ONA during the second edition of its design fair, once again","robots":{"index":"index","follow":"follow","max-snippet":"max-snippet:-1","max-image-preview":"max-image-preview:large","max-video-preview":"max-video-preview:-1"},"canonical":"https:\/\/www.tapasmagazine.es\/en\/we-are-ona-desings-culinary-experience-for-matter-and-shape\/","og_locale":"en_US","og_type":"article","og_title":"WE ARE ONA designs a culinary experience for MATTER and SHAPE - Tapas","og_description":"Click here to read the Spanish version. The renowned Parisian salon will feature WE ARE ONA during the second edition of its design fair, once again","og_url":"https:\/\/www.tapasmagazine.es\/en\/we-are-ona-desings-culinary-experience-for-matter-and-shape\/","og_site_name":"Tapas","article_publisher":"https:\/\/www.facebook.com\/tapasmagazine","article_published_time":"2025-02-25T12:31:07+00:00","article_modified_time":"2025-02-25T12:36:49+00:00","og_image":[{"width":1200,"height":675,"url":"https:\/\/www.tapasmagazine.es\/wp-content\/uploads\/2025\/02\/we-are-ona.jpg","type":"image\/jpeg"}],"author":"Laura P\u00e9rez","twitter_card":"summary_large_image","twitter_creator":"@TapasMagazine","twitter_site":"@TapasMagazine","twitter_misc":{"Written by":"Laura P\u00e9rez","Est. reading time":"2 minutes"},"schema":{"@context":"https:\/\/schema.org","@graph":[{"@type":"Article","@id":"https:\/\/www.tapasmagazine.es\/en\/we-are-ona-desings-culinary-experience-for-matter-and-shape\/#article","isPartOf":{"@id":"https:\/\/www.tapasmagazine.es\/en\/we-are-ona-desings-culinary-experience-for-matter-and-shape\/"},"author":{"name":"Laura P\u00e9rez","@id":"https:\/\/www.tapasmagazine.es\/#\/schema\/person\/eb46cbe76a9c8f062660eb609e3ecb4e"},"headline":"WE ARE ONA designs a culinary experience for MATTER and SHAPE","datePublished":"2025-02-25T12:31:07+00:00","dateModified":"2025-02-25T12:36:49+00:00","mainEntityOfPage":{"@id":"https:\/\/www.tapasmagazine.es\/en\/we-are-ona-desings-culinary-experience-for-matter-and-shape\/"},"wordCount":252,"publisher":{"@id":"https:\/\/www.tapasmagazine.es\/#organization"},"image":{"@id":"https:\/\/www.tapasmagazine.es\/en\/we-are-ona-desings-culinary-experience-for-matter-and-shape\/#primaryimage"},"thumbnailUrl":"https:\/\/www.tapasmagazine.es\/wp-content\/uploads\/2025\/02\/we-are-ona.jpg","articleSection":["Lifestyle","Sin categorizar"],"inLanguage":"en-US"},{"@type":"WebPage","@id":"https:\/\/www.tapasmagazine.es\/en\/we-are-ona-desings-culinary-experience-for-matter-and-shape\/","url":"https:\/\/www.tapasmagazine.es\/en\/we-are-ona-desings-culinary-experience-for-matter-and-shape\/","name":"WE ARE ONA designs a culinary experience for MATTER and SHAPE - Tapas","isPartOf":{"@id":"https:\/\/www.tapasmagazine.es\/#website"},"primaryImageOfPage":{"@id":"https:\/\/www.tapasmagazine.es\/en\/we-are-ona-desings-culinary-experience-for-matter-and-shape\/#primaryimage"},"image":{"@id":"https:\/\/www.tapasmagazine.es\/en\/we-are-ona-desings-culinary-experience-for-matter-and-shape\/#primaryimage"},"thumbnailUrl":"https:\/\/www.tapasmagazine.es\/wp-content\/uploads\/2025\/02\/we-are-ona.jpg","datePublished":"2025-02-25T12:31:07+00:00","dateModified":"2025-02-25T12:36:49+00:00","description":"Click here to read the Spanish version. The renowned Parisian salon will feature WE ARE ONA during the second edition of its design fair, once again","breadcrumb":{"@id":"https:\/\/www.tapasmagazine.es\/en\/we-are-ona-desings-culinary-experience-for-matter-and-shape\/#breadcrumb"},"inLanguage":"en-US","potentialAction":[{"@type":"ReadAction","target":["https:\/\/www.tapasmagazine.es\/en\/we-are-ona-desings-culinary-experience-for-matter-and-shape\/"]}]},{"@type":"ImageObject","inLanguage":"en-US","@id":"https:\/\/www.tapasmagazine.es\/en\/we-are-ona-desings-culinary-experience-for-matter-and-shape\/#primaryimage","url":"https:\/\/www.tapasmagazine.es\/wp-content\/uploads\/2025\/02\/we-are-ona.jpg","contentUrl":"https:\/\/www.tapasmagazine.es\/wp-content\/uploads\/2025\/02\/we-are-ona.jpg","width":1200,"height":675},{"@type":"BreadcrumbList","@id":"https:\/\/www.tapasmagazine.es\/en\/we-are-ona-desings-culinary-experience-for-matter-and-shape\/#breadcrumb","itemListElement":[{"@type":"ListItem","position":1,"name":"Portada","item":"https:\/\/www.tapasmagazine.es\/"},{"@type":"ListItem","position":2,"name":"Sin categorizar","item":"https:\/\/www.tapasmagazine.es\/categorias\/sin-categorizar\/"},{"@type":"ListItem","position":3,"name":"WE ARE ONA designs a culinary experience for MATTER and SHAPE"}]},{"@type":"WebSite","@id":"https:\/\/www.tapasmagazine.es\/#website","url":"https:\/\/www.tapasmagazine.es\/","name":"Tapas","description":"\u00d1am \u00d1am Lifestyle. La vida a bocados. Premio Nacional de Gastronom\u00eda 2016.","publisher":{"@id":"https:\/\/www.tapasmagazine.es\/#organization"},"potentialAction":[{"@type":"SearchAction","target":{"@type":"EntryPoint","urlTemplate":"https:\/\/www.tapasmagazine.es\/?s={search_term_string}"},"query-input":{"@type":"PropertyValueSpecification","valueRequired":true,"valueName":"search_term_string"}}],"inLanguage":"en-US"},{"@type":"Organization","@id":"https:\/\/www.tapasmagazine.es\/#organization","name":"Tapas Magazine","url":"https:\/\/www.tapasmagazine.es\/","logo":{"@type":"ImageObject","inLanguage":"en-US","@id":"https:\/\/www.tapasmagazine.es\/#\/schema\/logo\/image\/","url":"https:\/\/www.tapasmagazine.es\/wp-content\/uploads\/2018\/01\/logo.png","contentUrl":"https:\/\/www.tapasmagazine.es\/wp-content\/uploads\/2018\/01\/logo.png","width":180,"height":60,"caption":"Tapas Magazine"},"image":{"@id":"https:\/\/www.tapasmagazine.es\/#\/schema\/logo\/image\/"},"sameAs":["https:\/\/www.facebook.com\/tapasmagazine","https:\/\/x.com\/TapasMagazine","https:\/\/www.instagram.com\/tapasmagazine\/","https:\/\/www.linkedin.com\/company\/tapas-magazine","https:\/\/es.pinterest.com\/tapasmagazine\/","https:\/\/www.youtube.com\/channel\/UCEyxneAaACuR0lfDagrWjjg?sub_confirmation=1"]},{"@type":"Person","@id":"https:\/\/www.tapasmagazine.es\/#\/schema\/person\/eb46cbe76a9c8f062660eb609e3ecb4e","name":"Laura P\u00e9rez","url":"https:\/\/www.tapasmagazine.es\/en\/author\/laura-perez\/"}]}},"_links":{"self":[{"href":"https:\/\/www.tapasmagazine.es\/en\/wp-json\/wp\/v2\/posts\/281834","targetHints":{"allow":["GET"]}}],"collection":[{"href":"https:\/\/www.tapasmagazine.es\/en\/wp-json\/wp\/v2\/posts"}],"about":[{"href":"https:\/\/www.tapasmagazine.es\/en\/wp-json\/wp\/v2\/types\/post"}],"author":[{"embeddable":true,"href":"https:\/\/www.tapasmagazine.es\/en\/wp-json\/wp\/v2\/users\/285"}],"replies":[{"embeddable":true,"href":"https:\/\/www.tapasmagazine.es\/en\/wp-json\/wp\/v2\/comments?post=281834"}],"version-history":[{"count":2,"href":"https:\/\/www.tapasmagazine.es\/en\/wp-json\/wp\/v2\/posts\/281834\/revisions"}],"predecessor-version":[{"id":281845,"href":"https:\/\/www.tapasmagazine.es\/en\/wp-json\/wp\/v2\/posts\/281834\/revisions\/281845"}],"wp:featuredmedia":[{"embeddable":true,"href":"https:\/\/www.tapasmagazine.es\/en\/wp-json\/wp\/v2\/media\/281827"}],"wp:attachment":[{"href":"https:\/\/www.tapasmagazine.es\/en\/wp-json\/wp\/v2\/media?parent=281834"}],"wp:term":[{"taxonomy":"category","embeddable":true,"href":"https:\/\/www.tapasmagazine.es\/en\/wp-json\/wp\/v2\/categories?post=281834"},{"taxonomy":"post_tag","embeddable":true,"href":"https:\/\/www.tapasmagazine.es\/en\/wp-json\/wp\/v2\/tags?post=281834"}],"curies":[{"name":"wp","href":"https:\/\/api.w.org\/{rel}","templated":true}]}}