{"id":281408,"date":"2025-02-20T17:01:58","date_gmt":"2025-02-20T16:01:58","guid":{"rendered":"https:\/\/www.tapasmagazine.es\/tapas-weekend-que-hacer-en-madrid-50\/"},"modified":"2025-02-20T17:07:51","modified_gmt":"2025-02-20T16:07:51","slug":"tapas-weekend-what-to-do-in-madrid-50","status":"publish","type":"post","link":"https:\/\/www.tapasmagazine.es\/en\/tapas-weekend-what-to-do-in-madrid-50\/","title":{"rendered":"Tapas Weekend: what to do in Madrid?"},"content":{"rendered":"\n<p><strong>Click <a href=\"https:\/\/www.tapasmagazine.es\/tapas-weekend-que-hacer-en-madrid-50\/\" target=\"_blank\" rel=\"noreferrer noopener\">here<\/a> to read the Spanish version<\/strong>.<\/p>\n\n\n\n<p>From Tapas we have compiled the best plans with which to make the most of the weekend in Madrid, and to indulge in hedonism between cultural and gastronomic experiences, festivals, events and museums. Grab your diary and take note of our weekly proposal.<\/p>\n\n\n\n<h2 class=\"wp-block-heading\">FRIDAY 21ST<\/h2>\n\n\n\n<p>This weekend fashion will take to the stage at <strong>MBFWM <\/strong>with a series of catwalk shows by leading brands such as Paloma Su\u00e1rez, Custo Barcelona and Angel Schlesser, which will close on Sunday 23rd with the 25th edition of the <strong>EGO<\/strong> catwalk where nine emerging brands will come together to present their exciting proposals to the public.<\/p>\n\n\n<div class=\"wp-block-image\">\n<figure class=\"aligncenter size-full is-resized\"><img decoding=\"async\" width=\"656\" height=\"656\" src=\"https:\/\/www.tapasmagazine.es\/wp-content\/uploads\/2025\/02\/tarchi.jpg\" alt=\"\" class=\"wp-image-281371\" style=\"width:840px;height:auto\" srcset=\"https:\/\/www.tapasmagazine.es\/wp-content\/uploads\/2025\/02\/tarchi.jpg 656w, https:\/\/www.tapasmagazine.es\/wp-content\/uploads\/2025\/02\/tarchi-300x300.jpg 300w, https:\/\/www.tapasmagazine.es\/wp-content\/uploads\/2025\/02\/tarchi-150x150.jpg 150w, https:\/\/www.tapasmagazine.es\/wp-content\/uploads\/2025\/02\/tarchi-400x400.jpg 400w\" sizes=\"(max-width: 656px) 100vw, 656px\" \/><\/figure>\n<\/div>\n\n\n<p>Between the freneticism dictated by the fashion shows, we will take the opportunity to make other fun plans in connection with music, art and gastronomy, starting with the tarchi concert at Sala Chang\u00f3. The artist will make his debut in the capital with his new album \u2018amor amor amor amor\u2019 to sing us his deep themes with experimental bases. Get your ticket <strong><a href=\"https:\/\/dice.fm\/event\/bbel9g-tarchi-21st-feb-sala-chang-madrid-tickets\" target=\"_blank\" rel=\"noreferrer noopener\">here<\/a><\/strong>.<\/p>\n\n\n\n<h2 class=\"wp-block-heading\">SATURDAY 22ND<\/h2>\n\n\n\n<p>On Saturday we will sit at one of the tables of the new trendy tavern from the owners of <strong>El Ma\u00f1o<\/strong> and<strong> Casa Macareno<\/strong>. At Casa Tabacos, which has an aesthetic and spirit very similar to that of their other \u2018eating houses\u2019, we&#8217;ll try traditional dishes with a vermouth on tap.<\/p>\n\n\n<div class=\"wp-block-image\">\n<figure class=\"aligncenter size-large\"><img decoding=\"async\" width=\"1024\" height=\"682\" src=\"https:\/\/www.tapasmagazine.es\/wp-content\/uploads\/2025\/02\/RECORTES-10-e1739797560218-1024x682.jpg\" alt=\"\" class=\"wp-image-281379\" srcset=\"https:\/\/www.tapasmagazine.es\/wp-content\/uploads\/2025\/02\/RECORTES-10-e1739797560218-1024x682.jpg 1024w, https:\/\/www.tapasmagazine.es\/wp-content\/uploads\/2025\/02\/RECORTES-10-e1739797560218-300x200.jpg 300w, https:\/\/www.tapasmagazine.es\/wp-content\/uploads\/2025\/02\/RECORTES-10-e1739797560218-768x512.jpg 768w, https:\/\/www.tapasmagazine.es\/wp-content\/uploads\/2025\/02\/RECORTES-10-e1739797560218-1536x1024.jpg 1536w, https:\/\/www.tapasmagazine.es\/wp-content\/uploads\/2025\/02\/RECORTES-10-e1739797560218-1000x667.jpg 1000w, https:\/\/www.tapasmagazine.es\/wp-content\/uploads\/2025\/02\/RECORTES-10-e1739797560218-400x267.jpg 400w, https:\/\/www.tapasmagazine.es\/wp-content\/uploads\/2025\/02\/RECORTES-10-e1739797560218.jpg 2000w\" sizes=\"(max-width: 1024px) 100vw, 1024px\" \/><\/figure>\n<\/div>\n\n\n<p>From the menu of this former tobacco shop we will order different dishes such as its burrata with garlic prawns, its cannelloni or torreznos and its tomato salad with sardines, which can only be found in this establishment located at Calle Palma 69.<\/p>\n\n\n<div class=\"wp-block-image\">\n<figure class=\"aligncenter size-large\"><img decoding=\"async\" width=\"1024\" height=\"1024\" src=\"https:\/\/www.tapasmagazine.es\/wp-content\/uploads\/2025\/02\/22-Sabado-club-1024x1024.jpg\" alt=\"\" class=\"wp-image-281381\" srcset=\"https:\/\/www.tapasmagazine.es\/wp-content\/uploads\/2025\/02\/22-Sabado-club-1024x1024.jpg 1024w, https:\/\/www.tapasmagazine.es\/wp-content\/uploads\/2025\/02\/22-Sabado-club-300x300.jpg 300w, https:\/\/www.tapasmagazine.es\/wp-content\/uploads\/2025\/02\/22-Sabado-club-150x150.jpg 150w, https:\/\/www.tapasmagazine.es\/wp-content\/uploads\/2025\/02\/22-Sabado-club-768x768.jpg 768w, https:\/\/www.tapasmagazine.es\/wp-content\/uploads\/2025\/02\/22-Sabado-club-1000x1000.jpg 1000w, https:\/\/www.tapasmagazine.es\/wp-content\/uploads\/2025\/02\/22-Sabado-club-400x400.jpg 400w, https:\/\/www.tapasmagazine.es\/wp-content\/uploads\/2025\/02\/22-Sabado-club.jpg 1080w\" sizes=\"(max-width: 1024px) 100vw, 1024px\" \/><\/figure>\n<\/div>\n\n\n<p>At night we&#8217;ll go down to the most legendary clubbing basement in the capital to dance the night away with the<strong> MercaBrrrrap w\/ Entra\u00f1as<\/strong> party. From 0.30 to 6.00h the DJ line-up of MERCABRRRRRAP\u2122 w\/ ENTRA\u00d1AS (TraTraTrax, Ecuador) + MERCA BAE + AFTER DISASTER + DON FUEGOTE will provide the music and high voltage mixes at<strong> Sala Siroco<\/strong> \ud83d\udea8. Ticket sales are available at <strong><strong><a href=\"https:\/\/dice.fm\/event\/mxm7gw-mercabrrrrrap-w-entraas-22nd-feb-siroco-madrid-tickets?lng=es\" target=\"_blank\" rel=\"noreferrer noopener\">DICE<\/a><\/strong><\/strong>.<\/p>\n\n\n\n<h2 class=\"wp-block-heading\">SUNDAY 23RD<\/h2>\n\n\n\n<p>On Sunday we will make a trip to IFEMA to enjoy the catwalk that recognises the talent of emerging national designers as part of the 40th anniversary of the Mercedes-Benz Fashion Week Madrid catwalk.<\/p>\n\n\n\n<figure class=\"wp-block-image size-full\"><img decoding=\"async\" width=\"882\" height=\"868\" src=\"https:\/\/www.tapasmagazine.es\/wp-content\/uploads\/2025\/02\/16a59ade-ccfe-05ad-8456-7264980f386e.png\" alt=\"\" class=\"wp-image-281386\" srcset=\"https:\/\/www.tapasmagazine.es\/wp-content\/uploads\/2025\/02\/16a59ade-ccfe-05ad-8456-7264980f386e.png 882w, https:\/\/www.tapasmagazine.es\/wp-content\/uploads\/2025\/02\/16a59ade-ccfe-05ad-8456-7264980f386e-300x295.png 300w, https:\/\/www.tapasmagazine.es\/wp-content\/uploads\/2025\/02\/16a59ade-ccfe-05ad-8456-7264980f386e-768x756.png 768w, https:\/\/www.tapasmagazine.es\/wp-content\/uploads\/2025\/02\/16a59ade-ccfe-05ad-8456-7264980f386e-400x394.png 400w\" sizes=\"(max-width: 882px) 100vw, 882px\" \/><\/figure>\n\n\n\n<p>This year, proposals that connect with the zeitgeist of fashion through upcycling, innovation and\/or emotions and personal experiences from Rtama, Studio Cumbre, Odis, Aleixandri Studio, Pat Equilux, Alineo Studio, Bonet, Antonio del Canto and David Moss will take to the catwalk. The winning firm will also have the opportunity to show at one of Mercedes-Benz&#8217;s international fashion weeks, specifically Mercedes-Benz Fashion Week Mexico.<\/p>\n\n\n\n<figure class=\"wp-block-gallery has-nested-images columns-default is-cropped wp-block-gallery-1 is-layout-flex wp-block-gallery-is-layout-flex\">\n<figure class=\"wp-block-image size-large\"><img decoding=\"async\" width=\"683\" height=\"1024\" data-id=\"281388\" src=\"https:\/\/www.tapasmagazine.es\/wp-content\/uploads\/2025\/02\/sandra-weil-683x1024.jpeg\" alt=\"\" class=\"wp-image-281388\" srcset=\"https:\/\/www.tapasmagazine.es\/wp-content\/uploads\/2025\/02\/sandra-weil-683x1024.jpeg 683w, https:\/\/www.tapasmagazine.es\/wp-content\/uploads\/2025\/02\/sandra-weil-200x300.jpeg 200w, https:\/\/www.tapasmagazine.es\/wp-content\/uploads\/2025\/02\/sandra-weil-768x1152.jpeg 768w, https:\/\/www.tapasmagazine.es\/wp-content\/uploads\/2025\/02\/sandra-weil-1024x1536.jpeg 1024w, https:\/\/www.tapasmagazine.es\/wp-content\/uploads\/2025\/02\/sandra-weil-1365x2048.jpeg 1365w, https:\/\/www.tapasmagazine.es\/wp-content\/uploads\/2025\/02\/sandra-weil-1000x1500.jpeg 1000w, https:\/\/www.tapasmagazine.es\/wp-content\/uploads\/2025\/02\/sandra-weil-400x600.jpeg 400w, https:\/\/www.tapasmagazine.es\/wp-content\/uploads\/2025\/02\/sandra-weil-scaled.jpeg 1707w\" sizes=\"(max-width: 683px) 100vw, 683px\" \/><\/figure>\n\n\n\n<figure class=\"wp-block-image size-large\"><img decoding=\"async\" width=\"716\" height=\"1024\" data-id=\"281390\" src=\"https:\/\/www.tapasmagazine.es\/wp-content\/uploads\/2025\/02\/SGXhX43g-716x1024.jpeg\" alt=\"\" class=\"wp-image-281390\" srcset=\"https:\/\/www.tapasmagazine.es\/wp-content\/uploads\/2025\/02\/SGXhX43g-716x1024.jpeg 716w, https:\/\/www.tapasmagazine.es\/wp-content\/uploads\/2025\/02\/SGXhX43g-210x300.jpeg 210w, https:\/\/www.tapasmagazine.es\/wp-content\/uploads\/2025\/02\/SGXhX43g-768x1099.jpeg 768w, https:\/\/www.tapasmagazine.es\/wp-content\/uploads\/2025\/02\/SGXhX43g-1074x1536.jpeg 1074w, https:\/\/www.tapasmagazine.es\/wp-content\/uploads\/2025\/02\/SGXhX43g-1432x2048.jpeg 1432w, https:\/\/www.tapasmagazine.es\/wp-content\/uploads\/2025\/02\/SGXhX43g-1000x1431.jpeg 1000w, https:\/\/www.tapasmagazine.es\/wp-content\/uploads\/2025\/02\/SGXhX43g-400x572.jpeg 400w, https:\/\/www.tapasmagazine.es\/wp-content\/uploads\/2025\/02\/SGXhX43g.jpeg 1658w\" sizes=\"(max-width: 716px) 100vw, 716px\" \/><\/figure>\n<\/figure>\n\n\n\n<p>After Mercedes-Benz Fashion Week Madrid, we&#8217;ll be dining with friends at <strong><strong><a href=\"https:\/\/www.instagram.com\/nacha.madrid\/?hl=es\" target=\"_blank\" rel=\"noreferrer noopener\">NACHA<\/a><\/strong><\/strong>, another new restaurant that has just opened in a former barracks in Conde Duque. Based on the concept of \u2018small plates, meat and wine\u2019, they have a menu with simple dishes prepared on the grill with a focus on the product.<\/p>\n\n\n\n<figure class=\"wp-block-image size-large\"><img decoding=\"async\" width=\"1024\" height=\"684\" src=\"https:\/\/www.tapasmagazine.es\/wp-content\/uploads\/2025\/02\/Screenshot-2025-02-20-at-15-36-06-NACHA-@nacha.madrid-\u2022-Fotos-y-videos-de-Instagram-1024x684.png\" alt=\"\" class=\"wp-image-281393\" srcset=\"https:\/\/www.tapasmagazine.es\/wp-content\/uploads\/2025\/02\/Screenshot-2025-02-20-at-15-36-06-NACHA-@nacha.madrid-\u2022-Fotos-y-videos-de-Instagram-1024x684.png 1024w, https:\/\/www.tapasmagazine.es\/wp-content\/uploads\/2025\/02\/Screenshot-2025-02-20-at-15-36-06-NACHA-@nacha.madrid-\u2022-Fotos-y-videos-de-Instagram-300x200.png 300w, https:\/\/www.tapasmagazine.es\/wp-content\/uploads\/2025\/02\/Screenshot-2025-02-20-at-15-36-06-NACHA-@nacha.madrid-\u2022-Fotos-y-videos-de-Instagram-768x513.png 768w, https:\/\/www.tapasmagazine.es\/wp-content\/uploads\/2025\/02\/Screenshot-2025-02-20-at-15-36-06-NACHA-@nacha.madrid-\u2022-Fotos-y-videos-de-Instagram-1000x668.png 1000w, https:\/\/www.tapasmagazine.es\/wp-content\/uploads\/2025\/02\/Screenshot-2025-02-20-at-15-36-06-NACHA-@nacha.madrid-\u2022-Fotos-y-videos-de-Instagram-400x267.png 400w, https:\/\/www.tapasmagazine.es\/wp-content\/uploads\/2025\/02\/Screenshot-2025-02-20-at-15-36-06-NACHA-@nacha.madrid-\u2022-Fotos-y-videos-de-Instagram.png 1353w\" sizes=\"(max-width: 1024px) 100vw, 1024px\" \/><\/figure>\n\n\n\n<p>Among its options designed for sharing, the meat empanada, the marriage of anchovy and anchovy or its vitel ton\u00e9 with sauce stand out; to finish in style with a dulce de leche flan, accompanied by a cloud of mascarpone.<\/p>\n","protected":false},"excerpt":{"rendered":"<p>Click here to read the Spanish version. From Tapas we have compiled the best plans with which to make the most of the weekend in Madrid, and to indulge in hedonism between cultural and gastronomic experiences, festivals, events and museums. Grab your diary and take note of our weekly proposal. FRIDAY 21ST This weekend fashion [&hellip;]<\/p>\n","protected":false},"author":285,"featured_media":281368,"comment_status":"closed","ping_status":"closed","sticky":false,"template":"","format":"standard","meta":{"_acf_changed":false,"footnotes":""},"categories":[15797,1],"tags":[16033,15803],"class_list":["post-281408","post","type-post","status-publish","format-standard","has-post-thumbnail","hentry","category-planes-en","category-sin-categorizar","tag-madrid-en","tag-restaurants","cat-15797-id","cat-1-id"],"acf":[],"yoast_head":"<!-- This site is optimized with the Yoast SEO plugin v27.5 - https:\/\/yoast.com\/product\/yoast-seo-wordpress\/ -->\n<title>Tapas Weekend: what to do in Madrid? - Tapas<\/title>\n<meta name=\"description\" content=\"Click here to read the Spanish version. From Tapas we have compiled the best plans with which to make the most of the weekend in Madrid, and to indulge in\" \/>\n<meta name=\"robots\" content=\"index, follow, max-snippet:-1, max-image-preview:large, max-video-preview:-1\" \/>\n<link rel=\"canonical\" href=\"https:\/\/www.tapasmagazine.es\/en\/tapas-weekend-what-to-do-in-madrid-50\/\" \/>\n<meta property=\"og:locale\" content=\"en_US\" \/>\n<meta property=\"og:type\" content=\"article\" \/>\n<meta property=\"og:title\" content=\"Tapas Weekend: what to do in Madrid? - Tapas\" \/>\n<meta property=\"og:description\" content=\"Click here to read the Spanish version. From Tapas we have compiled the best plans with which to make the most of the weekend in Madrid, and to indulge in\" \/>\n<meta property=\"og:url\" content=\"https:\/\/www.tapasmagazine.es\/en\/tapas-weekend-what-to-do-in-madrid-50\/\" \/>\n<meta property=\"og:site_name\" content=\"Tapas\" \/>\n<meta property=\"article:publisher\" content=\"https:\/\/www.facebook.com\/tapasmagazine\" \/>\n<meta property=\"article:published_time\" content=\"2025-02-20T16:01:58+00:00\" \/>\n<meta property=\"article:modified_time\" content=\"2025-02-20T16:07:51+00:00\" \/>\n<meta property=\"og:image\" content=\"https:\/\/www.tapasmagazine.es\/wp-content\/uploads\/2025\/02\/weekend-1.jpg\" \/>\n\t<meta property=\"og:image:width\" content=\"1200\" \/>\n\t<meta property=\"og:image:height\" content=\"675\" \/>\n\t<meta property=\"og:image:type\" content=\"image\/jpeg\" \/>\n<meta name=\"author\" content=\"Laura P\u00e9rez\" \/>\n<meta name=\"twitter:card\" content=\"summary_large_image\" \/>\n<meta name=\"twitter:creator\" content=\"@TapasMagazine\" \/>\n<meta name=\"twitter:site\" content=\"@TapasMagazine\" \/>\n<meta name=\"twitter:label1\" content=\"Written by\" \/>\n\t<meta name=\"twitter:data1\" content=\"Laura P\u00e9rez\" \/>\n\t<meta name=\"twitter:label2\" content=\"Est. reading time\" \/>\n\t<meta name=\"twitter:data2\" content=\"4 minutes\" \/>\n<script type=\"application\/ld+json\" class=\"yoast-schema-graph\">{\"@context\":\"https:\\\/\\\/schema.org\",\"@graph\":[{\"@type\":\"Article\",\"@id\":\"https:\\\/\\\/www.tapasmagazine.es\\\/en\\\/tapas-weekend-what-to-do-in-madrid-50\\\/#article\",\"isPartOf\":{\"@id\":\"https:\\\/\\\/www.tapasmagazine.es\\\/en\\\/tapas-weekend-what-to-do-in-madrid-50\\\/\"},\"author\":{\"name\":\"Laura P\u00e9rez\",\"@id\":\"https:\\\/\\\/www.tapasmagazine.es\\\/#\\\/schema\\\/person\\\/eb46cbe76a9c8f062660eb609e3ecb4e\"},\"headline\":\"Tapas Weekend: what to do in Madrid?\",\"datePublished\":\"2025-02-20T16:01:58+00:00\",\"dateModified\":\"2025-02-20T16:07:51+00:00\",\"mainEntityOfPage\":{\"@id\":\"https:\\\/\\\/www.tapasmagazine.es\\\/en\\\/tapas-weekend-what-to-do-in-madrid-50\\\/\"},\"wordCount\":534,\"publisher\":{\"@id\":\"https:\\\/\\\/www.tapasmagazine.es\\\/#organization\"},\"image\":{\"@id\":\"https:\\\/\\\/www.tapasmagazine.es\\\/en\\\/tapas-weekend-what-to-do-in-madrid-50\\\/#primaryimage\"},\"thumbnailUrl\":\"https:\\\/\\\/www.tapasmagazine.es\\\/wp-content\\\/uploads\\\/2025\\\/02\\\/weekend-1.jpg\",\"keywords\":[\"Madrid\",\"restaurants\"],\"articleSection\":[\"Planes\",\"Sin categorizar\"],\"inLanguage\":\"en-US\"},{\"@type\":\"WebPage\",\"@id\":\"https:\\\/\\\/www.tapasmagazine.es\\\/en\\\/tapas-weekend-what-to-do-in-madrid-50\\\/\",\"url\":\"https:\\\/\\\/www.tapasmagazine.es\\\/en\\\/tapas-weekend-what-to-do-in-madrid-50\\\/\",\"name\":\"Tapas Weekend: what to do in Madrid? - Tapas\",\"isPartOf\":{\"@id\":\"https:\\\/\\\/www.tapasmagazine.es\\\/#website\"},\"primaryImageOfPage\":{\"@id\":\"https:\\\/\\\/www.tapasmagazine.es\\\/en\\\/tapas-weekend-what-to-do-in-madrid-50\\\/#primaryimage\"},\"image\":{\"@id\":\"https:\\\/\\\/www.tapasmagazine.es\\\/en\\\/tapas-weekend-what-to-do-in-madrid-50\\\/#primaryimage\"},\"thumbnailUrl\":\"https:\\\/\\\/www.tapasmagazine.es\\\/wp-content\\\/uploads\\\/2025\\\/02\\\/weekend-1.jpg\",\"datePublished\":\"2025-02-20T16:01:58+00:00\",\"dateModified\":\"2025-02-20T16:07:51+00:00\",\"description\":\"Click here to read the Spanish version. From Tapas we have compiled the best plans with which to make the most of the weekend in Madrid, and to indulge in\",\"breadcrumb\":{\"@id\":\"https:\\\/\\\/www.tapasmagazine.es\\\/en\\\/tapas-weekend-what-to-do-in-madrid-50\\\/#breadcrumb\"},\"inLanguage\":\"en-US\",\"potentialAction\":[{\"@type\":\"ReadAction\",\"target\":[\"https:\\\/\\\/www.tapasmagazine.es\\\/en\\\/tapas-weekend-what-to-do-in-madrid-50\\\/\"]}]},{\"@type\":\"ImageObject\",\"inLanguage\":\"en-US\",\"@id\":\"https:\\\/\\\/www.tapasmagazine.es\\\/en\\\/tapas-weekend-what-to-do-in-madrid-50\\\/#primaryimage\",\"url\":\"https:\\\/\\\/www.tapasmagazine.es\\\/wp-content\\\/uploads\\\/2025\\\/02\\\/weekend-1.jpg\",\"contentUrl\":\"https:\\\/\\\/www.tapasmagazine.es\\\/wp-content\\\/uploads\\\/2025\\\/02\\\/weekend-1.jpg\",\"width\":1200,\"height\":675},{\"@type\":\"BreadcrumbList\",\"@id\":\"https:\\\/\\\/www.tapasmagazine.es\\\/en\\\/tapas-weekend-what-to-do-in-madrid-50\\\/#breadcrumb\",\"itemListElement\":[{\"@type\":\"ListItem\",\"position\":1,\"name\":\"Portada\",\"item\":\"https:\\\/\\\/www.tapasmagazine.es\\\/\"},{\"@type\":\"ListItem\",\"position\":2,\"name\":\"Sin categorizar\",\"item\":\"https:\\\/\\\/www.tapasmagazine.es\\\/categorias\\\/sin-categorizar\\\/\"},{\"@type\":\"ListItem\",\"position\":3,\"name\":\"Tapas Weekend: what to do in Madrid?\"}]},{\"@type\":\"WebSite\",\"@id\":\"https:\\\/\\\/www.tapasmagazine.es\\\/#website\",\"url\":\"https:\\\/\\\/www.tapasmagazine.es\\\/\",\"name\":\"Tapas\",\"description\":\"\u00d1am \u00d1am Lifestyle. La vida a bocados. Premio Nacional de Gastronom\u00eda 2016.\",\"publisher\":{\"@id\":\"https:\\\/\\\/www.tapasmagazine.es\\\/#organization\"},\"potentialAction\":[{\"@type\":\"SearchAction\",\"target\":{\"@type\":\"EntryPoint\",\"urlTemplate\":\"https:\\\/\\\/www.tapasmagazine.es\\\/?s={search_term_string}\"},\"query-input\":{\"@type\":\"PropertyValueSpecification\",\"valueRequired\":true,\"valueName\":\"search_term_string\"}}],\"inLanguage\":\"en-US\"},{\"@type\":\"Organization\",\"@id\":\"https:\\\/\\\/www.tapasmagazine.es\\\/#organization\",\"name\":\"Tapas Magazine\",\"url\":\"https:\\\/\\\/www.tapasmagazine.es\\\/\",\"logo\":{\"@type\":\"ImageObject\",\"inLanguage\":\"en-US\",\"@id\":\"https:\\\/\\\/www.tapasmagazine.es\\\/#\\\/schema\\\/logo\\\/image\\\/\",\"url\":\"https:\\\/\\\/www.tapasmagazine.es\\\/wp-content\\\/uploads\\\/2018\\\/01\\\/logo.png\",\"contentUrl\":\"https:\\\/\\\/www.tapasmagazine.es\\\/wp-content\\\/uploads\\\/2018\\\/01\\\/logo.png\",\"width\":180,\"height\":60,\"caption\":\"Tapas Magazine\"},\"image\":{\"@id\":\"https:\\\/\\\/www.tapasmagazine.es\\\/#\\\/schema\\\/logo\\\/image\\\/\"},\"sameAs\":[\"https:\\\/\\\/www.facebook.com\\\/tapasmagazine\",\"https:\\\/\\\/x.com\\\/TapasMagazine\",\"https:\\\/\\\/www.instagram.com\\\/tapasmagazine\\\/\",\"https:\\\/\\\/www.linkedin.com\\\/company\\\/tapas-magazine\",\"https:\\\/\\\/es.pinterest.com\\\/tapasmagazine\\\/\",\"https:\\\/\\\/www.youtube.com\\\/channel\\\/UCEyxneAaACuR0lfDagrWjjg?sub_confirmation=1\"]},{\"@type\":\"Person\",\"@id\":\"https:\\\/\\\/www.tapasmagazine.es\\\/#\\\/schema\\\/person\\\/eb46cbe76a9c8f062660eb609e3ecb4e\",\"name\":\"Laura P\u00e9rez\",\"url\":\"https:\\\/\\\/www.tapasmagazine.es\\\/en\\\/author\\\/laura-perez\\\/\"}]}<\/script>\n<!-- \/ Yoast SEO plugin. -->","yoast_head_json":{"title":"Tapas Weekend: what to do in Madrid? - Tapas","description":"Click here to read the Spanish version. From Tapas we have compiled the best plans with which to make the most of the weekend in Madrid, and to indulge in","robots":{"index":"index","follow":"follow","max-snippet":"max-snippet:-1","max-image-preview":"max-image-preview:large","max-video-preview":"max-video-preview:-1"},"canonical":"https:\/\/www.tapasmagazine.es\/en\/tapas-weekend-what-to-do-in-madrid-50\/","og_locale":"en_US","og_type":"article","og_title":"Tapas Weekend: what to do in Madrid? - Tapas","og_description":"Click here to read the Spanish version. From Tapas we have compiled the best plans with which to make the most of the weekend in Madrid, and to indulge in","og_url":"https:\/\/www.tapasmagazine.es\/en\/tapas-weekend-what-to-do-in-madrid-50\/","og_site_name":"Tapas","article_publisher":"https:\/\/www.facebook.com\/tapasmagazine","article_published_time":"2025-02-20T16:01:58+00:00","article_modified_time":"2025-02-20T16:07:51+00:00","og_image":[{"width":1200,"height":675,"url":"https:\/\/www.tapasmagazine.es\/wp-content\/uploads\/2025\/02\/weekend-1.jpg","type":"image\/jpeg"}],"author":"Laura P\u00e9rez","twitter_card":"summary_large_image","twitter_creator":"@TapasMagazine","twitter_site":"@TapasMagazine","twitter_misc":{"Written by":"Laura P\u00e9rez","Est. reading time":"4 minutes"},"schema":{"@context":"https:\/\/schema.org","@graph":[{"@type":"Article","@id":"https:\/\/www.tapasmagazine.es\/en\/tapas-weekend-what-to-do-in-madrid-50\/#article","isPartOf":{"@id":"https:\/\/www.tapasmagazine.es\/en\/tapas-weekend-what-to-do-in-madrid-50\/"},"author":{"name":"Laura P\u00e9rez","@id":"https:\/\/www.tapasmagazine.es\/#\/schema\/person\/eb46cbe76a9c8f062660eb609e3ecb4e"},"headline":"Tapas Weekend: what to do in Madrid?","datePublished":"2025-02-20T16:01:58+00:00","dateModified":"2025-02-20T16:07:51+00:00","mainEntityOfPage":{"@id":"https:\/\/www.tapasmagazine.es\/en\/tapas-weekend-what-to-do-in-madrid-50\/"},"wordCount":534,"publisher":{"@id":"https:\/\/www.tapasmagazine.es\/#organization"},"image":{"@id":"https:\/\/www.tapasmagazine.es\/en\/tapas-weekend-what-to-do-in-madrid-50\/#primaryimage"},"thumbnailUrl":"https:\/\/www.tapasmagazine.es\/wp-content\/uploads\/2025\/02\/weekend-1.jpg","keywords":["Madrid","restaurants"],"articleSection":["Planes","Sin categorizar"],"inLanguage":"en-US"},{"@type":"WebPage","@id":"https:\/\/www.tapasmagazine.es\/en\/tapas-weekend-what-to-do-in-madrid-50\/","url":"https:\/\/www.tapasmagazine.es\/en\/tapas-weekend-what-to-do-in-madrid-50\/","name":"Tapas Weekend: what to do in Madrid? - Tapas","isPartOf":{"@id":"https:\/\/www.tapasmagazine.es\/#website"},"primaryImageOfPage":{"@id":"https:\/\/www.tapasmagazine.es\/en\/tapas-weekend-what-to-do-in-madrid-50\/#primaryimage"},"image":{"@id":"https:\/\/www.tapasmagazine.es\/en\/tapas-weekend-what-to-do-in-madrid-50\/#primaryimage"},"thumbnailUrl":"https:\/\/www.tapasmagazine.es\/wp-content\/uploads\/2025\/02\/weekend-1.jpg","datePublished":"2025-02-20T16:01:58+00:00","dateModified":"2025-02-20T16:07:51+00:00","description":"Click here to read the Spanish version. From Tapas we have compiled the best plans with which to make the most of the weekend in Madrid, and to indulge in","breadcrumb":{"@id":"https:\/\/www.tapasmagazine.es\/en\/tapas-weekend-what-to-do-in-madrid-50\/#breadcrumb"},"inLanguage":"en-US","potentialAction":[{"@type":"ReadAction","target":["https:\/\/www.tapasmagazine.es\/en\/tapas-weekend-what-to-do-in-madrid-50\/"]}]},{"@type":"ImageObject","inLanguage":"en-US","@id":"https:\/\/www.tapasmagazine.es\/en\/tapas-weekend-what-to-do-in-madrid-50\/#primaryimage","url":"https:\/\/www.tapasmagazine.es\/wp-content\/uploads\/2025\/02\/weekend-1.jpg","contentUrl":"https:\/\/www.tapasmagazine.es\/wp-content\/uploads\/2025\/02\/weekend-1.jpg","width":1200,"height":675},{"@type":"BreadcrumbList","@id":"https:\/\/www.tapasmagazine.es\/en\/tapas-weekend-what-to-do-in-madrid-50\/#breadcrumb","itemListElement":[{"@type":"ListItem","position":1,"name":"Portada","item":"https:\/\/www.tapasmagazine.es\/"},{"@type":"ListItem","position":2,"name":"Sin categorizar","item":"https:\/\/www.tapasmagazine.es\/categorias\/sin-categorizar\/"},{"@type":"ListItem","position":3,"name":"Tapas Weekend: what to do in Madrid?"}]},{"@type":"WebSite","@id":"https:\/\/www.tapasmagazine.es\/#website","url":"https:\/\/www.tapasmagazine.es\/","name":"Tapas","description":"\u00d1am \u00d1am Lifestyle. La vida a bocados. Premio Nacional de Gastronom\u00eda 2016.","publisher":{"@id":"https:\/\/www.tapasmagazine.es\/#organization"},"potentialAction":[{"@type":"SearchAction","target":{"@type":"EntryPoint","urlTemplate":"https:\/\/www.tapasmagazine.es\/?s={search_term_string}"},"query-input":{"@type":"PropertyValueSpecification","valueRequired":true,"valueName":"search_term_string"}}],"inLanguage":"en-US"},{"@type":"Organization","@id":"https:\/\/www.tapasmagazine.es\/#organization","name":"Tapas Magazine","url":"https:\/\/www.tapasmagazine.es\/","logo":{"@type":"ImageObject","inLanguage":"en-US","@id":"https:\/\/www.tapasmagazine.es\/#\/schema\/logo\/image\/","url":"https:\/\/www.tapasmagazine.es\/wp-content\/uploads\/2018\/01\/logo.png","contentUrl":"https:\/\/www.tapasmagazine.es\/wp-content\/uploads\/2018\/01\/logo.png","width":180,"height":60,"caption":"Tapas Magazine"},"image":{"@id":"https:\/\/www.tapasmagazine.es\/#\/schema\/logo\/image\/"},"sameAs":["https:\/\/www.facebook.com\/tapasmagazine","https:\/\/x.com\/TapasMagazine","https:\/\/www.instagram.com\/tapasmagazine\/","https:\/\/www.linkedin.com\/company\/tapas-magazine","https:\/\/es.pinterest.com\/tapasmagazine\/","https:\/\/www.youtube.com\/channel\/UCEyxneAaACuR0lfDagrWjjg?sub_confirmation=1"]},{"@type":"Person","@id":"https:\/\/www.tapasmagazine.es\/#\/schema\/person\/eb46cbe76a9c8f062660eb609e3ecb4e","name":"Laura P\u00e9rez","url":"https:\/\/www.tapasmagazine.es\/en\/author\/laura-perez\/"}]}},"_links":{"self":[{"href":"https:\/\/www.tapasmagazine.es\/en\/wp-json\/wp\/v2\/posts\/281408","targetHints":{"allow":["GET"]}}],"collection":[{"href":"https:\/\/www.tapasmagazine.es\/en\/wp-json\/wp\/v2\/posts"}],"about":[{"href":"https:\/\/www.tapasmagazine.es\/en\/wp-json\/wp\/v2\/types\/post"}],"author":[{"embeddable":true,"href":"https:\/\/www.tapasmagazine.es\/en\/wp-json\/wp\/v2\/users\/285"}],"replies":[{"embeddable":true,"href":"https:\/\/www.tapasmagazine.es\/en\/wp-json\/wp\/v2\/comments?post=281408"}],"version-history":[{"count":1,"href":"https:\/\/www.tapasmagazine.es\/en\/wp-json\/wp\/v2\/posts\/281408\/revisions"}],"predecessor-version":[{"id":281418,"href":"https:\/\/www.tapasmagazine.es\/en\/wp-json\/wp\/v2\/posts\/281408\/revisions\/281418"}],"wp:featuredmedia":[{"embeddable":true,"href":"https:\/\/www.tapasmagazine.es\/en\/wp-json\/wp\/v2\/media\/281368"}],"wp:attachment":[{"href":"https:\/\/www.tapasmagazine.es\/en\/wp-json\/wp\/v2\/media?parent=281408"}],"wp:term":[{"taxonomy":"category","embeddable":true,"href":"https:\/\/www.tapasmagazine.es\/en\/wp-json\/wp\/v2\/categories?post=281408"},{"taxonomy":"post_tag","embeddable":true,"href":"https:\/\/www.tapasmagazine.es\/en\/wp-json\/wp\/v2\/tags?post=281408"}],"curies":[{"name":"wp","href":"https:\/\/api.w.org\/{rel}","templated":true}]}}