{"id":280792,"date":"2025-02-18T10:43:20","date_gmt":"2025-02-18T09:43:20","guid":{"rendered":"https:\/\/www.tapasmagazine.es\/la-guia-definitiva-de-cafeterias-de-especialidad-en-valencia\/"},"modified":"2025-02-18T11:03:38","modified_gmt":"2025-02-18T10:03:38","slug":"the-definitive-guide-to-speciality-cafes-in-valencia","status":"publish","type":"post","link":"https:\/\/www.tapasmagazine.es\/en\/the-definitive-guide-to-speciality-cafes-in-valencia\/","title":{"rendered":"The definitive guide to speciality caf\u00e9s in Valencia"},"content":{"rendered":"\n<p><strong>Click <a href=\"https:\/\/www.tapasmagazine.es\/la-guia-definitiva-de-cafeterias-de-especialidad-en-valencia\/\" target=\"_blank\" rel=\"noreferrer noopener\">here<\/a> to read the Spanish version<\/strong>.<\/p>\n\n\n\n<p>Over the last decade, <strong>coffee culture <\/strong>has gone beyond the niche sphere -and its original target- to become more than a fashion, it has become a lifestyle that connects directly with the zeitgeist.<\/p>\n\n\n\n<p>From Tapas, we present a new series of nationally renowned <strong>speciality caf\u00e9s<\/strong> to put on your wish list. This time, we focus the location on <strong>Valencia<\/strong> and all its spaces dedicated to this drink, which, whether emerging or classic, stand out for their aesthetic sensibility and their quality coffees accompanied by handmade pastries and\/or savoury creations.<\/p>\n\n\n\n<p><strong><mark style=\"background-color:#000000;color:#ffffff\" class=\"has-inline-color\">  FIVEO COFFEE  <\/mark><\/strong><\/p>\n\n\n\n<figure class=\"wp-block-gallery has-nested-images columns-default is-cropped wp-block-gallery-1 is-layout-flex wp-block-gallery-is-layout-flex\">\n<figure class=\"wp-block-image size-large\"><img decoding=\"async\" width=\"819\" height=\"1024\" data-id=\"280682\" src=\"https:\/\/www.tapasmagazine.es\/wp-content\/uploads\/2025\/02\/478539937_17864612574337928_6132701524506826990_n-819x1024.jpg\" alt=\"\" class=\"wp-image-280682\" srcset=\"https:\/\/www.tapasmagazine.es\/wp-content\/uploads\/2025\/02\/478539937_17864612574337928_6132701524506826990_n-819x1024.jpg 819w, https:\/\/www.tapasmagazine.es\/wp-content\/uploads\/2025\/02\/478539937_17864612574337928_6132701524506826990_n-240x300.jpg 240w, https:\/\/www.tapasmagazine.es\/wp-content\/uploads\/2025\/02\/478539937_17864612574337928_6132701524506826990_n-768x960.jpg 768w, https:\/\/www.tapasmagazine.es\/wp-content\/uploads\/2025\/02\/478539937_17864612574337928_6132701524506826990_n-1000x1250.jpg 1000w, https:\/\/www.tapasmagazine.es\/wp-content\/uploads\/2025\/02\/478539937_17864612574337928_6132701524506826990_n-400x500.jpg 400w, https:\/\/www.tapasmagazine.es\/wp-content\/uploads\/2025\/02\/478539937_17864612574337928_6132701524506826990_n.jpg 1080w\" sizes=\"(max-width: 819px) 100vw, 819px\" \/><\/figure>\n\n\n\n<figure class=\"wp-block-image size-large\"><img decoding=\"async\" width=\"819\" height=\"1024\" data-id=\"280681\" src=\"https:\/\/www.tapasmagazine.es\/wp-content\/uploads\/2025\/02\/Run-and-coffee-\ud83e\udef1-_\ud83e\udef2-819x1024.jpg\" alt=\"\" class=\"wp-image-280681\" srcset=\"https:\/\/www.tapasmagazine.es\/wp-content\/uploads\/2025\/02\/Run-and-coffee-\ud83e\udef1-_\ud83e\udef2-819x1024.jpg 819w, https:\/\/www.tapasmagazine.es\/wp-content\/uploads\/2025\/02\/Run-and-coffee-\ud83e\udef1-_\ud83e\udef2-240x300.jpg 240w, https:\/\/www.tapasmagazine.es\/wp-content\/uploads\/2025\/02\/Run-and-coffee-\ud83e\udef1-_\ud83e\udef2-768x960.jpg 768w, https:\/\/www.tapasmagazine.es\/wp-content\/uploads\/2025\/02\/Run-and-coffee-\ud83e\udef1-_\ud83e\udef2-1000x1250.jpg 1000w, https:\/\/www.tapasmagazine.es\/wp-content\/uploads\/2025\/02\/Run-and-coffee-\ud83e\udef1-_\ud83e\udef2-400x500.jpg 400w, https:\/\/www.tapasmagazine.es\/wp-content\/uploads\/2025\/02\/Run-and-coffee-\ud83e\udef1-_\ud83e\udef2.jpg 1080w\" sizes=\"(max-width: 819px) 100vw, 819px\" \/><\/figure>\n<\/figure>\n\n\n\n<p><strong>Fiveocoffe<\/strong> presents itself as the culinary extension of the spirit of its contemporary fashion shop Fiveo. Officially opened in 2025, this specialty coffee shop is nestled in Ruzafa, and embodies their passion for a lifestyle that celebrates clothing, architecture, art and the perfect cup of coffee. With beans roasted locally in Valencia, Five Coffee invites you to savour the craftsmanship and culture that inspire everything we do.&#8217; In addition, in this venue, they have a canned coffee design that just elevates the whole concept that represents it.<\/p>\n\n\n\n<p>\ud83d\udccd Where? En C. Dr. Serrano 1, 46006 VLC.<\/p>\n\n\n\n<p><strong><mark style=\"background-color:#ff0000\" class=\"has-inline-color\"><strong><mark style=\"background-color:#000000;color:#ffffff\" class=\"has-inline-color\">  CASA FRAN  <\/mark><\/strong><\/mark><\/strong><\/p>\n\n\n\n<figure class=\"wp-block-gallery has-nested-images columns-default is-cropped wp-block-gallery-2 is-layout-flex wp-block-gallery-is-layout-flex\">\n<figure class=\"wp-block-image size-large\"><img decoding=\"async\" width=\"820\" height=\"1024\" data-id=\"280694\" src=\"https:\/\/www.tapasmagazine.es\/wp-content\/uploads\/2025\/02\/Screenshot-2025-02-17-at-16-59-56-FRAN-@francafe_es-\u2022-Fotos-y-videos-de-Instagram-820x1024.png\" alt=\"\" class=\"wp-image-280694\" srcset=\"https:\/\/www.tapasmagazine.es\/wp-content\/uploads\/2025\/02\/Screenshot-2025-02-17-at-16-59-56-FRAN-@francafe_es-\u2022-Fotos-y-videos-de-Instagram-820x1024.png 820w, https:\/\/www.tapasmagazine.es\/wp-content\/uploads\/2025\/02\/Screenshot-2025-02-17-at-16-59-56-FRAN-@francafe_es-\u2022-Fotos-y-videos-de-Instagram-240x300.png 240w, https:\/\/www.tapasmagazine.es\/wp-content\/uploads\/2025\/02\/Screenshot-2025-02-17-at-16-59-56-FRAN-@francafe_es-\u2022-Fotos-y-videos-de-Instagram-768x959.png 768w, https:\/\/www.tapasmagazine.es\/wp-content\/uploads\/2025\/02\/Screenshot-2025-02-17-at-16-59-56-FRAN-@francafe_es-\u2022-Fotos-y-videos-de-Instagram-1000x1249.png 1000w, https:\/\/www.tapasmagazine.es\/wp-content\/uploads\/2025\/02\/Screenshot-2025-02-17-at-16-59-56-FRAN-@francafe_es-\u2022-Fotos-y-videos-de-Instagram-400x500.png 400w, https:\/\/www.tapasmagazine.es\/wp-content\/uploads\/2025\/02\/Screenshot-2025-02-17-at-16-59-56-FRAN-@francafe_es-\u2022-Fotos-y-videos-de-Instagram.png 1077w\" sizes=\"(max-width: 820px) 100vw, 820px\" \/><\/figure>\n\n\n\n<figure class=\"wp-block-image size-large\"><img decoding=\"async\" width=\"820\" height=\"1024\" data-id=\"280692\" src=\"https:\/\/www.tapasmagazine.es\/wp-content\/uploads\/2025\/02\/Screenshot-2025-02-17-at-16-58-46-FRAN-@francafe_es-\u2022-Fotos-y-videos-de-Instagram-820x1024.png\" alt=\"\" class=\"wp-image-280692\" srcset=\"https:\/\/www.tapasmagazine.es\/wp-content\/uploads\/2025\/02\/Screenshot-2025-02-17-at-16-58-46-FRAN-@francafe_es-\u2022-Fotos-y-videos-de-Instagram-820x1024.png 820w, https:\/\/www.tapasmagazine.es\/wp-content\/uploads\/2025\/02\/Screenshot-2025-02-17-at-16-58-46-FRAN-@francafe_es-\u2022-Fotos-y-videos-de-Instagram-240x300.png 240w, https:\/\/www.tapasmagazine.es\/wp-content\/uploads\/2025\/02\/Screenshot-2025-02-17-at-16-58-46-FRAN-@francafe_es-\u2022-Fotos-y-videos-de-Instagram-768x959.png 768w, https:\/\/www.tapasmagazine.es\/wp-content\/uploads\/2025\/02\/Screenshot-2025-02-17-at-16-58-46-FRAN-@francafe_es-\u2022-Fotos-y-videos-de-Instagram-1000x1249.png 1000w, https:\/\/www.tapasmagazine.es\/wp-content\/uploads\/2025\/02\/Screenshot-2025-02-17-at-16-58-46-FRAN-@francafe_es-\u2022-Fotos-y-videos-de-Instagram-400x500.png 400w, https:\/\/www.tapasmagazine.es\/wp-content\/uploads\/2025\/02\/Screenshot-2025-02-17-at-16-58-46-FRAN-@francafe_es-\u2022-Fotos-y-videos-de-Instagram.png 1077w\" sizes=\"(max-width: 820px) 100vw, 820px\" \/><\/figure>\n<\/figure>\n\n\n\n<p>&#8216;Fran is a coffee and other little things. Fran is a caf\u00e9 with personality&#8217;, say the notes of this caf\u00e9 &amp; home where you can eat delicious, homemade food with a cup of coffee in a space where architecture meets gastronomy. Inside <strong>FRAN<\/strong>&#8216;s artistic oasis you can enjoy speciality coffees alongside healthy dishes, and an exhibition and sales area for products selected by Victoria and Milagros Grosso, the founders of the project.<\/p>\n\n\n\n<p>\ud83d\udccdWhere? Puerto Rico 29, 46006.<\/p>\n\n\n\n<p><strong><strong><mark style=\"background-color:#ff0000\" class=\"has-inline-color\"><strong><mark style=\"background-color:#000000;color:#ffffff\" class=\"has-inline-color\">  BLACKBIRD  <\/mark><\/strong><\/mark><\/strong><\/strong><\/p>\n\n\n\n<figure class=\"wp-block-gallery has-nested-images columns-default is-cropped wp-block-gallery-3 is-layout-flex wp-block-gallery-is-layout-flex\">\n<figure class=\"wp-block-image size-large\"><img decoding=\"async\" width=\"1024\" height=\"1024\" data-id=\"280738\" src=\"https:\/\/www.tapasmagazine.es\/wp-content\/uploads\/2025\/02\/12-1024x1024.jpg\" alt=\"\" class=\"wp-image-280738\" srcset=\"https:\/\/www.tapasmagazine.es\/wp-content\/uploads\/2025\/02\/12-1024x1024.jpg 1024w, https:\/\/www.tapasmagazine.es\/wp-content\/uploads\/2025\/02\/12-300x300.jpg 300w, https:\/\/www.tapasmagazine.es\/wp-content\/uploads\/2025\/02\/12-150x150.jpg 150w, https:\/\/www.tapasmagazine.es\/wp-content\/uploads\/2025\/02\/12-768x768.jpg 768w, https:\/\/www.tapasmagazine.es\/wp-content\/uploads\/2025\/02\/12-1000x1000.jpg 1000w, https:\/\/www.tapasmagazine.es\/wp-content\/uploads\/2025\/02\/12-400x400.jpg 400w, https:\/\/www.tapasmagazine.es\/wp-content\/uploads\/2025\/02\/12.jpg 1345w\" sizes=\"(max-width: 1024px) 100vw, 1024px\" \/><\/figure>\n<\/figure>\n\n\n\n<p><strong>Blackbird<\/strong>&#8216;s cups serve only specialty coffee, seasonal and freshly roasted by the best roasters. Their cult drink can be combined with their range of croissants, cookies, cakes and countless innovative pastry iterations such as their pistachio cream-filled croissant dough, pistachio crumble and candied kumquats. Importantly, everything is baked in their own bakery.<\/p>\n\n\n\n<p>\ud83d\udccdWhere? Blackbird Ruzafa &#8211; Calle reina do\u00f1a mar\u00eda 7 \/ little blackbird &#8211; Calle danzas 2.<\/p>\n\n\n\n<p><strong><strong><strong><strong><mark style=\"background-color:#ff0000\" class=\"has-inline-color\"><strong><mark style=\"background-color:#000000;color:#ffffff\" class=\"has-inline-color\">  EAST CREMA COFFEE  <\/mark><\/strong><\/mark><\/strong><\/strong><\/strong><\/strong><\/p>\n\n\n<div class=\"wp-block-image\">\n<figure class=\"aligncenter size-full\"><img decoding=\"async\" width=\"1000\" height=\"761\" src=\"https:\/\/www.tapasmagazine.es\/wp-content\/uploads\/2025\/02\/East_Crema_Coffee_Sorni_19_-_4.webp\" alt=\"\" class=\"wp-image-280703\" srcset=\"https:\/\/www.tapasmagazine.es\/wp-content\/uploads\/2025\/02\/East_Crema_Coffee_Sorni_19_-_4.webp 1000w, https:\/\/www.tapasmagazine.es\/wp-content\/uploads\/2025\/02\/East_Crema_Coffee_Sorni_19_-_4-300x228.webp 300w, https:\/\/www.tapasmagazine.es\/wp-content\/uploads\/2025\/02\/East_Crema_Coffee_Sorni_19_-_4-768x584.webp 768w, https:\/\/www.tapasmagazine.es\/wp-content\/uploads\/2025\/02\/East_Crema_Coffee_Sorni_19_-_4-400x304.webp 400w\" sizes=\"(max-width: 1000px) 100vw, 1000px\" \/><\/figure>\n<\/div>\n\n\n<p>The<strong> East Crema Coffee<\/strong> experience spreads the culture of good coffee from the city of T\u00faria in a space built in organic materials that reflects its identity and values \u2018from the earth to our hands\u2019. East Crema Coffee Sorn\u00ed is a place where you can enjoy your favourite coffee with a fusion of tradition, sustainability and minimalism. A new space faithful to our concept and our inspiration in the city of Tokyo&#8217;. In their proposal, they have 100% Arabica coffee infused with floral notes, chocolate and fruits.<\/p>\n\n\n\n<p>\ud83d\udccd Where? C\/ de Sorn\u00ed, 19, L&#8217;Eixample, 46004.<br><\/p>\n\n\n\n<p><strong><strong><strong><strong><mark style=\"background-color:#ff0000\" class=\"has-inline-color\"><strong><mark style=\"background-color:#000000;color:#ffffff\" class=\"has-inline-color\">  CASA RA\u00cdZ  <\/mark><\/strong><\/mark><\/strong><\/strong><\/strong><\/strong><\/p>\n\n\n\n<figure class=\"wp-block-gallery has-nested-images columns-default is-cropped wp-block-gallery-4 is-layout-flex wp-block-gallery-is-layout-flex\">\n<figure class=\"wp-block-image size-large\"><img decoding=\"async\" width=\"818\" height=\"1024\" data-id=\"280724\" src=\"https:\/\/www.tapasmagazine.es\/wp-content\/uploads\/2025\/02\/1-818x1024.jpg\" alt=\"\" class=\"wp-image-280724\" srcset=\"https:\/\/www.tapasmagazine.es\/wp-content\/uploads\/2025\/02\/1-818x1024.jpg 818w, https:\/\/www.tapasmagazine.es\/wp-content\/uploads\/2025\/02\/1-240x300.jpg 240w, https:\/\/www.tapasmagazine.es\/wp-content\/uploads\/2025\/02\/1-768x961.jpg 768w, https:\/\/www.tapasmagazine.es\/wp-content\/uploads\/2025\/02\/1-1000x1252.jpg 1000w, https:\/\/www.tapasmagazine.es\/wp-content\/uploads\/2025\/02\/1-400x501.jpg 400w, https:\/\/www.tapasmagazine.es\/wp-content\/uploads\/2025\/02\/1.jpg 1080w\" sizes=\"(max-width: 818px) 100vw, 818px\" \/><\/figure>\n\n\n\n<figure class=\"wp-block-image size-large\"><img decoding=\"async\" width=\"820\" height=\"1024\" data-id=\"280722\" src=\"https:\/\/www.tapasmagazine.es\/wp-content\/uploads\/2025\/02\/Screenshot-2025-02-18-at-09-39-01-LOS-PICOS-@lospicoscafe-\u2022-Fotos-y-videos-de-Instagram-820x1024.png\" alt=\"\" class=\"wp-image-280722\" srcset=\"https:\/\/www.tapasmagazine.es\/wp-content\/uploads\/2025\/02\/Screenshot-2025-02-18-at-09-39-01-LOS-PICOS-@lospicoscafe-\u2022-Fotos-y-videos-de-Instagram-820x1024.png 820w, https:\/\/www.tapasmagazine.es\/wp-content\/uploads\/2025\/02\/Screenshot-2025-02-18-at-09-39-01-LOS-PICOS-@lospicoscafe-\u2022-Fotos-y-videos-de-Instagram-240x300.png 240w, https:\/\/www.tapasmagazine.es\/wp-content\/uploads\/2025\/02\/Screenshot-2025-02-18-at-09-39-01-LOS-PICOS-@lospicoscafe-\u2022-Fotos-y-videos-de-Instagram-768x959.png 768w, https:\/\/www.tapasmagazine.es\/wp-content\/uploads\/2025\/02\/Screenshot-2025-02-18-at-09-39-01-LOS-PICOS-@lospicoscafe-\u2022-Fotos-y-videos-de-Instagram-1000x1249.png 1000w, https:\/\/www.tapasmagazine.es\/wp-content\/uploads\/2025\/02\/Screenshot-2025-02-18-at-09-39-01-LOS-PICOS-@lospicoscafe-\u2022-Fotos-y-videos-de-Instagram-400x500.png 400w, https:\/\/www.tapasmagazine.es\/wp-content\/uploads\/2025\/02\/Screenshot-2025-02-18-at-09-39-01-LOS-PICOS-@lospicoscafe-\u2022-Fotos-y-videos-de-Instagram.png 1080w\" sizes=\"(max-width: 820px) 100vw, 820px\" \/><\/figure>\n<\/figure>\n\n\n\n<p>&#8216;We all need to belong. Coffee is a way of doing that&#8217; is the philosophy behind this Mediterranean-inspired caf\u00e9 where everything from the furniture to the cups is carefully selected to make you feel at home. At <strong>Casa Ra\u00edz<\/strong> they are speciality coffee, homemade pastries and homemade ice cream. A place where @holacoffee coffee from Brazil and Costa Rica always shines, which you can accompany with its range of pastries, banana bread, cakes or savoury dishes such as its baked butter croissant with melted cheeses, cooked ham, rocket and cherry tomato.<\/p>\n\n\n\n<p>\ud83d\udccdWhere? C\/ del Pintor Salvador Abril, 34, 46005.<br><\/p>\n\n\n\n<p><strong><strong><strong><mark style=\"background-color:#ff0000\" class=\"has-inline-color\"><strong><mark style=\"background-color:#000000;color:#ffffff\" class=\"has-inline-color\">  LOS PICOS CAF\u00c9  <\/mark><\/strong><\/mark><\/strong><\/strong><\/strong><\/p>\n\n\n\n<figure class=\"wp-block-gallery has-nested-images columns-default is-cropped wp-block-gallery-5 is-layout-flex wp-block-gallery-is-layout-flex\">\n<figure class=\"wp-block-image size-large\"><img decoding=\"async\" width=\"819\" height=\"1024\" data-id=\"280713\" src=\"https:\/\/www.tapasmagazine.es\/wp-content\/uploads\/2025\/02\/169702577_563085341334345_5603144317559013066_n1-819x1024.jpg\" alt=\"\" class=\"wp-image-280713\" srcset=\"https:\/\/www.tapasmagazine.es\/wp-content\/uploads\/2025\/02\/169702577_563085341334345_5603144317559013066_n1-819x1024.jpg 819w, https:\/\/www.tapasmagazine.es\/wp-content\/uploads\/2025\/02\/169702577_563085341334345_5603144317559013066_n1-240x300.jpg 240w, https:\/\/www.tapasmagazine.es\/wp-content\/uploads\/2025\/02\/169702577_563085341334345_5603144317559013066_n1-768x960.jpg 768w, https:\/\/www.tapasmagazine.es\/wp-content\/uploads\/2025\/02\/169702577_563085341334345_5603144317559013066_n1-1000x1250.jpg 1000w, https:\/\/www.tapasmagazine.es\/wp-content\/uploads\/2025\/02\/169702577_563085341334345_5603144317559013066_n1-400x500.jpg 400w, https:\/\/www.tapasmagazine.es\/wp-content\/uploads\/2025\/02\/169702577_563085341334345_5603144317559013066_n1.jpg 1080w\" sizes=\"(max-width: 819px) 100vw, 819px\" \/><\/figure>\n\n\n\n<figure class=\"wp-block-image size-large\"><img decoding=\"async\" width=\"819\" height=\"1024\" data-id=\"280711\" src=\"https:\/\/www.tapasmagazine.es\/wp-content\/uploads\/2025\/02\/287144739_343421921262775_8375416345168276283_n-819x1024.jpg\" alt=\"\" class=\"wp-image-280711\" srcset=\"https:\/\/www.tapasmagazine.es\/wp-content\/uploads\/2025\/02\/287144739_343421921262775_8375416345168276283_n-819x1024.jpg 819w, https:\/\/www.tapasmagazine.es\/wp-content\/uploads\/2025\/02\/287144739_343421921262775_8375416345168276283_n-240x300.jpg 240w, https:\/\/www.tapasmagazine.es\/wp-content\/uploads\/2025\/02\/287144739_343421921262775_8375416345168276283_n-768x960.jpg 768w, https:\/\/www.tapasmagazine.es\/wp-content\/uploads\/2025\/02\/287144739_343421921262775_8375416345168276283_n-1000x1250.jpg 1000w, https:\/\/www.tapasmagazine.es\/wp-content\/uploads\/2025\/02\/287144739_343421921262775_8375416345168276283_n-400x500.jpg 400w, https:\/\/www.tapasmagazine.es\/wp-content\/uploads\/2025\/02\/287144739_343421921262775_8375416345168276283_n.jpg 1080w\" sizes=\"(max-width: 819px) 100vw, 819px\" \/><\/figure>\n<\/figure>\n\n\n\n<p><strong>Los Picos Caf\u00e9<\/strong> was one of the first neighbourhood caf\u00e9s to introduce speciality coffee in Valencia. Today it is a benchmark in the sector for fusing the best coffee with a range of American-inspired homemade pastries in which hits such as its Cuban sandwich, its brioche toast with butter and jam or its avocado toast coexist.<\/p>\n\n\n\n<p>\ud83d\udccd Where? Plaza Manuel Granero n\u00ba20, 46006.<\/p>\n\n\n\n<p><strong><strong><strong><strong><mark style=\"background-color:#ff0000\" class=\"has-inline-color\"><strong><mark style=\"background-color:#000000;color:#ffffff\" class=\"has-inline-color\">  BLUEBELL  <\/mark><\/strong><\/mark><\/strong><\/strong><\/strong><\/strong><\/p>\n\n\n\n<figure class=\"wp-block-gallery has-nested-images columns-default is-cropped wp-block-gallery-6 is-layout-flex wp-block-gallery-is-layout-flex\">\n<figure class=\"wp-block-image size-large\"><img decoding=\"async\" width=\"820\" height=\"1024\" data-id=\"280715\" src=\"https:\/\/www.tapasmagazine.es\/wp-content\/uploads\/2025\/02\/470481997_18472785703020307_4372258032497864410_n-820x1024.jpg\" alt=\"\" class=\"wp-image-280715\" srcset=\"https:\/\/www.tapasmagazine.es\/wp-content\/uploads\/2025\/02\/470481997_18472785703020307_4372258032497864410_n-820x1024.jpg 820w, https:\/\/www.tapasmagazine.es\/wp-content\/uploads\/2025\/02\/470481997_18472785703020307_4372258032497864410_n-240x300.jpg 240w, https:\/\/www.tapasmagazine.es\/wp-content\/uploads\/2025\/02\/470481997_18472785703020307_4372258032497864410_n-768x959.jpg 768w, https:\/\/www.tapasmagazine.es\/wp-content\/uploads\/2025\/02\/470481997_18472785703020307_4372258032497864410_n-1000x1249.jpg 1000w, https:\/\/www.tapasmagazine.es\/wp-content\/uploads\/2025\/02\/470481997_18472785703020307_4372258032497864410_n-400x500.jpg 400w, https:\/\/www.tapasmagazine.es\/wp-content\/uploads\/2025\/02\/470481997_18472785703020307_4372258032497864410_n.jpg 1080w\" sizes=\"(max-width: 820px) 100vw, 820px\" \/><\/figure>\n\n\n\n<figure class=\"wp-block-image size-large\"><img decoding=\"async\" width=\"820\" height=\"1024\" data-id=\"280716\" src=\"https:\/\/www.tapasmagazine.es\/wp-content\/uploads\/2025\/02\/473078211_18477258856020307_2385905731998580439_n-820x1024.jpg\" alt=\"\" class=\"wp-image-280716\" srcset=\"https:\/\/www.tapasmagazine.es\/wp-content\/uploads\/2025\/02\/473078211_18477258856020307_2385905731998580439_n-820x1024.jpg 820w, https:\/\/www.tapasmagazine.es\/wp-content\/uploads\/2025\/02\/473078211_18477258856020307_2385905731998580439_n-240x300.jpg 240w, https:\/\/www.tapasmagazine.es\/wp-content\/uploads\/2025\/02\/473078211_18477258856020307_2385905731998580439_n-768x959.jpg 768w, https:\/\/www.tapasmagazine.es\/wp-content\/uploads\/2025\/02\/473078211_18477258856020307_2385905731998580439_n-1000x1249.jpg 1000w, https:\/\/www.tapasmagazine.es\/wp-content\/uploads\/2025\/02\/473078211_18477258856020307_2385905731998580439_n-400x500.jpg 400w, https:\/\/www.tapasmagazine.es\/wp-content\/uploads\/2025\/02\/473078211_18477258856020307_2385905731998580439_n.jpg 1080w\" sizes=\"(max-width: 820px) 100vw, 820px\" \/><\/figure>\n<\/figure>\n\n\n\n<p><strong>Bluebell<\/strong> is leading the specialty coffee offer with a variety roasted by women in Valencia. The sisters who conceived and run the project, Yolanda and Marian Valero, transmit their love for coffee culture in connection with the planet; diluted in some delicacies such as their flat white or their iced lavender latte with homemade lavender syrup. To accompany them, the great recommendation is their pancakes with fresh cream and toasted sesame praline.<\/p>\n\n\n\n<p>\ud83d\udccd Where? C\/ de Buenos Aires, 3, L&#8217;Eixample, 46006.<\/p>\n","protected":false},"excerpt":{"rendered":"<p>Click here to read the Spanish version. Over the last decade, coffee culture has gone beyond the niche sphere -and its original target- to become more than a fashion, it has become a lifestyle that connects directly with the zeitgeist. From Tapas, we present a new series of nationally renowned speciality caf\u00e9s to put on [&hellip;]<\/p>\n","protected":false},"author":285,"featured_media":280680,"comment_status":"closed","ping_status":"closed","sticky":false,"template":"","format":"standard","meta":{"_acf_changed":false,"footnotes":""},"categories":[15807,1],"tags":[16537,18264,15853],"class_list":["post-280792","post","type-post","status-publish","format-standard","has-post-thumbnail","hentry","category-gastro-en","category-sin-categorizar","tag-cafe-en","tag-cafeteria-en","tag-valencia-en","cat-15807-id","cat-1-id"],"acf":[],"yoast_head":"<!-- This site is optimized with the Yoast SEO plugin v27.4 - https:\/\/yoast.com\/product\/yoast-seo-wordpress\/ -->\n<title>The definitive guide to speciality caf\u00e9s in Valencia - Tapas<\/title>\n<meta name=\"description\" content=\"Click here to read the Spanish version. Over the last decade, coffee culture has gone beyond the niche sphere -and its original target- to become more\" \/>\n<meta name=\"robots\" content=\"index, follow, max-snippet:-1, max-image-preview:large, max-video-preview:-1\" \/>\n<link rel=\"canonical\" href=\"https:\/\/www.tapasmagazine.es\/en\/the-definitive-guide-to-speciality-cafes-in-valencia\/\" \/>\n<meta property=\"og:locale\" content=\"en_US\" \/>\n<meta property=\"og:type\" content=\"article\" \/>\n<meta property=\"og:title\" content=\"The definitive guide to speciality caf\u00e9s in Valencia - Tapas\" \/>\n<meta property=\"og:description\" content=\"Click here to read the Spanish version. Over the last decade, coffee culture has gone beyond the niche sphere -and its original target- to become more\" \/>\n<meta property=\"og:url\" content=\"https:\/\/www.tapasmagazine.es\/en\/the-definitive-guide-to-speciality-cafes-in-valencia\/\" \/>\n<meta property=\"og:site_name\" content=\"Tapas\" \/>\n<meta property=\"article:publisher\" content=\"https:\/\/www.facebook.com\/tapasmagazine\" \/>\n<meta property=\"article:published_time\" content=\"2025-02-18T09:43:20+00:00\" \/>\n<meta property=\"article:modified_time\" content=\"2025-02-18T10:03:38+00:00\" \/>\n<meta property=\"og:image\" content=\"https:\/\/www.tapasmagazine.es\/wp-content\/uploads\/2025\/02\/juyu.jpg\" \/>\n\t<meta property=\"og:image:width\" content=\"1200\" \/>\n\t<meta property=\"og:image:height\" content=\"675\" \/>\n\t<meta property=\"og:image:type\" content=\"image\/jpeg\" \/>\n<meta name=\"author\" content=\"Laura P\u00e9rez\" \/>\n<meta name=\"twitter:card\" content=\"summary_large_image\" \/>\n<meta name=\"twitter:creator\" content=\"@TapasMagazine\" \/>\n<meta name=\"twitter:site\" content=\"@TapasMagazine\" \/>\n<meta name=\"twitter:label1\" content=\"Written by\" \/>\n\t<meta name=\"twitter:data1\" content=\"Laura P\u00e9rez\" \/>\n\t<meta name=\"twitter:label2\" content=\"Est. reading time\" \/>\n\t<meta name=\"twitter:data2\" content=\"6 minutes\" \/>\n<script type=\"application\/ld+json\" class=\"yoast-schema-graph\">{\"@context\":\"https:\\\/\\\/schema.org\",\"@graph\":[{\"@type\":\"Article\",\"@id\":\"https:\\\/\\\/www.tapasmagazine.es\\\/en\\\/the-definitive-guide-to-speciality-cafes-in-valencia\\\/#article\",\"isPartOf\":{\"@id\":\"https:\\\/\\\/www.tapasmagazine.es\\\/en\\\/the-definitive-guide-to-speciality-cafes-in-valencia\\\/\"},\"author\":{\"name\":\"Laura P\u00e9rez\",\"@id\":\"https:\\\/\\\/www.tapasmagazine.es\\\/#\\\/schema\\\/person\\\/eb46cbe76a9c8f062660eb609e3ecb4e\"},\"headline\":\"The definitive guide to speciality caf\u00e9s in Valencia\",\"datePublished\":\"2025-02-18T09:43:20+00:00\",\"dateModified\":\"2025-02-18T10:03:38+00:00\",\"mainEntityOfPage\":{\"@id\":\"https:\\\/\\\/www.tapasmagazine.es\\\/en\\\/the-definitive-guide-to-speciality-cafes-in-valencia\\\/\"},\"wordCount\":690,\"publisher\":{\"@id\":\"https:\\\/\\\/www.tapasmagazine.es\\\/#organization\"},\"image\":{\"@id\":\"https:\\\/\\\/www.tapasmagazine.es\\\/en\\\/the-definitive-guide-to-speciality-cafes-in-valencia\\\/#primaryimage\"},\"thumbnailUrl\":\"https:\\\/\\\/www.tapasmagazine.es\\\/wp-content\\\/uploads\\\/2025\\\/02\\\/juyu.jpg\",\"keywords\":[\"caf\u00e9\",\"cafeter\u00eda\",\"Valencia\"],\"articleSection\":[\"Gastro\",\"Sin categorizar\"],\"inLanguage\":\"en-US\"},{\"@type\":\"WebPage\",\"@id\":\"https:\\\/\\\/www.tapasmagazine.es\\\/en\\\/the-definitive-guide-to-speciality-cafes-in-valencia\\\/\",\"url\":\"https:\\\/\\\/www.tapasmagazine.es\\\/en\\\/the-definitive-guide-to-speciality-cafes-in-valencia\\\/\",\"name\":\"The definitive guide to speciality caf\u00e9s in Valencia - Tapas\",\"isPartOf\":{\"@id\":\"https:\\\/\\\/www.tapasmagazine.es\\\/#website\"},\"primaryImageOfPage\":{\"@id\":\"https:\\\/\\\/www.tapasmagazine.es\\\/en\\\/the-definitive-guide-to-speciality-cafes-in-valencia\\\/#primaryimage\"},\"image\":{\"@id\":\"https:\\\/\\\/www.tapasmagazine.es\\\/en\\\/the-definitive-guide-to-speciality-cafes-in-valencia\\\/#primaryimage\"},\"thumbnailUrl\":\"https:\\\/\\\/www.tapasmagazine.es\\\/wp-content\\\/uploads\\\/2025\\\/02\\\/juyu.jpg\",\"datePublished\":\"2025-02-18T09:43:20+00:00\",\"dateModified\":\"2025-02-18T10:03:38+00:00\",\"description\":\"Click here to read the Spanish version. Over the last decade, coffee culture has gone beyond the niche sphere -and its original target- to become more\",\"breadcrumb\":{\"@id\":\"https:\\\/\\\/www.tapasmagazine.es\\\/en\\\/the-definitive-guide-to-speciality-cafes-in-valencia\\\/#breadcrumb\"},\"inLanguage\":\"en-US\",\"potentialAction\":[{\"@type\":\"ReadAction\",\"target\":[\"https:\\\/\\\/www.tapasmagazine.es\\\/en\\\/the-definitive-guide-to-speciality-cafes-in-valencia\\\/\"]}]},{\"@type\":\"ImageObject\",\"inLanguage\":\"en-US\",\"@id\":\"https:\\\/\\\/www.tapasmagazine.es\\\/en\\\/the-definitive-guide-to-speciality-cafes-in-valencia\\\/#primaryimage\",\"url\":\"https:\\\/\\\/www.tapasmagazine.es\\\/wp-content\\\/uploads\\\/2025\\\/02\\\/juyu.jpg\",\"contentUrl\":\"https:\\\/\\\/www.tapasmagazine.es\\\/wp-content\\\/uploads\\\/2025\\\/02\\\/juyu.jpg\",\"width\":1200,\"height\":675},{\"@type\":\"BreadcrumbList\",\"@id\":\"https:\\\/\\\/www.tapasmagazine.es\\\/en\\\/the-definitive-guide-to-speciality-cafes-in-valencia\\\/#breadcrumb\",\"itemListElement\":[{\"@type\":\"ListItem\",\"position\":1,\"name\":\"Portada\",\"item\":\"https:\\\/\\\/www.tapasmagazine.es\\\/\"},{\"@type\":\"ListItem\",\"position\":2,\"name\":\"Sin categorizar\",\"item\":\"https:\\\/\\\/www.tapasmagazine.es\\\/categorias\\\/sin-categorizar\\\/\"},{\"@type\":\"ListItem\",\"position\":3,\"name\":\"The definitive guide to speciality caf\u00e9s in Valencia\"}]},{\"@type\":\"WebSite\",\"@id\":\"https:\\\/\\\/www.tapasmagazine.es\\\/#website\",\"url\":\"https:\\\/\\\/www.tapasmagazine.es\\\/\",\"name\":\"Tapas\",\"description\":\"\u00d1am \u00d1am Lifestyle. La vida a bocados. Premio Nacional de Gastronom\u00eda 2016.\",\"publisher\":{\"@id\":\"https:\\\/\\\/www.tapasmagazine.es\\\/#organization\"},\"potentialAction\":[{\"@type\":\"SearchAction\",\"target\":{\"@type\":\"EntryPoint\",\"urlTemplate\":\"https:\\\/\\\/www.tapasmagazine.es\\\/?s={search_term_string}\"},\"query-input\":{\"@type\":\"PropertyValueSpecification\",\"valueRequired\":true,\"valueName\":\"search_term_string\"}}],\"inLanguage\":\"en-US\"},{\"@type\":\"Organization\",\"@id\":\"https:\\\/\\\/www.tapasmagazine.es\\\/#organization\",\"name\":\"Tapas Magazine\",\"url\":\"https:\\\/\\\/www.tapasmagazine.es\\\/\",\"logo\":{\"@type\":\"ImageObject\",\"inLanguage\":\"en-US\",\"@id\":\"https:\\\/\\\/www.tapasmagazine.es\\\/#\\\/schema\\\/logo\\\/image\\\/\",\"url\":\"https:\\\/\\\/www.tapasmagazine.es\\\/wp-content\\\/uploads\\\/2018\\\/01\\\/logo.png\",\"contentUrl\":\"https:\\\/\\\/www.tapasmagazine.es\\\/wp-content\\\/uploads\\\/2018\\\/01\\\/logo.png\",\"width\":180,\"height\":60,\"caption\":\"Tapas Magazine\"},\"image\":{\"@id\":\"https:\\\/\\\/www.tapasmagazine.es\\\/#\\\/schema\\\/logo\\\/image\\\/\"},\"sameAs\":[\"https:\\\/\\\/www.facebook.com\\\/tapasmagazine\",\"https:\\\/\\\/x.com\\\/TapasMagazine\",\"https:\\\/\\\/www.instagram.com\\\/tapasmagazine\\\/\",\"https:\\\/\\\/www.linkedin.com\\\/company\\\/tapas-magazine\",\"https:\\\/\\\/es.pinterest.com\\\/tapasmagazine\\\/\",\"https:\\\/\\\/www.youtube.com\\\/channel\\\/UCEyxneAaACuR0lfDagrWjjg?sub_confirmation=1\"]},{\"@type\":\"Person\",\"@id\":\"https:\\\/\\\/www.tapasmagazine.es\\\/#\\\/schema\\\/person\\\/eb46cbe76a9c8f062660eb609e3ecb4e\",\"name\":\"Laura P\u00e9rez\",\"url\":\"https:\\\/\\\/www.tapasmagazine.es\\\/en\\\/author\\\/laura-perez\\\/\"}]}<\/script>\n<!-- \/ Yoast SEO plugin. -->","yoast_head_json":{"title":"The definitive guide to speciality caf\u00e9s in Valencia - Tapas","description":"Click here to read the Spanish version. Over the last decade, coffee culture has gone beyond the niche sphere -and its original target- to become more","robots":{"index":"index","follow":"follow","max-snippet":"max-snippet:-1","max-image-preview":"max-image-preview:large","max-video-preview":"max-video-preview:-1"},"canonical":"https:\/\/www.tapasmagazine.es\/en\/the-definitive-guide-to-speciality-cafes-in-valencia\/","og_locale":"en_US","og_type":"article","og_title":"The definitive guide to speciality caf\u00e9s in Valencia - Tapas","og_description":"Click here to read the Spanish version. Over the last decade, coffee culture has gone beyond the niche sphere -and its original target- to become more","og_url":"https:\/\/www.tapasmagazine.es\/en\/the-definitive-guide-to-speciality-cafes-in-valencia\/","og_site_name":"Tapas","article_publisher":"https:\/\/www.facebook.com\/tapasmagazine","article_published_time":"2025-02-18T09:43:20+00:00","article_modified_time":"2025-02-18T10:03:38+00:00","og_image":[{"width":1200,"height":675,"url":"https:\/\/www.tapasmagazine.es\/wp-content\/uploads\/2025\/02\/juyu.jpg","type":"image\/jpeg"}],"author":"Laura P\u00e9rez","twitter_card":"summary_large_image","twitter_creator":"@TapasMagazine","twitter_site":"@TapasMagazine","twitter_misc":{"Written by":"Laura P\u00e9rez","Est. reading time":"6 minutes"},"schema":{"@context":"https:\/\/schema.org","@graph":[{"@type":"Article","@id":"https:\/\/www.tapasmagazine.es\/en\/the-definitive-guide-to-speciality-cafes-in-valencia\/#article","isPartOf":{"@id":"https:\/\/www.tapasmagazine.es\/en\/the-definitive-guide-to-speciality-cafes-in-valencia\/"},"author":{"name":"Laura P\u00e9rez","@id":"https:\/\/www.tapasmagazine.es\/#\/schema\/person\/eb46cbe76a9c8f062660eb609e3ecb4e"},"headline":"The definitive guide to speciality caf\u00e9s in Valencia","datePublished":"2025-02-18T09:43:20+00:00","dateModified":"2025-02-18T10:03:38+00:00","mainEntityOfPage":{"@id":"https:\/\/www.tapasmagazine.es\/en\/the-definitive-guide-to-speciality-cafes-in-valencia\/"},"wordCount":690,"publisher":{"@id":"https:\/\/www.tapasmagazine.es\/#organization"},"image":{"@id":"https:\/\/www.tapasmagazine.es\/en\/the-definitive-guide-to-speciality-cafes-in-valencia\/#primaryimage"},"thumbnailUrl":"https:\/\/www.tapasmagazine.es\/wp-content\/uploads\/2025\/02\/juyu.jpg","keywords":["caf\u00e9","cafeter\u00eda","Valencia"],"articleSection":["Gastro","Sin categorizar"],"inLanguage":"en-US"},{"@type":"WebPage","@id":"https:\/\/www.tapasmagazine.es\/en\/the-definitive-guide-to-speciality-cafes-in-valencia\/","url":"https:\/\/www.tapasmagazine.es\/en\/the-definitive-guide-to-speciality-cafes-in-valencia\/","name":"The definitive guide to speciality caf\u00e9s in Valencia - Tapas","isPartOf":{"@id":"https:\/\/www.tapasmagazine.es\/#website"},"primaryImageOfPage":{"@id":"https:\/\/www.tapasmagazine.es\/en\/the-definitive-guide-to-speciality-cafes-in-valencia\/#primaryimage"},"image":{"@id":"https:\/\/www.tapasmagazine.es\/en\/the-definitive-guide-to-speciality-cafes-in-valencia\/#primaryimage"},"thumbnailUrl":"https:\/\/www.tapasmagazine.es\/wp-content\/uploads\/2025\/02\/juyu.jpg","datePublished":"2025-02-18T09:43:20+00:00","dateModified":"2025-02-18T10:03:38+00:00","description":"Click here to read the Spanish version. Over the last decade, coffee culture has gone beyond the niche sphere -and its original target- to become more","breadcrumb":{"@id":"https:\/\/www.tapasmagazine.es\/en\/the-definitive-guide-to-speciality-cafes-in-valencia\/#breadcrumb"},"inLanguage":"en-US","potentialAction":[{"@type":"ReadAction","target":["https:\/\/www.tapasmagazine.es\/en\/the-definitive-guide-to-speciality-cafes-in-valencia\/"]}]},{"@type":"ImageObject","inLanguage":"en-US","@id":"https:\/\/www.tapasmagazine.es\/en\/the-definitive-guide-to-speciality-cafes-in-valencia\/#primaryimage","url":"https:\/\/www.tapasmagazine.es\/wp-content\/uploads\/2025\/02\/juyu.jpg","contentUrl":"https:\/\/www.tapasmagazine.es\/wp-content\/uploads\/2025\/02\/juyu.jpg","width":1200,"height":675},{"@type":"BreadcrumbList","@id":"https:\/\/www.tapasmagazine.es\/en\/the-definitive-guide-to-speciality-cafes-in-valencia\/#breadcrumb","itemListElement":[{"@type":"ListItem","position":1,"name":"Portada","item":"https:\/\/www.tapasmagazine.es\/"},{"@type":"ListItem","position":2,"name":"Sin categorizar","item":"https:\/\/www.tapasmagazine.es\/categorias\/sin-categorizar\/"},{"@type":"ListItem","position":3,"name":"The definitive guide to speciality caf\u00e9s in Valencia"}]},{"@type":"WebSite","@id":"https:\/\/www.tapasmagazine.es\/#website","url":"https:\/\/www.tapasmagazine.es\/","name":"Tapas","description":"\u00d1am \u00d1am Lifestyle. La vida a bocados. Premio Nacional de Gastronom\u00eda 2016.","publisher":{"@id":"https:\/\/www.tapasmagazine.es\/#organization"},"potentialAction":[{"@type":"SearchAction","target":{"@type":"EntryPoint","urlTemplate":"https:\/\/www.tapasmagazine.es\/?s={search_term_string}"},"query-input":{"@type":"PropertyValueSpecification","valueRequired":true,"valueName":"search_term_string"}}],"inLanguage":"en-US"},{"@type":"Organization","@id":"https:\/\/www.tapasmagazine.es\/#organization","name":"Tapas Magazine","url":"https:\/\/www.tapasmagazine.es\/","logo":{"@type":"ImageObject","inLanguage":"en-US","@id":"https:\/\/www.tapasmagazine.es\/#\/schema\/logo\/image\/","url":"https:\/\/www.tapasmagazine.es\/wp-content\/uploads\/2018\/01\/logo.png","contentUrl":"https:\/\/www.tapasmagazine.es\/wp-content\/uploads\/2018\/01\/logo.png","width":180,"height":60,"caption":"Tapas Magazine"},"image":{"@id":"https:\/\/www.tapasmagazine.es\/#\/schema\/logo\/image\/"},"sameAs":["https:\/\/www.facebook.com\/tapasmagazine","https:\/\/x.com\/TapasMagazine","https:\/\/www.instagram.com\/tapasmagazine\/","https:\/\/www.linkedin.com\/company\/tapas-magazine","https:\/\/es.pinterest.com\/tapasmagazine\/","https:\/\/www.youtube.com\/channel\/UCEyxneAaACuR0lfDagrWjjg?sub_confirmation=1"]},{"@type":"Person","@id":"https:\/\/www.tapasmagazine.es\/#\/schema\/person\/eb46cbe76a9c8f062660eb609e3ecb4e","name":"Laura P\u00e9rez","url":"https:\/\/www.tapasmagazine.es\/en\/author\/laura-perez\/"}]}},"_links":{"self":[{"href":"https:\/\/www.tapasmagazine.es\/en\/wp-json\/wp\/v2\/posts\/280792","targetHints":{"allow":["GET"]}}],"collection":[{"href":"https:\/\/www.tapasmagazine.es\/en\/wp-json\/wp\/v2\/posts"}],"about":[{"href":"https:\/\/www.tapasmagazine.es\/en\/wp-json\/wp\/v2\/types\/post"}],"author":[{"embeddable":true,"href":"https:\/\/www.tapasmagazine.es\/en\/wp-json\/wp\/v2\/users\/285"}],"replies":[{"embeddable":true,"href":"https:\/\/www.tapasmagazine.es\/en\/wp-json\/wp\/v2\/comments?post=280792"}],"version-history":[{"count":2,"href":"https:\/\/www.tapasmagazine.es\/en\/wp-json\/wp\/v2\/posts\/280792\/revisions"}],"predecessor-version":[{"id":280802,"href":"https:\/\/www.tapasmagazine.es\/en\/wp-json\/wp\/v2\/posts\/280792\/revisions\/280802"}],"wp:featuredmedia":[{"embeddable":true,"href":"https:\/\/www.tapasmagazine.es\/en\/wp-json\/wp\/v2\/media\/280680"}],"wp:attachment":[{"href":"https:\/\/www.tapasmagazine.es\/en\/wp-json\/wp\/v2\/media?parent=280792"}],"wp:term":[{"taxonomy":"category","embeddable":true,"href":"https:\/\/www.tapasmagazine.es\/en\/wp-json\/wp\/v2\/categories?post=280792"},{"taxonomy":"post_tag","embeddable":true,"href":"https:\/\/www.tapasmagazine.es\/en\/wp-json\/wp\/v2\/tags?post=280792"}],"curies":[{"name":"wp","href":"https:\/\/api.w.org\/{rel}","templated":true}]}}