{"id":280068,"date":"2025-02-12T12:38:26","date_gmt":"2025-02-12T11:38:26","guid":{"rendered":"https:\/\/www.tapasmagazine.es\/el-festival-all-those-food-market-regresa-a-barcelona-esta-primavera\/"},"modified":"2025-02-12T12:44:07","modified_gmt":"2025-02-12T11:44:07","slug":"all-those-food-market-returns-to-barcelona-this-spring","status":"publish","type":"post","link":"https:\/\/www.tapasmagazine.es\/en\/all-those-food-market-returns-to-barcelona-this-spring\/","title":{"rendered":"\u2018All Those Food Market\u2019 festival returns to Barcelona this spring"},"content":{"rendered":"\n<p><strong>Click <a href=\"https:\/\/www.tapasmagazine.es\/el-festival-all-those-food-market-regresa-a-barcelona-esta-primavera\/\" target=\"_blank\" rel=\"noreferrer noopener\">here<\/a> to read the Spanish version<\/strong>.<\/p>\n\n\n\n<p>From the traditional to the avant-garde, the local or traditional and the global, as well as gastronomy and craftsmanship. All this and much more will be on display once again at <strong><strong><a href=\"https:\/\/www.instagram.com\/all_those\/\" target=\"_blank\" rel=\"noreferrer noopener\">All Those Food Market<\/a> <\/strong><\/strong> from <strong>26 to 27 April<\/strong> at the <strong>Moll de la Fusta<\/strong> in<strong> Barcelona<\/strong>.<\/p>\n\n\n\n<figure class=\"wp-block-gallery has-nested-images columns-default is-cropped wp-block-gallery-1 is-layout-flex wp-block-gallery-is-layout-flex\">\n<figure class=\"wp-block-image size-large\"><img decoding=\"async\" width=\"684\" height=\"1024\" data-id=\"280057\" src=\"https:\/\/www.tapasmagazine.es\/wp-content\/uploads\/2025\/02\/2.-AlejandraPerello-684x1024.jpg\" alt=\"\" class=\"wp-image-280057\" srcset=\"https:\/\/www.tapasmagazine.es\/wp-content\/uploads\/2025\/02\/2.-AlejandraPerello-684x1024.jpg 684w, https:\/\/www.tapasmagazine.es\/wp-content\/uploads\/2025\/02\/2.-AlejandraPerello-200x300.jpg 200w, https:\/\/www.tapasmagazine.es\/wp-content\/uploads\/2025\/02\/2.-AlejandraPerello-768x1150.jpg 768w, https:\/\/www.tapasmagazine.es\/wp-content\/uploads\/2025\/02\/2.-AlejandraPerello-1026x1536.jpg 1026w, https:\/\/www.tapasmagazine.es\/wp-content\/uploads\/2025\/02\/2.-AlejandraPerello-1367x2048.jpg 1367w, https:\/\/www.tapasmagazine.es\/wp-content\/uploads\/2025\/02\/2.-AlejandraPerello-1000x1498.jpg 1000w, https:\/\/www.tapasmagazine.es\/wp-content\/uploads\/2025\/02\/2.-AlejandraPerello-400x599.jpg 400w, https:\/\/www.tapasmagazine.es\/wp-content\/uploads\/2025\/02\/2.-AlejandraPerello.jpg 1587w\" sizes=\"(max-width: 684px) 100vw, 684px\" \/><\/figure>\n\n\n\n<figure class=\"wp-block-image size-large\"><img decoding=\"async\" width=\"1024\" height=\"684\" data-id=\"280056\" src=\"https:\/\/www.tapasmagazine.es\/wp-content\/uploads\/2025\/02\/26.-AlejandraPerello-1024x684.jpg\" alt=\"\" class=\"wp-image-280056\" srcset=\"https:\/\/www.tapasmagazine.es\/wp-content\/uploads\/2025\/02\/26.-AlejandraPerello-1024x684.jpg 1024w, https:\/\/www.tapasmagazine.es\/wp-content\/uploads\/2025\/02\/26.-AlejandraPerello-300x200.jpg 300w, https:\/\/www.tapasmagazine.es\/wp-content\/uploads\/2025\/02\/26.-AlejandraPerello-768x513.jpg 768w, https:\/\/www.tapasmagazine.es\/wp-content\/uploads\/2025\/02\/26.-AlejandraPerello-1536x1025.jpg 1536w, https:\/\/www.tapasmagazine.es\/wp-content\/uploads\/2025\/02\/26.-AlejandraPerello-2048x1367.jpg 2048w, https:\/\/www.tapasmagazine.es\/wp-content\/uploads\/2025\/02\/26.-AlejandraPerello-1000x668.jpg 1000w, https:\/\/www.tapasmagazine.es\/wp-content\/uploads\/2025\/02\/26.-AlejandraPerello-400x267.jpg 400w\" sizes=\"(max-width: 1024px) 100vw, 1024px\" \/><\/figure>\n<\/figure>\n\n\n\n<p>The spring edition of the festival will feature more than <strong>60 gastronomic entrepreneurs<\/strong>, including products such as An\u00e8cdota&#8217;s EVOO, Qiplant B3\u2018s medicinal plant infusions, Platd&#8217;s stone and wood plates and trays, 100&amp;Nomore&#8217;s artisan gin and Nats\u2019 nut creams.<\/p>\n\n\n\n<p>The festival will also surprise with some of the city&#8217;s best street food restaurants. Traditional flavours and exotic dishes will coexist on the menu, accompanied by craft beers, minimal intervention wines from local producers, as well as a wide variety of non-alcoholic drinks for teetotalers.<\/p>\n\n\n\n<figure class=\"wp-block-image size-large\"><img decoding=\"async\" width=\"1024\" height=\"684\" src=\"https:\/\/www.tapasmagazine.es\/wp-content\/uploads\/2025\/02\/32.-AlejandraPerello-1024x684.jpg\" alt=\"\" class=\"wp-image-280059\" srcset=\"https:\/\/www.tapasmagazine.es\/wp-content\/uploads\/2025\/02\/32.-AlejandraPerello-1024x684.jpg 1024w, https:\/\/www.tapasmagazine.es\/wp-content\/uploads\/2025\/02\/32.-AlejandraPerello-300x200.jpg 300w, https:\/\/www.tapasmagazine.es\/wp-content\/uploads\/2025\/02\/32.-AlejandraPerello-768x513.jpg 768w, https:\/\/www.tapasmagazine.es\/wp-content\/uploads\/2025\/02\/32.-AlejandraPerello-1536x1025.jpg 1536w, https:\/\/www.tapasmagazine.es\/wp-content\/uploads\/2025\/02\/32.-AlejandraPerello-2048x1367.jpg 2048w, https:\/\/www.tapasmagazine.es\/wp-content\/uploads\/2025\/02\/32.-AlejandraPerello-1000x668.jpg 1000w, https:\/\/www.tapasmagazine.es\/wp-content\/uploads\/2025\/02\/32.-AlejandraPerello-400x267.jpg 400w\" sizes=\"(max-width: 1024px) 100vw, 1024px\" \/><\/figure>\n\n\n\n<p><strong>All Those Food Market<\/strong> will also have, as usual, a series of gastronomic workshops for all audiences where people can learn about different topics from the culinary world in a didactic and fun way.<\/p>\n","protected":false},"excerpt":{"rendered":"<p>Click here to read the Spanish version. From the traditional to the avant-garde, the local or traditional and the global, as well as gastronomy and craftsmanship. All this and much more will be on display once again at All Those Food Market from 26 to 27 April at the Moll de la Fusta in Barcelona. [&hellip;]<\/p>\n","protected":false},"author":285,"featured_media":280064,"comment_status":"closed","ping_status":"closed","sticky":false,"template":"","format":"standard","meta":{"_acf_changed":false,"footnotes":""},"categories":[18831,1],"tags":[16260],"class_list":["post-280068","post","type-post","status-publish","format-standard","has-post-thumbnail","hentry","category-lifestyle-en","category-sin-categorizar","tag-barcelona-en","cat-18831-id","cat-1-id"],"acf":[],"yoast_head":"<!-- This site is optimized with the Yoast SEO plugin v27.4 - https:\/\/yoast.com\/product\/yoast-seo-wordpress\/ -->\n<title>\u2018All Those Food Market\u2019 festival returns to Barcelona this spring - Tapas<\/title>\n<meta name=\"description\" content=\"Click here to read the Spanish version. From the traditional to the avant-garde, the local or traditional and the global, as well as gastronomy and\" \/>\n<meta name=\"robots\" content=\"index, follow, max-snippet:-1, max-image-preview:large, max-video-preview:-1\" \/>\n<link rel=\"canonical\" href=\"https:\/\/www.tapasmagazine.es\/en\/all-those-food-market-returns-to-barcelona-this-spring\/\" \/>\n<meta property=\"og:locale\" content=\"en_US\" \/>\n<meta property=\"og:type\" content=\"article\" \/>\n<meta property=\"og:title\" content=\"\u2018All Those Food Market\u2019 festival returns to Barcelona this spring - Tapas\" \/>\n<meta property=\"og:description\" content=\"Click here to read the Spanish version. From the traditional to the avant-garde, the local or traditional and the global, as well as gastronomy and\" \/>\n<meta property=\"og:url\" content=\"https:\/\/www.tapasmagazine.es\/en\/all-those-food-market-returns-to-barcelona-this-spring\/\" \/>\n<meta property=\"og:site_name\" content=\"Tapas\" \/>\n<meta property=\"article:publisher\" content=\"https:\/\/www.facebook.com\/tapasmagazine\" \/>\n<meta property=\"article:published_time\" content=\"2025-02-12T11:38:26+00:00\" \/>\n<meta property=\"article:modified_time\" content=\"2025-02-12T11:44:07+00:00\" \/>\n<meta property=\"og:image\" content=\"https:\/\/www.tapasmagazine.es\/wp-content\/uploads\/2025\/02\/all-those-food-market.jpg\" \/>\n\t<meta property=\"og:image:width\" content=\"1200\" \/>\n\t<meta property=\"og:image:height\" content=\"675\" \/>\n\t<meta property=\"og:image:type\" content=\"image\/jpeg\" \/>\n<meta name=\"author\" content=\"Laura P\u00e9rez\" \/>\n<meta name=\"twitter:card\" content=\"summary_large_image\" \/>\n<meta name=\"twitter:creator\" content=\"@TapasMagazine\" \/>\n<meta name=\"twitter:site\" content=\"@TapasMagazine\" \/>\n<meta name=\"twitter:label1\" content=\"Written by\" \/>\n\t<meta name=\"twitter:data1\" content=\"Laura P\u00e9rez\" \/>\n\t<meta name=\"twitter:label2\" content=\"Est. reading time\" \/>\n\t<meta name=\"twitter:data2\" content=\"2 minutes\" \/>\n<script type=\"application\/ld+json\" class=\"yoast-schema-graph\">{\"@context\":\"https:\\\/\\\/schema.org\",\"@graph\":[{\"@type\":\"Article\",\"@id\":\"https:\\\/\\\/www.tapasmagazine.es\\\/en\\\/all-those-food-market-returns-to-barcelona-this-spring\\\/#article\",\"isPartOf\":{\"@id\":\"https:\\\/\\\/www.tapasmagazine.es\\\/en\\\/all-those-food-market-returns-to-barcelona-this-spring\\\/\"},\"author\":{\"name\":\"Laura P\u00e9rez\",\"@id\":\"https:\\\/\\\/www.tapasmagazine.es\\\/#\\\/schema\\\/person\\\/eb46cbe76a9c8f062660eb609e3ecb4e\"},\"headline\":\"\u2018All Those Food Market\u2019 festival returns to Barcelona this spring\",\"datePublished\":\"2025-02-12T11:38:26+00:00\",\"dateModified\":\"2025-02-12T11:44:07+00:00\",\"mainEntityOfPage\":{\"@id\":\"https:\\\/\\\/www.tapasmagazine.es\\\/en\\\/all-those-food-market-returns-to-barcelona-this-spring\\\/\"},\"wordCount\":186,\"publisher\":{\"@id\":\"https:\\\/\\\/www.tapasmagazine.es\\\/#organization\"},\"image\":{\"@id\":\"https:\\\/\\\/www.tapasmagazine.es\\\/en\\\/all-those-food-market-returns-to-barcelona-this-spring\\\/#primaryimage\"},\"thumbnailUrl\":\"https:\\\/\\\/www.tapasmagazine.es\\\/wp-content\\\/uploads\\\/2025\\\/02\\\/all-those-food-market.jpg\",\"keywords\":[\"Barcelona\"],\"articleSection\":[\"Lifestyle\",\"Sin categorizar\"],\"inLanguage\":\"en-US\"},{\"@type\":\"WebPage\",\"@id\":\"https:\\\/\\\/www.tapasmagazine.es\\\/en\\\/all-those-food-market-returns-to-barcelona-this-spring\\\/\",\"url\":\"https:\\\/\\\/www.tapasmagazine.es\\\/en\\\/all-those-food-market-returns-to-barcelona-this-spring\\\/\",\"name\":\"\u2018All Those Food Market\u2019 festival returns to Barcelona this spring - Tapas\",\"isPartOf\":{\"@id\":\"https:\\\/\\\/www.tapasmagazine.es\\\/#website\"},\"primaryImageOfPage\":{\"@id\":\"https:\\\/\\\/www.tapasmagazine.es\\\/en\\\/all-those-food-market-returns-to-barcelona-this-spring\\\/#primaryimage\"},\"image\":{\"@id\":\"https:\\\/\\\/www.tapasmagazine.es\\\/en\\\/all-those-food-market-returns-to-barcelona-this-spring\\\/#primaryimage\"},\"thumbnailUrl\":\"https:\\\/\\\/www.tapasmagazine.es\\\/wp-content\\\/uploads\\\/2025\\\/02\\\/all-those-food-market.jpg\",\"datePublished\":\"2025-02-12T11:38:26+00:00\",\"dateModified\":\"2025-02-12T11:44:07+00:00\",\"description\":\"Click here to read the Spanish version. From the traditional to the avant-garde, the local or traditional and the global, as well as gastronomy and\",\"breadcrumb\":{\"@id\":\"https:\\\/\\\/www.tapasmagazine.es\\\/en\\\/all-those-food-market-returns-to-barcelona-this-spring\\\/#breadcrumb\"},\"inLanguage\":\"en-US\",\"potentialAction\":[{\"@type\":\"ReadAction\",\"target\":[\"https:\\\/\\\/www.tapasmagazine.es\\\/en\\\/all-those-food-market-returns-to-barcelona-this-spring\\\/\"]}]},{\"@type\":\"ImageObject\",\"inLanguage\":\"en-US\",\"@id\":\"https:\\\/\\\/www.tapasmagazine.es\\\/en\\\/all-those-food-market-returns-to-barcelona-this-spring\\\/#primaryimage\",\"url\":\"https:\\\/\\\/www.tapasmagazine.es\\\/wp-content\\\/uploads\\\/2025\\\/02\\\/all-those-food-market.jpg\",\"contentUrl\":\"https:\\\/\\\/www.tapasmagazine.es\\\/wp-content\\\/uploads\\\/2025\\\/02\\\/all-those-food-market.jpg\",\"width\":1200,\"height\":675},{\"@type\":\"BreadcrumbList\",\"@id\":\"https:\\\/\\\/www.tapasmagazine.es\\\/en\\\/all-those-food-market-returns-to-barcelona-this-spring\\\/#breadcrumb\",\"itemListElement\":[{\"@type\":\"ListItem\",\"position\":1,\"name\":\"Portada\",\"item\":\"https:\\\/\\\/www.tapasmagazine.es\\\/\"},{\"@type\":\"ListItem\",\"position\":2,\"name\":\"Sin categorizar\",\"item\":\"https:\\\/\\\/www.tapasmagazine.es\\\/categorias\\\/sin-categorizar\\\/\"},{\"@type\":\"ListItem\",\"position\":3,\"name\":\"\u2018All Those Food Market\u2019 festival returns to Barcelona this spring\"}]},{\"@type\":\"WebSite\",\"@id\":\"https:\\\/\\\/www.tapasmagazine.es\\\/#website\",\"url\":\"https:\\\/\\\/www.tapasmagazine.es\\\/\",\"name\":\"Tapas\",\"description\":\"\u00d1am \u00d1am Lifestyle. La vida a bocados. Premio Nacional de Gastronom\u00eda 2016.\",\"publisher\":{\"@id\":\"https:\\\/\\\/www.tapasmagazine.es\\\/#organization\"},\"potentialAction\":[{\"@type\":\"SearchAction\",\"target\":{\"@type\":\"EntryPoint\",\"urlTemplate\":\"https:\\\/\\\/www.tapasmagazine.es\\\/?s={search_term_string}\"},\"query-input\":{\"@type\":\"PropertyValueSpecification\",\"valueRequired\":true,\"valueName\":\"search_term_string\"}}],\"inLanguage\":\"en-US\"},{\"@type\":\"Organization\",\"@id\":\"https:\\\/\\\/www.tapasmagazine.es\\\/#organization\",\"name\":\"Tapas Magazine\",\"url\":\"https:\\\/\\\/www.tapasmagazine.es\\\/\",\"logo\":{\"@type\":\"ImageObject\",\"inLanguage\":\"en-US\",\"@id\":\"https:\\\/\\\/www.tapasmagazine.es\\\/#\\\/schema\\\/logo\\\/image\\\/\",\"url\":\"https:\\\/\\\/www.tapasmagazine.es\\\/wp-content\\\/uploads\\\/2018\\\/01\\\/logo.png\",\"contentUrl\":\"https:\\\/\\\/www.tapasmagazine.es\\\/wp-content\\\/uploads\\\/2018\\\/01\\\/logo.png\",\"width\":180,\"height\":60,\"caption\":\"Tapas Magazine\"},\"image\":{\"@id\":\"https:\\\/\\\/www.tapasmagazine.es\\\/#\\\/schema\\\/logo\\\/image\\\/\"},\"sameAs\":[\"https:\\\/\\\/www.facebook.com\\\/tapasmagazine\",\"https:\\\/\\\/x.com\\\/TapasMagazine\",\"https:\\\/\\\/www.instagram.com\\\/tapasmagazine\\\/\",\"https:\\\/\\\/www.linkedin.com\\\/company\\\/tapas-magazine\",\"https:\\\/\\\/es.pinterest.com\\\/tapasmagazine\\\/\",\"https:\\\/\\\/www.youtube.com\\\/channel\\\/UCEyxneAaACuR0lfDagrWjjg?sub_confirmation=1\"]},{\"@type\":\"Person\",\"@id\":\"https:\\\/\\\/www.tapasmagazine.es\\\/#\\\/schema\\\/person\\\/eb46cbe76a9c8f062660eb609e3ecb4e\",\"name\":\"Laura P\u00e9rez\",\"url\":\"https:\\\/\\\/www.tapasmagazine.es\\\/en\\\/author\\\/laura-perez\\\/\"}]}<\/script>\n<!-- \/ Yoast SEO plugin. -->","yoast_head_json":{"title":"\u2018All Those Food Market\u2019 festival returns to Barcelona this spring - Tapas","description":"Click here to read the Spanish version. From the traditional to the avant-garde, the local or traditional and the global, as well as gastronomy and","robots":{"index":"index","follow":"follow","max-snippet":"max-snippet:-1","max-image-preview":"max-image-preview:large","max-video-preview":"max-video-preview:-1"},"canonical":"https:\/\/www.tapasmagazine.es\/en\/all-those-food-market-returns-to-barcelona-this-spring\/","og_locale":"en_US","og_type":"article","og_title":"\u2018All Those Food Market\u2019 festival returns to Barcelona this spring - Tapas","og_description":"Click here to read the Spanish version. From the traditional to the avant-garde, the local or traditional and the global, as well as gastronomy and","og_url":"https:\/\/www.tapasmagazine.es\/en\/all-those-food-market-returns-to-barcelona-this-spring\/","og_site_name":"Tapas","article_publisher":"https:\/\/www.facebook.com\/tapasmagazine","article_published_time":"2025-02-12T11:38:26+00:00","article_modified_time":"2025-02-12T11:44:07+00:00","og_image":[{"width":1200,"height":675,"url":"https:\/\/www.tapasmagazine.es\/wp-content\/uploads\/2025\/02\/all-those-food-market.jpg","type":"image\/jpeg"}],"author":"Laura P\u00e9rez","twitter_card":"summary_large_image","twitter_creator":"@TapasMagazine","twitter_site":"@TapasMagazine","twitter_misc":{"Written by":"Laura P\u00e9rez","Est. reading time":"2 minutes"},"schema":{"@context":"https:\/\/schema.org","@graph":[{"@type":"Article","@id":"https:\/\/www.tapasmagazine.es\/en\/all-those-food-market-returns-to-barcelona-this-spring\/#article","isPartOf":{"@id":"https:\/\/www.tapasmagazine.es\/en\/all-those-food-market-returns-to-barcelona-this-spring\/"},"author":{"name":"Laura P\u00e9rez","@id":"https:\/\/www.tapasmagazine.es\/#\/schema\/person\/eb46cbe76a9c8f062660eb609e3ecb4e"},"headline":"\u2018All Those Food Market\u2019 festival returns to Barcelona this spring","datePublished":"2025-02-12T11:38:26+00:00","dateModified":"2025-02-12T11:44:07+00:00","mainEntityOfPage":{"@id":"https:\/\/www.tapasmagazine.es\/en\/all-those-food-market-returns-to-barcelona-this-spring\/"},"wordCount":186,"publisher":{"@id":"https:\/\/www.tapasmagazine.es\/#organization"},"image":{"@id":"https:\/\/www.tapasmagazine.es\/en\/all-those-food-market-returns-to-barcelona-this-spring\/#primaryimage"},"thumbnailUrl":"https:\/\/www.tapasmagazine.es\/wp-content\/uploads\/2025\/02\/all-those-food-market.jpg","keywords":["Barcelona"],"articleSection":["Lifestyle","Sin categorizar"],"inLanguage":"en-US"},{"@type":"WebPage","@id":"https:\/\/www.tapasmagazine.es\/en\/all-those-food-market-returns-to-barcelona-this-spring\/","url":"https:\/\/www.tapasmagazine.es\/en\/all-those-food-market-returns-to-barcelona-this-spring\/","name":"\u2018All Those Food Market\u2019 festival returns to Barcelona this spring - Tapas","isPartOf":{"@id":"https:\/\/www.tapasmagazine.es\/#website"},"primaryImageOfPage":{"@id":"https:\/\/www.tapasmagazine.es\/en\/all-those-food-market-returns-to-barcelona-this-spring\/#primaryimage"},"image":{"@id":"https:\/\/www.tapasmagazine.es\/en\/all-those-food-market-returns-to-barcelona-this-spring\/#primaryimage"},"thumbnailUrl":"https:\/\/www.tapasmagazine.es\/wp-content\/uploads\/2025\/02\/all-those-food-market.jpg","datePublished":"2025-02-12T11:38:26+00:00","dateModified":"2025-02-12T11:44:07+00:00","description":"Click here to read the Spanish version. From the traditional to the avant-garde, the local or traditional and the global, as well as gastronomy and","breadcrumb":{"@id":"https:\/\/www.tapasmagazine.es\/en\/all-those-food-market-returns-to-barcelona-this-spring\/#breadcrumb"},"inLanguage":"en-US","potentialAction":[{"@type":"ReadAction","target":["https:\/\/www.tapasmagazine.es\/en\/all-those-food-market-returns-to-barcelona-this-spring\/"]}]},{"@type":"ImageObject","inLanguage":"en-US","@id":"https:\/\/www.tapasmagazine.es\/en\/all-those-food-market-returns-to-barcelona-this-spring\/#primaryimage","url":"https:\/\/www.tapasmagazine.es\/wp-content\/uploads\/2025\/02\/all-those-food-market.jpg","contentUrl":"https:\/\/www.tapasmagazine.es\/wp-content\/uploads\/2025\/02\/all-those-food-market.jpg","width":1200,"height":675},{"@type":"BreadcrumbList","@id":"https:\/\/www.tapasmagazine.es\/en\/all-those-food-market-returns-to-barcelona-this-spring\/#breadcrumb","itemListElement":[{"@type":"ListItem","position":1,"name":"Portada","item":"https:\/\/www.tapasmagazine.es\/"},{"@type":"ListItem","position":2,"name":"Sin categorizar","item":"https:\/\/www.tapasmagazine.es\/categorias\/sin-categorizar\/"},{"@type":"ListItem","position":3,"name":"\u2018All Those Food Market\u2019 festival returns to Barcelona this spring"}]},{"@type":"WebSite","@id":"https:\/\/www.tapasmagazine.es\/#website","url":"https:\/\/www.tapasmagazine.es\/","name":"Tapas","description":"\u00d1am \u00d1am Lifestyle. La vida a bocados. Premio Nacional de Gastronom\u00eda 2016.","publisher":{"@id":"https:\/\/www.tapasmagazine.es\/#organization"},"potentialAction":[{"@type":"SearchAction","target":{"@type":"EntryPoint","urlTemplate":"https:\/\/www.tapasmagazine.es\/?s={search_term_string}"},"query-input":{"@type":"PropertyValueSpecification","valueRequired":true,"valueName":"search_term_string"}}],"inLanguage":"en-US"},{"@type":"Organization","@id":"https:\/\/www.tapasmagazine.es\/#organization","name":"Tapas Magazine","url":"https:\/\/www.tapasmagazine.es\/","logo":{"@type":"ImageObject","inLanguage":"en-US","@id":"https:\/\/www.tapasmagazine.es\/#\/schema\/logo\/image\/","url":"https:\/\/www.tapasmagazine.es\/wp-content\/uploads\/2018\/01\/logo.png","contentUrl":"https:\/\/www.tapasmagazine.es\/wp-content\/uploads\/2018\/01\/logo.png","width":180,"height":60,"caption":"Tapas Magazine"},"image":{"@id":"https:\/\/www.tapasmagazine.es\/#\/schema\/logo\/image\/"},"sameAs":["https:\/\/www.facebook.com\/tapasmagazine","https:\/\/x.com\/TapasMagazine","https:\/\/www.instagram.com\/tapasmagazine\/","https:\/\/www.linkedin.com\/company\/tapas-magazine","https:\/\/es.pinterest.com\/tapasmagazine\/","https:\/\/www.youtube.com\/channel\/UCEyxneAaACuR0lfDagrWjjg?sub_confirmation=1"]},{"@type":"Person","@id":"https:\/\/www.tapasmagazine.es\/#\/schema\/person\/eb46cbe76a9c8f062660eb609e3ecb4e","name":"Laura P\u00e9rez","url":"https:\/\/www.tapasmagazine.es\/en\/author\/laura-perez\/"}]}},"_links":{"self":[{"href":"https:\/\/www.tapasmagazine.es\/en\/wp-json\/wp\/v2\/posts\/280068","targetHints":{"allow":["GET"]}}],"collection":[{"href":"https:\/\/www.tapasmagazine.es\/en\/wp-json\/wp\/v2\/posts"}],"about":[{"href":"https:\/\/www.tapasmagazine.es\/en\/wp-json\/wp\/v2\/types\/post"}],"author":[{"embeddable":true,"href":"https:\/\/www.tapasmagazine.es\/en\/wp-json\/wp\/v2\/users\/285"}],"replies":[{"embeddable":true,"href":"https:\/\/www.tapasmagazine.es\/en\/wp-json\/wp\/v2\/comments?post=280068"}],"version-history":[{"count":2,"href":"https:\/\/www.tapasmagazine.es\/en\/wp-json\/wp\/v2\/posts\/280068\/revisions"}],"predecessor-version":[{"id":280080,"href":"https:\/\/www.tapasmagazine.es\/en\/wp-json\/wp\/v2\/posts\/280068\/revisions\/280080"}],"wp:featuredmedia":[{"embeddable":true,"href":"https:\/\/www.tapasmagazine.es\/en\/wp-json\/wp\/v2\/media\/280064"}],"wp:attachment":[{"href":"https:\/\/www.tapasmagazine.es\/en\/wp-json\/wp\/v2\/media?parent=280068"}],"wp:term":[{"taxonomy":"category","embeddable":true,"href":"https:\/\/www.tapasmagazine.es\/en\/wp-json\/wp\/v2\/categories?post=280068"},{"taxonomy":"post_tag","embeddable":true,"href":"https:\/\/www.tapasmagazine.es\/en\/wp-json\/wp\/v2\/tags?post=280068"}],"curies":[{"name":"wp","href":"https:\/\/api.w.org\/{rel}","templated":true}]}}