{"id":279653,"date":"2025-02-10T11:39:37","date_gmt":"2025-02-10T10:39:37","guid":{"rendered":"https:\/\/www.tapasmagazine.es\/esta-es-la-ensalada-favorita-de-sza-y-asi-se-prepara\/"},"modified":"2025-02-10T11:44:04","modified_gmt":"2025-02-10T10:44:04","slug":"this-is-sza-favorite-salad","status":"publish","type":"post","link":"https:\/\/www.tapasmagazine.es\/en\/this-is-sza-favorite-salad\/","title":{"rendered":"This is SZA&#8217;s favorite salad"},"content":{"rendered":"\n<p><strong>Click <a href=\"https:\/\/www.tapasmagazine.es\/esta-es-la-ensalada-favorita-de-sza-y-asi-se-prepara\/\" target=\"_blank\" rel=\"noreferrer noopener\">here<\/a> to read the Spanish version<\/strong>.<\/p>\n\n\n\n<p>Fans of the chain&#8217;s <strong>Kale Caesar<\/strong> salad mourned the loss of this recipe that was discontinued and removed from the menu. Although there was one person in particular who resonated more than the rest, because of her unstoppable universal influence, and that was rapper <strong>SZA<\/strong>.<\/p>\n\n\n\n<p>The Grammy-winning singer, who shared the stage with Kendrick Lamar at the 2025 Super Bowl halftime show, would use Instagram as a loudspeaker to call for his return. \u201c<strong>PLEASE JUSTICE RETURN FOR KALE [CAESAR]<\/strong>,\u201d the artist wrote in stories. \u201cI will do anything!\u201d<\/p>\n\n\n<div class=\"wp-block-image\">\n<figure class=\"aligncenter size-large\"><img decoding=\"async\" width=\"1024\" height=\"683\" src=\"https:\/\/www.tapasmagazine.es\/wp-content\/uploads\/2025\/02\/GettyImages-2198073294-1024x683.jpg\" alt=\"\" class=\"wp-image-279644\" srcset=\"https:\/\/www.tapasmagazine.es\/wp-content\/uploads\/2025\/02\/GettyImages-2198073294-1024x683.jpg 1024w, https:\/\/www.tapasmagazine.es\/wp-content\/uploads\/2025\/02\/GettyImages-2198073294-300x200.jpg 300w, https:\/\/www.tapasmagazine.es\/wp-content\/uploads\/2025\/02\/GettyImages-2198073294-768x512.jpg 768w, https:\/\/www.tapasmagazine.es\/wp-content\/uploads\/2025\/02\/GettyImages-2198073294-1000x667.jpg 1000w, https:\/\/www.tapasmagazine.es\/wp-content\/uploads\/2025\/02\/GettyImages-2198073294-400x267.jpg 400w, https:\/\/www.tapasmagazine.es\/wp-content\/uploads\/2025\/02\/GettyImages-2198073294.jpg 1525w\" sizes=\"(max-width: 1024px) 100vw, 1024px\" \/><\/figure>\n<\/div>\n\n\n<p>Little did she know that that post would end up sparking a whole virtual movement, let alone that <strong>True Food Kitchen <\/strong>would launch SZA&#8217;s version of her favorite salad: the <strong>SZA CZA salad<\/strong>. It&#8217;s made with a base of kale, cherry tomatoes, avocado, scallions, rosemary and garlic croutons, Parmesan cheese and Caesar dressing. And the best part? It&#8217;s for a good cause, as 20% of the proceeds from SZA CZA orders will be donated to S\u00dcPRMARKT, a Los Angeles-based nonprofit organization that prioritizes making fresh food accessible to disadvantaged communities.<\/p>\n\n\n\n<figure class=\"wp-block-gallery has-nested-images columns-default is-cropped wp-block-gallery-1 is-layout-flex wp-block-gallery-is-layout-flex\">\n<figure class=\"wp-block-image size-large\"><img decoding=\"async\" width=\"819\" height=\"1024\" data-id=\"279646\" src=\"https:\/\/www.tapasmagazine.es\/wp-content\/uploads\/2025\/02\/476385013_18484125898054082_6938458996431466346_n-819x1024.jpg\" alt=\"\" class=\"wp-image-279646\" srcset=\"https:\/\/www.tapasmagazine.es\/wp-content\/uploads\/2025\/02\/476385013_18484125898054082_6938458996431466346_n-819x1024.jpg 819w, https:\/\/www.tapasmagazine.es\/wp-content\/uploads\/2025\/02\/476385013_18484125898054082_6938458996431466346_n-240x300.jpg 240w, https:\/\/www.tapasmagazine.es\/wp-content\/uploads\/2025\/02\/476385013_18484125898054082_6938458996431466346_n-768x960.jpg 768w, https:\/\/www.tapasmagazine.es\/wp-content\/uploads\/2025\/02\/476385013_18484125898054082_6938458996431466346_n-1000x1250.jpg 1000w, https:\/\/www.tapasmagazine.es\/wp-content\/uploads\/2025\/02\/476385013_18484125898054082_6938458996431466346_n-400x500.jpg 400w, https:\/\/www.tapasmagazine.es\/wp-content\/uploads\/2025\/02\/476385013_18484125898054082_6938458996431466346_n.jpg 1080w\" sizes=\"(max-width: 819px) 100vw, 819px\" \/><\/figure>\n\n\n\n<figure class=\"wp-block-image size-large\"><img decoding=\"async\" width=\"819\" height=\"1024\" data-id=\"279648\" src=\"https:\/\/www.tapasmagazine.es\/wp-content\/uploads\/2025\/02\/476389827_18484125907054082_8447757674395683174_n-819x1024.jpg\" alt=\"\" class=\"wp-image-279648\" srcset=\"https:\/\/www.tapasmagazine.es\/wp-content\/uploads\/2025\/02\/476389827_18484125907054082_8447757674395683174_n-819x1024.jpg 819w, https:\/\/www.tapasmagazine.es\/wp-content\/uploads\/2025\/02\/476389827_18484125907054082_8447757674395683174_n-240x300.jpg 240w, https:\/\/www.tapasmagazine.es\/wp-content\/uploads\/2025\/02\/476389827_18484125907054082_8447757674395683174_n-768x960.jpg 768w, https:\/\/www.tapasmagazine.es\/wp-content\/uploads\/2025\/02\/476389827_18484125907054082_8447757674395683174_n-1000x1250.jpg 1000w, https:\/\/www.tapasmagazine.es\/wp-content\/uploads\/2025\/02\/476389827_18484125907054082_8447757674395683174_n-400x500.jpg 400w, https:\/\/www.tapasmagazine.es\/wp-content\/uploads\/2025\/02\/476389827_18484125907054082_8447757674395683174_n.jpg 1080w\" sizes=\"(max-width: 819px) 100vw, 819px\" \/><\/figure>\n<\/figure>\n\n\n\n<p>&#8216;The funny thing is, this all started because Caesar salads were my hyper-fixe food and True Food Kitchen has the best dressing,&#8217; SZA expresses in a press release. &#8216;After begging them to bring back the Kale Caesar salad from their seasonal retreat, I realized that not only should everyone have access to this delicious salad year-round, everyone should have access to organic foods and produce year-round!That&#8217;s why it&#8217;s so important for me to create this partnership with True Food Kitchen&#8217;.<\/p>\n","protected":false},"excerpt":{"rendered":"<p>Click here to read the Spanish version. Fans of the chain&#8217;s Kale Caesar salad mourned the loss of this recipe that was discontinued and removed from the menu. Although there was one person in particular who resonated more than the rest, because of her unstoppable universal influence, and that was rapper SZA. The Grammy-winning singer, [&hellip;]<\/p>\n","protected":false},"author":285,"featured_media":279643,"comment_status":"closed","ping_status":"closed","sticky":false,"template":"","format":"standard","meta":{"_acf_changed":false,"footnotes":""},"categories":[15910,1],"tags":[17903],"class_list":["post-279653","post","type-post","status-publish","format-standard","has-post-thumbnail","hentry","category-personajes-en","category-sin-categorizar","tag-ensalada-en","cat-15910-id","cat-1-id"],"acf":[],"yoast_head":"<!-- This site is optimized with the Yoast SEO plugin v27.4 - https:\/\/yoast.com\/product\/yoast-seo-wordpress\/ -->\n<title>This is SZA&#039;s favorite salad - Tapas<\/title>\n<meta name=\"description\" content=\"Click here to read the Spanish version. Fans of the chain&#039;s Kale Caesar salad mourned the loss of this recipe that was discontinued and removed from the\" \/>\n<meta name=\"robots\" content=\"index, follow, max-snippet:-1, max-image-preview:large, max-video-preview:-1\" \/>\n<link rel=\"canonical\" href=\"https:\/\/www.tapasmagazine.es\/en\/this-is-sza-favorite-salad\/\" \/>\n<meta property=\"og:locale\" content=\"en_US\" \/>\n<meta property=\"og:type\" content=\"article\" \/>\n<meta property=\"og:title\" content=\"This is SZA&#039;s favorite salad - Tapas\" \/>\n<meta property=\"og:description\" content=\"Click here to read the Spanish version. Fans of the chain&#039;s Kale Caesar salad mourned the loss of this recipe that was discontinued and removed from the\" \/>\n<meta property=\"og:url\" content=\"https:\/\/www.tapasmagazine.es\/en\/this-is-sza-favorite-salad\/\" \/>\n<meta property=\"og:site_name\" content=\"Tapas\" \/>\n<meta property=\"article:publisher\" content=\"https:\/\/www.facebook.com\/tapasmagazine\" \/>\n<meta property=\"article:published_time\" content=\"2025-02-10T10:39:37+00:00\" \/>\n<meta property=\"article:modified_time\" content=\"2025-02-10T10:44:04+00:00\" \/>\n<meta property=\"og:image\" content=\"https:\/\/www.tapasmagazine.es\/wp-content\/uploads\/2025\/02\/szzzza.jpg\" \/>\n\t<meta property=\"og:image:width\" content=\"1200\" \/>\n\t<meta property=\"og:image:height\" content=\"675\" \/>\n\t<meta property=\"og:image:type\" content=\"image\/jpeg\" \/>\n<meta name=\"author\" content=\"Laura P\u00e9rez\" \/>\n<meta name=\"twitter:card\" content=\"summary_large_image\" \/>\n<meta name=\"twitter:creator\" content=\"@TapasMagazine\" \/>\n<meta name=\"twitter:site\" content=\"@TapasMagazine\" \/>\n<meta name=\"twitter:label1\" content=\"Written by\" \/>\n\t<meta name=\"twitter:data1\" content=\"Laura P\u00e9rez\" \/>\n\t<meta name=\"twitter:label2\" content=\"Est. reading time\" \/>\n\t<meta name=\"twitter:data2\" content=\"3 minutes\" \/>\n<script type=\"application\/ld+json\" class=\"yoast-schema-graph\">{\"@context\":\"https:\\\/\\\/schema.org\",\"@graph\":[{\"@type\":\"Article\",\"@id\":\"https:\\\/\\\/www.tapasmagazine.es\\\/en\\\/this-is-sza-favorite-salad\\\/#article\",\"isPartOf\":{\"@id\":\"https:\\\/\\\/www.tapasmagazine.es\\\/en\\\/this-is-sza-favorite-salad\\\/\"},\"author\":{\"name\":\"Laura P\u00e9rez\",\"@id\":\"https:\\\/\\\/www.tapasmagazine.es\\\/#\\\/schema\\\/person\\\/eb46cbe76a9c8f062660eb609e3ecb4e\"},\"headline\":\"This is SZA&#8217;s favorite salad\",\"datePublished\":\"2025-02-10T10:39:37+00:00\",\"dateModified\":\"2025-02-10T10:44:04+00:00\",\"mainEntityOfPage\":{\"@id\":\"https:\\\/\\\/www.tapasmagazine.es\\\/en\\\/this-is-sza-favorite-salad\\\/\"},\"wordCount\":277,\"publisher\":{\"@id\":\"https:\\\/\\\/www.tapasmagazine.es\\\/#organization\"},\"image\":{\"@id\":\"https:\\\/\\\/www.tapasmagazine.es\\\/en\\\/this-is-sza-favorite-salad\\\/#primaryimage\"},\"thumbnailUrl\":\"https:\\\/\\\/www.tapasmagazine.es\\\/wp-content\\\/uploads\\\/2025\\\/02\\\/szzzza.jpg\",\"keywords\":[\"ensalada\"],\"articleSection\":[\"Personajes\",\"Sin categorizar\"],\"inLanguage\":\"en-US\"},{\"@type\":\"WebPage\",\"@id\":\"https:\\\/\\\/www.tapasmagazine.es\\\/en\\\/this-is-sza-favorite-salad\\\/\",\"url\":\"https:\\\/\\\/www.tapasmagazine.es\\\/en\\\/this-is-sza-favorite-salad\\\/\",\"name\":\"This is SZA's favorite salad - Tapas\",\"isPartOf\":{\"@id\":\"https:\\\/\\\/www.tapasmagazine.es\\\/#website\"},\"primaryImageOfPage\":{\"@id\":\"https:\\\/\\\/www.tapasmagazine.es\\\/en\\\/this-is-sza-favorite-salad\\\/#primaryimage\"},\"image\":{\"@id\":\"https:\\\/\\\/www.tapasmagazine.es\\\/en\\\/this-is-sza-favorite-salad\\\/#primaryimage\"},\"thumbnailUrl\":\"https:\\\/\\\/www.tapasmagazine.es\\\/wp-content\\\/uploads\\\/2025\\\/02\\\/szzzza.jpg\",\"datePublished\":\"2025-02-10T10:39:37+00:00\",\"dateModified\":\"2025-02-10T10:44:04+00:00\",\"description\":\"Click here to read the Spanish version. Fans of the chain's Kale Caesar salad mourned the loss of this recipe that was discontinued and removed from the\",\"breadcrumb\":{\"@id\":\"https:\\\/\\\/www.tapasmagazine.es\\\/en\\\/this-is-sza-favorite-salad\\\/#breadcrumb\"},\"inLanguage\":\"en-US\",\"potentialAction\":[{\"@type\":\"ReadAction\",\"target\":[\"https:\\\/\\\/www.tapasmagazine.es\\\/en\\\/this-is-sza-favorite-salad\\\/\"]}]},{\"@type\":\"ImageObject\",\"inLanguage\":\"en-US\",\"@id\":\"https:\\\/\\\/www.tapasmagazine.es\\\/en\\\/this-is-sza-favorite-salad\\\/#primaryimage\",\"url\":\"https:\\\/\\\/www.tapasmagazine.es\\\/wp-content\\\/uploads\\\/2025\\\/02\\\/szzzza.jpg\",\"contentUrl\":\"https:\\\/\\\/www.tapasmagazine.es\\\/wp-content\\\/uploads\\\/2025\\\/02\\\/szzzza.jpg\",\"width\":1200,\"height\":675},{\"@type\":\"BreadcrumbList\",\"@id\":\"https:\\\/\\\/www.tapasmagazine.es\\\/en\\\/this-is-sza-favorite-salad\\\/#breadcrumb\",\"itemListElement\":[{\"@type\":\"ListItem\",\"position\":1,\"name\":\"Portada\",\"item\":\"https:\\\/\\\/www.tapasmagazine.es\\\/\"},{\"@type\":\"ListItem\",\"position\":2,\"name\":\"Sin categorizar\",\"item\":\"https:\\\/\\\/www.tapasmagazine.es\\\/categorias\\\/sin-categorizar\\\/\"},{\"@type\":\"ListItem\",\"position\":3,\"name\":\"This is SZA&#8217;s favorite salad\"}]},{\"@type\":\"WebSite\",\"@id\":\"https:\\\/\\\/www.tapasmagazine.es\\\/#website\",\"url\":\"https:\\\/\\\/www.tapasmagazine.es\\\/\",\"name\":\"Tapas\",\"description\":\"\u00d1am \u00d1am Lifestyle. La vida a bocados. Premio Nacional de Gastronom\u00eda 2016.\",\"publisher\":{\"@id\":\"https:\\\/\\\/www.tapasmagazine.es\\\/#organization\"},\"potentialAction\":[{\"@type\":\"SearchAction\",\"target\":{\"@type\":\"EntryPoint\",\"urlTemplate\":\"https:\\\/\\\/www.tapasmagazine.es\\\/?s={search_term_string}\"},\"query-input\":{\"@type\":\"PropertyValueSpecification\",\"valueRequired\":true,\"valueName\":\"search_term_string\"}}],\"inLanguage\":\"en-US\"},{\"@type\":\"Organization\",\"@id\":\"https:\\\/\\\/www.tapasmagazine.es\\\/#organization\",\"name\":\"Tapas Magazine\",\"url\":\"https:\\\/\\\/www.tapasmagazine.es\\\/\",\"logo\":{\"@type\":\"ImageObject\",\"inLanguage\":\"en-US\",\"@id\":\"https:\\\/\\\/www.tapasmagazine.es\\\/#\\\/schema\\\/logo\\\/image\\\/\",\"url\":\"https:\\\/\\\/www.tapasmagazine.es\\\/wp-content\\\/uploads\\\/2018\\\/01\\\/logo.png\",\"contentUrl\":\"https:\\\/\\\/www.tapasmagazine.es\\\/wp-content\\\/uploads\\\/2018\\\/01\\\/logo.png\",\"width\":180,\"height\":60,\"caption\":\"Tapas Magazine\"},\"image\":{\"@id\":\"https:\\\/\\\/www.tapasmagazine.es\\\/#\\\/schema\\\/logo\\\/image\\\/\"},\"sameAs\":[\"https:\\\/\\\/www.facebook.com\\\/tapasmagazine\",\"https:\\\/\\\/x.com\\\/TapasMagazine\",\"https:\\\/\\\/www.instagram.com\\\/tapasmagazine\\\/\",\"https:\\\/\\\/www.linkedin.com\\\/company\\\/tapas-magazine\",\"https:\\\/\\\/es.pinterest.com\\\/tapasmagazine\\\/\",\"https:\\\/\\\/www.youtube.com\\\/channel\\\/UCEyxneAaACuR0lfDagrWjjg?sub_confirmation=1\"]},{\"@type\":\"Person\",\"@id\":\"https:\\\/\\\/www.tapasmagazine.es\\\/#\\\/schema\\\/person\\\/eb46cbe76a9c8f062660eb609e3ecb4e\",\"name\":\"Laura P\u00e9rez\",\"url\":\"https:\\\/\\\/www.tapasmagazine.es\\\/en\\\/author\\\/laura-perez\\\/\"}]}<\/script>\n<!-- \/ Yoast SEO plugin. -->","yoast_head_json":{"title":"This is SZA's favorite salad - Tapas","description":"Click here to read the Spanish version. Fans of the chain's Kale Caesar salad mourned the loss of this recipe that was discontinued and removed from the","robots":{"index":"index","follow":"follow","max-snippet":"max-snippet:-1","max-image-preview":"max-image-preview:large","max-video-preview":"max-video-preview:-1"},"canonical":"https:\/\/www.tapasmagazine.es\/en\/this-is-sza-favorite-salad\/","og_locale":"en_US","og_type":"article","og_title":"This is SZA's favorite salad - Tapas","og_description":"Click here to read the Spanish version. Fans of the chain's Kale Caesar salad mourned the loss of this recipe that was discontinued and removed from the","og_url":"https:\/\/www.tapasmagazine.es\/en\/this-is-sza-favorite-salad\/","og_site_name":"Tapas","article_publisher":"https:\/\/www.facebook.com\/tapasmagazine","article_published_time":"2025-02-10T10:39:37+00:00","article_modified_time":"2025-02-10T10:44:04+00:00","og_image":[{"width":1200,"height":675,"url":"https:\/\/www.tapasmagazine.es\/wp-content\/uploads\/2025\/02\/szzzza.jpg","type":"image\/jpeg"}],"author":"Laura P\u00e9rez","twitter_card":"summary_large_image","twitter_creator":"@TapasMagazine","twitter_site":"@TapasMagazine","twitter_misc":{"Written by":"Laura P\u00e9rez","Est. reading time":"3 minutes"},"schema":{"@context":"https:\/\/schema.org","@graph":[{"@type":"Article","@id":"https:\/\/www.tapasmagazine.es\/en\/this-is-sza-favorite-salad\/#article","isPartOf":{"@id":"https:\/\/www.tapasmagazine.es\/en\/this-is-sza-favorite-salad\/"},"author":{"name":"Laura P\u00e9rez","@id":"https:\/\/www.tapasmagazine.es\/#\/schema\/person\/eb46cbe76a9c8f062660eb609e3ecb4e"},"headline":"This is SZA&#8217;s favorite salad","datePublished":"2025-02-10T10:39:37+00:00","dateModified":"2025-02-10T10:44:04+00:00","mainEntityOfPage":{"@id":"https:\/\/www.tapasmagazine.es\/en\/this-is-sza-favorite-salad\/"},"wordCount":277,"publisher":{"@id":"https:\/\/www.tapasmagazine.es\/#organization"},"image":{"@id":"https:\/\/www.tapasmagazine.es\/en\/this-is-sza-favorite-salad\/#primaryimage"},"thumbnailUrl":"https:\/\/www.tapasmagazine.es\/wp-content\/uploads\/2025\/02\/szzzza.jpg","keywords":["ensalada"],"articleSection":["Personajes","Sin categorizar"],"inLanguage":"en-US"},{"@type":"WebPage","@id":"https:\/\/www.tapasmagazine.es\/en\/this-is-sza-favorite-salad\/","url":"https:\/\/www.tapasmagazine.es\/en\/this-is-sza-favorite-salad\/","name":"This is SZA's favorite salad - Tapas","isPartOf":{"@id":"https:\/\/www.tapasmagazine.es\/#website"},"primaryImageOfPage":{"@id":"https:\/\/www.tapasmagazine.es\/en\/this-is-sza-favorite-salad\/#primaryimage"},"image":{"@id":"https:\/\/www.tapasmagazine.es\/en\/this-is-sza-favorite-salad\/#primaryimage"},"thumbnailUrl":"https:\/\/www.tapasmagazine.es\/wp-content\/uploads\/2025\/02\/szzzza.jpg","datePublished":"2025-02-10T10:39:37+00:00","dateModified":"2025-02-10T10:44:04+00:00","description":"Click here to read the Spanish version. Fans of the chain's Kale Caesar salad mourned the loss of this recipe that was discontinued and removed from the","breadcrumb":{"@id":"https:\/\/www.tapasmagazine.es\/en\/this-is-sza-favorite-salad\/#breadcrumb"},"inLanguage":"en-US","potentialAction":[{"@type":"ReadAction","target":["https:\/\/www.tapasmagazine.es\/en\/this-is-sza-favorite-salad\/"]}]},{"@type":"ImageObject","inLanguage":"en-US","@id":"https:\/\/www.tapasmagazine.es\/en\/this-is-sza-favorite-salad\/#primaryimage","url":"https:\/\/www.tapasmagazine.es\/wp-content\/uploads\/2025\/02\/szzzza.jpg","contentUrl":"https:\/\/www.tapasmagazine.es\/wp-content\/uploads\/2025\/02\/szzzza.jpg","width":1200,"height":675},{"@type":"BreadcrumbList","@id":"https:\/\/www.tapasmagazine.es\/en\/this-is-sza-favorite-salad\/#breadcrumb","itemListElement":[{"@type":"ListItem","position":1,"name":"Portada","item":"https:\/\/www.tapasmagazine.es\/"},{"@type":"ListItem","position":2,"name":"Sin categorizar","item":"https:\/\/www.tapasmagazine.es\/categorias\/sin-categorizar\/"},{"@type":"ListItem","position":3,"name":"This is SZA&#8217;s favorite salad"}]},{"@type":"WebSite","@id":"https:\/\/www.tapasmagazine.es\/#website","url":"https:\/\/www.tapasmagazine.es\/","name":"Tapas","description":"\u00d1am \u00d1am Lifestyle. La vida a bocados. Premio Nacional de Gastronom\u00eda 2016.","publisher":{"@id":"https:\/\/www.tapasmagazine.es\/#organization"},"potentialAction":[{"@type":"SearchAction","target":{"@type":"EntryPoint","urlTemplate":"https:\/\/www.tapasmagazine.es\/?s={search_term_string}"},"query-input":{"@type":"PropertyValueSpecification","valueRequired":true,"valueName":"search_term_string"}}],"inLanguage":"en-US"},{"@type":"Organization","@id":"https:\/\/www.tapasmagazine.es\/#organization","name":"Tapas Magazine","url":"https:\/\/www.tapasmagazine.es\/","logo":{"@type":"ImageObject","inLanguage":"en-US","@id":"https:\/\/www.tapasmagazine.es\/#\/schema\/logo\/image\/","url":"https:\/\/www.tapasmagazine.es\/wp-content\/uploads\/2018\/01\/logo.png","contentUrl":"https:\/\/www.tapasmagazine.es\/wp-content\/uploads\/2018\/01\/logo.png","width":180,"height":60,"caption":"Tapas Magazine"},"image":{"@id":"https:\/\/www.tapasmagazine.es\/#\/schema\/logo\/image\/"},"sameAs":["https:\/\/www.facebook.com\/tapasmagazine","https:\/\/x.com\/TapasMagazine","https:\/\/www.instagram.com\/tapasmagazine\/","https:\/\/www.linkedin.com\/company\/tapas-magazine","https:\/\/es.pinterest.com\/tapasmagazine\/","https:\/\/www.youtube.com\/channel\/UCEyxneAaACuR0lfDagrWjjg?sub_confirmation=1"]},{"@type":"Person","@id":"https:\/\/www.tapasmagazine.es\/#\/schema\/person\/eb46cbe76a9c8f062660eb609e3ecb4e","name":"Laura P\u00e9rez","url":"https:\/\/www.tapasmagazine.es\/en\/author\/laura-perez\/"}]}},"_links":{"self":[{"href":"https:\/\/www.tapasmagazine.es\/en\/wp-json\/wp\/v2\/posts\/279653","targetHints":{"allow":["GET"]}}],"collection":[{"href":"https:\/\/www.tapasmagazine.es\/en\/wp-json\/wp\/v2\/posts"}],"about":[{"href":"https:\/\/www.tapasmagazine.es\/en\/wp-json\/wp\/v2\/types\/post"}],"author":[{"embeddable":true,"href":"https:\/\/www.tapasmagazine.es\/en\/wp-json\/wp\/v2\/users\/285"}],"replies":[{"embeddable":true,"href":"https:\/\/www.tapasmagazine.es\/en\/wp-json\/wp\/v2\/comments?post=279653"}],"version-history":[{"count":2,"href":"https:\/\/www.tapasmagazine.es\/en\/wp-json\/wp\/v2\/posts\/279653\/revisions"}],"predecessor-version":[{"id":279665,"href":"https:\/\/www.tapasmagazine.es\/en\/wp-json\/wp\/v2\/posts\/279653\/revisions\/279665"}],"wp:featuredmedia":[{"embeddable":true,"href":"https:\/\/www.tapasmagazine.es\/en\/wp-json\/wp\/v2\/media\/279643"}],"wp:attachment":[{"href":"https:\/\/www.tapasmagazine.es\/en\/wp-json\/wp\/v2\/media?parent=279653"}],"wp:term":[{"taxonomy":"category","embeddable":true,"href":"https:\/\/www.tapasmagazine.es\/en\/wp-json\/wp\/v2\/categories?post=279653"},{"taxonomy":"post_tag","embeddable":true,"href":"https:\/\/www.tapasmagazine.es\/en\/wp-json\/wp\/v2\/tags?post=279653"}],"curies":[{"name":"wp","href":"https:\/\/api.w.org\/{rel}","templated":true}]}}