{"id":279629,"date":"2025-02-10T11:00:48","date_gmt":"2025-02-10T10:00:48","guid":{"rendered":"https:\/\/www.tapasmagazine.es\/richad-gere-comparte-con-alejandro-sanz-una-de-las-mejores-cenas-de-su-vida-en-granada\/"},"modified":"2025-02-10T11:05:20","modified_gmt":"2025-02-10T10:05:20","slug":"richad-gere-shares-one-of-the-best-dinners-of-his-life-in-granada-with-alejandro-sanz","status":"publish","type":"post","link":"https:\/\/www.tapasmagazine.es\/en\/richad-gere-shares-one-of-the-best-dinners-of-his-life-in-granada-with-alejandro-sanz\/","title":{"rendered":"Richad Gere shares &#8216;one of the best dinners of his life&#8217; in Granada with Alejandro Sanz"},"content":{"rendered":"\n<p><strong>Click <a href=\"https:\/\/www.tapasmagazine.es\/richad-gere-comparte-con-alejandro-sanz-una-de-las-mejores-cenas-de-su-vida-en-granada\/\" target=\"_blank\" rel=\"noreferrer noopener\">here<\/a> to read the Spanish version<\/strong>.<\/p>\n\n\n\n<p>The friends, who have already shown their love and fanaticism for each other on occasion, would meet at one of the best restaurants in <strong>Granada<\/strong> the night before the film party where Gere would receive the <strong>Goya of Honor<\/strong>.<\/p>\n\n\n\n<p>At first, the singer revealed to reporters that they had dined together on Friday during the red carpet of the gala. Later it was discovered that the evening had been at <strong>Ruta del Veleta<\/strong>, the restaurant where Gere said he had had &#8216;one of the best dinners of his life&#8217;, according to the newspaper Ideal. He personally took it upon himself to go to the kitchen and pass on the message to the restaurant&#8217;s chef Marcos Pedraza.<\/p>\n\n\n<div class=\"wp-block-image\">\n<figure class=\"aligncenter size-large\"><img decoding=\"async\" width=\"1024\" height=\"961\" src=\"https:\/\/www.tapasmagazine.es\/wp-content\/uploads\/2025\/02\/13-1-2048x1921-1-1024x961.jpg\" alt=\"\" class=\"wp-image-279615\" srcset=\"https:\/\/www.tapasmagazine.es\/wp-content\/uploads\/2025\/02\/13-1-2048x1921-1-1024x961.jpg 1024w, https:\/\/www.tapasmagazine.es\/wp-content\/uploads\/2025\/02\/13-1-2048x1921-1-300x281.jpg 300w, https:\/\/www.tapasmagazine.es\/wp-content\/uploads\/2025\/02\/13-1-2048x1921-1-768x720.jpg 768w, https:\/\/www.tapasmagazine.es\/wp-content\/uploads\/2025\/02\/13-1-2048x1921-1-1536x1441.jpg 1536w, https:\/\/www.tapasmagazine.es\/wp-content\/uploads\/2025\/02\/13-1-2048x1921-1-1000x938.jpg 1000w, https:\/\/www.tapasmagazine.es\/wp-content\/uploads\/2025\/02\/13-1-2048x1921-1-400x375.jpg 400w, https:\/\/www.tapasmagazine.es\/wp-content\/uploads\/2025\/02\/13-1-2048x1921-1.jpg 2048w\" sizes=\"(max-width: 1024px) 100vw, 1024px\" \/><\/figure>\n<\/div>\n\n\n<p>The manager of the restaurant assures that it was &#8216;a historic day&#8217;. Following Ideal&#8217;s statements, Sanz and Gere shared a menu consisting of Motril prawns, Caesar salad with Granada cheeses and crayfish ravioli, plus a dessert to end the luxury feast.<\/p>\n\n\n\n<h2 class=\"wp-block-heading\">Inside Ruta del Veleta<\/h2>\n\n\n\n<p>The restaurant that has captivated Gere, has two tasting menus based on the reinvention of tradition through culinary avant-garde and creativity. The first costs 75 euros per person, with options such as an emulsified croquette with black garlic, fresh pasta stuffed with white shrimp, roasted octopus with smoke and artichokes with cod.<\/p>\n\n\n\n<figure class=\"wp-block-gallery has-nested-images columns-default is-cropped wp-block-gallery-1 is-layout-flex wp-block-gallery-is-layout-flex\">\n<figure class=\"wp-block-image size-large\"><img decoding=\"async\" width=\"667\" height=\"1000\" data-id=\"279619\" src=\"https:\/\/www.tapasmagazine.es\/wp-content\/uploads\/2025\/02\/2-1-1.jpg\" alt=\"\" class=\"wp-image-279619\" srcset=\"https:\/\/www.tapasmagazine.es\/wp-content\/uploads\/2025\/02\/2-1-1.jpg 667w, https:\/\/www.tapasmagazine.es\/wp-content\/uploads\/2025\/02\/2-1-1-200x300.jpg 200w, https:\/\/www.tapasmagazine.es\/wp-content\/uploads\/2025\/02\/2-1-1-400x600.jpg 400w\" sizes=\"(max-width: 667px) 100vw, 667px\" \/><\/figure>\n\n\n\n<figure class=\"wp-block-image size-large\"><img decoding=\"async\" width=\"1024\" height=\"1024\" data-id=\"279621\" src=\"https:\/\/www.tapasmagazine.es\/wp-content\/uploads\/2025\/02\/Screenshot-2025-02-10-at-09-46-44-Restaurante-Ruta-Del-Veleta-@rutadelveleta-\u2022-Fotos-y-videos-de-Instagram-1024x1024.png\" alt=\"\" class=\"wp-image-279621\" srcset=\"https:\/\/www.tapasmagazine.es\/wp-content\/uploads\/2025\/02\/Screenshot-2025-02-10-at-09-46-44-Restaurante-Ruta-Del-Veleta-@rutadelveleta-\u2022-Fotos-y-videos-de-Instagram-1024x1024.png 1024w, https:\/\/www.tapasmagazine.es\/wp-content\/uploads\/2025\/02\/Screenshot-2025-02-10-at-09-46-44-Restaurante-Ruta-Del-Veleta-@rutadelveleta-\u2022-Fotos-y-videos-de-Instagram-300x300.png 300w, https:\/\/www.tapasmagazine.es\/wp-content\/uploads\/2025\/02\/Screenshot-2025-02-10-at-09-46-44-Restaurante-Ruta-Del-Veleta-@rutadelveleta-\u2022-Fotos-y-videos-de-Instagram-150x150.png 150w, https:\/\/www.tapasmagazine.es\/wp-content\/uploads\/2025\/02\/Screenshot-2025-02-10-at-09-46-44-Restaurante-Ruta-Del-Veleta-@rutadelveleta-\u2022-Fotos-y-videos-de-Instagram-768x768.png 768w, https:\/\/www.tapasmagazine.es\/wp-content\/uploads\/2025\/02\/Screenshot-2025-02-10-at-09-46-44-Restaurante-Ruta-Del-Veleta-@rutadelveleta-\u2022-Fotos-y-videos-de-Instagram-1000x1000.png 1000w, https:\/\/www.tapasmagazine.es\/wp-content\/uploads\/2025\/02\/Screenshot-2025-02-10-at-09-46-44-Restaurante-Ruta-Del-Veleta-@rutadelveleta-\u2022-Fotos-y-videos-de-Instagram-400x400.png 400w, https:\/\/www.tapasmagazine.es\/wp-content\/uploads\/2025\/02\/Screenshot-2025-02-10-at-09-46-44-Restaurante-Ruta-Del-Veleta-@rutadelveleta-\u2022-Fotos-y-videos-de-Instagram.png 1335w\" sizes=\"(max-width: 1024px) 100vw, 1024px\" \/><\/figure>\n<\/figure>\n\n\n\n<p>The restaurant is located on an old road to Sierra Nevada, where the Pedraza family presents its haute cuisine proposal in a historic and masterful space that has just become one of Richard Gere&#8217;s favorite Spanish restaurants.<\/p>\n","protected":false},"excerpt":{"rendered":"<p>Click here to read the Spanish version. The friends, who have already shown their love and fanaticism for each other on occasion, would meet at one of the best restaurants in Granada the night before the film party where Gere would receive the Goya of Honor. At first, the singer revealed to reporters that they [&hellip;]<\/p>\n","protected":false},"author":285,"featured_media":279613,"comment_status":"closed","ping_status":"closed","sticky":false,"template":"","format":"standard","meta":{"_acf_changed":false,"footnotes":""},"categories":[15910,1],"tags":[19486,19487,18435,15803,19488],"class_list":["post-279629","post","type-post","status-publish","format-standard","has-post-thumbnail","hentry","category-personajes-en","category-sin-categorizar","tag-alejandro-sanz-en","tag-goya-en","tag-granada-en","tag-restaurants","tag-richard-gere-en","cat-15910-id","cat-1-id"],"acf":[],"yoast_head":"<!-- This site is optimized with the Yoast SEO plugin v27.4 - https:\/\/yoast.com\/product\/yoast-seo-wordpress\/ -->\n<title>Richad Gere shares &#039;one of the best dinners of his life&#039; in Granada with Alejandro Sanz - Tapas<\/title>\n<meta name=\"description\" content=\"Click here to read the Spanish version. The friends, who have already shown their love and fanaticism for each other on occasion, would meet at one of the\" \/>\n<meta name=\"robots\" content=\"index, follow, max-snippet:-1, max-image-preview:large, max-video-preview:-1\" \/>\n<link rel=\"canonical\" href=\"https:\/\/www.tapasmagazine.es\/en\/richad-gere-shares-one-of-the-best-dinners-of-his-life-in-granada-with-alejandro-sanz\/\" \/>\n<meta property=\"og:locale\" content=\"en_US\" \/>\n<meta property=\"og:type\" content=\"article\" \/>\n<meta property=\"og:title\" content=\"Richad Gere shares &#039;one of the best dinners of his life&#039; in Granada with Alejandro Sanz - Tapas\" \/>\n<meta property=\"og:description\" content=\"Click here to read the Spanish version. The friends, who have already shown their love and fanaticism for each other on occasion, would meet at one of the\" \/>\n<meta property=\"og:url\" content=\"https:\/\/www.tapasmagazine.es\/en\/richad-gere-shares-one-of-the-best-dinners-of-his-life-in-granada-with-alejandro-sanz\/\" \/>\n<meta property=\"og:site_name\" content=\"Tapas\" \/>\n<meta property=\"article:publisher\" content=\"https:\/\/www.facebook.com\/tapasmagazine\" \/>\n<meta property=\"article:published_time\" content=\"2025-02-10T10:00:48+00:00\" \/>\n<meta property=\"article:modified_time\" content=\"2025-02-10T10:05:20+00:00\" \/>\n<meta property=\"og:image\" content=\"https:\/\/www.tapasmagazine.es\/wp-content\/uploads\/2025\/02\/gere.jpg\" \/>\n\t<meta property=\"og:image:width\" content=\"1200\" \/>\n\t<meta property=\"og:image:height\" content=\"675\" \/>\n\t<meta property=\"og:image:type\" content=\"image\/jpeg\" \/>\n<meta name=\"author\" content=\"Laura P\u00e9rez\" \/>\n<meta name=\"twitter:card\" content=\"summary_large_image\" \/>\n<meta name=\"twitter:creator\" content=\"@TapasMagazine\" \/>\n<meta name=\"twitter:site\" content=\"@TapasMagazine\" \/>\n<meta name=\"twitter:label1\" content=\"Written by\" \/>\n\t<meta name=\"twitter:data1\" content=\"Laura P\u00e9rez\" \/>\n\t<meta name=\"twitter:label2\" content=\"Est. reading time\" \/>\n\t<meta name=\"twitter:data2\" content=\"2 minutes\" \/>\n<script type=\"application\/ld+json\" class=\"yoast-schema-graph\">{\"@context\":\"https:\\\/\\\/schema.org\",\"@graph\":[{\"@type\":\"Article\",\"@id\":\"https:\\\/\\\/www.tapasmagazine.es\\\/en\\\/richad-gere-shares-one-of-the-best-dinners-of-his-life-in-granada-with-alejandro-sanz\\\/#article\",\"isPartOf\":{\"@id\":\"https:\\\/\\\/www.tapasmagazine.es\\\/en\\\/richad-gere-shares-one-of-the-best-dinners-of-his-life-in-granada-with-alejandro-sanz\\\/\"},\"author\":{\"name\":\"Laura P\u00e9rez\",\"@id\":\"https:\\\/\\\/www.tapasmagazine.es\\\/#\\\/schema\\\/person\\\/eb46cbe76a9c8f062660eb609e3ecb4e\"},\"headline\":\"Richad Gere shares &#8216;one of the best dinners of his life&#8217; in Granada with Alejandro Sanz\",\"datePublished\":\"2025-02-10T10:00:48+00:00\",\"dateModified\":\"2025-02-10T10:05:20+00:00\",\"mainEntityOfPage\":{\"@id\":\"https:\\\/\\\/www.tapasmagazine.es\\\/en\\\/richad-gere-shares-one-of-the-best-dinners-of-his-life-in-granada-with-alejandro-sanz\\\/\"},\"wordCount\":275,\"publisher\":{\"@id\":\"https:\\\/\\\/www.tapasmagazine.es\\\/#organization\"},\"image\":{\"@id\":\"https:\\\/\\\/www.tapasmagazine.es\\\/en\\\/richad-gere-shares-one-of-the-best-dinners-of-his-life-in-granada-with-alejandro-sanz\\\/#primaryimage\"},\"thumbnailUrl\":\"https:\\\/\\\/www.tapasmagazine.es\\\/wp-content\\\/uploads\\\/2025\\\/02\\\/gere.jpg\",\"keywords\":[\"Alejandro Sanz\",\"Goya\",\"granada\",\"restaurants\",\"Richard Gere\"],\"articleSection\":[\"Personajes\",\"Sin categorizar\"],\"inLanguage\":\"en-US\"},{\"@type\":\"WebPage\",\"@id\":\"https:\\\/\\\/www.tapasmagazine.es\\\/en\\\/richad-gere-shares-one-of-the-best-dinners-of-his-life-in-granada-with-alejandro-sanz\\\/\",\"url\":\"https:\\\/\\\/www.tapasmagazine.es\\\/en\\\/richad-gere-shares-one-of-the-best-dinners-of-his-life-in-granada-with-alejandro-sanz\\\/\",\"name\":\"Richad Gere shares 'one of the best dinners of his life' in Granada with Alejandro Sanz - Tapas\",\"isPartOf\":{\"@id\":\"https:\\\/\\\/www.tapasmagazine.es\\\/#website\"},\"primaryImageOfPage\":{\"@id\":\"https:\\\/\\\/www.tapasmagazine.es\\\/en\\\/richad-gere-shares-one-of-the-best-dinners-of-his-life-in-granada-with-alejandro-sanz\\\/#primaryimage\"},\"image\":{\"@id\":\"https:\\\/\\\/www.tapasmagazine.es\\\/en\\\/richad-gere-shares-one-of-the-best-dinners-of-his-life-in-granada-with-alejandro-sanz\\\/#primaryimage\"},\"thumbnailUrl\":\"https:\\\/\\\/www.tapasmagazine.es\\\/wp-content\\\/uploads\\\/2025\\\/02\\\/gere.jpg\",\"datePublished\":\"2025-02-10T10:00:48+00:00\",\"dateModified\":\"2025-02-10T10:05:20+00:00\",\"description\":\"Click here to read the Spanish version. The friends, who have already shown their love and fanaticism for each other on occasion, would meet at one of the\",\"breadcrumb\":{\"@id\":\"https:\\\/\\\/www.tapasmagazine.es\\\/en\\\/richad-gere-shares-one-of-the-best-dinners-of-his-life-in-granada-with-alejandro-sanz\\\/#breadcrumb\"},\"inLanguage\":\"en-US\",\"potentialAction\":[{\"@type\":\"ReadAction\",\"target\":[\"https:\\\/\\\/www.tapasmagazine.es\\\/en\\\/richad-gere-shares-one-of-the-best-dinners-of-his-life-in-granada-with-alejandro-sanz\\\/\"]}]},{\"@type\":\"ImageObject\",\"inLanguage\":\"en-US\",\"@id\":\"https:\\\/\\\/www.tapasmagazine.es\\\/en\\\/richad-gere-shares-one-of-the-best-dinners-of-his-life-in-granada-with-alejandro-sanz\\\/#primaryimage\",\"url\":\"https:\\\/\\\/www.tapasmagazine.es\\\/wp-content\\\/uploads\\\/2025\\\/02\\\/gere.jpg\",\"contentUrl\":\"https:\\\/\\\/www.tapasmagazine.es\\\/wp-content\\\/uploads\\\/2025\\\/02\\\/gere.jpg\",\"width\":1200,\"height\":675},{\"@type\":\"BreadcrumbList\",\"@id\":\"https:\\\/\\\/www.tapasmagazine.es\\\/en\\\/richad-gere-shares-one-of-the-best-dinners-of-his-life-in-granada-with-alejandro-sanz\\\/#breadcrumb\",\"itemListElement\":[{\"@type\":\"ListItem\",\"position\":1,\"name\":\"Portada\",\"item\":\"https:\\\/\\\/www.tapasmagazine.es\\\/\"},{\"@type\":\"ListItem\",\"position\":2,\"name\":\"Sin categorizar\",\"item\":\"https:\\\/\\\/www.tapasmagazine.es\\\/categorias\\\/sin-categorizar\\\/\"},{\"@type\":\"ListItem\",\"position\":3,\"name\":\"Richad Gere shares &#8216;one of the best dinners of his life&#8217; in Granada with Alejandro Sanz\"}]},{\"@type\":\"WebSite\",\"@id\":\"https:\\\/\\\/www.tapasmagazine.es\\\/#website\",\"url\":\"https:\\\/\\\/www.tapasmagazine.es\\\/\",\"name\":\"Tapas\",\"description\":\"\u00d1am \u00d1am Lifestyle. La vida a bocados. Premio Nacional de Gastronom\u00eda 2016.\",\"publisher\":{\"@id\":\"https:\\\/\\\/www.tapasmagazine.es\\\/#organization\"},\"potentialAction\":[{\"@type\":\"SearchAction\",\"target\":{\"@type\":\"EntryPoint\",\"urlTemplate\":\"https:\\\/\\\/www.tapasmagazine.es\\\/?s={search_term_string}\"},\"query-input\":{\"@type\":\"PropertyValueSpecification\",\"valueRequired\":true,\"valueName\":\"search_term_string\"}}],\"inLanguage\":\"en-US\"},{\"@type\":\"Organization\",\"@id\":\"https:\\\/\\\/www.tapasmagazine.es\\\/#organization\",\"name\":\"Tapas Magazine\",\"url\":\"https:\\\/\\\/www.tapasmagazine.es\\\/\",\"logo\":{\"@type\":\"ImageObject\",\"inLanguage\":\"en-US\",\"@id\":\"https:\\\/\\\/www.tapasmagazine.es\\\/#\\\/schema\\\/logo\\\/image\\\/\",\"url\":\"https:\\\/\\\/www.tapasmagazine.es\\\/wp-content\\\/uploads\\\/2018\\\/01\\\/logo.png\",\"contentUrl\":\"https:\\\/\\\/www.tapasmagazine.es\\\/wp-content\\\/uploads\\\/2018\\\/01\\\/logo.png\",\"width\":180,\"height\":60,\"caption\":\"Tapas Magazine\"},\"image\":{\"@id\":\"https:\\\/\\\/www.tapasmagazine.es\\\/#\\\/schema\\\/logo\\\/image\\\/\"},\"sameAs\":[\"https:\\\/\\\/www.facebook.com\\\/tapasmagazine\",\"https:\\\/\\\/x.com\\\/TapasMagazine\",\"https:\\\/\\\/www.instagram.com\\\/tapasmagazine\\\/\",\"https:\\\/\\\/www.linkedin.com\\\/company\\\/tapas-magazine\",\"https:\\\/\\\/es.pinterest.com\\\/tapasmagazine\\\/\",\"https:\\\/\\\/www.youtube.com\\\/channel\\\/UCEyxneAaACuR0lfDagrWjjg?sub_confirmation=1\"]},{\"@type\":\"Person\",\"@id\":\"https:\\\/\\\/www.tapasmagazine.es\\\/#\\\/schema\\\/person\\\/eb46cbe76a9c8f062660eb609e3ecb4e\",\"name\":\"Laura P\u00e9rez\",\"url\":\"https:\\\/\\\/www.tapasmagazine.es\\\/en\\\/author\\\/laura-perez\\\/\"}]}<\/script>\n<!-- \/ Yoast SEO plugin. -->","yoast_head_json":{"title":"Richad Gere shares 'one of the best dinners of his life' in Granada with Alejandro Sanz - Tapas","description":"Click here to read the Spanish version. The friends, who have already shown their love and fanaticism for each other on occasion, would meet at one of the","robots":{"index":"index","follow":"follow","max-snippet":"max-snippet:-1","max-image-preview":"max-image-preview:large","max-video-preview":"max-video-preview:-1"},"canonical":"https:\/\/www.tapasmagazine.es\/en\/richad-gere-shares-one-of-the-best-dinners-of-his-life-in-granada-with-alejandro-sanz\/","og_locale":"en_US","og_type":"article","og_title":"Richad Gere shares 'one of the best dinners of his life' in Granada with Alejandro Sanz - Tapas","og_description":"Click here to read the Spanish version. The friends, who have already shown their love and fanaticism for each other on occasion, would meet at one of the","og_url":"https:\/\/www.tapasmagazine.es\/en\/richad-gere-shares-one-of-the-best-dinners-of-his-life-in-granada-with-alejandro-sanz\/","og_site_name":"Tapas","article_publisher":"https:\/\/www.facebook.com\/tapasmagazine","article_published_time":"2025-02-10T10:00:48+00:00","article_modified_time":"2025-02-10T10:05:20+00:00","og_image":[{"width":1200,"height":675,"url":"https:\/\/www.tapasmagazine.es\/wp-content\/uploads\/2025\/02\/gere.jpg","type":"image\/jpeg"}],"author":"Laura P\u00e9rez","twitter_card":"summary_large_image","twitter_creator":"@TapasMagazine","twitter_site":"@TapasMagazine","twitter_misc":{"Written by":"Laura P\u00e9rez","Est. reading time":"2 minutes"},"schema":{"@context":"https:\/\/schema.org","@graph":[{"@type":"Article","@id":"https:\/\/www.tapasmagazine.es\/en\/richad-gere-shares-one-of-the-best-dinners-of-his-life-in-granada-with-alejandro-sanz\/#article","isPartOf":{"@id":"https:\/\/www.tapasmagazine.es\/en\/richad-gere-shares-one-of-the-best-dinners-of-his-life-in-granada-with-alejandro-sanz\/"},"author":{"name":"Laura P\u00e9rez","@id":"https:\/\/www.tapasmagazine.es\/#\/schema\/person\/eb46cbe76a9c8f062660eb609e3ecb4e"},"headline":"Richad Gere shares &#8216;one of the best dinners of his life&#8217; in Granada with Alejandro Sanz","datePublished":"2025-02-10T10:00:48+00:00","dateModified":"2025-02-10T10:05:20+00:00","mainEntityOfPage":{"@id":"https:\/\/www.tapasmagazine.es\/en\/richad-gere-shares-one-of-the-best-dinners-of-his-life-in-granada-with-alejandro-sanz\/"},"wordCount":275,"publisher":{"@id":"https:\/\/www.tapasmagazine.es\/#organization"},"image":{"@id":"https:\/\/www.tapasmagazine.es\/en\/richad-gere-shares-one-of-the-best-dinners-of-his-life-in-granada-with-alejandro-sanz\/#primaryimage"},"thumbnailUrl":"https:\/\/www.tapasmagazine.es\/wp-content\/uploads\/2025\/02\/gere.jpg","keywords":["Alejandro Sanz","Goya","granada","restaurants","Richard Gere"],"articleSection":["Personajes","Sin categorizar"],"inLanguage":"en-US"},{"@type":"WebPage","@id":"https:\/\/www.tapasmagazine.es\/en\/richad-gere-shares-one-of-the-best-dinners-of-his-life-in-granada-with-alejandro-sanz\/","url":"https:\/\/www.tapasmagazine.es\/en\/richad-gere-shares-one-of-the-best-dinners-of-his-life-in-granada-with-alejandro-sanz\/","name":"Richad Gere shares 'one of the best dinners of his life' in Granada with Alejandro Sanz - Tapas","isPartOf":{"@id":"https:\/\/www.tapasmagazine.es\/#website"},"primaryImageOfPage":{"@id":"https:\/\/www.tapasmagazine.es\/en\/richad-gere-shares-one-of-the-best-dinners-of-his-life-in-granada-with-alejandro-sanz\/#primaryimage"},"image":{"@id":"https:\/\/www.tapasmagazine.es\/en\/richad-gere-shares-one-of-the-best-dinners-of-his-life-in-granada-with-alejandro-sanz\/#primaryimage"},"thumbnailUrl":"https:\/\/www.tapasmagazine.es\/wp-content\/uploads\/2025\/02\/gere.jpg","datePublished":"2025-02-10T10:00:48+00:00","dateModified":"2025-02-10T10:05:20+00:00","description":"Click here to read the Spanish version. The friends, who have already shown their love and fanaticism for each other on occasion, would meet at one of the","breadcrumb":{"@id":"https:\/\/www.tapasmagazine.es\/en\/richad-gere-shares-one-of-the-best-dinners-of-his-life-in-granada-with-alejandro-sanz\/#breadcrumb"},"inLanguage":"en-US","potentialAction":[{"@type":"ReadAction","target":["https:\/\/www.tapasmagazine.es\/en\/richad-gere-shares-one-of-the-best-dinners-of-his-life-in-granada-with-alejandro-sanz\/"]}]},{"@type":"ImageObject","inLanguage":"en-US","@id":"https:\/\/www.tapasmagazine.es\/en\/richad-gere-shares-one-of-the-best-dinners-of-his-life-in-granada-with-alejandro-sanz\/#primaryimage","url":"https:\/\/www.tapasmagazine.es\/wp-content\/uploads\/2025\/02\/gere.jpg","contentUrl":"https:\/\/www.tapasmagazine.es\/wp-content\/uploads\/2025\/02\/gere.jpg","width":1200,"height":675},{"@type":"BreadcrumbList","@id":"https:\/\/www.tapasmagazine.es\/en\/richad-gere-shares-one-of-the-best-dinners-of-his-life-in-granada-with-alejandro-sanz\/#breadcrumb","itemListElement":[{"@type":"ListItem","position":1,"name":"Portada","item":"https:\/\/www.tapasmagazine.es\/"},{"@type":"ListItem","position":2,"name":"Sin categorizar","item":"https:\/\/www.tapasmagazine.es\/categorias\/sin-categorizar\/"},{"@type":"ListItem","position":3,"name":"Richad Gere shares &#8216;one of the best dinners of his life&#8217; in Granada with Alejandro Sanz"}]},{"@type":"WebSite","@id":"https:\/\/www.tapasmagazine.es\/#website","url":"https:\/\/www.tapasmagazine.es\/","name":"Tapas","description":"\u00d1am \u00d1am Lifestyle. La vida a bocados. Premio Nacional de Gastronom\u00eda 2016.","publisher":{"@id":"https:\/\/www.tapasmagazine.es\/#organization"},"potentialAction":[{"@type":"SearchAction","target":{"@type":"EntryPoint","urlTemplate":"https:\/\/www.tapasmagazine.es\/?s={search_term_string}"},"query-input":{"@type":"PropertyValueSpecification","valueRequired":true,"valueName":"search_term_string"}}],"inLanguage":"en-US"},{"@type":"Organization","@id":"https:\/\/www.tapasmagazine.es\/#organization","name":"Tapas Magazine","url":"https:\/\/www.tapasmagazine.es\/","logo":{"@type":"ImageObject","inLanguage":"en-US","@id":"https:\/\/www.tapasmagazine.es\/#\/schema\/logo\/image\/","url":"https:\/\/www.tapasmagazine.es\/wp-content\/uploads\/2018\/01\/logo.png","contentUrl":"https:\/\/www.tapasmagazine.es\/wp-content\/uploads\/2018\/01\/logo.png","width":180,"height":60,"caption":"Tapas Magazine"},"image":{"@id":"https:\/\/www.tapasmagazine.es\/#\/schema\/logo\/image\/"},"sameAs":["https:\/\/www.facebook.com\/tapasmagazine","https:\/\/x.com\/TapasMagazine","https:\/\/www.instagram.com\/tapasmagazine\/","https:\/\/www.linkedin.com\/company\/tapas-magazine","https:\/\/es.pinterest.com\/tapasmagazine\/","https:\/\/www.youtube.com\/channel\/UCEyxneAaACuR0lfDagrWjjg?sub_confirmation=1"]},{"@type":"Person","@id":"https:\/\/www.tapasmagazine.es\/#\/schema\/person\/eb46cbe76a9c8f062660eb609e3ecb4e","name":"Laura P\u00e9rez","url":"https:\/\/www.tapasmagazine.es\/en\/author\/laura-perez\/"}]}},"_links":{"self":[{"href":"https:\/\/www.tapasmagazine.es\/en\/wp-json\/wp\/v2\/posts\/279629","targetHints":{"allow":["GET"]}}],"collection":[{"href":"https:\/\/www.tapasmagazine.es\/en\/wp-json\/wp\/v2\/posts"}],"about":[{"href":"https:\/\/www.tapasmagazine.es\/en\/wp-json\/wp\/v2\/types\/post"}],"author":[{"embeddable":true,"href":"https:\/\/www.tapasmagazine.es\/en\/wp-json\/wp\/v2\/users\/285"}],"replies":[{"embeddable":true,"href":"https:\/\/www.tapasmagazine.es\/en\/wp-json\/wp\/v2\/comments?post=279629"}],"version-history":[{"count":1,"href":"https:\/\/www.tapasmagazine.es\/en\/wp-json\/wp\/v2\/posts\/279629\/revisions"}],"predecessor-version":[{"id":279634,"href":"https:\/\/www.tapasmagazine.es\/en\/wp-json\/wp\/v2\/posts\/279629\/revisions\/279634"}],"wp:featuredmedia":[{"embeddable":true,"href":"https:\/\/www.tapasmagazine.es\/en\/wp-json\/wp\/v2\/media\/279613"}],"wp:attachment":[{"href":"https:\/\/www.tapasmagazine.es\/en\/wp-json\/wp\/v2\/media?parent=279629"}],"wp:term":[{"taxonomy":"category","embeddable":true,"href":"https:\/\/www.tapasmagazine.es\/en\/wp-json\/wp\/v2\/categories?post=279629"},{"taxonomy":"post_tag","embeddable":true,"href":"https:\/\/www.tapasmagazine.es\/en\/wp-json\/wp\/v2\/tags?post=279629"}],"curies":[{"name":"wp","href":"https:\/\/api.w.org\/{rel}","templated":true}]}}