{"id":277492,"date":"2025-01-21T12:43:46","date_gmt":"2025-01-21T11:43:46","guid":{"rendered":"https:\/\/www.tapasmagazine.es\/coffeefest-vuelve-a-madrid-esto-es-todo-lo-que-debes-saber\/"},"modified":"2025-01-21T12:47:58","modified_gmt":"2025-01-21T11:47:58","slug":"coffeefest-returns-to-madrid-heres-everything-you-need-to-know","status":"publish","type":"post","link":"https:\/\/www.tapasmagazine.es\/en\/coffeefest-returns-to-madrid-heres-everything-you-need-to-know\/","title":{"rendered":"CoffeeFest returns to Madrid: here&#8217;s everything you need to know"},"content":{"rendered":"\n<p><strong>Click\u00a0<a href=\"https:\/\/www.tapasmagazine.es\/coffeefest-vuelve-a-madrid-esto-es-todo-lo-que-debes-saber\/\" target=\"_blank\" rel=\"noreferrer noopener\">here<\/a>\u00a0to read the Spanish version.<\/strong><\/p>\n\n\n\n<p><strong>Coffee culture<\/strong>, increasingly integrated into society, has gone from residing on the fringes to becoming mainstream. A status that has led the industry to open countless speciality coffee shops, to inspire cocktails or to get ordinary people interested and interested in immersing themselves in each and every one of its nuances. Not to mention, it even has a festival dedicated to celebrating it, the CoffeFest.<\/p>\n\n\n\n<p>From <strong>15 to 17 February<\/strong>, the festival returns once again to <strong>Madrid <\/strong>to attract all coffee lovers to its orbit. It will present some new features, such as the fact of having some of the main influencers of speciality coffee such as<strong> Morgan Eckroth <\/strong>or <strong>James Hoffmann<\/strong>; as well as figures such as <strong>Yasir Ra\u00efs<\/strong>, founder of Syra Coffe and pioneer of speciality coffee in Europe.<\/p>\n\n\n<div class=\"wp-block-image\">\n<figure class=\"aligncenter size-large\"><img decoding=\"async\" width=\"1024\" height=\"683\" src=\"https:\/\/www.tapasmagazine.es\/wp-content\/uploads\/2025\/01\/IMG_6862-1024x683.jpg\" alt=\"\" class=\"wp-image-277482\" srcset=\"https:\/\/www.tapasmagazine.es\/wp-content\/uploads\/2025\/01\/IMG_6862-1024x683.jpg 1024w, https:\/\/www.tapasmagazine.es\/wp-content\/uploads\/2025\/01\/IMG_6862-300x200.jpg 300w, https:\/\/www.tapasmagazine.es\/wp-content\/uploads\/2025\/01\/IMG_6862-768x512.jpg 768w, https:\/\/www.tapasmagazine.es\/wp-content\/uploads\/2025\/01\/IMG_6862-1536x1024.jpg 1536w, https:\/\/www.tapasmagazine.es\/wp-content\/uploads\/2025\/01\/IMG_6862-2048x1365.jpg 2048w, https:\/\/www.tapasmagazine.es\/wp-content\/uploads\/2025\/01\/IMG_6862-1000x667.jpg 1000w, https:\/\/www.tapasmagazine.es\/wp-content\/uploads\/2025\/01\/IMG_6862-400x267.jpg 400w\" sizes=\"(max-width: 1024px) 100vw, 1024px\" \/><\/figure>\n<\/div>\n\n\n<p><strong>CoffeeFest 2025<\/strong> will be held at <strong>IFEMA<\/strong> for its third edition with a programme that will include the latest trends in speciality coffee, gastronomic experiences and championships. It will also feature themed areas dedicated to cocoa, infusions, patisserie and an exclusive green coffee area.<\/p>\n\n\n\n<h2 class=\"wp-block-heading\">Schedule<\/h2>\n\n\n\n<p><strong>World ranking<\/strong>: Which are the best coffee shops in the world? CoffeeFest will present The World&#8217;s 100 Best Coffee Shops, the first world ranking of speciality coffee shops. In addition, the best in Spain will be revealed in the second edition of the national ranking The Best Coffee Shops.<\/p>\n\n\n<div class=\"wp-block-image\">\n<figure class=\"aligncenter size-large\"><img decoding=\"async\" width=\"1024\" height=\"683\" src=\"https:\/\/www.tapasmagazine.es\/wp-content\/uploads\/2025\/01\/IMG_5835-1024x683.jpg\" alt=\"\" class=\"wp-image-277484\" srcset=\"https:\/\/www.tapasmagazine.es\/wp-content\/uploads\/2025\/01\/IMG_5835-1024x683.jpg 1024w, https:\/\/www.tapasmagazine.es\/wp-content\/uploads\/2025\/01\/IMG_5835-300x200.jpg 300w, https:\/\/www.tapasmagazine.es\/wp-content\/uploads\/2025\/01\/IMG_5835-768x512.jpg 768w, https:\/\/www.tapasmagazine.es\/wp-content\/uploads\/2025\/01\/IMG_5835-1536x1024.jpg 1536w, https:\/\/www.tapasmagazine.es\/wp-content\/uploads\/2025\/01\/IMG_5835-2048x1365.jpg 2048w, https:\/\/www.tapasmagazine.es\/wp-content\/uploads\/2025\/01\/IMG_5835-1000x667.jpg 1000w, https:\/\/www.tapasmagazine.es\/wp-content\/uploads\/2025\/01\/IMG_5835-400x267.jpg 400w\" sizes=\"(max-width: 1024px) 100vw, 1024px\" \/><\/figure>\n<\/div>\n\n\n<p><strong>Historic auction<\/strong>: On 16 February, Europe&#8217;s first green coffee auction will take place, a unique event that will also donate part of its proceeds to social projects in coffee-growing communities.<\/p>\n\n\n\n<p><strong>National championships<\/strong>: The finals of the Spanish Barista Championship and the Specialty Coffee Association (SCA) Spanish Roasting Championship will be held, highlighting the most outstanding talents on the coffee scene.<\/p>\n\n\n<div class=\"wp-block-image\">\n<figure class=\"aligncenter size-large\"><img decoding=\"async\" width=\"1024\" height=\"683\" src=\"https:\/\/www.tapasmagazine.es\/wp-content\/uploads\/2025\/01\/COFFEE-FEST-2024.-JBM_0240-1024x683.jpg\" alt=\"\" class=\"wp-image-277486\" srcset=\"https:\/\/www.tapasmagazine.es\/wp-content\/uploads\/2025\/01\/COFFEE-FEST-2024.-JBM_0240-1024x683.jpg 1024w, https:\/\/www.tapasmagazine.es\/wp-content\/uploads\/2025\/01\/COFFEE-FEST-2024.-JBM_0240-300x200.jpg 300w, https:\/\/www.tapasmagazine.es\/wp-content\/uploads\/2025\/01\/COFFEE-FEST-2024.-JBM_0240-768x512.jpg 768w, https:\/\/www.tapasmagazine.es\/wp-content\/uploads\/2025\/01\/COFFEE-FEST-2024.-JBM_0240-1536x1024.jpg 1536w, https:\/\/www.tapasmagazine.es\/wp-content\/uploads\/2025\/01\/COFFEE-FEST-2024.-JBM_0240-2048x1365.jpg 2048w, https:\/\/www.tapasmagazine.es\/wp-content\/uploads\/2025\/01\/COFFEE-FEST-2024.-JBM_0240-1000x667.jpg 1000w, https:\/\/www.tapasmagazine.es\/wp-content\/uploads\/2025\/01\/COFFEE-FEST-2024.-JBM_0240-400x267.jpg 400w\" sizes=\"(max-width: 1024px) 100vw, 1024px\" \/><\/figure>\n<\/div>\n\n\n<h2 class=\"wp-block-heading\">CoffeeFest Summit 2025<\/h2>\n\n\n\n<p>As part of the festival, the first <strong>Summit CoffeeFest<\/strong> will be held (15 February). Under the title \u2018Europe, the new gateway to speciality coffee\u2019, this congress will bring together leading international figures from the coffee industry with the aim of analysing Europe&#8217;s role as the next big growth market for speciality coffee. Key issues such as sustainability and traceability, new technological tools, marketing and the impact of coffee on the global economy will be discussed.<\/p>\n","protected":false},"excerpt":{"rendered":"<p>Click\u00a0here\u00a0to read the Spanish version. Coffee culture, increasingly integrated into society, has gone from residing on the fringes to becoming mainstream. A status that has led the industry to open countless speciality coffee shops, to inspire cocktails or to get ordinary people interested and interested in immersing themselves in each and every one of its [&hellip;]<\/p>\n","protected":false},"author":285,"featured_media":277481,"comment_status":"closed","ping_status":"closed","sticky":false,"template":"","format":"standard","meta":{"_acf_changed":false,"footnotes":""},"categories":[15797],"tags":[16537,16033],"class_list":["post-277492","post","type-post","status-publish","format-standard","has-post-thumbnail","hentry","category-planes-en","tag-cafe-en","tag-madrid-en","cat-15797-id"],"acf":[],"yoast_head":"<!-- This site is optimized with the Yoast SEO plugin v27.5 - https:\/\/yoast.com\/product\/yoast-seo-wordpress\/ -->\n<title>CoffeeFest returns to Madrid: here&#039;s everything you need to know - Tapas<\/title>\n<meta name=\"description\" content=\"Click\u00a0here\u00a0to read the Spanish version. Coffee culture, increasingly integrated into society, has gone from residing on the fringes to becoming\" \/>\n<meta name=\"robots\" content=\"index, follow, max-snippet:-1, max-image-preview:large, max-video-preview:-1\" \/>\n<link rel=\"canonical\" href=\"https:\/\/www.tapasmagazine.es\/en\/coffeefest-returns-to-madrid-heres-everything-you-need-to-know\/\" \/>\n<meta property=\"og:locale\" content=\"en_US\" \/>\n<meta property=\"og:type\" content=\"article\" \/>\n<meta property=\"og:title\" content=\"CoffeeFest returns to Madrid: here&#039;s everything you need to know - Tapas\" \/>\n<meta property=\"og:description\" content=\"Click\u00a0here\u00a0to read the Spanish version. Coffee culture, increasingly integrated into society, has gone from residing on the fringes to becoming\" \/>\n<meta property=\"og:url\" content=\"https:\/\/www.tapasmagazine.es\/en\/coffeefest-returns-to-madrid-heres-everything-you-need-to-know\/\" \/>\n<meta property=\"og:site_name\" content=\"Tapas\" \/>\n<meta property=\"article:publisher\" content=\"https:\/\/www.facebook.com\/tapasmagazine\" \/>\n<meta property=\"article:published_time\" content=\"2025-01-21T11:43:46+00:00\" \/>\n<meta property=\"article:modified_time\" content=\"2025-01-21T11:47:58+00:00\" \/>\n<meta property=\"og:image\" content=\"https:\/\/www.tapasmagazine.es\/wp-content\/uploads\/2025\/01\/coffee-fest.jpg\" \/>\n\t<meta property=\"og:image:width\" content=\"1200\" \/>\n\t<meta property=\"og:image:height\" content=\"675\" \/>\n\t<meta property=\"og:image:type\" content=\"image\/jpeg\" \/>\n<meta name=\"author\" content=\"Laura P\u00e9rez\" \/>\n<meta name=\"twitter:card\" content=\"summary_large_image\" \/>\n<meta name=\"twitter:creator\" content=\"@TapasMagazine\" \/>\n<meta name=\"twitter:site\" content=\"@TapasMagazine\" \/>\n<meta name=\"twitter:label1\" content=\"Written by\" \/>\n\t<meta name=\"twitter:data1\" content=\"Laura P\u00e9rez\" \/>\n\t<meta name=\"twitter:label2\" content=\"Est. reading time\" \/>\n\t<meta name=\"twitter:data2\" content=\"3 minutes\" \/>\n<script type=\"application\/ld+json\" class=\"yoast-schema-graph\">{\"@context\":\"https:\\\/\\\/schema.org\",\"@graph\":[{\"@type\":\"Article\",\"@id\":\"https:\\\/\\\/www.tapasmagazine.es\\\/en\\\/coffeefest-returns-to-madrid-heres-everything-you-need-to-know\\\/#article\",\"isPartOf\":{\"@id\":\"https:\\\/\\\/www.tapasmagazine.es\\\/en\\\/coffeefest-returns-to-madrid-heres-everything-you-need-to-know\\\/\"},\"author\":{\"name\":\"Laura P\u00e9rez\",\"@id\":\"https:\\\/\\\/www.tapasmagazine.es\\\/#\\\/schema\\\/person\\\/eb46cbe76a9c8f062660eb609e3ecb4e\"},\"headline\":\"CoffeeFest returns to Madrid: here&#8217;s everything you need to know\",\"datePublished\":\"2025-01-21T11:43:46+00:00\",\"dateModified\":\"2025-01-21T11:47:58+00:00\",\"mainEntityOfPage\":{\"@id\":\"https:\\\/\\\/www.tapasmagazine.es\\\/en\\\/coffeefest-returns-to-madrid-heres-everything-you-need-to-know\\\/\"},\"wordCount\":378,\"publisher\":{\"@id\":\"https:\\\/\\\/www.tapasmagazine.es\\\/#organization\"},\"image\":{\"@id\":\"https:\\\/\\\/www.tapasmagazine.es\\\/en\\\/coffeefest-returns-to-madrid-heres-everything-you-need-to-know\\\/#primaryimage\"},\"thumbnailUrl\":\"https:\\\/\\\/www.tapasmagazine.es\\\/wp-content\\\/uploads\\\/2025\\\/01\\\/coffee-fest.jpg\",\"keywords\":[\"caf\u00e9\",\"Madrid\"],\"articleSection\":[\"Planes\"],\"inLanguage\":\"en-US\"},{\"@type\":\"WebPage\",\"@id\":\"https:\\\/\\\/www.tapasmagazine.es\\\/en\\\/coffeefest-returns-to-madrid-heres-everything-you-need-to-know\\\/\",\"url\":\"https:\\\/\\\/www.tapasmagazine.es\\\/en\\\/coffeefest-returns-to-madrid-heres-everything-you-need-to-know\\\/\",\"name\":\"CoffeeFest returns to Madrid: here's everything you need to know - Tapas\",\"isPartOf\":{\"@id\":\"https:\\\/\\\/www.tapasmagazine.es\\\/#website\"},\"primaryImageOfPage\":{\"@id\":\"https:\\\/\\\/www.tapasmagazine.es\\\/en\\\/coffeefest-returns-to-madrid-heres-everything-you-need-to-know\\\/#primaryimage\"},\"image\":{\"@id\":\"https:\\\/\\\/www.tapasmagazine.es\\\/en\\\/coffeefest-returns-to-madrid-heres-everything-you-need-to-know\\\/#primaryimage\"},\"thumbnailUrl\":\"https:\\\/\\\/www.tapasmagazine.es\\\/wp-content\\\/uploads\\\/2025\\\/01\\\/coffee-fest.jpg\",\"datePublished\":\"2025-01-21T11:43:46+00:00\",\"dateModified\":\"2025-01-21T11:47:58+00:00\",\"description\":\"Click\u00a0here\u00a0to read the Spanish version. Coffee culture, increasingly integrated into society, has gone from residing on the fringes to becoming\",\"breadcrumb\":{\"@id\":\"https:\\\/\\\/www.tapasmagazine.es\\\/en\\\/coffeefest-returns-to-madrid-heres-everything-you-need-to-know\\\/#breadcrumb\"},\"inLanguage\":\"en-US\",\"potentialAction\":[{\"@type\":\"ReadAction\",\"target\":[\"https:\\\/\\\/www.tapasmagazine.es\\\/en\\\/coffeefest-returns-to-madrid-heres-everything-you-need-to-know\\\/\"]}]},{\"@type\":\"ImageObject\",\"inLanguage\":\"en-US\",\"@id\":\"https:\\\/\\\/www.tapasmagazine.es\\\/en\\\/coffeefest-returns-to-madrid-heres-everything-you-need-to-know\\\/#primaryimage\",\"url\":\"https:\\\/\\\/www.tapasmagazine.es\\\/wp-content\\\/uploads\\\/2025\\\/01\\\/coffee-fest.jpg\",\"contentUrl\":\"https:\\\/\\\/www.tapasmagazine.es\\\/wp-content\\\/uploads\\\/2025\\\/01\\\/coffee-fest.jpg\",\"width\":1200,\"height\":675},{\"@type\":\"BreadcrumbList\",\"@id\":\"https:\\\/\\\/www.tapasmagazine.es\\\/en\\\/coffeefest-returns-to-madrid-heres-everything-you-need-to-know\\\/#breadcrumb\",\"itemListElement\":[{\"@type\":\"ListItem\",\"position\":1,\"name\":\"Portada\",\"item\":\"https:\\\/\\\/www.tapasmagazine.es\\\/\"},{\"@type\":\"ListItem\",\"position\":2,\"name\":\"Planes\",\"item\":\"https:\\\/\\\/www.tapasmagazine.es\\\/en\\\/categorias\\\/planes-en\\\/\"},{\"@type\":\"ListItem\",\"position\":3,\"name\":\"CoffeeFest returns to Madrid: here&#8217;s everything you need to know\"}]},{\"@type\":\"WebSite\",\"@id\":\"https:\\\/\\\/www.tapasmagazine.es\\\/#website\",\"url\":\"https:\\\/\\\/www.tapasmagazine.es\\\/\",\"name\":\"Tapas\",\"description\":\"\u00d1am \u00d1am Lifestyle. La vida a bocados. Premio Nacional de Gastronom\u00eda 2016.\",\"publisher\":{\"@id\":\"https:\\\/\\\/www.tapasmagazine.es\\\/#organization\"},\"potentialAction\":[{\"@type\":\"SearchAction\",\"target\":{\"@type\":\"EntryPoint\",\"urlTemplate\":\"https:\\\/\\\/www.tapasmagazine.es\\\/?s={search_term_string}\"},\"query-input\":{\"@type\":\"PropertyValueSpecification\",\"valueRequired\":true,\"valueName\":\"search_term_string\"}}],\"inLanguage\":\"en-US\"},{\"@type\":\"Organization\",\"@id\":\"https:\\\/\\\/www.tapasmagazine.es\\\/#organization\",\"name\":\"Tapas Magazine\",\"url\":\"https:\\\/\\\/www.tapasmagazine.es\\\/\",\"logo\":{\"@type\":\"ImageObject\",\"inLanguage\":\"en-US\",\"@id\":\"https:\\\/\\\/www.tapasmagazine.es\\\/#\\\/schema\\\/logo\\\/image\\\/\",\"url\":\"https:\\\/\\\/www.tapasmagazine.es\\\/wp-content\\\/uploads\\\/2018\\\/01\\\/logo.png\",\"contentUrl\":\"https:\\\/\\\/www.tapasmagazine.es\\\/wp-content\\\/uploads\\\/2018\\\/01\\\/logo.png\",\"width\":180,\"height\":60,\"caption\":\"Tapas Magazine\"},\"image\":{\"@id\":\"https:\\\/\\\/www.tapasmagazine.es\\\/#\\\/schema\\\/logo\\\/image\\\/\"},\"sameAs\":[\"https:\\\/\\\/www.facebook.com\\\/tapasmagazine\",\"https:\\\/\\\/x.com\\\/TapasMagazine\",\"https:\\\/\\\/www.instagram.com\\\/tapasmagazine\\\/\",\"https:\\\/\\\/www.linkedin.com\\\/company\\\/tapas-magazine\",\"https:\\\/\\\/es.pinterest.com\\\/tapasmagazine\\\/\",\"https:\\\/\\\/www.youtube.com\\\/channel\\\/UCEyxneAaACuR0lfDagrWjjg?sub_confirmation=1\"]},{\"@type\":\"Person\",\"@id\":\"https:\\\/\\\/www.tapasmagazine.es\\\/#\\\/schema\\\/person\\\/eb46cbe76a9c8f062660eb609e3ecb4e\",\"name\":\"Laura P\u00e9rez\",\"url\":\"https:\\\/\\\/www.tapasmagazine.es\\\/en\\\/author\\\/laura-perez\\\/\"}]}<\/script>\n<!-- \/ Yoast SEO plugin. -->","yoast_head_json":{"title":"CoffeeFest returns to Madrid: here's everything you need to know - Tapas","description":"Click\u00a0here\u00a0to read the Spanish version. Coffee culture, increasingly integrated into society, has gone from residing on the fringes to becoming","robots":{"index":"index","follow":"follow","max-snippet":"max-snippet:-1","max-image-preview":"max-image-preview:large","max-video-preview":"max-video-preview:-1"},"canonical":"https:\/\/www.tapasmagazine.es\/en\/coffeefest-returns-to-madrid-heres-everything-you-need-to-know\/","og_locale":"en_US","og_type":"article","og_title":"CoffeeFest returns to Madrid: here's everything you need to know - Tapas","og_description":"Click\u00a0here\u00a0to read the Spanish version. Coffee culture, increasingly integrated into society, has gone from residing on the fringes to becoming","og_url":"https:\/\/www.tapasmagazine.es\/en\/coffeefest-returns-to-madrid-heres-everything-you-need-to-know\/","og_site_name":"Tapas","article_publisher":"https:\/\/www.facebook.com\/tapasmagazine","article_published_time":"2025-01-21T11:43:46+00:00","article_modified_time":"2025-01-21T11:47:58+00:00","og_image":[{"width":1200,"height":675,"url":"https:\/\/www.tapasmagazine.es\/wp-content\/uploads\/2025\/01\/coffee-fest.jpg","type":"image\/jpeg"}],"author":"Laura P\u00e9rez","twitter_card":"summary_large_image","twitter_creator":"@TapasMagazine","twitter_site":"@TapasMagazine","twitter_misc":{"Written by":"Laura P\u00e9rez","Est. reading time":"3 minutes"},"schema":{"@context":"https:\/\/schema.org","@graph":[{"@type":"Article","@id":"https:\/\/www.tapasmagazine.es\/en\/coffeefest-returns-to-madrid-heres-everything-you-need-to-know\/#article","isPartOf":{"@id":"https:\/\/www.tapasmagazine.es\/en\/coffeefest-returns-to-madrid-heres-everything-you-need-to-know\/"},"author":{"name":"Laura P\u00e9rez","@id":"https:\/\/www.tapasmagazine.es\/#\/schema\/person\/eb46cbe76a9c8f062660eb609e3ecb4e"},"headline":"CoffeeFest returns to Madrid: here&#8217;s everything you need to know","datePublished":"2025-01-21T11:43:46+00:00","dateModified":"2025-01-21T11:47:58+00:00","mainEntityOfPage":{"@id":"https:\/\/www.tapasmagazine.es\/en\/coffeefest-returns-to-madrid-heres-everything-you-need-to-know\/"},"wordCount":378,"publisher":{"@id":"https:\/\/www.tapasmagazine.es\/#organization"},"image":{"@id":"https:\/\/www.tapasmagazine.es\/en\/coffeefest-returns-to-madrid-heres-everything-you-need-to-know\/#primaryimage"},"thumbnailUrl":"https:\/\/www.tapasmagazine.es\/wp-content\/uploads\/2025\/01\/coffee-fest.jpg","keywords":["caf\u00e9","Madrid"],"articleSection":["Planes"],"inLanguage":"en-US"},{"@type":"WebPage","@id":"https:\/\/www.tapasmagazine.es\/en\/coffeefest-returns-to-madrid-heres-everything-you-need-to-know\/","url":"https:\/\/www.tapasmagazine.es\/en\/coffeefest-returns-to-madrid-heres-everything-you-need-to-know\/","name":"CoffeeFest returns to Madrid: here's everything you need to know - Tapas","isPartOf":{"@id":"https:\/\/www.tapasmagazine.es\/#website"},"primaryImageOfPage":{"@id":"https:\/\/www.tapasmagazine.es\/en\/coffeefest-returns-to-madrid-heres-everything-you-need-to-know\/#primaryimage"},"image":{"@id":"https:\/\/www.tapasmagazine.es\/en\/coffeefest-returns-to-madrid-heres-everything-you-need-to-know\/#primaryimage"},"thumbnailUrl":"https:\/\/www.tapasmagazine.es\/wp-content\/uploads\/2025\/01\/coffee-fest.jpg","datePublished":"2025-01-21T11:43:46+00:00","dateModified":"2025-01-21T11:47:58+00:00","description":"Click\u00a0here\u00a0to read the Spanish version. Coffee culture, increasingly integrated into society, has gone from residing on the fringes to becoming","breadcrumb":{"@id":"https:\/\/www.tapasmagazine.es\/en\/coffeefest-returns-to-madrid-heres-everything-you-need-to-know\/#breadcrumb"},"inLanguage":"en-US","potentialAction":[{"@type":"ReadAction","target":["https:\/\/www.tapasmagazine.es\/en\/coffeefest-returns-to-madrid-heres-everything-you-need-to-know\/"]}]},{"@type":"ImageObject","inLanguage":"en-US","@id":"https:\/\/www.tapasmagazine.es\/en\/coffeefest-returns-to-madrid-heres-everything-you-need-to-know\/#primaryimage","url":"https:\/\/www.tapasmagazine.es\/wp-content\/uploads\/2025\/01\/coffee-fest.jpg","contentUrl":"https:\/\/www.tapasmagazine.es\/wp-content\/uploads\/2025\/01\/coffee-fest.jpg","width":1200,"height":675},{"@type":"BreadcrumbList","@id":"https:\/\/www.tapasmagazine.es\/en\/coffeefest-returns-to-madrid-heres-everything-you-need-to-know\/#breadcrumb","itemListElement":[{"@type":"ListItem","position":1,"name":"Portada","item":"https:\/\/www.tapasmagazine.es\/"},{"@type":"ListItem","position":2,"name":"Planes","item":"https:\/\/www.tapasmagazine.es\/en\/categorias\/planes-en\/"},{"@type":"ListItem","position":3,"name":"CoffeeFest returns to Madrid: here&#8217;s everything you need to know"}]},{"@type":"WebSite","@id":"https:\/\/www.tapasmagazine.es\/#website","url":"https:\/\/www.tapasmagazine.es\/","name":"Tapas","description":"\u00d1am \u00d1am Lifestyle. La vida a bocados. Premio Nacional de Gastronom\u00eda 2016.","publisher":{"@id":"https:\/\/www.tapasmagazine.es\/#organization"},"potentialAction":[{"@type":"SearchAction","target":{"@type":"EntryPoint","urlTemplate":"https:\/\/www.tapasmagazine.es\/?s={search_term_string}"},"query-input":{"@type":"PropertyValueSpecification","valueRequired":true,"valueName":"search_term_string"}}],"inLanguage":"en-US"},{"@type":"Organization","@id":"https:\/\/www.tapasmagazine.es\/#organization","name":"Tapas Magazine","url":"https:\/\/www.tapasmagazine.es\/","logo":{"@type":"ImageObject","inLanguage":"en-US","@id":"https:\/\/www.tapasmagazine.es\/#\/schema\/logo\/image\/","url":"https:\/\/www.tapasmagazine.es\/wp-content\/uploads\/2018\/01\/logo.png","contentUrl":"https:\/\/www.tapasmagazine.es\/wp-content\/uploads\/2018\/01\/logo.png","width":180,"height":60,"caption":"Tapas Magazine"},"image":{"@id":"https:\/\/www.tapasmagazine.es\/#\/schema\/logo\/image\/"},"sameAs":["https:\/\/www.facebook.com\/tapasmagazine","https:\/\/x.com\/TapasMagazine","https:\/\/www.instagram.com\/tapasmagazine\/","https:\/\/www.linkedin.com\/company\/tapas-magazine","https:\/\/es.pinterest.com\/tapasmagazine\/","https:\/\/www.youtube.com\/channel\/UCEyxneAaACuR0lfDagrWjjg?sub_confirmation=1"]},{"@type":"Person","@id":"https:\/\/www.tapasmagazine.es\/#\/schema\/person\/eb46cbe76a9c8f062660eb609e3ecb4e","name":"Laura P\u00e9rez","url":"https:\/\/www.tapasmagazine.es\/en\/author\/laura-perez\/"}]}},"_links":{"self":[{"href":"https:\/\/www.tapasmagazine.es\/en\/wp-json\/wp\/v2\/posts\/277492","targetHints":{"allow":["GET"]}}],"collection":[{"href":"https:\/\/www.tapasmagazine.es\/en\/wp-json\/wp\/v2\/posts"}],"about":[{"href":"https:\/\/www.tapasmagazine.es\/en\/wp-json\/wp\/v2\/types\/post"}],"author":[{"embeddable":true,"href":"https:\/\/www.tapasmagazine.es\/en\/wp-json\/wp\/v2\/users\/285"}],"replies":[{"embeddable":true,"href":"https:\/\/www.tapasmagazine.es\/en\/wp-json\/wp\/v2\/comments?post=277492"}],"version-history":[{"count":2,"href":"https:\/\/www.tapasmagazine.es\/en\/wp-json\/wp\/v2\/posts\/277492\/revisions"}],"predecessor-version":[{"id":277500,"href":"https:\/\/www.tapasmagazine.es\/en\/wp-json\/wp\/v2\/posts\/277492\/revisions\/277500"}],"wp:featuredmedia":[{"embeddable":true,"href":"https:\/\/www.tapasmagazine.es\/en\/wp-json\/wp\/v2\/media\/277481"}],"wp:attachment":[{"href":"https:\/\/www.tapasmagazine.es\/en\/wp-json\/wp\/v2\/media?parent=277492"}],"wp:term":[{"taxonomy":"category","embeddable":true,"href":"https:\/\/www.tapasmagazine.es\/en\/wp-json\/wp\/v2\/categories?post=277492"},{"taxonomy":"post_tag","embeddable":true,"href":"https:\/\/www.tapasmagazine.es\/en\/wp-json\/wp\/v2\/tags?post=277492"}],"curies":[{"name":"wp","href":"https:\/\/api.w.org\/{rel}","templated":true}]}}