{"id":277467,"date":"2025-01-21T11:50:39","date_gmt":"2025-01-21T10:50:39","guid":{"rendered":"https:\/\/www.tapasmagazine.es\/la-destitucion-del-chef-jose-andres-en-la-era-trump\/"},"modified":"2025-01-21T11:53:54","modified_gmt":"2025-01-21T10:53:54","slug":"the-dismissal-of-chef-jose-andres-in-the-trump-era","status":"publish","type":"post","link":"https:\/\/www.tapasmagazine.es\/en\/the-dismissal-of-chef-jose-andres-in-the-trump-era\/","title":{"rendered":"The dismissal of chef Jos\u00e9 Andr\u00e9s in the Trump era"},"content":{"rendered":"\n<p><strong>Click\u00a0<a href=\"https:\/\/www.tapasmagazine.es\/la-destitucion-del-chef-jose-andres-en-la-era-trump\/\" target=\"_blank\" rel=\"noreferrer noopener\">here<\/a>\u00a0to read the Spanish version.<\/strong><\/p>\n\n\n\n<p><strong>Donald Trump<\/strong>&#8216;s return to the White House has marked a before and after in the US presidency, marking his most radical era in which he has decided to do away with everything, or at least, with everything \u2018opposed to his ideals\u2019 and\/or that is not aligned with his vision of America. One of his latest news items, not without controversy, has been related to his communiqu\u00e9 in which he stated that his team was in the process of dismissing more than a thousand people who had been appointed by <strong>Joe Biden<\/strong>. Our first day in the White House is not over&#8217;, Trump said in X.<\/p>\n\n\n\n<p>Chef <strong>Jos\u00e9 Andr\u00e9s<\/strong>, revered around the world for his gastronomic and humanitarian work through his NGO<strong> World Central Kitchen<\/strong>, has been, to no one&#8217;s surprise, one of the first to be affected by Trump&#8217;s decision; being removed from the position he held since 2022 as Presidential Advisor on Sports, Exercise and Nutrition.<\/p>\n\n\n<div class=\"wp-block-image\">\n<figure class=\"aligncenter size-large\"><img decoding=\"async\" width=\"1024\" height=\"683\" src=\"https:\/\/www.tapasmagazine.es\/wp-content\/uploads\/2025\/01\/chef_jose_andres_6644-1024x683.webp\" alt=\"\" class=\"wp-image-277460\" srcset=\"https:\/\/www.tapasmagazine.es\/wp-content\/uploads\/2025\/01\/chef_jose_andres_6644-1024x683.webp 1024w, https:\/\/www.tapasmagazine.es\/wp-content\/uploads\/2025\/01\/chef_jose_andres_6644-300x200.webp 300w, https:\/\/www.tapasmagazine.es\/wp-content\/uploads\/2025\/01\/chef_jose_andres_6644-768x512.webp 768w, https:\/\/www.tapasmagazine.es\/wp-content\/uploads\/2025\/01\/chef_jose_andres_6644-1536x1024.webp 1536w, https:\/\/www.tapasmagazine.es\/wp-content\/uploads\/2025\/01\/chef_jose_andres_6644-1000x667.webp 1000w, https:\/\/www.tapasmagazine.es\/wp-content\/uploads\/2025\/01\/chef_jose_andres_6644-400x267.webp 400w, https:\/\/www.tapasmagazine.es\/wp-content\/uploads\/2025\/01\/chef_jose_andres_6644.webp 1600w\" sizes=\"(max-width: 1024px) 100vw, 1024px\" \/><\/figure>\n<\/div>\n\n\n<p>\u2018Jos\u00e9 Andr\u00e9s of the President&#8217;s Council on Sports, Fitness and Nutrition, Mark Milley of the National Infrastructure Advisory Council, Brian Hook of the Wilson Center for Scholars and [former Atlanta Mayor] Keisha Lance Bottoms of the President&#8217;s Export Council: YOU ARE FIRED!\u2019, Trump wrote on X using the phrase he made famous on his TV show \u201cThe Apprentice\u201d.<\/p>\n\n\n\n<p>It was in March 2022 when Joe Biden appointed <strong>Jos\u00e9 Andr\u00e9s<\/strong> as <strong>co-chair of the Sports, Fitness and Nutrition Council <\/strong>for being an \u2018internationally recognised innovative chef\u2019. However, Trump has now decided to end that position, among many others.<\/p>\n\n\n\n<h2 class=\"wp-block-heading\">Trump vs. Jos\u00e9 Andr\u00e9s<\/h2>\n\n\n\n<p>Those who have followed the controversial relationship between <strong>Trump <\/strong>and <strong>Jos\u00e9 Andr\u00e9s<\/strong> will not have been surprised by the measure that the president has decided to carry out. In this sense, the Spanish chef has publicly opposed the Republican&#8217;s policies because of his \u2018hatred\u2019 of immigrants, among other things.<\/p>\n\n\n<div class=\"wp-block-image\">\n<figure class=\"aligncenter size-large\"><img decoding=\"async\" width=\"1024\" height=\"682\" src=\"https:\/\/www.tapasmagazine.es\/wp-content\/uploads\/2025\/01\/GettyImages-516868236.0-1024x682.webp\" alt=\"\" class=\"wp-image-277458\" srcset=\"https:\/\/www.tapasmagazine.es\/wp-content\/uploads\/2025\/01\/GettyImages-516868236.0-1024x682.webp 1024w, https:\/\/www.tapasmagazine.es\/wp-content\/uploads\/2025\/01\/GettyImages-516868236.0-300x200.webp 300w, https:\/\/www.tapasmagazine.es\/wp-content\/uploads\/2025\/01\/GettyImages-516868236.0-768x512.webp 768w, https:\/\/www.tapasmagazine.es\/wp-content\/uploads\/2025\/01\/GettyImages-516868236.0-1536x1024.webp 1536w, https:\/\/www.tapasmagazine.es\/wp-content\/uploads\/2025\/01\/GettyImages-516868236.0-1000x666.webp 1000w, https:\/\/www.tapasmagazine.es\/wp-content\/uploads\/2025\/01\/GettyImages-516868236.0-400x267.webp 400w, https:\/\/www.tapasmagazine.es\/wp-content\/uploads\/2025\/01\/GettyImages-516868236.0.webp 1820w\" sizes=\"(max-width: 1024px) 100vw, 1024px\" \/><\/figure>\n<\/div>\n\n\n<p>If we go back to 2015, before <strong>Donald Trump<\/strong> assumed the presidency, the tycoon decided to hire the chef for the restaurant at his luxury hotel in Washington D.C. However, he would end up withdrawing his company <strong>ThinkFoodGroup<\/strong> from the equation after demonstrating his hatred of Mexicans. The billionaire then decided to sue him for $10 million in damages. In April 2017, months after being inaugurated as the 45th president of the United States, the two announced that they had \u2018amicably\u2019 resolved the dispute.<\/p>\n","protected":false},"excerpt":{"rendered":"<p>Click\u00a0here\u00a0to read the Spanish version. Donald Trump&#8216;s return to the White House has marked a before and after in the US presidency, marking his most radical era in which he has decided to do away with everything, or at least, with everything \u2018opposed to his ideals\u2019 and\/or that is not aligned with his vision of [&hellip;]<\/p>\n","protected":false},"author":285,"featured_media":277457,"comment_status":"closed","ping_status":"closed","sticky":false,"template":"","format":"standard","meta":{"_acf_changed":false,"footnotes":""},"categories":[15802,1],"tags":[19332,15905,19333],"class_list":["post-277467","post","type-post","status-publish","format-standard","has-post-thumbnail","hentry","category-news","category-sin-categorizar","tag-donald-trump-en","tag-jose-andres-2-en","tag-trump-en","cat-15802-id","cat-1-id"],"acf":[],"yoast_head":"<!-- This site is optimized with the Yoast SEO plugin v27.4 - https:\/\/yoast.com\/product\/yoast-seo-wordpress\/ -->\n<title>The dismissal of chef Jos\u00e9 Andr\u00e9s in the Trump era - Tapas<\/title>\n<meta name=\"description\" content=\"Click\u00a0here\u00a0to read the Spanish version. Donald Trump&#039;s return to the White House has marked a before and after in the US presidency, marking his most\" \/>\n<meta name=\"robots\" content=\"index, follow, max-snippet:-1, max-image-preview:large, max-video-preview:-1\" \/>\n<link rel=\"canonical\" href=\"https:\/\/www.tapasmagazine.es\/en\/the-dismissal-of-chef-jose-andres-in-the-trump-era\/\" \/>\n<meta property=\"og:locale\" content=\"en_US\" \/>\n<meta property=\"og:type\" content=\"article\" \/>\n<meta property=\"og:title\" content=\"The dismissal of chef Jos\u00e9 Andr\u00e9s in the Trump era - Tapas\" \/>\n<meta property=\"og:description\" content=\"Click\u00a0here\u00a0to read the Spanish version. Donald Trump&#039;s return to the White House has marked a before and after in the US presidency, marking his most\" \/>\n<meta property=\"og:url\" content=\"https:\/\/www.tapasmagazine.es\/en\/the-dismissal-of-chef-jose-andres-in-the-trump-era\/\" \/>\n<meta property=\"og:site_name\" content=\"Tapas\" \/>\n<meta property=\"article:publisher\" content=\"https:\/\/www.facebook.com\/tapasmagazine\" \/>\n<meta property=\"article:published_time\" content=\"2025-01-21T10:50:39+00:00\" \/>\n<meta property=\"article:modified_time\" content=\"2025-01-21T10:53:54+00:00\" \/>\n<meta property=\"og:image\" content=\"https:\/\/www.tapasmagazine.es\/wp-content\/uploads\/2025\/01\/jose-andres.jpg\" \/>\n\t<meta property=\"og:image:width\" content=\"1200\" \/>\n\t<meta property=\"og:image:height\" content=\"675\" \/>\n\t<meta property=\"og:image:type\" content=\"image\/jpeg\" \/>\n<meta name=\"author\" content=\"Laura P\u00e9rez\" \/>\n<meta name=\"twitter:card\" content=\"summary_large_image\" \/>\n<meta name=\"twitter:creator\" content=\"@TapasMagazine\" \/>\n<meta name=\"twitter:site\" content=\"@TapasMagazine\" \/>\n<meta name=\"twitter:label1\" content=\"Written by\" \/>\n\t<meta name=\"twitter:data1\" content=\"Laura P\u00e9rez\" \/>\n\t<meta name=\"twitter:label2\" content=\"Est. reading time\" \/>\n\t<meta name=\"twitter:data2\" content=\"3 minutes\" \/>\n<script type=\"application\/ld+json\" class=\"yoast-schema-graph\">{\"@context\":\"https:\\\/\\\/schema.org\",\"@graph\":[{\"@type\":\"Article\",\"@id\":\"https:\\\/\\\/www.tapasmagazine.es\\\/en\\\/the-dismissal-of-chef-jose-andres-in-the-trump-era\\\/#article\",\"isPartOf\":{\"@id\":\"https:\\\/\\\/www.tapasmagazine.es\\\/en\\\/the-dismissal-of-chef-jose-andres-in-the-trump-era\\\/\"},\"author\":{\"name\":\"Laura P\u00e9rez\",\"@id\":\"https:\\\/\\\/www.tapasmagazine.es\\\/#\\\/schema\\\/person\\\/eb46cbe76a9c8f062660eb609e3ecb4e\"},\"headline\":\"The dismissal of chef Jos\u00e9 Andr\u00e9s in the Trump era\",\"datePublished\":\"2025-01-21T10:50:39+00:00\",\"dateModified\":\"2025-01-21T10:53:54+00:00\",\"mainEntityOfPage\":{\"@id\":\"https:\\\/\\\/www.tapasmagazine.es\\\/en\\\/the-dismissal-of-chef-jose-andres-in-the-trump-era\\\/\"},\"wordCount\":417,\"publisher\":{\"@id\":\"https:\\\/\\\/www.tapasmagazine.es\\\/#organization\"},\"image\":{\"@id\":\"https:\\\/\\\/www.tapasmagazine.es\\\/en\\\/the-dismissal-of-chef-jose-andres-in-the-trump-era\\\/#primaryimage\"},\"thumbnailUrl\":\"https:\\\/\\\/www.tapasmagazine.es\\\/wp-content\\\/uploads\\\/2025\\\/01\\\/jose-andres.jpg\",\"keywords\":[\"Donald Trump\",\"Jos\u00e9 Andr\u00e9s\",\"Trump\"],\"articleSection\":[\"News\",\"Sin categorizar\"],\"inLanguage\":\"en-US\"},{\"@type\":\"WebPage\",\"@id\":\"https:\\\/\\\/www.tapasmagazine.es\\\/en\\\/the-dismissal-of-chef-jose-andres-in-the-trump-era\\\/\",\"url\":\"https:\\\/\\\/www.tapasmagazine.es\\\/en\\\/the-dismissal-of-chef-jose-andres-in-the-trump-era\\\/\",\"name\":\"The dismissal of chef Jos\u00e9 Andr\u00e9s in the Trump era - Tapas\",\"isPartOf\":{\"@id\":\"https:\\\/\\\/www.tapasmagazine.es\\\/#website\"},\"primaryImageOfPage\":{\"@id\":\"https:\\\/\\\/www.tapasmagazine.es\\\/en\\\/the-dismissal-of-chef-jose-andres-in-the-trump-era\\\/#primaryimage\"},\"image\":{\"@id\":\"https:\\\/\\\/www.tapasmagazine.es\\\/en\\\/the-dismissal-of-chef-jose-andres-in-the-trump-era\\\/#primaryimage\"},\"thumbnailUrl\":\"https:\\\/\\\/www.tapasmagazine.es\\\/wp-content\\\/uploads\\\/2025\\\/01\\\/jose-andres.jpg\",\"datePublished\":\"2025-01-21T10:50:39+00:00\",\"dateModified\":\"2025-01-21T10:53:54+00:00\",\"description\":\"Click\u00a0here\u00a0to read the Spanish version. Donald Trump's return to the White House has marked a before and after in the US presidency, marking his most\",\"breadcrumb\":{\"@id\":\"https:\\\/\\\/www.tapasmagazine.es\\\/en\\\/the-dismissal-of-chef-jose-andres-in-the-trump-era\\\/#breadcrumb\"},\"inLanguage\":\"en-US\",\"potentialAction\":[{\"@type\":\"ReadAction\",\"target\":[\"https:\\\/\\\/www.tapasmagazine.es\\\/en\\\/the-dismissal-of-chef-jose-andres-in-the-trump-era\\\/\"]}]},{\"@type\":\"ImageObject\",\"inLanguage\":\"en-US\",\"@id\":\"https:\\\/\\\/www.tapasmagazine.es\\\/en\\\/the-dismissal-of-chef-jose-andres-in-the-trump-era\\\/#primaryimage\",\"url\":\"https:\\\/\\\/www.tapasmagazine.es\\\/wp-content\\\/uploads\\\/2025\\\/01\\\/jose-andres.jpg\",\"contentUrl\":\"https:\\\/\\\/www.tapasmagazine.es\\\/wp-content\\\/uploads\\\/2025\\\/01\\\/jose-andres.jpg\",\"width\":1200,\"height\":675},{\"@type\":\"BreadcrumbList\",\"@id\":\"https:\\\/\\\/www.tapasmagazine.es\\\/en\\\/the-dismissal-of-chef-jose-andres-in-the-trump-era\\\/#breadcrumb\",\"itemListElement\":[{\"@type\":\"ListItem\",\"position\":1,\"name\":\"Portada\",\"item\":\"https:\\\/\\\/www.tapasmagazine.es\\\/\"},{\"@type\":\"ListItem\",\"position\":2,\"name\":\"Sin categorizar\",\"item\":\"https:\\\/\\\/www.tapasmagazine.es\\\/categorias\\\/sin-categorizar\\\/\"},{\"@type\":\"ListItem\",\"position\":3,\"name\":\"The dismissal of chef Jos\u00e9 Andr\u00e9s in the Trump era\"}]},{\"@type\":\"WebSite\",\"@id\":\"https:\\\/\\\/www.tapasmagazine.es\\\/#website\",\"url\":\"https:\\\/\\\/www.tapasmagazine.es\\\/\",\"name\":\"Tapas\",\"description\":\"\u00d1am \u00d1am Lifestyle. La vida a bocados. Premio Nacional de Gastronom\u00eda 2016.\",\"publisher\":{\"@id\":\"https:\\\/\\\/www.tapasmagazine.es\\\/#organization\"},\"potentialAction\":[{\"@type\":\"SearchAction\",\"target\":{\"@type\":\"EntryPoint\",\"urlTemplate\":\"https:\\\/\\\/www.tapasmagazine.es\\\/?s={search_term_string}\"},\"query-input\":{\"@type\":\"PropertyValueSpecification\",\"valueRequired\":true,\"valueName\":\"search_term_string\"}}],\"inLanguage\":\"en-US\"},{\"@type\":\"Organization\",\"@id\":\"https:\\\/\\\/www.tapasmagazine.es\\\/#organization\",\"name\":\"Tapas Magazine\",\"url\":\"https:\\\/\\\/www.tapasmagazine.es\\\/\",\"logo\":{\"@type\":\"ImageObject\",\"inLanguage\":\"en-US\",\"@id\":\"https:\\\/\\\/www.tapasmagazine.es\\\/#\\\/schema\\\/logo\\\/image\\\/\",\"url\":\"https:\\\/\\\/www.tapasmagazine.es\\\/wp-content\\\/uploads\\\/2018\\\/01\\\/logo.png\",\"contentUrl\":\"https:\\\/\\\/www.tapasmagazine.es\\\/wp-content\\\/uploads\\\/2018\\\/01\\\/logo.png\",\"width\":180,\"height\":60,\"caption\":\"Tapas Magazine\"},\"image\":{\"@id\":\"https:\\\/\\\/www.tapasmagazine.es\\\/#\\\/schema\\\/logo\\\/image\\\/\"},\"sameAs\":[\"https:\\\/\\\/www.facebook.com\\\/tapasmagazine\",\"https:\\\/\\\/x.com\\\/TapasMagazine\",\"https:\\\/\\\/www.instagram.com\\\/tapasmagazine\\\/\",\"https:\\\/\\\/www.linkedin.com\\\/company\\\/tapas-magazine\",\"https:\\\/\\\/es.pinterest.com\\\/tapasmagazine\\\/\",\"https:\\\/\\\/www.youtube.com\\\/channel\\\/UCEyxneAaACuR0lfDagrWjjg?sub_confirmation=1\"]},{\"@type\":\"Person\",\"@id\":\"https:\\\/\\\/www.tapasmagazine.es\\\/#\\\/schema\\\/person\\\/eb46cbe76a9c8f062660eb609e3ecb4e\",\"name\":\"Laura P\u00e9rez\",\"url\":\"https:\\\/\\\/www.tapasmagazine.es\\\/en\\\/author\\\/laura-perez\\\/\"}]}<\/script>\n<!-- \/ Yoast SEO plugin. -->","yoast_head_json":{"title":"The dismissal of chef Jos\u00e9 Andr\u00e9s in the Trump era - Tapas","description":"Click\u00a0here\u00a0to read the Spanish version. Donald Trump's return to the White House has marked a before and after in the US presidency, marking his most","robots":{"index":"index","follow":"follow","max-snippet":"max-snippet:-1","max-image-preview":"max-image-preview:large","max-video-preview":"max-video-preview:-1"},"canonical":"https:\/\/www.tapasmagazine.es\/en\/the-dismissal-of-chef-jose-andres-in-the-trump-era\/","og_locale":"en_US","og_type":"article","og_title":"The dismissal of chef Jos\u00e9 Andr\u00e9s in the Trump era - Tapas","og_description":"Click\u00a0here\u00a0to read the Spanish version. Donald Trump's return to the White House has marked a before and after in the US presidency, marking his most","og_url":"https:\/\/www.tapasmagazine.es\/en\/the-dismissal-of-chef-jose-andres-in-the-trump-era\/","og_site_name":"Tapas","article_publisher":"https:\/\/www.facebook.com\/tapasmagazine","article_published_time":"2025-01-21T10:50:39+00:00","article_modified_time":"2025-01-21T10:53:54+00:00","og_image":[{"width":1200,"height":675,"url":"https:\/\/www.tapasmagazine.es\/wp-content\/uploads\/2025\/01\/jose-andres.jpg","type":"image\/jpeg"}],"author":"Laura P\u00e9rez","twitter_card":"summary_large_image","twitter_creator":"@TapasMagazine","twitter_site":"@TapasMagazine","twitter_misc":{"Written by":"Laura P\u00e9rez","Est. reading time":"3 minutes"},"schema":{"@context":"https:\/\/schema.org","@graph":[{"@type":"Article","@id":"https:\/\/www.tapasmagazine.es\/en\/the-dismissal-of-chef-jose-andres-in-the-trump-era\/#article","isPartOf":{"@id":"https:\/\/www.tapasmagazine.es\/en\/the-dismissal-of-chef-jose-andres-in-the-trump-era\/"},"author":{"name":"Laura P\u00e9rez","@id":"https:\/\/www.tapasmagazine.es\/#\/schema\/person\/eb46cbe76a9c8f062660eb609e3ecb4e"},"headline":"The dismissal of chef Jos\u00e9 Andr\u00e9s in the Trump era","datePublished":"2025-01-21T10:50:39+00:00","dateModified":"2025-01-21T10:53:54+00:00","mainEntityOfPage":{"@id":"https:\/\/www.tapasmagazine.es\/en\/the-dismissal-of-chef-jose-andres-in-the-trump-era\/"},"wordCount":417,"publisher":{"@id":"https:\/\/www.tapasmagazine.es\/#organization"},"image":{"@id":"https:\/\/www.tapasmagazine.es\/en\/the-dismissal-of-chef-jose-andres-in-the-trump-era\/#primaryimage"},"thumbnailUrl":"https:\/\/www.tapasmagazine.es\/wp-content\/uploads\/2025\/01\/jose-andres.jpg","keywords":["Donald Trump","Jos\u00e9 Andr\u00e9s","Trump"],"articleSection":["News","Sin categorizar"],"inLanguage":"en-US"},{"@type":"WebPage","@id":"https:\/\/www.tapasmagazine.es\/en\/the-dismissal-of-chef-jose-andres-in-the-trump-era\/","url":"https:\/\/www.tapasmagazine.es\/en\/the-dismissal-of-chef-jose-andres-in-the-trump-era\/","name":"The dismissal of chef Jos\u00e9 Andr\u00e9s in the Trump era - Tapas","isPartOf":{"@id":"https:\/\/www.tapasmagazine.es\/#website"},"primaryImageOfPage":{"@id":"https:\/\/www.tapasmagazine.es\/en\/the-dismissal-of-chef-jose-andres-in-the-trump-era\/#primaryimage"},"image":{"@id":"https:\/\/www.tapasmagazine.es\/en\/the-dismissal-of-chef-jose-andres-in-the-trump-era\/#primaryimage"},"thumbnailUrl":"https:\/\/www.tapasmagazine.es\/wp-content\/uploads\/2025\/01\/jose-andres.jpg","datePublished":"2025-01-21T10:50:39+00:00","dateModified":"2025-01-21T10:53:54+00:00","description":"Click\u00a0here\u00a0to read the Spanish version. Donald Trump's return to the White House has marked a before and after in the US presidency, marking his most","breadcrumb":{"@id":"https:\/\/www.tapasmagazine.es\/en\/the-dismissal-of-chef-jose-andres-in-the-trump-era\/#breadcrumb"},"inLanguage":"en-US","potentialAction":[{"@type":"ReadAction","target":["https:\/\/www.tapasmagazine.es\/en\/the-dismissal-of-chef-jose-andres-in-the-trump-era\/"]}]},{"@type":"ImageObject","inLanguage":"en-US","@id":"https:\/\/www.tapasmagazine.es\/en\/the-dismissal-of-chef-jose-andres-in-the-trump-era\/#primaryimage","url":"https:\/\/www.tapasmagazine.es\/wp-content\/uploads\/2025\/01\/jose-andres.jpg","contentUrl":"https:\/\/www.tapasmagazine.es\/wp-content\/uploads\/2025\/01\/jose-andres.jpg","width":1200,"height":675},{"@type":"BreadcrumbList","@id":"https:\/\/www.tapasmagazine.es\/en\/the-dismissal-of-chef-jose-andres-in-the-trump-era\/#breadcrumb","itemListElement":[{"@type":"ListItem","position":1,"name":"Portada","item":"https:\/\/www.tapasmagazine.es\/"},{"@type":"ListItem","position":2,"name":"Sin categorizar","item":"https:\/\/www.tapasmagazine.es\/categorias\/sin-categorizar\/"},{"@type":"ListItem","position":3,"name":"The dismissal of chef Jos\u00e9 Andr\u00e9s in the Trump era"}]},{"@type":"WebSite","@id":"https:\/\/www.tapasmagazine.es\/#website","url":"https:\/\/www.tapasmagazine.es\/","name":"Tapas","description":"\u00d1am \u00d1am Lifestyle. La vida a bocados. Premio Nacional de Gastronom\u00eda 2016.","publisher":{"@id":"https:\/\/www.tapasmagazine.es\/#organization"},"potentialAction":[{"@type":"SearchAction","target":{"@type":"EntryPoint","urlTemplate":"https:\/\/www.tapasmagazine.es\/?s={search_term_string}"},"query-input":{"@type":"PropertyValueSpecification","valueRequired":true,"valueName":"search_term_string"}}],"inLanguage":"en-US"},{"@type":"Organization","@id":"https:\/\/www.tapasmagazine.es\/#organization","name":"Tapas Magazine","url":"https:\/\/www.tapasmagazine.es\/","logo":{"@type":"ImageObject","inLanguage":"en-US","@id":"https:\/\/www.tapasmagazine.es\/#\/schema\/logo\/image\/","url":"https:\/\/www.tapasmagazine.es\/wp-content\/uploads\/2018\/01\/logo.png","contentUrl":"https:\/\/www.tapasmagazine.es\/wp-content\/uploads\/2018\/01\/logo.png","width":180,"height":60,"caption":"Tapas Magazine"},"image":{"@id":"https:\/\/www.tapasmagazine.es\/#\/schema\/logo\/image\/"},"sameAs":["https:\/\/www.facebook.com\/tapasmagazine","https:\/\/x.com\/TapasMagazine","https:\/\/www.instagram.com\/tapasmagazine\/","https:\/\/www.linkedin.com\/company\/tapas-magazine","https:\/\/es.pinterest.com\/tapasmagazine\/","https:\/\/www.youtube.com\/channel\/UCEyxneAaACuR0lfDagrWjjg?sub_confirmation=1"]},{"@type":"Person","@id":"https:\/\/www.tapasmagazine.es\/#\/schema\/person\/eb46cbe76a9c8f062660eb609e3ecb4e","name":"Laura P\u00e9rez","url":"https:\/\/www.tapasmagazine.es\/en\/author\/laura-perez\/"}]}},"_links":{"self":[{"href":"https:\/\/www.tapasmagazine.es\/en\/wp-json\/wp\/v2\/posts\/277467","targetHints":{"allow":["GET"]}}],"collection":[{"href":"https:\/\/www.tapasmagazine.es\/en\/wp-json\/wp\/v2\/posts"}],"about":[{"href":"https:\/\/www.tapasmagazine.es\/en\/wp-json\/wp\/v2\/types\/post"}],"author":[{"embeddable":true,"href":"https:\/\/www.tapasmagazine.es\/en\/wp-json\/wp\/v2\/users\/285"}],"replies":[{"embeddable":true,"href":"https:\/\/www.tapasmagazine.es\/en\/wp-json\/wp\/v2\/comments?post=277467"}],"version-history":[{"count":2,"href":"https:\/\/www.tapasmagazine.es\/en\/wp-json\/wp\/v2\/posts\/277467\/revisions"}],"predecessor-version":[{"id":277474,"href":"https:\/\/www.tapasmagazine.es\/en\/wp-json\/wp\/v2\/posts\/277467\/revisions\/277474"}],"wp:featuredmedia":[{"embeddable":true,"href":"https:\/\/www.tapasmagazine.es\/en\/wp-json\/wp\/v2\/media\/277457"}],"wp:attachment":[{"href":"https:\/\/www.tapasmagazine.es\/en\/wp-json\/wp\/v2\/media?parent=277467"}],"wp:term":[{"taxonomy":"category","embeddable":true,"href":"https:\/\/www.tapasmagazine.es\/en\/wp-json\/wp\/v2\/categories?post=277467"},{"taxonomy":"post_tag","embeddable":true,"href":"https:\/\/www.tapasmagazine.es\/en\/wp-json\/wp\/v2\/tags?post=277467"}],"curies":[{"name":"wp","href":"https:\/\/api.w.org\/{rel}","templated":true}]}}