{"id":277295,"date":"2025-01-20T13:31:00","date_gmt":"2025-01-20T12:31:00","guid":{"rendered":"https:\/\/www.tapasmagazine.es\/boral-la-nueva-oda-al-mediterraneo-de-joaquin-serrano-y-jorge-velasco\/"},"modified":"2025-01-20T13:35:16","modified_gmt":"2025-01-20T12:35:16","slug":"boral-new-mediterranean-ode-by-joaquin-serrano-and-jorge-velasco","status":"publish","type":"post","link":"https:\/\/www.tapasmagazine.es\/en\/boral-new-mediterranean-ode-by-joaquin-serrano-and-jorge-velasco\/","title":{"rendered":"Boral, the new ode to the Mediterranean by Joaqu\u00edn Serrano and Jorge Velasco"},"content":{"rendered":"\n<p><strong>Click\u00a0<a href=\"https:\/\/www.tapasmagazine.es\/boral-la-nueva-oda-al-mediterraneo-de-joaquin-serrano-y-jorge-velasco\/\" target=\"_blank\" rel=\"noreferrer noopener\">here<\/a>\u00a0to read the Spanish version.<\/strong><\/p>\n\n\n\n<p>The <strong>La F\u00e1brica Group <\/strong>now has two new gastronomic projects framed in a tribute to seasonal cuisine. The already well-known restaurant Torcuato is now reinventing itself through Boral in the historic ABC Serrano building with a proposal that dives into the depths of the sea to bring the best of Mediterranean produce to the surface.<\/p>\n\n\n\n<p>The chefs <strong>Joaqu\u00edn Serrano<\/strong> and<strong> Jorge Velasco<\/strong>, known for their projects Varra and Varro, have been in charge of offering a culinary twist to this emblematic restaurant that now takes inspiration from seasonal produce worked with refined French techniques. Its d\u00e9cor, designed by interior designer Pepe Leal, continues to reflect the eclecticism of late 19th century high society, with details that combine bourgeois splendour and exotic influences.<\/p>\n\n\n\n<figure class=\"wp-block-image size-large\"><img decoding=\"async\" width=\"1024\" height=\"768\" src=\"https:\/\/www.tapasmagazine.es\/wp-content\/uploads\/2025\/01\/Boral-salon-espejos-1024x768.jpg\" alt=\"\" class=\"wp-image-277285\" srcset=\"https:\/\/www.tapasmagazine.es\/wp-content\/uploads\/2025\/01\/Boral-salon-espejos-1024x768.jpg 1024w, https:\/\/www.tapasmagazine.es\/wp-content\/uploads\/2025\/01\/Boral-salon-espejos-300x225.jpg 300w, https:\/\/www.tapasmagazine.es\/wp-content\/uploads\/2025\/01\/Boral-salon-espejos-768x576.jpg 768w, https:\/\/www.tapasmagazine.es\/wp-content\/uploads\/2025\/01\/Boral-salon-espejos-1536x1152.jpg 1536w, https:\/\/www.tapasmagazine.es\/wp-content\/uploads\/2025\/01\/Boral-salon-espejos-2048x1536.jpg 2048w, https:\/\/www.tapasmagazine.es\/wp-content\/uploads\/2025\/01\/Boral-salon-espejos-1000x750.jpg 1000w, https:\/\/www.tapasmagazine.es\/wp-content\/uploads\/2025\/01\/Boral-salon-espejos-400x300.jpg 400w\" sizes=\"(max-width: 1024px) 100vw, 1024px\" \/><\/figure>\n\n\n\n<h2 class=\"wp-block-heading\">The menu<\/h2>\n\n\n\n<p>In the starters section we can already find delicacies from the sea such as a grilled oyster with Maitre d&#8217;H\u00f4tel butter, lightly smoked on the grill, the crispy red prawn croquettes from Denia or the cured sea bream tartare with grilled green pods.<\/p>\n\n\n<div class=\"wp-block-image\">\n<figure class=\"aligncenter size-large\"><img decoding=\"async\" width=\"1024\" height=\"683\" src=\"https:\/\/www.tapasmagazine.es\/wp-content\/uploads\/2025\/01\/Tartar-de-dorada-curada-y-vainas-verdes-a-la-brasa-1024x683.jpg\" alt=\"\" class=\"wp-image-277290\" srcset=\"https:\/\/www.tapasmagazine.es\/wp-content\/uploads\/2025\/01\/Tartar-de-dorada-curada-y-vainas-verdes-a-la-brasa-1024x683.jpg 1024w, https:\/\/www.tapasmagazine.es\/wp-content\/uploads\/2025\/01\/Tartar-de-dorada-curada-y-vainas-verdes-a-la-brasa-300x200.jpg 300w, https:\/\/www.tapasmagazine.es\/wp-content\/uploads\/2025\/01\/Tartar-de-dorada-curada-y-vainas-verdes-a-la-brasa-768x512.jpg 768w, https:\/\/www.tapasmagazine.es\/wp-content\/uploads\/2025\/01\/Tartar-de-dorada-curada-y-vainas-verdes-a-la-brasa-1536x1025.jpg 1536w, https:\/\/www.tapasmagazine.es\/wp-content\/uploads\/2025\/01\/Tartar-de-dorada-curada-y-vainas-verdes-a-la-brasa-2048x1366.jpg 2048w, https:\/\/www.tapasmagazine.es\/wp-content\/uploads\/2025\/01\/Tartar-de-dorada-curada-y-vainas-verdes-a-la-brasa-1000x667.jpg 1000w, https:\/\/www.tapasmagazine.es\/wp-content\/uploads\/2025\/01\/Tartar-de-dorada-curada-y-vainas-verdes-a-la-brasa-400x267.jpg 400w\" sizes=\"(max-width: 1024px) 100vw, 1024px\" \/><\/figure>\n<\/div>\n\n\n<p>For the main courses, both meat and fish reflect the value of the product, with options such as roasted turbot with lime butter and capers, grilled wild sea bass with soft porrusalda, or grilled steak eye with chimichurri and chips.<\/p>\n\n\n<div class=\"wp-block-image\">\n<figure class=\"aligncenter size-large\"><img decoding=\"async\" width=\"1024\" height=\"683\" src=\"https:\/\/www.tapasmagazine.es\/wp-content\/uploads\/2025\/01\/Canelon-de-pularda-guisada-con-salsa-de-foie-y-demi-glace-1024x683.jpg\" alt=\"\" class=\"wp-image-277292\" srcset=\"https:\/\/www.tapasmagazine.es\/wp-content\/uploads\/2025\/01\/Canelon-de-pularda-guisada-con-salsa-de-foie-y-demi-glace-1024x683.jpg 1024w, https:\/\/www.tapasmagazine.es\/wp-content\/uploads\/2025\/01\/Canelon-de-pularda-guisada-con-salsa-de-foie-y-demi-glace-300x200.jpg 300w, https:\/\/www.tapasmagazine.es\/wp-content\/uploads\/2025\/01\/Canelon-de-pularda-guisada-con-salsa-de-foie-y-demi-glace-768x512.jpg 768w, https:\/\/www.tapasmagazine.es\/wp-content\/uploads\/2025\/01\/Canelon-de-pularda-guisada-con-salsa-de-foie-y-demi-glace-1536x1025.jpg 1536w, https:\/\/www.tapasmagazine.es\/wp-content\/uploads\/2025\/01\/Canelon-de-pularda-guisada-con-salsa-de-foie-y-demi-glace-2048x1366.jpg 2048w, https:\/\/www.tapasmagazine.es\/wp-content\/uploads\/2025\/01\/Canelon-de-pularda-guisada-con-salsa-de-foie-y-demi-glace-1000x667.jpg 1000w, https:\/\/www.tapasmagazine.es\/wp-content\/uploads\/2025\/01\/Canelon-de-pularda-guisada-con-salsa-de-foie-y-demi-glace-400x267.jpg 400w\" sizes=\"(max-width: 1024px) 100vw, 1024px\" \/><\/figure>\n<\/div>\n\n\n<p>The finishing touch comes with desserts that reinterpret the classics, such as homemade flan enriched with free-range egg yolks or baked apple puff pastry with baked apple sauce and yoghurt.<\/p>\n\n\n\n<h2 class=\"wp-block-heading\">1923, the creative mixology of the \u2018Pingu&#8217;<\/h2>\n\n\n\n<p>In 1923, the<strong> cocktail bar<\/strong> became the vibrant soul of Boral, a space where history, creativity and technique intertwine to offer a unique experience. Paying homage to the year of birth of Torcuato Luca de Tena, grandson of the founder of ABC and also a renowned journalist, this corner evokes the grandeur of a stately palace through its majestic design with stained glass ceilings and marble columns.<\/p>\n\n\n\n<p><strong>Guillermo \u2018Pingu\u2019 Serrano<\/strong>, one of the \u2018Top 10 Bartenders in Spain 2023\u2019 by World Class, has designed a sophisticated liquid menu, which includes creative cocktails such as the Crep Negroni, made with Bombay Premiere Cru, Campari, red vermouth and noisette butter, to refreshing and accessible alternatives such as the Piscolado, a mix of pisco, pineapple and coconut foam.<\/p>\n\n\n\n<p>The experience continues on 1923 weekends with a gastronomic selection designed by the Boral restaurant. Among the options are prawn croquettes, cured sea bream tartar with grilled green pods and grilled Tudela cabbage with gribiche sauce, anchovy and Comt\u00e9 cheese. For those with a sweet tooth, desserts such as the homemade custard enriched with egg yolks or the hot chocolate foam with almond ice cream provide the perfect ending.<\/p>\n","protected":false},"excerpt":{"rendered":"<p>Click\u00a0here\u00a0to read the Spanish version. The La F\u00e1brica Group now has two new gastronomic projects framed in a tribute to seasonal cuisine. The already well-known restaurant Torcuato is now reinventing itself through Boral in the historic ABC Serrano building with a proposal that dives into the depths of the sea to bring the best of [&hellip;]<\/p>\n","protected":false},"author":285,"featured_media":277283,"comment_status":"closed","ping_status":"closed","sticky":false,"template":"","format":"standard","meta":{"_acf_changed":false,"footnotes":""},"categories":[15807],"tags":[16033,15803],"class_list":["post-277295","post","type-post","status-publish","format-standard","has-post-thumbnail","hentry","category-gastro-en","tag-madrid-en","tag-restaurants","cat-15807-id"],"acf":[],"yoast_head":"<!-- This site is optimized with the Yoast SEO plugin v27.5 - https:\/\/yoast.com\/product\/yoast-seo-wordpress\/ -->\n<title>Boral, the new ode to the Mediterranean by Joaqu\u00edn Serrano and Jorge Velasco - Tapas<\/title>\n<meta name=\"description\" content=\"Click\u00a0here\u00a0to read the Spanish version. The La F\u00e1brica Group now has two new gastronomic projects framed in a tribute to seasonal cuisine. The already\" \/>\n<meta name=\"robots\" content=\"index, follow, max-snippet:-1, max-image-preview:large, max-video-preview:-1\" \/>\n<link rel=\"canonical\" href=\"https:\/\/www.tapasmagazine.es\/en\/boral-new-mediterranean-ode-by-joaquin-serrano-and-jorge-velasco\/\" \/>\n<meta property=\"og:locale\" content=\"en_US\" \/>\n<meta property=\"og:type\" content=\"article\" \/>\n<meta property=\"og:title\" content=\"Boral, the new ode to the Mediterranean by Joaqu\u00edn Serrano and Jorge Velasco - Tapas\" \/>\n<meta property=\"og:description\" content=\"Click\u00a0here\u00a0to read the Spanish version. The La F\u00e1brica Group now has two new gastronomic projects framed in a tribute to seasonal cuisine. The already\" \/>\n<meta property=\"og:url\" content=\"https:\/\/www.tapasmagazine.es\/en\/boral-new-mediterranean-ode-by-joaquin-serrano-and-jorge-velasco\/\" \/>\n<meta property=\"og:site_name\" content=\"Tapas\" \/>\n<meta property=\"article:publisher\" content=\"https:\/\/www.facebook.com\/tapasmagazine\" \/>\n<meta property=\"article:published_time\" content=\"2025-01-20T12:31:00+00:00\" \/>\n<meta property=\"article:modified_time\" content=\"2025-01-20T12:35:16+00:00\" \/>\n<meta property=\"og:image\" content=\"https:\/\/www.tapasmagazine.es\/wp-content\/uploads\/2025\/01\/boral-1.jpg\" \/>\n\t<meta property=\"og:image:width\" content=\"1200\" \/>\n\t<meta property=\"og:image:height\" content=\"675\" \/>\n\t<meta property=\"og:image:type\" content=\"image\/jpeg\" \/>\n<meta name=\"author\" content=\"Laura P\u00e9rez\" \/>\n<meta name=\"twitter:card\" content=\"summary_large_image\" \/>\n<meta name=\"twitter:creator\" content=\"@TapasMagazine\" \/>\n<meta name=\"twitter:site\" content=\"@TapasMagazine\" \/>\n<meta name=\"twitter:label1\" content=\"Written by\" \/>\n\t<meta name=\"twitter:data1\" content=\"Laura P\u00e9rez\" \/>\n\t<meta name=\"twitter:label2\" content=\"Est. reading time\" \/>\n\t<meta name=\"twitter:data2\" content=\"3 minutes\" \/>\n<script type=\"application\/ld+json\" class=\"yoast-schema-graph\">{\"@context\":\"https:\\\/\\\/schema.org\",\"@graph\":[{\"@type\":\"Article\",\"@id\":\"https:\\\/\\\/www.tapasmagazine.es\\\/en\\\/boral-new-mediterranean-ode-by-joaquin-serrano-and-jorge-velasco\\\/#article\",\"isPartOf\":{\"@id\":\"https:\\\/\\\/www.tapasmagazine.es\\\/en\\\/boral-new-mediterranean-ode-by-joaquin-serrano-and-jorge-velasco\\\/\"},\"author\":{\"name\":\"Laura P\u00e9rez\",\"@id\":\"https:\\\/\\\/www.tapasmagazine.es\\\/#\\\/schema\\\/person\\\/eb46cbe76a9c8f062660eb609e3ecb4e\"},\"headline\":\"Boral, the new ode to the Mediterranean by Joaqu\u00edn Serrano and Jorge Velasco\",\"datePublished\":\"2025-01-20T12:31:00+00:00\",\"dateModified\":\"2025-01-20T12:35:16+00:00\",\"mainEntityOfPage\":{\"@id\":\"https:\\\/\\\/www.tapasmagazine.es\\\/en\\\/boral-new-mediterranean-ode-by-joaquin-serrano-and-jorge-velasco\\\/\"},\"wordCount\":459,\"publisher\":{\"@id\":\"https:\\\/\\\/www.tapasmagazine.es\\\/#organization\"},\"image\":{\"@id\":\"https:\\\/\\\/www.tapasmagazine.es\\\/en\\\/boral-new-mediterranean-ode-by-joaquin-serrano-and-jorge-velasco\\\/#primaryimage\"},\"thumbnailUrl\":\"https:\\\/\\\/www.tapasmagazine.es\\\/wp-content\\\/uploads\\\/2025\\\/01\\\/boral-1.jpg\",\"keywords\":[\"Madrid\",\"restaurants\"],\"articleSection\":[\"Gastro\"],\"inLanguage\":\"en-US\"},{\"@type\":\"WebPage\",\"@id\":\"https:\\\/\\\/www.tapasmagazine.es\\\/en\\\/boral-new-mediterranean-ode-by-joaquin-serrano-and-jorge-velasco\\\/\",\"url\":\"https:\\\/\\\/www.tapasmagazine.es\\\/en\\\/boral-new-mediterranean-ode-by-joaquin-serrano-and-jorge-velasco\\\/\",\"name\":\"Boral, the new ode to the Mediterranean by Joaqu\u00edn Serrano and Jorge Velasco - Tapas\",\"isPartOf\":{\"@id\":\"https:\\\/\\\/www.tapasmagazine.es\\\/#website\"},\"primaryImageOfPage\":{\"@id\":\"https:\\\/\\\/www.tapasmagazine.es\\\/en\\\/boral-new-mediterranean-ode-by-joaquin-serrano-and-jorge-velasco\\\/#primaryimage\"},\"image\":{\"@id\":\"https:\\\/\\\/www.tapasmagazine.es\\\/en\\\/boral-new-mediterranean-ode-by-joaquin-serrano-and-jorge-velasco\\\/#primaryimage\"},\"thumbnailUrl\":\"https:\\\/\\\/www.tapasmagazine.es\\\/wp-content\\\/uploads\\\/2025\\\/01\\\/boral-1.jpg\",\"datePublished\":\"2025-01-20T12:31:00+00:00\",\"dateModified\":\"2025-01-20T12:35:16+00:00\",\"description\":\"Click\u00a0here\u00a0to read the Spanish version. The La F\u00e1brica Group now has two new gastronomic projects framed in a tribute to seasonal cuisine. The already\",\"breadcrumb\":{\"@id\":\"https:\\\/\\\/www.tapasmagazine.es\\\/en\\\/boral-new-mediterranean-ode-by-joaquin-serrano-and-jorge-velasco\\\/#breadcrumb\"},\"inLanguage\":\"en-US\",\"potentialAction\":[{\"@type\":\"ReadAction\",\"target\":[\"https:\\\/\\\/www.tapasmagazine.es\\\/en\\\/boral-new-mediterranean-ode-by-joaquin-serrano-and-jorge-velasco\\\/\"]}]},{\"@type\":\"ImageObject\",\"inLanguage\":\"en-US\",\"@id\":\"https:\\\/\\\/www.tapasmagazine.es\\\/en\\\/boral-new-mediterranean-ode-by-joaquin-serrano-and-jorge-velasco\\\/#primaryimage\",\"url\":\"https:\\\/\\\/www.tapasmagazine.es\\\/wp-content\\\/uploads\\\/2025\\\/01\\\/boral-1.jpg\",\"contentUrl\":\"https:\\\/\\\/www.tapasmagazine.es\\\/wp-content\\\/uploads\\\/2025\\\/01\\\/boral-1.jpg\",\"width\":1200,\"height\":675},{\"@type\":\"BreadcrumbList\",\"@id\":\"https:\\\/\\\/www.tapasmagazine.es\\\/en\\\/boral-new-mediterranean-ode-by-joaquin-serrano-and-jorge-velasco\\\/#breadcrumb\",\"itemListElement\":[{\"@type\":\"ListItem\",\"position\":1,\"name\":\"Portada\",\"item\":\"https:\\\/\\\/www.tapasmagazine.es\\\/\"},{\"@type\":\"ListItem\",\"position\":2,\"name\":\"Gastro\",\"item\":\"https:\\\/\\\/www.tapasmagazine.es\\\/en\\\/categorias\\\/gastro-en\\\/\"},{\"@type\":\"ListItem\",\"position\":3,\"name\":\"Boral, the new ode to the Mediterranean by Joaqu\u00edn Serrano and Jorge Velasco\"}]},{\"@type\":\"WebSite\",\"@id\":\"https:\\\/\\\/www.tapasmagazine.es\\\/#website\",\"url\":\"https:\\\/\\\/www.tapasmagazine.es\\\/\",\"name\":\"Tapas\",\"description\":\"\u00d1am \u00d1am Lifestyle. La vida a bocados. Premio Nacional de Gastronom\u00eda 2016.\",\"publisher\":{\"@id\":\"https:\\\/\\\/www.tapasmagazine.es\\\/#organization\"},\"potentialAction\":[{\"@type\":\"SearchAction\",\"target\":{\"@type\":\"EntryPoint\",\"urlTemplate\":\"https:\\\/\\\/www.tapasmagazine.es\\\/?s={search_term_string}\"},\"query-input\":{\"@type\":\"PropertyValueSpecification\",\"valueRequired\":true,\"valueName\":\"search_term_string\"}}],\"inLanguage\":\"en-US\"},{\"@type\":\"Organization\",\"@id\":\"https:\\\/\\\/www.tapasmagazine.es\\\/#organization\",\"name\":\"Tapas Magazine\",\"url\":\"https:\\\/\\\/www.tapasmagazine.es\\\/\",\"logo\":{\"@type\":\"ImageObject\",\"inLanguage\":\"en-US\",\"@id\":\"https:\\\/\\\/www.tapasmagazine.es\\\/#\\\/schema\\\/logo\\\/image\\\/\",\"url\":\"https:\\\/\\\/www.tapasmagazine.es\\\/wp-content\\\/uploads\\\/2018\\\/01\\\/logo.png\",\"contentUrl\":\"https:\\\/\\\/www.tapasmagazine.es\\\/wp-content\\\/uploads\\\/2018\\\/01\\\/logo.png\",\"width\":180,\"height\":60,\"caption\":\"Tapas Magazine\"},\"image\":{\"@id\":\"https:\\\/\\\/www.tapasmagazine.es\\\/#\\\/schema\\\/logo\\\/image\\\/\"},\"sameAs\":[\"https:\\\/\\\/www.facebook.com\\\/tapasmagazine\",\"https:\\\/\\\/x.com\\\/TapasMagazine\",\"https:\\\/\\\/www.instagram.com\\\/tapasmagazine\\\/\",\"https:\\\/\\\/www.linkedin.com\\\/company\\\/tapas-magazine\",\"https:\\\/\\\/es.pinterest.com\\\/tapasmagazine\\\/\",\"https:\\\/\\\/www.youtube.com\\\/channel\\\/UCEyxneAaACuR0lfDagrWjjg?sub_confirmation=1\"]},{\"@type\":\"Person\",\"@id\":\"https:\\\/\\\/www.tapasmagazine.es\\\/#\\\/schema\\\/person\\\/eb46cbe76a9c8f062660eb609e3ecb4e\",\"name\":\"Laura P\u00e9rez\",\"url\":\"https:\\\/\\\/www.tapasmagazine.es\\\/en\\\/author\\\/laura-perez\\\/\"}]}<\/script>\n<!-- \/ Yoast SEO plugin. -->","yoast_head_json":{"title":"Boral, the new ode to the Mediterranean by Joaqu\u00edn Serrano and Jorge Velasco - Tapas","description":"Click\u00a0here\u00a0to read the Spanish version. The La F\u00e1brica Group now has two new gastronomic projects framed in a tribute to seasonal cuisine. The already","robots":{"index":"index","follow":"follow","max-snippet":"max-snippet:-1","max-image-preview":"max-image-preview:large","max-video-preview":"max-video-preview:-1"},"canonical":"https:\/\/www.tapasmagazine.es\/en\/boral-new-mediterranean-ode-by-joaquin-serrano-and-jorge-velasco\/","og_locale":"en_US","og_type":"article","og_title":"Boral, the new ode to the Mediterranean by Joaqu\u00edn Serrano and Jorge Velasco - Tapas","og_description":"Click\u00a0here\u00a0to read the Spanish version. The La F\u00e1brica Group now has two new gastronomic projects framed in a tribute to seasonal cuisine. The already","og_url":"https:\/\/www.tapasmagazine.es\/en\/boral-new-mediterranean-ode-by-joaquin-serrano-and-jorge-velasco\/","og_site_name":"Tapas","article_publisher":"https:\/\/www.facebook.com\/tapasmagazine","article_published_time":"2025-01-20T12:31:00+00:00","article_modified_time":"2025-01-20T12:35:16+00:00","og_image":[{"width":1200,"height":675,"url":"https:\/\/www.tapasmagazine.es\/wp-content\/uploads\/2025\/01\/boral-1.jpg","type":"image\/jpeg"}],"author":"Laura P\u00e9rez","twitter_card":"summary_large_image","twitter_creator":"@TapasMagazine","twitter_site":"@TapasMagazine","twitter_misc":{"Written by":"Laura P\u00e9rez","Est. reading time":"3 minutes"},"schema":{"@context":"https:\/\/schema.org","@graph":[{"@type":"Article","@id":"https:\/\/www.tapasmagazine.es\/en\/boral-new-mediterranean-ode-by-joaquin-serrano-and-jorge-velasco\/#article","isPartOf":{"@id":"https:\/\/www.tapasmagazine.es\/en\/boral-new-mediterranean-ode-by-joaquin-serrano-and-jorge-velasco\/"},"author":{"name":"Laura P\u00e9rez","@id":"https:\/\/www.tapasmagazine.es\/#\/schema\/person\/eb46cbe76a9c8f062660eb609e3ecb4e"},"headline":"Boral, the new ode to the Mediterranean by Joaqu\u00edn Serrano and Jorge Velasco","datePublished":"2025-01-20T12:31:00+00:00","dateModified":"2025-01-20T12:35:16+00:00","mainEntityOfPage":{"@id":"https:\/\/www.tapasmagazine.es\/en\/boral-new-mediterranean-ode-by-joaquin-serrano-and-jorge-velasco\/"},"wordCount":459,"publisher":{"@id":"https:\/\/www.tapasmagazine.es\/#organization"},"image":{"@id":"https:\/\/www.tapasmagazine.es\/en\/boral-new-mediterranean-ode-by-joaquin-serrano-and-jorge-velasco\/#primaryimage"},"thumbnailUrl":"https:\/\/www.tapasmagazine.es\/wp-content\/uploads\/2025\/01\/boral-1.jpg","keywords":["Madrid","restaurants"],"articleSection":["Gastro"],"inLanguage":"en-US"},{"@type":"WebPage","@id":"https:\/\/www.tapasmagazine.es\/en\/boral-new-mediterranean-ode-by-joaquin-serrano-and-jorge-velasco\/","url":"https:\/\/www.tapasmagazine.es\/en\/boral-new-mediterranean-ode-by-joaquin-serrano-and-jorge-velasco\/","name":"Boral, the new ode to the Mediterranean by Joaqu\u00edn Serrano and Jorge Velasco - Tapas","isPartOf":{"@id":"https:\/\/www.tapasmagazine.es\/#website"},"primaryImageOfPage":{"@id":"https:\/\/www.tapasmagazine.es\/en\/boral-new-mediterranean-ode-by-joaquin-serrano-and-jorge-velasco\/#primaryimage"},"image":{"@id":"https:\/\/www.tapasmagazine.es\/en\/boral-new-mediterranean-ode-by-joaquin-serrano-and-jorge-velasco\/#primaryimage"},"thumbnailUrl":"https:\/\/www.tapasmagazine.es\/wp-content\/uploads\/2025\/01\/boral-1.jpg","datePublished":"2025-01-20T12:31:00+00:00","dateModified":"2025-01-20T12:35:16+00:00","description":"Click\u00a0here\u00a0to read the Spanish version. The La F\u00e1brica Group now has two new gastronomic projects framed in a tribute to seasonal cuisine. The already","breadcrumb":{"@id":"https:\/\/www.tapasmagazine.es\/en\/boral-new-mediterranean-ode-by-joaquin-serrano-and-jorge-velasco\/#breadcrumb"},"inLanguage":"en-US","potentialAction":[{"@type":"ReadAction","target":["https:\/\/www.tapasmagazine.es\/en\/boral-new-mediterranean-ode-by-joaquin-serrano-and-jorge-velasco\/"]}]},{"@type":"ImageObject","inLanguage":"en-US","@id":"https:\/\/www.tapasmagazine.es\/en\/boral-new-mediterranean-ode-by-joaquin-serrano-and-jorge-velasco\/#primaryimage","url":"https:\/\/www.tapasmagazine.es\/wp-content\/uploads\/2025\/01\/boral-1.jpg","contentUrl":"https:\/\/www.tapasmagazine.es\/wp-content\/uploads\/2025\/01\/boral-1.jpg","width":1200,"height":675},{"@type":"BreadcrumbList","@id":"https:\/\/www.tapasmagazine.es\/en\/boral-new-mediterranean-ode-by-joaquin-serrano-and-jorge-velasco\/#breadcrumb","itemListElement":[{"@type":"ListItem","position":1,"name":"Portada","item":"https:\/\/www.tapasmagazine.es\/"},{"@type":"ListItem","position":2,"name":"Gastro","item":"https:\/\/www.tapasmagazine.es\/en\/categorias\/gastro-en\/"},{"@type":"ListItem","position":3,"name":"Boral, the new ode to the Mediterranean by Joaqu\u00edn Serrano and Jorge Velasco"}]},{"@type":"WebSite","@id":"https:\/\/www.tapasmagazine.es\/#website","url":"https:\/\/www.tapasmagazine.es\/","name":"Tapas","description":"\u00d1am \u00d1am Lifestyle. La vida a bocados. Premio Nacional de Gastronom\u00eda 2016.","publisher":{"@id":"https:\/\/www.tapasmagazine.es\/#organization"},"potentialAction":[{"@type":"SearchAction","target":{"@type":"EntryPoint","urlTemplate":"https:\/\/www.tapasmagazine.es\/?s={search_term_string}"},"query-input":{"@type":"PropertyValueSpecification","valueRequired":true,"valueName":"search_term_string"}}],"inLanguage":"en-US"},{"@type":"Organization","@id":"https:\/\/www.tapasmagazine.es\/#organization","name":"Tapas Magazine","url":"https:\/\/www.tapasmagazine.es\/","logo":{"@type":"ImageObject","inLanguage":"en-US","@id":"https:\/\/www.tapasmagazine.es\/#\/schema\/logo\/image\/","url":"https:\/\/www.tapasmagazine.es\/wp-content\/uploads\/2018\/01\/logo.png","contentUrl":"https:\/\/www.tapasmagazine.es\/wp-content\/uploads\/2018\/01\/logo.png","width":180,"height":60,"caption":"Tapas Magazine"},"image":{"@id":"https:\/\/www.tapasmagazine.es\/#\/schema\/logo\/image\/"},"sameAs":["https:\/\/www.facebook.com\/tapasmagazine","https:\/\/x.com\/TapasMagazine","https:\/\/www.instagram.com\/tapasmagazine\/","https:\/\/www.linkedin.com\/company\/tapas-magazine","https:\/\/es.pinterest.com\/tapasmagazine\/","https:\/\/www.youtube.com\/channel\/UCEyxneAaACuR0lfDagrWjjg?sub_confirmation=1"]},{"@type":"Person","@id":"https:\/\/www.tapasmagazine.es\/#\/schema\/person\/eb46cbe76a9c8f062660eb609e3ecb4e","name":"Laura P\u00e9rez","url":"https:\/\/www.tapasmagazine.es\/en\/author\/laura-perez\/"}]}},"_links":{"self":[{"href":"https:\/\/www.tapasmagazine.es\/en\/wp-json\/wp\/v2\/posts\/277295","targetHints":{"allow":["GET"]}}],"collection":[{"href":"https:\/\/www.tapasmagazine.es\/en\/wp-json\/wp\/v2\/posts"}],"about":[{"href":"https:\/\/www.tapasmagazine.es\/en\/wp-json\/wp\/v2\/types\/post"}],"author":[{"embeddable":true,"href":"https:\/\/www.tapasmagazine.es\/en\/wp-json\/wp\/v2\/users\/285"}],"replies":[{"embeddable":true,"href":"https:\/\/www.tapasmagazine.es\/en\/wp-json\/wp\/v2\/comments?post=277295"}],"version-history":[{"count":2,"href":"https:\/\/www.tapasmagazine.es\/en\/wp-json\/wp\/v2\/posts\/277295\/revisions"}],"predecessor-version":[{"id":277305,"href":"https:\/\/www.tapasmagazine.es\/en\/wp-json\/wp\/v2\/posts\/277295\/revisions\/277305"}],"wp:featuredmedia":[{"embeddable":true,"href":"https:\/\/www.tapasmagazine.es\/en\/wp-json\/wp\/v2\/media\/277283"}],"wp:attachment":[{"href":"https:\/\/www.tapasmagazine.es\/en\/wp-json\/wp\/v2\/media?parent=277295"}],"wp:term":[{"taxonomy":"category","embeddable":true,"href":"https:\/\/www.tapasmagazine.es\/en\/wp-json\/wp\/v2\/categories?post=277295"},{"taxonomy":"post_tag","embeddable":true,"href":"https:\/\/www.tapasmagazine.es\/en\/wp-json\/wp\/v2\/tags?post=277295"}],"curies":[{"name":"wp","href":"https:\/\/api.w.org\/{rel}","templated":true}]}}