{"id":276786,"date":"2025-01-15T13:47:10","date_gmt":"2025-01-15T12:47:10","guid":{"rendered":"https:\/\/www.tapasmagazine.es\/alto-bardero-llega-a-la-latina-para-sofisticar-la-cocina-de-barrio\/"},"modified":"2025-01-15T13:57:11","modified_gmt":"2025-01-15T12:57:11","slug":"alto-bardero-llega-a-la-latina-para-sofisticar-la-cocina-de-barrio","status":"publish","type":"post","link":"https:\/\/www.tapasmagazine.es\/en\/alto-bardero-llega-a-la-latina-para-sofisticar-la-cocina-de-barrio\/","title":{"rendered":"Alto Bardero arrives in La Latina to sophisticate spanish tapas"},"content":{"rendered":"\n<p><strong>Click\u00a0<a href=\"https:\/\/www.tapasmagazine.es\/alto-bardero-llega-a-la-latina-para-sofisticar-la-cocina-de-barrio\/\" target=\"_blank\" rel=\"noreferrer noopener\">here<\/a>\u00a0to read the Spanish version.<\/strong><\/p>\n\n\n\n<p><strong>Pablo Paternostro<\/strong> and <strong>Le\u00f3n Bonasso<\/strong>, the chefs and co-founders of <strong>Alto Bardero<\/strong>, wanted to open this restaurant with the aim of recovering the essence of a neighbourhood with pinchos and the soul of an eating house. In it, they wanted to fuse their modern concept with some representative elements of Juana la Loca, such as its emblematic potato omelette with onion confit.<\/p>\n\n\n\n<p><strong><a href=\"https:\/\/www.instagram.com\/altobardero_restaurante\/?hl=es\" target=\"_blank\" rel=\"noreferrer noopener\">Alto Bardero<\/a><\/strong>, distributed with a bar area and a dining area, will serve its elevated reinterpretation of Mediterranean cuisine with international touches, always maintaining the traditional spirit of neighbourhood gastronomy.<\/p>\n\n\n\n<figure class=\"wp-block-image size-large\"><img decoding=\"async\" width=\"1024\" height=\"576\" src=\"https:\/\/www.tapasmagazine.es\/wp-content\/uploads\/2025\/01\/o-1-1024x576.jpg\" alt=\"\" class=\"wp-image-276766\" srcset=\"https:\/\/www.tapasmagazine.es\/wp-content\/uploads\/2025\/01\/o-1-1024x576.jpg 1024w, https:\/\/www.tapasmagazine.es\/wp-content\/uploads\/2025\/01\/o-1-300x169.jpg 300w, https:\/\/www.tapasmagazine.es\/wp-content\/uploads\/2025\/01\/o-1-768x432.jpg 768w, https:\/\/www.tapasmagazine.es\/wp-content\/uploads\/2025\/01\/o-1-1000x563.jpg 1000w, https:\/\/www.tapasmagazine.es\/wp-content\/uploads\/2025\/01\/o-1-400x225.jpg 400w, https:\/\/www.tapasmagazine.es\/wp-content\/uploads\/2025\/01\/o-1.jpg 1200w\" sizes=\"(max-width: 1024px) 100vw, 1024px\" \/><\/figure>\n\n\n\n<p>Uruguayan chef <strong>Le\u00f3n Bonasso <\/strong>and Argentinean chef <strong>Pablo Paternostro<\/strong> have developed a menu that pays tribute to some of the original classics from their successful restaurant Bardero, which will represent what La Latina means to them.<\/p>\n\n\n\n<p>Bardero means messy, in a good way, and to be a tall bardero is to be a great messy person,&#8217; confesses Paternostro, who was known by that nickname when he was a child. We want to return to the neighbourhood because of the affection we have for it and bring part of the spirit of Bardero here&#8217;, explains Bonasso, who arrived in La Latina in 2004 with the opening of Juana la Loca, a restaurant founded by his father and to which he has been linked for almost 20 years.<\/p>\n\n\n\n<figure class=\"wp-block-image size-large\"><img decoding=\"async\" width=\"1024\" height=\"682\" src=\"https:\/\/www.tapasmagazine.es\/wp-content\/uploads\/2025\/01\/rJTaeotw-1024x682.jpeg\" alt=\"\" class=\"wp-image-276768\" srcset=\"https:\/\/www.tapasmagazine.es\/wp-content\/uploads\/2025\/01\/rJTaeotw-1024x682.jpeg 1024w, https:\/\/www.tapasmagazine.es\/wp-content\/uploads\/2025\/01\/rJTaeotw-300x200.jpeg 300w, https:\/\/www.tapasmagazine.es\/wp-content\/uploads\/2025\/01\/rJTaeotw-768x512.jpeg 768w, https:\/\/www.tapasmagazine.es\/wp-content\/uploads\/2025\/01\/rJTaeotw-1536x1024.jpeg 1536w, https:\/\/www.tapasmagazine.es\/wp-content\/uploads\/2025\/01\/rJTaeotw-1000x667.jpeg 1000w, https:\/\/www.tapasmagazine.es\/wp-content\/uploads\/2025\/01\/rJTaeotw-400x267.jpeg 400w, https:\/\/www.tapasmagazine.es\/wp-content\/uploads\/2025\/01\/rJTaeotw.jpeg 2000w\" sizes=\"(max-width: 1024px) 100vw, 1024px\" \/><\/figure>\n\n\n\n<p>There he met <strong>Pablo Paternostro<\/strong> with whom he shared a kitchen for seven years and later, in 2021, they opened their first project together, Bardero. When the opportunity arose for them to return to the place where it all began, they had no hesitation in reopening it together.<\/p>\n\n\n\n<h2 class=\"wp-block-heading\">Gourmet tapas bar<\/h2>\n\n\n\n<p>Alto Bardero has become an extension of Bardero, but with the aim of making the classic pinchos bar more sophisticated with creations such as truffled egg brioche with boletus cream and white sausage; scamorza cheese raviolo, duck confit and pear chutney; smoked salmon with kabayaki sauce and enoki mushrooms in tempura and dill mayonnaise; or the juicy potato omelette with onion confit.<\/p>\n\n\n\n<figure class=\"wp-block-gallery has-nested-images columns-default is-cropped wp-block-gallery-1 is-layout-flex wp-block-gallery-is-layout-flex\">\n<figure class=\"wp-block-image size-large\"><img decoding=\"async\" width=\"683\" height=\"1024\" data-id=\"276780\" src=\"https:\/\/www.tapasmagazine.es\/wp-content\/uploads\/2025\/01\/6PBiQofy-683x1024.jpg\" alt=\"\" class=\"wp-image-276780\" srcset=\"https:\/\/www.tapasmagazine.es\/wp-content\/uploads\/2025\/01\/6PBiQofy-683x1024.jpg 683w, https:\/\/www.tapasmagazine.es\/wp-content\/uploads\/2025\/01\/6PBiQofy-200x300.jpg 200w, https:\/\/www.tapasmagazine.es\/wp-content\/uploads\/2025\/01\/6PBiQofy-768x1152.jpg 768w, https:\/\/www.tapasmagazine.es\/wp-content\/uploads\/2025\/01\/6PBiQofy-1024x1536.jpg 1024w, https:\/\/www.tapasmagazine.es\/wp-content\/uploads\/2025\/01\/6PBiQofy-1365x2048.jpg 1365w, https:\/\/www.tapasmagazine.es\/wp-content\/uploads\/2025\/01\/6PBiQofy-1000x1500.jpg 1000w, https:\/\/www.tapasmagazine.es\/wp-content\/uploads\/2025\/01\/6PBiQofy-400x600.jpg 400w, https:\/\/www.tapasmagazine.es\/wp-content\/uploads\/2025\/01\/6PBiQofy-scaled.jpg 1707w\" sizes=\"(max-width: 683px) 100vw, 683px\" \/><\/figure>\n\n\n\n<figure class=\"wp-block-image size-large\"><img decoding=\"async\" width=\"682\" height=\"1024\" data-id=\"276770\" src=\"https:\/\/www.tapasmagazine.es\/wp-content\/uploads\/2025\/01\/A4VUUJfQ-682x1024.jpeg\" alt=\"\" class=\"wp-image-276770\" srcset=\"https:\/\/www.tapasmagazine.es\/wp-content\/uploads\/2025\/01\/A4VUUJfQ-682x1024.jpeg 682w, https:\/\/www.tapasmagazine.es\/wp-content\/uploads\/2025\/01\/A4VUUJfQ-200x300.jpeg 200w, https:\/\/www.tapasmagazine.es\/wp-content\/uploads\/2025\/01\/A4VUUJfQ-768x1152.jpeg 768w, https:\/\/www.tapasmagazine.es\/wp-content\/uploads\/2025\/01\/A4VUUJfQ-1024x1536.jpeg 1024w, https:\/\/www.tapasmagazine.es\/wp-content\/uploads\/2025\/01\/A4VUUJfQ-1000x1500.jpeg 1000w, https:\/\/www.tapasmagazine.es\/wp-content\/uploads\/2025\/01\/A4VUUJfQ-400x600.jpeg 400w, https:\/\/www.tapasmagazine.es\/wp-content\/uploads\/2025\/01\/A4VUUJfQ.jpeg 1333w\" sizes=\"(max-width: 682px) 100vw, 682px\" \/><\/figure>\n<\/figure>\n\n\n\n<p>The Japanese-style sea bass tiradito with wasabi mayonnaise, orange and soy caviar; the tempura eel taco with quail egg; or the mussels with curry cream and Sardinian fr\u00e9gola, designed for sharing and pairing with its extensive wine list, which has 25 references from small producers, young projects and some labels of Argentinian wines and original natural wines.<\/p>\n\n\n\n<p>All of these dishes, which reveal the great influence of cosmopolitan and international cuisine, coexist with Asian-inspired dishes such as the Katsu-Sando of Iberian pork loin; the prawn and sriracha dumplings with sherry consomm\u00e9 and Joselito bacon; the fake niguiri of fresh grilled foie gras and kabayaki tongue; or the kimuchi octopus with jacket potato gnocchi.<\/p>\n\n\n\n<figure class=\"wp-block-gallery has-nested-images columns-default is-cropped wp-block-gallery-2 is-layout-flex wp-block-gallery-is-layout-flex\">\n<figure class=\"wp-block-image size-large\"><img decoding=\"async\" width=\"682\" height=\"1024\" data-id=\"276772\" src=\"https:\/\/www.tapasmagazine.es\/wp-content\/uploads\/2025\/01\/mjo9M7dA-682x1024.jpeg\" alt=\"\" class=\"wp-image-276772\" srcset=\"https:\/\/www.tapasmagazine.es\/wp-content\/uploads\/2025\/01\/mjo9M7dA-682x1024.jpeg 682w, https:\/\/www.tapasmagazine.es\/wp-content\/uploads\/2025\/01\/mjo9M7dA-200x300.jpeg 200w, https:\/\/www.tapasmagazine.es\/wp-content\/uploads\/2025\/01\/mjo9M7dA-768x1152.jpeg 768w, https:\/\/www.tapasmagazine.es\/wp-content\/uploads\/2025\/01\/mjo9M7dA-1024x1536.jpeg 1024w, https:\/\/www.tapasmagazine.es\/wp-content\/uploads\/2025\/01\/mjo9M7dA-1000x1500.jpeg 1000w, https:\/\/www.tapasmagazine.es\/wp-content\/uploads\/2025\/01\/mjo9M7dA-400x600.jpeg 400w, https:\/\/www.tapasmagazine.es\/wp-content\/uploads\/2025\/01\/mjo9M7dA.jpeg 1333w\" sizes=\"(max-width: 682px) 100vw, 682px\" \/><\/figure>\n\n\n\n<figure class=\"wp-block-image size-large\"><img decoding=\"async\" width=\"682\" height=\"1024\" data-id=\"276774\" src=\"https:\/\/www.tapasmagazine.es\/wp-content\/uploads\/2025\/01\/Q35sU0uw-682x1024.jpeg\" alt=\"\" class=\"wp-image-276774\" srcset=\"https:\/\/www.tapasmagazine.es\/wp-content\/uploads\/2025\/01\/Q35sU0uw-682x1024.jpeg 682w, https:\/\/www.tapasmagazine.es\/wp-content\/uploads\/2025\/01\/Q35sU0uw-200x300.jpeg 200w, https:\/\/www.tapasmagazine.es\/wp-content\/uploads\/2025\/01\/Q35sU0uw-768x1152.jpeg 768w, https:\/\/www.tapasmagazine.es\/wp-content\/uploads\/2025\/01\/Q35sU0uw-1024x1536.jpeg 1024w, https:\/\/www.tapasmagazine.es\/wp-content\/uploads\/2025\/01\/Q35sU0uw-1000x1500.jpeg 1000w, https:\/\/www.tapasmagazine.es\/wp-content\/uploads\/2025\/01\/Q35sU0uw-400x600.jpeg 400w, https:\/\/www.tapasmagazine.es\/wp-content\/uploads\/2025\/01\/Q35sU0uw.jpeg 1333w\" sizes=\"(max-width: 682px) 100vw, 682px\" \/><\/figure>\n<\/figure>\n\n\n\n<p>The fun also extends to the desserts with the Pavlova of lemon pie, passion fruit and coconut foam; the pears in Pedro Xim\u00e9nez with mascarpone cream, or with the creamy dark chocolate tart and an elevated reinterpretation of the classic Argentinian sweet: the volcano of dulce de leche with banana ice cream.<\/p>\n","protected":false},"excerpt":{"rendered":"<p>Click\u00a0here\u00a0to read the Spanish version. Pablo Paternostro and Le\u00f3n Bonasso, the chefs and co-founders of Alto Bardero, wanted to open this restaurant with the aim of recovering the essence of a neighbourhood with pinchos and the soul of an eating house. In it, they wanted to fuse their modern concept with some representative elements of [&hellip;]<\/p>\n","protected":false},"author":285,"featured_media":276765,"comment_status":"closed","ping_status":"closed","sticky":false,"template":"","format":"standard","meta":{"_acf_changed":false,"footnotes":""},"categories":[15807,1],"tags":[16033,15803],"class_list":["post-276786","post","type-post","status-publish","format-standard","has-post-thumbnail","hentry","category-gastro-en","category-sin-categorizar","tag-madrid-en","tag-restaurants","cat-15807-id","cat-1-id"],"acf":[],"yoast_head":"<!-- This site is optimized with the Yoast SEO plugin v27.5 - https:\/\/yoast.com\/product\/yoast-seo-wordpress\/ -->\n<title>Alto Bardero arrives in La Latina to sophisticate spanish tapas - Tapas<\/title>\n<meta name=\"description\" content=\"Click\u00a0here\u00a0to read the Spanish version. Pablo Paternostro and Le\u00f3n Bonasso, the chefs and co-founders of Alto Bardero, wanted to open this restaurant with\" \/>\n<meta name=\"robots\" content=\"index, follow, max-snippet:-1, max-image-preview:large, max-video-preview:-1\" \/>\n<link rel=\"canonical\" href=\"https:\/\/www.tapasmagazine.es\/en\/alto-bardero-llega-a-la-latina-para-sofisticar-la-cocina-de-barrio\/\" \/>\n<meta property=\"og:locale\" content=\"en_US\" \/>\n<meta property=\"og:type\" content=\"article\" \/>\n<meta property=\"og:title\" content=\"Alto Bardero arrives in La Latina to sophisticate spanish tapas - Tapas\" \/>\n<meta property=\"og:description\" content=\"Click\u00a0here\u00a0to read the Spanish version. Pablo Paternostro and Le\u00f3n Bonasso, the chefs and co-founders of Alto Bardero, wanted to open this restaurant with\" \/>\n<meta property=\"og:url\" content=\"https:\/\/www.tapasmagazine.es\/en\/alto-bardero-llega-a-la-latina-para-sofisticar-la-cocina-de-barrio\/\" \/>\n<meta property=\"og:site_name\" content=\"Tapas\" \/>\n<meta property=\"article:publisher\" content=\"https:\/\/www.facebook.com\/tapasmagazine\" \/>\n<meta property=\"article:published_time\" content=\"2025-01-15T12:47:10+00:00\" \/>\n<meta property=\"article:modified_time\" content=\"2025-01-15T12:57:11+00:00\" \/>\n<meta property=\"og:image\" content=\"https:\/\/www.tapasmagazine.es\/wp-content\/uploads\/2025\/01\/t.jpg\" \/>\n\t<meta property=\"og:image:width\" content=\"1200\" \/>\n\t<meta property=\"og:image:height\" content=\"675\" \/>\n\t<meta property=\"og:image:type\" content=\"image\/jpeg\" \/>\n<meta name=\"author\" content=\"Laura P\u00e9rez\" \/>\n<meta name=\"twitter:card\" content=\"summary_large_image\" \/>\n<meta name=\"twitter:creator\" content=\"@TapasMagazine\" \/>\n<meta name=\"twitter:site\" content=\"@TapasMagazine\" \/>\n<meta name=\"twitter:label1\" content=\"Written by\" \/>\n\t<meta name=\"twitter:data1\" content=\"Laura P\u00e9rez\" \/>\n\t<meta name=\"twitter:label2\" content=\"Est. reading time\" \/>\n\t<meta name=\"twitter:data2\" content=\"4 minutes\" \/>\n<script type=\"application\/ld+json\" class=\"yoast-schema-graph\">{\"@context\":\"https:\\\/\\\/schema.org\",\"@graph\":[{\"@type\":\"Article\",\"@id\":\"https:\\\/\\\/www.tapasmagazine.es\\\/en\\\/alto-bardero-llega-a-la-latina-para-sofisticar-la-cocina-de-barrio\\\/#article\",\"isPartOf\":{\"@id\":\"https:\\\/\\\/www.tapasmagazine.es\\\/en\\\/alto-bardero-llega-a-la-latina-para-sofisticar-la-cocina-de-barrio\\\/\"},\"author\":{\"name\":\"Laura P\u00e9rez\",\"@id\":\"https:\\\/\\\/www.tapasmagazine.es\\\/#\\\/schema\\\/person\\\/eb46cbe76a9c8f062660eb609e3ecb4e\"},\"headline\":\"Alto Bardero arrives in La Latina to sophisticate spanish tapas\",\"datePublished\":\"2025-01-15T12:47:10+00:00\",\"dateModified\":\"2025-01-15T12:57:11+00:00\",\"mainEntityOfPage\":{\"@id\":\"https:\\\/\\\/www.tapasmagazine.es\\\/en\\\/alto-bardero-llega-a-la-latina-para-sofisticar-la-cocina-de-barrio\\\/\"},\"wordCount\":513,\"publisher\":{\"@id\":\"https:\\\/\\\/www.tapasmagazine.es\\\/#organization\"},\"image\":{\"@id\":\"https:\\\/\\\/www.tapasmagazine.es\\\/en\\\/alto-bardero-llega-a-la-latina-para-sofisticar-la-cocina-de-barrio\\\/#primaryimage\"},\"thumbnailUrl\":\"https:\\\/\\\/www.tapasmagazine.es\\\/wp-content\\\/uploads\\\/2025\\\/01\\\/t.jpg\",\"keywords\":[\"Madrid\",\"restaurants\"],\"articleSection\":[\"Gastro\",\"Sin categorizar\"],\"inLanguage\":\"en-US\"},{\"@type\":\"WebPage\",\"@id\":\"https:\\\/\\\/www.tapasmagazine.es\\\/en\\\/alto-bardero-llega-a-la-latina-para-sofisticar-la-cocina-de-barrio\\\/\",\"url\":\"https:\\\/\\\/www.tapasmagazine.es\\\/en\\\/alto-bardero-llega-a-la-latina-para-sofisticar-la-cocina-de-barrio\\\/\",\"name\":\"Alto Bardero arrives in La Latina to sophisticate spanish tapas - Tapas\",\"isPartOf\":{\"@id\":\"https:\\\/\\\/www.tapasmagazine.es\\\/#website\"},\"primaryImageOfPage\":{\"@id\":\"https:\\\/\\\/www.tapasmagazine.es\\\/en\\\/alto-bardero-llega-a-la-latina-para-sofisticar-la-cocina-de-barrio\\\/#primaryimage\"},\"image\":{\"@id\":\"https:\\\/\\\/www.tapasmagazine.es\\\/en\\\/alto-bardero-llega-a-la-latina-para-sofisticar-la-cocina-de-barrio\\\/#primaryimage\"},\"thumbnailUrl\":\"https:\\\/\\\/www.tapasmagazine.es\\\/wp-content\\\/uploads\\\/2025\\\/01\\\/t.jpg\",\"datePublished\":\"2025-01-15T12:47:10+00:00\",\"dateModified\":\"2025-01-15T12:57:11+00:00\",\"description\":\"Click\u00a0here\u00a0to read the Spanish version. Pablo Paternostro and Le\u00f3n Bonasso, the chefs and co-founders of Alto Bardero, wanted to open this restaurant with\",\"breadcrumb\":{\"@id\":\"https:\\\/\\\/www.tapasmagazine.es\\\/en\\\/alto-bardero-llega-a-la-latina-para-sofisticar-la-cocina-de-barrio\\\/#breadcrumb\"},\"inLanguage\":\"en-US\",\"potentialAction\":[{\"@type\":\"ReadAction\",\"target\":[\"https:\\\/\\\/www.tapasmagazine.es\\\/en\\\/alto-bardero-llega-a-la-latina-para-sofisticar-la-cocina-de-barrio\\\/\"]}]},{\"@type\":\"ImageObject\",\"inLanguage\":\"en-US\",\"@id\":\"https:\\\/\\\/www.tapasmagazine.es\\\/en\\\/alto-bardero-llega-a-la-latina-para-sofisticar-la-cocina-de-barrio\\\/#primaryimage\",\"url\":\"https:\\\/\\\/www.tapasmagazine.es\\\/wp-content\\\/uploads\\\/2025\\\/01\\\/t.jpg\",\"contentUrl\":\"https:\\\/\\\/www.tapasmagazine.es\\\/wp-content\\\/uploads\\\/2025\\\/01\\\/t.jpg\",\"width\":1200,\"height\":675},{\"@type\":\"BreadcrumbList\",\"@id\":\"https:\\\/\\\/www.tapasmagazine.es\\\/en\\\/alto-bardero-llega-a-la-latina-para-sofisticar-la-cocina-de-barrio\\\/#breadcrumb\",\"itemListElement\":[{\"@type\":\"ListItem\",\"position\":1,\"name\":\"Portada\",\"item\":\"https:\\\/\\\/www.tapasmagazine.es\\\/\"},{\"@type\":\"ListItem\",\"position\":2,\"name\":\"Sin categorizar\",\"item\":\"https:\\\/\\\/www.tapasmagazine.es\\\/categorias\\\/sin-categorizar\\\/\"},{\"@type\":\"ListItem\",\"position\":3,\"name\":\"Alto Bardero arrives in La Latina to sophisticate spanish tapas\"}]},{\"@type\":\"WebSite\",\"@id\":\"https:\\\/\\\/www.tapasmagazine.es\\\/#website\",\"url\":\"https:\\\/\\\/www.tapasmagazine.es\\\/\",\"name\":\"Tapas\",\"description\":\"\u00d1am \u00d1am Lifestyle. La vida a bocados. Premio Nacional de Gastronom\u00eda 2016.\",\"publisher\":{\"@id\":\"https:\\\/\\\/www.tapasmagazine.es\\\/#organization\"},\"potentialAction\":[{\"@type\":\"SearchAction\",\"target\":{\"@type\":\"EntryPoint\",\"urlTemplate\":\"https:\\\/\\\/www.tapasmagazine.es\\\/?s={search_term_string}\"},\"query-input\":{\"@type\":\"PropertyValueSpecification\",\"valueRequired\":true,\"valueName\":\"search_term_string\"}}],\"inLanguage\":\"en-US\"},{\"@type\":\"Organization\",\"@id\":\"https:\\\/\\\/www.tapasmagazine.es\\\/#organization\",\"name\":\"Tapas Magazine\",\"url\":\"https:\\\/\\\/www.tapasmagazine.es\\\/\",\"logo\":{\"@type\":\"ImageObject\",\"inLanguage\":\"en-US\",\"@id\":\"https:\\\/\\\/www.tapasmagazine.es\\\/#\\\/schema\\\/logo\\\/image\\\/\",\"url\":\"https:\\\/\\\/www.tapasmagazine.es\\\/wp-content\\\/uploads\\\/2018\\\/01\\\/logo.png\",\"contentUrl\":\"https:\\\/\\\/www.tapasmagazine.es\\\/wp-content\\\/uploads\\\/2018\\\/01\\\/logo.png\",\"width\":180,\"height\":60,\"caption\":\"Tapas Magazine\"},\"image\":{\"@id\":\"https:\\\/\\\/www.tapasmagazine.es\\\/#\\\/schema\\\/logo\\\/image\\\/\"},\"sameAs\":[\"https:\\\/\\\/www.facebook.com\\\/tapasmagazine\",\"https:\\\/\\\/x.com\\\/TapasMagazine\",\"https:\\\/\\\/www.instagram.com\\\/tapasmagazine\\\/\",\"https:\\\/\\\/www.linkedin.com\\\/company\\\/tapas-magazine\",\"https:\\\/\\\/es.pinterest.com\\\/tapasmagazine\\\/\",\"https:\\\/\\\/www.youtube.com\\\/channel\\\/UCEyxneAaACuR0lfDagrWjjg?sub_confirmation=1\"]},{\"@type\":\"Person\",\"@id\":\"https:\\\/\\\/www.tapasmagazine.es\\\/#\\\/schema\\\/person\\\/eb46cbe76a9c8f062660eb609e3ecb4e\",\"name\":\"Laura P\u00e9rez\",\"url\":\"https:\\\/\\\/www.tapasmagazine.es\\\/en\\\/author\\\/laura-perez\\\/\"}]}<\/script>\n<!-- \/ Yoast SEO plugin. -->","yoast_head_json":{"title":"Alto Bardero arrives in La Latina to sophisticate spanish tapas - Tapas","description":"Click\u00a0here\u00a0to read the Spanish version. Pablo Paternostro and Le\u00f3n Bonasso, the chefs and co-founders of Alto Bardero, wanted to open this restaurant with","robots":{"index":"index","follow":"follow","max-snippet":"max-snippet:-1","max-image-preview":"max-image-preview:large","max-video-preview":"max-video-preview:-1"},"canonical":"https:\/\/www.tapasmagazine.es\/en\/alto-bardero-llega-a-la-latina-para-sofisticar-la-cocina-de-barrio\/","og_locale":"en_US","og_type":"article","og_title":"Alto Bardero arrives in La Latina to sophisticate spanish tapas - Tapas","og_description":"Click\u00a0here\u00a0to read the Spanish version. Pablo Paternostro and Le\u00f3n Bonasso, the chefs and co-founders of Alto Bardero, wanted to open this restaurant with","og_url":"https:\/\/www.tapasmagazine.es\/en\/alto-bardero-llega-a-la-latina-para-sofisticar-la-cocina-de-barrio\/","og_site_name":"Tapas","article_publisher":"https:\/\/www.facebook.com\/tapasmagazine","article_published_time":"2025-01-15T12:47:10+00:00","article_modified_time":"2025-01-15T12:57:11+00:00","og_image":[{"width":1200,"height":675,"url":"https:\/\/www.tapasmagazine.es\/wp-content\/uploads\/2025\/01\/t.jpg","type":"image\/jpeg"}],"author":"Laura P\u00e9rez","twitter_card":"summary_large_image","twitter_creator":"@TapasMagazine","twitter_site":"@TapasMagazine","twitter_misc":{"Written by":"Laura P\u00e9rez","Est. reading time":"4 minutes"},"schema":{"@context":"https:\/\/schema.org","@graph":[{"@type":"Article","@id":"https:\/\/www.tapasmagazine.es\/en\/alto-bardero-llega-a-la-latina-para-sofisticar-la-cocina-de-barrio\/#article","isPartOf":{"@id":"https:\/\/www.tapasmagazine.es\/en\/alto-bardero-llega-a-la-latina-para-sofisticar-la-cocina-de-barrio\/"},"author":{"name":"Laura P\u00e9rez","@id":"https:\/\/www.tapasmagazine.es\/#\/schema\/person\/eb46cbe76a9c8f062660eb609e3ecb4e"},"headline":"Alto Bardero arrives in La Latina to sophisticate spanish tapas","datePublished":"2025-01-15T12:47:10+00:00","dateModified":"2025-01-15T12:57:11+00:00","mainEntityOfPage":{"@id":"https:\/\/www.tapasmagazine.es\/en\/alto-bardero-llega-a-la-latina-para-sofisticar-la-cocina-de-barrio\/"},"wordCount":513,"publisher":{"@id":"https:\/\/www.tapasmagazine.es\/#organization"},"image":{"@id":"https:\/\/www.tapasmagazine.es\/en\/alto-bardero-llega-a-la-latina-para-sofisticar-la-cocina-de-barrio\/#primaryimage"},"thumbnailUrl":"https:\/\/www.tapasmagazine.es\/wp-content\/uploads\/2025\/01\/t.jpg","keywords":["Madrid","restaurants"],"articleSection":["Gastro","Sin categorizar"],"inLanguage":"en-US"},{"@type":"WebPage","@id":"https:\/\/www.tapasmagazine.es\/en\/alto-bardero-llega-a-la-latina-para-sofisticar-la-cocina-de-barrio\/","url":"https:\/\/www.tapasmagazine.es\/en\/alto-bardero-llega-a-la-latina-para-sofisticar-la-cocina-de-barrio\/","name":"Alto Bardero arrives in La Latina to sophisticate spanish tapas - Tapas","isPartOf":{"@id":"https:\/\/www.tapasmagazine.es\/#website"},"primaryImageOfPage":{"@id":"https:\/\/www.tapasmagazine.es\/en\/alto-bardero-llega-a-la-latina-para-sofisticar-la-cocina-de-barrio\/#primaryimage"},"image":{"@id":"https:\/\/www.tapasmagazine.es\/en\/alto-bardero-llega-a-la-latina-para-sofisticar-la-cocina-de-barrio\/#primaryimage"},"thumbnailUrl":"https:\/\/www.tapasmagazine.es\/wp-content\/uploads\/2025\/01\/t.jpg","datePublished":"2025-01-15T12:47:10+00:00","dateModified":"2025-01-15T12:57:11+00:00","description":"Click\u00a0here\u00a0to read the Spanish version. Pablo Paternostro and Le\u00f3n Bonasso, the chefs and co-founders of Alto Bardero, wanted to open this restaurant with","breadcrumb":{"@id":"https:\/\/www.tapasmagazine.es\/en\/alto-bardero-llega-a-la-latina-para-sofisticar-la-cocina-de-barrio\/#breadcrumb"},"inLanguage":"en-US","potentialAction":[{"@type":"ReadAction","target":["https:\/\/www.tapasmagazine.es\/en\/alto-bardero-llega-a-la-latina-para-sofisticar-la-cocina-de-barrio\/"]}]},{"@type":"ImageObject","inLanguage":"en-US","@id":"https:\/\/www.tapasmagazine.es\/en\/alto-bardero-llega-a-la-latina-para-sofisticar-la-cocina-de-barrio\/#primaryimage","url":"https:\/\/www.tapasmagazine.es\/wp-content\/uploads\/2025\/01\/t.jpg","contentUrl":"https:\/\/www.tapasmagazine.es\/wp-content\/uploads\/2025\/01\/t.jpg","width":1200,"height":675},{"@type":"BreadcrumbList","@id":"https:\/\/www.tapasmagazine.es\/en\/alto-bardero-llega-a-la-latina-para-sofisticar-la-cocina-de-barrio\/#breadcrumb","itemListElement":[{"@type":"ListItem","position":1,"name":"Portada","item":"https:\/\/www.tapasmagazine.es\/"},{"@type":"ListItem","position":2,"name":"Sin categorizar","item":"https:\/\/www.tapasmagazine.es\/categorias\/sin-categorizar\/"},{"@type":"ListItem","position":3,"name":"Alto Bardero arrives in La Latina to sophisticate spanish tapas"}]},{"@type":"WebSite","@id":"https:\/\/www.tapasmagazine.es\/#website","url":"https:\/\/www.tapasmagazine.es\/","name":"Tapas","description":"\u00d1am \u00d1am Lifestyle. La vida a bocados. Premio Nacional de Gastronom\u00eda 2016.","publisher":{"@id":"https:\/\/www.tapasmagazine.es\/#organization"},"potentialAction":[{"@type":"SearchAction","target":{"@type":"EntryPoint","urlTemplate":"https:\/\/www.tapasmagazine.es\/?s={search_term_string}"},"query-input":{"@type":"PropertyValueSpecification","valueRequired":true,"valueName":"search_term_string"}}],"inLanguage":"en-US"},{"@type":"Organization","@id":"https:\/\/www.tapasmagazine.es\/#organization","name":"Tapas Magazine","url":"https:\/\/www.tapasmagazine.es\/","logo":{"@type":"ImageObject","inLanguage":"en-US","@id":"https:\/\/www.tapasmagazine.es\/#\/schema\/logo\/image\/","url":"https:\/\/www.tapasmagazine.es\/wp-content\/uploads\/2018\/01\/logo.png","contentUrl":"https:\/\/www.tapasmagazine.es\/wp-content\/uploads\/2018\/01\/logo.png","width":180,"height":60,"caption":"Tapas Magazine"},"image":{"@id":"https:\/\/www.tapasmagazine.es\/#\/schema\/logo\/image\/"},"sameAs":["https:\/\/www.facebook.com\/tapasmagazine","https:\/\/x.com\/TapasMagazine","https:\/\/www.instagram.com\/tapasmagazine\/","https:\/\/www.linkedin.com\/company\/tapas-magazine","https:\/\/es.pinterest.com\/tapasmagazine\/","https:\/\/www.youtube.com\/channel\/UCEyxneAaACuR0lfDagrWjjg?sub_confirmation=1"]},{"@type":"Person","@id":"https:\/\/www.tapasmagazine.es\/#\/schema\/person\/eb46cbe76a9c8f062660eb609e3ecb4e","name":"Laura P\u00e9rez","url":"https:\/\/www.tapasmagazine.es\/en\/author\/laura-perez\/"}]}},"_links":{"self":[{"href":"https:\/\/www.tapasmagazine.es\/en\/wp-json\/wp\/v2\/posts\/276786","targetHints":{"allow":["GET"]}}],"collection":[{"href":"https:\/\/www.tapasmagazine.es\/en\/wp-json\/wp\/v2\/posts"}],"about":[{"href":"https:\/\/www.tapasmagazine.es\/en\/wp-json\/wp\/v2\/types\/post"}],"author":[{"embeddable":true,"href":"https:\/\/www.tapasmagazine.es\/en\/wp-json\/wp\/v2\/users\/285"}],"replies":[{"embeddable":true,"href":"https:\/\/www.tapasmagazine.es\/en\/wp-json\/wp\/v2\/comments?post=276786"}],"version-history":[{"count":1,"href":"https:\/\/www.tapasmagazine.es\/en\/wp-json\/wp\/v2\/posts\/276786\/revisions"}],"predecessor-version":[{"id":276794,"href":"https:\/\/www.tapasmagazine.es\/en\/wp-json\/wp\/v2\/posts\/276786\/revisions\/276794"}],"wp:featuredmedia":[{"embeddable":true,"href":"https:\/\/www.tapasmagazine.es\/en\/wp-json\/wp\/v2\/media\/276765"}],"wp:attachment":[{"href":"https:\/\/www.tapasmagazine.es\/en\/wp-json\/wp\/v2\/media?parent=276786"}],"wp:term":[{"taxonomy":"category","embeddable":true,"href":"https:\/\/www.tapasmagazine.es\/en\/wp-json\/wp\/v2\/categories?post=276786"},{"taxonomy":"post_tag","embeddable":true,"href":"https:\/\/www.tapasmagazine.es\/en\/wp-json\/wp\/v2\/tags?post=276786"}],"curies":[{"name":"wp","href":"https:\/\/api.w.org\/{rel}","templated":true}]}}