{"id":276749,"date":"2025-01-15T11:58:55","date_gmt":"2025-01-15T10:58:55","guid":{"rendered":"https:\/\/www.tapasmagazine.es\/vicio-inicia-su-expansion-global-en-lisboa\/"},"modified":"2025-01-15T12:09:54","modified_gmt":"2025-01-15T11:09:54","slug":"vicio-starts-its-global-expansion-in-lisbon","status":"publish","type":"post","link":"https:\/\/www.tapasmagazine.es\/en\/vicio-starts-its-global-expansion-in-lisbon\/","title":{"rendered":"VICIO starts its global expansion in Lisbon"},"content":{"rendered":"\n<p><strong>Click\u00a0<a href=\"https:\/\/www.tapasmagazine.es\/vicio-inicia-su-expansion-global-en-lisboa\/\" target=\"_blank\" rel=\"noreferrer noopener\">here<\/a>\u00a0to read the Spanish version.<\/strong><\/p>\n\n\n\n<p><strong>VICIO<\/strong> has taken its first international step with the opening of an establishment in <strong>Lisbon<\/strong>, which will operate exclusively under the delivery and take away model.<\/p>\n\n\n\n<p>&#8216;Portugal is our closest neighbour and the Portuguese culture is very similar to ours, so it makes perfect sense for our first international step to be in Lisbon. We are convinced that VICIO fits perfectly with the taste of Lisboners and that, as has happened in all the cities we have opened in, our products will be welcomed with open arms. We have come to Lisbon to \u2018give the Portuguese theirs\u2019 and nothing would make us more excited than for this opening to be the success we wish it to be and for Lisbon to become the first step in a much wider international expansion&#8217;, commented <strong>Aleix Puig<\/strong>, co-founder and president of VICIO.<\/p>\n\n\n\n<figure class=\"wp-block-image size-large\"><img decoding=\"async\" width=\"1024\" height=\"717\" src=\"https:\/\/www.tapasmagazine.es\/wp-content\/uploads\/2025\/01\/vicio-1-1024x717.webp\" alt=\"\" class=\"wp-image-276744\" srcset=\"https:\/\/www.tapasmagazine.es\/wp-content\/uploads\/2025\/01\/vicio-1-1024x717.webp 1024w, https:\/\/www.tapasmagazine.es\/wp-content\/uploads\/2025\/01\/vicio-1-300x210.webp 300w, https:\/\/www.tapasmagazine.es\/wp-content\/uploads\/2025\/01\/vicio-1-768x538.webp 768w, https:\/\/www.tapasmagazine.es\/wp-content\/uploads\/2025\/01\/vicio-1-1000x700.webp 1000w, https:\/\/www.tapasmagazine.es\/wp-content\/uploads\/2025\/01\/vicio-1-400x280.webp 400w, https:\/\/www.tapasmagazine.es\/wp-content\/uploads\/2025\/01\/vicio-1.webp 1200w\" sizes=\"(max-width: 1024px) 100vw, 1024px\" \/><\/figure>\n\n\n\n<p>The premises, located at R. do Centro Cultural 39, has a team of 25 professionals who will be in charge of bringing the VICIO culture to the Portuguese community. An idea that they intend to develop and expand in their ambitious expansion plan that in 2024 reached a turnover of 55 million euros. In addition, the company plans to open more than 12 new premises in 2025, with new openings in Spanish cities, reinforcing its presence in Madrid and Barcelona.<\/p>\n","protected":false},"excerpt":{"rendered":"<p>Click\u00a0here\u00a0to read the Spanish version. VICIO has taken its first international step with the opening of an establishment in Lisbon, which will operate exclusively under the delivery and take away model. &#8216;Portugal is our closest neighbour and the Portuguese culture is very similar to ours, so it makes perfect sense for our first international step [&hellip;]<\/p>\n","protected":false},"author":285,"featured_media":276743,"comment_status":"closed","ping_status":"closed","sticky":false,"template":"","format":"standard","meta":{"_acf_changed":false,"footnotes":""},"categories":[15802,1],"tags":[18541],"class_list":["post-276749","post","type-post","status-publish","format-standard","has-post-thumbnail","hentry","category-news","category-sin-categorizar","tag-vicio-en","cat-15802-id","cat-1-id"],"acf":[],"yoast_head":"<!-- This site is optimized with the Yoast SEO plugin v27.4 - https:\/\/yoast.com\/product\/yoast-seo-wordpress\/ -->\n<title>VICIO starts its global expansion in Lisbon - Tapas<\/title>\n<meta name=\"description\" content=\"Click\u00a0here\u00a0to read the Spanish version. VICIO has taken its first international step with the opening of an establishment in Lisbon, which will operate\" \/>\n<meta name=\"robots\" content=\"index, follow, max-snippet:-1, max-image-preview:large, max-video-preview:-1\" \/>\n<link rel=\"canonical\" href=\"https:\/\/www.tapasmagazine.es\/en\/vicio-starts-its-global-expansion-in-lisbon\/\" \/>\n<meta property=\"og:locale\" content=\"en_US\" \/>\n<meta property=\"og:type\" content=\"article\" \/>\n<meta property=\"og:title\" content=\"VICIO starts its global expansion in Lisbon - Tapas\" \/>\n<meta property=\"og:description\" content=\"Click\u00a0here\u00a0to read the Spanish version. VICIO has taken its first international step with the opening of an establishment in Lisbon, which will operate\" \/>\n<meta property=\"og:url\" content=\"https:\/\/www.tapasmagazine.es\/en\/vicio-starts-its-global-expansion-in-lisbon\/\" \/>\n<meta property=\"og:site_name\" content=\"Tapas\" \/>\n<meta property=\"article:publisher\" content=\"https:\/\/www.facebook.com\/tapasmagazine\" \/>\n<meta property=\"article:published_time\" content=\"2025-01-15T10:58:55+00:00\" \/>\n<meta property=\"article:modified_time\" content=\"2025-01-15T11:09:54+00:00\" \/>\n<meta property=\"og:image\" content=\"https:\/\/www.tapasmagazine.es\/wp-content\/uploads\/2025\/01\/vicio.jpg\" \/>\n\t<meta property=\"og:image:width\" content=\"1200\" \/>\n\t<meta property=\"og:image:height\" content=\"675\" \/>\n\t<meta property=\"og:image:type\" content=\"image\/jpeg\" \/>\n<meta name=\"author\" content=\"Laura P\u00e9rez\" \/>\n<meta name=\"twitter:card\" content=\"summary_large_image\" \/>\n<meta name=\"twitter:creator\" content=\"@TapasMagazine\" \/>\n<meta name=\"twitter:site\" content=\"@TapasMagazine\" \/>\n<meta name=\"twitter:label1\" content=\"Written by\" \/>\n\t<meta name=\"twitter:data1\" content=\"Laura P\u00e9rez\" \/>\n\t<meta name=\"twitter:label2\" content=\"Est. reading time\" \/>\n\t<meta name=\"twitter:data2\" content=\"2 minutes\" \/>\n<script type=\"application\/ld+json\" class=\"yoast-schema-graph\">{\"@context\":\"https:\\\/\\\/schema.org\",\"@graph\":[{\"@type\":\"Article\",\"@id\":\"https:\\\/\\\/www.tapasmagazine.es\\\/en\\\/vicio-starts-its-global-expansion-in-lisbon\\\/#article\",\"isPartOf\":{\"@id\":\"https:\\\/\\\/www.tapasmagazine.es\\\/en\\\/vicio-starts-its-global-expansion-in-lisbon\\\/\"},\"author\":{\"name\":\"Laura P\u00e9rez\",\"@id\":\"https:\\\/\\\/www.tapasmagazine.es\\\/#\\\/schema\\\/person\\\/eb46cbe76a9c8f062660eb609e3ecb4e\"},\"headline\":\"VICIO starts its global expansion in Lisbon\",\"datePublished\":\"2025-01-15T10:58:55+00:00\",\"dateModified\":\"2025-01-15T11:09:54+00:00\",\"mainEntityOfPage\":{\"@id\":\"https:\\\/\\\/www.tapasmagazine.es\\\/en\\\/vicio-starts-its-global-expansion-in-lisbon\\\/\"},\"wordCount\":227,\"publisher\":{\"@id\":\"https:\\\/\\\/www.tapasmagazine.es\\\/#organization\"},\"image\":{\"@id\":\"https:\\\/\\\/www.tapasmagazine.es\\\/en\\\/vicio-starts-its-global-expansion-in-lisbon\\\/#primaryimage\"},\"thumbnailUrl\":\"https:\\\/\\\/www.tapasmagazine.es\\\/wp-content\\\/uploads\\\/2025\\\/01\\\/vicio.jpg\",\"keywords\":[\"Vicio\"],\"articleSection\":[\"News\",\"Sin categorizar\"],\"inLanguage\":\"en-US\"},{\"@type\":\"WebPage\",\"@id\":\"https:\\\/\\\/www.tapasmagazine.es\\\/en\\\/vicio-starts-its-global-expansion-in-lisbon\\\/\",\"url\":\"https:\\\/\\\/www.tapasmagazine.es\\\/en\\\/vicio-starts-its-global-expansion-in-lisbon\\\/\",\"name\":\"VICIO starts its global expansion in Lisbon - Tapas\",\"isPartOf\":{\"@id\":\"https:\\\/\\\/www.tapasmagazine.es\\\/#website\"},\"primaryImageOfPage\":{\"@id\":\"https:\\\/\\\/www.tapasmagazine.es\\\/en\\\/vicio-starts-its-global-expansion-in-lisbon\\\/#primaryimage\"},\"image\":{\"@id\":\"https:\\\/\\\/www.tapasmagazine.es\\\/en\\\/vicio-starts-its-global-expansion-in-lisbon\\\/#primaryimage\"},\"thumbnailUrl\":\"https:\\\/\\\/www.tapasmagazine.es\\\/wp-content\\\/uploads\\\/2025\\\/01\\\/vicio.jpg\",\"datePublished\":\"2025-01-15T10:58:55+00:00\",\"dateModified\":\"2025-01-15T11:09:54+00:00\",\"description\":\"Click\u00a0here\u00a0to read the Spanish version. VICIO has taken its first international step with the opening of an establishment in Lisbon, which will operate\",\"breadcrumb\":{\"@id\":\"https:\\\/\\\/www.tapasmagazine.es\\\/en\\\/vicio-starts-its-global-expansion-in-lisbon\\\/#breadcrumb\"},\"inLanguage\":\"en-US\",\"potentialAction\":[{\"@type\":\"ReadAction\",\"target\":[\"https:\\\/\\\/www.tapasmagazine.es\\\/en\\\/vicio-starts-its-global-expansion-in-lisbon\\\/\"]}]},{\"@type\":\"ImageObject\",\"inLanguage\":\"en-US\",\"@id\":\"https:\\\/\\\/www.tapasmagazine.es\\\/en\\\/vicio-starts-its-global-expansion-in-lisbon\\\/#primaryimage\",\"url\":\"https:\\\/\\\/www.tapasmagazine.es\\\/wp-content\\\/uploads\\\/2025\\\/01\\\/vicio.jpg\",\"contentUrl\":\"https:\\\/\\\/www.tapasmagazine.es\\\/wp-content\\\/uploads\\\/2025\\\/01\\\/vicio.jpg\",\"width\":1200,\"height\":675},{\"@type\":\"BreadcrumbList\",\"@id\":\"https:\\\/\\\/www.tapasmagazine.es\\\/en\\\/vicio-starts-its-global-expansion-in-lisbon\\\/#breadcrumb\",\"itemListElement\":[{\"@type\":\"ListItem\",\"position\":1,\"name\":\"Portada\",\"item\":\"https:\\\/\\\/www.tapasmagazine.es\\\/\"},{\"@type\":\"ListItem\",\"position\":2,\"name\":\"Sin categorizar\",\"item\":\"https:\\\/\\\/www.tapasmagazine.es\\\/categorias\\\/sin-categorizar\\\/\"},{\"@type\":\"ListItem\",\"position\":3,\"name\":\"VICIO starts its global expansion in Lisbon\"}]},{\"@type\":\"WebSite\",\"@id\":\"https:\\\/\\\/www.tapasmagazine.es\\\/#website\",\"url\":\"https:\\\/\\\/www.tapasmagazine.es\\\/\",\"name\":\"Tapas\",\"description\":\"\u00d1am \u00d1am Lifestyle. La vida a bocados. Premio Nacional de Gastronom\u00eda 2016.\",\"publisher\":{\"@id\":\"https:\\\/\\\/www.tapasmagazine.es\\\/#organization\"},\"potentialAction\":[{\"@type\":\"SearchAction\",\"target\":{\"@type\":\"EntryPoint\",\"urlTemplate\":\"https:\\\/\\\/www.tapasmagazine.es\\\/?s={search_term_string}\"},\"query-input\":{\"@type\":\"PropertyValueSpecification\",\"valueRequired\":true,\"valueName\":\"search_term_string\"}}],\"inLanguage\":\"en-US\"},{\"@type\":\"Organization\",\"@id\":\"https:\\\/\\\/www.tapasmagazine.es\\\/#organization\",\"name\":\"Tapas Magazine\",\"url\":\"https:\\\/\\\/www.tapasmagazine.es\\\/\",\"logo\":{\"@type\":\"ImageObject\",\"inLanguage\":\"en-US\",\"@id\":\"https:\\\/\\\/www.tapasmagazine.es\\\/#\\\/schema\\\/logo\\\/image\\\/\",\"url\":\"https:\\\/\\\/www.tapasmagazine.es\\\/wp-content\\\/uploads\\\/2018\\\/01\\\/logo.png\",\"contentUrl\":\"https:\\\/\\\/www.tapasmagazine.es\\\/wp-content\\\/uploads\\\/2018\\\/01\\\/logo.png\",\"width\":180,\"height\":60,\"caption\":\"Tapas Magazine\"},\"image\":{\"@id\":\"https:\\\/\\\/www.tapasmagazine.es\\\/#\\\/schema\\\/logo\\\/image\\\/\"},\"sameAs\":[\"https:\\\/\\\/www.facebook.com\\\/tapasmagazine\",\"https:\\\/\\\/x.com\\\/TapasMagazine\",\"https:\\\/\\\/www.instagram.com\\\/tapasmagazine\\\/\",\"https:\\\/\\\/www.linkedin.com\\\/company\\\/tapas-magazine\",\"https:\\\/\\\/es.pinterest.com\\\/tapasmagazine\\\/\",\"https:\\\/\\\/www.youtube.com\\\/channel\\\/UCEyxneAaACuR0lfDagrWjjg?sub_confirmation=1\"]},{\"@type\":\"Person\",\"@id\":\"https:\\\/\\\/www.tapasmagazine.es\\\/#\\\/schema\\\/person\\\/eb46cbe76a9c8f062660eb609e3ecb4e\",\"name\":\"Laura P\u00e9rez\",\"url\":\"https:\\\/\\\/www.tapasmagazine.es\\\/en\\\/author\\\/laura-perez\\\/\"}]}<\/script>\n<!-- \/ Yoast SEO plugin. -->","yoast_head_json":{"title":"VICIO starts its global expansion in Lisbon - Tapas","description":"Click\u00a0here\u00a0to read the Spanish version. VICIO has taken its first international step with the opening of an establishment in Lisbon, which will operate","robots":{"index":"index","follow":"follow","max-snippet":"max-snippet:-1","max-image-preview":"max-image-preview:large","max-video-preview":"max-video-preview:-1"},"canonical":"https:\/\/www.tapasmagazine.es\/en\/vicio-starts-its-global-expansion-in-lisbon\/","og_locale":"en_US","og_type":"article","og_title":"VICIO starts its global expansion in Lisbon - Tapas","og_description":"Click\u00a0here\u00a0to read the Spanish version. VICIO has taken its first international step with the opening of an establishment in Lisbon, which will operate","og_url":"https:\/\/www.tapasmagazine.es\/en\/vicio-starts-its-global-expansion-in-lisbon\/","og_site_name":"Tapas","article_publisher":"https:\/\/www.facebook.com\/tapasmagazine","article_published_time":"2025-01-15T10:58:55+00:00","article_modified_time":"2025-01-15T11:09:54+00:00","og_image":[{"width":1200,"height":675,"url":"https:\/\/www.tapasmagazine.es\/wp-content\/uploads\/2025\/01\/vicio.jpg","type":"image\/jpeg"}],"author":"Laura P\u00e9rez","twitter_card":"summary_large_image","twitter_creator":"@TapasMagazine","twitter_site":"@TapasMagazine","twitter_misc":{"Written by":"Laura P\u00e9rez","Est. reading time":"2 minutes"},"schema":{"@context":"https:\/\/schema.org","@graph":[{"@type":"Article","@id":"https:\/\/www.tapasmagazine.es\/en\/vicio-starts-its-global-expansion-in-lisbon\/#article","isPartOf":{"@id":"https:\/\/www.tapasmagazine.es\/en\/vicio-starts-its-global-expansion-in-lisbon\/"},"author":{"name":"Laura P\u00e9rez","@id":"https:\/\/www.tapasmagazine.es\/#\/schema\/person\/eb46cbe76a9c8f062660eb609e3ecb4e"},"headline":"VICIO starts its global expansion in Lisbon","datePublished":"2025-01-15T10:58:55+00:00","dateModified":"2025-01-15T11:09:54+00:00","mainEntityOfPage":{"@id":"https:\/\/www.tapasmagazine.es\/en\/vicio-starts-its-global-expansion-in-lisbon\/"},"wordCount":227,"publisher":{"@id":"https:\/\/www.tapasmagazine.es\/#organization"},"image":{"@id":"https:\/\/www.tapasmagazine.es\/en\/vicio-starts-its-global-expansion-in-lisbon\/#primaryimage"},"thumbnailUrl":"https:\/\/www.tapasmagazine.es\/wp-content\/uploads\/2025\/01\/vicio.jpg","keywords":["Vicio"],"articleSection":["News","Sin categorizar"],"inLanguage":"en-US"},{"@type":"WebPage","@id":"https:\/\/www.tapasmagazine.es\/en\/vicio-starts-its-global-expansion-in-lisbon\/","url":"https:\/\/www.tapasmagazine.es\/en\/vicio-starts-its-global-expansion-in-lisbon\/","name":"VICIO starts its global expansion in Lisbon - Tapas","isPartOf":{"@id":"https:\/\/www.tapasmagazine.es\/#website"},"primaryImageOfPage":{"@id":"https:\/\/www.tapasmagazine.es\/en\/vicio-starts-its-global-expansion-in-lisbon\/#primaryimage"},"image":{"@id":"https:\/\/www.tapasmagazine.es\/en\/vicio-starts-its-global-expansion-in-lisbon\/#primaryimage"},"thumbnailUrl":"https:\/\/www.tapasmagazine.es\/wp-content\/uploads\/2025\/01\/vicio.jpg","datePublished":"2025-01-15T10:58:55+00:00","dateModified":"2025-01-15T11:09:54+00:00","description":"Click\u00a0here\u00a0to read the Spanish version. VICIO has taken its first international step with the opening of an establishment in Lisbon, which will operate","breadcrumb":{"@id":"https:\/\/www.tapasmagazine.es\/en\/vicio-starts-its-global-expansion-in-lisbon\/#breadcrumb"},"inLanguage":"en-US","potentialAction":[{"@type":"ReadAction","target":["https:\/\/www.tapasmagazine.es\/en\/vicio-starts-its-global-expansion-in-lisbon\/"]}]},{"@type":"ImageObject","inLanguage":"en-US","@id":"https:\/\/www.tapasmagazine.es\/en\/vicio-starts-its-global-expansion-in-lisbon\/#primaryimage","url":"https:\/\/www.tapasmagazine.es\/wp-content\/uploads\/2025\/01\/vicio.jpg","contentUrl":"https:\/\/www.tapasmagazine.es\/wp-content\/uploads\/2025\/01\/vicio.jpg","width":1200,"height":675},{"@type":"BreadcrumbList","@id":"https:\/\/www.tapasmagazine.es\/en\/vicio-starts-its-global-expansion-in-lisbon\/#breadcrumb","itemListElement":[{"@type":"ListItem","position":1,"name":"Portada","item":"https:\/\/www.tapasmagazine.es\/"},{"@type":"ListItem","position":2,"name":"Sin categorizar","item":"https:\/\/www.tapasmagazine.es\/categorias\/sin-categorizar\/"},{"@type":"ListItem","position":3,"name":"VICIO starts its global expansion in Lisbon"}]},{"@type":"WebSite","@id":"https:\/\/www.tapasmagazine.es\/#website","url":"https:\/\/www.tapasmagazine.es\/","name":"Tapas","description":"\u00d1am \u00d1am Lifestyle. La vida a bocados. Premio Nacional de Gastronom\u00eda 2016.","publisher":{"@id":"https:\/\/www.tapasmagazine.es\/#organization"},"potentialAction":[{"@type":"SearchAction","target":{"@type":"EntryPoint","urlTemplate":"https:\/\/www.tapasmagazine.es\/?s={search_term_string}"},"query-input":{"@type":"PropertyValueSpecification","valueRequired":true,"valueName":"search_term_string"}}],"inLanguage":"en-US"},{"@type":"Organization","@id":"https:\/\/www.tapasmagazine.es\/#organization","name":"Tapas Magazine","url":"https:\/\/www.tapasmagazine.es\/","logo":{"@type":"ImageObject","inLanguage":"en-US","@id":"https:\/\/www.tapasmagazine.es\/#\/schema\/logo\/image\/","url":"https:\/\/www.tapasmagazine.es\/wp-content\/uploads\/2018\/01\/logo.png","contentUrl":"https:\/\/www.tapasmagazine.es\/wp-content\/uploads\/2018\/01\/logo.png","width":180,"height":60,"caption":"Tapas Magazine"},"image":{"@id":"https:\/\/www.tapasmagazine.es\/#\/schema\/logo\/image\/"},"sameAs":["https:\/\/www.facebook.com\/tapasmagazine","https:\/\/x.com\/TapasMagazine","https:\/\/www.instagram.com\/tapasmagazine\/","https:\/\/www.linkedin.com\/company\/tapas-magazine","https:\/\/es.pinterest.com\/tapasmagazine\/","https:\/\/www.youtube.com\/channel\/UCEyxneAaACuR0lfDagrWjjg?sub_confirmation=1"]},{"@type":"Person","@id":"https:\/\/www.tapasmagazine.es\/#\/schema\/person\/eb46cbe76a9c8f062660eb609e3ecb4e","name":"Laura P\u00e9rez","url":"https:\/\/www.tapasmagazine.es\/en\/author\/laura-perez\/"}]}},"_links":{"self":[{"href":"https:\/\/www.tapasmagazine.es\/en\/wp-json\/wp\/v2\/posts\/276749","targetHints":{"allow":["GET"]}}],"collection":[{"href":"https:\/\/www.tapasmagazine.es\/en\/wp-json\/wp\/v2\/posts"}],"about":[{"href":"https:\/\/www.tapasmagazine.es\/en\/wp-json\/wp\/v2\/types\/post"}],"author":[{"embeddable":true,"href":"https:\/\/www.tapasmagazine.es\/en\/wp-json\/wp\/v2\/users\/285"}],"replies":[{"embeddable":true,"href":"https:\/\/www.tapasmagazine.es\/en\/wp-json\/wp\/v2\/comments?post=276749"}],"version-history":[{"count":2,"href":"https:\/\/www.tapasmagazine.es\/en\/wp-json\/wp\/v2\/posts\/276749\/revisions"}],"predecessor-version":[{"id":276759,"href":"https:\/\/www.tapasmagazine.es\/en\/wp-json\/wp\/v2\/posts\/276749\/revisions\/276759"}],"wp:featuredmedia":[{"embeddable":true,"href":"https:\/\/www.tapasmagazine.es\/en\/wp-json\/wp\/v2\/media\/276743"}],"wp:attachment":[{"href":"https:\/\/www.tapasmagazine.es\/en\/wp-json\/wp\/v2\/media?parent=276749"}],"wp:term":[{"taxonomy":"category","embeddable":true,"href":"https:\/\/www.tapasmagazine.es\/en\/wp-json\/wp\/v2\/categories?post=276749"},{"taxonomy":"post_tag","embeddable":true,"href":"https:\/\/www.tapasmagazine.es\/en\/wp-json\/wp\/v2\/tags?post=276749"}],"curies":[{"name":"wp","href":"https:\/\/api.w.org\/{rel}","templated":true}]}}