{"id":276425,"date":"2025-01-13T12:16:25","date_gmt":"2025-01-13T11:16:25","guid":{"rendered":"https:\/\/www.tapasmagazine.es\/la-critica-social-detras-del-quesito-sin-queso-de-bad-bunny\/"},"modified":"2025-01-13T12:25:17","modified_gmt":"2025-01-13T11:25:17","slug":"the-social-critique-behind-bad-bunny-quesito-sin-queso","status":"publish","type":"post","link":"https:\/\/www.tapasmagazine.es\/en\/the-social-critique-behind-bad-bunny-quesito-sin-queso\/","title":{"rendered":"The social critique behind Bad Bunny&#8217;s \u2018quesito sin queso&#8217;"},"content":{"rendered":"\n<p><strong>Click\u00a0<a href=\"https:\/\/www.tapasmagazine.es\/la-critica-social-detras-del-quesito-sin-queso-de-bad-bunny\/\" target=\"_blank\" rel=\"noreferrer noopener\">here<\/a>\u00a0to read the Spanish version.<\/strong><\/p>\n\n\n\n<p><strong>Bad Bunny<\/strong>&#8216;s new work has resonated around the world for its intricate ode to Puerto Rico, and the socio-political undertones that fuel it.<\/p>\n\n\n\n<p>In the promotional short film with which his seventh album was presented, titled the same way as the album, <strong>\u2018DeB\u00cd TiRAR M\u00e1S FOToS<\/strong>\u2019, he imagines a<strong> Puerto Rico without Puerto Rican<\/strong>s as part of the current critique of the gentrification of the island associated with the loss of cultural identity. Bad Bunny reinforces his narrative through analogies and\/or cultural or gastronomic symbols such as the sale of \u2018quesito sin queso\u2019 (cheese without cheese). In other words, a product that has lost its identity, its true essence.<\/p>\n\n\n\n<figure class=\"wp-block-image size-full\"><img decoding=\"async\" width=\"1000\" height=\"1000\" src=\"https:\/\/www.tapasmagazine.es\/wp-content\/uploads\/2025\/01\/17362020047822.jpg\" alt=\"\" class=\"wp-image-276405\" srcset=\"https:\/\/www.tapasmagazine.es\/wp-content\/uploads\/2025\/01\/17362020047822.jpg 1000w, https:\/\/www.tapasmagazine.es\/wp-content\/uploads\/2025\/01\/17362020047822-300x300.jpg 300w, https:\/\/www.tapasmagazine.es\/wp-content\/uploads\/2025\/01\/17362020047822-150x150.jpg 150w, https:\/\/www.tapasmagazine.es\/wp-content\/uploads\/2025\/01\/17362020047822-768x768.jpg 768w, https:\/\/www.tapasmagazine.es\/wp-content\/uploads\/2025\/01\/17362020047822-400x400.jpg 400w\" sizes=\"(max-width: 1000px) 100vw, 1000px\" \/><\/figure>\n\n\n\n<p>In one scene, the legendary Puerto Rican filmmaker <strong>Jacobo Morales<\/strong> goes to a gentrified bakery where he is offered that \u2018quesito without cheese\u2019 which is one of the incentives offered to the US to move to the island, \u2018kicking out the locals\u2019. A cultural and social displacement that Puerto Rico faces in the aftermath of the pandemic.<\/p>\n\n\n\n<p>In the same sequence, the protagonist orders other local or indigenous foods such as a \u2018tripleta\u2019, a classic bakery item in Hispanic Caribbean neighbourhoods. This is known as the working class \u2018worker&#8217;s sandwich\u2019 and is made with three different cuts of meat and lots of condiments. Not having it on the premises, he ends up ordering a pastrami sandwich, originally from and representative of the USA, with a certain apathy. The order ends up coming to 30 dollars, a glimpse of the excessive price inflation unleashed by <strong>gentrification<\/strong>.<\/p>\n\n\n\n<figure class=\"wp-block-embed is-type-video is-provider-youtube wp-block-embed-youtube wp-embed-aspect-16-9 wp-has-aspect-ratio\"><div class=\"wp-block-embed__wrapper\">\n<iframe title=\"BAD BUNNY - DeB\u00cd TiRAR M\u00e1S FOToS (Short Film)\" width=\"640\" height=\"360\" src=\"https:\/\/www.youtube.com\/embed\/gLSzEYVDads?feature=oembed\" frameborder=\"0\" allow=\"accelerometer; autoplay; clipboard-write; encrypted-media; gyroscope; picture-in-picture; web-share\" referrerpolicy=\"strict-origin-when-cross-origin\" allowfullscreen><\/iframe>\n<\/div><\/figure>\n\n\n\n<p><strong>Bad Bunny<\/strong>&#8216;s <strong>metaphors <\/strong>in \u2018Deb\u00ed tirar m\u00e1s fotos\u2019 are thus presented as a socio-political critique of the current replacement of Puerto Rican tradition by soulless and\/or superficial modern versions without substance in which there is nothing inside; there is nothing beyond.<\/p>\n","protected":false},"excerpt":{"rendered":"<p>Click\u00a0here\u00a0to read the Spanish version. Bad Bunny&#8216;s new work has resonated around the world for its intricate ode to Puerto Rico, and the socio-political undertones that fuel it. In the promotional short film with which his seventh album was presented, titled the same way as the album, \u2018DeB\u00cd TiRAR M\u00e1S FOToS\u2019, he imagines a Puerto [&hellip;]<\/p>\n","protected":false},"author":285,"featured_media":276404,"comment_status":"closed","ping_status":"closed","sticky":false,"template":"","format":"standard","meta":{"_acf_changed":false,"footnotes":""},"categories":[18831,1],"tags":[18542],"class_list":["post-276425","post","type-post","status-publish","format-standard","has-post-thumbnail","hentry","category-lifestyle-en","category-sin-categorizar","tag-bad-bunny-en","cat-18831-id","cat-1-id"],"acf":[],"yoast_head":"<!-- This site is optimized with the Yoast SEO plugin v27.4 - https:\/\/yoast.com\/product\/yoast-seo-wordpress\/ -->\n<title>The social critique behind Bad Bunny&#039;s \u2018quesito sin queso&#039; - Tapas<\/title>\n<meta name=\"description\" content=\"Click\u00a0here\u00a0to read the Spanish version. Bad Bunny&#039;s new work has resonated around the world for its intricate ode to Puerto Rico, and the socio-political\" \/>\n<meta name=\"robots\" content=\"index, follow, max-snippet:-1, max-image-preview:large, max-video-preview:-1\" \/>\n<link rel=\"canonical\" href=\"https:\/\/www.tapasmagazine.es\/en\/the-social-critique-behind-bad-bunny-quesito-sin-queso\/\" \/>\n<meta property=\"og:locale\" content=\"en_US\" \/>\n<meta property=\"og:type\" content=\"article\" \/>\n<meta property=\"og:title\" content=\"The social critique behind Bad Bunny&#039;s \u2018quesito sin queso&#039; - Tapas\" \/>\n<meta property=\"og:description\" content=\"Click\u00a0here\u00a0to read the Spanish version. Bad Bunny&#039;s new work has resonated around the world for its intricate ode to Puerto Rico, and the socio-political\" \/>\n<meta property=\"og:url\" content=\"https:\/\/www.tapasmagazine.es\/en\/the-social-critique-behind-bad-bunny-quesito-sin-queso\/\" \/>\n<meta property=\"og:site_name\" content=\"Tapas\" \/>\n<meta property=\"article:publisher\" content=\"https:\/\/www.facebook.com\/tapasmagazine\" \/>\n<meta property=\"article:published_time\" content=\"2025-01-13T11:16:25+00:00\" \/>\n<meta property=\"article:modified_time\" content=\"2025-01-13T11:25:17+00:00\" \/>\n<meta property=\"og:image\" content=\"https:\/\/www.tapasmagazine.es\/wp-content\/uploads\/2025\/01\/bad-bunny.jpg\" \/>\n\t<meta property=\"og:image:width\" content=\"1200\" \/>\n\t<meta property=\"og:image:height\" content=\"675\" \/>\n\t<meta property=\"og:image:type\" content=\"image\/jpeg\" \/>\n<meta name=\"author\" content=\"Laura P\u00e9rez\" \/>\n<meta name=\"twitter:card\" content=\"summary_large_image\" \/>\n<meta name=\"twitter:creator\" content=\"@TapasMagazine\" \/>\n<meta name=\"twitter:site\" content=\"@TapasMagazine\" \/>\n<meta name=\"twitter:label1\" content=\"Written by\" \/>\n\t<meta name=\"twitter:data1\" content=\"Laura P\u00e9rez\" \/>\n\t<meta name=\"twitter:label2\" content=\"Est. reading time\" \/>\n\t<meta name=\"twitter:data2\" content=\"2 minutes\" \/>\n<script type=\"application\/ld+json\" class=\"yoast-schema-graph\">{\"@context\":\"https:\\\/\\\/schema.org\",\"@graph\":[{\"@type\":\"Article\",\"@id\":\"https:\\\/\\\/www.tapasmagazine.es\\\/en\\\/the-social-critique-behind-bad-bunny-quesito-sin-queso\\\/#article\",\"isPartOf\":{\"@id\":\"https:\\\/\\\/www.tapasmagazine.es\\\/en\\\/the-social-critique-behind-bad-bunny-quesito-sin-queso\\\/\"},\"author\":{\"name\":\"Laura P\u00e9rez\",\"@id\":\"https:\\\/\\\/www.tapasmagazine.es\\\/#\\\/schema\\\/person\\\/eb46cbe76a9c8f062660eb609e3ecb4e\"},\"headline\":\"The social critique behind Bad Bunny&#8217;s \u2018quesito sin queso&#8217;\",\"datePublished\":\"2025-01-13T11:16:25+00:00\",\"dateModified\":\"2025-01-13T11:25:17+00:00\",\"mainEntityOfPage\":{\"@id\":\"https:\\\/\\\/www.tapasmagazine.es\\\/en\\\/the-social-critique-behind-bad-bunny-quesito-sin-queso\\\/\"},\"wordCount\":325,\"publisher\":{\"@id\":\"https:\\\/\\\/www.tapasmagazine.es\\\/#organization\"},\"image\":{\"@id\":\"https:\\\/\\\/www.tapasmagazine.es\\\/en\\\/the-social-critique-behind-bad-bunny-quesito-sin-queso\\\/#primaryimage\"},\"thumbnailUrl\":\"https:\\\/\\\/www.tapasmagazine.es\\\/wp-content\\\/uploads\\\/2025\\\/01\\\/bad-bunny.jpg\",\"keywords\":[\"Bad Bunny\"],\"articleSection\":[\"Lifestyle\",\"Sin categorizar\"],\"inLanguage\":\"en-US\"},{\"@type\":\"WebPage\",\"@id\":\"https:\\\/\\\/www.tapasmagazine.es\\\/en\\\/the-social-critique-behind-bad-bunny-quesito-sin-queso\\\/\",\"url\":\"https:\\\/\\\/www.tapasmagazine.es\\\/en\\\/the-social-critique-behind-bad-bunny-quesito-sin-queso\\\/\",\"name\":\"The social critique behind Bad Bunny's \u2018quesito sin queso' - Tapas\",\"isPartOf\":{\"@id\":\"https:\\\/\\\/www.tapasmagazine.es\\\/#website\"},\"primaryImageOfPage\":{\"@id\":\"https:\\\/\\\/www.tapasmagazine.es\\\/en\\\/the-social-critique-behind-bad-bunny-quesito-sin-queso\\\/#primaryimage\"},\"image\":{\"@id\":\"https:\\\/\\\/www.tapasmagazine.es\\\/en\\\/the-social-critique-behind-bad-bunny-quesito-sin-queso\\\/#primaryimage\"},\"thumbnailUrl\":\"https:\\\/\\\/www.tapasmagazine.es\\\/wp-content\\\/uploads\\\/2025\\\/01\\\/bad-bunny.jpg\",\"datePublished\":\"2025-01-13T11:16:25+00:00\",\"dateModified\":\"2025-01-13T11:25:17+00:00\",\"description\":\"Click\u00a0here\u00a0to read the Spanish version. Bad Bunny's new work has resonated around the world for its intricate ode to Puerto Rico, and the socio-political\",\"breadcrumb\":{\"@id\":\"https:\\\/\\\/www.tapasmagazine.es\\\/en\\\/the-social-critique-behind-bad-bunny-quesito-sin-queso\\\/#breadcrumb\"},\"inLanguage\":\"en-US\",\"potentialAction\":[{\"@type\":\"ReadAction\",\"target\":[\"https:\\\/\\\/www.tapasmagazine.es\\\/en\\\/the-social-critique-behind-bad-bunny-quesito-sin-queso\\\/\"]}]},{\"@type\":\"ImageObject\",\"inLanguage\":\"en-US\",\"@id\":\"https:\\\/\\\/www.tapasmagazine.es\\\/en\\\/the-social-critique-behind-bad-bunny-quesito-sin-queso\\\/#primaryimage\",\"url\":\"https:\\\/\\\/www.tapasmagazine.es\\\/wp-content\\\/uploads\\\/2025\\\/01\\\/bad-bunny.jpg\",\"contentUrl\":\"https:\\\/\\\/www.tapasmagazine.es\\\/wp-content\\\/uploads\\\/2025\\\/01\\\/bad-bunny.jpg\",\"width\":1200,\"height\":675},{\"@type\":\"BreadcrumbList\",\"@id\":\"https:\\\/\\\/www.tapasmagazine.es\\\/en\\\/the-social-critique-behind-bad-bunny-quesito-sin-queso\\\/#breadcrumb\",\"itemListElement\":[{\"@type\":\"ListItem\",\"position\":1,\"name\":\"Portada\",\"item\":\"https:\\\/\\\/www.tapasmagazine.es\\\/\"},{\"@type\":\"ListItem\",\"position\":2,\"name\":\"Sin categorizar\",\"item\":\"https:\\\/\\\/www.tapasmagazine.es\\\/categorias\\\/sin-categorizar\\\/\"},{\"@type\":\"ListItem\",\"position\":3,\"name\":\"The social critique behind Bad Bunny&#8217;s \u2018quesito sin queso&#8217;\"}]},{\"@type\":\"WebSite\",\"@id\":\"https:\\\/\\\/www.tapasmagazine.es\\\/#website\",\"url\":\"https:\\\/\\\/www.tapasmagazine.es\\\/\",\"name\":\"Tapas\",\"description\":\"\u00d1am \u00d1am Lifestyle. La vida a bocados. Premio Nacional de Gastronom\u00eda 2016.\",\"publisher\":{\"@id\":\"https:\\\/\\\/www.tapasmagazine.es\\\/#organization\"},\"potentialAction\":[{\"@type\":\"SearchAction\",\"target\":{\"@type\":\"EntryPoint\",\"urlTemplate\":\"https:\\\/\\\/www.tapasmagazine.es\\\/?s={search_term_string}\"},\"query-input\":{\"@type\":\"PropertyValueSpecification\",\"valueRequired\":true,\"valueName\":\"search_term_string\"}}],\"inLanguage\":\"en-US\"},{\"@type\":\"Organization\",\"@id\":\"https:\\\/\\\/www.tapasmagazine.es\\\/#organization\",\"name\":\"Tapas Magazine\",\"url\":\"https:\\\/\\\/www.tapasmagazine.es\\\/\",\"logo\":{\"@type\":\"ImageObject\",\"inLanguage\":\"en-US\",\"@id\":\"https:\\\/\\\/www.tapasmagazine.es\\\/#\\\/schema\\\/logo\\\/image\\\/\",\"url\":\"https:\\\/\\\/www.tapasmagazine.es\\\/wp-content\\\/uploads\\\/2018\\\/01\\\/logo.png\",\"contentUrl\":\"https:\\\/\\\/www.tapasmagazine.es\\\/wp-content\\\/uploads\\\/2018\\\/01\\\/logo.png\",\"width\":180,\"height\":60,\"caption\":\"Tapas Magazine\"},\"image\":{\"@id\":\"https:\\\/\\\/www.tapasmagazine.es\\\/#\\\/schema\\\/logo\\\/image\\\/\"},\"sameAs\":[\"https:\\\/\\\/www.facebook.com\\\/tapasmagazine\",\"https:\\\/\\\/x.com\\\/TapasMagazine\",\"https:\\\/\\\/www.instagram.com\\\/tapasmagazine\\\/\",\"https:\\\/\\\/www.linkedin.com\\\/company\\\/tapas-magazine\",\"https:\\\/\\\/es.pinterest.com\\\/tapasmagazine\\\/\",\"https:\\\/\\\/www.youtube.com\\\/channel\\\/UCEyxneAaACuR0lfDagrWjjg?sub_confirmation=1\"]},{\"@type\":\"Person\",\"@id\":\"https:\\\/\\\/www.tapasmagazine.es\\\/#\\\/schema\\\/person\\\/eb46cbe76a9c8f062660eb609e3ecb4e\",\"name\":\"Laura P\u00e9rez\",\"url\":\"https:\\\/\\\/www.tapasmagazine.es\\\/en\\\/author\\\/laura-perez\\\/\"}]}<\/script>\n<!-- \/ Yoast SEO plugin. -->","yoast_head_json":{"title":"The social critique behind Bad Bunny's \u2018quesito sin queso' - Tapas","description":"Click\u00a0here\u00a0to read the Spanish version. Bad Bunny's new work has resonated around the world for its intricate ode to Puerto Rico, and the socio-political","robots":{"index":"index","follow":"follow","max-snippet":"max-snippet:-1","max-image-preview":"max-image-preview:large","max-video-preview":"max-video-preview:-1"},"canonical":"https:\/\/www.tapasmagazine.es\/en\/the-social-critique-behind-bad-bunny-quesito-sin-queso\/","og_locale":"en_US","og_type":"article","og_title":"The social critique behind Bad Bunny's \u2018quesito sin queso' - Tapas","og_description":"Click\u00a0here\u00a0to read the Spanish version. Bad Bunny's new work has resonated around the world for its intricate ode to Puerto Rico, and the socio-political","og_url":"https:\/\/www.tapasmagazine.es\/en\/the-social-critique-behind-bad-bunny-quesito-sin-queso\/","og_site_name":"Tapas","article_publisher":"https:\/\/www.facebook.com\/tapasmagazine","article_published_time":"2025-01-13T11:16:25+00:00","article_modified_time":"2025-01-13T11:25:17+00:00","og_image":[{"width":1200,"height":675,"url":"https:\/\/www.tapasmagazine.es\/wp-content\/uploads\/2025\/01\/bad-bunny.jpg","type":"image\/jpeg"}],"author":"Laura P\u00e9rez","twitter_card":"summary_large_image","twitter_creator":"@TapasMagazine","twitter_site":"@TapasMagazine","twitter_misc":{"Written by":"Laura P\u00e9rez","Est. reading time":"2 minutes"},"schema":{"@context":"https:\/\/schema.org","@graph":[{"@type":"Article","@id":"https:\/\/www.tapasmagazine.es\/en\/the-social-critique-behind-bad-bunny-quesito-sin-queso\/#article","isPartOf":{"@id":"https:\/\/www.tapasmagazine.es\/en\/the-social-critique-behind-bad-bunny-quesito-sin-queso\/"},"author":{"name":"Laura P\u00e9rez","@id":"https:\/\/www.tapasmagazine.es\/#\/schema\/person\/eb46cbe76a9c8f062660eb609e3ecb4e"},"headline":"The social critique behind Bad Bunny&#8217;s \u2018quesito sin queso&#8217;","datePublished":"2025-01-13T11:16:25+00:00","dateModified":"2025-01-13T11:25:17+00:00","mainEntityOfPage":{"@id":"https:\/\/www.tapasmagazine.es\/en\/the-social-critique-behind-bad-bunny-quesito-sin-queso\/"},"wordCount":325,"publisher":{"@id":"https:\/\/www.tapasmagazine.es\/#organization"},"image":{"@id":"https:\/\/www.tapasmagazine.es\/en\/the-social-critique-behind-bad-bunny-quesito-sin-queso\/#primaryimage"},"thumbnailUrl":"https:\/\/www.tapasmagazine.es\/wp-content\/uploads\/2025\/01\/bad-bunny.jpg","keywords":["Bad Bunny"],"articleSection":["Lifestyle","Sin categorizar"],"inLanguage":"en-US"},{"@type":"WebPage","@id":"https:\/\/www.tapasmagazine.es\/en\/the-social-critique-behind-bad-bunny-quesito-sin-queso\/","url":"https:\/\/www.tapasmagazine.es\/en\/the-social-critique-behind-bad-bunny-quesito-sin-queso\/","name":"The social critique behind Bad Bunny's \u2018quesito sin queso' - Tapas","isPartOf":{"@id":"https:\/\/www.tapasmagazine.es\/#website"},"primaryImageOfPage":{"@id":"https:\/\/www.tapasmagazine.es\/en\/the-social-critique-behind-bad-bunny-quesito-sin-queso\/#primaryimage"},"image":{"@id":"https:\/\/www.tapasmagazine.es\/en\/the-social-critique-behind-bad-bunny-quesito-sin-queso\/#primaryimage"},"thumbnailUrl":"https:\/\/www.tapasmagazine.es\/wp-content\/uploads\/2025\/01\/bad-bunny.jpg","datePublished":"2025-01-13T11:16:25+00:00","dateModified":"2025-01-13T11:25:17+00:00","description":"Click\u00a0here\u00a0to read the Spanish version. Bad Bunny's new work has resonated around the world for its intricate ode to Puerto Rico, and the socio-political","breadcrumb":{"@id":"https:\/\/www.tapasmagazine.es\/en\/the-social-critique-behind-bad-bunny-quesito-sin-queso\/#breadcrumb"},"inLanguage":"en-US","potentialAction":[{"@type":"ReadAction","target":["https:\/\/www.tapasmagazine.es\/en\/the-social-critique-behind-bad-bunny-quesito-sin-queso\/"]}]},{"@type":"ImageObject","inLanguage":"en-US","@id":"https:\/\/www.tapasmagazine.es\/en\/the-social-critique-behind-bad-bunny-quesito-sin-queso\/#primaryimage","url":"https:\/\/www.tapasmagazine.es\/wp-content\/uploads\/2025\/01\/bad-bunny.jpg","contentUrl":"https:\/\/www.tapasmagazine.es\/wp-content\/uploads\/2025\/01\/bad-bunny.jpg","width":1200,"height":675},{"@type":"BreadcrumbList","@id":"https:\/\/www.tapasmagazine.es\/en\/the-social-critique-behind-bad-bunny-quesito-sin-queso\/#breadcrumb","itemListElement":[{"@type":"ListItem","position":1,"name":"Portada","item":"https:\/\/www.tapasmagazine.es\/"},{"@type":"ListItem","position":2,"name":"Sin categorizar","item":"https:\/\/www.tapasmagazine.es\/categorias\/sin-categorizar\/"},{"@type":"ListItem","position":3,"name":"The social critique behind Bad Bunny&#8217;s \u2018quesito sin queso&#8217;"}]},{"@type":"WebSite","@id":"https:\/\/www.tapasmagazine.es\/#website","url":"https:\/\/www.tapasmagazine.es\/","name":"Tapas","description":"\u00d1am \u00d1am Lifestyle. La vida a bocados. Premio Nacional de Gastronom\u00eda 2016.","publisher":{"@id":"https:\/\/www.tapasmagazine.es\/#organization"},"potentialAction":[{"@type":"SearchAction","target":{"@type":"EntryPoint","urlTemplate":"https:\/\/www.tapasmagazine.es\/?s={search_term_string}"},"query-input":{"@type":"PropertyValueSpecification","valueRequired":true,"valueName":"search_term_string"}}],"inLanguage":"en-US"},{"@type":"Organization","@id":"https:\/\/www.tapasmagazine.es\/#organization","name":"Tapas Magazine","url":"https:\/\/www.tapasmagazine.es\/","logo":{"@type":"ImageObject","inLanguage":"en-US","@id":"https:\/\/www.tapasmagazine.es\/#\/schema\/logo\/image\/","url":"https:\/\/www.tapasmagazine.es\/wp-content\/uploads\/2018\/01\/logo.png","contentUrl":"https:\/\/www.tapasmagazine.es\/wp-content\/uploads\/2018\/01\/logo.png","width":180,"height":60,"caption":"Tapas Magazine"},"image":{"@id":"https:\/\/www.tapasmagazine.es\/#\/schema\/logo\/image\/"},"sameAs":["https:\/\/www.facebook.com\/tapasmagazine","https:\/\/x.com\/TapasMagazine","https:\/\/www.instagram.com\/tapasmagazine\/","https:\/\/www.linkedin.com\/company\/tapas-magazine","https:\/\/es.pinterest.com\/tapasmagazine\/","https:\/\/www.youtube.com\/channel\/UCEyxneAaACuR0lfDagrWjjg?sub_confirmation=1"]},{"@type":"Person","@id":"https:\/\/www.tapasmagazine.es\/#\/schema\/person\/eb46cbe76a9c8f062660eb609e3ecb4e","name":"Laura P\u00e9rez","url":"https:\/\/www.tapasmagazine.es\/en\/author\/laura-perez\/"}]}},"_links":{"self":[{"href":"https:\/\/www.tapasmagazine.es\/en\/wp-json\/wp\/v2\/posts\/276425","targetHints":{"allow":["GET"]}}],"collection":[{"href":"https:\/\/www.tapasmagazine.es\/en\/wp-json\/wp\/v2\/posts"}],"about":[{"href":"https:\/\/www.tapasmagazine.es\/en\/wp-json\/wp\/v2\/types\/post"}],"author":[{"embeddable":true,"href":"https:\/\/www.tapasmagazine.es\/en\/wp-json\/wp\/v2\/users\/285"}],"replies":[{"embeddable":true,"href":"https:\/\/www.tapasmagazine.es\/en\/wp-json\/wp\/v2\/comments?post=276425"}],"version-history":[{"count":2,"href":"https:\/\/www.tapasmagazine.es\/en\/wp-json\/wp\/v2\/posts\/276425\/revisions"}],"predecessor-version":[{"id":276431,"href":"https:\/\/www.tapasmagazine.es\/en\/wp-json\/wp\/v2\/posts\/276425\/revisions\/276431"}],"wp:featuredmedia":[{"embeddable":true,"href":"https:\/\/www.tapasmagazine.es\/en\/wp-json\/wp\/v2\/media\/276404"}],"wp:attachment":[{"href":"https:\/\/www.tapasmagazine.es\/en\/wp-json\/wp\/v2\/media?parent=276425"}],"wp:term":[{"taxonomy":"category","embeddable":true,"href":"https:\/\/www.tapasmagazine.es\/en\/wp-json\/wp\/v2\/categories?post=276425"},{"taxonomy":"post_tag","embeddable":true,"href":"https:\/\/www.tapasmagazine.es\/en\/wp-json\/wp\/v2\/tags?post=276425"}],"curies":[{"name":"wp","href":"https:\/\/api.w.org\/{rel}","templated":true}]}}