{"id":273758,"date":"2024-12-10T16:04:59","date_gmt":"2024-12-10T15:04:59","guid":{"rendered":"https:\/\/www.tapasmagazine.es\/nestle-y-damm-se-unen-para-producir-y-distribuir-nestea-en-espana\/"},"modified":"2024-12-10T16:13:21","modified_gmt":"2024-12-10T15:13:21","slug":"nestle-damm-join-forces-produce-distribute-nestea-in-spain","status":"publish","type":"post","link":"https:\/\/www.tapasmagazine.es\/en\/nestle-damm-join-forces-produce-distribute-nestea-in-spain\/","title":{"rendered":"Nestl\u00e9 and Damm join forces to produce and distribute Nestea in Spain"},"content":{"rendered":"\n<p><strong>Click\u00a0<a href=\"https:\/\/www.tapasmagazine.es\/nestle-y-damm-se-unen-para-producir-y-distribuir-nestea-en-espana\/\" target=\"_blank\" rel=\"noreferrer noopener\">here<\/a>\u00a0to read the Spanish version.<\/strong><\/p>\n\n\n\n<p>After ending its partnership with <strong>Coca-Cola<\/strong> and finalizing an agreement with Damm to produce and distribute <strong>Nestea<\/strong> in Spain, <strong>Nestl\u00e9<\/strong> has just officially announced this commercial union that will mark a before and after in the &#8216;iced tea fight&#8217;. From 2025, Damm will be in charge of the manufacture and marketing of this popular drink in Spain, Andorra and Gibraltar.<\/p>\n\n\n\n<p>This agreement opens a new era for the brand, which will continue to compete directly with Coca-Cola&#8217;s new Fuze Tea. As agreed, <strong>Damm<\/strong> has already started manufacturing the full range of Nestea flavors and formats at its plant in Salem (Valencia), maintaining the same quality standards and organoleptic profile of Nestea. The beverage will be available in the markets as of January 1, 2025.<\/p>\n\n\n\n<p>&#8216;We are very pleased to announce that Nestea will continue to be marketed in Spain with Damm, a company with a strong track record,&#8217; said <strong>Jordi Llach<\/strong>, managing director of Nestl\u00e9 in Spain. This new chapter will be a success and our consumers will continue to enjoy their favorite tea brand,&#8217; he added.<\/p>\n\n\n\n<p>For his part, <strong>Jorge Villavecchia<\/strong>, CEO of Damm, highlighted that this agreement represents an important milestone for the company: &#8216;Nestea is a benchmark brand in the tea soft drinks market, and its addition to our portfolio will further strengthen our offer, providing our customers with a quality product that has been appreciated for decades.<\/p>\n\n\n\n<h2 class=\"wp-block-heading\">A new stage for Nestea<\/h2>\n\n\n\n<p>The collaboration between <strong>Nestl\u00e9<\/strong> and <strong>Coca-Cola<\/strong> in the ready-to-drink tea category dates back to 2001, when the two companies created the Beverage Partners Worldwide (BPW) joint venture. In December 2017, this alliance was dissolved, allowing Nestl\u00e9 to take the reins of Nestea&#8217;s independent development.<\/p>\n\n\n\n<p>Although the dissolution of BPW did not imply the end of the relationship between the two companies, in the years that followed Nestl\u00e9 granted Coca-Cola a license to manufacture and distribute Nestea in various markets, including Spain, Portugal and Andorra. Now, with the closing of this agreement, Damm is revolutionizing the market by taking over the distribution of Nestea.<\/p>\n","protected":false},"excerpt":{"rendered":"<p>Click\u00a0here\u00a0to read the Spanish version. After ending its partnership with Coca-Cola and finalizing an agreement with Damm to produce and distribute Nestea in Spain, Nestl\u00e9 has just officially announced this commercial union that will mark a before and after in the &#8216;iced tea fight&#8217;. From 2025, Damm will be in charge of the manufacture and [&hellip;]<\/p>\n","protected":false},"author":285,"featured_media":265875,"comment_status":"closed","ping_status":"closed","sticky":false,"template":"","format":"standard","meta":{"_acf_changed":false,"footnotes":""},"categories":[15802,1],"tags":[19303,19296,18830],"class_list":["post-273758","post","type-post","status-publish","format-standard","has-post-thumbnail","hentry","category-news","category-sin-categorizar","tag-damm-en","tag-nestea-en","tag-nestle-en","cat-15802-id","cat-1-id"],"acf":[],"yoast_head":"<!-- This site is optimized with the Yoast SEO plugin v27.4 - https:\/\/yoast.com\/product\/yoast-seo-wordpress\/ -->\n<title>Nestl\u00e9 and Damm join forces to produce and distribute Nestea in Spain - Tapas<\/title>\n<meta name=\"description\" content=\"Click\u00a0here\u00a0to read the Spanish version. After ending its partnership with Coca-Cola and finalizing an agreement with Damm to produce and distribute Nestea\" \/>\n<meta name=\"robots\" content=\"index, follow, max-snippet:-1, max-image-preview:large, max-video-preview:-1\" \/>\n<link rel=\"canonical\" href=\"https:\/\/www.tapasmagazine.es\/en\/nestle-damm-join-forces-produce-distribute-nestea-in-spain\/\" \/>\n<meta property=\"og:locale\" content=\"en_US\" \/>\n<meta property=\"og:type\" content=\"article\" \/>\n<meta property=\"og:title\" content=\"Nestl\u00e9 and Damm join forces to produce and distribute Nestea in Spain - Tapas\" \/>\n<meta property=\"og:description\" content=\"Click\u00a0here\u00a0to read the Spanish version. After ending its partnership with Coca-Cola and finalizing an agreement with Damm to produce and distribute Nestea\" \/>\n<meta property=\"og:url\" content=\"https:\/\/www.tapasmagazine.es\/en\/nestle-damm-join-forces-produce-distribute-nestea-in-spain\/\" \/>\n<meta property=\"og:site_name\" content=\"Tapas\" \/>\n<meta property=\"article:publisher\" content=\"https:\/\/www.facebook.com\/tapasmagazine\" \/>\n<meta property=\"article:published_time\" content=\"2024-12-10T15:04:59+00:00\" \/>\n<meta property=\"article:modified_time\" content=\"2024-12-10T15:13:21+00:00\" \/>\n<meta property=\"og:image\" content=\"https:\/\/www.tapasmagazine.es\/wp-content\/uploads\/2024\/10\/nestea-1.jpg\" \/>\n\t<meta property=\"og:image:width\" content=\"1200\" \/>\n\t<meta property=\"og:image:height\" content=\"675\" \/>\n\t<meta property=\"og:image:type\" content=\"image\/jpeg\" \/>\n<meta name=\"author\" content=\"Laura P\u00e9rez\" \/>\n<meta name=\"twitter:card\" content=\"summary_large_image\" \/>\n<meta name=\"twitter:creator\" content=\"@TapasMagazine\" \/>\n<meta name=\"twitter:site\" content=\"@TapasMagazine\" \/>\n<meta name=\"twitter:label1\" content=\"Written by\" \/>\n\t<meta name=\"twitter:data1\" content=\"Laura P\u00e9rez\" \/>\n\t<meta name=\"twitter:label2\" content=\"Est. reading time\" \/>\n\t<meta name=\"twitter:data2\" content=\"2 minutes\" \/>\n<script type=\"application\/ld+json\" class=\"yoast-schema-graph\">{\"@context\":\"https:\\\/\\\/schema.org\",\"@graph\":[{\"@type\":\"Article\",\"@id\":\"https:\\\/\\\/www.tapasmagazine.es\\\/en\\\/nestle-damm-join-forces-produce-distribute-nestea-in-spain\\\/#article\",\"isPartOf\":{\"@id\":\"https:\\\/\\\/www.tapasmagazine.es\\\/en\\\/nestle-damm-join-forces-produce-distribute-nestea-in-spain\\\/\"},\"author\":{\"name\":\"Laura P\u00e9rez\",\"@id\":\"https:\\\/\\\/www.tapasmagazine.es\\\/#\\\/schema\\\/person\\\/eb46cbe76a9c8f062660eb609e3ecb4e\"},\"headline\":\"Nestl\u00e9 and Damm join forces to produce and distribute Nestea in Spain\",\"datePublished\":\"2024-12-10T15:04:59+00:00\",\"dateModified\":\"2024-12-10T15:13:21+00:00\",\"mainEntityOfPage\":{\"@id\":\"https:\\\/\\\/www.tapasmagazine.es\\\/en\\\/nestle-damm-join-forces-produce-distribute-nestea-in-spain\\\/\"},\"wordCount\":355,\"publisher\":{\"@id\":\"https:\\\/\\\/www.tapasmagazine.es\\\/#organization\"},\"image\":{\"@id\":\"https:\\\/\\\/www.tapasmagazine.es\\\/en\\\/nestle-damm-join-forces-produce-distribute-nestea-in-spain\\\/#primaryimage\"},\"thumbnailUrl\":\"https:\\\/\\\/www.tapasmagazine.es\\\/wp-content\\\/uploads\\\/2024\\\/10\\\/nestea-1.jpg\",\"keywords\":[\"Damm\",\"Nestea\",\"Nestl\u00e9\"],\"articleSection\":[\"News\",\"Sin categorizar\"],\"inLanguage\":\"en-US\"},{\"@type\":\"WebPage\",\"@id\":\"https:\\\/\\\/www.tapasmagazine.es\\\/en\\\/nestle-damm-join-forces-produce-distribute-nestea-in-spain\\\/\",\"url\":\"https:\\\/\\\/www.tapasmagazine.es\\\/en\\\/nestle-damm-join-forces-produce-distribute-nestea-in-spain\\\/\",\"name\":\"Nestl\u00e9 and Damm join forces to produce and distribute Nestea in Spain - Tapas\",\"isPartOf\":{\"@id\":\"https:\\\/\\\/www.tapasmagazine.es\\\/#website\"},\"primaryImageOfPage\":{\"@id\":\"https:\\\/\\\/www.tapasmagazine.es\\\/en\\\/nestle-damm-join-forces-produce-distribute-nestea-in-spain\\\/#primaryimage\"},\"image\":{\"@id\":\"https:\\\/\\\/www.tapasmagazine.es\\\/en\\\/nestle-damm-join-forces-produce-distribute-nestea-in-spain\\\/#primaryimage\"},\"thumbnailUrl\":\"https:\\\/\\\/www.tapasmagazine.es\\\/wp-content\\\/uploads\\\/2024\\\/10\\\/nestea-1.jpg\",\"datePublished\":\"2024-12-10T15:04:59+00:00\",\"dateModified\":\"2024-12-10T15:13:21+00:00\",\"description\":\"Click\u00a0here\u00a0to read the Spanish version. After ending its partnership with Coca-Cola and finalizing an agreement with Damm to produce and distribute Nestea\",\"breadcrumb\":{\"@id\":\"https:\\\/\\\/www.tapasmagazine.es\\\/en\\\/nestle-damm-join-forces-produce-distribute-nestea-in-spain\\\/#breadcrumb\"},\"inLanguage\":\"en-US\",\"potentialAction\":[{\"@type\":\"ReadAction\",\"target\":[\"https:\\\/\\\/www.tapasmagazine.es\\\/en\\\/nestle-damm-join-forces-produce-distribute-nestea-in-spain\\\/\"]}]},{\"@type\":\"ImageObject\",\"inLanguage\":\"en-US\",\"@id\":\"https:\\\/\\\/www.tapasmagazine.es\\\/en\\\/nestle-damm-join-forces-produce-distribute-nestea-in-spain\\\/#primaryimage\",\"url\":\"https:\\\/\\\/www.tapasmagazine.es\\\/wp-content\\\/uploads\\\/2024\\\/10\\\/nestea-1.jpg\",\"contentUrl\":\"https:\\\/\\\/www.tapasmagazine.es\\\/wp-content\\\/uploads\\\/2024\\\/10\\\/nestea-1.jpg\",\"width\":1200,\"height\":675},{\"@type\":\"BreadcrumbList\",\"@id\":\"https:\\\/\\\/www.tapasmagazine.es\\\/en\\\/nestle-damm-join-forces-produce-distribute-nestea-in-spain\\\/#breadcrumb\",\"itemListElement\":[{\"@type\":\"ListItem\",\"position\":1,\"name\":\"Portada\",\"item\":\"https:\\\/\\\/www.tapasmagazine.es\\\/\"},{\"@type\":\"ListItem\",\"position\":2,\"name\":\"Sin categorizar\",\"item\":\"https:\\\/\\\/www.tapasmagazine.es\\\/categorias\\\/sin-categorizar\\\/\"},{\"@type\":\"ListItem\",\"position\":3,\"name\":\"Nestl\u00e9 and Damm join forces to produce and distribute Nestea in Spain\"}]},{\"@type\":\"WebSite\",\"@id\":\"https:\\\/\\\/www.tapasmagazine.es\\\/#website\",\"url\":\"https:\\\/\\\/www.tapasmagazine.es\\\/\",\"name\":\"Tapas\",\"description\":\"\u00d1am \u00d1am Lifestyle. La vida a bocados. Premio Nacional de Gastronom\u00eda 2016.\",\"publisher\":{\"@id\":\"https:\\\/\\\/www.tapasmagazine.es\\\/#organization\"},\"potentialAction\":[{\"@type\":\"SearchAction\",\"target\":{\"@type\":\"EntryPoint\",\"urlTemplate\":\"https:\\\/\\\/www.tapasmagazine.es\\\/?s={search_term_string}\"},\"query-input\":{\"@type\":\"PropertyValueSpecification\",\"valueRequired\":true,\"valueName\":\"search_term_string\"}}],\"inLanguage\":\"en-US\"},{\"@type\":\"Organization\",\"@id\":\"https:\\\/\\\/www.tapasmagazine.es\\\/#organization\",\"name\":\"Tapas Magazine\",\"url\":\"https:\\\/\\\/www.tapasmagazine.es\\\/\",\"logo\":{\"@type\":\"ImageObject\",\"inLanguage\":\"en-US\",\"@id\":\"https:\\\/\\\/www.tapasmagazine.es\\\/#\\\/schema\\\/logo\\\/image\\\/\",\"url\":\"https:\\\/\\\/www.tapasmagazine.es\\\/wp-content\\\/uploads\\\/2018\\\/01\\\/logo.png\",\"contentUrl\":\"https:\\\/\\\/www.tapasmagazine.es\\\/wp-content\\\/uploads\\\/2018\\\/01\\\/logo.png\",\"width\":180,\"height\":60,\"caption\":\"Tapas Magazine\"},\"image\":{\"@id\":\"https:\\\/\\\/www.tapasmagazine.es\\\/#\\\/schema\\\/logo\\\/image\\\/\"},\"sameAs\":[\"https:\\\/\\\/www.facebook.com\\\/tapasmagazine\",\"https:\\\/\\\/x.com\\\/TapasMagazine\",\"https:\\\/\\\/www.instagram.com\\\/tapasmagazine\\\/\",\"https:\\\/\\\/www.linkedin.com\\\/company\\\/tapas-magazine\",\"https:\\\/\\\/es.pinterest.com\\\/tapasmagazine\\\/\",\"https:\\\/\\\/www.youtube.com\\\/channel\\\/UCEyxneAaACuR0lfDagrWjjg?sub_confirmation=1\"]},{\"@type\":\"Person\",\"@id\":\"https:\\\/\\\/www.tapasmagazine.es\\\/#\\\/schema\\\/person\\\/eb46cbe76a9c8f062660eb609e3ecb4e\",\"name\":\"Laura P\u00e9rez\",\"url\":\"https:\\\/\\\/www.tapasmagazine.es\\\/en\\\/author\\\/laura-perez\\\/\"}]}<\/script>\n<!-- \/ Yoast SEO plugin. -->","yoast_head_json":{"title":"Nestl\u00e9 and Damm join forces to produce and distribute Nestea in Spain - Tapas","description":"Click\u00a0here\u00a0to read the Spanish version. After ending its partnership with Coca-Cola and finalizing an agreement with Damm to produce and distribute Nestea","robots":{"index":"index","follow":"follow","max-snippet":"max-snippet:-1","max-image-preview":"max-image-preview:large","max-video-preview":"max-video-preview:-1"},"canonical":"https:\/\/www.tapasmagazine.es\/en\/nestle-damm-join-forces-produce-distribute-nestea-in-spain\/","og_locale":"en_US","og_type":"article","og_title":"Nestl\u00e9 and Damm join forces to produce and distribute Nestea in Spain - Tapas","og_description":"Click\u00a0here\u00a0to read the Spanish version. After ending its partnership with Coca-Cola and finalizing an agreement with Damm to produce and distribute Nestea","og_url":"https:\/\/www.tapasmagazine.es\/en\/nestle-damm-join-forces-produce-distribute-nestea-in-spain\/","og_site_name":"Tapas","article_publisher":"https:\/\/www.facebook.com\/tapasmagazine","article_published_time":"2024-12-10T15:04:59+00:00","article_modified_time":"2024-12-10T15:13:21+00:00","og_image":[{"width":1200,"height":675,"url":"https:\/\/www.tapasmagazine.es\/wp-content\/uploads\/2024\/10\/nestea-1.jpg","type":"image\/jpeg"}],"author":"Laura P\u00e9rez","twitter_card":"summary_large_image","twitter_creator":"@TapasMagazine","twitter_site":"@TapasMagazine","twitter_misc":{"Written by":"Laura P\u00e9rez","Est. reading time":"2 minutes"},"schema":{"@context":"https:\/\/schema.org","@graph":[{"@type":"Article","@id":"https:\/\/www.tapasmagazine.es\/en\/nestle-damm-join-forces-produce-distribute-nestea-in-spain\/#article","isPartOf":{"@id":"https:\/\/www.tapasmagazine.es\/en\/nestle-damm-join-forces-produce-distribute-nestea-in-spain\/"},"author":{"name":"Laura P\u00e9rez","@id":"https:\/\/www.tapasmagazine.es\/#\/schema\/person\/eb46cbe76a9c8f062660eb609e3ecb4e"},"headline":"Nestl\u00e9 and Damm join forces to produce and distribute Nestea in Spain","datePublished":"2024-12-10T15:04:59+00:00","dateModified":"2024-12-10T15:13:21+00:00","mainEntityOfPage":{"@id":"https:\/\/www.tapasmagazine.es\/en\/nestle-damm-join-forces-produce-distribute-nestea-in-spain\/"},"wordCount":355,"publisher":{"@id":"https:\/\/www.tapasmagazine.es\/#organization"},"image":{"@id":"https:\/\/www.tapasmagazine.es\/en\/nestle-damm-join-forces-produce-distribute-nestea-in-spain\/#primaryimage"},"thumbnailUrl":"https:\/\/www.tapasmagazine.es\/wp-content\/uploads\/2024\/10\/nestea-1.jpg","keywords":["Damm","Nestea","Nestl\u00e9"],"articleSection":["News","Sin categorizar"],"inLanguage":"en-US"},{"@type":"WebPage","@id":"https:\/\/www.tapasmagazine.es\/en\/nestle-damm-join-forces-produce-distribute-nestea-in-spain\/","url":"https:\/\/www.tapasmagazine.es\/en\/nestle-damm-join-forces-produce-distribute-nestea-in-spain\/","name":"Nestl\u00e9 and Damm join forces to produce and distribute Nestea in Spain - Tapas","isPartOf":{"@id":"https:\/\/www.tapasmagazine.es\/#website"},"primaryImageOfPage":{"@id":"https:\/\/www.tapasmagazine.es\/en\/nestle-damm-join-forces-produce-distribute-nestea-in-spain\/#primaryimage"},"image":{"@id":"https:\/\/www.tapasmagazine.es\/en\/nestle-damm-join-forces-produce-distribute-nestea-in-spain\/#primaryimage"},"thumbnailUrl":"https:\/\/www.tapasmagazine.es\/wp-content\/uploads\/2024\/10\/nestea-1.jpg","datePublished":"2024-12-10T15:04:59+00:00","dateModified":"2024-12-10T15:13:21+00:00","description":"Click\u00a0here\u00a0to read the Spanish version. After ending its partnership with Coca-Cola and finalizing an agreement with Damm to produce and distribute Nestea","breadcrumb":{"@id":"https:\/\/www.tapasmagazine.es\/en\/nestle-damm-join-forces-produce-distribute-nestea-in-spain\/#breadcrumb"},"inLanguage":"en-US","potentialAction":[{"@type":"ReadAction","target":["https:\/\/www.tapasmagazine.es\/en\/nestle-damm-join-forces-produce-distribute-nestea-in-spain\/"]}]},{"@type":"ImageObject","inLanguage":"en-US","@id":"https:\/\/www.tapasmagazine.es\/en\/nestle-damm-join-forces-produce-distribute-nestea-in-spain\/#primaryimage","url":"https:\/\/www.tapasmagazine.es\/wp-content\/uploads\/2024\/10\/nestea-1.jpg","contentUrl":"https:\/\/www.tapasmagazine.es\/wp-content\/uploads\/2024\/10\/nestea-1.jpg","width":1200,"height":675},{"@type":"BreadcrumbList","@id":"https:\/\/www.tapasmagazine.es\/en\/nestle-damm-join-forces-produce-distribute-nestea-in-spain\/#breadcrumb","itemListElement":[{"@type":"ListItem","position":1,"name":"Portada","item":"https:\/\/www.tapasmagazine.es\/"},{"@type":"ListItem","position":2,"name":"Sin categorizar","item":"https:\/\/www.tapasmagazine.es\/categorias\/sin-categorizar\/"},{"@type":"ListItem","position":3,"name":"Nestl\u00e9 and Damm join forces to produce and distribute Nestea in Spain"}]},{"@type":"WebSite","@id":"https:\/\/www.tapasmagazine.es\/#website","url":"https:\/\/www.tapasmagazine.es\/","name":"Tapas","description":"\u00d1am \u00d1am Lifestyle. La vida a bocados. Premio Nacional de Gastronom\u00eda 2016.","publisher":{"@id":"https:\/\/www.tapasmagazine.es\/#organization"},"potentialAction":[{"@type":"SearchAction","target":{"@type":"EntryPoint","urlTemplate":"https:\/\/www.tapasmagazine.es\/?s={search_term_string}"},"query-input":{"@type":"PropertyValueSpecification","valueRequired":true,"valueName":"search_term_string"}}],"inLanguage":"en-US"},{"@type":"Organization","@id":"https:\/\/www.tapasmagazine.es\/#organization","name":"Tapas Magazine","url":"https:\/\/www.tapasmagazine.es\/","logo":{"@type":"ImageObject","inLanguage":"en-US","@id":"https:\/\/www.tapasmagazine.es\/#\/schema\/logo\/image\/","url":"https:\/\/www.tapasmagazine.es\/wp-content\/uploads\/2018\/01\/logo.png","contentUrl":"https:\/\/www.tapasmagazine.es\/wp-content\/uploads\/2018\/01\/logo.png","width":180,"height":60,"caption":"Tapas Magazine"},"image":{"@id":"https:\/\/www.tapasmagazine.es\/#\/schema\/logo\/image\/"},"sameAs":["https:\/\/www.facebook.com\/tapasmagazine","https:\/\/x.com\/TapasMagazine","https:\/\/www.instagram.com\/tapasmagazine\/","https:\/\/www.linkedin.com\/company\/tapas-magazine","https:\/\/es.pinterest.com\/tapasmagazine\/","https:\/\/www.youtube.com\/channel\/UCEyxneAaACuR0lfDagrWjjg?sub_confirmation=1"]},{"@type":"Person","@id":"https:\/\/www.tapasmagazine.es\/#\/schema\/person\/eb46cbe76a9c8f062660eb609e3ecb4e","name":"Laura P\u00e9rez","url":"https:\/\/www.tapasmagazine.es\/en\/author\/laura-perez\/"}]}},"_links":{"self":[{"href":"https:\/\/www.tapasmagazine.es\/en\/wp-json\/wp\/v2\/posts\/273758","targetHints":{"allow":["GET"]}}],"collection":[{"href":"https:\/\/www.tapasmagazine.es\/en\/wp-json\/wp\/v2\/posts"}],"about":[{"href":"https:\/\/www.tapasmagazine.es\/en\/wp-json\/wp\/v2\/types\/post"}],"author":[{"embeddable":true,"href":"https:\/\/www.tapasmagazine.es\/en\/wp-json\/wp\/v2\/users\/285"}],"replies":[{"embeddable":true,"href":"https:\/\/www.tapasmagazine.es\/en\/wp-json\/wp\/v2\/comments?post=273758"}],"version-history":[{"count":1,"href":"https:\/\/www.tapasmagazine.es\/en\/wp-json\/wp\/v2\/posts\/273758\/revisions"}],"predecessor-version":[{"id":273764,"href":"https:\/\/www.tapasmagazine.es\/en\/wp-json\/wp\/v2\/posts\/273758\/revisions\/273764"}],"wp:featuredmedia":[{"embeddable":true,"href":"https:\/\/www.tapasmagazine.es\/en\/wp-json\/wp\/v2\/media\/265875"}],"wp:attachment":[{"href":"https:\/\/www.tapasmagazine.es\/en\/wp-json\/wp\/v2\/media?parent=273758"}],"wp:term":[{"taxonomy":"category","embeddable":true,"href":"https:\/\/www.tapasmagazine.es\/en\/wp-json\/wp\/v2\/categories?post=273758"},{"taxonomy":"post_tag","embeddable":true,"href":"https:\/\/www.tapasmagazine.es\/en\/wp-json\/wp\/v2\/tags?post=273758"}],"curies":[{"name":"wp","href":"https:\/\/api.w.org\/{rel}","templated":true}]}}