{"id":272997,"date":"2024-12-02T11:25:14","date_gmt":"2024-12-02T10:25:14","guid":{"rendered":"https:\/\/www.tapasmagazine.es\/andres-velencoso-fusiona-la-moda-y-la-mixologia-en-su-nuevo-pack-navideno\/"},"modified":"2024-12-02T11:30:10","modified_gmt":"2024-12-02T10:30:10","slug":"andres-velencoso-fusiona-la-moda-y-la-mixologia-en-su-nuevo-pack-navideno","status":"publish","type":"post","link":"https:\/\/www.tapasmagazine.es\/en\/andres-velencoso-fusiona-la-moda-y-la-mixologia-en-su-nuevo-pack-navideno\/","title":{"rendered":"Andr\u00e9s Velencoso fuses fashion and mixology in his new Christmas package"},"content":{"rendered":"\n<p><strong>Click\u00a0<a href=\"https:\/\/www.tapasmagazine.es\/andres-velencoso-fusiona-la-moda-y-la-mixologia-en-su-nuevo-pack-navideno\/\" target=\"_blank\" rel=\"noreferrer noopener\">here<\/a>\u00a0to read the Spanish version.<\/strong><\/p>\n\n\n\n<p>The story of <strong>Andr\u00e9s Velencoso x Martin Miller&#8217;s Gin<\/strong> continues with a new journey in which they present &#8216;<strong>Lopapeysa<\/strong>&#8216;, a pack composed of the traditional Icelandic sweater inspired by their traditional handmade borders.<\/p>\n\n\n\n<p>What is presented as the new must-have for fashion and mixology lovers is inspired by Miller&#8217;s search for perfection when creating his<strong> gin<\/strong>; after a separate distillation process of his botanicals, with the purest water he could find, that of Iceland. Now, its bottle and <strong>sweater <\/strong>are presented as the two great symbols of Iceland to give to your loved ones this Christmas.<\/p>\n\n\n\n<figure class=\"wp-block-gallery has-nested-images columns-default is-cropped wp-block-gallery-1 is-layout-flex wp-block-gallery-is-layout-flex\">\n<figure class=\"wp-block-image size-large\"><img decoding=\"async\" width=\"683\" height=\"1024\" data-id=\"272917\" src=\"https:\/\/www.tapasmagazine.es\/wp-content\/uploads\/2024\/11\/731689_638682960304799052-683x1024.jpg\" alt=\"\" class=\"wp-image-272917\" srcset=\"https:\/\/www.tapasmagazine.es\/wp-content\/uploads\/2024\/11\/731689_638682960304799052-683x1024.jpg 683w, https:\/\/www.tapasmagazine.es\/wp-content\/uploads\/2024\/11\/731689_638682960304799052-200x300.jpg 200w, https:\/\/www.tapasmagazine.es\/wp-content\/uploads\/2024\/11\/731689_638682960304799052-768x1152.jpg 768w, https:\/\/www.tapasmagazine.es\/wp-content\/uploads\/2024\/11\/731689_638682960304799052-400x600.jpg 400w, https:\/\/www.tapasmagazine.es\/wp-content\/uploads\/2024\/11\/731689_638682960304799052.jpg 1000w\" sizes=\"(max-width: 683px) 100vw, 683px\" \/><\/figure>\n\n\n\n<figure class=\"wp-block-image size-large\"><img decoding=\"async\" width=\"683\" height=\"1024\" data-id=\"272915\" src=\"https:\/\/www.tapasmagazine.es\/wp-content\/uploads\/2024\/11\/731691_638682962619739638-683x1024.jpg\" alt=\"\" class=\"wp-image-272915\" srcset=\"https:\/\/www.tapasmagazine.es\/wp-content\/uploads\/2024\/11\/731691_638682962619739638-683x1024.jpg 683w, https:\/\/www.tapasmagazine.es\/wp-content\/uploads\/2024\/11\/731691_638682962619739638-200x300.jpg 200w, https:\/\/www.tapasmagazine.es\/wp-content\/uploads\/2024\/11\/731691_638682962619739638-768x1152.jpg 768w, https:\/\/www.tapasmagazine.es\/wp-content\/uploads\/2024\/11\/731691_638682962619739638-400x600.jpg 400w, https:\/\/www.tapasmagazine.es\/wp-content\/uploads\/2024\/11\/731691_638682962619739638.jpg 1000w\" sizes=\"(max-width: 683px) 100vw, 683px\" \/><\/figure>\n<\/figure>\n\n\n\n<p>For this special edition, <strong>Martin Miller&#8217;s Gin<\/strong> wanted to highlight the origin of the purest water in the world with a winter piece designed by <strong>Andr\u00e9s Velencoso<\/strong>, sheathed in the representative tones of the gin brand&#8217;s bottle.<\/p>\n\n\n\n<p>In addition to the creative direction of the project, and as part of the collaboration that began last October, the actor has starred in a series of contents in which he reflects on his own journey in parallel to the ideals he shares with the gin brand: from the search for a better future when making the decision to move to the other side of the Atlantic, to the decision to believe in his personal project, while seeking balance with the different facets of his life.<\/p>\n\n\n\n<p>The <strong>Lopapeysa x Martin Miller&#8217;s Gin <\/strong>Special Edition pack, which includes the <strong>Martin Miller&#8217;s Gin Original bottle<\/strong>, is now available in the Martin Miller&#8217;s Gin store on <strong> <a href=\"https:\/\/www.amazon.es\/dp\/B0DNZT71HS\/ref=sr_1_3?dib=eyJ2IjoiMSJ9.GsrBVAKN2Kv3hRXgkrcNrjIzYTGbkSzz_KAtM22WidL_6gX8NOfJEavD8tZ4mPvRWso-xjUn5VpBwjLzVAzgygEpgMPLNbHtd3AcWtb4yxoIwly0nfCZidxSRUzHC5QUMJDQFcdTxE4XMQ0jCsr22D4CwJRs5GdMOFniSIjZxEFI1ET-G26YeJ8S2UAMMQYW3mpP-hRM73xchwXSc02x4g.0OVTqgTN4A0-vWTFpNmooy5MBK_vcXxHLrFYO-2U7JA&amp;dib_tag=se&amp;keywords=lopapeysa&amp;nsdOptOutParam=true&amp;qid=1732871887&amp;sr=8-3\" target=\"_blank\" rel=\"noreferrer noopener\">Amazon<\/a><\/strong>.<\/p>\n","protected":false},"excerpt":{"rendered":"<p>Click\u00a0here\u00a0to read the Spanish version. The story of Andr\u00e9s Velencoso x Martin Miller&#8217;s Gin continues with a new journey in which they present &#8216;Lopapeysa&#8216;, a pack composed of the traditional Icelandic sweater inspired by their traditional handmade borders. What is presented as the new must-have for fashion and mixology lovers is inspired by Miller&#8217;s search [&hellip;]<\/p>\n","protected":false},"author":285,"featured_media":272921,"comment_status":"closed","ping_status":"closed","sticky":false,"template":"","format":"standard","meta":{"_acf_changed":false,"footnotes":""},"categories":[15847,15910,1],"tags":[19378,19379],"class_list":["post-272997","post","type-post","status-publish","format-standard","has-post-thumbnail","hentry","category-bebidas-en","category-personajes-en","category-sin-categorizar","tag-ginebra-en","tag-martin-millers-gin-en","cat-15847-id","cat-15910-id","cat-1-id"],"acf":[],"yoast_head":"<!-- This site is optimized with the Yoast SEO plugin v27.4 - https:\/\/yoast.com\/product\/yoast-seo-wordpress\/ -->\n<title>Andr\u00e9s Velencoso fuses fashion and mixology in his new Christmas package - Tapas<\/title>\n<meta name=\"description\" content=\"Click\u00a0here\u00a0to read the Spanish version. The story of Andr\u00e9s Velencoso x Martin Miller&#039;s Gin continues with a new journey in which they present\" \/>\n<meta name=\"robots\" content=\"index, follow, max-snippet:-1, max-image-preview:large, max-video-preview:-1\" \/>\n<link rel=\"canonical\" href=\"https:\/\/www.tapasmagazine.es\/en\/andres-velencoso-fusiona-la-moda-y-la-mixologia-en-su-nuevo-pack-navideno\/\" \/>\n<meta property=\"og:locale\" content=\"en_US\" \/>\n<meta property=\"og:type\" content=\"article\" \/>\n<meta property=\"og:title\" content=\"Andr\u00e9s Velencoso fuses fashion and mixology in his new Christmas package - Tapas\" \/>\n<meta property=\"og:description\" content=\"Click\u00a0here\u00a0to read the Spanish version. The story of Andr\u00e9s Velencoso x Martin Miller&#039;s Gin continues with a new journey in which they present\" \/>\n<meta property=\"og:url\" content=\"https:\/\/www.tapasmagazine.es\/en\/andres-velencoso-fusiona-la-moda-y-la-mixologia-en-su-nuevo-pack-navideno\/\" \/>\n<meta property=\"og:site_name\" content=\"Tapas\" \/>\n<meta property=\"article:publisher\" content=\"https:\/\/www.facebook.com\/tapasmagazine\" \/>\n<meta property=\"article:published_time\" content=\"2024-12-02T10:25:14+00:00\" \/>\n<meta property=\"article:modified_time\" content=\"2024-12-02T10:30:10+00:00\" \/>\n<meta property=\"og:image\" content=\"https:\/\/www.tapasmagazine.es\/wp-content\/uploads\/2024\/11\/bn-2.jpg\" \/>\n\t<meta property=\"og:image:width\" content=\"1200\" \/>\n\t<meta property=\"og:image:height\" content=\"675\" \/>\n\t<meta property=\"og:image:type\" content=\"image\/jpeg\" \/>\n<meta name=\"author\" content=\"Laura P\u00e9rez\" \/>\n<meta name=\"twitter:card\" content=\"summary_large_image\" \/>\n<meta name=\"twitter:creator\" content=\"@TapasMagazine\" \/>\n<meta name=\"twitter:site\" content=\"@TapasMagazine\" \/>\n<meta name=\"twitter:label1\" content=\"Written by\" \/>\n\t<meta name=\"twitter:data1\" content=\"Laura P\u00e9rez\" \/>\n\t<meta name=\"twitter:label2\" content=\"Est. reading time\" \/>\n\t<meta name=\"twitter:data2\" content=\"2 minutes\" \/>\n<script type=\"application\/ld+json\" class=\"yoast-schema-graph\">{\"@context\":\"https:\\\/\\\/schema.org\",\"@graph\":[{\"@type\":\"Article\",\"@id\":\"https:\\\/\\\/www.tapasmagazine.es\\\/en\\\/andres-velencoso-fusiona-la-moda-y-la-mixologia-en-su-nuevo-pack-navideno\\\/#article\",\"isPartOf\":{\"@id\":\"https:\\\/\\\/www.tapasmagazine.es\\\/en\\\/andres-velencoso-fusiona-la-moda-y-la-mixologia-en-su-nuevo-pack-navideno\\\/\"},\"author\":{\"name\":\"Laura P\u00e9rez\",\"@id\":\"https:\\\/\\\/www.tapasmagazine.es\\\/#\\\/schema\\\/person\\\/eb46cbe76a9c8f062660eb609e3ecb4e\"},\"headline\":\"Andr\u00e9s Velencoso fuses fashion and mixology in his new Christmas package\",\"datePublished\":\"2024-12-02T10:25:14+00:00\",\"dateModified\":\"2024-12-02T10:30:10+00:00\",\"mainEntityOfPage\":{\"@id\":\"https:\\\/\\\/www.tapasmagazine.es\\\/en\\\/andres-velencoso-fusiona-la-moda-y-la-mixologia-en-su-nuevo-pack-navideno\\\/\"},\"wordCount\":275,\"publisher\":{\"@id\":\"https:\\\/\\\/www.tapasmagazine.es\\\/#organization\"},\"image\":{\"@id\":\"https:\\\/\\\/www.tapasmagazine.es\\\/en\\\/andres-velencoso-fusiona-la-moda-y-la-mixologia-en-su-nuevo-pack-navideno\\\/#primaryimage\"},\"thumbnailUrl\":\"https:\\\/\\\/www.tapasmagazine.es\\\/wp-content\\\/uploads\\\/2024\\\/11\\\/bn-2.jpg\",\"keywords\":[\"ginebra\",\"Martin Miller\u2019s Gin\"],\"articleSection\":[\"Bebidas\",\"Personajes\",\"Sin categorizar\"],\"inLanguage\":\"en-US\"},{\"@type\":\"WebPage\",\"@id\":\"https:\\\/\\\/www.tapasmagazine.es\\\/en\\\/andres-velencoso-fusiona-la-moda-y-la-mixologia-en-su-nuevo-pack-navideno\\\/\",\"url\":\"https:\\\/\\\/www.tapasmagazine.es\\\/en\\\/andres-velencoso-fusiona-la-moda-y-la-mixologia-en-su-nuevo-pack-navideno\\\/\",\"name\":\"Andr\u00e9s Velencoso fuses fashion and mixology in his new Christmas package - Tapas\",\"isPartOf\":{\"@id\":\"https:\\\/\\\/www.tapasmagazine.es\\\/#website\"},\"primaryImageOfPage\":{\"@id\":\"https:\\\/\\\/www.tapasmagazine.es\\\/en\\\/andres-velencoso-fusiona-la-moda-y-la-mixologia-en-su-nuevo-pack-navideno\\\/#primaryimage\"},\"image\":{\"@id\":\"https:\\\/\\\/www.tapasmagazine.es\\\/en\\\/andres-velencoso-fusiona-la-moda-y-la-mixologia-en-su-nuevo-pack-navideno\\\/#primaryimage\"},\"thumbnailUrl\":\"https:\\\/\\\/www.tapasmagazine.es\\\/wp-content\\\/uploads\\\/2024\\\/11\\\/bn-2.jpg\",\"datePublished\":\"2024-12-02T10:25:14+00:00\",\"dateModified\":\"2024-12-02T10:30:10+00:00\",\"description\":\"Click\u00a0here\u00a0to read the Spanish version. The story of Andr\u00e9s Velencoso x Martin Miller's Gin continues with a new journey in which they present\",\"breadcrumb\":{\"@id\":\"https:\\\/\\\/www.tapasmagazine.es\\\/en\\\/andres-velencoso-fusiona-la-moda-y-la-mixologia-en-su-nuevo-pack-navideno\\\/#breadcrumb\"},\"inLanguage\":\"en-US\",\"potentialAction\":[{\"@type\":\"ReadAction\",\"target\":[\"https:\\\/\\\/www.tapasmagazine.es\\\/en\\\/andres-velencoso-fusiona-la-moda-y-la-mixologia-en-su-nuevo-pack-navideno\\\/\"]}]},{\"@type\":\"ImageObject\",\"inLanguage\":\"en-US\",\"@id\":\"https:\\\/\\\/www.tapasmagazine.es\\\/en\\\/andres-velencoso-fusiona-la-moda-y-la-mixologia-en-su-nuevo-pack-navideno\\\/#primaryimage\",\"url\":\"https:\\\/\\\/www.tapasmagazine.es\\\/wp-content\\\/uploads\\\/2024\\\/11\\\/bn-2.jpg\",\"contentUrl\":\"https:\\\/\\\/www.tapasmagazine.es\\\/wp-content\\\/uploads\\\/2024\\\/11\\\/bn-2.jpg\",\"width\":1200,\"height\":675},{\"@type\":\"BreadcrumbList\",\"@id\":\"https:\\\/\\\/www.tapasmagazine.es\\\/en\\\/andres-velencoso-fusiona-la-moda-y-la-mixologia-en-su-nuevo-pack-navideno\\\/#breadcrumb\",\"itemListElement\":[{\"@type\":\"ListItem\",\"position\":1,\"name\":\"Portada\",\"item\":\"https:\\\/\\\/www.tapasmagazine.es\\\/\"},{\"@type\":\"ListItem\",\"position\":2,\"name\":\"Sin categorizar\",\"item\":\"https:\\\/\\\/www.tapasmagazine.es\\\/categorias\\\/sin-categorizar\\\/\"},{\"@type\":\"ListItem\",\"position\":3,\"name\":\"Andr\u00e9s Velencoso fuses fashion and mixology in his new Christmas package\"}]},{\"@type\":\"WebSite\",\"@id\":\"https:\\\/\\\/www.tapasmagazine.es\\\/#website\",\"url\":\"https:\\\/\\\/www.tapasmagazine.es\\\/\",\"name\":\"Tapas\",\"description\":\"\u00d1am \u00d1am Lifestyle. La vida a bocados. Premio Nacional de Gastronom\u00eda 2016.\",\"publisher\":{\"@id\":\"https:\\\/\\\/www.tapasmagazine.es\\\/#organization\"},\"potentialAction\":[{\"@type\":\"SearchAction\",\"target\":{\"@type\":\"EntryPoint\",\"urlTemplate\":\"https:\\\/\\\/www.tapasmagazine.es\\\/?s={search_term_string}\"},\"query-input\":{\"@type\":\"PropertyValueSpecification\",\"valueRequired\":true,\"valueName\":\"search_term_string\"}}],\"inLanguage\":\"en-US\"},{\"@type\":\"Organization\",\"@id\":\"https:\\\/\\\/www.tapasmagazine.es\\\/#organization\",\"name\":\"Tapas Magazine\",\"url\":\"https:\\\/\\\/www.tapasmagazine.es\\\/\",\"logo\":{\"@type\":\"ImageObject\",\"inLanguage\":\"en-US\",\"@id\":\"https:\\\/\\\/www.tapasmagazine.es\\\/#\\\/schema\\\/logo\\\/image\\\/\",\"url\":\"https:\\\/\\\/www.tapasmagazine.es\\\/wp-content\\\/uploads\\\/2018\\\/01\\\/logo.png\",\"contentUrl\":\"https:\\\/\\\/www.tapasmagazine.es\\\/wp-content\\\/uploads\\\/2018\\\/01\\\/logo.png\",\"width\":180,\"height\":60,\"caption\":\"Tapas Magazine\"},\"image\":{\"@id\":\"https:\\\/\\\/www.tapasmagazine.es\\\/#\\\/schema\\\/logo\\\/image\\\/\"},\"sameAs\":[\"https:\\\/\\\/www.facebook.com\\\/tapasmagazine\",\"https:\\\/\\\/x.com\\\/TapasMagazine\",\"https:\\\/\\\/www.instagram.com\\\/tapasmagazine\\\/\",\"https:\\\/\\\/www.linkedin.com\\\/company\\\/tapas-magazine\",\"https:\\\/\\\/es.pinterest.com\\\/tapasmagazine\\\/\",\"https:\\\/\\\/www.youtube.com\\\/channel\\\/UCEyxneAaACuR0lfDagrWjjg?sub_confirmation=1\"]},{\"@type\":\"Person\",\"@id\":\"https:\\\/\\\/www.tapasmagazine.es\\\/#\\\/schema\\\/person\\\/eb46cbe76a9c8f062660eb609e3ecb4e\",\"name\":\"Laura P\u00e9rez\",\"url\":\"https:\\\/\\\/www.tapasmagazine.es\\\/en\\\/author\\\/laura-perez\\\/\"}]}<\/script>\n<!-- \/ Yoast SEO plugin. -->","yoast_head_json":{"title":"Andr\u00e9s Velencoso fuses fashion and mixology in his new Christmas package - Tapas","description":"Click\u00a0here\u00a0to read the Spanish version. The story of Andr\u00e9s Velencoso x Martin Miller's Gin continues with a new journey in which they present","robots":{"index":"index","follow":"follow","max-snippet":"max-snippet:-1","max-image-preview":"max-image-preview:large","max-video-preview":"max-video-preview:-1"},"canonical":"https:\/\/www.tapasmagazine.es\/en\/andres-velencoso-fusiona-la-moda-y-la-mixologia-en-su-nuevo-pack-navideno\/","og_locale":"en_US","og_type":"article","og_title":"Andr\u00e9s Velencoso fuses fashion and mixology in his new Christmas package - Tapas","og_description":"Click\u00a0here\u00a0to read the Spanish version. The story of Andr\u00e9s Velencoso x Martin Miller's Gin continues with a new journey in which they present","og_url":"https:\/\/www.tapasmagazine.es\/en\/andres-velencoso-fusiona-la-moda-y-la-mixologia-en-su-nuevo-pack-navideno\/","og_site_name":"Tapas","article_publisher":"https:\/\/www.facebook.com\/tapasmagazine","article_published_time":"2024-12-02T10:25:14+00:00","article_modified_time":"2024-12-02T10:30:10+00:00","og_image":[{"width":1200,"height":675,"url":"https:\/\/www.tapasmagazine.es\/wp-content\/uploads\/2024\/11\/bn-2.jpg","type":"image\/jpeg"}],"author":"Laura P\u00e9rez","twitter_card":"summary_large_image","twitter_creator":"@TapasMagazine","twitter_site":"@TapasMagazine","twitter_misc":{"Written by":"Laura P\u00e9rez","Est. reading time":"2 minutes"},"schema":{"@context":"https:\/\/schema.org","@graph":[{"@type":"Article","@id":"https:\/\/www.tapasmagazine.es\/en\/andres-velencoso-fusiona-la-moda-y-la-mixologia-en-su-nuevo-pack-navideno\/#article","isPartOf":{"@id":"https:\/\/www.tapasmagazine.es\/en\/andres-velencoso-fusiona-la-moda-y-la-mixologia-en-su-nuevo-pack-navideno\/"},"author":{"name":"Laura P\u00e9rez","@id":"https:\/\/www.tapasmagazine.es\/#\/schema\/person\/eb46cbe76a9c8f062660eb609e3ecb4e"},"headline":"Andr\u00e9s Velencoso fuses fashion and mixology in his new Christmas package","datePublished":"2024-12-02T10:25:14+00:00","dateModified":"2024-12-02T10:30:10+00:00","mainEntityOfPage":{"@id":"https:\/\/www.tapasmagazine.es\/en\/andres-velencoso-fusiona-la-moda-y-la-mixologia-en-su-nuevo-pack-navideno\/"},"wordCount":275,"publisher":{"@id":"https:\/\/www.tapasmagazine.es\/#organization"},"image":{"@id":"https:\/\/www.tapasmagazine.es\/en\/andres-velencoso-fusiona-la-moda-y-la-mixologia-en-su-nuevo-pack-navideno\/#primaryimage"},"thumbnailUrl":"https:\/\/www.tapasmagazine.es\/wp-content\/uploads\/2024\/11\/bn-2.jpg","keywords":["ginebra","Martin Miller\u2019s Gin"],"articleSection":["Bebidas","Personajes","Sin categorizar"],"inLanguage":"en-US"},{"@type":"WebPage","@id":"https:\/\/www.tapasmagazine.es\/en\/andres-velencoso-fusiona-la-moda-y-la-mixologia-en-su-nuevo-pack-navideno\/","url":"https:\/\/www.tapasmagazine.es\/en\/andres-velencoso-fusiona-la-moda-y-la-mixologia-en-su-nuevo-pack-navideno\/","name":"Andr\u00e9s Velencoso fuses fashion and mixology in his new Christmas package - Tapas","isPartOf":{"@id":"https:\/\/www.tapasmagazine.es\/#website"},"primaryImageOfPage":{"@id":"https:\/\/www.tapasmagazine.es\/en\/andres-velencoso-fusiona-la-moda-y-la-mixologia-en-su-nuevo-pack-navideno\/#primaryimage"},"image":{"@id":"https:\/\/www.tapasmagazine.es\/en\/andres-velencoso-fusiona-la-moda-y-la-mixologia-en-su-nuevo-pack-navideno\/#primaryimage"},"thumbnailUrl":"https:\/\/www.tapasmagazine.es\/wp-content\/uploads\/2024\/11\/bn-2.jpg","datePublished":"2024-12-02T10:25:14+00:00","dateModified":"2024-12-02T10:30:10+00:00","description":"Click\u00a0here\u00a0to read the Spanish version. The story of Andr\u00e9s Velencoso x Martin Miller's Gin continues with a new journey in which they present","breadcrumb":{"@id":"https:\/\/www.tapasmagazine.es\/en\/andres-velencoso-fusiona-la-moda-y-la-mixologia-en-su-nuevo-pack-navideno\/#breadcrumb"},"inLanguage":"en-US","potentialAction":[{"@type":"ReadAction","target":["https:\/\/www.tapasmagazine.es\/en\/andres-velencoso-fusiona-la-moda-y-la-mixologia-en-su-nuevo-pack-navideno\/"]}]},{"@type":"ImageObject","inLanguage":"en-US","@id":"https:\/\/www.tapasmagazine.es\/en\/andres-velencoso-fusiona-la-moda-y-la-mixologia-en-su-nuevo-pack-navideno\/#primaryimage","url":"https:\/\/www.tapasmagazine.es\/wp-content\/uploads\/2024\/11\/bn-2.jpg","contentUrl":"https:\/\/www.tapasmagazine.es\/wp-content\/uploads\/2024\/11\/bn-2.jpg","width":1200,"height":675},{"@type":"BreadcrumbList","@id":"https:\/\/www.tapasmagazine.es\/en\/andres-velencoso-fusiona-la-moda-y-la-mixologia-en-su-nuevo-pack-navideno\/#breadcrumb","itemListElement":[{"@type":"ListItem","position":1,"name":"Portada","item":"https:\/\/www.tapasmagazine.es\/"},{"@type":"ListItem","position":2,"name":"Sin categorizar","item":"https:\/\/www.tapasmagazine.es\/categorias\/sin-categorizar\/"},{"@type":"ListItem","position":3,"name":"Andr\u00e9s Velencoso fuses fashion and mixology in his new Christmas package"}]},{"@type":"WebSite","@id":"https:\/\/www.tapasmagazine.es\/#website","url":"https:\/\/www.tapasmagazine.es\/","name":"Tapas","description":"\u00d1am \u00d1am Lifestyle. La vida a bocados. Premio Nacional de Gastronom\u00eda 2016.","publisher":{"@id":"https:\/\/www.tapasmagazine.es\/#organization"},"potentialAction":[{"@type":"SearchAction","target":{"@type":"EntryPoint","urlTemplate":"https:\/\/www.tapasmagazine.es\/?s={search_term_string}"},"query-input":{"@type":"PropertyValueSpecification","valueRequired":true,"valueName":"search_term_string"}}],"inLanguage":"en-US"},{"@type":"Organization","@id":"https:\/\/www.tapasmagazine.es\/#organization","name":"Tapas Magazine","url":"https:\/\/www.tapasmagazine.es\/","logo":{"@type":"ImageObject","inLanguage":"en-US","@id":"https:\/\/www.tapasmagazine.es\/#\/schema\/logo\/image\/","url":"https:\/\/www.tapasmagazine.es\/wp-content\/uploads\/2018\/01\/logo.png","contentUrl":"https:\/\/www.tapasmagazine.es\/wp-content\/uploads\/2018\/01\/logo.png","width":180,"height":60,"caption":"Tapas Magazine"},"image":{"@id":"https:\/\/www.tapasmagazine.es\/#\/schema\/logo\/image\/"},"sameAs":["https:\/\/www.facebook.com\/tapasmagazine","https:\/\/x.com\/TapasMagazine","https:\/\/www.instagram.com\/tapasmagazine\/","https:\/\/www.linkedin.com\/company\/tapas-magazine","https:\/\/es.pinterest.com\/tapasmagazine\/","https:\/\/www.youtube.com\/channel\/UCEyxneAaACuR0lfDagrWjjg?sub_confirmation=1"]},{"@type":"Person","@id":"https:\/\/www.tapasmagazine.es\/#\/schema\/person\/eb46cbe76a9c8f062660eb609e3ecb4e","name":"Laura P\u00e9rez","url":"https:\/\/www.tapasmagazine.es\/en\/author\/laura-perez\/"}]}},"_links":{"self":[{"href":"https:\/\/www.tapasmagazine.es\/en\/wp-json\/wp\/v2\/posts\/272997","targetHints":{"allow":["GET"]}}],"collection":[{"href":"https:\/\/www.tapasmagazine.es\/en\/wp-json\/wp\/v2\/posts"}],"about":[{"href":"https:\/\/www.tapasmagazine.es\/en\/wp-json\/wp\/v2\/types\/post"}],"author":[{"embeddable":true,"href":"https:\/\/www.tapasmagazine.es\/en\/wp-json\/wp\/v2\/users\/285"}],"replies":[{"embeddable":true,"href":"https:\/\/www.tapasmagazine.es\/en\/wp-json\/wp\/v2\/comments?post=272997"}],"version-history":[{"count":2,"href":"https:\/\/www.tapasmagazine.es\/en\/wp-json\/wp\/v2\/posts\/272997\/revisions"}],"predecessor-version":[{"id":273002,"href":"https:\/\/www.tapasmagazine.es\/en\/wp-json\/wp\/v2\/posts\/272997\/revisions\/273002"}],"wp:featuredmedia":[{"embeddable":true,"href":"https:\/\/www.tapasmagazine.es\/en\/wp-json\/wp\/v2\/media\/272921"}],"wp:attachment":[{"href":"https:\/\/www.tapasmagazine.es\/en\/wp-json\/wp\/v2\/media?parent=272997"}],"wp:term":[{"taxonomy":"category","embeddable":true,"href":"https:\/\/www.tapasmagazine.es\/en\/wp-json\/wp\/v2\/categories?post=272997"},{"taxonomy":"post_tag","embeddable":true,"href":"https:\/\/www.tapasmagazine.es\/en\/wp-json\/wp\/v2\/tags?post=272997"}],"curies":[{"name":"wp","href":"https:\/\/api.w.org\/{rel}","templated":true}]}}