{"id":272652,"date":"2024-11-27T11:58:28","date_gmt":"2024-11-27T10:58:28","guid":{"rendered":"https:\/\/www.tapasmagazine.es\/matthew-mcconaughey-viraliza-su-comida-favorita\/"},"modified":"2024-11-27T12:03:19","modified_gmt":"2024-11-27T11:03:19","slug":"matthew-mcconaughey-goes-viral-with-his-favorite-food","status":"publish","type":"post","link":"https:\/\/www.tapasmagazine.es\/en\/matthew-mcconaughey-goes-viral-with-his-favorite-food\/","title":{"rendered":"Matthew McConaughey goes viral with his favorite food"},"content":{"rendered":"\n<p><strong>Click\u00a0<a href=\"https:\/\/www.tapasmagazine.es\/matthew-mcconaughey-viraliza-su-comida-favorita\/\" target=\"_blank\" rel=\"noreferrer noopener\">here<\/a>\u00a0to read the Spanish version.<\/strong><\/p>\n\n\n\n<p>In a recent episode of the &#8216;<strong>2 Bears, 1 Cave<\/strong>&#8216; podcast, <strong>Matthew McConaughey<\/strong> revealed what his favorite food was. &#8216;I&#8217;m a tuna salad master.&#8217; &#8216;Every Sunday night, I clean out the fridge [and] make it.&#8217;<\/p>\n\n\n\n<p><strong>Matthew<\/strong> has thus self-proclaimed himself as the great salad guru for his &#8216;star recipe&#8217; with tuna, peas and wasabi, which his own wife<strong> Camila <\/strong>has opined is &#8216;great&#8217; and awaits some secret ingredients that he did not want to reveal.<\/p>\n\n\n<div class=\"wp-block-image\">\n<figure class=\"aligncenter size-large is-resized\"><img decoding=\"async\" width=\"1004\" height=\"1024\" src=\"https:\/\/www.tapasmagazine.es\/wp-content\/uploads\/2024\/11\/camila-McConaughey-crock-pot-112524-9ebe96afd699449b81fcb6c57718a962-1004x1024.jpg\" alt=\"\" class=\"wp-image-272644\" style=\"width:856px;height:auto\" srcset=\"https:\/\/www.tapasmagazine.es\/wp-content\/uploads\/2024\/11\/camila-McConaughey-crock-pot-112524-9ebe96afd699449b81fcb6c57718a962-1004x1024.jpg 1004w, https:\/\/www.tapasmagazine.es\/wp-content\/uploads\/2024\/11\/camila-McConaughey-crock-pot-112524-9ebe96afd699449b81fcb6c57718a962-294x300.jpg 294w, https:\/\/www.tapasmagazine.es\/wp-content\/uploads\/2024\/11\/camila-McConaughey-crock-pot-112524-9ebe96afd699449b81fcb6c57718a962-768x783.jpg 768w, https:\/\/www.tapasmagazine.es\/wp-content\/uploads\/2024\/11\/camila-McConaughey-crock-pot-112524-9ebe96afd699449b81fcb6c57718a962-1000x1020.jpg 1000w, https:\/\/www.tapasmagazine.es\/wp-content\/uploads\/2024\/11\/camila-McConaughey-crock-pot-112524-9ebe96afd699449b81fcb6c57718a962-400x408.jpg 400w, https:\/\/www.tapasmagazine.es\/wp-content\/uploads\/2024\/11\/camila-McConaughey-crock-pot-112524-9ebe96afd699449b81fcb6c57718a962.jpg 1300w\" sizes=\"(max-width: 1004px) 100vw, 1004px\" \/><\/figure>\n<\/div>\n\n\n<p>&#8216;He is a master of tuna salad. Anyone who tries to replicate, it doesn&#8217;t even come close,&#8217; said Camila. &#8216;But it&#8217;s not just a traditional tuna salad. He puts all kinds of things in it. I don&#8217;t want to give away his secrets because I don&#8217;t know what he&#8217;s shared.&#8217;<\/p>\n\n\n\n<h2 class=\"wp-block-heading\">The recipe<\/h2>\n\n\n\n<p>To carry it out, the base has to be a &#8216;<strong>good tuna<\/strong>&#8216;, according to the star of &#8216;Interstellar&#8217;, to which she adds a touch of lemon and vinegar. He then enhances the flavor of the tuna with a mixture of wasabi mayonnaise.<\/p>\n\n\n\n<figure class=\"wp-block-embed is-type-video is-provider-youtube wp-block-embed-youtube wp-embed-aspect-16-9 wp-has-aspect-ratio\"><div class=\"wp-block-embed__wrapper\">\n<iframe title=\"Matthew McConaughey Is The Coolest Dude In Texas | 2 Bears, 1 Cave\" width=\"640\" height=\"360\" src=\"https:\/\/www.youtube.com\/embed\/8hWMoM8-hG0?start=4615&#038;feature=oembed\" frameborder=\"0\" allow=\"accelerometer; autoplay; clipboard-write; encrypted-media; gyroscope; picture-in-picture; web-share\" referrerpolicy=\"strict-origin-when-cross-origin\" allowfullscreen><\/iframe>\n<\/div><\/figure>\n\n\n\n<p>After adding a bit of Italian dressing, the interpreter makes it unique with chopped red onions and thinly sliced dill pickles. He intensifies it all with a little spice: crunchy jalape\u00f1o chips, a little apple to sweeten it up, and a touch of agave and corn. Finally, he throws frozen green peas into the mix.<\/p>\n\n\n\n<p><strong>McConaughey<\/strong> recommends <strong>eating this tuna salad the next day<\/strong>, once all the flavors have melded and balanced the saltiness and spiciness harmoniously.<\/p>\n","protected":false},"excerpt":{"rendered":"<p>Click\u00a0here\u00a0to read the Spanish version. In a recent episode of the &#8216;2 Bears, 1 Cave&#8216; podcast, Matthew McConaughey revealed what his favorite food was. &#8216;I&#8217;m a tuna salad master.&#8217; &#8216;Every Sunday night, I clean out the fridge [and] make it.&#8217; Matthew has thus self-proclaimed himself as the great salad guru for his &#8216;star recipe&#8217; with [&hellip;]<\/p>\n","protected":false},"author":285,"featured_media":272642,"comment_status":"closed","ping_status":"closed","sticky":false,"template":"","format":"standard","meta":{"_acf_changed":false,"footnotes":""},"categories":[15910,15965,1],"tags":[18781,18178],"class_list":["post-272652","post","type-post","status-publish","format-standard","has-post-thumbnail","hentry","category-personajes-en","category-recetas-en","category-sin-categorizar","tag-matthew-mcconaughey-en","tag-receta-en","cat-15910-id","cat-15965-id","cat-1-id"],"acf":[],"yoast_head":"<!-- This site is optimized with the Yoast SEO plugin v27.4 - https:\/\/yoast.com\/product\/yoast-seo-wordpress\/ -->\n<title>Matthew McConaughey goes viral with his favorite food - Tapas<\/title>\n<meta name=\"description\" content=\"Click\u00a0here\u00a0to read the Spanish version. In a recent episode of the &#039;2 Bears, 1 Cave&#039; podcast, Matthew McConaughey revealed what his favorite food was.\" \/>\n<meta name=\"robots\" content=\"index, follow, max-snippet:-1, max-image-preview:large, max-video-preview:-1\" \/>\n<link rel=\"canonical\" href=\"https:\/\/www.tapasmagazine.es\/en\/matthew-mcconaughey-goes-viral-with-his-favorite-food\/\" \/>\n<meta property=\"og:locale\" content=\"en_US\" \/>\n<meta property=\"og:type\" content=\"article\" \/>\n<meta property=\"og:title\" content=\"Matthew McConaughey goes viral with his favorite food - Tapas\" \/>\n<meta property=\"og:description\" content=\"Click\u00a0here\u00a0to read the Spanish version. In a recent episode of the &#039;2 Bears, 1 Cave&#039; podcast, Matthew McConaughey revealed what his favorite food was.\" \/>\n<meta property=\"og:url\" content=\"https:\/\/www.tapasmagazine.es\/en\/matthew-mcconaughey-goes-viral-with-his-favorite-food\/\" \/>\n<meta property=\"og:site_name\" content=\"Tapas\" \/>\n<meta property=\"article:publisher\" content=\"https:\/\/www.facebook.com\/tapasmagazine\" \/>\n<meta property=\"article:published_time\" content=\"2024-11-27T10:58:28+00:00\" \/>\n<meta property=\"article:modified_time\" content=\"2024-11-27T11:03:19+00:00\" \/>\n<meta property=\"og:image\" content=\"https:\/\/www.tapasmagazine.es\/wp-content\/uploads\/2024\/11\/matthew.jpg\" \/>\n\t<meta property=\"og:image:width\" content=\"1200\" \/>\n\t<meta property=\"og:image:height\" content=\"675\" \/>\n\t<meta property=\"og:image:type\" content=\"image\/jpeg\" \/>\n<meta name=\"author\" content=\"Laura P\u00e9rez\" \/>\n<meta name=\"twitter:card\" content=\"summary_large_image\" \/>\n<meta name=\"twitter:creator\" content=\"@TapasMagazine\" \/>\n<meta name=\"twitter:site\" content=\"@TapasMagazine\" \/>\n<meta name=\"twitter:label1\" content=\"Written by\" \/>\n\t<meta name=\"twitter:data1\" content=\"Laura P\u00e9rez\" \/>\n\t<meta name=\"twitter:label2\" content=\"Est. reading time\" \/>\n\t<meta name=\"twitter:data2\" content=\"2 minutes\" \/>\n<script type=\"application\/ld+json\" class=\"yoast-schema-graph\">{\"@context\":\"https:\\\/\\\/schema.org\",\"@graph\":[{\"@type\":\"Article\",\"@id\":\"https:\\\/\\\/www.tapasmagazine.es\\\/en\\\/matthew-mcconaughey-goes-viral-with-his-favorite-food\\\/#article\",\"isPartOf\":{\"@id\":\"https:\\\/\\\/www.tapasmagazine.es\\\/en\\\/matthew-mcconaughey-goes-viral-with-his-favorite-food\\\/\"},\"author\":{\"name\":\"Laura P\u00e9rez\",\"@id\":\"https:\\\/\\\/www.tapasmagazine.es\\\/#\\\/schema\\\/person\\\/eb46cbe76a9c8f062660eb609e3ecb4e\"},\"headline\":\"Matthew McConaughey goes viral with his favorite food\",\"datePublished\":\"2024-11-27T10:58:28+00:00\",\"dateModified\":\"2024-11-27T11:03:19+00:00\",\"mainEntityOfPage\":{\"@id\":\"https:\\\/\\\/www.tapasmagazine.es\\\/en\\\/matthew-mcconaughey-goes-viral-with-his-favorite-food\\\/\"},\"wordCount\":277,\"publisher\":{\"@id\":\"https:\\\/\\\/www.tapasmagazine.es\\\/#organization\"},\"image\":{\"@id\":\"https:\\\/\\\/www.tapasmagazine.es\\\/en\\\/matthew-mcconaughey-goes-viral-with-his-favorite-food\\\/#primaryimage\"},\"thumbnailUrl\":\"https:\\\/\\\/www.tapasmagazine.es\\\/wp-content\\\/uploads\\\/2024\\\/11\\\/matthew.jpg\",\"keywords\":[\"Matthew McConaughey\",\"receta\"],\"articleSection\":[\"Personajes\",\"Recetas\",\"Sin categorizar\"],\"inLanguage\":\"en-US\"},{\"@type\":\"WebPage\",\"@id\":\"https:\\\/\\\/www.tapasmagazine.es\\\/en\\\/matthew-mcconaughey-goes-viral-with-his-favorite-food\\\/\",\"url\":\"https:\\\/\\\/www.tapasmagazine.es\\\/en\\\/matthew-mcconaughey-goes-viral-with-his-favorite-food\\\/\",\"name\":\"Matthew McConaughey goes viral with his favorite food - Tapas\",\"isPartOf\":{\"@id\":\"https:\\\/\\\/www.tapasmagazine.es\\\/#website\"},\"primaryImageOfPage\":{\"@id\":\"https:\\\/\\\/www.tapasmagazine.es\\\/en\\\/matthew-mcconaughey-goes-viral-with-his-favorite-food\\\/#primaryimage\"},\"image\":{\"@id\":\"https:\\\/\\\/www.tapasmagazine.es\\\/en\\\/matthew-mcconaughey-goes-viral-with-his-favorite-food\\\/#primaryimage\"},\"thumbnailUrl\":\"https:\\\/\\\/www.tapasmagazine.es\\\/wp-content\\\/uploads\\\/2024\\\/11\\\/matthew.jpg\",\"datePublished\":\"2024-11-27T10:58:28+00:00\",\"dateModified\":\"2024-11-27T11:03:19+00:00\",\"description\":\"Click\u00a0here\u00a0to read the Spanish version. In a recent episode of the '2 Bears, 1 Cave' podcast, Matthew McConaughey revealed what his favorite food was.\",\"breadcrumb\":{\"@id\":\"https:\\\/\\\/www.tapasmagazine.es\\\/en\\\/matthew-mcconaughey-goes-viral-with-his-favorite-food\\\/#breadcrumb\"},\"inLanguage\":\"en-US\",\"potentialAction\":[{\"@type\":\"ReadAction\",\"target\":[\"https:\\\/\\\/www.tapasmagazine.es\\\/en\\\/matthew-mcconaughey-goes-viral-with-his-favorite-food\\\/\"]}]},{\"@type\":\"ImageObject\",\"inLanguage\":\"en-US\",\"@id\":\"https:\\\/\\\/www.tapasmagazine.es\\\/en\\\/matthew-mcconaughey-goes-viral-with-his-favorite-food\\\/#primaryimage\",\"url\":\"https:\\\/\\\/www.tapasmagazine.es\\\/wp-content\\\/uploads\\\/2024\\\/11\\\/matthew.jpg\",\"contentUrl\":\"https:\\\/\\\/www.tapasmagazine.es\\\/wp-content\\\/uploads\\\/2024\\\/11\\\/matthew.jpg\",\"width\":1200,\"height\":675},{\"@type\":\"BreadcrumbList\",\"@id\":\"https:\\\/\\\/www.tapasmagazine.es\\\/en\\\/matthew-mcconaughey-goes-viral-with-his-favorite-food\\\/#breadcrumb\",\"itemListElement\":[{\"@type\":\"ListItem\",\"position\":1,\"name\":\"Portada\",\"item\":\"https:\\\/\\\/www.tapasmagazine.es\\\/\"},{\"@type\":\"ListItem\",\"position\":2,\"name\":\"Sin categorizar\",\"item\":\"https:\\\/\\\/www.tapasmagazine.es\\\/categorias\\\/sin-categorizar\\\/\"},{\"@type\":\"ListItem\",\"position\":3,\"name\":\"Matthew McConaughey goes viral with his favorite food\"}]},{\"@type\":\"WebSite\",\"@id\":\"https:\\\/\\\/www.tapasmagazine.es\\\/#website\",\"url\":\"https:\\\/\\\/www.tapasmagazine.es\\\/\",\"name\":\"Tapas\",\"description\":\"\u00d1am \u00d1am Lifestyle. La vida a bocados. Premio Nacional de Gastronom\u00eda 2016.\",\"publisher\":{\"@id\":\"https:\\\/\\\/www.tapasmagazine.es\\\/#organization\"},\"potentialAction\":[{\"@type\":\"SearchAction\",\"target\":{\"@type\":\"EntryPoint\",\"urlTemplate\":\"https:\\\/\\\/www.tapasmagazine.es\\\/?s={search_term_string}\"},\"query-input\":{\"@type\":\"PropertyValueSpecification\",\"valueRequired\":true,\"valueName\":\"search_term_string\"}}],\"inLanguage\":\"en-US\"},{\"@type\":\"Organization\",\"@id\":\"https:\\\/\\\/www.tapasmagazine.es\\\/#organization\",\"name\":\"Tapas Magazine\",\"url\":\"https:\\\/\\\/www.tapasmagazine.es\\\/\",\"logo\":{\"@type\":\"ImageObject\",\"inLanguage\":\"en-US\",\"@id\":\"https:\\\/\\\/www.tapasmagazine.es\\\/#\\\/schema\\\/logo\\\/image\\\/\",\"url\":\"https:\\\/\\\/www.tapasmagazine.es\\\/wp-content\\\/uploads\\\/2018\\\/01\\\/logo.png\",\"contentUrl\":\"https:\\\/\\\/www.tapasmagazine.es\\\/wp-content\\\/uploads\\\/2018\\\/01\\\/logo.png\",\"width\":180,\"height\":60,\"caption\":\"Tapas Magazine\"},\"image\":{\"@id\":\"https:\\\/\\\/www.tapasmagazine.es\\\/#\\\/schema\\\/logo\\\/image\\\/\"},\"sameAs\":[\"https:\\\/\\\/www.facebook.com\\\/tapasmagazine\",\"https:\\\/\\\/x.com\\\/TapasMagazine\",\"https:\\\/\\\/www.instagram.com\\\/tapasmagazine\\\/\",\"https:\\\/\\\/www.linkedin.com\\\/company\\\/tapas-magazine\",\"https:\\\/\\\/es.pinterest.com\\\/tapasmagazine\\\/\",\"https:\\\/\\\/www.youtube.com\\\/channel\\\/UCEyxneAaACuR0lfDagrWjjg?sub_confirmation=1\"]},{\"@type\":\"Person\",\"@id\":\"https:\\\/\\\/www.tapasmagazine.es\\\/#\\\/schema\\\/person\\\/eb46cbe76a9c8f062660eb609e3ecb4e\",\"name\":\"Laura P\u00e9rez\",\"url\":\"https:\\\/\\\/www.tapasmagazine.es\\\/en\\\/author\\\/laura-perez\\\/\"}]}<\/script>\n<!-- \/ Yoast SEO plugin. -->","yoast_head_json":{"title":"Matthew McConaughey goes viral with his favorite food - Tapas","description":"Click\u00a0here\u00a0to read the Spanish version. In a recent episode of the '2 Bears, 1 Cave' podcast, Matthew McConaughey revealed what his favorite food was.","robots":{"index":"index","follow":"follow","max-snippet":"max-snippet:-1","max-image-preview":"max-image-preview:large","max-video-preview":"max-video-preview:-1"},"canonical":"https:\/\/www.tapasmagazine.es\/en\/matthew-mcconaughey-goes-viral-with-his-favorite-food\/","og_locale":"en_US","og_type":"article","og_title":"Matthew McConaughey goes viral with his favorite food - Tapas","og_description":"Click\u00a0here\u00a0to read the Spanish version. In a recent episode of the '2 Bears, 1 Cave' podcast, Matthew McConaughey revealed what his favorite food was.","og_url":"https:\/\/www.tapasmagazine.es\/en\/matthew-mcconaughey-goes-viral-with-his-favorite-food\/","og_site_name":"Tapas","article_publisher":"https:\/\/www.facebook.com\/tapasmagazine","article_published_time":"2024-11-27T10:58:28+00:00","article_modified_time":"2024-11-27T11:03:19+00:00","og_image":[{"width":1200,"height":675,"url":"https:\/\/www.tapasmagazine.es\/wp-content\/uploads\/2024\/11\/matthew.jpg","type":"image\/jpeg"}],"author":"Laura P\u00e9rez","twitter_card":"summary_large_image","twitter_creator":"@TapasMagazine","twitter_site":"@TapasMagazine","twitter_misc":{"Written by":"Laura P\u00e9rez","Est. reading time":"2 minutes"},"schema":{"@context":"https:\/\/schema.org","@graph":[{"@type":"Article","@id":"https:\/\/www.tapasmagazine.es\/en\/matthew-mcconaughey-goes-viral-with-his-favorite-food\/#article","isPartOf":{"@id":"https:\/\/www.tapasmagazine.es\/en\/matthew-mcconaughey-goes-viral-with-his-favorite-food\/"},"author":{"name":"Laura P\u00e9rez","@id":"https:\/\/www.tapasmagazine.es\/#\/schema\/person\/eb46cbe76a9c8f062660eb609e3ecb4e"},"headline":"Matthew McConaughey goes viral with his favorite food","datePublished":"2024-11-27T10:58:28+00:00","dateModified":"2024-11-27T11:03:19+00:00","mainEntityOfPage":{"@id":"https:\/\/www.tapasmagazine.es\/en\/matthew-mcconaughey-goes-viral-with-his-favorite-food\/"},"wordCount":277,"publisher":{"@id":"https:\/\/www.tapasmagazine.es\/#organization"},"image":{"@id":"https:\/\/www.tapasmagazine.es\/en\/matthew-mcconaughey-goes-viral-with-his-favorite-food\/#primaryimage"},"thumbnailUrl":"https:\/\/www.tapasmagazine.es\/wp-content\/uploads\/2024\/11\/matthew.jpg","keywords":["Matthew McConaughey","receta"],"articleSection":["Personajes","Recetas","Sin categorizar"],"inLanguage":"en-US"},{"@type":"WebPage","@id":"https:\/\/www.tapasmagazine.es\/en\/matthew-mcconaughey-goes-viral-with-his-favorite-food\/","url":"https:\/\/www.tapasmagazine.es\/en\/matthew-mcconaughey-goes-viral-with-his-favorite-food\/","name":"Matthew McConaughey goes viral with his favorite food - Tapas","isPartOf":{"@id":"https:\/\/www.tapasmagazine.es\/#website"},"primaryImageOfPage":{"@id":"https:\/\/www.tapasmagazine.es\/en\/matthew-mcconaughey-goes-viral-with-his-favorite-food\/#primaryimage"},"image":{"@id":"https:\/\/www.tapasmagazine.es\/en\/matthew-mcconaughey-goes-viral-with-his-favorite-food\/#primaryimage"},"thumbnailUrl":"https:\/\/www.tapasmagazine.es\/wp-content\/uploads\/2024\/11\/matthew.jpg","datePublished":"2024-11-27T10:58:28+00:00","dateModified":"2024-11-27T11:03:19+00:00","description":"Click\u00a0here\u00a0to read the Spanish version. In a recent episode of the '2 Bears, 1 Cave' podcast, Matthew McConaughey revealed what his favorite food was.","breadcrumb":{"@id":"https:\/\/www.tapasmagazine.es\/en\/matthew-mcconaughey-goes-viral-with-his-favorite-food\/#breadcrumb"},"inLanguage":"en-US","potentialAction":[{"@type":"ReadAction","target":["https:\/\/www.tapasmagazine.es\/en\/matthew-mcconaughey-goes-viral-with-his-favorite-food\/"]}]},{"@type":"ImageObject","inLanguage":"en-US","@id":"https:\/\/www.tapasmagazine.es\/en\/matthew-mcconaughey-goes-viral-with-his-favorite-food\/#primaryimage","url":"https:\/\/www.tapasmagazine.es\/wp-content\/uploads\/2024\/11\/matthew.jpg","contentUrl":"https:\/\/www.tapasmagazine.es\/wp-content\/uploads\/2024\/11\/matthew.jpg","width":1200,"height":675},{"@type":"BreadcrumbList","@id":"https:\/\/www.tapasmagazine.es\/en\/matthew-mcconaughey-goes-viral-with-his-favorite-food\/#breadcrumb","itemListElement":[{"@type":"ListItem","position":1,"name":"Portada","item":"https:\/\/www.tapasmagazine.es\/"},{"@type":"ListItem","position":2,"name":"Sin categorizar","item":"https:\/\/www.tapasmagazine.es\/categorias\/sin-categorizar\/"},{"@type":"ListItem","position":3,"name":"Matthew McConaughey goes viral with his favorite food"}]},{"@type":"WebSite","@id":"https:\/\/www.tapasmagazine.es\/#website","url":"https:\/\/www.tapasmagazine.es\/","name":"Tapas","description":"\u00d1am \u00d1am Lifestyle. La vida a bocados. Premio Nacional de Gastronom\u00eda 2016.","publisher":{"@id":"https:\/\/www.tapasmagazine.es\/#organization"},"potentialAction":[{"@type":"SearchAction","target":{"@type":"EntryPoint","urlTemplate":"https:\/\/www.tapasmagazine.es\/?s={search_term_string}"},"query-input":{"@type":"PropertyValueSpecification","valueRequired":true,"valueName":"search_term_string"}}],"inLanguage":"en-US"},{"@type":"Organization","@id":"https:\/\/www.tapasmagazine.es\/#organization","name":"Tapas Magazine","url":"https:\/\/www.tapasmagazine.es\/","logo":{"@type":"ImageObject","inLanguage":"en-US","@id":"https:\/\/www.tapasmagazine.es\/#\/schema\/logo\/image\/","url":"https:\/\/www.tapasmagazine.es\/wp-content\/uploads\/2018\/01\/logo.png","contentUrl":"https:\/\/www.tapasmagazine.es\/wp-content\/uploads\/2018\/01\/logo.png","width":180,"height":60,"caption":"Tapas Magazine"},"image":{"@id":"https:\/\/www.tapasmagazine.es\/#\/schema\/logo\/image\/"},"sameAs":["https:\/\/www.facebook.com\/tapasmagazine","https:\/\/x.com\/TapasMagazine","https:\/\/www.instagram.com\/tapasmagazine\/","https:\/\/www.linkedin.com\/company\/tapas-magazine","https:\/\/es.pinterest.com\/tapasmagazine\/","https:\/\/www.youtube.com\/channel\/UCEyxneAaACuR0lfDagrWjjg?sub_confirmation=1"]},{"@type":"Person","@id":"https:\/\/www.tapasmagazine.es\/#\/schema\/person\/eb46cbe76a9c8f062660eb609e3ecb4e","name":"Laura P\u00e9rez","url":"https:\/\/www.tapasmagazine.es\/en\/author\/laura-perez\/"}]}},"_links":{"self":[{"href":"https:\/\/www.tapasmagazine.es\/en\/wp-json\/wp\/v2\/posts\/272652","targetHints":{"allow":["GET"]}}],"collection":[{"href":"https:\/\/www.tapasmagazine.es\/en\/wp-json\/wp\/v2\/posts"}],"about":[{"href":"https:\/\/www.tapasmagazine.es\/en\/wp-json\/wp\/v2\/types\/post"}],"author":[{"embeddable":true,"href":"https:\/\/www.tapasmagazine.es\/en\/wp-json\/wp\/v2\/users\/285"}],"replies":[{"embeddable":true,"href":"https:\/\/www.tapasmagazine.es\/en\/wp-json\/wp\/v2\/comments?post=272652"}],"version-history":[{"count":2,"href":"https:\/\/www.tapasmagazine.es\/en\/wp-json\/wp\/v2\/posts\/272652\/revisions"}],"predecessor-version":[{"id":272660,"href":"https:\/\/www.tapasmagazine.es\/en\/wp-json\/wp\/v2\/posts\/272652\/revisions\/272660"}],"wp:featuredmedia":[{"embeddable":true,"href":"https:\/\/www.tapasmagazine.es\/en\/wp-json\/wp\/v2\/media\/272642"}],"wp:attachment":[{"href":"https:\/\/www.tapasmagazine.es\/en\/wp-json\/wp\/v2\/media?parent=272652"}],"wp:term":[{"taxonomy":"category","embeddable":true,"href":"https:\/\/www.tapasmagazine.es\/en\/wp-json\/wp\/v2\/categories?post=272652"},{"taxonomy":"post_tag","embeddable":true,"href":"https:\/\/www.tapasmagazine.es\/en\/wp-json\/wp\/v2\/tags?post=272652"}],"curies":[{"name":"wp","href":"https:\/\/api.w.org\/{rel}","templated":true}]}}