{"id":272611,"date":"2024-11-27T10:45:05","date_gmt":"2024-11-27T09:45:05","guid":{"rendered":"https:\/\/www.tapasmagazine.es\/guy-fieri-es-victima-del-robo-de-1-millon-de-dolares-de-su-tequila-santo\/"},"modified":"2024-11-27T10:48:42","modified_gmt":"2024-11-27T09:48:42","slug":"guy-fieri-is-victim-of-1-million-theft-of-his-santo-tequila","status":"publish","type":"post","link":"https:\/\/www.tapasmagazine.es\/en\/guy-fieri-is-victim-of-1-million-theft-of-his-santo-tequila\/","title":{"rendered":"Guy Fieri is victim of $1 million theft of his Santo tequila"},"content":{"rendered":"\n<p><strong>Click\u00a0<a href=\"https:\/\/www.tapasmagazine.es\/guy-fieri-es-victima-del-robo-de-1-millon-de-dolares-de-su-tequila-santo\/\" target=\"_blank\" rel=\"noreferrer noopener\">here<\/a>\u00a0to read the Spanish version.<\/strong><\/p>\n\n\n\n<p>Alarm bells have been ringing throughout the US due to the theft of <strong>4,040 cases<\/strong> of <strong>Guy Fieri <\/strong>and <strong>Sammy Hagar&#8217;s Santo tequila <\/strong>in the town of <strong>Laredo<\/strong> (Texas). The thieves are said to have made off with supplies from two truckloads of 24,240 bottles of Santo blanco, reposado and a\u00f1ejo, which took 39 months to make. That entire shipment equates to a whopping <strong>$1 million<\/strong>, according to brand president <strong>Dan Butkus<\/strong>.<\/p>\n\n\n\n<p>&#8216;We&#8217;ve worked really hard [\u2026] it&#8217;s the best year we&#8217;ve had in Santo. We had all this momentum, and now whatever is on the shelf is all people are going to get,&#8217; Fieri expresses sadness at what has transpired. In this sense, having run out of stock, and with the Christmas holidays approaching, Santo has accelerated the activity of its distiller in Mexico on a &#8217;24\/7 schedule&#8217; in order to replenish the supply as soon as possible.<\/p>\n\n\n<div class=\"wp-block-image\">\n<figure class=\"aligncenter size-large is-resized\"><img decoding=\"async\" width=\"1024\" height=\"693\" src=\"https:\/\/www.tapasmagazine.es\/wp-content\/uploads\/2024\/11\/santo-mezquila-1-scaled-e1712152200132-1024x693.jpg\" alt=\"\" class=\"wp-image-272601\" style=\"width:860px;height:auto\" srcset=\"https:\/\/www.tapasmagazine.es\/wp-content\/uploads\/2024\/11\/santo-mezquila-1-scaled-e1712152200132-1024x693.jpg 1024w, https:\/\/www.tapasmagazine.es\/wp-content\/uploads\/2024\/11\/santo-mezquila-1-scaled-e1712152200132-300x203.jpg 300w, https:\/\/www.tapasmagazine.es\/wp-content\/uploads\/2024\/11\/santo-mezquila-1-scaled-e1712152200132-768x520.jpg 768w, https:\/\/www.tapasmagazine.es\/wp-content\/uploads\/2024\/11\/santo-mezquila-1-scaled-e1712152200132-1536x1039.jpg 1536w, https:\/\/www.tapasmagazine.es\/wp-content\/uploads\/2024\/11\/santo-mezquila-1-scaled-e1712152200132-2048x1386.jpg 2048w, https:\/\/www.tapasmagazine.es\/wp-content\/uploads\/2024\/11\/santo-mezquila-1-scaled-e1712152200132-600x407.jpg 600w, https:\/\/www.tapasmagazine.es\/wp-content\/uploads\/2024\/11\/santo-mezquila-1-scaled-e1712152200132-1000x677.jpg 1000w, https:\/\/www.tapasmagazine.es\/wp-content\/uploads\/2024\/11\/santo-mezquila-1-scaled-e1712152200132-400x271.jpg 400w\" sizes=\"(max-width: 1024px) 100vw, 1024px\" \/><\/figure>\n<\/div>\n\n\n<p>&#8216;Our distiller is an independent distiller who depends on our sales for his and his team&#8217;s livelihood,&#8217; Butkus says. &#8216;My sales team, my marketing team, the whole Santo Spirits team depends on these sales. \u2026 That&#8217;s what hurts me the most. We have to support these people both at the distillery and in the U.S., and we can&#8217;t do that right now without the revenue from these cases.&#8217;<\/p>\n\n\n\n<p>According to an incident report obtained by<em> PEOPLE<\/em>, <strong>Johanson<\/strong>, Santo&#8217;s trucking partner, notified Fieri of the theft on Nov. 14. The trucks were &#8216;illegally double brokered&#8217; to different carriers, Johanson says. &#8216;We believe the GPS tracking signal we were monitoring was spoofed by a GPS emulator app used by the criminals,&#8217; the report states.<\/p>\n\n\n<div class=\"wp-block-image\">\n<figure class=\"aligncenter size-large is-resized\"><img decoding=\"async\" width=\"1024\" height=\"576\" src=\"https:\/\/www.tapasmagazine.es\/wp-content\/uploads\/2024\/11\/santo-1520x855-1-1024x576.jpg\" alt=\"\" class=\"wp-image-272603\" style=\"width:862px;height:auto\" srcset=\"https:\/\/www.tapasmagazine.es\/wp-content\/uploads\/2024\/11\/santo-1520x855-1-1024x576.jpg 1024w, https:\/\/www.tapasmagazine.es\/wp-content\/uploads\/2024\/11\/santo-1520x855-1-300x169.jpg 300w, https:\/\/www.tapasmagazine.es\/wp-content\/uploads\/2024\/11\/santo-1520x855-1-768x432.jpg 768w, https:\/\/www.tapasmagazine.es\/wp-content\/uploads\/2024\/11\/santo-1520x855-1-1200x675.jpg 1200w, https:\/\/www.tapasmagazine.es\/wp-content\/uploads\/2024\/11\/santo-1520x855-1-1000x563.jpg 1000w, https:\/\/www.tapasmagazine.es\/wp-content\/uploads\/2024\/11\/santo-1520x855-1-400x225.jpg 400w, https:\/\/www.tapasmagazine.es\/wp-content\/uploads\/2024\/11\/santo-1520x855-1.jpg 1520w\" sizes=\"(max-width: 1024px) 100vw, 1024px\" \/><\/figure>\n<\/div>\n\n\n<p>The local police department then contacted <strong>Verisk CargoNet <\/strong>to investigate the theft. According to a Verisk spokesperson, Verisk CargoNet data analysis projects that cargo theft has reached an all-time high in 2024 and will be more than 25% higher than in 2023.<\/p>\n\n\n\n<p>Fieri plans to offer a <strong>$10,000 reward<\/strong> to anyone who recovers the <strong>tequila<\/strong>, &#8216;the crown jewel of the company that takes about four years to make. Butkus, however, is more pessimistic about it: &#8216;It&#8217;s unlikely they&#8217;ll find those truckers. They probably rent the truck, get the offer, get the load, sell it and then disappear. We have some phone lines from them that are already disconnected&#8217;.<\/p>\n","protected":false},"excerpt":{"rendered":"<p>Click\u00a0here\u00a0to read the Spanish version. Alarm bells have been ringing throughout the US due to the theft of 4,040 cases of Guy Fieri and Sammy Hagar&#8217;s Santo tequila in the town of Laredo (Texas). The thieves are said to have made off with supplies from two truckloads of 24,240 bottles of Santo blanco, reposado and [&hellip;]<\/p>\n","protected":false},"author":285,"featured_media":272598,"comment_status":"closed","ping_status":"closed","sticky":false,"template":"","format":"standard","meta":{"_acf_changed":false,"footnotes":""},"categories":[15848,15802,1],"tags":[18142],"class_list":["post-272611","post","type-post","status-publish","format-standard","has-post-thumbnail","hentry","category-chefs-en","category-news","category-sin-categorizar","tag-tequila-en","cat-15848-id","cat-15802-id","cat-1-id"],"acf":[],"yoast_head":"<!-- This site is optimized with the Yoast SEO plugin v27.4 - https:\/\/yoast.com\/product\/yoast-seo-wordpress\/ -->\n<title>Guy Fieri is victim of $1 million theft of his Santo tequila - Tapas<\/title>\n<meta name=\"description\" content=\"Click\u00a0here\u00a0to read the Spanish version. Alarm bells have been ringing throughout the US due to the theft of 4,040 cases of Guy Fieri and Sammy Hagar&#039;s\" \/>\n<meta name=\"robots\" content=\"index, follow, max-snippet:-1, max-image-preview:large, max-video-preview:-1\" \/>\n<link rel=\"canonical\" href=\"https:\/\/www.tapasmagazine.es\/en\/guy-fieri-is-victim-of-1-million-theft-of-his-santo-tequila\/\" \/>\n<meta property=\"og:locale\" content=\"en_US\" \/>\n<meta property=\"og:type\" content=\"article\" \/>\n<meta property=\"og:title\" content=\"Guy Fieri is victim of $1 million theft of his Santo tequila - Tapas\" \/>\n<meta property=\"og:description\" content=\"Click\u00a0here\u00a0to read the Spanish version. Alarm bells have been ringing throughout the US due to the theft of 4,040 cases of Guy Fieri and Sammy Hagar&#039;s\" \/>\n<meta property=\"og:url\" content=\"https:\/\/www.tapasmagazine.es\/en\/guy-fieri-is-victim-of-1-million-theft-of-his-santo-tequila\/\" \/>\n<meta property=\"og:site_name\" content=\"Tapas\" \/>\n<meta property=\"article:publisher\" content=\"https:\/\/www.facebook.com\/tapasmagazine\" \/>\n<meta property=\"article:published_time\" content=\"2024-11-27T09:45:05+00:00\" \/>\n<meta property=\"article:modified_time\" content=\"2024-11-27T09:48:42+00:00\" \/>\n<meta property=\"og:image\" content=\"https:\/\/www.tapasmagazine.es\/wp-content\/uploads\/2024\/11\/guy-fieri.jpg\" \/>\n\t<meta property=\"og:image:width\" content=\"1200\" \/>\n\t<meta property=\"og:image:height\" content=\"675\" \/>\n\t<meta property=\"og:image:type\" content=\"image\/jpeg\" \/>\n<meta name=\"author\" content=\"Laura P\u00e9rez\" \/>\n<meta name=\"twitter:card\" content=\"summary_large_image\" \/>\n<meta name=\"twitter:creator\" content=\"@TapasMagazine\" \/>\n<meta name=\"twitter:site\" content=\"@TapasMagazine\" \/>\n<meta name=\"twitter:label1\" content=\"Written by\" \/>\n\t<meta name=\"twitter:data1\" content=\"Laura P\u00e9rez\" \/>\n\t<meta name=\"twitter:label2\" content=\"Est. reading time\" \/>\n\t<meta name=\"twitter:data2\" content=\"3 minutes\" \/>\n<script type=\"application\/ld+json\" class=\"yoast-schema-graph\">{\"@context\":\"https:\\\/\\\/schema.org\",\"@graph\":[{\"@type\":\"Article\",\"@id\":\"https:\\\/\\\/www.tapasmagazine.es\\\/en\\\/guy-fieri-is-victim-of-1-million-theft-of-his-santo-tequila\\\/#article\",\"isPartOf\":{\"@id\":\"https:\\\/\\\/www.tapasmagazine.es\\\/en\\\/guy-fieri-is-victim-of-1-million-theft-of-his-santo-tequila\\\/\"},\"author\":{\"name\":\"Laura P\u00e9rez\",\"@id\":\"https:\\\/\\\/www.tapasmagazine.es\\\/#\\\/schema\\\/person\\\/eb46cbe76a9c8f062660eb609e3ecb4e\"},\"headline\":\"Guy Fieri is victim of $1 million theft of his Santo tequila\",\"datePublished\":\"2024-11-27T09:45:05+00:00\",\"dateModified\":\"2024-11-27T09:48:42+00:00\",\"mainEntityOfPage\":{\"@id\":\"https:\\\/\\\/www.tapasmagazine.es\\\/en\\\/guy-fieri-is-victim-of-1-million-theft-of-his-santo-tequila\\\/\"},\"wordCount\":397,\"publisher\":{\"@id\":\"https:\\\/\\\/www.tapasmagazine.es\\\/#organization\"},\"image\":{\"@id\":\"https:\\\/\\\/www.tapasmagazine.es\\\/en\\\/guy-fieri-is-victim-of-1-million-theft-of-his-santo-tequila\\\/#primaryimage\"},\"thumbnailUrl\":\"https:\\\/\\\/www.tapasmagazine.es\\\/wp-content\\\/uploads\\\/2024\\\/11\\\/guy-fieri.jpg\",\"keywords\":[\"tequila\"],\"articleSection\":[\"Chefs\",\"News\",\"Sin categorizar\"],\"inLanguage\":\"en-US\"},{\"@type\":\"WebPage\",\"@id\":\"https:\\\/\\\/www.tapasmagazine.es\\\/en\\\/guy-fieri-is-victim-of-1-million-theft-of-his-santo-tequila\\\/\",\"url\":\"https:\\\/\\\/www.tapasmagazine.es\\\/en\\\/guy-fieri-is-victim-of-1-million-theft-of-his-santo-tequila\\\/\",\"name\":\"Guy Fieri is victim of $1 million theft of his Santo tequila - Tapas\",\"isPartOf\":{\"@id\":\"https:\\\/\\\/www.tapasmagazine.es\\\/#website\"},\"primaryImageOfPage\":{\"@id\":\"https:\\\/\\\/www.tapasmagazine.es\\\/en\\\/guy-fieri-is-victim-of-1-million-theft-of-his-santo-tequila\\\/#primaryimage\"},\"image\":{\"@id\":\"https:\\\/\\\/www.tapasmagazine.es\\\/en\\\/guy-fieri-is-victim-of-1-million-theft-of-his-santo-tequila\\\/#primaryimage\"},\"thumbnailUrl\":\"https:\\\/\\\/www.tapasmagazine.es\\\/wp-content\\\/uploads\\\/2024\\\/11\\\/guy-fieri.jpg\",\"datePublished\":\"2024-11-27T09:45:05+00:00\",\"dateModified\":\"2024-11-27T09:48:42+00:00\",\"description\":\"Click\u00a0here\u00a0to read the Spanish version. Alarm bells have been ringing throughout the US due to the theft of 4,040 cases of Guy Fieri and Sammy Hagar's\",\"breadcrumb\":{\"@id\":\"https:\\\/\\\/www.tapasmagazine.es\\\/en\\\/guy-fieri-is-victim-of-1-million-theft-of-his-santo-tequila\\\/#breadcrumb\"},\"inLanguage\":\"en-US\",\"potentialAction\":[{\"@type\":\"ReadAction\",\"target\":[\"https:\\\/\\\/www.tapasmagazine.es\\\/en\\\/guy-fieri-is-victim-of-1-million-theft-of-his-santo-tequila\\\/\"]}]},{\"@type\":\"ImageObject\",\"inLanguage\":\"en-US\",\"@id\":\"https:\\\/\\\/www.tapasmagazine.es\\\/en\\\/guy-fieri-is-victim-of-1-million-theft-of-his-santo-tequila\\\/#primaryimage\",\"url\":\"https:\\\/\\\/www.tapasmagazine.es\\\/wp-content\\\/uploads\\\/2024\\\/11\\\/guy-fieri.jpg\",\"contentUrl\":\"https:\\\/\\\/www.tapasmagazine.es\\\/wp-content\\\/uploads\\\/2024\\\/11\\\/guy-fieri.jpg\",\"width\":1200,\"height\":675},{\"@type\":\"BreadcrumbList\",\"@id\":\"https:\\\/\\\/www.tapasmagazine.es\\\/en\\\/guy-fieri-is-victim-of-1-million-theft-of-his-santo-tequila\\\/#breadcrumb\",\"itemListElement\":[{\"@type\":\"ListItem\",\"position\":1,\"name\":\"Portada\",\"item\":\"https:\\\/\\\/www.tapasmagazine.es\\\/\"},{\"@type\":\"ListItem\",\"position\":2,\"name\":\"Sin categorizar\",\"item\":\"https:\\\/\\\/www.tapasmagazine.es\\\/categorias\\\/sin-categorizar\\\/\"},{\"@type\":\"ListItem\",\"position\":3,\"name\":\"Guy Fieri is victim of $1 million theft of his Santo tequila\"}]},{\"@type\":\"WebSite\",\"@id\":\"https:\\\/\\\/www.tapasmagazine.es\\\/#website\",\"url\":\"https:\\\/\\\/www.tapasmagazine.es\\\/\",\"name\":\"Tapas\",\"description\":\"\u00d1am \u00d1am Lifestyle. La vida a bocados. Premio Nacional de Gastronom\u00eda 2016.\",\"publisher\":{\"@id\":\"https:\\\/\\\/www.tapasmagazine.es\\\/#organization\"},\"potentialAction\":[{\"@type\":\"SearchAction\",\"target\":{\"@type\":\"EntryPoint\",\"urlTemplate\":\"https:\\\/\\\/www.tapasmagazine.es\\\/?s={search_term_string}\"},\"query-input\":{\"@type\":\"PropertyValueSpecification\",\"valueRequired\":true,\"valueName\":\"search_term_string\"}}],\"inLanguage\":\"en-US\"},{\"@type\":\"Organization\",\"@id\":\"https:\\\/\\\/www.tapasmagazine.es\\\/#organization\",\"name\":\"Tapas Magazine\",\"url\":\"https:\\\/\\\/www.tapasmagazine.es\\\/\",\"logo\":{\"@type\":\"ImageObject\",\"inLanguage\":\"en-US\",\"@id\":\"https:\\\/\\\/www.tapasmagazine.es\\\/#\\\/schema\\\/logo\\\/image\\\/\",\"url\":\"https:\\\/\\\/www.tapasmagazine.es\\\/wp-content\\\/uploads\\\/2018\\\/01\\\/logo.png\",\"contentUrl\":\"https:\\\/\\\/www.tapasmagazine.es\\\/wp-content\\\/uploads\\\/2018\\\/01\\\/logo.png\",\"width\":180,\"height\":60,\"caption\":\"Tapas Magazine\"},\"image\":{\"@id\":\"https:\\\/\\\/www.tapasmagazine.es\\\/#\\\/schema\\\/logo\\\/image\\\/\"},\"sameAs\":[\"https:\\\/\\\/www.facebook.com\\\/tapasmagazine\",\"https:\\\/\\\/x.com\\\/TapasMagazine\",\"https:\\\/\\\/www.instagram.com\\\/tapasmagazine\\\/\",\"https:\\\/\\\/www.linkedin.com\\\/company\\\/tapas-magazine\",\"https:\\\/\\\/es.pinterest.com\\\/tapasmagazine\\\/\",\"https:\\\/\\\/www.youtube.com\\\/channel\\\/UCEyxneAaACuR0lfDagrWjjg?sub_confirmation=1\"]},{\"@type\":\"Person\",\"@id\":\"https:\\\/\\\/www.tapasmagazine.es\\\/#\\\/schema\\\/person\\\/eb46cbe76a9c8f062660eb609e3ecb4e\",\"name\":\"Laura P\u00e9rez\",\"url\":\"https:\\\/\\\/www.tapasmagazine.es\\\/en\\\/author\\\/laura-perez\\\/\"}]}<\/script>\n<!-- \/ Yoast SEO plugin. -->","yoast_head_json":{"title":"Guy Fieri is victim of $1 million theft of his Santo tequila - Tapas","description":"Click\u00a0here\u00a0to read the Spanish version. Alarm bells have been ringing throughout the US due to the theft of 4,040 cases of Guy Fieri and Sammy Hagar's","robots":{"index":"index","follow":"follow","max-snippet":"max-snippet:-1","max-image-preview":"max-image-preview:large","max-video-preview":"max-video-preview:-1"},"canonical":"https:\/\/www.tapasmagazine.es\/en\/guy-fieri-is-victim-of-1-million-theft-of-his-santo-tequila\/","og_locale":"en_US","og_type":"article","og_title":"Guy Fieri is victim of $1 million theft of his Santo tequila - Tapas","og_description":"Click\u00a0here\u00a0to read the Spanish version. Alarm bells have been ringing throughout the US due to the theft of 4,040 cases of Guy Fieri and Sammy Hagar's","og_url":"https:\/\/www.tapasmagazine.es\/en\/guy-fieri-is-victim-of-1-million-theft-of-his-santo-tequila\/","og_site_name":"Tapas","article_publisher":"https:\/\/www.facebook.com\/tapasmagazine","article_published_time":"2024-11-27T09:45:05+00:00","article_modified_time":"2024-11-27T09:48:42+00:00","og_image":[{"width":1200,"height":675,"url":"https:\/\/www.tapasmagazine.es\/wp-content\/uploads\/2024\/11\/guy-fieri.jpg","type":"image\/jpeg"}],"author":"Laura P\u00e9rez","twitter_card":"summary_large_image","twitter_creator":"@TapasMagazine","twitter_site":"@TapasMagazine","twitter_misc":{"Written by":"Laura P\u00e9rez","Est. reading time":"3 minutes"},"schema":{"@context":"https:\/\/schema.org","@graph":[{"@type":"Article","@id":"https:\/\/www.tapasmagazine.es\/en\/guy-fieri-is-victim-of-1-million-theft-of-his-santo-tequila\/#article","isPartOf":{"@id":"https:\/\/www.tapasmagazine.es\/en\/guy-fieri-is-victim-of-1-million-theft-of-his-santo-tequila\/"},"author":{"name":"Laura P\u00e9rez","@id":"https:\/\/www.tapasmagazine.es\/#\/schema\/person\/eb46cbe76a9c8f062660eb609e3ecb4e"},"headline":"Guy Fieri is victim of $1 million theft of his Santo tequila","datePublished":"2024-11-27T09:45:05+00:00","dateModified":"2024-11-27T09:48:42+00:00","mainEntityOfPage":{"@id":"https:\/\/www.tapasmagazine.es\/en\/guy-fieri-is-victim-of-1-million-theft-of-his-santo-tequila\/"},"wordCount":397,"publisher":{"@id":"https:\/\/www.tapasmagazine.es\/#organization"},"image":{"@id":"https:\/\/www.tapasmagazine.es\/en\/guy-fieri-is-victim-of-1-million-theft-of-his-santo-tequila\/#primaryimage"},"thumbnailUrl":"https:\/\/www.tapasmagazine.es\/wp-content\/uploads\/2024\/11\/guy-fieri.jpg","keywords":["tequila"],"articleSection":["Chefs","News","Sin categorizar"],"inLanguage":"en-US"},{"@type":"WebPage","@id":"https:\/\/www.tapasmagazine.es\/en\/guy-fieri-is-victim-of-1-million-theft-of-his-santo-tequila\/","url":"https:\/\/www.tapasmagazine.es\/en\/guy-fieri-is-victim-of-1-million-theft-of-his-santo-tequila\/","name":"Guy Fieri is victim of $1 million theft of his Santo tequila - Tapas","isPartOf":{"@id":"https:\/\/www.tapasmagazine.es\/#website"},"primaryImageOfPage":{"@id":"https:\/\/www.tapasmagazine.es\/en\/guy-fieri-is-victim-of-1-million-theft-of-his-santo-tequila\/#primaryimage"},"image":{"@id":"https:\/\/www.tapasmagazine.es\/en\/guy-fieri-is-victim-of-1-million-theft-of-his-santo-tequila\/#primaryimage"},"thumbnailUrl":"https:\/\/www.tapasmagazine.es\/wp-content\/uploads\/2024\/11\/guy-fieri.jpg","datePublished":"2024-11-27T09:45:05+00:00","dateModified":"2024-11-27T09:48:42+00:00","description":"Click\u00a0here\u00a0to read the Spanish version. Alarm bells have been ringing throughout the US due to the theft of 4,040 cases of Guy Fieri and Sammy Hagar's","breadcrumb":{"@id":"https:\/\/www.tapasmagazine.es\/en\/guy-fieri-is-victim-of-1-million-theft-of-his-santo-tequila\/#breadcrumb"},"inLanguage":"en-US","potentialAction":[{"@type":"ReadAction","target":["https:\/\/www.tapasmagazine.es\/en\/guy-fieri-is-victim-of-1-million-theft-of-his-santo-tequila\/"]}]},{"@type":"ImageObject","inLanguage":"en-US","@id":"https:\/\/www.tapasmagazine.es\/en\/guy-fieri-is-victim-of-1-million-theft-of-his-santo-tequila\/#primaryimage","url":"https:\/\/www.tapasmagazine.es\/wp-content\/uploads\/2024\/11\/guy-fieri.jpg","contentUrl":"https:\/\/www.tapasmagazine.es\/wp-content\/uploads\/2024\/11\/guy-fieri.jpg","width":1200,"height":675},{"@type":"BreadcrumbList","@id":"https:\/\/www.tapasmagazine.es\/en\/guy-fieri-is-victim-of-1-million-theft-of-his-santo-tequila\/#breadcrumb","itemListElement":[{"@type":"ListItem","position":1,"name":"Portada","item":"https:\/\/www.tapasmagazine.es\/"},{"@type":"ListItem","position":2,"name":"Sin categorizar","item":"https:\/\/www.tapasmagazine.es\/categorias\/sin-categorizar\/"},{"@type":"ListItem","position":3,"name":"Guy Fieri is victim of $1 million theft of his Santo tequila"}]},{"@type":"WebSite","@id":"https:\/\/www.tapasmagazine.es\/#website","url":"https:\/\/www.tapasmagazine.es\/","name":"Tapas","description":"\u00d1am \u00d1am Lifestyle. La vida a bocados. Premio Nacional de Gastronom\u00eda 2016.","publisher":{"@id":"https:\/\/www.tapasmagazine.es\/#organization"},"potentialAction":[{"@type":"SearchAction","target":{"@type":"EntryPoint","urlTemplate":"https:\/\/www.tapasmagazine.es\/?s={search_term_string}"},"query-input":{"@type":"PropertyValueSpecification","valueRequired":true,"valueName":"search_term_string"}}],"inLanguage":"en-US"},{"@type":"Organization","@id":"https:\/\/www.tapasmagazine.es\/#organization","name":"Tapas Magazine","url":"https:\/\/www.tapasmagazine.es\/","logo":{"@type":"ImageObject","inLanguage":"en-US","@id":"https:\/\/www.tapasmagazine.es\/#\/schema\/logo\/image\/","url":"https:\/\/www.tapasmagazine.es\/wp-content\/uploads\/2018\/01\/logo.png","contentUrl":"https:\/\/www.tapasmagazine.es\/wp-content\/uploads\/2018\/01\/logo.png","width":180,"height":60,"caption":"Tapas Magazine"},"image":{"@id":"https:\/\/www.tapasmagazine.es\/#\/schema\/logo\/image\/"},"sameAs":["https:\/\/www.facebook.com\/tapasmagazine","https:\/\/x.com\/TapasMagazine","https:\/\/www.instagram.com\/tapasmagazine\/","https:\/\/www.linkedin.com\/company\/tapas-magazine","https:\/\/es.pinterest.com\/tapasmagazine\/","https:\/\/www.youtube.com\/channel\/UCEyxneAaACuR0lfDagrWjjg?sub_confirmation=1"]},{"@type":"Person","@id":"https:\/\/www.tapasmagazine.es\/#\/schema\/person\/eb46cbe76a9c8f062660eb609e3ecb4e","name":"Laura P\u00e9rez","url":"https:\/\/www.tapasmagazine.es\/en\/author\/laura-perez\/"}]}},"_links":{"self":[{"href":"https:\/\/www.tapasmagazine.es\/en\/wp-json\/wp\/v2\/posts\/272611","targetHints":{"allow":["GET"]}}],"collection":[{"href":"https:\/\/www.tapasmagazine.es\/en\/wp-json\/wp\/v2\/posts"}],"about":[{"href":"https:\/\/www.tapasmagazine.es\/en\/wp-json\/wp\/v2\/types\/post"}],"author":[{"embeddable":true,"href":"https:\/\/www.tapasmagazine.es\/en\/wp-json\/wp\/v2\/users\/285"}],"replies":[{"embeddable":true,"href":"https:\/\/www.tapasmagazine.es\/en\/wp-json\/wp\/v2\/comments?post=272611"}],"version-history":[{"count":1,"href":"https:\/\/www.tapasmagazine.es\/en\/wp-json\/wp\/v2\/posts\/272611\/revisions"}],"predecessor-version":[{"id":272620,"href":"https:\/\/www.tapasmagazine.es\/en\/wp-json\/wp\/v2\/posts\/272611\/revisions\/272620"}],"wp:featuredmedia":[{"embeddable":true,"href":"https:\/\/www.tapasmagazine.es\/en\/wp-json\/wp\/v2\/media\/272598"}],"wp:attachment":[{"href":"https:\/\/www.tapasmagazine.es\/en\/wp-json\/wp\/v2\/media?parent=272611"}],"wp:term":[{"taxonomy":"category","embeddable":true,"href":"https:\/\/www.tapasmagazine.es\/en\/wp-json\/wp\/v2\/categories?post=272611"},{"taxonomy":"post_tag","embeddable":true,"href":"https:\/\/www.tapasmagazine.es\/en\/wp-json\/wp\/v2\/tags?post=272611"}],"curies":[{"name":"wp","href":"https:\/\/api.w.org\/{rel}","templated":true}]}}