{"id":272566,"date":"2024-11-26T18:15:54","date_gmt":"2024-11-26T17:15:54","guid":{"rendered":"https:\/\/www.tapasmagazine.es\/louis-vuitton-abre-un-cafe-de-inspiracion-literaria-en-manhattan\/"},"modified":"2024-11-26T18:19:02","modified_gmt":"2024-11-26T17:19:02","slug":"louis-vuitton-opens-literary-inspired-cafe-manhattan","status":"publish","type":"post","link":"https:\/\/www.tapasmagazine.es\/en\/louis-vuitton-opens-literary-inspired-cafe-manhattan\/","title":{"rendered":"Louis Vuitton opens a literary-inspired caf\u00e9 in Manhattan"},"content":{"rendered":"\n<p><strong>Click\u00a0<a href=\"https:\/\/www.tapasmagazine.es\/louis-vuitton-abre-un-cafe-de-inspiracion-literaria-en-manhattan\/\" target=\"_blank\" rel=\"noreferrer noopener\">here<\/a>\u00a0to read the Spanish version.<\/strong><\/p>\n\n\n\n<p>The luxury brand&#8217;s new culinary space -opened on November 15- revolves around a <strong>library<\/strong> with shelves that dazzle with more than 600 different references. That collision between culture, fashion and gastronomy stimulates the experience offered by its first <strong>U.S. caf\u00e9<\/strong>, installed on the fourth floor of the brand&#8217;s <strong>Manhattan flagship<\/strong>.<\/p>\n\n\n\n<figure class=\"wp-block-gallery has-nested-images columns-default is-cropped wp-block-gallery-1 is-layout-flex wp-block-gallery-is-layout-flex\">\n<figure class=\"wp-block-image size-large\"><img decoding=\"async\" width=\"819\" height=\"1024\" data-id=\"272539\" src=\"https:\/\/www.tapasmagazine.es\/wp-content\/uploads\/2024\/11\/467231495_1097887398713031_7031155666472037128_n-819x1024.jpg\" alt=\"\" class=\"wp-image-272539\" srcset=\"https:\/\/www.tapasmagazine.es\/wp-content\/uploads\/2024\/11\/467231495_1097887398713031_7031155666472037128_n-819x1024.jpg 819w, https:\/\/www.tapasmagazine.es\/wp-content\/uploads\/2024\/11\/467231495_1097887398713031_7031155666472037128_n-240x300.jpg 240w, https:\/\/www.tapasmagazine.es\/wp-content\/uploads\/2024\/11\/467231495_1097887398713031_7031155666472037128_n-768x960.jpg 768w, https:\/\/www.tapasmagazine.es\/wp-content\/uploads\/2024\/11\/467231495_1097887398713031_7031155666472037128_n-1000x1250.jpg 1000w, https:\/\/www.tapasmagazine.es\/wp-content\/uploads\/2024\/11\/467231495_1097887398713031_7031155666472037128_n-400x500.jpg 400w, https:\/\/www.tapasmagazine.es\/wp-content\/uploads\/2024\/11\/467231495_1097887398713031_7031155666472037128_n.jpg 1080w\" sizes=\"(max-width: 819px) 100vw, 819px\" \/><\/figure>\n\n\n\n<figure class=\"wp-block-image size-large\"><img decoding=\"async\" width=\"745\" height=\"1024\" data-id=\"272541\" src=\"https:\/\/www.tapasmagazine.es\/wp-content\/uploads\/2024\/11\/vvv-745x1024.png\" alt=\"\" class=\"wp-image-272541\" srcset=\"https:\/\/www.tapasmagazine.es\/wp-content\/uploads\/2024\/11\/vvv-745x1024.png 745w, https:\/\/www.tapasmagazine.es\/wp-content\/uploads\/2024\/11\/vvv-218x300.png 218w, https:\/\/www.tapasmagazine.es\/wp-content\/uploads\/2024\/11\/vvv-768x1055.png 768w, https:\/\/www.tapasmagazine.es\/wp-content\/uploads\/2024\/11\/vvv-400x550.png 400w, https:\/\/www.tapasmagazine.es\/wp-content\/uploads\/2024\/11\/vvv.png 850w\" sizes=\"(max-width: 745px) 100vw, 745px\" \/><\/figure>\n<\/figure>\n\n\n\n<p>The<strong> trendy caf\u00e9<\/strong>, reflecting its current avant-garde direction, features a creative menu curated by local talents <strong>Christophe Bellanca<\/strong> and <strong>Mary George<\/strong>, and guided by French chefs <strong>Arnaud Donckele<\/strong> and <strong>Maxime Frederic<\/strong>; who have been collaborating with the house since the opening of Caf\u00e9 Louis Vuitton in St. Tropez.<\/p>\n\n\n\n<figure class=\"wp-block-image size-large\"><img decoding=\"async\" width=\"819\" height=\"1024\" src=\"https:\/\/www.tapasmagazine.es\/wp-content\/uploads\/2024\/11\/467336446_583986487410571_2575539767821921837_n-819x1024.jpg\" alt=\"\" class=\"wp-image-272543\" srcset=\"https:\/\/www.tapasmagazine.es\/wp-content\/uploads\/2024\/11\/467336446_583986487410571_2575539767821921837_n-819x1024.jpg 819w, https:\/\/www.tapasmagazine.es\/wp-content\/uploads\/2024\/11\/467336446_583986487410571_2575539767821921837_n-240x300.jpg 240w, https:\/\/www.tapasmagazine.es\/wp-content\/uploads\/2024\/11\/467336446_583986487410571_2575539767821921837_n-768x960.jpg 768w, https:\/\/www.tapasmagazine.es\/wp-content\/uploads\/2024\/11\/467336446_583986487410571_2575539767821921837_n-1000x1250.jpg 1000w, https:\/\/www.tapasmagazine.es\/wp-content\/uploads\/2024\/11\/467336446_583986487410571_2575539767821921837_n-400x500.jpg 400w, https:\/\/www.tapasmagazine.es\/wp-content\/uploads\/2024\/11\/467336446_583986487410571_2575539767821921837_n.jpg 1080w\" sizes=\"(max-width: 819px) 100vw, 819px\" \/><\/figure>\n\n\n\n<p>The dining room has an interior design inspired by French design, fused with the Maison&#8217;s representative codes and its traveling spirit. It features warm and neutral tones, on which contrast an infinity of books by collaborators such as Stephen Sprouse and Jeff Koons, as well as international creators such as Rem Koolhaas.<\/p>\n\n\n\n<h2 class=\"wp-block-heading\">A culinary journey through the Maison<\/h2>\n\n\n<div class=\"wp-block-image\">\n<figure class=\"aligncenter size-large\"><img decoding=\"async\" width=\"980\" height=\"980\" src=\"https:\/\/www.tapasmagazine.es\/wp-content\/uploads\/2024\/11\/k.jpg\" alt=\"\" class=\"wp-image-272547\" srcset=\"https:\/\/www.tapasmagazine.es\/wp-content\/uploads\/2024\/11\/k.jpg 980w, https:\/\/www.tapasmagazine.es\/wp-content\/uploads\/2024\/11\/k-300x300.jpg 300w, https:\/\/www.tapasmagazine.es\/wp-content\/uploads\/2024\/11\/k-150x150.jpg 150w, https:\/\/www.tapasmagazine.es\/wp-content\/uploads\/2024\/11\/k-768x768.jpg 768w, https:\/\/www.tapasmagazine.es\/wp-content\/uploads\/2024\/11\/k-400x400.jpg 400w\" sizes=\"(max-width: 980px) 100vw, 980px\" \/><\/figure>\n<\/div>\n\n\n<p>The <strong>gastronomic proposal <\/strong>of the caf\u00e9, served on fine Limoges porcelain, features some of Maxime Fr\u00e9d\u00e9ric&#8217;s extraordinary pastry creations such as the &#8216;Noisette Entremet&#8217;. Those who want to opt for the savory section will be able to travel through local dishes with Mediterranean and French nods, such as lobster ravioli, truffled eggs &#8216;\u00e1 la coque&#8217; made French-style with brioche, filet mignon de boeuf or scallop souffl\u00e9.<\/p>\n\n\n\n<figure class=\"wp-block-gallery has-nested-images columns-default is-cropped wp-block-gallery-2 is-layout-flex wp-block-gallery-is-layout-flex\">\n<figure class=\"wp-block-image size-large\"><img decoding=\"async\" width=\"840\" height=\"986\" data-id=\"272545\" src=\"https:\/\/www.tapasmagazine.es\/wp-content\/uploads\/2024\/11\/B.png\" alt=\"\" class=\"wp-image-272545\" srcset=\"https:\/\/www.tapasmagazine.es\/wp-content\/uploads\/2024\/11\/B.png 840w, https:\/\/www.tapasmagazine.es\/wp-content\/uploads\/2024\/11\/B-256x300.png 256w, https:\/\/www.tapasmagazine.es\/wp-content\/uploads\/2024\/11\/B-768x901.png 768w, https:\/\/www.tapasmagazine.es\/wp-content\/uploads\/2024\/11\/B-400x470.png 400w\" sizes=\"(max-width: 840px) 100vw, 840px\" \/><\/figure>\n<\/figure>\n\n\n\n<p>The dessert menu also represents the brand in essence, with three types of entremets, the multi-layered dessert usually served after the cheese plate in France. Each of the flavors -vanilla, hazelnut and chocolate- is apparently a Louis Vuitton signature.<\/p>\n","protected":false},"excerpt":{"rendered":"<p>Click\u00a0here\u00a0to read the Spanish version. The luxury brand&#8217;s new culinary space -opened on November 15- revolves around a library with shelves that dazzle with more than 600 different references. That collision between culture, fashion and gastronomy stimulates the experience offered by its first U.S. caf\u00e9, installed on the fourth floor of the brand&#8217;s Manhattan flagship. [&hellip;]<\/p>\n","protected":false},"author":285,"featured_media":272538,"comment_status":"closed","ping_status":"closed","sticky":false,"template":"","format":"standard","meta":{"_acf_changed":false,"footnotes":""},"categories":[18831,15802,1],"tags":[16537,18023],"class_list":["post-272566","post","type-post","status-publish","format-standard","has-post-thumbnail","hentry","category-lifestyle-en","category-news","category-sin-categorizar","tag-cafe-en","tag-louis-vuitton-en","cat-18831-id","cat-15802-id","cat-1-id"],"acf":[],"yoast_head":"<!-- This site is optimized with the Yoast SEO plugin v27.4 - https:\/\/yoast.com\/product\/yoast-seo-wordpress\/ -->\n<title>Louis Vuitton opens a literary-inspired caf\u00e9 in Manhattan - Tapas<\/title>\n<meta name=\"description\" content=\"Click\u00a0here\u00a0to read the Spanish version. The luxury brand&#039;s new culinary space -opened on November 15- revolves around a library with shelves that dazzle\" \/>\n<meta name=\"robots\" content=\"index, follow, max-snippet:-1, max-image-preview:large, max-video-preview:-1\" \/>\n<link rel=\"canonical\" href=\"https:\/\/www.tapasmagazine.es\/en\/louis-vuitton-opens-literary-inspired-cafe-manhattan\/\" \/>\n<meta property=\"og:locale\" content=\"en_US\" \/>\n<meta property=\"og:type\" content=\"article\" \/>\n<meta property=\"og:title\" content=\"Louis Vuitton opens a literary-inspired caf\u00e9 in Manhattan - Tapas\" \/>\n<meta property=\"og:description\" content=\"Click\u00a0here\u00a0to read the Spanish version. The luxury brand&#039;s new culinary space -opened on November 15- revolves around a library with shelves that dazzle\" \/>\n<meta property=\"og:url\" content=\"https:\/\/www.tapasmagazine.es\/en\/louis-vuitton-opens-literary-inspired-cafe-manhattan\/\" \/>\n<meta property=\"og:site_name\" content=\"Tapas\" \/>\n<meta property=\"article:publisher\" content=\"https:\/\/www.facebook.com\/tapasmagazine\" \/>\n<meta property=\"article:published_time\" content=\"2024-11-26T17:15:54+00:00\" \/>\n<meta property=\"article:modified_time\" content=\"2024-11-26T17:19:02+00:00\" \/>\n<meta property=\"og:image\" content=\"https:\/\/www.tapasmagazine.es\/wp-content\/uploads\/2024\/11\/lv-1.jpg\" \/>\n\t<meta property=\"og:image:width\" content=\"1200\" \/>\n\t<meta property=\"og:image:height\" content=\"675\" \/>\n\t<meta property=\"og:image:type\" content=\"image\/jpeg\" \/>\n<meta name=\"author\" content=\"Laura P\u00e9rez\" \/>\n<meta name=\"twitter:card\" content=\"summary_large_image\" \/>\n<meta name=\"twitter:creator\" content=\"@TapasMagazine\" \/>\n<meta name=\"twitter:site\" content=\"@TapasMagazine\" \/>\n<meta name=\"twitter:label1\" content=\"Written by\" \/>\n\t<meta name=\"twitter:data1\" content=\"Laura P\u00e9rez\" \/>\n\t<meta name=\"twitter:label2\" content=\"Est. reading time\" \/>\n\t<meta name=\"twitter:data2\" content=\"3 minutes\" \/>\n<script type=\"application\/ld+json\" class=\"yoast-schema-graph\">{\"@context\":\"https:\\\/\\\/schema.org\",\"@graph\":[{\"@type\":\"Article\",\"@id\":\"https:\\\/\\\/www.tapasmagazine.es\\\/en\\\/louis-vuitton-opens-literary-inspired-cafe-manhattan\\\/#article\",\"isPartOf\":{\"@id\":\"https:\\\/\\\/www.tapasmagazine.es\\\/en\\\/louis-vuitton-opens-literary-inspired-cafe-manhattan\\\/\"},\"author\":{\"name\":\"Laura P\u00e9rez\",\"@id\":\"https:\\\/\\\/www.tapasmagazine.es\\\/#\\\/schema\\\/person\\\/eb46cbe76a9c8f062660eb609e3ecb4e\"},\"headline\":\"Louis Vuitton opens a literary-inspired caf\u00e9 in Manhattan\",\"datePublished\":\"2024-11-26T17:15:54+00:00\",\"dateModified\":\"2024-11-26T17:19:02+00:00\",\"mainEntityOfPage\":{\"@id\":\"https:\\\/\\\/www.tapasmagazine.es\\\/en\\\/louis-vuitton-opens-literary-inspired-cafe-manhattan\\\/\"},\"wordCount\":281,\"publisher\":{\"@id\":\"https:\\\/\\\/www.tapasmagazine.es\\\/#organization\"},\"image\":{\"@id\":\"https:\\\/\\\/www.tapasmagazine.es\\\/en\\\/louis-vuitton-opens-literary-inspired-cafe-manhattan\\\/#primaryimage\"},\"thumbnailUrl\":\"https:\\\/\\\/www.tapasmagazine.es\\\/wp-content\\\/uploads\\\/2024\\\/11\\\/lv-1.jpg\",\"keywords\":[\"caf\u00e9\",\"Louis Vuitton\"],\"articleSection\":[\"Lifestyle\",\"News\",\"Sin categorizar\"],\"inLanguage\":\"en-US\"},{\"@type\":\"WebPage\",\"@id\":\"https:\\\/\\\/www.tapasmagazine.es\\\/en\\\/louis-vuitton-opens-literary-inspired-cafe-manhattan\\\/\",\"url\":\"https:\\\/\\\/www.tapasmagazine.es\\\/en\\\/louis-vuitton-opens-literary-inspired-cafe-manhattan\\\/\",\"name\":\"Louis Vuitton opens a literary-inspired caf\u00e9 in Manhattan - Tapas\",\"isPartOf\":{\"@id\":\"https:\\\/\\\/www.tapasmagazine.es\\\/#website\"},\"primaryImageOfPage\":{\"@id\":\"https:\\\/\\\/www.tapasmagazine.es\\\/en\\\/louis-vuitton-opens-literary-inspired-cafe-manhattan\\\/#primaryimage\"},\"image\":{\"@id\":\"https:\\\/\\\/www.tapasmagazine.es\\\/en\\\/louis-vuitton-opens-literary-inspired-cafe-manhattan\\\/#primaryimage\"},\"thumbnailUrl\":\"https:\\\/\\\/www.tapasmagazine.es\\\/wp-content\\\/uploads\\\/2024\\\/11\\\/lv-1.jpg\",\"datePublished\":\"2024-11-26T17:15:54+00:00\",\"dateModified\":\"2024-11-26T17:19:02+00:00\",\"description\":\"Click\u00a0here\u00a0to read the Spanish version. The luxury brand's new culinary space -opened on November 15- revolves around a library with shelves that dazzle\",\"breadcrumb\":{\"@id\":\"https:\\\/\\\/www.tapasmagazine.es\\\/en\\\/louis-vuitton-opens-literary-inspired-cafe-manhattan\\\/#breadcrumb\"},\"inLanguage\":\"en-US\",\"potentialAction\":[{\"@type\":\"ReadAction\",\"target\":[\"https:\\\/\\\/www.tapasmagazine.es\\\/en\\\/louis-vuitton-opens-literary-inspired-cafe-manhattan\\\/\"]}]},{\"@type\":\"ImageObject\",\"inLanguage\":\"en-US\",\"@id\":\"https:\\\/\\\/www.tapasmagazine.es\\\/en\\\/louis-vuitton-opens-literary-inspired-cafe-manhattan\\\/#primaryimage\",\"url\":\"https:\\\/\\\/www.tapasmagazine.es\\\/wp-content\\\/uploads\\\/2024\\\/11\\\/lv-1.jpg\",\"contentUrl\":\"https:\\\/\\\/www.tapasmagazine.es\\\/wp-content\\\/uploads\\\/2024\\\/11\\\/lv-1.jpg\",\"width\":1200,\"height\":675},{\"@type\":\"BreadcrumbList\",\"@id\":\"https:\\\/\\\/www.tapasmagazine.es\\\/en\\\/louis-vuitton-opens-literary-inspired-cafe-manhattan\\\/#breadcrumb\",\"itemListElement\":[{\"@type\":\"ListItem\",\"position\":1,\"name\":\"Portada\",\"item\":\"https:\\\/\\\/www.tapasmagazine.es\\\/\"},{\"@type\":\"ListItem\",\"position\":2,\"name\":\"Sin categorizar\",\"item\":\"https:\\\/\\\/www.tapasmagazine.es\\\/categorias\\\/sin-categorizar\\\/\"},{\"@type\":\"ListItem\",\"position\":3,\"name\":\"Louis Vuitton opens a literary-inspired caf\u00e9 in Manhattan\"}]},{\"@type\":\"WebSite\",\"@id\":\"https:\\\/\\\/www.tapasmagazine.es\\\/#website\",\"url\":\"https:\\\/\\\/www.tapasmagazine.es\\\/\",\"name\":\"Tapas\",\"description\":\"\u00d1am \u00d1am Lifestyle. La vida a bocados. Premio Nacional de Gastronom\u00eda 2016.\",\"publisher\":{\"@id\":\"https:\\\/\\\/www.tapasmagazine.es\\\/#organization\"},\"potentialAction\":[{\"@type\":\"SearchAction\",\"target\":{\"@type\":\"EntryPoint\",\"urlTemplate\":\"https:\\\/\\\/www.tapasmagazine.es\\\/?s={search_term_string}\"},\"query-input\":{\"@type\":\"PropertyValueSpecification\",\"valueRequired\":true,\"valueName\":\"search_term_string\"}}],\"inLanguage\":\"en-US\"},{\"@type\":\"Organization\",\"@id\":\"https:\\\/\\\/www.tapasmagazine.es\\\/#organization\",\"name\":\"Tapas Magazine\",\"url\":\"https:\\\/\\\/www.tapasmagazine.es\\\/\",\"logo\":{\"@type\":\"ImageObject\",\"inLanguage\":\"en-US\",\"@id\":\"https:\\\/\\\/www.tapasmagazine.es\\\/#\\\/schema\\\/logo\\\/image\\\/\",\"url\":\"https:\\\/\\\/www.tapasmagazine.es\\\/wp-content\\\/uploads\\\/2018\\\/01\\\/logo.png\",\"contentUrl\":\"https:\\\/\\\/www.tapasmagazine.es\\\/wp-content\\\/uploads\\\/2018\\\/01\\\/logo.png\",\"width\":180,\"height\":60,\"caption\":\"Tapas Magazine\"},\"image\":{\"@id\":\"https:\\\/\\\/www.tapasmagazine.es\\\/#\\\/schema\\\/logo\\\/image\\\/\"},\"sameAs\":[\"https:\\\/\\\/www.facebook.com\\\/tapasmagazine\",\"https:\\\/\\\/x.com\\\/TapasMagazine\",\"https:\\\/\\\/www.instagram.com\\\/tapasmagazine\\\/\",\"https:\\\/\\\/www.linkedin.com\\\/company\\\/tapas-magazine\",\"https:\\\/\\\/es.pinterest.com\\\/tapasmagazine\\\/\",\"https:\\\/\\\/www.youtube.com\\\/channel\\\/UCEyxneAaACuR0lfDagrWjjg?sub_confirmation=1\"]},{\"@type\":\"Person\",\"@id\":\"https:\\\/\\\/www.tapasmagazine.es\\\/#\\\/schema\\\/person\\\/eb46cbe76a9c8f062660eb609e3ecb4e\",\"name\":\"Laura P\u00e9rez\",\"url\":\"https:\\\/\\\/www.tapasmagazine.es\\\/en\\\/author\\\/laura-perez\\\/\"}]}<\/script>\n<!-- \/ Yoast SEO plugin. -->","yoast_head_json":{"title":"Louis Vuitton opens a literary-inspired caf\u00e9 in Manhattan - Tapas","description":"Click\u00a0here\u00a0to read the Spanish version. The luxury brand's new culinary space -opened on November 15- revolves around a library with shelves that dazzle","robots":{"index":"index","follow":"follow","max-snippet":"max-snippet:-1","max-image-preview":"max-image-preview:large","max-video-preview":"max-video-preview:-1"},"canonical":"https:\/\/www.tapasmagazine.es\/en\/louis-vuitton-opens-literary-inspired-cafe-manhattan\/","og_locale":"en_US","og_type":"article","og_title":"Louis Vuitton opens a literary-inspired caf\u00e9 in Manhattan - Tapas","og_description":"Click\u00a0here\u00a0to read the Spanish version. The luxury brand's new culinary space -opened on November 15- revolves around a library with shelves that dazzle","og_url":"https:\/\/www.tapasmagazine.es\/en\/louis-vuitton-opens-literary-inspired-cafe-manhattan\/","og_site_name":"Tapas","article_publisher":"https:\/\/www.facebook.com\/tapasmagazine","article_published_time":"2024-11-26T17:15:54+00:00","article_modified_time":"2024-11-26T17:19:02+00:00","og_image":[{"width":1200,"height":675,"url":"https:\/\/www.tapasmagazine.es\/wp-content\/uploads\/2024\/11\/lv-1.jpg","type":"image\/jpeg"}],"author":"Laura P\u00e9rez","twitter_card":"summary_large_image","twitter_creator":"@TapasMagazine","twitter_site":"@TapasMagazine","twitter_misc":{"Written by":"Laura P\u00e9rez","Est. reading time":"3 minutes"},"schema":{"@context":"https:\/\/schema.org","@graph":[{"@type":"Article","@id":"https:\/\/www.tapasmagazine.es\/en\/louis-vuitton-opens-literary-inspired-cafe-manhattan\/#article","isPartOf":{"@id":"https:\/\/www.tapasmagazine.es\/en\/louis-vuitton-opens-literary-inspired-cafe-manhattan\/"},"author":{"name":"Laura P\u00e9rez","@id":"https:\/\/www.tapasmagazine.es\/#\/schema\/person\/eb46cbe76a9c8f062660eb609e3ecb4e"},"headline":"Louis Vuitton opens a literary-inspired caf\u00e9 in Manhattan","datePublished":"2024-11-26T17:15:54+00:00","dateModified":"2024-11-26T17:19:02+00:00","mainEntityOfPage":{"@id":"https:\/\/www.tapasmagazine.es\/en\/louis-vuitton-opens-literary-inspired-cafe-manhattan\/"},"wordCount":281,"publisher":{"@id":"https:\/\/www.tapasmagazine.es\/#organization"},"image":{"@id":"https:\/\/www.tapasmagazine.es\/en\/louis-vuitton-opens-literary-inspired-cafe-manhattan\/#primaryimage"},"thumbnailUrl":"https:\/\/www.tapasmagazine.es\/wp-content\/uploads\/2024\/11\/lv-1.jpg","keywords":["caf\u00e9","Louis Vuitton"],"articleSection":["Lifestyle","News","Sin categorizar"],"inLanguage":"en-US"},{"@type":"WebPage","@id":"https:\/\/www.tapasmagazine.es\/en\/louis-vuitton-opens-literary-inspired-cafe-manhattan\/","url":"https:\/\/www.tapasmagazine.es\/en\/louis-vuitton-opens-literary-inspired-cafe-manhattan\/","name":"Louis Vuitton opens a literary-inspired caf\u00e9 in Manhattan - Tapas","isPartOf":{"@id":"https:\/\/www.tapasmagazine.es\/#website"},"primaryImageOfPage":{"@id":"https:\/\/www.tapasmagazine.es\/en\/louis-vuitton-opens-literary-inspired-cafe-manhattan\/#primaryimage"},"image":{"@id":"https:\/\/www.tapasmagazine.es\/en\/louis-vuitton-opens-literary-inspired-cafe-manhattan\/#primaryimage"},"thumbnailUrl":"https:\/\/www.tapasmagazine.es\/wp-content\/uploads\/2024\/11\/lv-1.jpg","datePublished":"2024-11-26T17:15:54+00:00","dateModified":"2024-11-26T17:19:02+00:00","description":"Click\u00a0here\u00a0to read the Spanish version. The luxury brand's new culinary space -opened on November 15- revolves around a library with shelves that dazzle","breadcrumb":{"@id":"https:\/\/www.tapasmagazine.es\/en\/louis-vuitton-opens-literary-inspired-cafe-manhattan\/#breadcrumb"},"inLanguage":"en-US","potentialAction":[{"@type":"ReadAction","target":["https:\/\/www.tapasmagazine.es\/en\/louis-vuitton-opens-literary-inspired-cafe-manhattan\/"]}]},{"@type":"ImageObject","inLanguage":"en-US","@id":"https:\/\/www.tapasmagazine.es\/en\/louis-vuitton-opens-literary-inspired-cafe-manhattan\/#primaryimage","url":"https:\/\/www.tapasmagazine.es\/wp-content\/uploads\/2024\/11\/lv-1.jpg","contentUrl":"https:\/\/www.tapasmagazine.es\/wp-content\/uploads\/2024\/11\/lv-1.jpg","width":1200,"height":675},{"@type":"BreadcrumbList","@id":"https:\/\/www.tapasmagazine.es\/en\/louis-vuitton-opens-literary-inspired-cafe-manhattan\/#breadcrumb","itemListElement":[{"@type":"ListItem","position":1,"name":"Portada","item":"https:\/\/www.tapasmagazine.es\/"},{"@type":"ListItem","position":2,"name":"Sin categorizar","item":"https:\/\/www.tapasmagazine.es\/categorias\/sin-categorizar\/"},{"@type":"ListItem","position":3,"name":"Louis Vuitton opens a literary-inspired caf\u00e9 in Manhattan"}]},{"@type":"WebSite","@id":"https:\/\/www.tapasmagazine.es\/#website","url":"https:\/\/www.tapasmagazine.es\/","name":"Tapas","description":"\u00d1am \u00d1am Lifestyle. La vida a bocados. Premio Nacional de Gastronom\u00eda 2016.","publisher":{"@id":"https:\/\/www.tapasmagazine.es\/#organization"},"potentialAction":[{"@type":"SearchAction","target":{"@type":"EntryPoint","urlTemplate":"https:\/\/www.tapasmagazine.es\/?s={search_term_string}"},"query-input":{"@type":"PropertyValueSpecification","valueRequired":true,"valueName":"search_term_string"}}],"inLanguage":"en-US"},{"@type":"Organization","@id":"https:\/\/www.tapasmagazine.es\/#organization","name":"Tapas Magazine","url":"https:\/\/www.tapasmagazine.es\/","logo":{"@type":"ImageObject","inLanguage":"en-US","@id":"https:\/\/www.tapasmagazine.es\/#\/schema\/logo\/image\/","url":"https:\/\/www.tapasmagazine.es\/wp-content\/uploads\/2018\/01\/logo.png","contentUrl":"https:\/\/www.tapasmagazine.es\/wp-content\/uploads\/2018\/01\/logo.png","width":180,"height":60,"caption":"Tapas Magazine"},"image":{"@id":"https:\/\/www.tapasmagazine.es\/#\/schema\/logo\/image\/"},"sameAs":["https:\/\/www.facebook.com\/tapasmagazine","https:\/\/x.com\/TapasMagazine","https:\/\/www.instagram.com\/tapasmagazine\/","https:\/\/www.linkedin.com\/company\/tapas-magazine","https:\/\/es.pinterest.com\/tapasmagazine\/","https:\/\/www.youtube.com\/channel\/UCEyxneAaACuR0lfDagrWjjg?sub_confirmation=1"]},{"@type":"Person","@id":"https:\/\/www.tapasmagazine.es\/#\/schema\/person\/eb46cbe76a9c8f062660eb609e3ecb4e","name":"Laura P\u00e9rez","url":"https:\/\/www.tapasmagazine.es\/en\/author\/laura-perez\/"}]}},"_links":{"self":[{"href":"https:\/\/www.tapasmagazine.es\/en\/wp-json\/wp\/v2\/posts\/272566","targetHints":{"allow":["GET"]}}],"collection":[{"href":"https:\/\/www.tapasmagazine.es\/en\/wp-json\/wp\/v2\/posts"}],"about":[{"href":"https:\/\/www.tapasmagazine.es\/en\/wp-json\/wp\/v2\/types\/post"}],"author":[{"embeddable":true,"href":"https:\/\/www.tapasmagazine.es\/en\/wp-json\/wp\/v2\/users\/285"}],"replies":[{"embeddable":true,"href":"https:\/\/www.tapasmagazine.es\/en\/wp-json\/wp\/v2\/comments?post=272566"}],"version-history":[{"count":2,"href":"https:\/\/www.tapasmagazine.es\/en\/wp-json\/wp\/v2\/posts\/272566\/revisions"}],"predecessor-version":[{"id":272574,"href":"https:\/\/www.tapasmagazine.es\/en\/wp-json\/wp\/v2\/posts\/272566\/revisions\/272574"}],"wp:featuredmedia":[{"embeddable":true,"href":"https:\/\/www.tapasmagazine.es\/en\/wp-json\/wp\/v2\/media\/272538"}],"wp:attachment":[{"href":"https:\/\/www.tapasmagazine.es\/en\/wp-json\/wp\/v2\/media?parent=272566"}],"wp:term":[{"taxonomy":"category","embeddable":true,"href":"https:\/\/www.tapasmagazine.es\/en\/wp-json\/wp\/v2\/categories?post=272566"},{"taxonomy":"post_tag","embeddable":true,"href":"https:\/\/www.tapasmagazine.es\/en\/wp-json\/wp\/v2\/tags?post=272566"}],"curies":[{"name":"wp","href":"https:\/\/api.w.org\/{rel}","templated":true}]}}