{"id":272507,"date":"2024-11-26T17:00:26","date_gmt":"2024-11-26T16:00:26","guid":{"rendered":"https:\/\/www.tapasmagazine.es\/el-desayuno-se-lleva-al-maximalismo-con-la-tendencia-loaded-cereal\/"},"modified":"2024-11-26T17:07:39","modified_gmt":"2024-11-26T16:07:39","slug":"breakfast-goes-maximalist-with-loaded-cereal-trend","status":"publish","type":"post","link":"https:\/\/www.tapasmagazine.es\/en\/breakfast-goes-maximalist-with-loaded-cereal-trend\/","title":{"rendered":"Breakfast goes maximalist with &#8216;loaded cereal&#8217; trend"},"content":{"rendered":"\n<p><strong>Click\u00a0<a href=\"https:\/\/www.tapasmagazine.es\/el-desayuno-se-lleva-al-maximalismo-con-la-tendencia-loaded-cereal\/\" target=\"_blank\" rel=\"noreferrer noopener\">here<\/a>\u00a0to read the Spanish version.<\/strong><\/p>\n\n\n\n<p>Each person follows a different method when it comes to eating cereals. They even perform the ritual at different times of the day. The reality is that it is a snack that offers versatility, to say the least, and can be consumed in multiple combinations. Based on that idea, tiktoker<strong> Lauren Hoffman<\/strong> created a new macro-trend on <strong>TikTok <\/strong>in which she demonstrates how to &#8216;<strong>load up your cereal<\/strong>&#8216; by incorporating lots and lots of ingredients into your bowl.<\/p>\n\n\n\n<p>In the video, Lauren adds Honey Nut Cheerios with several extra additions, such as fresh strawberries, a dollop of peanut butter and brownie bits. And, even though the bowl is practically overflowing, she tops it off with milk and eats it.<\/p>\n\n\n\n<figure class=\"wp-block-embed aligncenter is-type-video is-provider-tiktok wp-block-embed-tiktok\"><div class=\"wp-block-embed__wrapper\">\n<blockquote class=\"tiktok-embed\" cite=\"https:\/\/www.tiktok.com\/@laurenhoffman0\/video\/7431309674403663134\" data-video-id=\"7431309674403663134\" data-embed-from=\"oembed\" style=\"max-width:605px; min-width:325px;\"> <section> <a target=\"_blank\" title=\"@laurenhoffman0\" href=\"https:\/\/www.tiktok.com\/@laurenhoffman0?refer=embed\">@laurenhoffman0<\/a> <p>Just wait till the secret ingredient arrives <a title=\"pregnancycravings\" target=\"_blank\" href=\"https:\/\/www.tiktok.com\/tag\/pregnancycravings?refer=embed\">#pregnancycravings<\/a> <a title=\"fyp\" target=\"_blank\" href=\"https:\/\/www.tiktok.com\/tag\/fyp?refer=embed\">#fyp<\/a> <a title=\"recipe\" target=\"_blank\" href=\"https:\/\/www.tiktok.com\/tag\/recipe?refer=embed\">#recipe<\/a> <a title=\"latenightsnack\" target=\"_blank\" href=\"https:\/\/www.tiktok.com\/tag\/latenightsnack?refer=embed\">#latenightsnack<\/a> <a title=\"midnightsnacks\" target=\"_blank\" href=\"https:\/\/www.tiktok.com\/tag\/midnightsnacks?refer=embed\">#midnightsnacks<\/a> <\/p> <a target=\"_blank\" title=\"\u266c original sound - Lauren Hoffman\" href=\"https:\/\/www.tiktok.com\/music\/original-sound-7431309605696785183?refer=embed\">\u266c original sound &#8211; Lauren Hoffman<\/a> <\/section> <\/blockquote> <script async src=\"https:\/\/www.tiktok.com\/embed.js\"><\/script>\n<\/div><\/figure>\n\n\n\n<p>The<strong> &#8216;loaded cereal&#8217; trend<\/strong> has then been reinterpreted by countless users of the platform, who have wanted to project it on our feeds. The obsession has been such that many have even decided to get up at night to make themselves a cup of loaded cereal. &#8216;I&#8217;m actually crying because I&#8217;m so excited to do this,&#8217; wrote one fan. &#8217;10:23pm and I&#8217;m getting out of bed right now to make this,&#8217; said another.<\/p>\n\n\n\n<figure class=\"wp-block-embed aligncenter is-type-video is-provider-tiktok wp-block-embed-tiktok\"><div class=\"wp-block-embed__wrapper\">\n<blockquote class=\"tiktok-embed\" cite=\"https:\/\/www.tiktok.com\/@onetrickponynuts\/video\/7436160325633887534\" data-video-id=\"7436160325633887534\" data-embed-from=\"oembed\" style=\"max-width:605px; min-width:325px;\"> <section> <a target=\"_blank\" title=\"@onetrickponynuts\" href=\"https:\/\/www.tiktok.com\/@onetrickponynuts?refer=embed\">@onetrickponynuts<\/a> <p>@Lauren Hoffman are we allowed to eat this not pregnant\u2026  @Seven Sundays Cereal <a title=\"loadedcereal\" target=\"_blank\" href=\"https:\/\/www.tiktok.com\/tag\/loadedcereal?refer=embed\">#loadedcereal<\/a> <a title=\"peanutbutter\" target=\"_blank\" href=\"https:\/\/www.tiktok.com\/tag\/peanutbutter?refer=embed\">#peanutbutter<\/a> <\/p> <a target=\"_blank\" title=\"\u266c Ok I Like It - Milky Chance\" href=\"https:\/\/www.tiktok.com\/music\/Ok-I-Like-It-7363314838511175697?refer=embed\">\u266c Ok I Like It &#8211; Milky Chance<\/a> <\/section> <\/blockquote> <script async src=\"https:\/\/www.tiktok.com\/embed.js\"><\/script>\n<\/div><\/figure>\n\n\n\n<p>Since this video was posted, Lauren has continued to share a variety of<strong> loaded cereal ideas<\/strong>. In one bowl, Lauren adds Nutella, strawberries and almond croissant pieces to her cereal; while in another she combines peaches and cream with a drizzle of honey, peaches, bananas, cinnamon and ice cream. The possibilities are endless.<\/p>\n","protected":false},"excerpt":{"rendered":"<p>Click\u00a0here\u00a0to read the Spanish version. Each person follows a different method when it comes to eating cereals. They even perform the ritual at different times of the day. The reality is that it is a snack that offers versatility, to say the least, and can be consumed in multiple combinations. Based on that idea, tiktoker [&hellip;]<\/p>\n","protected":false},"author":285,"featured_media":272502,"comment_status":"closed","ping_status":"closed","sticky":false,"template":"","format":"standard","meta":{"_acf_changed":false,"footnotes":""},"categories":[15802,1],"tags":[16937,15883],"class_list":["post-272507","post","type-post","status-publish","format-standard","has-post-thumbnail","hentry","category-news","category-sin-categorizar","tag-cereales-en","tag-tiktok-en","cat-15802-id","cat-1-id"],"acf":[],"yoast_head":"<!-- This site is optimized with the Yoast SEO plugin v27.4 - https:\/\/yoast.com\/product\/yoast-seo-wordpress\/ -->\n<title>Breakfast goes maximalist with &#039;loaded cereal&#039; trend - Tapas<\/title>\n<meta name=\"description\" content=\"Click\u00a0here\u00a0to read the Spanish version. Each person follows a different method when it comes to eating cereals. They even perform the ritual at different\" \/>\n<meta name=\"robots\" content=\"index, follow, max-snippet:-1, max-image-preview:large, max-video-preview:-1\" \/>\n<link rel=\"canonical\" href=\"https:\/\/www.tapasmagazine.es\/en\/breakfast-goes-maximalist-with-loaded-cereal-trend\/\" \/>\n<meta property=\"og:locale\" content=\"en_US\" \/>\n<meta property=\"og:type\" content=\"article\" \/>\n<meta property=\"og:title\" content=\"Breakfast goes maximalist with &#039;loaded cereal&#039; trend - Tapas\" \/>\n<meta property=\"og:description\" content=\"Click\u00a0here\u00a0to read the Spanish version. Each person follows a different method when it comes to eating cereals. They even perform the ritual at different\" \/>\n<meta property=\"og:url\" content=\"https:\/\/www.tapasmagazine.es\/en\/breakfast-goes-maximalist-with-loaded-cereal-trend\/\" \/>\n<meta property=\"og:site_name\" content=\"Tapas\" \/>\n<meta property=\"article:publisher\" content=\"https:\/\/www.facebook.com\/tapasmagazine\" \/>\n<meta property=\"article:published_time\" content=\"2024-11-26T16:00:26+00:00\" \/>\n<meta property=\"article:modified_time\" content=\"2024-11-26T16:07:39+00:00\" \/>\n<meta property=\"og:image\" content=\"https:\/\/www.tapasmagazine.es\/wp-content\/uploads\/2024\/11\/o-4.jpg\" \/>\n\t<meta property=\"og:image:width\" content=\"1200\" \/>\n\t<meta property=\"og:image:height\" content=\"675\" \/>\n\t<meta property=\"og:image:type\" content=\"image\/jpeg\" \/>\n<meta name=\"author\" content=\"Laura P\u00e9rez\" \/>\n<meta name=\"twitter:card\" content=\"summary_large_image\" \/>\n<meta name=\"twitter:creator\" content=\"@TapasMagazine\" \/>\n<meta name=\"twitter:site\" content=\"@TapasMagazine\" \/>\n<meta name=\"twitter:label1\" content=\"Written by\" \/>\n\t<meta name=\"twitter:data1\" content=\"Laura P\u00e9rez\" \/>\n\t<meta name=\"twitter:label2\" content=\"Est. reading time\" \/>\n\t<meta name=\"twitter:data2\" content=\"2 minutes\" \/>\n<script type=\"application\/ld+json\" class=\"yoast-schema-graph\">{\"@context\":\"https:\\\/\\\/schema.org\",\"@graph\":[{\"@type\":\"Article\",\"@id\":\"https:\\\/\\\/www.tapasmagazine.es\\\/en\\\/breakfast-goes-maximalist-with-loaded-cereal-trend\\\/#article\",\"isPartOf\":{\"@id\":\"https:\\\/\\\/www.tapasmagazine.es\\\/en\\\/breakfast-goes-maximalist-with-loaded-cereal-trend\\\/\"},\"author\":{\"name\":\"Laura P\u00e9rez\",\"@id\":\"https:\\\/\\\/www.tapasmagazine.es\\\/#\\\/schema\\\/person\\\/eb46cbe76a9c8f062660eb609e3ecb4e\"},\"headline\":\"Breakfast goes maximalist with &#8216;loaded cereal&#8217; trend\",\"datePublished\":\"2024-11-26T16:00:26+00:00\",\"dateModified\":\"2024-11-26T16:07:39+00:00\",\"mainEntityOfPage\":{\"@id\":\"https:\\\/\\\/www.tapasmagazine.es\\\/en\\\/breakfast-goes-maximalist-with-loaded-cereal-trend\\\/\"},\"wordCount\":302,\"publisher\":{\"@id\":\"https:\\\/\\\/www.tapasmagazine.es\\\/#organization\"},\"image\":{\"@id\":\"https:\\\/\\\/www.tapasmagazine.es\\\/en\\\/breakfast-goes-maximalist-with-loaded-cereal-trend\\\/#primaryimage\"},\"thumbnailUrl\":\"https:\\\/\\\/www.tapasmagazine.es\\\/wp-content\\\/uploads\\\/2024\\\/11\\\/o-4.jpg\",\"keywords\":[\"cereales\",\"TikTok\"],\"articleSection\":[\"News\",\"Sin categorizar\"],\"inLanguage\":\"en-US\"},{\"@type\":\"WebPage\",\"@id\":\"https:\\\/\\\/www.tapasmagazine.es\\\/en\\\/breakfast-goes-maximalist-with-loaded-cereal-trend\\\/\",\"url\":\"https:\\\/\\\/www.tapasmagazine.es\\\/en\\\/breakfast-goes-maximalist-with-loaded-cereal-trend\\\/\",\"name\":\"Breakfast goes maximalist with 'loaded cereal' trend - Tapas\",\"isPartOf\":{\"@id\":\"https:\\\/\\\/www.tapasmagazine.es\\\/#website\"},\"primaryImageOfPage\":{\"@id\":\"https:\\\/\\\/www.tapasmagazine.es\\\/en\\\/breakfast-goes-maximalist-with-loaded-cereal-trend\\\/#primaryimage\"},\"image\":{\"@id\":\"https:\\\/\\\/www.tapasmagazine.es\\\/en\\\/breakfast-goes-maximalist-with-loaded-cereal-trend\\\/#primaryimage\"},\"thumbnailUrl\":\"https:\\\/\\\/www.tapasmagazine.es\\\/wp-content\\\/uploads\\\/2024\\\/11\\\/o-4.jpg\",\"datePublished\":\"2024-11-26T16:00:26+00:00\",\"dateModified\":\"2024-11-26T16:07:39+00:00\",\"description\":\"Click\u00a0here\u00a0to read the Spanish version. Each person follows a different method when it comes to eating cereals. They even perform the ritual at different\",\"breadcrumb\":{\"@id\":\"https:\\\/\\\/www.tapasmagazine.es\\\/en\\\/breakfast-goes-maximalist-with-loaded-cereal-trend\\\/#breadcrumb\"},\"inLanguage\":\"en-US\",\"potentialAction\":[{\"@type\":\"ReadAction\",\"target\":[\"https:\\\/\\\/www.tapasmagazine.es\\\/en\\\/breakfast-goes-maximalist-with-loaded-cereal-trend\\\/\"]}]},{\"@type\":\"ImageObject\",\"inLanguage\":\"en-US\",\"@id\":\"https:\\\/\\\/www.tapasmagazine.es\\\/en\\\/breakfast-goes-maximalist-with-loaded-cereal-trend\\\/#primaryimage\",\"url\":\"https:\\\/\\\/www.tapasmagazine.es\\\/wp-content\\\/uploads\\\/2024\\\/11\\\/o-4.jpg\",\"contentUrl\":\"https:\\\/\\\/www.tapasmagazine.es\\\/wp-content\\\/uploads\\\/2024\\\/11\\\/o-4.jpg\",\"width\":1200,\"height\":675},{\"@type\":\"BreadcrumbList\",\"@id\":\"https:\\\/\\\/www.tapasmagazine.es\\\/en\\\/breakfast-goes-maximalist-with-loaded-cereal-trend\\\/#breadcrumb\",\"itemListElement\":[{\"@type\":\"ListItem\",\"position\":1,\"name\":\"Portada\",\"item\":\"https:\\\/\\\/www.tapasmagazine.es\\\/\"},{\"@type\":\"ListItem\",\"position\":2,\"name\":\"Sin categorizar\",\"item\":\"https:\\\/\\\/www.tapasmagazine.es\\\/categorias\\\/sin-categorizar\\\/\"},{\"@type\":\"ListItem\",\"position\":3,\"name\":\"Breakfast goes maximalist with &#8216;loaded cereal&#8217; trend\"}]},{\"@type\":\"WebSite\",\"@id\":\"https:\\\/\\\/www.tapasmagazine.es\\\/#website\",\"url\":\"https:\\\/\\\/www.tapasmagazine.es\\\/\",\"name\":\"Tapas\",\"description\":\"\u00d1am \u00d1am Lifestyle. La vida a bocados. Premio Nacional de Gastronom\u00eda 2016.\",\"publisher\":{\"@id\":\"https:\\\/\\\/www.tapasmagazine.es\\\/#organization\"},\"potentialAction\":[{\"@type\":\"SearchAction\",\"target\":{\"@type\":\"EntryPoint\",\"urlTemplate\":\"https:\\\/\\\/www.tapasmagazine.es\\\/?s={search_term_string}\"},\"query-input\":{\"@type\":\"PropertyValueSpecification\",\"valueRequired\":true,\"valueName\":\"search_term_string\"}}],\"inLanguage\":\"en-US\"},{\"@type\":\"Organization\",\"@id\":\"https:\\\/\\\/www.tapasmagazine.es\\\/#organization\",\"name\":\"Tapas Magazine\",\"url\":\"https:\\\/\\\/www.tapasmagazine.es\\\/\",\"logo\":{\"@type\":\"ImageObject\",\"inLanguage\":\"en-US\",\"@id\":\"https:\\\/\\\/www.tapasmagazine.es\\\/#\\\/schema\\\/logo\\\/image\\\/\",\"url\":\"https:\\\/\\\/www.tapasmagazine.es\\\/wp-content\\\/uploads\\\/2018\\\/01\\\/logo.png\",\"contentUrl\":\"https:\\\/\\\/www.tapasmagazine.es\\\/wp-content\\\/uploads\\\/2018\\\/01\\\/logo.png\",\"width\":180,\"height\":60,\"caption\":\"Tapas Magazine\"},\"image\":{\"@id\":\"https:\\\/\\\/www.tapasmagazine.es\\\/#\\\/schema\\\/logo\\\/image\\\/\"},\"sameAs\":[\"https:\\\/\\\/www.facebook.com\\\/tapasmagazine\",\"https:\\\/\\\/x.com\\\/TapasMagazine\",\"https:\\\/\\\/www.instagram.com\\\/tapasmagazine\\\/\",\"https:\\\/\\\/www.linkedin.com\\\/company\\\/tapas-magazine\",\"https:\\\/\\\/es.pinterest.com\\\/tapasmagazine\\\/\",\"https:\\\/\\\/www.youtube.com\\\/channel\\\/UCEyxneAaACuR0lfDagrWjjg?sub_confirmation=1\"]},{\"@type\":\"Person\",\"@id\":\"https:\\\/\\\/www.tapasmagazine.es\\\/#\\\/schema\\\/person\\\/eb46cbe76a9c8f062660eb609e3ecb4e\",\"name\":\"Laura P\u00e9rez\",\"url\":\"https:\\\/\\\/www.tapasmagazine.es\\\/en\\\/author\\\/laura-perez\\\/\"}]}<\/script>\n<!-- \/ Yoast SEO plugin. -->","yoast_head_json":{"title":"Breakfast goes maximalist with 'loaded cereal' trend - Tapas","description":"Click\u00a0here\u00a0to read the Spanish version. Each person follows a different method when it comes to eating cereals. They even perform the ritual at different","robots":{"index":"index","follow":"follow","max-snippet":"max-snippet:-1","max-image-preview":"max-image-preview:large","max-video-preview":"max-video-preview:-1"},"canonical":"https:\/\/www.tapasmagazine.es\/en\/breakfast-goes-maximalist-with-loaded-cereal-trend\/","og_locale":"en_US","og_type":"article","og_title":"Breakfast goes maximalist with 'loaded cereal' trend - Tapas","og_description":"Click\u00a0here\u00a0to read the Spanish version. Each person follows a different method when it comes to eating cereals. They even perform the ritual at different","og_url":"https:\/\/www.tapasmagazine.es\/en\/breakfast-goes-maximalist-with-loaded-cereal-trend\/","og_site_name":"Tapas","article_publisher":"https:\/\/www.facebook.com\/tapasmagazine","article_published_time":"2024-11-26T16:00:26+00:00","article_modified_time":"2024-11-26T16:07:39+00:00","og_image":[{"width":1200,"height":675,"url":"https:\/\/www.tapasmagazine.es\/wp-content\/uploads\/2024\/11\/o-4.jpg","type":"image\/jpeg"}],"author":"Laura P\u00e9rez","twitter_card":"summary_large_image","twitter_creator":"@TapasMagazine","twitter_site":"@TapasMagazine","twitter_misc":{"Written by":"Laura P\u00e9rez","Est. reading time":"2 minutes"},"schema":{"@context":"https:\/\/schema.org","@graph":[{"@type":"Article","@id":"https:\/\/www.tapasmagazine.es\/en\/breakfast-goes-maximalist-with-loaded-cereal-trend\/#article","isPartOf":{"@id":"https:\/\/www.tapasmagazine.es\/en\/breakfast-goes-maximalist-with-loaded-cereal-trend\/"},"author":{"name":"Laura P\u00e9rez","@id":"https:\/\/www.tapasmagazine.es\/#\/schema\/person\/eb46cbe76a9c8f062660eb609e3ecb4e"},"headline":"Breakfast goes maximalist with &#8216;loaded cereal&#8217; trend","datePublished":"2024-11-26T16:00:26+00:00","dateModified":"2024-11-26T16:07:39+00:00","mainEntityOfPage":{"@id":"https:\/\/www.tapasmagazine.es\/en\/breakfast-goes-maximalist-with-loaded-cereal-trend\/"},"wordCount":302,"publisher":{"@id":"https:\/\/www.tapasmagazine.es\/#organization"},"image":{"@id":"https:\/\/www.tapasmagazine.es\/en\/breakfast-goes-maximalist-with-loaded-cereal-trend\/#primaryimage"},"thumbnailUrl":"https:\/\/www.tapasmagazine.es\/wp-content\/uploads\/2024\/11\/o-4.jpg","keywords":["cereales","TikTok"],"articleSection":["News","Sin categorizar"],"inLanguage":"en-US"},{"@type":"WebPage","@id":"https:\/\/www.tapasmagazine.es\/en\/breakfast-goes-maximalist-with-loaded-cereal-trend\/","url":"https:\/\/www.tapasmagazine.es\/en\/breakfast-goes-maximalist-with-loaded-cereal-trend\/","name":"Breakfast goes maximalist with 'loaded cereal' trend - Tapas","isPartOf":{"@id":"https:\/\/www.tapasmagazine.es\/#website"},"primaryImageOfPage":{"@id":"https:\/\/www.tapasmagazine.es\/en\/breakfast-goes-maximalist-with-loaded-cereal-trend\/#primaryimage"},"image":{"@id":"https:\/\/www.tapasmagazine.es\/en\/breakfast-goes-maximalist-with-loaded-cereal-trend\/#primaryimage"},"thumbnailUrl":"https:\/\/www.tapasmagazine.es\/wp-content\/uploads\/2024\/11\/o-4.jpg","datePublished":"2024-11-26T16:00:26+00:00","dateModified":"2024-11-26T16:07:39+00:00","description":"Click\u00a0here\u00a0to read the Spanish version. Each person follows a different method when it comes to eating cereals. They even perform the ritual at different","breadcrumb":{"@id":"https:\/\/www.tapasmagazine.es\/en\/breakfast-goes-maximalist-with-loaded-cereal-trend\/#breadcrumb"},"inLanguage":"en-US","potentialAction":[{"@type":"ReadAction","target":["https:\/\/www.tapasmagazine.es\/en\/breakfast-goes-maximalist-with-loaded-cereal-trend\/"]}]},{"@type":"ImageObject","inLanguage":"en-US","@id":"https:\/\/www.tapasmagazine.es\/en\/breakfast-goes-maximalist-with-loaded-cereal-trend\/#primaryimage","url":"https:\/\/www.tapasmagazine.es\/wp-content\/uploads\/2024\/11\/o-4.jpg","contentUrl":"https:\/\/www.tapasmagazine.es\/wp-content\/uploads\/2024\/11\/o-4.jpg","width":1200,"height":675},{"@type":"BreadcrumbList","@id":"https:\/\/www.tapasmagazine.es\/en\/breakfast-goes-maximalist-with-loaded-cereal-trend\/#breadcrumb","itemListElement":[{"@type":"ListItem","position":1,"name":"Portada","item":"https:\/\/www.tapasmagazine.es\/"},{"@type":"ListItem","position":2,"name":"Sin categorizar","item":"https:\/\/www.tapasmagazine.es\/categorias\/sin-categorizar\/"},{"@type":"ListItem","position":3,"name":"Breakfast goes maximalist with &#8216;loaded cereal&#8217; trend"}]},{"@type":"WebSite","@id":"https:\/\/www.tapasmagazine.es\/#website","url":"https:\/\/www.tapasmagazine.es\/","name":"Tapas","description":"\u00d1am \u00d1am Lifestyle. La vida a bocados. Premio Nacional de Gastronom\u00eda 2016.","publisher":{"@id":"https:\/\/www.tapasmagazine.es\/#organization"},"potentialAction":[{"@type":"SearchAction","target":{"@type":"EntryPoint","urlTemplate":"https:\/\/www.tapasmagazine.es\/?s={search_term_string}"},"query-input":{"@type":"PropertyValueSpecification","valueRequired":true,"valueName":"search_term_string"}}],"inLanguage":"en-US"},{"@type":"Organization","@id":"https:\/\/www.tapasmagazine.es\/#organization","name":"Tapas Magazine","url":"https:\/\/www.tapasmagazine.es\/","logo":{"@type":"ImageObject","inLanguage":"en-US","@id":"https:\/\/www.tapasmagazine.es\/#\/schema\/logo\/image\/","url":"https:\/\/www.tapasmagazine.es\/wp-content\/uploads\/2018\/01\/logo.png","contentUrl":"https:\/\/www.tapasmagazine.es\/wp-content\/uploads\/2018\/01\/logo.png","width":180,"height":60,"caption":"Tapas Magazine"},"image":{"@id":"https:\/\/www.tapasmagazine.es\/#\/schema\/logo\/image\/"},"sameAs":["https:\/\/www.facebook.com\/tapasmagazine","https:\/\/x.com\/TapasMagazine","https:\/\/www.instagram.com\/tapasmagazine\/","https:\/\/www.linkedin.com\/company\/tapas-magazine","https:\/\/es.pinterest.com\/tapasmagazine\/","https:\/\/www.youtube.com\/channel\/UCEyxneAaACuR0lfDagrWjjg?sub_confirmation=1"]},{"@type":"Person","@id":"https:\/\/www.tapasmagazine.es\/#\/schema\/person\/eb46cbe76a9c8f062660eb609e3ecb4e","name":"Laura P\u00e9rez","url":"https:\/\/www.tapasmagazine.es\/en\/author\/laura-perez\/"}]}},"_links":{"self":[{"href":"https:\/\/www.tapasmagazine.es\/en\/wp-json\/wp\/v2\/posts\/272507","targetHints":{"allow":["GET"]}}],"collection":[{"href":"https:\/\/www.tapasmagazine.es\/en\/wp-json\/wp\/v2\/posts"}],"about":[{"href":"https:\/\/www.tapasmagazine.es\/en\/wp-json\/wp\/v2\/types\/post"}],"author":[{"embeddable":true,"href":"https:\/\/www.tapasmagazine.es\/en\/wp-json\/wp\/v2\/users\/285"}],"replies":[{"embeddable":true,"href":"https:\/\/www.tapasmagazine.es\/en\/wp-json\/wp\/v2\/comments?post=272507"}],"version-history":[{"count":2,"href":"https:\/\/www.tapasmagazine.es\/en\/wp-json\/wp\/v2\/posts\/272507\/revisions"}],"predecessor-version":[{"id":272518,"href":"https:\/\/www.tapasmagazine.es\/en\/wp-json\/wp\/v2\/posts\/272507\/revisions\/272518"}],"wp:featuredmedia":[{"embeddable":true,"href":"https:\/\/www.tapasmagazine.es\/en\/wp-json\/wp\/v2\/media\/272502"}],"wp:attachment":[{"href":"https:\/\/www.tapasmagazine.es\/en\/wp-json\/wp\/v2\/media?parent=272507"}],"wp:term":[{"taxonomy":"category","embeddable":true,"href":"https:\/\/www.tapasmagazine.es\/en\/wp-json\/wp\/v2\/categories?post=272507"},{"taxonomy":"post_tag","embeddable":true,"href":"https:\/\/www.tapasmagazine.es\/en\/wp-json\/wp\/v2\/tags?post=272507"}],"curies":[{"name":"wp","href":"https:\/\/api.w.org\/{rel}","templated":true}]}}