{"id":272329,"date":"2024-11-26T10:34:22","date_gmt":"2024-11-26T09:34:22","guid":{"rendered":"https:\/\/www.tapasmagazine.es\/mauro-colagreco-eleva-la-alta-cocina-al-cielo-con-un-menu-a-bordo-para-vistajet\/"},"modified":"2024-11-26T10:39:25","modified_gmt":"2024-11-26T09:39:25","slug":"mauro-colagreco-takes-haute-cuisine-to-the-skies-with-an-in-flight-menu-for-vistajet","status":"publish","type":"post","link":"https:\/\/www.tapasmagazine.es\/en\/mauro-colagreco-takes-haute-cuisine-to-the-skies-with-an-in-flight-menu-for-vistajet\/","title":{"rendered":"Mauro Colagreco takes haute cuisine to the skies with an in-flight menu for VistaJet"},"content":{"rendered":"\n<p><strong>Click\u00a0<a href=\"https:\/\/www.tapasmagazine.es\/mauro-colagreco-eleva-la-alta-cocina-al-cielo-con-un-menu-a-bordo-para-vistajet\/\" target=\"_blank\" rel=\"noreferrer noopener\">here<\/a>\u00a0to read the Spanish version.<\/strong><\/p>\n\n\n\n<p><strong>Mauro Colagreco <\/strong>now takes his cuisine out of orbit. Considered one of the best chefs in the world, the owner of the French restaurant <strong>Mirazur<\/strong>, now takes the future of cuisine to the top, as a transforming and empowering agent of the environment.<\/p>\n\n\n\n<p>The airline VistaJet has partnered with the Argentine chef to offer its customers this exclusive experience that deploys three menus from Mirazur&#8217;s menu adapted to altitude, biodynamic agriculture and the lunar calendar.<\/p>\n\n\n<div class=\"wp-block-image\">\n<figure class=\"aligncenter size-full is-resized\"><img decoding=\"async\" width=\"815\" height=\"1024\" src=\"https:\/\/www.tapasmagazine.es\/wp-content\/uploads\/2024\/11\/captura-de-pantalla-2024-11-07-a-las-18.31.08_easy-resize.com_.jpg\" alt=\"\" class=\"wp-image-272323\" style=\"width:847px;height:auto\" srcset=\"https:\/\/www.tapasmagazine.es\/wp-content\/uploads\/2024\/11\/captura-de-pantalla-2024-11-07-a-las-18.31.08_easy-resize.com_.jpg 815w, https:\/\/www.tapasmagazine.es\/wp-content\/uploads\/2024\/11\/captura-de-pantalla-2024-11-07-a-las-18.31.08_easy-resize.com_-239x300.jpg 239w, https:\/\/www.tapasmagazine.es\/wp-content\/uploads\/2024\/11\/captura-de-pantalla-2024-11-07-a-las-18.31.08_easy-resize.com_-768x965.jpg 768w, https:\/\/www.tapasmagazine.es\/wp-content\/uploads\/2024\/11\/captura-de-pantalla-2024-11-07-a-las-18.31.08_easy-resize.com_-400x503.jpg 400w\" sizes=\"(max-width: 815px) 100vw, 815px\" \/><\/figure>\n<\/div>\n\n\n<p><strong>Colagreco<\/strong>, who has also eclipsed the Ibizan gastronomic scene from the design chiringuito<strong> El Silencio Ibiza<\/strong> -based on his infinite connection with nature and produce-, will now generate the same effect from the sky with dishes adapted to the pressure and altitude.<\/p>\n\n\n\n<h2 class=\"wp-block-heading\">Spatial association<\/h2>\n\n\n\n<p>The private jet charter company will serve these private dinners in the air with exclusive menus for customers flying from Nice airport. In addition, the chef has created a picnic selection for shorter flights; and a plant-based menu for people with intolerances.<\/p>\n\n\n<div class=\"wp-block-image\">\n<figure class=\"aligncenter size-large is-resized\"><img decoding=\"async\" width=\"1024\" height=\"683\" src=\"https:\/\/www.tapasmagazine.es\/wp-content\/uploads\/2024\/11\/seasonalslide2-1024x683.webp\" alt=\"\" class=\"wp-image-272325\" style=\"width:872px;height:auto\" srcset=\"https:\/\/www.tapasmagazine.es\/wp-content\/uploads\/2024\/11\/seasonalslide2-1024x683.webp 1024w, https:\/\/www.tapasmagazine.es\/wp-content\/uploads\/2024\/11\/seasonalslide2-300x200.webp 300w, https:\/\/www.tapasmagazine.es\/wp-content\/uploads\/2024\/11\/seasonalslide2-768x512.webp 768w, https:\/\/www.tapasmagazine.es\/wp-content\/uploads\/2024\/11\/seasonalslide2-1536x1024.webp 1536w, https:\/\/www.tapasmagazine.es\/wp-content\/uploads\/2024\/11\/seasonalslide2-2048x1366.webp 2048w, https:\/\/www.tapasmagazine.es\/wp-content\/uploads\/2024\/11\/seasonalslide2-1000x667.webp 1000w, https:\/\/www.tapasmagazine.es\/wp-content\/uploads\/2024\/11\/seasonalslide2-400x267.webp 400w\" sizes=\"(max-width: 1024px) 100vw, 1024px\" \/><\/figure>\n<\/div>\n\n\n<p>This high-end gastronomic partnership with a renowned chef is not the company&#8217;s first. Depending on the airport from which they fly, airline passengers can also choose from a wide range of signature menus created by such luminaries as British chef <strong>Alex Dilling<\/strong> or Japanese chef <strong>Nobu Matsuhisa<\/strong>.<\/p>\n","protected":false},"excerpt":{"rendered":"<p>Click\u00a0here\u00a0to read the Spanish version. Mauro Colagreco now takes his cuisine out of orbit. Considered one of the best chefs in the world, the owner of the French restaurant Mirazur, now takes the future of cuisine to the top, as a transforming and empowering agent of the environment. The airline VistaJet has partnered with the [&hellip;]<\/p>\n","protected":false},"author":285,"featured_media":272322,"comment_status":"closed","ping_status":"closed","sticky":false,"template":"","format":"standard","meta":{"_acf_changed":false,"footnotes":""},"categories":[15848,1],"tags":[19374,15824],"class_list":["post-272329","post","type-post","status-publish","format-standard","has-post-thumbnail","hentry","category-chefs-en","category-sin-categorizar","tag-avion-en","tag-gastronomia-en","cat-15848-id","cat-1-id"],"acf":[],"yoast_head":"<!-- This site is optimized with the Yoast SEO plugin v27.5 - https:\/\/yoast.com\/product\/yoast-seo-wordpress\/ -->\n<title>Mauro Colagreco takes haute cuisine to the skies with an in-flight menu for VistaJet - Tapas<\/title>\n<meta name=\"description\" content=\"Click\u00a0here\u00a0to read the Spanish version. Mauro Colagreco now takes his cuisine out of orbit. Considered one of the best chefs in the world, the owner of\" \/>\n<meta name=\"robots\" content=\"index, follow, max-snippet:-1, max-image-preview:large, max-video-preview:-1\" \/>\n<link rel=\"canonical\" href=\"https:\/\/www.tapasmagazine.es\/en\/mauro-colagreco-takes-haute-cuisine-to-the-skies-with-an-in-flight-menu-for-vistajet\/\" \/>\n<meta property=\"og:locale\" content=\"en_US\" \/>\n<meta property=\"og:type\" content=\"article\" \/>\n<meta property=\"og:title\" content=\"Mauro Colagreco takes haute cuisine to the skies with an in-flight menu for VistaJet - Tapas\" \/>\n<meta property=\"og:description\" content=\"Click\u00a0here\u00a0to read the Spanish version. Mauro Colagreco now takes his cuisine out of orbit. Considered one of the best chefs in the world, the owner of\" \/>\n<meta property=\"og:url\" content=\"https:\/\/www.tapasmagazine.es\/en\/mauro-colagreco-takes-haute-cuisine-to-the-skies-with-an-in-flight-menu-for-vistajet\/\" \/>\n<meta property=\"og:site_name\" content=\"Tapas\" \/>\n<meta property=\"article:publisher\" content=\"https:\/\/www.facebook.com\/tapasmagazine\" \/>\n<meta property=\"article:published_time\" content=\"2024-11-26T09:34:22+00:00\" \/>\n<meta property=\"article:modified_time\" content=\"2024-11-26T09:39:25+00:00\" \/>\n<meta property=\"og:image\" content=\"https:\/\/www.tapasmagazine.es\/wp-content\/uploads\/2024\/11\/colagreco.jpg\" \/>\n\t<meta property=\"og:image:width\" content=\"1200\" \/>\n\t<meta property=\"og:image:height\" content=\"675\" \/>\n\t<meta property=\"og:image:type\" content=\"image\/jpeg\" \/>\n<meta name=\"author\" content=\"Laura P\u00e9rez\" \/>\n<meta name=\"twitter:card\" content=\"summary_large_image\" \/>\n<meta name=\"twitter:creator\" content=\"@TapasMagazine\" \/>\n<meta name=\"twitter:site\" content=\"@TapasMagazine\" \/>\n<meta name=\"twitter:label1\" content=\"Written by\" \/>\n\t<meta name=\"twitter:data1\" content=\"Laura P\u00e9rez\" \/>\n\t<meta name=\"twitter:label2\" content=\"Est. reading time\" \/>\n\t<meta name=\"twitter:data2\" content=\"2 minutes\" \/>\n<script type=\"application\/ld+json\" class=\"yoast-schema-graph\">{\"@context\":\"https:\\\/\\\/schema.org\",\"@graph\":[{\"@type\":\"Article\",\"@id\":\"https:\\\/\\\/www.tapasmagazine.es\\\/en\\\/mauro-colagreco-takes-haute-cuisine-to-the-skies-with-an-in-flight-menu-for-vistajet\\\/#article\",\"isPartOf\":{\"@id\":\"https:\\\/\\\/www.tapasmagazine.es\\\/en\\\/mauro-colagreco-takes-haute-cuisine-to-the-skies-with-an-in-flight-menu-for-vistajet\\\/\"},\"author\":{\"name\":\"Laura P\u00e9rez\",\"@id\":\"https:\\\/\\\/www.tapasmagazine.es\\\/#\\\/schema\\\/person\\\/eb46cbe76a9c8f062660eb609e3ecb4e\"},\"headline\":\"Mauro Colagreco takes haute cuisine to the skies with an in-flight menu for VistaJet\",\"datePublished\":\"2024-11-26T09:34:22+00:00\",\"dateModified\":\"2024-11-26T09:39:25+00:00\",\"mainEntityOfPage\":{\"@id\":\"https:\\\/\\\/www.tapasmagazine.es\\\/en\\\/mauro-colagreco-takes-haute-cuisine-to-the-skies-with-an-in-flight-menu-for-vistajet\\\/\"},\"wordCount\":231,\"publisher\":{\"@id\":\"https:\\\/\\\/www.tapasmagazine.es\\\/#organization\"},\"image\":{\"@id\":\"https:\\\/\\\/www.tapasmagazine.es\\\/en\\\/mauro-colagreco-takes-haute-cuisine-to-the-skies-with-an-in-flight-menu-for-vistajet\\\/#primaryimage\"},\"thumbnailUrl\":\"https:\\\/\\\/www.tapasmagazine.es\\\/wp-content\\\/uploads\\\/2024\\\/11\\\/colagreco.jpg\",\"keywords\":[\"avi\u00f3n\",\"gastronom\u00eda\"],\"articleSection\":[\"Chefs\",\"Sin categorizar\"],\"inLanguage\":\"en-US\"},{\"@type\":\"WebPage\",\"@id\":\"https:\\\/\\\/www.tapasmagazine.es\\\/en\\\/mauro-colagreco-takes-haute-cuisine-to-the-skies-with-an-in-flight-menu-for-vistajet\\\/\",\"url\":\"https:\\\/\\\/www.tapasmagazine.es\\\/en\\\/mauro-colagreco-takes-haute-cuisine-to-the-skies-with-an-in-flight-menu-for-vistajet\\\/\",\"name\":\"Mauro Colagreco takes haute cuisine to the skies with an in-flight menu for VistaJet - Tapas\",\"isPartOf\":{\"@id\":\"https:\\\/\\\/www.tapasmagazine.es\\\/#website\"},\"primaryImageOfPage\":{\"@id\":\"https:\\\/\\\/www.tapasmagazine.es\\\/en\\\/mauro-colagreco-takes-haute-cuisine-to-the-skies-with-an-in-flight-menu-for-vistajet\\\/#primaryimage\"},\"image\":{\"@id\":\"https:\\\/\\\/www.tapasmagazine.es\\\/en\\\/mauro-colagreco-takes-haute-cuisine-to-the-skies-with-an-in-flight-menu-for-vistajet\\\/#primaryimage\"},\"thumbnailUrl\":\"https:\\\/\\\/www.tapasmagazine.es\\\/wp-content\\\/uploads\\\/2024\\\/11\\\/colagreco.jpg\",\"datePublished\":\"2024-11-26T09:34:22+00:00\",\"dateModified\":\"2024-11-26T09:39:25+00:00\",\"description\":\"Click\u00a0here\u00a0to read the Spanish version. Mauro Colagreco now takes his cuisine out of orbit. Considered one of the best chefs in the world, the owner of\",\"breadcrumb\":{\"@id\":\"https:\\\/\\\/www.tapasmagazine.es\\\/en\\\/mauro-colagreco-takes-haute-cuisine-to-the-skies-with-an-in-flight-menu-for-vistajet\\\/#breadcrumb\"},\"inLanguage\":\"en-US\",\"potentialAction\":[{\"@type\":\"ReadAction\",\"target\":[\"https:\\\/\\\/www.tapasmagazine.es\\\/en\\\/mauro-colagreco-takes-haute-cuisine-to-the-skies-with-an-in-flight-menu-for-vistajet\\\/\"]}]},{\"@type\":\"ImageObject\",\"inLanguage\":\"en-US\",\"@id\":\"https:\\\/\\\/www.tapasmagazine.es\\\/en\\\/mauro-colagreco-takes-haute-cuisine-to-the-skies-with-an-in-flight-menu-for-vistajet\\\/#primaryimage\",\"url\":\"https:\\\/\\\/www.tapasmagazine.es\\\/wp-content\\\/uploads\\\/2024\\\/11\\\/colagreco.jpg\",\"contentUrl\":\"https:\\\/\\\/www.tapasmagazine.es\\\/wp-content\\\/uploads\\\/2024\\\/11\\\/colagreco.jpg\",\"width\":1200,\"height\":675},{\"@type\":\"BreadcrumbList\",\"@id\":\"https:\\\/\\\/www.tapasmagazine.es\\\/en\\\/mauro-colagreco-takes-haute-cuisine-to-the-skies-with-an-in-flight-menu-for-vistajet\\\/#breadcrumb\",\"itemListElement\":[{\"@type\":\"ListItem\",\"position\":1,\"name\":\"Portada\",\"item\":\"https:\\\/\\\/www.tapasmagazine.es\\\/\"},{\"@type\":\"ListItem\",\"position\":2,\"name\":\"Sin categorizar\",\"item\":\"https:\\\/\\\/www.tapasmagazine.es\\\/categorias\\\/sin-categorizar\\\/\"},{\"@type\":\"ListItem\",\"position\":3,\"name\":\"Mauro Colagreco takes haute cuisine to the skies with an in-flight menu for VistaJet\"}]},{\"@type\":\"WebSite\",\"@id\":\"https:\\\/\\\/www.tapasmagazine.es\\\/#website\",\"url\":\"https:\\\/\\\/www.tapasmagazine.es\\\/\",\"name\":\"Tapas\",\"description\":\"\u00d1am \u00d1am Lifestyle. La vida a bocados. Premio Nacional de Gastronom\u00eda 2016.\",\"publisher\":{\"@id\":\"https:\\\/\\\/www.tapasmagazine.es\\\/#organization\"},\"potentialAction\":[{\"@type\":\"SearchAction\",\"target\":{\"@type\":\"EntryPoint\",\"urlTemplate\":\"https:\\\/\\\/www.tapasmagazine.es\\\/?s={search_term_string}\"},\"query-input\":{\"@type\":\"PropertyValueSpecification\",\"valueRequired\":true,\"valueName\":\"search_term_string\"}}],\"inLanguage\":\"en-US\"},{\"@type\":\"Organization\",\"@id\":\"https:\\\/\\\/www.tapasmagazine.es\\\/#organization\",\"name\":\"Tapas Magazine\",\"url\":\"https:\\\/\\\/www.tapasmagazine.es\\\/\",\"logo\":{\"@type\":\"ImageObject\",\"inLanguage\":\"en-US\",\"@id\":\"https:\\\/\\\/www.tapasmagazine.es\\\/#\\\/schema\\\/logo\\\/image\\\/\",\"url\":\"https:\\\/\\\/www.tapasmagazine.es\\\/wp-content\\\/uploads\\\/2018\\\/01\\\/logo.png\",\"contentUrl\":\"https:\\\/\\\/www.tapasmagazine.es\\\/wp-content\\\/uploads\\\/2018\\\/01\\\/logo.png\",\"width\":180,\"height\":60,\"caption\":\"Tapas Magazine\"},\"image\":{\"@id\":\"https:\\\/\\\/www.tapasmagazine.es\\\/#\\\/schema\\\/logo\\\/image\\\/\"},\"sameAs\":[\"https:\\\/\\\/www.facebook.com\\\/tapasmagazine\",\"https:\\\/\\\/x.com\\\/TapasMagazine\",\"https:\\\/\\\/www.instagram.com\\\/tapasmagazine\\\/\",\"https:\\\/\\\/www.linkedin.com\\\/company\\\/tapas-magazine\",\"https:\\\/\\\/es.pinterest.com\\\/tapasmagazine\\\/\",\"https:\\\/\\\/www.youtube.com\\\/channel\\\/UCEyxneAaACuR0lfDagrWjjg?sub_confirmation=1\"]},{\"@type\":\"Person\",\"@id\":\"https:\\\/\\\/www.tapasmagazine.es\\\/#\\\/schema\\\/person\\\/eb46cbe76a9c8f062660eb609e3ecb4e\",\"name\":\"Laura P\u00e9rez\",\"url\":\"https:\\\/\\\/www.tapasmagazine.es\\\/en\\\/author\\\/laura-perez\\\/\"}]}<\/script>\n<!-- \/ Yoast SEO plugin. -->","yoast_head_json":{"title":"Mauro Colagreco takes haute cuisine to the skies with an in-flight menu for VistaJet - Tapas","description":"Click\u00a0here\u00a0to read the Spanish version. Mauro Colagreco now takes his cuisine out of orbit. Considered one of the best chefs in the world, the owner of","robots":{"index":"index","follow":"follow","max-snippet":"max-snippet:-1","max-image-preview":"max-image-preview:large","max-video-preview":"max-video-preview:-1"},"canonical":"https:\/\/www.tapasmagazine.es\/en\/mauro-colagreco-takes-haute-cuisine-to-the-skies-with-an-in-flight-menu-for-vistajet\/","og_locale":"en_US","og_type":"article","og_title":"Mauro Colagreco takes haute cuisine to the skies with an in-flight menu for VistaJet - Tapas","og_description":"Click\u00a0here\u00a0to read the Spanish version. Mauro Colagreco now takes his cuisine out of orbit. Considered one of the best chefs in the world, the owner of","og_url":"https:\/\/www.tapasmagazine.es\/en\/mauro-colagreco-takes-haute-cuisine-to-the-skies-with-an-in-flight-menu-for-vistajet\/","og_site_name":"Tapas","article_publisher":"https:\/\/www.facebook.com\/tapasmagazine","article_published_time":"2024-11-26T09:34:22+00:00","article_modified_time":"2024-11-26T09:39:25+00:00","og_image":[{"width":1200,"height":675,"url":"https:\/\/www.tapasmagazine.es\/wp-content\/uploads\/2024\/11\/colagreco.jpg","type":"image\/jpeg"}],"author":"Laura P\u00e9rez","twitter_card":"summary_large_image","twitter_creator":"@TapasMagazine","twitter_site":"@TapasMagazine","twitter_misc":{"Written by":"Laura P\u00e9rez","Est. reading time":"2 minutes"},"schema":{"@context":"https:\/\/schema.org","@graph":[{"@type":"Article","@id":"https:\/\/www.tapasmagazine.es\/en\/mauro-colagreco-takes-haute-cuisine-to-the-skies-with-an-in-flight-menu-for-vistajet\/#article","isPartOf":{"@id":"https:\/\/www.tapasmagazine.es\/en\/mauro-colagreco-takes-haute-cuisine-to-the-skies-with-an-in-flight-menu-for-vistajet\/"},"author":{"name":"Laura P\u00e9rez","@id":"https:\/\/www.tapasmagazine.es\/#\/schema\/person\/eb46cbe76a9c8f062660eb609e3ecb4e"},"headline":"Mauro Colagreco takes haute cuisine to the skies with an in-flight menu for VistaJet","datePublished":"2024-11-26T09:34:22+00:00","dateModified":"2024-11-26T09:39:25+00:00","mainEntityOfPage":{"@id":"https:\/\/www.tapasmagazine.es\/en\/mauro-colagreco-takes-haute-cuisine-to-the-skies-with-an-in-flight-menu-for-vistajet\/"},"wordCount":231,"publisher":{"@id":"https:\/\/www.tapasmagazine.es\/#organization"},"image":{"@id":"https:\/\/www.tapasmagazine.es\/en\/mauro-colagreco-takes-haute-cuisine-to-the-skies-with-an-in-flight-menu-for-vistajet\/#primaryimage"},"thumbnailUrl":"https:\/\/www.tapasmagazine.es\/wp-content\/uploads\/2024\/11\/colagreco.jpg","keywords":["avi\u00f3n","gastronom\u00eda"],"articleSection":["Chefs","Sin categorizar"],"inLanguage":"en-US"},{"@type":"WebPage","@id":"https:\/\/www.tapasmagazine.es\/en\/mauro-colagreco-takes-haute-cuisine-to-the-skies-with-an-in-flight-menu-for-vistajet\/","url":"https:\/\/www.tapasmagazine.es\/en\/mauro-colagreco-takes-haute-cuisine-to-the-skies-with-an-in-flight-menu-for-vistajet\/","name":"Mauro Colagreco takes haute cuisine to the skies with an in-flight menu for VistaJet - Tapas","isPartOf":{"@id":"https:\/\/www.tapasmagazine.es\/#website"},"primaryImageOfPage":{"@id":"https:\/\/www.tapasmagazine.es\/en\/mauro-colagreco-takes-haute-cuisine-to-the-skies-with-an-in-flight-menu-for-vistajet\/#primaryimage"},"image":{"@id":"https:\/\/www.tapasmagazine.es\/en\/mauro-colagreco-takes-haute-cuisine-to-the-skies-with-an-in-flight-menu-for-vistajet\/#primaryimage"},"thumbnailUrl":"https:\/\/www.tapasmagazine.es\/wp-content\/uploads\/2024\/11\/colagreco.jpg","datePublished":"2024-11-26T09:34:22+00:00","dateModified":"2024-11-26T09:39:25+00:00","description":"Click\u00a0here\u00a0to read the Spanish version. Mauro Colagreco now takes his cuisine out of orbit. Considered one of the best chefs in the world, the owner of","breadcrumb":{"@id":"https:\/\/www.tapasmagazine.es\/en\/mauro-colagreco-takes-haute-cuisine-to-the-skies-with-an-in-flight-menu-for-vistajet\/#breadcrumb"},"inLanguage":"en-US","potentialAction":[{"@type":"ReadAction","target":["https:\/\/www.tapasmagazine.es\/en\/mauro-colagreco-takes-haute-cuisine-to-the-skies-with-an-in-flight-menu-for-vistajet\/"]}]},{"@type":"ImageObject","inLanguage":"en-US","@id":"https:\/\/www.tapasmagazine.es\/en\/mauro-colagreco-takes-haute-cuisine-to-the-skies-with-an-in-flight-menu-for-vistajet\/#primaryimage","url":"https:\/\/www.tapasmagazine.es\/wp-content\/uploads\/2024\/11\/colagreco.jpg","contentUrl":"https:\/\/www.tapasmagazine.es\/wp-content\/uploads\/2024\/11\/colagreco.jpg","width":1200,"height":675},{"@type":"BreadcrumbList","@id":"https:\/\/www.tapasmagazine.es\/en\/mauro-colagreco-takes-haute-cuisine-to-the-skies-with-an-in-flight-menu-for-vistajet\/#breadcrumb","itemListElement":[{"@type":"ListItem","position":1,"name":"Portada","item":"https:\/\/www.tapasmagazine.es\/"},{"@type":"ListItem","position":2,"name":"Sin categorizar","item":"https:\/\/www.tapasmagazine.es\/categorias\/sin-categorizar\/"},{"@type":"ListItem","position":3,"name":"Mauro Colagreco takes haute cuisine to the skies with an in-flight menu for VistaJet"}]},{"@type":"WebSite","@id":"https:\/\/www.tapasmagazine.es\/#website","url":"https:\/\/www.tapasmagazine.es\/","name":"Tapas","description":"\u00d1am \u00d1am Lifestyle. La vida a bocados. Premio Nacional de Gastronom\u00eda 2016.","publisher":{"@id":"https:\/\/www.tapasmagazine.es\/#organization"},"potentialAction":[{"@type":"SearchAction","target":{"@type":"EntryPoint","urlTemplate":"https:\/\/www.tapasmagazine.es\/?s={search_term_string}"},"query-input":{"@type":"PropertyValueSpecification","valueRequired":true,"valueName":"search_term_string"}}],"inLanguage":"en-US"},{"@type":"Organization","@id":"https:\/\/www.tapasmagazine.es\/#organization","name":"Tapas Magazine","url":"https:\/\/www.tapasmagazine.es\/","logo":{"@type":"ImageObject","inLanguage":"en-US","@id":"https:\/\/www.tapasmagazine.es\/#\/schema\/logo\/image\/","url":"https:\/\/www.tapasmagazine.es\/wp-content\/uploads\/2018\/01\/logo.png","contentUrl":"https:\/\/www.tapasmagazine.es\/wp-content\/uploads\/2018\/01\/logo.png","width":180,"height":60,"caption":"Tapas Magazine"},"image":{"@id":"https:\/\/www.tapasmagazine.es\/#\/schema\/logo\/image\/"},"sameAs":["https:\/\/www.facebook.com\/tapasmagazine","https:\/\/x.com\/TapasMagazine","https:\/\/www.instagram.com\/tapasmagazine\/","https:\/\/www.linkedin.com\/company\/tapas-magazine","https:\/\/es.pinterest.com\/tapasmagazine\/","https:\/\/www.youtube.com\/channel\/UCEyxneAaACuR0lfDagrWjjg?sub_confirmation=1"]},{"@type":"Person","@id":"https:\/\/www.tapasmagazine.es\/#\/schema\/person\/eb46cbe76a9c8f062660eb609e3ecb4e","name":"Laura P\u00e9rez","url":"https:\/\/www.tapasmagazine.es\/en\/author\/laura-perez\/"}]}},"_links":{"self":[{"href":"https:\/\/www.tapasmagazine.es\/en\/wp-json\/wp\/v2\/posts\/272329","targetHints":{"allow":["GET"]}}],"collection":[{"href":"https:\/\/www.tapasmagazine.es\/en\/wp-json\/wp\/v2\/posts"}],"about":[{"href":"https:\/\/www.tapasmagazine.es\/en\/wp-json\/wp\/v2\/types\/post"}],"author":[{"embeddable":true,"href":"https:\/\/www.tapasmagazine.es\/en\/wp-json\/wp\/v2\/users\/285"}],"replies":[{"embeddable":true,"href":"https:\/\/www.tapasmagazine.es\/en\/wp-json\/wp\/v2\/comments?post=272329"}],"version-history":[{"count":2,"href":"https:\/\/www.tapasmagazine.es\/en\/wp-json\/wp\/v2\/posts\/272329\/revisions"}],"predecessor-version":[{"id":272334,"href":"https:\/\/www.tapasmagazine.es\/en\/wp-json\/wp\/v2\/posts\/272329\/revisions\/272334"}],"wp:featuredmedia":[{"embeddable":true,"href":"https:\/\/www.tapasmagazine.es\/en\/wp-json\/wp\/v2\/media\/272322"}],"wp:attachment":[{"href":"https:\/\/www.tapasmagazine.es\/en\/wp-json\/wp\/v2\/media?parent=272329"}],"wp:term":[{"taxonomy":"category","embeddable":true,"href":"https:\/\/www.tapasmagazine.es\/en\/wp-json\/wp\/v2\/categories?post=272329"},{"taxonomy":"post_tag","embeddable":true,"href":"https:\/\/www.tapasmagazine.es\/en\/wp-json\/wp\/v2\/tags?post=272329"}],"curies":[{"name":"wp","href":"https:\/\/api.w.org\/{rel}","templated":true}]}}