{"id":272261,"date":"2024-11-25T16:37:39","date_gmt":"2024-11-25T15:37:39","guid":{"rendered":"https:\/\/www.tapasmagazine.es\/angel-leon-y-rafa-zafra-organizan-una-cena-solidaria-destinada-a-valencia-para-valencia\/"},"modified":"2024-11-25T16:47:29","modified_gmt":"2024-11-25T15:47:29","slug":"angel-leon-rafa-zafra-organize-solidarity-dinner-for-valencia-para-valencia","status":"publish","type":"post","link":"https:\/\/www.tapasmagazine.es\/en\/angel-leon-rafa-zafra-organize-solidarity-dinner-for-valencia-para-valencia\/","title":{"rendered":"\u00c1ngel Le\u00f3n and Rafa Zafra organize a solidarity dinner for &#8216;Valencia para Valencia&#8217;"},"content":{"rendered":"\n<p><strong>Click\u00a0<a href=\"https:\/\/www.tapasmagazine.es\/angel-leon-y-rafa-zafra-haran-una-cena-solidaria-destinada-a-valencia-para-valencia\/\" target=\"_blank\" rel=\"noreferrer noopener\">here<\/a>\u00a0to read the Spanish version.<\/strong><\/p>\n\n\n\n<p>The &#8216;<strong>Desde Valencia para Valencia<\/strong>&#8216; initiative, led by <strong>Ricard Camarena<\/strong>,<strong> Bego\u00f1a Rodrigo<\/strong> and <strong>Quique Dacosta<\/strong>, in collaboration with the Valencian Business Association (<strong>AVE<\/strong>), which has been joined by countless culinary stars such as Dabiz Mu\u00f1oz, Diego Guerrero and Paco Roncero, continues to mobilize other chefs to raise funds to help revive the economy and the lives of those affected by the hurricane.<\/p>\n\n\n\n<p><strong>\u00c1ngel Le\u00f3n<\/strong> and <strong>Rafa Zafra <\/strong>have been the latest to join this powerful cause through a charity dinner that will take place on<strong> December 13<\/strong> at <strong>8.30 pm <\/strong>at the <strong>Hotel Alfonso XIII, a Luxury Collection Hotel Seville<\/strong>. All proceeds raised there will go to help recover the devastated areas, with a special focus on restoring the self-employed, businesses and small businesses.<\/p>\n\n\n<div class=\"wp-block-image\">\n<figure class=\"aligncenter size-full is-resized\"><img decoding=\"async\" width=\"500\" height=\"500\" src=\"https:\/\/www.tapasmagazine.es\/wp-content\/uploads\/2024\/11\/sevilla.png\" alt=\"\" class=\"wp-image-272252\" style=\"width:862px;height:auto\" srcset=\"https:\/\/www.tapasmagazine.es\/wp-content\/uploads\/2024\/11\/sevilla.png 500w, https:\/\/www.tapasmagazine.es\/wp-content\/uploads\/2024\/11\/sevilla-300x300.png 300w, https:\/\/www.tapasmagazine.es\/wp-content\/uploads\/2024\/11\/sevilla-150x150.png 150w, https:\/\/www.tapasmagazine.es\/wp-content\/uploads\/2024\/11\/sevilla-400x400.png 400w\" sizes=\"(max-width: 500px) 100vw, 500px\" \/><\/figure>\n<\/div>\n\n\n<p>A total of<strong> 200 people<\/strong> will be able to sit at the table of this evening of solidarity and taste the ode to the sea of the chef of Aponiente and Estimar with which they will be immersed in a menu that will reflect two different ways of viewing the water.<\/p>\n\n\n\n<p>Cooking with<strong> Rafa Zafra <\/strong>is something that we owed us. And we have been presented with this beautiful opportunity to cook together for Valencia. We are going to give everything to raise as much as possible and help our Valencian friends. Two hundred people will be able to collaborate with this cause, in a unique tribute to the sea. Two different ways of looking at water, two chefs united by Valencia and by the passion for the sea. The Atlantic and the Mediterranean, giving the best. I thank all our partners who make this collaboration possible and we look forward to seeing you on December 13 in Seville&#8217;, says \u00c1ngel Le\u00f3n.<\/p>\n\n\n\n<figure class=\"wp-block-gallery has-nested-images columns-default is-cropped wp-block-gallery-1 is-layout-flex wp-block-gallery-is-layout-flex\">\n<figure class=\"wp-block-image size-large\"><img decoding=\"async\" width=\"500\" height=\"500\" data-id=\"272254\" src=\"https:\/\/www.tapasmagazine.es\/wp-content\/uploads\/2024\/11\/AL.webp\" alt=\"\" class=\"wp-image-272254\" srcset=\"https:\/\/www.tapasmagazine.es\/wp-content\/uploads\/2024\/11\/AL.webp 500w, https:\/\/www.tapasmagazine.es\/wp-content\/uploads\/2024\/11\/AL-300x300.webp 300w, https:\/\/www.tapasmagazine.es\/wp-content\/uploads\/2024\/11\/AL-150x150.webp 150w, https:\/\/www.tapasmagazine.es\/wp-content\/uploads\/2024\/11\/AL-400x400.webp 400w\" sizes=\"(max-width: 500px) 100vw, 500px\" \/><\/figure>\n\n\n\n<figure class=\"wp-block-image size-large\"><img decoding=\"async\" width=\"500\" height=\"500\" data-id=\"272256\" src=\"https:\/\/www.tapasmagazine.es\/wp-content\/uploads\/2024\/11\/RZ.webp\" alt=\"\" class=\"wp-image-272256\" srcset=\"https:\/\/www.tapasmagazine.es\/wp-content\/uploads\/2024\/11\/RZ.webp 500w, https:\/\/www.tapasmagazine.es\/wp-content\/uploads\/2024\/11\/RZ-300x300.webp 300w, https:\/\/www.tapasmagazine.es\/wp-content\/uploads\/2024\/11\/RZ-150x150.webp 150w, https:\/\/www.tapasmagazine.es\/wp-content\/uploads\/2024\/11\/RZ-400x400.webp 400w\" sizes=\"(max-width: 500px) 100vw, 500px\" \/><\/figure>\n<\/figure>\n\n\n\n<p>For his part, <strong>Rafa Zafra<\/strong>, expresses about the initiative: &#8216;It is a privilege and an honor to be able to cook with my dear brother and teacher, \u00c1ngel Le\u00f3n. Even more so when it comes to this solidarity initiative \u201cFrom Valencia for Valencia\u201d led by my colleagues Ricard Camarena, Bego\u00f1a Rodrigo and Quique Dacosta, with the aim of raising funds for the areas affected by the DANA. For the first time we unite our passions for the sea: the Atlantic and the Mediterranean, two unique ways of understanding it, poetry and innovation, product and purity and above all, two chefs united in the same heart to do our bit for this great cause. You do not know how excited I am to share this day with all my countrymen. On December 13th in my beloved Seville at the impressive Hotel Alfonso XIII we will sail the seas together for Valencia&#8217;.<\/p>\n\n\n\n<p>Reservations can be made through <strong><a href=\"https:\/\/desdevalenciaparavalencia.com\/producto\/sevilla\/\" target=\"_blank\" rel=\"noreferrer noopener\">this link<\/a><\/strong> or the following email contact: sevilla@desdevalenciaparavalencia.com<\/p>\n","protected":false},"excerpt":{"rendered":"<p>Click\u00a0here\u00a0to read the Spanish version. The &#8216;Desde Valencia para Valencia&#8216; initiative, led by Ricard Camarena, Bego\u00f1a Rodrigo and Quique Dacosta, in collaboration with the Valencian Business Association (AVE), which has been joined by countless culinary stars such as Dabiz Mu\u00f1oz, Diego Guerrero and Paco Roncero, continues to mobilize other chefs to raise funds to help [&hellip;]<\/p>\n","protected":false},"author":285,"featured_media":272251,"comment_status":"closed","ping_status":"closed","sticky":false,"template":"","format":"standard","meta":{"_acf_changed":false,"footnotes":""},"categories":[15848,1],"tags":[],"class_list":["post-272261","post","type-post","status-publish","format-standard","has-post-thumbnail","hentry","category-chefs-en","category-sin-categorizar","cat-15848-id","cat-1-id"],"acf":[],"yoast_head":"<!-- This site is optimized with the Yoast SEO plugin v27.5 - https:\/\/yoast.com\/product\/yoast-seo-wordpress\/ -->\n<title>\u00c1ngel Le\u00f3n and Rafa Zafra organize a solidarity dinner for &#039;Valencia para Valencia&#039; - Tapas<\/title>\n<meta name=\"description\" content=\"Click\u00a0here\u00a0to read the Spanish version. The &#039;Desde Valencia para Valencia&#039; initiative, led by Ricard Camarena, Bego\u00f1a Rodrigo and Quique Dacosta, in\" \/>\n<meta name=\"robots\" content=\"index, follow, max-snippet:-1, max-image-preview:large, max-video-preview:-1\" \/>\n<link rel=\"canonical\" href=\"https:\/\/www.tapasmagazine.es\/en\/angel-leon-rafa-zafra-organize-solidarity-dinner-for-valencia-para-valencia\/\" \/>\n<meta property=\"og:locale\" content=\"en_US\" \/>\n<meta property=\"og:type\" content=\"article\" \/>\n<meta property=\"og:title\" content=\"\u00c1ngel Le\u00f3n and Rafa Zafra organize a solidarity dinner for &#039;Valencia para Valencia&#039; - Tapas\" \/>\n<meta property=\"og:description\" content=\"Click\u00a0here\u00a0to read the Spanish version. The &#039;Desde Valencia para Valencia&#039; initiative, led by Ricard Camarena, Bego\u00f1a Rodrigo and Quique Dacosta, in\" \/>\n<meta property=\"og:url\" content=\"https:\/\/www.tapasmagazine.es\/en\/angel-leon-rafa-zafra-organize-solidarity-dinner-for-valencia-para-valencia\/\" \/>\n<meta property=\"og:site_name\" content=\"Tapas\" \/>\n<meta property=\"article:publisher\" content=\"https:\/\/www.facebook.com\/tapasmagazine\" \/>\n<meta property=\"article:published_time\" content=\"2024-11-25T15:37:39+00:00\" \/>\n<meta property=\"article:modified_time\" content=\"2024-11-25T15:47:29+00:00\" \/>\n<meta property=\"og:image\" content=\"https:\/\/www.tapasmagazine.es\/wp-content\/uploads\/2024\/11\/fgdfdgdg.jpg\" \/>\n\t<meta property=\"og:image:width\" content=\"1200\" \/>\n\t<meta property=\"og:image:height\" content=\"675\" \/>\n\t<meta property=\"og:image:type\" content=\"image\/jpeg\" \/>\n<meta name=\"author\" content=\"Laura P\u00e9rez\" \/>\n<meta name=\"twitter:card\" content=\"summary_large_image\" \/>\n<meta name=\"twitter:creator\" content=\"@TapasMagazine\" \/>\n<meta name=\"twitter:site\" content=\"@TapasMagazine\" \/>\n<meta name=\"twitter:label1\" content=\"Written by\" \/>\n\t<meta name=\"twitter:data1\" content=\"Laura P\u00e9rez\" \/>\n\t<meta name=\"twitter:label2\" content=\"Est. reading time\" \/>\n\t<meta name=\"twitter:data2\" content=\"3 minutes\" \/>\n<script type=\"application\/ld+json\" class=\"yoast-schema-graph\">{\"@context\":\"https:\\\/\\\/schema.org\",\"@graph\":[{\"@type\":\"Article\",\"@id\":\"https:\\\/\\\/www.tapasmagazine.es\\\/en\\\/angel-leon-rafa-zafra-organize-solidarity-dinner-for-valencia-para-valencia\\\/#article\",\"isPartOf\":{\"@id\":\"https:\\\/\\\/www.tapasmagazine.es\\\/en\\\/angel-leon-rafa-zafra-organize-solidarity-dinner-for-valencia-para-valencia\\\/\"},\"author\":{\"name\":\"Laura P\u00e9rez\",\"@id\":\"https:\\\/\\\/www.tapasmagazine.es\\\/#\\\/schema\\\/person\\\/eb46cbe76a9c8f062660eb609e3ecb4e\"},\"headline\":\"\u00c1ngel Le\u00f3n and Rafa Zafra organize a solidarity dinner for &#8216;Valencia para Valencia&#8217;\",\"datePublished\":\"2024-11-25T15:37:39+00:00\",\"dateModified\":\"2024-11-25T15:47:29+00:00\",\"mainEntityOfPage\":{\"@id\":\"https:\\\/\\\/www.tapasmagazine.es\\\/en\\\/angel-leon-rafa-zafra-organize-solidarity-dinner-for-valencia-para-valencia\\\/\"},\"wordCount\":474,\"publisher\":{\"@id\":\"https:\\\/\\\/www.tapasmagazine.es\\\/#organization\"},\"image\":{\"@id\":\"https:\\\/\\\/www.tapasmagazine.es\\\/en\\\/angel-leon-rafa-zafra-organize-solidarity-dinner-for-valencia-para-valencia\\\/#primaryimage\"},\"thumbnailUrl\":\"https:\\\/\\\/www.tapasmagazine.es\\\/wp-content\\\/uploads\\\/2024\\\/11\\\/fgdfdgdg.jpg\",\"articleSection\":[\"Chefs\",\"Sin categorizar\"],\"inLanguage\":\"en-US\"},{\"@type\":\"WebPage\",\"@id\":\"https:\\\/\\\/www.tapasmagazine.es\\\/en\\\/angel-leon-rafa-zafra-organize-solidarity-dinner-for-valencia-para-valencia\\\/\",\"url\":\"https:\\\/\\\/www.tapasmagazine.es\\\/en\\\/angel-leon-rafa-zafra-organize-solidarity-dinner-for-valencia-para-valencia\\\/\",\"name\":\"\u00c1ngel Le\u00f3n and Rafa Zafra organize a solidarity dinner for 'Valencia para Valencia' - Tapas\",\"isPartOf\":{\"@id\":\"https:\\\/\\\/www.tapasmagazine.es\\\/#website\"},\"primaryImageOfPage\":{\"@id\":\"https:\\\/\\\/www.tapasmagazine.es\\\/en\\\/angel-leon-rafa-zafra-organize-solidarity-dinner-for-valencia-para-valencia\\\/#primaryimage\"},\"image\":{\"@id\":\"https:\\\/\\\/www.tapasmagazine.es\\\/en\\\/angel-leon-rafa-zafra-organize-solidarity-dinner-for-valencia-para-valencia\\\/#primaryimage\"},\"thumbnailUrl\":\"https:\\\/\\\/www.tapasmagazine.es\\\/wp-content\\\/uploads\\\/2024\\\/11\\\/fgdfdgdg.jpg\",\"datePublished\":\"2024-11-25T15:37:39+00:00\",\"dateModified\":\"2024-11-25T15:47:29+00:00\",\"description\":\"Click\u00a0here\u00a0to read the Spanish version. The 'Desde Valencia para Valencia' initiative, led by Ricard Camarena, Bego\u00f1a Rodrigo and Quique Dacosta, in\",\"breadcrumb\":{\"@id\":\"https:\\\/\\\/www.tapasmagazine.es\\\/en\\\/angel-leon-rafa-zafra-organize-solidarity-dinner-for-valencia-para-valencia\\\/#breadcrumb\"},\"inLanguage\":\"en-US\",\"potentialAction\":[{\"@type\":\"ReadAction\",\"target\":[\"https:\\\/\\\/www.tapasmagazine.es\\\/en\\\/angel-leon-rafa-zafra-organize-solidarity-dinner-for-valencia-para-valencia\\\/\"]}]},{\"@type\":\"ImageObject\",\"inLanguage\":\"en-US\",\"@id\":\"https:\\\/\\\/www.tapasmagazine.es\\\/en\\\/angel-leon-rafa-zafra-organize-solidarity-dinner-for-valencia-para-valencia\\\/#primaryimage\",\"url\":\"https:\\\/\\\/www.tapasmagazine.es\\\/wp-content\\\/uploads\\\/2024\\\/11\\\/fgdfdgdg.jpg\",\"contentUrl\":\"https:\\\/\\\/www.tapasmagazine.es\\\/wp-content\\\/uploads\\\/2024\\\/11\\\/fgdfdgdg.jpg\",\"width\":1200,\"height\":675},{\"@type\":\"BreadcrumbList\",\"@id\":\"https:\\\/\\\/www.tapasmagazine.es\\\/en\\\/angel-leon-rafa-zafra-organize-solidarity-dinner-for-valencia-para-valencia\\\/#breadcrumb\",\"itemListElement\":[{\"@type\":\"ListItem\",\"position\":1,\"name\":\"Portada\",\"item\":\"https:\\\/\\\/www.tapasmagazine.es\\\/\"},{\"@type\":\"ListItem\",\"position\":2,\"name\":\"Sin categorizar\",\"item\":\"https:\\\/\\\/www.tapasmagazine.es\\\/categorias\\\/sin-categorizar\\\/\"},{\"@type\":\"ListItem\",\"position\":3,\"name\":\"\u00c1ngel Le\u00f3n and Rafa Zafra organize a solidarity dinner for &#8216;Valencia para Valencia&#8217;\"}]},{\"@type\":\"WebSite\",\"@id\":\"https:\\\/\\\/www.tapasmagazine.es\\\/#website\",\"url\":\"https:\\\/\\\/www.tapasmagazine.es\\\/\",\"name\":\"Tapas\",\"description\":\"\u00d1am \u00d1am Lifestyle. La vida a bocados. Premio Nacional de Gastronom\u00eda 2016.\",\"publisher\":{\"@id\":\"https:\\\/\\\/www.tapasmagazine.es\\\/#organization\"},\"potentialAction\":[{\"@type\":\"SearchAction\",\"target\":{\"@type\":\"EntryPoint\",\"urlTemplate\":\"https:\\\/\\\/www.tapasmagazine.es\\\/?s={search_term_string}\"},\"query-input\":{\"@type\":\"PropertyValueSpecification\",\"valueRequired\":true,\"valueName\":\"search_term_string\"}}],\"inLanguage\":\"en-US\"},{\"@type\":\"Organization\",\"@id\":\"https:\\\/\\\/www.tapasmagazine.es\\\/#organization\",\"name\":\"Tapas Magazine\",\"url\":\"https:\\\/\\\/www.tapasmagazine.es\\\/\",\"logo\":{\"@type\":\"ImageObject\",\"inLanguage\":\"en-US\",\"@id\":\"https:\\\/\\\/www.tapasmagazine.es\\\/#\\\/schema\\\/logo\\\/image\\\/\",\"url\":\"https:\\\/\\\/www.tapasmagazine.es\\\/wp-content\\\/uploads\\\/2018\\\/01\\\/logo.png\",\"contentUrl\":\"https:\\\/\\\/www.tapasmagazine.es\\\/wp-content\\\/uploads\\\/2018\\\/01\\\/logo.png\",\"width\":180,\"height\":60,\"caption\":\"Tapas Magazine\"},\"image\":{\"@id\":\"https:\\\/\\\/www.tapasmagazine.es\\\/#\\\/schema\\\/logo\\\/image\\\/\"},\"sameAs\":[\"https:\\\/\\\/www.facebook.com\\\/tapasmagazine\",\"https:\\\/\\\/x.com\\\/TapasMagazine\",\"https:\\\/\\\/www.instagram.com\\\/tapasmagazine\\\/\",\"https:\\\/\\\/www.linkedin.com\\\/company\\\/tapas-magazine\",\"https:\\\/\\\/es.pinterest.com\\\/tapasmagazine\\\/\",\"https:\\\/\\\/www.youtube.com\\\/channel\\\/UCEyxneAaACuR0lfDagrWjjg?sub_confirmation=1\"]},{\"@type\":\"Person\",\"@id\":\"https:\\\/\\\/www.tapasmagazine.es\\\/#\\\/schema\\\/person\\\/eb46cbe76a9c8f062660eb609e3ecb4e\",\"name\":\"Laura P\u00e9rez\",\"url\":\"https:\\\/\\\/www.tapasmagazine.es\\\/en\\\/author\\\/laura-perez\\\/\"}]}<\/script>\n<!-- \/ Yoast SEO plugin. -->","yoast_head_json":{"title":"\u00c1ngel Le\u00f3n and Rafa Zafra organize a solidarity dinner for 'Valencia para Valencia' - Tapas","description":"Click\u00a0here\u00a0to read the Spanish version. The 'Desde Valencia para Valencia' initiative, led by Ricard Camarena, Bego\u00f1a Rodrigo and Quique Dacosta, in","robots":{"index":"index","follow":"follow","max-snippet":"max-snippet:-1","max-image-preview":"max-image-preview:large","max-video-preview":"max-video-preview:-1"},"canonical":"https:\/\/www.tapasmagazine.es\/en\/angel-leon-rafa-zafra-organize-solidarity-dinner-for-valencia-para-valencia\/","og_locale":"en_US","og_type":"article","og_title":"\u00c1ngel Le\u00f3n and Rafa Zafra organize a solidarity dinner for 'Valencia para Valencia' - Tapas","og_description":"Click\u00a0here\u00a0to read the Spanish version. The 'Desde Valencia para Valencia' initiative, led by Ricard Camarena, Bego\u00f1a Rodrigo and Quique Dacosta, in","og_url":"https:\/\/www.tapasmagazine.es\/en\/angel-leon-rafa-zafra-organize-solidarity-dinner-for-valencia-para-valencia\/","og_site_name":"Tapas","article_publisher":"https:\/\/www.facebook.com\/tapasmagazine","article_published_time":"2024-11-25T15:37:39+00:00","article_modified_time":"2024-11-25T15:47:29+00:00","og_image":[{"width":1200,"height":675,"url":"https:\/\/www.tapasmagazine.es\/wp-content\/uploads\/2024\/11\/fgdfdgdg.jpg","type":"image\/jpeg"}],"author":"Laura P\u00e9rez","twitter_card":"summary_large_image","twitter_creator":"@TapasMagazine","twitter_site":"@TapasMagazine","twitter_misc":{"Written by":"Laura P\u00e9rez","Est. reading time":"3 minutes"},"schema":{"@context":"https:\/\/schema.org","@graph":[{"@type":"Article","@id":"https:\/\/www.tapasmagazine.es\/en\/angel-leon-rafa-zafra-organize-solidarity-dinner-for-valencia-para-valencia\/#article","isPartOf":{"@id":"https:\/\/www.tapasmagazine.es\/en\/angel-leon-rafa-zafra-organize-solidarity-dinner-for-valencia-para-valencia\/"},"author":{"name":"Laura P\u00e9rez","@id":"https:\/\/www.tapasmagazine.es\/#\/schema\/person\/eb46cbe76a9c8f062660eb609e3ecb4e"},"headline":"\u00c1ngel Le\u00f3n and Rafa Zafra organize a solidarity dinner for &#8216;Valencia para Valencia&#8217;","datePublished":"2024-11-25T15:37:39+00:00","dateModified":"2024-11-25T15:47:29+00:00","mainEntityOfPage":{"@id":"https:\/\/www.tapasmagazine.es\/en\/angel-leon-rafa-zafra-organize-solidarity-dinner-for-valencia-para-valencia\/"},"wordCount":474,"publisher":{"@id":"https:\/\/www.tapasmagazine.es\/#organization"},"image":{"@id":"https:\/\/www.tapasmagazine.es\/en\/angel-leon-rafa-zafra-organize-solidarity-dinner-for-valencia-para-valencia\/#primaryimage"},"thumbnailUrl":"https:\/\/www.tapasmagazine.es\/wp-content\/uploads\/2024\/11\/fgdfdgdg.jpg","articleSection":["Chefs","Sin categorizar"],"inLanguage":"en-US"},{"@type":"WebPage","@id":"https:\/\/www.tapasmagazine.es\/en\/angel-leon-rafa-zafra-organize-solidarity-dinner-for-valencia-para-valencia\/","url":"https:\/\/www.tapasmagazine.es\/en\/angel-leon-rafa-zafra-organize-solidarity-dinner-for-valencia-para-valencia\/","name":"\u00c1ngel Le\u00f3n and Rafa Zafra organize a solidarity dinner for 'Valencia para Valencia' - Tapas","isPartOf":{"@id":"https:\/\/www.tapasmagazine.es\/#website"},"primaryImageOfPage":{"@id":"https:\/\/www.tapasmagazine.es\/en\/angel-leon-rafa-zafra-organize-solidarity-dinner-for-valencia-para-valencia\/#primaryimage"},"image":{"@id":"https:\/\/www.tapasmagazine.es\/en\/angel-leon-rafa-zafra-organize-solidarity-dinner-for-valencia-para-valencia\/#primaryimage"},"thumbnailUrl":"https:\/\/www.tapasmagazine.es\/wp-content\/uploads\/2024\/11\/fgdfdgdg.jpg","datePublished":"2024-11-25T15:37:39+00:00","dateModified":"2024-11-25T15:47:29+00:00","description":"Click\u00a0here\u00a0to read the Spanish version. The 'Desde Valencia para Valencia' initiative, led by Ricard Camarena, Bego\u00f1a Rodrigo and Quique Dacosta, in","breadcrumb":{"@id":"https:\/\/www.tapasmagazine.es\/en\/angel-leon-rafa-zafra-organize-solidarity-dinner-for-valencia-para-valencia\/#breadcrumb"},"inLanguage":"en-US","potentialAction":[{"@type":"ReadAction","target":["https:\/\/www.tapasmagazine.es\/en\/angel-leon-rafa-zafra-organize-solidarity-dinner-for-valencia-para-valencia\/"]}]},{"@type":"ImageObject","inLanguage":"en-US","@id":"https:\/\/www.tapasmagazine.es\/en\/angel-leon-rafa-zafra-organize-solidarity-dinner-for-valencia-para-valencia\/#primaryimage","url":"https:\/\/www.tapasmagazine.es\/wp-content\/uploads\/2024\/11\/fgdfdgdg.jpg","contentUrl":"https:\/\/www.tapasmagazine.es\/wp-content\/uploads\/2024\/11\/fgdfdgdg.jpg","width":1200,"height":675},{"@type":"BreadcrumbList","@id":"https:\/\/www.tapasmagazine.es\/en\/angel-leon-rafa-zafra-organize-solidarity-dinner-for-valencia-para-valencia\/#breadcrumb","itemListElement":[{"@type":"ListItem","position":1,"name":"Portada","item":"https:\/\/www.tapasmagazine.es\/"},{"@type":"ListItem","position":2,"name":"Sin categorizar","item":"https:\/\/www.tapasmagazine.es\/categorias\/sin-categorizar\/"},{"@type":"ListItem","position":3,"name":"\u00c1ngel Le\u00f3n and Rafa Zafra organize a solidarity dinner for &#8216;Valencia para Valencia&#8217;"}]},{"@type":"WebSite","@id":"https:\/\/www.tapasmagazine.es\/#website","url":"https:\/\/www.tapasmagazine.es\/","name":"Tapas","description":"\u00d1am \u00d1am Lifestyle. La vida a bocados. Premio Nacional de Gastronom\u00eda 2016.","publisher":{"@id":"https:\/\/www.tapasmagazine.es\/#organization"},"potentialAction":[{"@type":"SearchAction","target":{"@type":"EntryPoint","urlTemplate":"https:\/\/www.tapasmagazine.es\/?s={search_term_string}"},"query-input":{"@type":"PropertyValueSpecification","valueRequired":true,"valueName":"search_term_string"}}],"inLanguage":"en-US"},{"@type":"Organization","@id":"https:\/\/www.tapasmagazine.es\/#organization","name":"Tapas Magazine","url":"https:\/\/www.tapasmagazine.es\/","logo":{"@type":"ImageObject","inLanguage":"en-US","@id":"https:\/\/www.tapasmagazine.es\/#\/schema\/logo\/image\/","url":"https:\/\/www.tapasmagazine.es\/wp-content\/uploads\/2018\/01\/logo.png","contentUrl":"https:\/\/www.tapasmagazine.es\/wp-content\/uploads\/2018\/01\/logo.png","width":180,"height":60,"caption":"Tapas Magazine"},"image":{"@id":"https:\/\/www.tapasmagazine.es\/#\/schema\/logo\/image\/"},"sameAs":["https:\/\/www.facebook.com\/tapasmagazine","https:\/\/x.com\/TapasMagazine","https:\/\/www.instagram.com\/tapasmagazine\/","https:\/\/www.linkedin.com\/company\/tapas-magazine","https:\/\/es.pinterest.com\/tapasmagazine\/","https:\/\/www.youtube.com\/channel\/UCEyxneAaACuR0lfDagrWjjg?sub_confirmation=1"]},{"@type":"Person","@id":"https:\/\/www.tapasmagazine.es\/#\/schema\/person\/eb46cbe76a9c8f062660eb609e3ecb4e","name":"Laura P\u00e9rez","url":"https:\/\/www.tapasmagazine.es\/en\/author\/laura-perez\/"}]}},"_links":{"self":[{"href":"https:\/\/www.tapasmagazine.es\/en\/wp-json\/wp\/v2\/posts\/272261","targetHints":{"allow":["GET"]}}],"collection":[{"href":"https:\/\/www.tapasmagazine.es\/en\/wp-json\/wp\/v2\/posts"}],"about":[{"href":"https:\/\/www.tapasmagazine.es\/en\/wp-json\/wp\/v2\/types\/post"}],"author":[{"embeddable":true,"href":"https:\/\/www.tapasmagazine.es\/en\/wp-json\/wp\/v2\/users\/285"}],"replies":[{"embeddable":true,"href":"https:\/\/www.tapasmagazine.es\/en\/wp-json\/wp\/v2\/comments?post=272261"}],"version-history":[{"count":2,"href":"https:\/\/www.tapasmagazine.es\/en\/wp-json\/wp\/v2\/posts\/272261\/revisions"}],"predecessor-version":[{"id":272274,"href":"https:\/\/www.tapasmagazine.es\/en\/wp-json\/wp\/v2\/posts\/272261\/revisions\/272274"}],"wp:featuredmedia":[{"embeddable":true,"href":"https:\/\/www.tapasmagazine.es\/en\/wp-json\/wp\/v2\/media\/272251"}],"wp:attachment":[{"href":"https:\/\/www.tapasmagazine.es\/en\/wp-json\/wp\/v2\/media?parent=272261"}],"wp:term":[{"taxonomy":"category","embeddable":true,"href":"https:\/\/www.tapasmagazine.es\/en\/wp-json\/wp\/v2\/categories?post=272261"},{"taxonomy":"post_tag","embeddable":true,"href":"https:\/\/www.tapasmagazine.es\/en\/wp-json\/wp\/v2\/tags?post=272261"}],"curies":[{"name":"wp","href":"https:\/\/api.w.org\/{rel}","templated":true}]}}