{"id":272141,"date":"2024-11-25T12:26:05","date_gmt":"2024-11-25T11:26:05","guid":{"rendered":"https:\/\/www.tapasmagazine.es\/mugaritz-sin-pan-ni-postre-es-una-oda-a-la-creatividad-sin-limites-de-aduriz\/"},"modified":"2025-04-15T11:06:28","modified_gmt":"2025-04-15T09:06:28","slug":"mugaritz-sin-pan-ni-postre-ode-to-aduriz-limitless-creativity","status":"publish","type":"post","link":"https:\/\/www.tapasmagazine.es\/en\/mugaritz-sin-pan-ni-postre-ode-to-aduriz-limitless-creativity\/","title":{"rendered":"&#8216;Mugaritz. Sin pan ni postre&#8217; is an ode to Aduriz&#8217;s limitless creativity"},"content":{"rendered":"\n<p><strong>Click\u00a0<a href=\"https:\/\/www.tapasmagazine.es\/en\/mugaritz-sin-pan-ni-postre-ode-to-aduriz-limitless-creativity\/\" target=\"_blank\" rel=\"noreferrer noopener\">here<\/a>\u00a0to read the Spanish version.<\/strong><\/p>\n\n\n\n<p>&#8216;<strong>Mugaritz. Sin pan ni postre<\/strong>&#8216; is the new documentary film, directed by <strong>Paco Plaza<\/strong>, which explores the creative process of the menu at <strong>Andoni Louis Aduriz<\/strong>&#8216;s iconic two-Michelin-starred restaurant.<\/p>\n\n\n\n<p>Every year at <strong>Mugaritz<\/strong>, time stops in the outside world at the fall of autumn. From November to April, his team works behind closed doors to design a different gastronomic proposal. As if it were a renaissance driven by a creative challenge, Aduriz directs this culinary transition based on innovation and experimentation.<\/p>\n\n\n<div class=\"wp-block-image\">\n<figure class=\"aligncenter size-large is-resized\"><img decoding=\"async\" width=\"683\" height=\"1024\" src=\"https:\/\/www.tapasmagazine.es\/wp-content\/uploads\/2024\/11\/mugaritz_sin_pan_ni_postre-530072560-large-683x1024.jpg\" alt=\"\" class=\"wp-image-272134\" style=\"width:883px;height:auto\" srcset=\"https:\/\/www.tapasmagazine.es\/wp-content\/uploads\/2024\/11\/mugaritz_sin_pan_ni_postre-530072560-large-683x1024.jpg 683w, https:\/\/www.tapasmagazine.es\/wp-content\/uploads\/2024\/11\/mugaritz_sin_pan_ni_postre-530072560-large-200x300.jpg 200w, https:\/\/www.tapasmagazine.es\/wp-content\/uploads\/2024\/11\/mugaritz_sin_pan_ni_postre-530072560-large-768x1152.jpg 768w, https:\/\/www.tapasmagazine.es\/wp-content\/uploads\/2024\/11\/mugaritz_sin_pan_ni_postre-530072560-large-400x600.jpg 400w, https:\/\/www.tapasmagazine.es\/wp-content\/uploads\/2024\/11\/mugaritz_sin_pan_ni_postre-530072560-large.jpg 800w\" sizes=\"(max-width: 683px) 100vw, 683px\" \/><\/figure>\n<\/div>\n\n\n<p>That is precisely the concept developed in the new documentary film &#8216;Mugaritz. Sin pan ni dessre&#8217;, produced by Movistar+ in collaboration with Fonte Films, which worships the figure of Andoni as one of the most influential chefs of our time.<\/p>\n\n\n\n<p>That is the synopsis that makes every year a new chapter opens in the restaurant. That makes a menu be born and die to give way to a new era, following the reinvention of the chef that the viewer can now witness; understanding his cuisine as a creative expression with which to break the rules and conventions around gastronomy.<\/p>\n\n\n\n<p>&#8216;<strong>Mugaritz. Sin pan ni postre<\/strong>&#8216; has already transcended the scene, winning the award for &#8216;Best Film&#8217; in the &#8216;Culinary Zinema&#8217; section of the San Sebastian Festival. There, the jury wanted to highlight the piece for having highlighted the importance of teamwork and creative freedom, as well as listening, and for having taken risks and faced frustration with humanity and companionship.<\/p>\n\n\n\n<p>This high-end audiovisual work, of which even chefs like <strong>Dabiz Mu\u00f1oz<\/strong> have expressed their &#8216;admiration&#8217; on the Internet, is now available on the <strong><a href=\"https:\/\/www.movistarplus.es\/documentales\/mugaritz-sin-pan-ni-postre\/ficha?tipo=E&amp;id=2162347\" target=\"_blank\" rel=\"noreferrer noopener\">Movistar Plus+<\/a> <\/strong>platform.<\/p>\n","protected":false},"excerpt":{"rendered":"<p>Click\u00a0here\u00a0to read the Spanish version. &#8216;Mugaritz. Sin pan ni postre&#8216; is the new documentary film, directed by Paco Plaza, which explores the creative process of the menu at Andoni Louis Aduriz&#8216;s iconic two-Michelin-starred restaurant. Every year at Mugaritz, time stops in the outside world at the fall of autumn. From November to April, his team [&hellip;]<\/p>\n","protected":false},"author":285,"featured_media":272132,"comment_status":"closed","ping_status":"closed","sticky":false,"template":"","format":"standard","meta":{"_acf_changed":false,"footnotes":""},"categories":[15848,18831,1],"tags":[18885,19373],"class_list":["post-272141","post","type-post","status-publish","format-standard","has-post-thumbnail","hentry","category-chefs-en","category-lifestyle-en","category-sin-categorizar","tag-andoni-luis-aduriz-en","tag-mugaritz-en","cat-15848-id","cat-18831-id","cat-1-id"],"acf":[],"yoast_head":"<!-- This site is optimized with the Yoast SEO plugin v27.4 - https:\/\/yoast.com\/product\/yoast-seo-wordpress\/ -->\n<title>&#039;Mugaritz. Sin pan ni postre&#039; is an ode to Aduriz&#039;s limitless creativity - Tapas<\/title>\n<meta name=\"description\" content=\"Click\u00a0here\u00a0to read the Spanish version. &#039;Mugaritz. Sin pan ni postre&#039; is the new documentary film, directed by Paco Plaza, which explores the creative\" \/>\n<meta name=\"robots\" content=\"index, follow, max-snippet:-1, max-image-preview:large, max-video-preview:-1\" \/>\n<link rel=\"canonical\" href=\"https:\/\/www.tapasmagazine.es\/en\/mugaritz-sin-pan-ni-postre-ode-to-aduriz-limitless-creativity\/\" \/>\n<meta property=\"og:locale\" content=\"en_US\" \/>\n<meta property=\"og:type\" content=\"article\" \/>\n<meta property=\"og:title\" content=\"&#039;Mugaritz. Sin pan ni postre&#039; is an ode to Aduriz&#039;s limitless creativity - Tapas\" \/>\n<meta property=\"og:description\" content=\"Click\u00a0here\u00a0to read the Spanish version. &#039;Mugaritz. Sin pan ni postre&#039; is the new documentary film, directed by Paco Plaza, which explores the creative\" \/>\n<meta property=\"og:url\" content=\"https:\/\/www.tapasmagazine.es\/en\/mugaritz-sin-pan-ni-postre-ode-to-aduriz-limitless-creativity\/\" \/>\n<meta property=\"og:site_name\" content=\"Tapas\" \/>\n<meta property=\"article:publisher\" content=\"https:\/\/www.facebook.com\/tapasmagazine\" \/>\n<meta property=\"article:published_time\" content=\"2024-11-25T11:26:05+00:00\" \/>\n<meta property=\"article:modified_time\" content=\"2025-04-15T09:06:28+00:00\" \/>\n<meta property=\"og:image\" content=\"https:\/\/www.tapasmagazine.es\/wp-content\/uploads\/2024\/11\/mugaritz.jpg\" \/>\n\t<meta property=\"og:image:width\" content=\"1200\" \/>\n\t<meta property=\"og:image:height\" content=\"675\" \/>\n\t<meta property=\"og:image:type\" content=\"image\/jpeg\" \/>\n<meta name=\"author\" content=\"Laura P\u00e9rez\" \/>\n<meta name=\"twitter:card\" content=\"summary_large_image\" \/>\n<meta name=\"twitter:creator\" content=\"@TapasMagazine\" \/>\n<meta name=\"twitter:site\" content=\"@TapasMagazine\" \/>\n<meta name=\"twitter:label1\" content=\"Written by\" \/>\n\t<meta name=\"twitter:data1\" content=\"Laura P\u00e9rez\" \/>\n\t<meta name=\"twitter:label2\" content=\"Est. reading time\" \/>\n\t<meta name=\"twitter:data2\" content=\"2 minutes\" \/>\n<script type=\"application\/ld+json\" class=\"yoast-schema-graph\">{\"@context\":\"https:\\\/\\\/schema.org\",\"@graph\":[{\"@type\":\"Article\",\"@id\":\"https:\\\/\\\/www.tapasmagazine.es\\\/en\\\/mugaritz-sin-pan-ni-postre-ode-to-aduriz-limitless-creativity\\\/#article\",\"isPartOf\":{\"@id\":\"https:\\\/\\\/www.tapasmagazine.es\\\/en\\\/mugaritz-sin-pan-ni-postre-ode-to-aduriz-limitless-creativity\\\/\"},\"author\":{\"name\":\"Laura P\u00e9rez\",\"@id\":\"https:\\\/\\\/www.tapasmagazine.es\\\/#\\\/schema\\\/person\\\/eb46cbe76a9c8f062660eb609e3ecb4e\"},\"headline\":\"&#8216;Mugaritz. Sin pan ni postre&#8217; is an ode to Aduriz&#8217;s limitless creativity\",\"datePublished\":\"2024-11-25T11:26:05+00:00\",\"dateModified\":\"2025-04-15T09:06:28+00:00\",\"mainEntityOfPage\":{\"@id\":\"https:\\\/\\\/www.tapasmagazine.es\\\/en\\\/mugaritz-sin-pan-ni-postre-ode-to-aduriz-limitless-creativity\\\/\"},\"wordCount\":288,\"publisher\":{\"@id\":\"https:\\\/\\\/www.tapasmagazine.es\\\/#organization\"},\"image\":{\"@id\":\"https:\\\/\\\/www.tapasmagazine.es\\\/en\\\/mugaritz-sin-pan-ni-postre-ode-to-aduriz-limitless-creativity\\\/#primaryimage\"},\"thumbnailUrl\":\"https:\\\/\\\/www.tapasmagazine.es\\\/wp-content\\\/uploads\\\/2024\\\/11\\\/mugaritz.jpg\",\"keywords\":[\"Andoni Luis Aduriz\",\"Mugaritz\"],\"articleSection\":[\"Chefs\",\"Lifestyle\",\"Sin categorizar\"],\"inLanguage\":\"en-US\"},{\"@type\":\"WebPage\",\"@id\":\"https:\\\/\\\/www.tapasmagazine.es\\\/en\\\/mugaritz-sin-pan-ni-postre-ode-to-aduriz-limitless-creativity\\\/\",\"url\":\"https:\\\/\\\/www.tapasmagazine.es\\\/en\\\/mugaritz-sin-pan-ni-postre-ode-to-aduriz-limitless-creativity\\\/\",\"name\":\"'Mugaritz. Sin pan ni postre' is an ode to Aduriz's limitless creativity - Tapas\",\"isPartOf\":{\"@id\":\"https:\\\/\\\/www.tapasmagazine.es\\\/#website\"},\"primaryImageOfPage\":{\"@id\":\"https:\\\/\\\/www.tapasmagazine.es\\\/en\\\/mugaritz-sin-pan-ni-postre-ode-to-aduriz-limitless-creativity\\\/#primaryimage\"},\"image\":{\"@id\":\"https:\\\/\\\/www.tapasmagazine.es\\\/en\\\/mugaritz-sin-pan-ni-postre-ode-to-aduriz-limitless-creativity\\\/#primaryimage\"},\"thumbnailUrl\":\"https:\\\/\\\/www.tapasmagazine.es\\\/wp-content\\\/uploads\\\/2024\\\/11\\\/mugaritz.jpg\",\"datePublished\":\"2024-11-25T11:26:05+00:00\",\"dateModified\":\"2025-04-15T09:06:28+00:00\",\"description\":\"Click\u00a0here\u00a0to read the Spanish version. 'Mugaritz. Sin pan ni postre' is the new documentary film, directed by Paco Plaza, which explores the creative\",\"breadcrumb\":{\"@id\":\"https:\\\/\\\/www.tapasmagazine.es\\\/en\\\/mugaritz-sin-pan-ni-postre-ode-to-aduriz-limitless-creativity\\\/#breadcrumb\"},\"inLanguage\":\"en-US\",\"potentialAction\":[{\"@type\":\"ReadAction\",\"target\":[\"https:\\\/\\\/www.tapasmagazine.es\\\/en\\\/mugaritz-sin-pan-ni-postre-ode-to-aduriz-limitless-creativity\\\/\"]}]},{\"@type\":\"ImageObject\",\"inLanguage\":\"en-US\",\"@id\":\"https:\\\/\\\/www.tapasmagazine.es\\\/en\\\/mugaritz-sin-pan-ni-postre-ode-to-aduriz-limitless-creativity\\\/#primaryimage\",\"url\":\"https:\\\/\\\/www.tapasmagazine.es\\\/wp-content\\\/uploads\\\/2024\\\/11\\\/mugaritz.jpg\",\"contentUrl\":\"https:\\\/\\\/www.tapasmagazine.es\\\/wp-content\\\/uploads\\\/2024\\\/11\\\/mugaritz.jpg\",\"width\":1200,\"height\":675},{\"@type\":\"BreadcrumbList\",\"@id\":\"https:\\\/\\\/www.tapasmagazine.es\\\/en\\\/mugaritz-sin-pan-ni-postre-ode-to-aduriz-limitless-creativity\\\/#breadcrumb\",\"itemListElement\":[{\"@type\":\"ListItem\",\"position\":1,\"name\":\"Portada\",\"item\":\"https:\\\/\\\/www.tapasmagazine.es\\\/\"},{\"@type\":\"ListItem\",\"position\":2,\"name\":\"Sin categorizar\",\"item\":\"https:\\\/\\\/www.tapasmagazine.es\\\/categorias\\\/sin-categorizar\\\/\"},{\"@type\":\"ListItem\",\"position\":3,\"name\":\"&#8216;Mugaritz. Sin pan ni postre&#8217; is an ode to Aduriz&#8217;s limitless creativity\"}]},{\"@type\":\"WebSite\",\"@id\":\"https:\\\/\\\/www.tapasmagazine.es\\\/#website\",\"url\":\"https:\\\/\\\/www.tapasmagazine.es\\\/\",\"name\":\"Tapas\",\"description\":\"\u00d1am \u00d1am Lifestyle. La vida a bocados. Premio Nacional de Gastronom\u00eda 2016.\",\"publisher\":{\"@id\":\"https:\\\/\\\/www.tapasmagazine.es\\\/#organization\"},\"potentialAction\":[{\"@type\":\"SearchAction\",\"target\":{\"@type\":\"EntryPoint\",\"urlTemplate\":\"https:\\\/\\\/www.tapasmagazine.es\\\/?s={search_term_string}\"},\"query-input\":{\"@type\":\"PropertyValueSpecification\",\"valueRequired\":true,\"valueName\":\"search_term_string\"}}],\"inLanguage\":\"en-US\"},{\"@type\":\"Organization\",\"@id\":\"https:\\\/\\\/www.tapasmagazine.es\\\/#organization\",\"name\":\"Tapas Magazine\",\"url\":\"https:\\\/\\\/www.tapasmagazine.es\\\/\",\"logo\":{\"@type\":\"ImageObject\",\"inLanguage\":\"en-US\",\"@id\":\"https:\\\/\\\/www.tapasmagazine.es\\\/#\\\/schema\\\/logo\\\/image\\\/\",\"url\":\"https:\\\/\\\/www.tapasmagazine.es\\\/wp-content\\\/uploads\\\/2018\\\/01\\\/logo.png\",\"contentUrl\":\"https:\\\/\\\/www.tapasmagazine.es\\\/wp-content\\\/uploads\\\/2018\\\/01\\\/logo.png\",\"width\":180,\"height\":60,\"caption\":\"Tapas Magazine\"},\"image\":{\"@id\":\"https:\\\/\\\/www.tapasmagazine.es\\\/#\\\/schema\\\/logo\\\/image\\\/\"},\"sameAs\":[\"https:\\\/\\\/www.facebook.com\\\/tapasmagazine\",\"https:\\\/\\\/x.com\\\/TapasMagazine\",\"https:\\\/\\\/www.instagram.com\\\/tapasmagazine\\\/\",\"https:\\\/\\\/www.linkedin.com\\\/company\\\/tapas-magazine\",\"https:\\\/\\\/es.pinterest.com\\\/tapasmagazine\\\/\",\"https:\\\/\\\/www.youtube.com\\\/channel\\\/UCEyxneAaACuR0lfDagrWjjg?sub_confirmation=1\"]},{\"@type\":\"Person\",\"@id\":\"https:\\\/\\\/www.tapasmagazine.es\\\/#\\\/schema\\\/person\\\/eb46cbe76a9c8f062660eb609e3ecb4e\",\"name\":\"Laura P\u00e9rez\",\"url\":\"https:\\\/\\\/www.tapasmagazine.es\\\/en\\\/author\\\/laura-perez\\\/\"}]}<\/script>\n<!-- \/ Yoast SEO plugin. -->","yoast_head_json":{"title":"'Mugaritz. Sin pan ni postre' is an ode to Aduriz's limitless creativity - Tapas","description":"Click\u00a0here\u00a0to read the Spanish version. 'Mugaritz. Sin pan ni postre' is the new documentary film, directed by Paco Plaza, which explores the creative","robots":{"index":"index","follow":"follow","max-snippet":"max-snippet:-1","max-image-preview":"max-image-preview:large","max-video-preview":"max-video-preview:-1"},"canonical":"https:\/\/www.tapasmagazine.es\/en\/mugaritz-sin-pan-ni-postre-ode-to-aduriz-limitless-creativity\/","og_locale":"en_US","og_type":"article","og_title":"'Mugaritz. Sin pan ni postre' is an ode to Aduriz's limitless creativity - Tapas","og_description":"Click\u00a0here\u00a0to read the Spanish version. 'Mugaritz. Sin pan ni postre' is the new documentary film, directed by Paco Plaza, which explores the creative","og_url":"https:\/\/www.tapasmagazine.es\/en\/mugaritz-sin-pan-ni-postre-ode-to-aduriz-limitless-creativity\/","og_site_name":"Tapas","article_publisher":"https:\/\/www.facebook.com\/tapasmagazine","article_published_time":"2024-11-25T11:26:05+00:00","article_modified_time":"2025-04-15T09:06:28+00:00","og_image":[{"width":1200,"height":675,"url":"https:\/\/www.tapasmagazine.es\/wp-content\/uploads\/2024\/11\/mugaritz.jpg","type":"image\/jpeg"}],"author":"Laura P\u00e9rez","twitter_card":"summary_large_image","twitter_creator":"@TapasMagazine","twitter_site":"@TapasMagazine","twitter_misc":{"Written by":"Laura P\u00e9rez","Est. reading time":"2 minutes"},"schema":{"@context":"https:\/\/schema.org","@graph":[{"@type":"Article","@id":"https:\/\/www.tapasmagazine.es\/en\/mugaritz-sin-pan-ni-postre-ode-to-aduriz-limitless-creativity\/#article","isPartOf":{"@id":"https:\/\/www.tapasmagazine.es\/en\/mugaritz-sin-pan-ni-postre-ode-to-aduriz-limitless-creativity\/"},"author":{"name":"Laura P\u00e9rez","@id":"https:\/\/www.tapasmagazine.es\/#\/schema\/person\/eb46cbe76a9c8f062660eb609e3ecb4e"},"headline":"&#8216;Mugaritz. Sin pan ni postre&#8217; is an ode to Aduriz&#8217;s limitless creativity","datePublished":"2024-11-25T11:26:05+00:00","dateModified":"2025-04-15T09:06:28+00:00","mainEntityOfPage":{"@id":"https:\/\/www.tapasmagazine.es\/en\/mugaritz-sin-pan-ni-postre-ode-to-aduriz-limitless-creativity\/"},"wordCount":288,"publisher":{"@id":"https:\/\/www.tapasmagazine.es\/#organization"},"image":{"@id":"https:\/\/www.tapasmagazine.es\/en\/mugaritz-sin-pan-ni-postre-ode-to-aduriz-limitless-creativity\/#primaryimage"},"thumbnailUrl":"https:\/\/www.tapasmagazine.es\/wp-content\/uploads\/2024\/11\/mugaritz.jpg","keywords":["Andoni Luis Aduriz","Mugaritz"],"articleSection":["Chefs","Lifestyle","Sin categorizar"],"inLanguage":"en-US"},{"@type":"WebPage","@id":"https:\/\/www.tapasmagazine.es\/en\/mugaritz-sin-pan-ni-postre-ode-to-aduriz-limitless-creativity\/","url":"https:\/\/www.tapasmagazine.es\/en\/mugaritz-sin-pan-ni-postre-ode-to-aduriz-limitless-creativity\/","name":"'Mugaritz. Sin pan ni postre' is an ode to Aduriz's limitless creativity - Tapas","isPartOf":{"@id":"https:\/\/www.tapasmagazine.es\/#website"},"primaryImageOfPage":{"@id":"https:\/\/www.tapasmagazine.es\/en\/mugaritz-sin-pan-ni-postre-ode-to-aduriz-limitless-creativity\/#primaryimage"},"image":{"@id":"https:\/\/www.tapasmagazine.es\/en\/mugaritz-sin-pan-ni-postre-ode-to-aduriz-limitless-creativity\/#primaryimage"},"thumbnailUrl":"https:\/\/www.tapasmagazine.es\/wp-content\/uploads\/2024\/11\/mugaritz.jpg","datePublished":"2024-11-25T11:26:05+00:00","dateModified":"2025-04-15T09:06:28+00:00","description":"Click\u00a0here\u00a0to read the Spanish version. 'Mugaritz. Sin pan ni postre' is the new documentary film, directed by Paco Plaza, which explores the creative","breadcrumb":{"@id":"https:\/\/www.tapasmagazine.es\/en\/mugaritz-sin-pan-ni-postre-ode-to-aduriz-limitless-creativity\/#breadcrumb"},"inLanguage":"en-US","potentialAction":[{"@type":"ReadAction","target":["https:\/\/www.tapasmagazine.es\/en\/mugaritz-sin-pan-ni-postre-ode-to-aduriz-limitless-creativity\/"]}]},{"@type":"ImageObject","inLanguage":"en-US","@id":"https:\/\/www.tapasmagazine.es\/en\/mugaritz-sin-pan-ni-postre-ode-to-aduriz-limitless-creativity\/#primaryimage","url":"https:\/\/www.tapasmagazine.es\/wp-content\/uploads\/2024\/11\/mugaritz.jpg","contentUrl":"https:\/\/www.tapasmagazine.es\/wp-content\/uploads\/2024\/11\/mugaritz.jpg","width":1200,"height":675},{"@type":"BreadcrumbList","@id":"https:\/\/www.tapasmagazine.es\/en\/mugaritz-sin-pan-ni-postre-ode-to-aduriz-limitless-creativity\/#breadcrumb","itemListElement":[{"@type":"ListItem","position":1,"name":"Portada","item":"https:\/\/www.tapasmagazine.es\/"},{"@type":"ListItem","position":2,"name":"Sin categorizar","item":"https:\/\/www.tapasmagazine.es\/categorias\/sin-categorizar\/"},{"@type":"ListItem","position":3,"name":"&#8216;Mugaritz. Sin pan ni postre&#8217; is an ode to Aduriz&#8217;s limitless creativity"}]},{"@type":"WebSite","@id":"https:\/\/www.tapasmagazine.es\/#website","url":"https:\/\/www.tapasmagazine.es\/","name":"Tapas","description":"\u00d1am \u00d1am Lifestyle. La vida a bocados. Premio Nacional de Gastronom\u00eda 2016.","publisher":{"@id":"https:\/\/www.tapasmagazine.es\/#organization"},"potentialAction":[{"@type":"SearchAction","target":{"@type":"EntryPoint","urlTemplate":"https:\/\/www.tapasmagazine.es\/?s={search_term_string}"},"query-input":{"@type":"PropertyValueSpecification","valueRequired":true,"valueName":"search_term_string"}}],"inLanguage":"en-US"},{"@type":"Organization","@id":"https:\/\/www.tapasmagazine.es\/#organization","name":"Tapas Magazine","url":"https:\/\/www.tapasmagazine.es\/","logo":{"@type":"ImageObject","inLanguage":"en-US","@id":"https:\/\/www.tapasmagazine.es\/#\/schema\/logo\/image\/","url":"https:\/\/www.tapasmagazine.es\/wp-content\/uploads\/2018\/01\/logo.png","contentUrl":"https:\/\/www.tapasmagazine.es\/wp-content\/uploads\/2018\/01\/logo.png","width":180,"height":60,"caption":"Tapas Magazine"},"image":{"@id":"https:\/\/www.tapasmagazine.es\/#\/schema\/logo\/image\/"},"sameAs":["https:\/\/www.facebook.com\/tapasmagazine","https:\/\/x.com\/TapasMagazine","https:\/\/www.instagram.com\/tapasmagazine\/","https:\/\/www.linkedin.com\/company\/tapas-magazine","https:\/\/es.pinterest.com\/tapasmagazine\/","https:\/\/www.youtube.com\/channel\/UCEyxneAaACuR0lfDagrWjjg?sub_confirmation=1"]},{"@type":"Person","@id":"https:\/\/www.tapasmagazine.es\/#\/schema\/person\/eb46cbe76a9c8f062660eb609e3ecb4e","name":"Laura P\u00e9rez","url":"https:\/\/www.tapasmagazine.es\/en\/author\/laura-perez\/"}]}},"_links":{"self":[{"href":"https:\/\/www.tapasmagazine.es\/en\/wp-json\/wp\/v2\/posts\/272141","targetHints":{"allow":["GET"]}}],"collection":[{"href":"https:\/\/www.tapasmagazine.es\/en\/wp-json\/wp\/v2\/posts"}],"about":[{"href":"https:\/\/www.tapasmagazine.es\/en\/wp-json\/wp\/v2\/types\/post"}],"author":[{"embeddable":true,"href":"https:\/\/www.tapasmagazine.es\/en\/wp-json\/wp\/v2\/users\/285"}],"replies":[{"embeddable":true,"href":"https:\/\/www.tapasmagazine.es\/en\/wp-json\/wp\/v2\/comments?post=272141"}],"version-history":[{"count":2,"href":"https:\/\/www.tapasmagazine.es\/en\/wp-json\/wp\/v2\/posts\/272141\/revisions"}],"predecessor-version":[{"id":286924,"href":"https:\/\/www.tapasmagazine.es\/en\/wp-json\/wp\/v2\/posts\/272141\/revisions\/286924"}],"wp:featuredmedia":[{"embeddable":true,"href":"https:\/\/www.tapasmagazine.es\/en\/wp-json\/wp\/v2\/media\/272132"}],"wp:attachment":[{"href":"https:\/\/www.tapasmagazine.es\/en\/wp-json\/wp\/v2\/media?parent=272141"}],"wp:term":[{"taxonomy":"category","embeddable":true,"href":"https:\/\/www.tapasmagazine.es\/en\/wp-json\/wp\/v2\/categories?post=272141"},{"taxonomy":"post_tag","embeddable":true,"href":"https:\/\/www.tapasmagazine.es\/en\/wp-json\/wp\/v2\/tags?post=272141"}],"curies":[{"name":"wp","href":"https:\/\/api.w.org\/{rel}","templated":true}]}}