{"id":271997,"date":"2024-11-22T13:38:43","date_gmt":"2024-11-22T12:38:43","guid":{"rendered":"https:\/\/www.tapasmagazine.es\/zara-debuta-con-una-linea-de-cafeterias-de-diseno\/"},"modified":"2024-11-22T13:41:24","modified_gmt":"2024-11-22T12:41:24","slug":"zara-debuts-with-a-line-of-designer-coffee-shops","status":"publish","type":"post","link":"https:\/\/www.tapasmagazine.es\/en\/zara-debuts-with-a-line-of-designer-coffee-shops\/","title":{"rendered":"ZARA debuts with a line of designer coffee shops"},"content":{"rendered":"\n<p><strong>Click\u00a0<a href=\"https:\/\/www.tapasmagazine.es\/zara-debuta-con-una-linea-de-cafeterias-de-diseno\/\" target=\"_blank\" rel=\"noreferrer noopener\">here<\/a>\u00a0to read the Spanish version.<\/strong><\/p>\n\n\n\n<p>The textile empire continues to expand the customer shopping experience with the opening of &#8216;<strong>Zacaff\u00e9<\/strong>&#8216;, a line of coffee shops that<strong> ZARA<\/strong> will extend around the world. Under its creative direction, the brand has just inaugurated this <strong>coffee shop <\/strong>concept in the new<strong> Zara Man<\/strong> store on Hermosilla Street, which will be replicated in 2025 in Zara stores in<strong> Tokyo<\/strong> and <strong>Seoul<\/strong>.<\/p>\n\n\n\n<figure class=\"wp-block-gallery has-nested-images columns-default is-cropped wp-block-gallery-1 is-layout-flex wp-block-gallery-is-layout-flex\">\n<figure class=\"wp-block-image size-large\"><img decoding=\"async\" width=\"820\" height=\"1024\" data-id=\"271990\" src=\"https:\/\/www.tapasmagazine.es\/wp-content\/uploads\/2024\/11\/zara-cafe-atenas-2-820x1024.webp\" alt=\"\" class=\"wp-image-271990\" srcset=\"https:\/\/www.tapasmagazine.es\/wp-content\/uploads\/2024\/11\/zara-cafe-atenas-2-820x1024.webp 820w, https:\/\/www.tapasmagazine.es\/wp-content\/uploads\/2024\/11\/zara-cafe-atenas-2-240x300.webp 240w, https:\/\/www.tapasmagazine.es\/wp-content\/uploads\/2024\/11\/zara-cafe-atenas-2-768x959.webp 768w, https:\/\/www.tapasmagazine.es\/wp-content\/uploads\/2024\/11\/zara-cafe-atenas-2-1000x1249.webp 1000w, https:\/\/www.tapasmagazine.es\/wp-content\/uploads\/2024\/11\/zara-cafe-atenas-2-400x500.webp 400w, https:\/\/www.tapasmagazine.es\/wp-content\/uploads\/2024\/11\/zara-cafe-atenas-2.webp 1080w\" sizes=\"(max-width: 820px) 100vw, 820px\" \/><figcaption class=\"wp-element-caption\">Zara Caf\u00e9 Atenas<\/figcaption><\/figure>\n\n\n\n<figure class=\"wp-block-image size-large\"><img decoding=\"async\" width=\"768\" height=\"960\" data-id=\"271988\" src=\"https:\/\/www.tapasmagazine.es\/wp-content\/uploads\/2024\/11\/zara-cafe-atenas-3.webp\" alt=\"\" class=\"wp-image-271988\" srcset=\"https:\/\/www.tapasmagazine.es\/wp-content\/uploads\/2024\/11\/zara-cafe-atenas-3.webp 768w, https:\/\/www.tapasmagazine.es\/wp-content\/uploads\/2024\/11\/zara-cafe-atenas-3-240x300.webp 240w, https:\/\/www.tapasmagazine.es\/wp-content\/uploads\/2024\/11\/zara-cafe-atenas-3-400x500.webp 400w\" sizes=\"(max-width: 768px) 100vw, 768px\" \/><figcaption class=\"wp-element-caption\">Zara Caf\u00e9 Atenas<\/figcaption><\/figure>\n<\/figure>\n\n\n\n<p><strong>Zacaff\u00e9<\/strong> will present a menu of specialty coffees and teas, accompanied by an extensive collection of pastries, as in the rest of the pop-up coffee shops it has opened around the world in recent years. In addition -in keeping with its DNA- it will have a range of<strong> merchandising products<\/strong> such as mugs, thermos flasks and T-shirts.<\/p>\n\n\n\n<p>The opening of Hermosilla is also linked to the opening of &#8216;<strong><a href=\"https:\/\/www.tapasmagazine.es\/en\/zara-serrano-the-apartment-to-have-a-cafe-inside\/\" target=\"_blank\" rel=\"noreferrer noopener\">El Apartamento<\/a><\/strong>&#8216; that the firm recently opened on the top floor of <strong>Zara Serrano<\/strong>; which includes inside a <strong>high fashion cafeteria <\/strong>so that customers can eat between purchases.<\/p>\n\n\n<div class=\"wp-block-image\">\n<figure class=\"aligncenter size-large is-resized\"><img decoding=\"async\" width=\"1024\" height=\"576\" src=\"https:\/\/www.tapasmagazine.es\/wp-content\/uploads\/2024\/11\/dgfddg-1024x576.webp\" alt=\"\" class=\"wp-image-271986\" style=\"width:880px;height:auto\" srcset=\"https:\/\/www.tapasmagazine.es\/wp-content\/uploads\/2024\/11\/dgfddg-1024x576.webp 1024w, https:\/\/www.tapasmagazine.es\/wp-content\/uploads\/2024\/11\/dgfddg-300x169.webp 300w, https:\/\/www.tapasmagazine.es\/wp-content\/uploads\/2024\/11\/dgfddg-768x432.webp 768w, https:\/\/www.tapasmagazine.es\/wp-content\/uploads\/2024\/11\/dgfddg-1000x563.webp 1000w, https:\/\/www.tapasmagazine.es\/wp-content\/uploads\/2024\/11\/dgfddg-400x225.webp 400w, https:\/\/www.tapasmagazine.es\/wp-content\/uploads\/2024\/11\/dgfddg.webp 1200w\" sizes=\"(max-width: 1024px) 100vw, 1024px\" \/><\/figure>\n<\/div>\n\n\n<p>The key to <strong>Zacaff\u00e9 <\/strong>will be the fusion of fashion and gastronomy within retail, in order to stimulate the shopping experience, and transcend the current industry through architectural and culinary concepts inspired by each of the cities in which they are installed.<\/p>\n","protected":false},"excerpt":{"rendered":"<p>Click\u00a0here\u00a0to read the Spanish version. The textile empire continues to expand the customer shopping experience with the opening of &#8216;Zacaff\u00e9&#8216;, a line of coffee shops that ZARA will extend around the world. Under its creative direction, the brand has just inaugurated this coffee shop concept in the new Zara Man store on Hermosilla Street, which [&hellip;]<\/p>\n","protected":false},"author":285,"featured_media":271985,"comment_status":"closed","ping_status":"closed","sticky":false,"template":"","format":"standard","meta":{"_acf_changed":false,"footnotes":""},"categories":[18831,15802,1],"tags":[16537,16033],"class_list":["post-271997","post","type-post","status-publish","format-standard","has-post-thumbnail","hentry","category-lifestyle-en","category-news","category-sin-categorizar","tag-cafe-en","tag-madrid-en","cat-18831-id","cat-15802-id","cat-1-id"],"acf":[],"yoast_head":"<!-- This site is optimized with the Yoast SEO plugin v27.5 - https:\/\/yoast.com\/product\/yoast-seo-wordpress\/ -->\n<title>ZARA debuts with a line of designer coffee shops - Tapas<\/title>\n<meta name=\"description\" content=\"Click\u00a0here\u00a0to read the Spanish version. The textile empire continues to expand the customer shopping experience with the opening of &#039;Zacaff\u00e9&#039;, a line of\" \/>\n<meta name=\"robots\" content=\"index, follow, max-snippet:-1, max-image-preview:large, max-video-preview:-1\" \/>\n<link rel=\"canonical\" href=\"https:\/\/www.tapasmagazine.es\/en\/zara-debuts-with-a-line-of-designer-coffee-shops\/\" \/>\n<meta property=\"og:locale\" content=\"en_US\" \/>\n<meta property=\"og:type\" content=\"article\" \/>\n<meta property=\"og:title\" content=\"ZARA debuts with a line of designer coffee shops - Tapas\" \/>\n<meta property=\"og:description\" content=\"Click\u00a0here\u00a0to read the Spanish version. The textile empire continues to expand the customer shopping experience with the opening of &#039;Zacaff\u00e9&#039;, a line of\" \/>\n<meta property=\"og:url\" content=\"https:\/\/www.tapasmagazine.es\/en\/zara-debuts-with-a-line-of-designer-coffee-shops\/\" \/>\n<meta property=\"og:site_name\" content=\"Tapas\" \/>\n<meta property=\"article:publisher\" content=\"https:\/\/www.facebook.com\/tapasmagazine\" \/>\n<meta property=\"article:published_time\" content=\"2024-11-22T12:38:43+00:00\" \/>\n<meta property=\"article:modified_time\" content=\"2024-11-22T12:41:24+00:00\" \/>\n<meta property=\"og:image\" content=\"https:\/\/www.tapasmagazine.es\/wp-content\/uploads\/2024\/11\/zara-cafe.jpg\" \/>\n\t<meta property=\"og:image:width\" content=\"1200\" \/>\n\t<meta property=\"og:image:height\" content=\"675\" \/>\n\t<meta property=\"og:image:type\" content=\"image\/jpeg\" \/>\n<meta name=\"author\" content=\"Laura P\u00e9rez\" \/>\n<meta name=\"twitter:card\" content=\"summary_large_image\" \/>\n<meta name=\"twitter:creator\" content=\"@TapasMagazine\" \/>\n<meta name=\"twitter:site\" content=\"@TapasMagazine\" \/>\n<meta name=\"twitter:label1\" content=\"Written by\" \/>\n\t<meta name=\"twitter:data1\" content=\"Laura P\u00e9rez\" \/>\n\t<meta name=\"twitter:label2\" content=\"Est. reading time\" \/>\n\t<meta name=\"twitter:data2\" content=\"2 minutes\" \/>\n<script type=\"application\/ld+json\" class=\"yoast-schema-graph\">{\"@context\":\"https:\\\/\\\/schema.org\",\"@graph\":[{\"@type\":\"Article\",\"@id\":\"https:\\\/\\\/www.tapasmagazine.es\\\/en\\\/zara-debuts-with-a-line-of-designer-coffee-shops\\\/#article\",\"isPartOf\":{\"@id\":\"https:\\\/\\\/www.tapasmagazine.es\\\/en\\\/zara-debuts-with-a-line-of-designer-coffee-shops\\\/\"},\"author\":{\"name\":\"Laura P\u00e9rez\",\"@id\":\"https:\\\/\\\/www.tapasmagazine.es\\\/#\\\/schema\\\/person\\\/eb46cbe76a9c8f062660eb609e3ecb4e\"},\"headline\":\"ZARA debuts with a line of designer coffee shops\",\"datePublished\":\"2024-11-22T12:38:43+00:00\",\"dateModified\":\"2024-11-22T12:41:24+00:00\",\"mainEntityOfPage\":{\"@id\":\"https:\\\/\\\/www.tapasmagazine.es\\\/en\\\/zara-debuts-with-a-line-of-designer-coffee-shops\\\/\"},\"wordCount\":221,\"publisher\":{\"@id\":\"https:\\\/\\\/www.tapasmagazine.es\\\/#organization\"},\"image\":{\"@id\":\"https:\\\/\\\/www.tapasmagazine.es\\\/en\\\/zara-debuts-with-a-line-of-designer-coffee-shops\\\/#primaryimage\"},\"thumbnailUrl\":\"https:\\\/\\\/www.tapasmagazine.es\\\/wp-content\\\/uploads\\\/2024\\\/11\\\/zara-cafe.jpg\",\"keywords\":[\"caf\u00e9\",\"Madrid\"],\"articleSection\":[\"Lifestyle\",\"News\",\"Sin categorizar\"],\"inLanguage\":\"en-US\"},{\"@type\":\"WebPage\",\"@id\":\"https:\\\/\\\/www.tapasmagazine.es\\\/en\\\/zara-debuts-with-a-line-of-designer-coffee-shops\\\/\",\"url\":\"https:\\\/\\\/www.tapasmagazine.es\\\/en\\\/zara-debuts-with-a-line-of-designer-coffee-shops\\\/\",\"name\":\"ZARA debuts with a line of designer coffee shops - Tapas\",\"isPartOf\":{\"@id\":\"https:\\\/\\\/www.tapasmagazine.es\\\/#website\"},\"primaryImageOfPage\":{\"@id\":\"https:\\\/\\\/www.tapasmagazine.es\\\/en\\\/zara-debuts-with-a-line-of-designer-coffee-shops\\\/#primaryimage\"},\"image\":{\"@id\":\"https:\\\/\\\/www.tapasmagazine.es\\\/en\\\/zara-debuts-with-a-line-of-designer-coffee-shops\\\/#primaryimage\"},\"thumbnailUrl\":\"https:\\\/\\\/www.tapasmagazine.es\\\/wp-content\\\/uploads\\\/2024\\\/11\\\/zara-cafe.jpg\",\"datePublished\":\"2024-11-22T12:38:43+00:00\",\"dateModified\":\"2024-11-22T12:41:24+00:00\",\"description\":\"Click\u00a0here\u00a0to read the Spanish version. The textile empire continues to expand the customer shopping experience with the opening of 'Zacaff\u00e9', a line of\",\"breadcrumb\":{\"@id\":\"https:\\\/\\\/www.tapasmagazine.es\\\/en\\\/zara-debuts-with-a-line-of-designer-coffee-shops\\\/#breadcrumb\"},\"inLanguage\":\"en-US\",\"potentialAction\":[{\"@type\":\"ReadAction\",\"target\":[\"https:\\\/\\\/www.tapasmagazine.es\\\/en\\\/zara-debuts-with-a-line-of-designer-coffee-shops\\\/\"]}]},{\"@type\":\"ImageObject\",\"inLanguage\":\"en-US\",\"@id\":\"https:\\\/\\\/www.tapasmagazine.es\\\/en\\\/zara-debuts-with-a-line-of-designer-coffee-shops\\\/#primaryimage\",\"url\":\"https:\\\/\\\/www.tapasmagazine.es\\\/wp-content\\\/uploads\\\/2024\\\/11\\\/zara-cafe.jpg\",\"contentUrl\":\"https:\\\/\\\/www.tapasmagazine.es\\\/wp-content\\\/uploads\\\/2024\\\/11\\\/zara-cafe.jpg\",\"width\":1200,\"height\":675},{\"@type\":\"BreadcrumbList\",\"@id\":\"https:\\\/\\\/www.tapasmagazine.es\\\/en\\\/zara-debuts-with-a-line-of-designer-coffee-shops\\\/#breadcrumb\",\"itemListElement\":[{\"@type\":\"ListItem\",\"position\":1,\"name\":\"Portada\",\"item\":\"https:\\\/\\\/www.tapasmagazine.es\\\/\"},{\"@type\":\"ListItem\",\"position\":2,\"name\":\"Sin categorizar\",\"item\":\"https:\\\/\\\/www.tapasmagazine.es\\\/categorias\\\/sin-categorizar\\\/\"},{\"@type\":\"ListItem\",\"position\":3,\"name\":\"ZARA debuts with a line of designer coffee shops\"}]},{\"@type\":\"WebSite\",\"@id\":\"https:\\\/\\\/www.tapasmagazine.es\\\/#website\",\"url\":\"https:\\\/\\\/www.tapasmagazine.es\\\/\",\"name\":\"Tapas\",\"description\":\"\u00d1am \u00d1am Lifestyle. La vida a bocados. Premio Nacional de Gastronom\u00eda 2016.\",\"publisher\":{\"@id\":\"https:\\\/\\\/www.tapasmagazine.es\\\/#organization\"},\"potentialAction\":[{\"@type\":\"SearchAction\",\"target\":{\"@type\":\"EntryPoint\",\"urlTemplate\":\"https:\\\/\\\/www.tapasmagazine.es\\\/?s={search_term_string}\"},\"query-input\":{\"@type\":\"PropertyValueSpecification\",\"valueRequired\":true,\"valueName\":\"search_term_string\"}}],\"inLanguage\":\"en-US\"},{\"@type\":\"Organization\",\"@id\":\"https:\\\/\\\/www.tapasmagazine.es\\\/#organization\",\"name\":\"Tapas Magazine\",\"url\":\"https:\\\/\\\/www.tapasmagazine.es\\\/\",\"logo\":{\"@type\":\"ImageObject\",\"inLanguage\":\"en-US\",\"@id\":\"https:\\\/\\\/www.tapasmagazine.es\\\/#\\\/schema\\\/logo\\\/image\\\/\",\"url\":\"https:\\\/\\\/www.tapasmagazine.es\\\/wp-content\\\/uploads\\\/2018\\\/01\\\/logo.png\",\"contentUrl\":\"https:\\\/\\\/www.tapasmagazine.es\\\/wp-content\\\/uploads\\\/2018\\\/01\\\/logo.png\",\"width\":180,\"height\":60,\"caption\":\"Tapas Magazine\"},\"image\":{\"@id\":\"https:\\\/\\\/www.tapasmagazine.es\\\/#\\\/schema\\\/logo\\\/image\\\/\"},\"sameAs\":[\"https:\\\/\\\/www.facebook.com\\\/tapasmagazine\",\"https:\\\/\\\/x.com\\\/TapasMagazine\",\"https:\\\/\\\/www.instagram.com\\\/tapasmagazine\\\/\",\"https:\\\/\\\/www.linkedin.com\\\/company\\\/tapas-magazine\",\"https:\\\/\\\/es.pinterest.com\\\/tapasmagazine\\\/\",\"https:\\\/\\\/www.youtube.com\\\/channel\\\/UCEyxneAaACuR0lfDagrWjjg?sub_confirmation=1\"]},{\"@type\":\"Person\",\"@id\":\"https:\\\/\\\/www.tapasmagazine.es\\\/#\\\/schema\\\/person\\\/eb46cbe76a9c8f062660eb609e3ecb4e\",\"name\":\"Laura P\u00e9rez\",\"url\":\"https:\\\/\\\/www.tapasmagazine.es\\\/en\\\/author\\\/laura-perez\\\/\"}]}<\/script>\n<!-- \/ Yoast SEO plugin. -->","yoast_head_json":{"title":"ZARA debuts with a line of designer coffee shops - Tapas","description":"Click\u00a0here\u00a0to read the Spanish version. The textile empire continues to expand the customer shopping experience with the opening of 'Zacaff\u00e9', a line of","robots":{"index":"index","follow":"follow","max-snippet":"max-snippet:-1","max-image-preview":"max-image-preview:large","max-video-preview":"max-video-preview:-1"},"canonical":"https:\/\/www.tapasmagazine.es\/en\/zara-debuts-with-a-line-of-designer-coffee-shops\/","og_locale":"en_US","og_type":"article","og_title":"ZARA debuts with a line of designer coffee shops - Tapas","og_description":"Click\u00a0here\u00a0to read the Spanish version. The textile empire continues to expand the customer shopping experience with the opening of 'Zacaff\u00e9', a line of","og_url":"https:\/\/www.tapasmagazine.es\/en\/zara-debuts-with-a-line-of-designer-coffee-shops\/","og_site_name":"Tapas","article_publisher":"https:\/\/www.facebook.com\/tapasmagazine","article_published_time":"2024-11-22T12:38:43+00:00","article_modified_time":"2024-11-22T12:41:24+00:00","og_image":[{"width":1200,"height":675,"url":"https:\/\/www.tapasmagazine.es\/wp-content\/uploads\/2024\/11\/zara-cafe.jpg","type":"image\/jpeg"}],"author":"Laura P\u00e9rez","twitter_card":"summary_large_image","twitter_creator":"@TapasMagazine","twitter_site":"@TapasMagazine","twitter_misc":{"Written by":"Laura P\u00e9rez","Est. reading time":"2 minutes"},"schema":{"@context":"https:\/\/schema.org","@graph":[{"@type":"Article","@id":"https:\/\/www.tapasmagazine.es\/en\/zara-debuts-with-a-line-of-designer-coffee-shops\/#article","isPartOf":{"@id":"https:\/\/www.tapasmagazine.es\/en\/zara-debuts-with-a-line-of-designer-coffee-shops\/"},"author":{"name":"Laura P\u00e9rez","@id":"https:\/\/www.tapasmagazine.es\/#\/schema\/person\/eb46cbe76a9c8f062660eb609e3ecb4e"},"headline":"ZARA debuts with a line of designer coffee shops","datePublished":"2024-11-22T12:38:43+00:00","dateModified":"2024-11-22T12:41:24+00:00","mainEntityOfPage":{"@id":"https:\/\/www.tapasmagazine.es\/en\/zara-debuts-with-a-line-of-designer-coffee-shops\/"},"wordCount":221,"publisher":{"@id":"https:\/\/www.tapasmagazine.es\/#organization"},"image":{"@id":"https:\/\/www.tapasmagazine.es\/en\/zara-debuts-with-a-line-of-designer-coffee-shops\/#primaryimage"},"thumbnailUrl":"https:\/\/www.tapasmagazine.es\/wp-content\/uploads\/2024\/11\/zara-cafe.jpg","keywords":["caf\u00e9","Madrid"],"articleSection":["Lifestyle","News","Sin categorizar"],"inLanguage":"en-US"},{"@type":"WebPage","@id":"https:\/\/www.tapasmagazine.es\/en\/zara-debuts-with-a-line-of-designer-coffee-shops\/","url":"https:\/\/www.tapasmagazine.es\/en\/zara-debuts-with-a-line-of-designer-coffee-shops\/","name":"ZARA debuts with a line of designer coffee shops - Tapas","isPartOf":{"@id":"https:\/\/www.tapasmagazine.es\/#website"},"primaryImageOfPage":{"@id":"https:\/\/www.tapasmagazine.es\/en\/zara-debuts-with-a-line-of-designer-coffee-shops\/#primaryimage"},"image":{"@id":"https:\/\/www.tapasmagazine.es\/en\/zara-debuts-with-a-line-of-designer-coffee-shops\/#primaryimage"},"thumbnailUrl":"https:\/\/www.tapasmagazine.es\/wp-content\/uploads\/2024\/11\/zara-cafe.jpg","datePublished":"2024-11-22T12:38:43+00:00","dateModified":"2024-11-22T12:41:24+00:00","description":"Click\u00a0here\u00a0to read the Spanish version. The textile empire continues to expand the customer shopping experience with the opening of 'Zacaff\u00e9', a line of","breadcrumb":{"@id":"https:\/\/www.tapasmagazine.es\/en\/zara-debuts-with-a-line-of-designer-coffee-shops\/#breadcrumb"},"inLanguage":"en-US","potentialAction":[{"@type":"ReadAction","target":["https:\/\/www.tapasmagazine.es\/en\/zara-debuts-with-a-line-of-designer-coffee-shops\/"]}]},{"@type":"ImageObject","inLanguage":"en-US","@id":"https:\/\/www.tapasmagazine.es\/en\/zara-debuts-with-a-line-of-designer-coffee-shops\/#primaryimage","url":"https:\/\/www.tapasmagazine.es\/wp-content\/uploads\/2024\/11\/zara-cafe.jpg","contentUrl":"https:\/\/www.tapasmagazine.es\/wp-content\/uploads\/2024\/11\/zara-cafe.jpg","width":1200,"height":675},{"@type":"BreadcrumbList","@id":"https:\/\/www.tapasmagazine.es\/en\/zara-debuts-with-a-line-of-designer-coffee-shops\/#breadcrumb","itemListElement":[{"@type":"ListItem","position":1,"name":"Portada","item":"https:\/\/www.tapasmagazine.es\/"},{"@type":"ListItem","position":2,"name":"Sin categorizar","item":"https:\/\/www.tapasmagazine.es\/categorias\/sin-categorizar\/"},{"@type":"ListItem","position":3,"name":"ZARA debuts with a line of designer coffee shops"}]},{"@type":"WebSite","@id":"https:\/\/www.tapasmagazine.es\/#website","url":"https:\/\/www.tapasmagazine.es\/","name":"Tapas","description":"\u00d1am \u00d1am Lifestyle. La vida a bocados. Premio Nacional de Gastronom\u00eda 2016.","publisher":{"@id":"https:\/\/www.tapasmagazine.es\/#organization"},"potentialAction":[{"@type":"SearchAction","target":{"@type":"EntryPoint","urlTemplate":"https:\/\/www.tapasmagazine.es\/?s={search_term_string}"},"query-input":{"@type":"PropertyValueSpecification","valueRequired":true,"valueName":"search_term_string"}}],"inLanguage":"en-US"},{"@type":"Organization","@id":"https:\/\/www.tapasmagazine.es\/#organization","name":"Tapas Magazine","url":"https:\/\/www.tapasmagazine.es\/","logo":{"@type":"ImageObject","inLanguage":"en-US","@id":"https:\/\/www.tapasmagazine.es\/#\/schema\/logo\/image\/","url":"https:\/\/www.tapasmagazine.es\/wp-content\/uploads\/2018\/01\/logo.png","contentUrl":"https:\/\/www.tapasmagazine.es\/wp-content\/uploads\/2018\/01\/logo.png","width":180,"height":60,"caption":"Tapas Magazine"},"image":{"@id":"https:\/\/www.tapasmagazine.es\/#\/schema\/logo\/image\/"},"sameAs":["https:\/\/www.facebook.com\/tapasmagazine","https:\/\/x.com\/TapasMagazine","https:\/\/www.instagram.com\/tapasmagazine\/","https:\/\/www.linkedin.com\/company\/tapas-magazine","https:\/\/es.pinterest.com\/tapasmagazine\/","https:\/\/www.youtube.com\/channel\/UCEyxneAaACuR0lfDagrWjjg?sub_confirmation=1"]},{"@type":"Person","@id":"https:\/\/www.tapasmagazine.es\/#\/schema\/person\/eb46cbe76a9c8f062660eb609e3ecb4e","name":"Laura P\u00e9rez","url":"https:\/\/www.tapasmagazine.es\/en\/author\/laura-perez\/"}]}},"_links":{"self":[{"href":"https:\/\/www.tapasmagazine.es\/en\/wp-json\/wp\/v2\/posts\/271997","targetHints":{"allow":["GET"]}}],"collection":[{"href":"https:\/\/www.tapasmagazine.es\/en\/wp-json\/wp\/v2\/posts"}],"about":[{"href":"https:\/\/www.tapasmagazine.es\/en\/wp-json\/wp\/v2\/types\/post"}],"author":[{"embeddable":true,"href":"https:\/\/www.tapasmagazine.es\/en\/wp-json\/wp\/v2\/users\/285"}],"replies":[{"embeddable":true,"href":"https:\/\/www.tapasmagazine.es\/en\/wp-json\/wp\/v2\/comments?post=271997"}],"version-history":[{"count":2,"href":"https:\/\/www.tapasmagazine.es\/en\/wp-json\/wp\/v2\/posts\/271997\/revisions"}],"predecessor-version":[{"id":272003,"href":"https:\/\/www.tapasmagazine.es\/en\/wp-json\/wp\/v2\/posts\/271997\/revisions\/272003"}],"wp:featuredmedia":[{"embeddable":true,"href":"https:\/\/www.tapasmagazine.es\/en\/wp-json\/wp\/v2\/media\/271985"}],"wp:attachment":[{"href":"https:\/\/www.tapasmagazine.es\/en\/wp-json\/wp\/v2\/media?parent=271997"}],"wp:term":[{"taxonomy":"category","embeddable":true,"href":"https:\/\/www.tapasmagazine.es\/en\/wp-json\/wp\/v2\/categories?post=271997"},{"taxonomy":"post_tag","embeddable":true,"href":"https:\/\/www.tapasmagazine.es\/en\/wp-json\/wp\/v2\/tags?post=271997"}],"curies":[{"name":"wp","href":"https:\/\/api.w.org\/{rel}","templated":true}]}}