{"id":271361,"date":"2024-11-19T17:37:05","date_gmt":"2024-11-19T16:37:05","guid":{"rendered":"https:\/\/www.tapasmagazine.es\/victoria-beckham-recuerda-una-de-sus-citas-con-david-mas-iconicas-de-los-90\/"},"modified":"2024-11-19T17:45:35","modified_gmt":"2024-11-19T16:45:35","slug":"victoria-beckham-recalls-one-of-her-most-iconic-dates-with-david-in-the-90s","status":"publish","type":"post","link":"https:\/\/www.tapasmagazine.es\/en\/victoria-beckham-recalls-one-of-her-most-iconic-dates-with-david-in-the-90s\/","title":{"rendered":"Victoria Beckham recalls one of her most iconic dates with David in the 90&#8217;s"},"content":{"rendered":"\n<p><strong>Click\u00a0<a href=\"https:\/\/www.tapasmagazine.es\/jennie-de-blackpink-es-la-nueva-musa-de-https:\/\/www.tapasmagazine.es\/victoria-beckham-recuerda-una-de-sus-citas-con-david-mas-iconicas-de-lohttps:\/\/www.tapasmagazine.es\/victoria-beckham-recuerda-una-de-sus-citas-con-david-mas-iconicas-de-los-90\/s-90\/\/\" target=\"_blank\" rel=\"noreferrer noopener\">here<\/a>\u00a0to read the Spanish version.<\/strong><\/p>\n\n\n\n<p>In a new Instagram <strong><a href=\"https:\/\/www.instagram.com\/p\/DCb0GxyILaG\/\" target=\"_blank\" rel=\"noreferrer noopener\">Reel<\/a><\/strong> promoting her new fragrance &#8216;Victoria Beckham Beauty Suite 302&#8217;, the former Spice decides to share with her virtual community an anecdote about a special date night she had with<strong> David Beckham<\/strong>. And she does it by going back in time from the Parisian restaurant she used to frequent with the ex-footballer. &#8216;It really transports me back in time,&#8217; she said of the candlelit venue. &#8216;There&#8217;s something so glamorous about Paris: it feels so opulent\u2026so sexy.&#8217;<\/p>\n\n\n\n<p>The evening then harkens back to Paris in the <strong>1990s<\/strong> in that same space. &#8216;I remember when we came here in the &#8217;90s. I remember we ordered a very special bottle of wine. Back then we had trouble finishing a bottle of wine both of us,&#8217; he continues, adding sarcastically, &#8216;We don&#8217;t seem to have a problem with that now.&#8217;<\/p>\n\n\n<div class=\"wp-block-image\">\n<figure class=\"aligncenter size-full is-resized\"><img decoding=\"async\" width=\"600\" height=\"973\" src=\"https:\/\/www.tapasmagazine.es\/wp-content\/uploads\/2024\/11\/651ee0226561dd877e71a0b8.webp\" alt=\"\" class=\"wp-image-271348\" style=\"width:914px;height:auto\" srcset=\"https:\/\/www.tapasmagazine.es\/wp-content\/uploads\/2024\/11\/651ee0226561dd877e71a0b8.webp 600w, https:\/\/www.tapasmagazine.es\/wp-content\/uploads\/2024\/11\/651ee0226561dd877e71a0b8-185x300.webp 185w, https:\/\/www.tapasmagazine.es\/wp-content\/uploads\/2024\/11\/651ee0226561dd877e71a0b8-400x649.webp 400w\" sizes=\"(max-width: 600px) 100vw, 600px\" \/><\/figure>\n<\/div>\n\n\n<p><strong>Victoria<\/strong> then recalls how everything seemed &#8216;so over the top,&#8217; noting that the &#8216;strong smell of tobacco&#8217; in Suite 302 feels very Parisian. &#8216;The heavy drapes, the velvet sofas, the color palettes, the little tassels on the chairs. I love the way we&#8217;ve bottled up all those elements and put them together to create Suite 302,&#8217; he details.<\/p>\n\n\n\n<p>&#8216;I love coming back here, it&#8217;s definitely our happy place. I love the people,<strong> I love the energy and, of course, I love the wine<\/strong>,&#8217; he continues of the Parisian venue. &#8216;Who doesn&#8217;t?&#8217; she continues.<\/p>\n\n\n\n<p>The ageless it girl then adds that the person she imagines enjoying the fragrance is very elegant and elevated. &#8216;I really wanted to capture both how I was feeling in this moment, and how David was feeling as well. It&#8217;s about the two of us. It&#8217;s about our special time in Paris in the &#8217;90s. It&#8217;s Suite 302.&#8217;<\/p>\n","protected":false},"excerpt":{"rendered":"<p>Click\u00a0here\u00a0to read the Spanish version. In a new Instagram Reel promoting her new fragrance &#8216;Victoria Beckham Beauty Suite 302&#8217;, the former Spice decides to share with her virtual community an anecdote about a special date night she had with David Beckham. And she does it by going back in time from the Parisian restaurant she [&hellip;]<\/p>\n","protected":false},"author":285,"featured_media":271353,"comment_status":"closed","ping_status":"closed","sticky":false,"template":"","format":"standard","meta":{"_acf_changed":false,"footnotes":""},"categories":[15851,15910,1],"tags":[18563,16309],"class_list":["post-271361","post","type-post","status-publish","format-standard","has-post-thumbnail","hentry","category-nombres-propios-en","category-personajes-en","category-sin-categorizar","tag-david-beckham-en","tag-paris-en","cat-15851-id","cat-15910-id","cat-1-id"],"acf":[],"yoast_head":"<!-- This site is optimized with the Yoast SEO plugin v27.4 - https:\/\/yoast.com\/product\/yoast-seo-wordpress\/ -->\n<title>Victoria Beckham recalls one of her most iconic dates with David in the 90&#039;s - Tapas<\/title>\n<meta name=\"description\" content=\"Click\u00a0here\u00a0to read the Spanish version. In a new Instagram Reel promoting her new fragrance &#039;Victoria Beckham Beauty Suite 302&#039;, the former Spice decides\" \/>\n<meta name=\"robots\" content=\"index, follow, max-snippet:-1, max-image-preview:large, max-video-preview:-1\" \/>\n<link rel=\"canonical\" href=\"https:\/\/www.tapasmagazine.es\/en\/victoria-beckham-recalls-one-of-her-most-iconic-dates-with-david-in-the-90s\/\" \/>\n<meta property=\"og:locale\" content=\"en_US\" \/>\n<meta property=\"og:type\" content=\"article\" \/>\n<meta property=\"og:title\" content=\"Victoria Beckham recalls one of her most iconic dates with David in the 90&#039;s - Tapas\" \/>\n<meta property=\"og:description\" content=\"Click\u00a0here\u00a0to read the Spanish version. In a new Instagram Reel promoting her new fragrance &#039;Victoria Beckham Beauty Suite 302&#039;, the former Spice decides\" \/>\n<meta property=\"og:url\" content=\"https:\/\/www.tapasmagazine.es\/en\/victoria-beckham-recalls-one-of-her-most-iconic-dates-with-david-in-the-90s\/\" \/>\n<meta property=\"og:site_name\" content=\"Tapas\" \/>\n<meta property=\"article:publisher\" content=\"https:\/\/www.facebook.com\/tapasmagazine\" \/>\n<meta property=\"article:published_time\" content=\"2024-11-19T16:37:05+00:00\" \/>\n<meta property=\"article:modified_time\" content=\"2024-11-19T16:45:35+00:00\" \/>\n<meta property=\"og:image\" content=\"https:\/\/www.tapasmagazine.es\/wp-content\/uploads\/2024\/11\/victoria-beckham.jpg\" \/>\n\t<meta property=\"og:image:width\" content=\"1200\" \/>\n\t<meta property=\"og:image:height\" content=\"675\" \/>\n\t<meta property=\"og:image:type\" content=\"image\/jpeg\" \/>\n<meta name=\"author\" content=\"Laura P\u00e9rez\" \/>\n<meta name=\"twitter:card\" content=\"summary_large_image\" \/>\n<meta name=\"twitter:creator\" content=\"@TapasMagazine\" \/>\n<meta name=\"twitter:site\" content=\"@TapasMagazine\" \/>\n<meta name=\"twitter:label1\" content=\"Written by\" \/>\n\t<meta name=\"twitter:data1\" content=\"Laura P\u00e9rez\" \/>\n\t<meta name=\"twitter:label2\" content=\"Est. reading time\" \/>\n\t<meta name=\"twitter:data2\" content=\"2 minutes\" \/>\n<script type=\"application\/ld+json\" class=\"yoast-schema-graph\">{\"@context\":\"https:\\\/\\\/schema.org\",\"@graph\":[{\"@type\":\"Article\",\"@id\":\"https:\\\/\\\/www.tapasmagazine.es\\\/en\\\/victoria-beckham-recalls-one-of-her-most-iconic-dates-with-david-in-the-90s\\\/#article\",\"isPartOf\":{\"@id\":\"https:\\\/\\\/www.tapasmagazine.es\\\/en\\\/victoria-beckham-recalls-one-of-her-most-iconic-dates-with-david-in-the-90s\\\/\"},\"author\":{\"name\":\"Laura P\u00e9rez\",\"@id\":\"https:\\\/\\\/www.tapasmagazine.es\\\/#\\\/schema\\\/person\\\/eb46cbe76a9c8f062660eb609e3ecb4e\"},\"headline\":\"Victoria Beckham recalls one of her most iconic dates with David in the 90&#8217;s\",\"datePublished\":\"2024-11-19T16:37:05+00:00\",\"dateModified\":\"2024-11-19T16:45:35+00:00\",\"mainEntityOfPage\":{\"@id\":\"https:\\\/\\\/www.tapasmagazine.es\\\/en\\\/victoria-beckham-recalls-one-of-her-most-iconic-dates-with-david-in-the-90s\\\/\"},\"wordCount\":317,\"publisher\":{\"@id\":\"https:\\\/\\\/www.tapasmagazine.es\\\/#organization\"},\"image\":{\"@id\":\"https:\\\/\\\/www.tapasmagazine.es\\\/en\\\/victoria-beckham-recalls-one-of-her-most-iconic-dates-with-david-in-the-90s\\\/#primaryimage\"},\"thumbnailUrl\":\"https:\\\/\\\/www.tapasmagazine.es\\\/wp-content\\\/uploads\\\/2024\\\/11\\\/victoria-beckham.jpg\",\"keywords\":[\"David Beckham\",\"Par\u00eds\"],\"articleSection\":[\"Nombres propios\",\"Personajes\",\"Sin categorizar\"],\"inLanguage\":\"en-US\"},{\"@type\":\"WebPage\",\"@id\":\"https:\\\/\\\/www.tapasmagazine.es\\\/en\\\/victoria-beckham-recalls-one-of-her-most-iconic-dates-with-david-in-the-90s\\\/\",\"url\":\"https:\\\/\\\/www.tapasmagazine.es\\\/en\\\/victoria-beckham-recalls-one-of-her-most-iconic-dates-with-david-in-the-90s\\\/\",\"name\":\"Victoria Beckham recalls one of her most iconic dates with David in the 90's - Tapas\",\"isPartOf\":{\"@id\":\"https:\\\/\\\/www.tapasmagazine.es\\\/#website\"},\"primaryImageOfPage\":{\"@id\":\"https:\\\/\\\/www.tapasmagazine.es\\\/en\\\/victoria-beckham-recalls-one-of-her-most-iconic-dates-with-david-in-the-90s\\\/#primaryimage\"},\"image\":{\"@id\":\"https:\\\/\\\/www.tapasmagazine.es\\\/en\\\/victoria-beckham-recalls-one-of-her-most-iconic-dates-with-david-in-the-90s\\\/#primaryimage\"},\"thumbnailUrl\":\"https:\\\/\\\/www.tapasmagazine.es\\\/wp-content\\\/uploads\\\/2024\\\/11\\\/victoria-beckham.jpg\",\"datePublished\":\"2024-11-19T16:37:05+00:00\",\"dateModified\":\"2024-11-19T16:45:35+00:00\",\"description\":\"Click\u00a0here\u00a0to read the Spanish version. In a new Instagram Reel promoting her new fragrance 'Victoria Beckham Beauty Suite 302', the former Spice decides\",\"breadcrumb\":{\"@id\":\"https:\\\/\\\/www.tapasmagazine.es\\\/en\\\/victoria-beckham-recalls-one-of-her-most-iconic-dates-with-david-in-the-90s\\\/#breadcrumb\"},\"inLanguage\":\"en-US\",\"potentialAction\":[{\"@type\":\"ReadAction\",\"target\":[\"https:\\\/\\\/www.tapasmagazine.es\\\/en\\\/victoria-beckham-recalls-one-of-her-most-iconic-dates-with-david-in-the-90s\\\/\"]}]},{\"@type\":\"ImageObject\",\"inLanguage\":\"en-US\",\"@id\":\"https:\\\/\\\/www.tapasmagazine.es\\\/en\\\/victoria-beckham-recalls-one-of-her-most-iconic-dates-with-david-in-the-90s\\\/#primaryimage\",\"url\":\"https:\\\/\\\/www.tapasmagazine.es\\\/wp-content\\\/uploads\\\/2024\\\/11\\\/victoria-beckham.jpg\",\"contentUrl\":\"https:\\\/\\\/www.tapasmagazine.es\\\/wp-content\\\/uploads\\\/2024\\\/11\\\/victoria-beckham.jpg\",\"width\":1200,\"height\":675},{\"@type\":\"BreadcrumbList\",\"@id\":\"https:\\\/\\\/www.tapasmagazine.es\\\/en\\\/victoria-beckham-recalls-one-of-her-most-iconic-dates-with-david-in-the-90s\\\/#breadcrumb\",\"itemListElement\":[{\"@type\":\"ListItem\",\"position\":1,\"name\":\"Portada\",\"item\":\"https:\\\/\\\/www.tapasmagazine.es\\\/\"},{\"@type\":\"ListItem\",\"position\":2,\"name\":\"Sin categorizar\",\"item\":\"https:\\\/\\\/www.tapasmagazine.es\\\/categorias\\\/sin-categorizar\\\/\"},{\"@type\":\"ListItem\",\"position\":3,\"name\":\"Victoria Beckham recalls one of her most iconic dates with David in the 90&#8217;s\"}]},{\"@type\":\"WebSite\",\"@id\":\"https:\\\/\\\/www.tapasmagazine.es\\\/#website\",\"url\":\"https:\\\/\\\/www.tapasmagazine.es\\\/\",\"name\":\"Tapas\",\"description\":\"\u00d1am \u00d1am Lifestyle. La vida a bocados. Premio Nacional de Gastronom\u00eda 2016.\",\"publisher\":{\"@id\":\"https:\\\/\\\/www.tapasmagazine.es\\\/#organization\"},\"potentialAction\":[{\"@type\":\"SearchAction\",\"target\":{\"@type\":\"EntryPoint\",\"urlTemplate\":\"https:\\\/\\\/www.tapasmagazine.es\\\/?s={search_term_string}\"},\"query-input\":{\"@type\":\"PropertyValueSpecification\",\"valueRequired\":true,\"valueName\":\"search_term_string\"}}],\"inLanguage\":\"en-US\"},{\"@type\":\"Organization\",\"@id\":\"https:\\\/\\\/www.tapasmagazine.es\\\/#organization\",\"name\":\"Tapas Magazine\",\"url\":\"https:\\\/\\\/www.tapasmagazine.es\\\/\",\"logo\":{\"@type\":\"ImageObject\",\"inLanguage\":\"en-US\",\"@id\":\"https:\\\/\\\/www.tapasmagazine.es\\\/#\\\/schema\\\/logo\\\/image\\\/\",\"url\":\"https:\\\/\\\/www.tapasmagazine.es\\\/wp-content\\\/uploads\\\/2018\\\/01\\\/logo.png\",\"contentUrl\":\"https:\\\/\\\/www.tapasmagazine.es\\\/wp-content\\\/uploads\\\/2018\\\/01\\\/logo.png\",\"width\":180,\"height\":60,\"caption\":\"Tapas Magazine\"},\"image\":{\"@id\":\"https:\\\/\\\/www.tapasmagazine.es\\\/#\\\/schema\\\/logo\\\/image\\\/\"},\"sameAs\":[\"https:\\\/\\\/www.facebook.com\\\/tapasmagazine\",\"https:\\\/\\\/x.com\\\/TapasMagazine\",\"https:\\\/\\\/www.instagram.com\\\/tapasmagazine\\\/\",\"https:\\\/\\\/www.linkedin.com\\\/company\\\/tapas-magazine\",\"https:\\\/\\\/es.pinterest.com\\\/tapasmagazine\\\/\",\"https:\\\/\\\/www.youtube.com\\\/channel\\\/UCEyxneAaACuR0lfDagrWjjg?sub_confirmation=1\"]},{\"@type\":\"Person\",\"@id\":\"https:\\\/\\\/www.tapasmagazine.es\\\/#\\\/schema\\\/person\\\/eb46cbe76a9c8f062660eb609e3ecb4e\",\"name\":\"Laura P\u00e9rez\",\"url\":\"https:\\\/\\\/www.tapasmagazine.es\\\/en\\\/author\\\/laura-perez\\\/\"}]}<\/script>\n<!-- \/ Yoast SEO plugin. -->","yoast_head_json":{"title":"Victoria Beckham recalls one of her most iconic dates with David in the 90's - Tapas","description":"Click\u00a0here\u00a0to read the Spanish version. In a new Instagram Reel promoting her new fragrance 'Victoria Beckham Beauty Suite 302', the former Spice decides","robots":{"index":"index","follow":"follow","max-snippet":"max-snippet:-1","max-image-preview":"max-image-preview:large","max-video-preview":"max-video-preview:-1"},"canonical":"https:\/\/www.tapasmagazine.es\/en\/victoria-beckham-recalls-one-of-her-most-iconic-dates-with-david-in-the-90s\/","og_locale":"en_US","og_type":"article","og_title":"Victoria Beckham recalls one of her most iconic dates with David in the 90's - Tapas","og_description":"Click\u00a0here\u00a0to read the Spanish version. In a new Instagram Reel promoting her new fragrance 'Victoria Beckham Beauty Suite 302', the former Spice decides","og_url":"https:\/\/www.tapasmagazine.es\/en\/victoria-beckham-recalls-one-of-her-most-iconic-dates-with-david-in-the-90s\/","og_site_name":"Tapas","article_publisher":"https:\/\/www.facebook.com\/tapasmagazine","article_published_time":"2024-11-19T16:37:05+00:00","article_modified_time":"2024-11-19T16:45:35+00:00","og_image":[{"width":1200,"height":675,"url":"https:\/\/www.tapasmagazine.es\/wp-content\/uploads\/2024\/11\/victoria-beckham.jpg","type":"image\/jpeg"}],"author":"Laura P\u00e9rez","twitter_card":"summary_large_image","twitter_creator":"@TapasMagazine","twitter_site":"@TapasMagazine","twitter_misc":{"Written by":"Laura P\u00e9rez","Est. reading time":"2 minutes"},"schema":{"@context":"https:\/\/schema.org","@graph":[{"@type":"Article","@id":"https:\/\/www.tapasmagazine.es\/en\/victoria-beckham-recalls-one-of-her-most-iconic-dates-with-david-in-the-90s\/#article","isPartOf":{"@id":"https:\/\/www.tapasmagazine.es\/en\/victoria-beckham-recalls-one-of-her-most-iconic-dates-with-david-in-the-90s\/"},"author":{"name":"Laura P\u00e9rez","@id":"https:\/\/www.tapasmagazine.es\/#\/schema\/person\/eb46cbe76a9c8f062660eb609e3ecb4e"},"headline":"Victoria Beckham recalls one of her most iconic dates with David in the 90&#8217;s","datePublished":"2024-11-19T16:37:05+00:00","dateModified":"2024-11-19T16:45:35+00:00","mainEntityOfPage":{"@id":"https:\/\/www.tapasmagazine.es\/en\/victoria-beckham-recalls-one-of-her-most-iconic-dates-with-david-in-the-90s\/"},"wordCount":317,"publisher":{"@id":"https:\/\/www.tapasmagazine.es\/#organization"},"image":{"@id":"https:\/\/www.tapasmagazine.es\/en\/victoria-beckham-recalls-one-of-her-most-iconic-dates-with-david-in-the-90s\/#primaryimage"},"thumbnailUrl":"https:\/\/www.tapasmagazine.es\/wp-content\/uploads\/2024\/11\/victoria-beckham.jpg","keywords":["David Beckham","Par\u00eds"],"articleSection":["Nombres propios","Personajes","Sin categorizar"],"inLanguage":"en-US"},{"@type":"WebPage","@id":"https:\/\/www.tapasmagazine.es\/en\/victoria-beckham-recalls-one-of-her-most-iconic-dates-with-david-in-the-90s\/","url":"https:\/\/www.tapasmagazine.es\/en\/victoria-beckham-recalls-one-of-her-most-iconic-dates-with-david-in-the-90s\/","name":"Victoria Beckham recalls one of her most iconic dates with David in the 90's - Tapas","isPartOf":{"@id":"https:\/\/www.tapasmagazine.es\/#website"},"primaryImageOfPage":{"@id":"https:\/\/www.tapasmagazine.es\/en\/victoria-beckham-recalls-one-of-her-most-iconic-dates-with-david-in-the-90s\/#primaryimage"},"image":{"@id":"https:\/\/www.tapasmagazine.es\/en\/victoria-beckham-recalls-one-of-her-most-iconic-dates-with-david-in-the-90s\/#primaryimage"},"thumbnailUrl":"https:\/\/www.tapasmagazine.es\/wp-content\/uploads\/2024\/11\/victoria-beckham.jpg","datePublished":"2024-11-19T16:37:05+00:00","dateModified":"2024-11-19T16:45:35+00:00","description":"Click\u00a0here\u00a0to read the Spanish version. In a new Instagram Reel promoting her new fragrance 'Victoria Beckham Beauty Suite 302', the former Spice decides","breadcrumb":{"@id":"https:\/\/www.tapasmagazine.es\/en\/victoria-beckham-recalls-one-of-her-most-iconic-dates-with-david-in-the-90s\/#breadcrumb"},"inLanguage":"en-US","potentialAction":[{"@type":"ReadAction","target":["https:\/\/www.tapasmagazine.es\/en\/victoria-beckham-recalls-one-of-her-most-iconic-dates-with-david-in-the-90s\/"]}]},{"@type":"ImageObject","inLanguage":"en-US","@id":"https:\/\/www.tapasmagazine.es\/en\/victoria-beckham-recalls-one-of-her-most-iconic-dates-with-david-in-the-90s\/#primaryimage","url":"https:\/\/www.tapasmagazine.es\/wp-content\/uploads\/2024\/11\/victoria-beckham.jpg","contentUrl":"https:\/\/www.tapasmagazine.es\/wp-content\/uploads\/2024\/11\/victoria-beckham.jpg","width":1200,"height":675},{"@type":"BreadcrumbList","@id":"https:\/\/www.tapasmagazine.es\/en\/victoria-beckham-recalls-one-of-her-most-iconic-dates-with-david-in-the-90s\/#breadcrumb","itemListElement":[{"@type":"ListItem","position":1,"name":"Portada","item":"https:\/\/www.tapasmagazine.es\/"},{"@type":"ListItem","position":2,"name":"Sin categorizar","item":"https:\/\/www.tapasmagazine.es\/categorias\/sin-categorizar\/"},{"@type":"ListItem","position":3,"name":"Victoria Beckham recalls one of her most iconic dates with David in the 90&#8217;s"}]},{"@type":"WebSite","@id":"https:\/\/www.tapasmagazine.es\/#website","url":"https:\/\/www.tapasmagazine.es\/","name":"Tapas","description":"\u00d1am \u00d1am Lifestyle. La vida a bocados. Premio Nacional de Gastronom\u00eda 2016.","publisher":{"@id":"https:\/\/www.tapasmagazine.es\/#organization"},"potentialAction":[{"@type":"SearchAction","target":{"@type":"EntryPoint","urlTemplate":"https:\/\/www.tapasmagazine.es\/?s={search_term_string}"},"query-input":{"@type":"PropertyValueSpecification","valueRequired":true,"valueName":"search_term_string"}}],"inLanguage":"en-US"},{"@type":"Organization","@id":"https:\/\/www.tapasmagazine.es\/#organization","name":"Tapas Magazine","url":"https:\/\/www.tapasmagazine.es\/","logo":{"@type":"ImageObject","inLanguage":"en-US","@id":"https:\/\/www.tapasmagazine.es\/#\/schema\/logo\/image\/","url":"https:\/\/www.tapasmagazine.es\/wp-content\/uploads\/2018\/01\/logo.png","contentUrl":"https:\/\/www.tapasmagazine.es\/wp-content\/uploads\/2018\/01\/logo.png","width":180,"height":60,"caption":"Tapas Magazine"},"image":{"@id":"https:\/\/www.tapasmagazine.es\/#\/schema\/logo\/image\/"},"sameAs":["https:\/\/www.facebook.com\/tapasmagazine","https:\/\/x.com\/TapasMagazine","https:\/\/www.instagram.com\/tapasmagazine\/","https:\/\/www.linkedin.com\/company\/tapas-magazine","https:\/\/es.pinterest.com\/tapasmagazine\/","https:\/\/www.youtube.com\/channel\/UCEyxneAaACuR0lfDagrWjjg?sub_confirmation=1"]},{"@type":"Person","@id":"https:\/\/www.tapasmagazine.es\/#\/schema\/person\/eb46cbe76a9c8f062660eb609e3ecb4e","name":"Laura P\u00e9rez","url":"https:\/\/www.tapasmagazine.es\/en\/author\/laura-perez\/"}]}},"_links":{"self":[{"href":"https:\/\/www.tapasmagazine.es\/en\/wp-json\/wp\/v2\/posts\/271361","targetHints":{"allow":["GET"]}}],"collection":[{"href":"https:\/\/www.tapasmagazine.es\/en\/wp-json\/wp\/v2\/posts"}],"about":[{"href":"https:\/\/www.tapasmagazine.es\/en\/wp-json\/wp\/v2\/types\/post"}],"author":[{"embeddable":true,"href":"https:\/\/www.tapasmagazine.es\/en\/wp-json\/wp\/v2\/users\/285"}],"replies":[{"embeddable":true,"href":"https:\/\/www.tapasmagazine.es\/en\/wp-json\/wp\/v2\/comments?post=271361"}],"version-history":[{"count":1,"href":"https:\/\/www.tapasmagazine.es\/en\/wp-json\/wp\/v2\/posts\/271361\/revisions"}],"predecessor-version":[{"id":271371,"href":"https:\/\/www.tapasmagazine.es\/en\/wp-json\/wp\/v2\/posts\/271361\/revisions\/271371"}],"wp:featuredmedia":[{"embeddable":true,"href":"https:\/\/www.tapasmagazine.es\/en\/wp-json\/wp\/v2\/media\/271353"}],"wp:attachment":[{"href":"https:\/\/www.tapasmagazine.es\/en\/wp-json\/wp\/v2\/media?parent=271361"}],"wp:term":[{"taxonomy":"category","embeddable":true,"href":"https:\/\/www.tapasmagazine.es\/en\/wp-json\/wp\/v2\/categories?post=271361"},{"taxonomy":"post_tag","embeddable":true,"href":"https:\/\/www.tapasmagazine.es\/en\/wp-json\/wp\/v2\/tags?post=271361"}],"curies":[{"name":"wp","href":"https:\/\/api.w.org\/{rel}","templated":true}]}}