{"id":270512,"date":"2024-11-15T14:49:29","date_gmt":"2024-11-15T13:49:29","guid":{"rendered":"https:\/\/www.tapasmagazine.es\/morfo-abre-la-primera-galeria-culinaria-del-mundo-en-madrid\/"},"modified":"2024-11-15T18:43:40","modified_gmt":"2024-11-15T17:43:40","slug":"morfo-opens-worlds-first-culinary-gallery-in-madrid","status":"publish","type":"post","link":"https:\/\/www.tapasmagazine.es\/en\/morfo-opens-worlds-first-culinary-gallery-in-madrid\/","title":{"rendered":"MORFO opens the world&#8217;s first culinary gallery in Madrid"},"content":{"rendered":"\n<p><strong>Click&nbsp;<a href=\"https:\/\/www.tapasmagazine.es\/morfo-abre-la-primera-galeria-culinaria-del-mundo-en-madrid\/\" target=\"_blank\" rel=\"noreferrer noopener\">here<\/a>&nbsp;to read the Spanish version.<\/strong><\/p>\n\n\n\n<p>From paintings, illustrations or sculptures, to fashion products or edible installations. All these works are diluted in the culinary universe of <strong>MORFO <\/strong>with which to feed oneself through art.  <strong><a href=\"https:\/\/www.instagram.com\/asesinasuarez\/?hl=es\" target=\"_blank\" rel=\"noreferrer noopener\">Asesina Su\u00e1rez<\/a><\/strong> and  <strong><a href=\"https:\/\/www.instagram.com\/lisandroilla\/?hl=es\" target=\"_blank\" rel=\"noreferrer noopener\">Lisandro Illa<\/a><\/strong> are the Argentines who co-direct this disruptive gallery that was born with the aim of offering an innovative experience with which to change the context based on a kind of iconoclastic movement. &#8216;This is the final part of the genesis process of the idea, since both of us have been working all our recent lives in curating, creativity and creative production&#8217;, express the directors.<\/p>\n\n\n\n<p><strong>MORFO<\/strong> (<strong><a href=\"https:\/\/www.instagram.com\/morfo.galeria\/?hl=es\" target=\"_blank\" rel=\"noreferrer noopener\">@morfo.galeria<\/a><\/strong>) was installed at the end of September in<strong> Madrid <\/strong>to open its doors to the entire artistic community with a group exhibition that brings together pieces by international artists such as <strong>Josefina Sierra Guzm\u00e1n, Clara Cebri\u00e1n, Nicol\u00e1s Romero Escalada, Fernanda Kusel, Paloma Marin\u00e9, Santiago Paredes, Agustina Ros, Alberto Men\u00e9ndez Cu\u00e9, Dalila Virgolini, Laura Campo de Luna <\/strong>and <strong>Lisandro Illa<\/strong>. All of them star in the gallery&#8217;s &#8216;ISSUE I&#8217; collection that connects culinary art through different formats.<\/p>\n\n\n<div class=\"wp-block-image\">\n<figure class=\"aligncenter size-full is-resized\"><img decoding=\"async\" width=\"678\" height=\"683\" src=\"https:\/\/www.tapasmagazine.es\/wp-content\/uploads\/2024\/11\/sad.jpg\" alt=\"\" class=\"wp-image-270483\" style=\"width:864px;height:auto\" srcset=\"https:\/\/www.tapasmagazine.es\/wp-content\/uploads\/2024\/11\/sad.jpg 678w, https:\/\/www.tapasmagazine.es\/wp-content\/uploads\/2024\/11\/sad-298x300.jpg 298w, https:\/\/www.tapasmagazine.es\/wp-content\/uploads\/2024\/11\/sad-150x150.jpg 150w, https:\/\/www.tapasmagazine.es\/wp-content\/uploads\/2024\/11\/sad-400x403.jpg 400w\" sizes=\"(max-width: 678px) 100vw, 678px\" \/><\/figure>\n<\/div>\n\n\n<h2 class=\"wp-block-heading\">The commissioner duo<\/h2>\n\n\n\n<p>The curators and directors of the gallery have extensive experience in the world of art and gastronomy. <strong>Lisandro Illa <\/strong>is a multifaceted culinary artist, specializing in vegan haute cuisine and the generation of mixed-media experiences. Throughout his career, he has worked in some of the best kitchens in the world, such as Noma, and has led the gastronomy of European festivals where he has cooked for artists of the caliber of Rosal\u00eda, Kendrick Lamar or Guns N&#8217; Roses, among many others.<\/p>\n\n\n\n<p>One of his professional milestones in the culinary field was the development of a watermelon-based substitute for cured ham. In addition, throughout his 10 years of experience, Illa has been an entrepreneur, art curator and creative producer.<\/p>\n\n\n\n<figure class=\"wp-block-image size-large\"><img decoding=\"async\" width=\"1024\" height=\"683\" src=\"https:\/\/www.tapasmagazine.es\/wp-content\/uploads\/2024\/11\/Morfo_PhFotografiaDeObra_alta003-1024x683.jpg\" alt=\"\" class=\"wp-image-270475\" srcset=\"https:\/\/www.tapasmagazine.es\/wp-content\/uploads\/2024\/11\/Morfo_PhFotografiaDeObra_alta003-1024x683.jpg 1024w, https:\/\/www.tapasmagazine.es\/wp-content\/uploads\/2024\/11\/Morfo_PhFotografiaDeObra_alta003-300x200.jpg 300w, https:\/\/www.tapasmagazine.es\/wp-content\/uploads\/2024\/11\/Morfo_PhFotografiaDeObra_alta003-768x512.jpg 768w, https:\/\/www.tapasmagazine.es\/wp-content\/uploads\/2024\/11\/Morfo_PhFotografiaDeObra_alta003-1536x1024.jpg 1536w, https:\/\/www.tapasmagazine.es\/wp-content\/uploads\/2024\/11\/Morfo_PhFotografiaDeObra_alta003-2048x1365.jpg 2048w, https:\/\/www.tapasmagazine.es\/wp-content\/uploads\/2024\/11\/Morfo_PhFotografiaDeObra_alta003-1000x667.jpg 1000w, https:\/\/www.tapasmagazine.es\/wp-content\/uploads\/2024\/11\/Morfo_PhFotografiaDeObra_alta003-400x267.jpg 400w\" sizes=\"(max-width: 1024px) 100vw, 1024px\" \/><figcaption class=\"wp-element-caption\"><strong>Catalina Romero (<a href=\"https:\/\/www.instagram.com\/fotografiadeobra\/?hl=es\" target=\"_blank\" rel=\"noreferrer noopener\">@fotografiadeobra<\/a><\/strong>).<\/figcaption><\/figure>\n\n\n\n<p>On the other hand,<strong> Asesina Su\u00e1rez<\/strong> is a textile artist, curator, creative producer and art director, playing leadership roles in production and creativity in different fields: art, advertising, television, festivals and cultural events in Argentina, Chile, Spain, Japan and Germany. Her connection with gastronomy has always come from visual aesthetics.<\/p>\n\n\n\n<p>This crossover between culinary and visual art, which represents the identity of the gallery, is also illustrated through experiences, installations and activations in dialogue with the work of an artist with whom they collaborate. Haute cuisine is presented here in a different way: a subversive concept that they already materialized with their <strong>METABANQUETE<\/strong>: an ultra-contemporary still life painted by artist <strong>Nicol\u00e1s Romero Escalada<\/strong>, which was replicated in real life so that attendees could taste all the elements and the food represented in the mural.<\/p>\n\n\n<div class=\"wp-block-image\">\n<figure class=\"aligncenter size-large is-resized\"><img decoding=\"async\" width=\"687\" height=\"1024\" src=\"https:\/\/www.tapasmagazine.es\/wp-content\/uploads\/2024\/11\/Morfo_PhFotografiaDeObra_web031-687x1024.jpg\" alt=\"\" class=\"wp-image-270477\" style=\"width:831px;height:auto\" srcset=\"https:\/\/www.tapasmagazine.es\/wp-content\/uploads\/2024\/11\/Morfo_PhFotografiaDeObra_web031-687x1024.jpg 687w, https:\/\/www.tapasmagazine.es\/wp-content\/uploads\/2024\/11\/Morfo_PhFotografiaDeObra_web031-201x300.jpg 201w, https:\/\/www.tapasmagazine.es\/wp-content\/uploads\/2024\/11\/Morfo_PhFotografiaDeObra_web031-768x1144.jpg 768w, https:\/\/www.tapasmagazine.es\/wp-content\/uploads\/2024\/11\/Morfo_PhFotografiaDeObra_web031-1031x1536.jpg 1031w, https:\/\/www.tapasmagazine.es\/wp-content\/uploads\/2024\/11\/Morfo_PhFotografiaDeObra_web031-1000x1490.jpg 1000w, https:\/\/www.tapasmagazine.es\/wp-content\/uploads\/2024\/11\/Morfo_PhFotografiaDeObra_web031-400x596.jpg 400w, https:\/\/www.tapasmagazine.es\/wp-content\/uploads\/2024\/11\/Morfo_PhFotografiaDeObra_web031.jpg 1208w\" sizes=\"(max-width: 687px) 100vw, 687px\" \/><figcaption class=\"wp-element-caption\"><strong>Catalina Romero (<a href=\"https:\/\/www.instagram.com\/fotografiadeobra\/?hl=es\" target=\"_blank\" rel=\"noreferrer noopener\">@fotografiadeobra<\/a><\/strong>).<\/figcaption><\/figure>\n<\/div>\n\n\n<h2 class=\"wp-block-heading\">Edible fashion<\/h2>\n\n\n\n<p>MORFO&#8217;s talent transcended the gallery to take the catwalk stage during 080 Barcelona through a collaboration with the national brand Outsiders Division. This consisted of the creation of a series of accessories such as bags or hats made from bread, which Lisandro himself would bake for Outsiders&#8217; tribe of &#8216;lost children&#8217;. &#8216;We love to play with elements taken from their common areas. We made a total look based on bread&#8217;.<\/p>\n\n\n<div class=\"wp-block-image\">\n<figure class=\"aligncenter size-large is-resized\"><img decoding=\"async\" width=\"1024\" height=\"1024\" src=\"https:\/\/www.tapasmagazine.es\/wp-content\/uploads\/2024\/11\/outsiders-1024x1024.jpg\" alt=\"\" class=\"wp-image-270486\" style=\"width:862px;height:auto\" srcset=\"https:\/\/www.tapasmagazine.es\/wp-content\/uploads\/2024\/11\/outsiders-1024x1024.jpg 1024w, https:\/\/www.tapasmagazine.es\/wp-content\/uploads\/2024\/11\/outsiders-300x300.jpg 300w, https:\/\/www.tapasmagazine.es\/wp-content\/uploads\/2024\/11\/outsiders-150x150.jpg 150w, https:\/\/www.tapasmagazine.es\/wp-content\/uploads\/2024\/11\/outsiders-768x768.jpg 768w, https:\/\/www.tapasmagazine.es\/wp-content\/uploads\/2024\/11\/outsiders-1000x1000.jpg 1000w, https:\/\/www.tapasmagazine.es\/wp-content\/uploads\/2024\/11\/outsiders-400x400.jpg 400w, https:\/\/www.tapasmagazine.es\/wp-content\/uploads\/2024\/11\/outsiders.jpg 1080w\" sizes=\"(max-width: 1024px) 100vw, 1024px\" \/><\/figure>\n<\/div>\n\n\n<p>But this creative union is only the beginning of their incursion into fashion. We have many ideas that have been triggered after this project, new means with which to make new garments and the truth is that we have in mind to carry out more projects of the style with fashion brands. There is even the idea of creating <strong>MORFOSTUDIO<\/strong> in parallel, a project with which to face this type of proposals that \u201cgo out\u201d of the gallery format. All these ideas will be diluted with a series of activations and projects with which the gallery intends to expand globally, taking its concept to art fairs in major international markets such as London, Miami and Hong Kong.<\/p>\n","protected":false},"excerpt":{"rendered":"<p>Click&nbsp;here&nbsp;to read the Spanish version. From paintings, illustrations or sculptures, to fashion products or edible installations. All these works are diluted in the culinary universe of MORFO with which to feed oneself through art. Asesina Su\u00e1rez and Lisandro Illa are the Argentines who co-direct this disruptive gallery that was born with the aim of offering [&hellip;]<\/p>\n","protected":false},"author":285,"featured_media":270491,"comment_status":"closed","ping_status":"closed","sticky":false,"template":"","format":"standard","meta":{"_acf_changed":false,"footnotes":""},"categories":[16002],"tags":[17459,15824],"class_list":["post-270512","post","type-post","status-publish","format-standard","has-post-thumbnail","hentry","category-reportajes-en","tag-arte-en","tag-gastronomia-en","cat-16002-id"],"acf":[],"yoast_head":"<!-- This site is optimized with the Yoast SEO plugin v27.4 - https:\/\/yoast.com\/product\/yoast-seo-wordpress\/ -->\n<title>MORFO opens the world&#039;s first culinary gallery in Madrid - Tapas<\/title>\n<meta name=\"description\" content=\"Click&nbsp;here&nbsp;to read the Spanish version. From paintings, illustrations or sculptures, to fashion products or edible installations. All these\" \/>\n<meta name=\"robots\" content=\"index, follow, max-snippet:-1, max-image-preview:large, max-video-preview:-1\" \/>\n<link rel=\"canonical\" href=\"https:\/\/www.tapasmagazine.es\/en\/morfo-opens-worlds-first-culinary-gallery-in-madrid\/\" \/>\n<meta property=\"og:locale\" content=\"en_US\" \/>\n<meta property=\"og:type\" content=\"article\" \/>\n<meta property=\"og:title\" content=\"MORFO opens the world&#039;s first culinary gallery in Madrid - Tapas\" \/>\n<meta property=\"og:description\" content=\"Click&nbsp;here&nbsp;to read the Spanish version. From paintings, illustrations or sculptures, to fashion products or edible installations. All these\" \/>\n<meta property=\"og:url\" content=\"https:\/\/www.tapasmagazine.es\/en\/morfo-opens-worlds-first-culinary-gallery-in-madrid\/\" \/>\n<meta property=\"og:site_name\" content=\"Tapas\" \/>\n<meta property=\"article:publisher\" content=\"https:\/\/www.facebook.com\/tapasmagazine\" \/>\n<meta property=\"article:published_time\" content=\"2024-11-15T13:49:29+00:00\" \/>\n<meta property=\"article:modified_time\" content=\"2024-11-15T17:43:40+00:00\" \/>\n<meta property=\"og:image\" content=\"https:\/\/www.tapasmagazine.es\/wp-content\/uploads\/2024\/11\/kmjl.jpg\" \/>\n\t<meta property=\"og:image:width\" content=\"1200\" \/>\n\t<meta property=\"og:image:height\" content=\"675\" \/>\n\t<meta property=\"og:image:type\" content=\"image\/jpeg\" \/>\n<meta name=\"author\" content=\"Laura P\u00e9rez\" \/>\n<meta name=\"twitter:card\" content=\"summary_large_image\" \/>\n<meta name=\"twitter:creator\" content=\"@TapasMagazine\" \/>\n<meta name=\"twitter:site\" content=\"@TapasMagazine\" \/>\n<meta name=\"twitter:label1\" content=\"Written by\" \/>\n\t<meta name=\"twitter:data1\" content=\"Laura P\u00e9rez\" \/>\n\t<meta name=\"twitter:label2\" content=\"Est. reading time\" \/>\n\t<meta name=\"twitter:data2\" content=\"4 minutes\" \/>\n<script type=\"application\/ld+json\" class=\"yoast-schema-graph\">{\"@context\":\"https:\\\/\\\/schema.org\",\"@graph\":[{\"@type\":\"Article\",\"@id\":\"https:\\\/\\\/www.tapasmagazine.es\\\/en\\\/morfo-opens-worlds-first-culinary-gallery-in-madrid\\\/#article\",\"isPartOf\":{\"@id\":\"https:\\\/\\\/www.tapasmagazine.es\\\/en\\\/morfo-opens-worlds-first-culinary-gallery-in-madrid\\\/\"},\"author\":{\"name\":\"Laura P\u00e9rez\",\"@id\":\"https:\\\/\\\/www.tapasmagazine.es\\\/#\\\/schema\\\/person\\\/eb46cbe76a9c8f062660eb609e3ecb4e\"},\"headline\":\"MORFO opens the world&#8217;s first culinary gallery in Madrid\",\"datePublished\":\"2024-11-15T13:49:29+00:00\",\"dateModified\":\"2024-11-15T17:43:40+00:00\",\"mainEntityOfPage\":{\"@id\":\"https:\\\/\\\/www.tapasmagazine.es\\\/en\\\/morfo-opens-worlds-first-culinary-gallery-in-madrid\\\/\"},\"wordCount\":654,\"publisher\":{\"@id\":\"https:\\\/\\\/www.tapasmagazine.es\\\/#organization\"},\"image\":{\"@id\":\"https:\\\/\\\/www.tapasmagazine.es\\\/en\\\/morfo-opens-worlds-first-culinary-gallery-in-madrid\\\/#primaryimage\"},\"thumbnailUrl\":\"https:\\\/\\\/www.tapasmagazine.es\\\/wp-content\\\/uploads\\\/2024\\\/11\\\/kmjl.jpg\",\"keywords\":[\"arte\",\"gastronom\u00eda\"],\"articleSection\":[\"Reportajes\"],\"inLanguage\":\"en-US\"},{\"@type\":\"WebPage\",\"@id\":\"https:\\\/\\\/www.tapasmagazine.es\\\/en\\\/morfo-opens-worlds-first-culinary-gallery-in-madrid\\\/\",\"url\":\"https:\\\/\\\/www.tapasmagazine.es\\\/en\\\/morfo-opens-worlds-first-culinary-gallery-in-madrid\\\/\",\"name\":\"MORFO opens the world's first culinary gallery in Madrid - Tapas\",\"isPartOf\":{\"@id\":\"https:\\\/\\\/www.tapasmagazine.es\\\/#website\"},\"primaryImageOfPage\":{\"@id\":\"https:\\\/\\\/www.tapasmagazine.es\\\/en\\\/morfo-opens-worlds-first-culinary-gallery-in-madrid\\\/#primaryimage\"},\"image\":{\"@id\":\"https:\\\/\\\/www.tapasmagazine.es\\\/en\\\/morfo-opens-worlds-first-culinary-gallery-in-madrid\\\/#primaryimage\"},\"thumbnailUrl\":\"https:\\\/\\\/www.tapasmagazine.es\\\/wp-content\\\/uploads\\\/2024\\\/11\\\/kmjl.jpg\",\"datePublished\":\"2024-11-15T13:49:29+00:00\",\"dateModified\":\"2024-11-15T17:43:40+00:00\",\"description\":\"Click&nbsp;here&nbsp;to read the Spanish version. From paintings, illustrations or sculptures, to fashion products or edible installations. All these\",\"breadcrumb\":{\"@id\":\"https:\\\/\\\/www.tapasmagazine.es\\\/en\\\/morfo-opens-worlds-first-culinary-gallery-in-madrid\\\/#breadcrumb\"},\"inLanguage\":\"en-US\",\"potentialAction\":[{\"@type\":\"ReadAction\",\"target\":[\"https:\\\/\\\/www.tapasmagazine.es\\\/en\\\/morfo-opens-worlds-first-culinary-gallery-in-madrid\\\/\"]}]},{\"@type\":\"ImageObject\",\"inLanguage\":\"en-US\",\"@id\":\"https:\\\/\\\/www.tapasmagazine.es\\\/en\\\/morfo-opens-worlds-first-culinary-gallery-in-madrid\\\/#primaryimage\",\"url\":\"https:\\\/\\\/www.tapasmagazine.es\\\/wp-content\\\/uploads\\\/2024\\\/11\\\/kmjl.jpg\",\"contentUrl\":\"https:\\\/\\\/www.tapasmagazine.es\\\/wp-content\\\/uploads\\\/2024\\\/11\\\/kmjl.jpg\",\"width\":1200,\"height\":675},{\"@type\":\"BreadcrumbList\",\"@id\":\"https:\\\/\\\/www.tapasmagazine.es\\\/en\\\/morfo-opens-worlds-first-culinary-gallery-in-madrid\\\/#breadcrumb\",\"itemListElement\":[{\"@type\":\"ListItem\",\"position\":1,\"name\":\"Portada\",\"item\":\"https:\\\/\\\/www.tapasmagazine.es\\\/\"},{\"@type\":\"ListItem\",\"position\":2,\"name\":\"Reportajes\",\"item\":\"https:\\\/\\\/www.tapasmagazine.es\\\/en\\\/categorias\\\/reportajes-en\\\/\"},{\"@type\":\"ListItem\",\"position\":3,\"name\":\"MORFO opens the world&#8217;s first culinary gallery in Madrid\"}]},{\"@type\":\"WebSite\",\"@id\":\"https:\\\/\\\/www.tapasmagazine.es\\\/#website\",\"url\":\"https:\\\/\\\/www.tapasmagazine.es\\\/\",\"name\":\"Tapas\",\"description\":\"\u00d1am \u00d1am Lifestyle. La vida a bocados. Premio Nacional de Gastronom\u00eda 2016.\",\"publisher\":{\"@id\":\"https:\\\/\\\/www.tapasmagazine.es\\\/#organization\"},\"potentialAction\":[{\"@type\":\"SearchAction\",\"target\":{\"@type\":\"EntryPoint\",\"urlTemplate\":\"https:\\\/\\\/www.tapasmagazine.es\\\/?s={search_term_string}\"},\"query-input\":{\"@type\":\"PropertyValueSpecification\",\"valueRequired\":true,\"valueName\":\"search_term_string\"}}],\"inLanguage\":\"en-US\"},{\"@type\":\"Organization\",\"@id\":\"https:\\\/\\\/www.tapasmagazine.es\\\/#organization\",\"name\":\"Tapas Magazine\",\"url\":\"https:\\\/\\\/www.tapasmagazine.es\\\/\",\"logo\":{\"@type\":\"ImageObject\",\"inLanguage\":\"en-US\",\"@id\":\"https:\\\/\\\/www.tapasmagazine.es\\\/#\\\/schema\\\/logo\\\/image\\\/\",\"url\":\"https:\\\/\\\/www.tapasmagazine.es\\\/wp-content\\\/uploads\\\/2018\\\/01\\\/logo.png\",\"contentUrl\":\"https:\\\/\\\/www.tapasmagazine.es\\\/wp-content\\\/uploads\\\/2018\\\/01\\\/logo.png\",\"width\":180,\"height\":60,\"caption\":\"Tapas Magazine\"},\"image\":{\"@id\":\"https:\\\/\\\/www.tapasmagazine.es\\\/#\\\/schema\\\/logo\\\/image\\\/\"},\"sameAs\":[\"https:\\\/\\\/www.facebook.com\\\/tapasmagazine\",\"https:\\\/\\\/x.com\\\/TapasMagazine\",\"https:\\\/\\\/www.instagram.com\\\/tapasmagazine\\\/\",\"https:\\\/\\\/www.linkedin.com\\\/company\\\/tapas-magazine\",\"https:\\\/\\\/es.pinterest.com\\\/tapasmagazine\\\/\",\"https:\\\/\\\/www.youtube.com\\\/channel\\\/UCEyxneAaACuR0lfDagrWjjg?sub_confirmation=1\"]},{\"@type\":\"Person\",\"@id\":\"https:\\\/\\\/www.tapasmagazine.es\\\/#\\\/schema\\\/person\\\/eb46cbe76a9c8f062660eb609e3ecb4e\",\"name\":\"Laura P\u00e9rez\",\"url\":\"https:\\\/\\\/www.tapasmagazine.es\\\/en\\\/author\\\/laura-perez\\\/\"}]}<\/script>\n<!-- \/ Yoast SEO plugin. -->","yoast_head_json":{"title":"MORFO opens the world's first culinary gallery in Madrid - Tapas","description":"Click&nbsp;here&nbsp;to read the Spanish version. From paintings, illustrations or sculptures, to fashion products or edible installations. All these","robots":{"index":"index","follow":"follow","max-snippet":"max-snippet:-1","max-image-preview":"max-image-preview:large","max-video-preview":"max-video-preview:-1"},"canonical":"https:\/\/www.tapasmagazine.es\/en\/morfo-opens-worlds-first-culinary-gallery-in-madrid\/","og_locale":"en_US","og_type":"article","og_title":"MORFO opens the world's first culinary gallery in Madrid - Tapas","og_description":"Click&nbsp;here&nbsp;to read the Spanish version. From paintings, illustrations or sculptures, to fashion products or edible installations. All these","og_url":"https:\/\/www.tapasmagazine.es\/en\/morfo-opens-worlds-first-culinary-gallery-in-madrid\/","og_site_name":"Tapas","article_publisher":"https:\/\/www.facebook.com\/tapasmagazine","article_published_time":"2024-11-15T13:49:29+00:00","article_modified_time":"2024-11-15T17:43:40+00:00","og_image":[{"width":1200,"height":675,"url":"https:\/\/www.tapasmagazine.es\/wp-content\/uploads\/2024\/11\/kmjl.jpg","type":"image\/jpeg"}],"author":"Laura P\u00e9rez","twitter_card":"summary_large_image","twitter_creator":"@TapasMagazine","twitter_site":"@TapasMagazine","twitter_misc":{"Written by":"Laura P\u00e9rez","Est. reading time":"4 minutes"},"schema":{"@context":"https:\/\/schema.org","@graph":[{"@type":"Article","@id":"https:\/\/www.tapasmagazine.es\/en\/morfo-opens-worlds-first-culinary-gallery-in-madrid\/#article","isPartOf":{"@id":"https:\/\/www.tapasmagazine.es\/en\/morfo-opens-worlds-first-culinary-gallery-in-madrid\/"},"author":{"name":"Laura P\u00e9rez","@id":"https:\/\/www.tapasmagazine.es\/#\/schema\/person\/eb46cbe76a9c8f062660eb609e3ecb4e"},"headline":"MORFO opens the world&#8217;s first culinary gallery in Madrid","datePublished":"2024-11-15T13:49:29+00:00","dateModified":"2024-11-15T17:43:40+00:00","mainEntityOfPage":{"@id":"https:\/\/www.tapasmagazine.es\/en\/morfo-opens-worlds-first-culinary-gallery-in-madrid\/"},"wordCount":654,"publisher":{"@id":"https:\/\/www.tapasmagazine.es\/#organization"},"image":{"@id":"https:\/\/www.tapasmagazine.es\/en\/morfo-opens-worlds-first-culinary-gallery-in-madrid\/#primaryimage"},"thumbnailUrl":"https:\/\/www.tapasmagazine.es\/wp-content\/uploads\/2024\/11\/kmjl.jpg","keywords":["arte","gastronom\u00eda"],"articleSection":["Reportajes"],"inLanguage":"en-US"},{"@type":"WebPage","@id":"https:\/\/www.tapasmagazine.es\/en\/morfo-opens-worlds-first-culinary-gallery-in-madrid\/","url":"https:\/\/www.tapasmagazine.es\/en\/morfo-opens-worlds-first-culinary-gallery-in-madrid\/","name":"MORFO opens the world's first culinary gallery in Madrid - Tapas","isPartOf":{"@id":"https:\/\/www.tapasmagazine.es\/#website"},"primaryImageOfPage":{"@id":"https:\/\/www.tapasmagazine.es\/en\/morfo-opens-worlds-first-culinary-gallery-in-madrid\/#primaryimage"},"image":{"@id":"https:\/\/www.tapasmagazine.es\/en\/morfo-opens-worlds-first-culinary-gallery-in-madrid\/#primaryimage"},"thumbnailUrl":"https:\/\/www.tapasmagazine.es\/wp-content\/uploads\/2024\/11\/kmjl.jpg","datePublished":"2024-11-15T13:49:29+00:00","dateModified":"2024-11-15T17:43:40+00:00","description":"Click&nbsp;here&nbsp;to read the Spanish version. From paintings, illustrations or sculptures, to fashion products or edible installations. All these","breadcrumb":{"@id":"https:\/\/www.tapasmagazine.es\/en\/morfo-opens-worlds-first-culinary-gallery-in-madrid\/#breadcrumb"},"inLanguage":"en-US","potentialAction":[{"@type":"ReadAction","target":["https:\/\/www.tapasmagazine.es\/en\/morfo-opens-worlds-first-culinary-gallery-in-madrid\/"]}]},{"@type":"ImageObject","inLanguage":"en-US","@id":"https:\/\/www.tapasmagazine.es\/en\/morfo-opens-worlds-first-culinary-gallery-in-madrid\/#primaryimage","url":"https:\/\/www.tapasmagazine.es\/wp-content\/uploads\/2024\/11\/kmjl.jpg","contentUrl":"https:\/\/www.tapasmagazine.es\/wp-content\/uploads\/2024\/11\/kmjl.jpg","width":1200,"height":675},{"@type":"BreadcrumbList","@id":"https:\/\/www.tapasmagazine.es\/en\/morfo-opens-worlds-first-culinary-gallery-in-madrid\/#breadcrumb","itemListElement":[{"@type":"ListItem","position":1,"name":"Portada","item":"https:\/\/www.tapasmagazine.es\/"},{"@type":"ListItem","position":2,"name":"Reportajes","item":"https:\/\/www.tapasmagazine.es\/en\/categorias\/reportajes-en\/"},{"@type":"ListItem","position":3,"name":"MORFO opens the world&#8217;s first culinary gallery in Madrid"}]},{"@type":"WebSite","@id":"https:\/\/www.tapasmagazine.es\/#website","url":"https:\/\/www.tapasmagazine.es\/","name":"Tapas","description":"\u00d1am \u00d1am Lifestyle. La vida a bocados. Premio Nacional de Gastronom\u00eda 2016.","publisher":{"@id":"https:\/\/www.tapasmagazine.es\/#organization"},"potentialAction":[{"@type":"SearchAction","target":{"@type":"EntryPoint","urlTemplate":"https:\/\/www.tapasmagazine.es\/?s={search_term_string}"},"query-input":{"@type":"PropertyValueSpecification","valueRequired":true,"valueName":"search_term_string"}}],"inLanguage":"en-US"},{"@type":"Organization","@id":"https:\/\/www.tapasmagazine.es\/#organization","name":"Tapas Magazine","url":"https:\/\/www.tapasmagazine.es\/","logo":{"@type":"ImageObject","inLanguage":"en-US","@id":"https:\/\/www.tapasmagazine.es\/#\/schema\/logo\/image\/","url":"https:\/\/www.tapasmagazine.es\/wp-content\/uploads\/2018\/01\/logo.png","contentUrl":"https:\/\/www.tapasmagazine.es\/wp-content\/uploads\/2018\/01\/logo.png","width":180,"height":60,"caption":"Tapas Magazine"},"image":{"@id":"https:\/\/www.tapasmagazine.es\/#\/schema\/logo\/image\/"},"sameAs":["https:\/\/www.facebook.com\/tapasmagazine","https:\/\/x.com\/TapasMagazine","https:\/\/www.instagram.com\/tapasmagazine\/","https:\/\/www.linkedin.com\/company\/tapas-magazine","https:\/\/es.pinterest.com\/tapasmagazine\/","https:\/\/www.youtube.com\/channel\/UCEyxneAaACuR0lfDagrWjjg?sub_confirmation=1"]},{"@type":"Person","@id":"https:\/\/www.tapasmagazine.es\/#\/schema\/person\/eb46cbe76a9c8f062660eb609e3ecb4e","name":"Laura P\u00e9rez","url":"https:\/\/www.tapasmagazine.es\/en\/author\/laura-perez\/"}]}},"_links":{"self":[{"href":"https:\/\/www.tapasmagazine.es\/en\/wp-json\/wp\/v2\/posts\/270512","targetHints":{"allow":["GET"]}}],"collection":[{"href":"https:\/\/www.tapasmagazine.es\/en\/wp-json\/wp\/v2\/posts"}],"about":[{"href":"https:\/\/www.tapasmagazine.es\/en\/wp-json\/wp\/v2\/types\/post"}],"author":[{"embeddable":true,"href":"https:\/\/www.tapasmagazine.es\/en\/wp-json\/wp\/v2\/users\/285"}],"replies":[{"embeddable":true,"href":"https:\/\/www.tapasmagazine.es\/en\/wp-json\/wp\/v2\/comments?post=270512"}],"version-history":[{"count":2,"href":"https:\/\/www.tapasmagazine.es\/en\/wp-json\/wp\/v2\/posts\/270512\/revisions"}],"predecessor-version":[{"id":270547,"href":"https:\/\/www.tapasmagazine.es\/en\/wp-json\/wp\/v2\/posts\/270512\/revisions\/270547"}],"wp:featuredmedia":[{"embeddable":true,"href":"https:\/\/www.tapasmagazine.es\/en\/wp-json\/wp\/v2\/media\/270491"}],"wp:attachment":[{"href":"https:\/\/www.tapasmagazine.es\/en\/wp-json\/wp\/v2\/media?parent=270512"}],"wp:term":[{"taxonomy":"category","embeddable":true,"href":"https:\/\/www.tapasmagazine.es\/en\/wp-json\/wp\/v2\/categories?post=270512"},{"taxonomy":"post_tag","embeddable":true,"href":"https:\/\/www.tapasmagazine.es\/en\/wp-json\/wp\/v2\/tags?post=270512"}],"curies":[{"name":"wp","href":"https:\/\/api.w.org\/{rel}","templated":true}]}}