{"id":269769,"date":"2024-11-12T14:17:51","date_gmt":"2024-11-12T13:17:51","guid":{"rendered":"https:\/\/www.tapasmagazine.es\/el-apartamento-de-zara-serrano-tendra-un-cafe-en-su-interior\/"},"modified":"2024-11-12T14:20:42","modified_gmt":"2024-11-12T13:20:42","slug":"zara-serrano-the-apartment-to-have-a-cafe-inside","status":"publish","type":"post","link":"https:\/\/www.tapasmagazine.es\/en\/zara-serrano-the-apartment-to-have-a-cafe-inside\/","title":{"rendered":"Zara Serrano&#8217;s \u2018The Apartment\u2019 to have a cafe inside"},"content":{"rendered":"\n<p><strong>Click\u00a0<a href=\"https:\/\/www.tapasmagazine.es\/el-apartamento-de-zara-serrano-tendra-un-cafe-en-su-interior\/\" target=\"_blank\" rel=\"noreferrer noopener\">here<\/a>\u00a0to read the Spanish version.<\/strong><\/p>\n\n\n\n<p>The group&#8217;s new <strong>Zara<\/strong> will be built in the form of a \u2018flat\u2019, and will open its doors on one of the floors of its Serrano Street shop as an innovative space that will include a premium selection of Zara and Zara Home items. It will also include a high fashion caf\u00e9 for customers to eat in between purchases.<\/p>\n\n\n\n<p>El Apartamento is a project with which the brand debuted in <strong>A Coru\u00f1a <\/strong>at the end of 2023, and later in <strong>Paris<\/strong>, and which will now have a new location in which to enjoy its<strong> fashion caf\u00e9<\/strong> with a snack or a sophisticated breakfast. This opening is scheduled for the first quarter of 2025, with a functional and multifaceted design.<\/p>\n\n\n\n<figure class=\"wp-block-image size-full\"><img decoding=\"async\" width=\"980\" height=\"653\" src=\"https:\/\/www.tapasmagazine.es\/wp-content\/uploads\/2024\/11\/o.jpg\" alt=\"\" class=\"wp-image-269755\" srcset=\"https:\/\/www.tapasmagazine.es\/wp-content\/uploads\/2024\/11\/o.jpg 980w, https:\/\/www.tapasmagazine.es\/wp-content\/uploads\/2024\/11\/o-300x200.jpg 300w, https:\/\/www.tapasmagazine.es\/wp-content\/uploads\/2024\/11\/o-768x512.jpg 768w, https:\/\/www.tapasmagazine.es\/wp-content\/uploads\/2024\/11\/o-400x267.jpg 400w\" sizes=\"(max-width: 980px) 100vw, 980px\" \/><figcaption class=\"wp-element-caption\">Flagship Zara Par\u00eds<\/figcaption><\/figure>\n\n\n\n<p>The key to &#8216;<strong>Zara&#8217;s Apartment<\/strong>&#8216; is to create a space that fuses fashion with gastronomy, fostering a shopping experience that transcends the industry. In fact, both in A Coru\u00f1a and Paris, this architectural concept inspired by each of the cities where it is installed, and its experiential value, have been a success; both for its design and for the products and spaces such as its cafeteria.<\/p>\n","protected":false},"excerpt":{"rendered":"<p>Click\u00a0here\u00a0to read the Spanish version. The group&#8217;s new Zara will be built in the form of a \u2018flat\u2019, and will open its doors on one of the floors of its Serrano Street shop as an innovative space that will include a premium selection of Zara and Zara Home items. It will also include a high [&hellip;]<\/p>\n","protected":false},"author":285,"featured_media":269761,"comment_status":"closed","ping_status":"closed","sticky":false,"template":"","format":"standard","meta":{"_acf_changed":false,"footnotes":""},"categories":[18831,1],"tags":[16537,16033,18971],"class_list":["post-269769","post","type-post","status-publish","format-standard","has-post-thumbnail","hentry","category-lifestyle-en","category-sin-categorizar","tag-cafe-en","tag-madrid-en","tag-zara-en","cat-18831-id","cat-1-id"],"acf":[],"yoast_head":"<!-- This site is optimized with the Yoast SEO plugin v27.4 - https:\/\/yoast.com\/product\/yoast-seo-wordpress\/ -->\n<title>Zara Serrano&#039;s \u2018The Apartment\u2019 to have a cafe inside - Tapas<\/title>\n<meta name=\"description\" content=\"Click\u00a0here\u00a0to read the Spanish version. The group&#039;s new Zara will be built in the form of a \u2018flat\u2019, and will open its doors on one of the floors of its\" \/>\n<meta name=\"robots\" content=\"index, follow, max-snippet:-1, max-image-preview:large, max-video-preview:-1\" \/>\n<link rel=\"canonical\" href=\"https:\/\/www.tapasmagazine.es\/en\/zara-serrano-the-apartment-to-have-a-cafe-inside\/\" \/>\n<meta property=\"og:locale\" content=\"en_US\" \/>\n<meta property=\"og:type\" content=\"article\" \/>\n<meta property=\"og:title\" content=\"Zara Serrano&#039;s \u2018The Apartment\u2019 to have a cafe inside - Tapas\" \/>\n<meta property=\"og:description\" content=\"Click\u00a0here\u00a0to read the Spanish version. The group&#039;s new Zara will be built in the form of a \u2018flat\u2019, and will open its doors on one of the floors of its\" \/>\n<meta property=\"og:url\" content=\"https:\/\/www.tapasmagazine.es\/en\/zara-serrano-the-apartment-to-have-a-cafe-inside\/\" \/>\n<meta property=\"og:site_name\" content=\"Tapas\" \/>\n<meta property=\"article:publisher\" content=\"https:\/\/www.facebook.com\/tapasmagazine\" \/>\n<meta property=\"article:published_time\" content=\"2024-11-12T13:17:51+00:00\" \/>\n<meta property=\"article:modified_time\" content=\"2024-11-12T13:20:42+00:00\" \/>\n<meta property=\"og:image\" content=\"https:\/\/www.tapasmagazine.es\/wp-content\/uploads\/2024\/11\/dgfddg.jpg\" \/>\n\t<meta property=\"og:image:width\" content=\"1200\" \/>\n\t<meta property=\"og:image:height\" content=\"675\" \/>\n\t<meta property=\"og:image:type\" content=\"image\/jpeg\" \/>\n<meta name=\"author\" content=\"Laura P\u00e9rez\" \/>\n<meta name=\"twitter:card\" content=\"summary_large_image\" \/>\n<meta name=\"twitter:creator\" content=\"@TapasMagazine\" \/>\n<meta name=\"twitter:site\" content=\"@TapasMagazine\" \/>\n<meta name=\"twitter:label1\" content=\"Written by\" \/>\n\t<meta name=\"twitter:data1\" content=\"Laura P\u00e9rez\" \/>\n\t<meta name=\"twitter:label2\" content=\"Est. reading time\" \/>\n\t<meta name=\"twitter:data2\" content=\"2 minutes\" \/>\n<script type=\"application\/ld+json\" class=\"yoast-schema-graph\">{\"@context\":\"https:\\\/\\\/schema.org\",\"@graph\":[{\"@type\":\"Article\",\"@id\":\"https:\\\/\\\/www.tapasmagazine.es\\\/en\\\/zara-serrano-the-apartment-to-have-a-cafe-inside\\\/#article\",\"isPartOf\":{\"@id\":\"https:\\\/\\\/www.tapasmagazine.es\\\/en\\\/zara-serrano-the-apartment-to-have-a-cafe-inside\\\/\"},\"author\":{\"name\":\"Laura P\u00e9rez\",\"@id\":\"https:\\\/\\\/www.tapasmagazine.es\\\/#\\\/schema\\\/person\\\/eb46cbe76a9c8f062660eb609e3ecb4e\"},\"headline\":\"Zara Serrano&#8217;s \u2018The Apartment\u2019 to have a cafe inside\",\"datePublished\":\"2024-11-12T13:17:51+00:00\",\"dateModified\":\"2024-11-12T13:20:42+00:00\",\"mainEntityOfPage\":{\"@id\":\"https:\\\/\\\/www.tapasmagazine.es\\\/en\\\/zara-serrano-the-apartment-to-have-a-cafe-inside\\\/\"},\"wordCount\":208,\"publisher\":{\"@id\":\"https:\\\/\\\/www.tapasmagazine.es\\\/#organization\"},\"image\":{\"@id\":\"https:\\\/\\\/www.tapasmagazine.es\\\/en\\\/zara-serrano-the-apartment-to-have-a-cafe-inside\\\/#primaryimage\"},\"thumbnailUrl\":\"https:\\\/\\\/www.tapasmagazine.es\\\/wp-content\\\/uploads\\\/2024\\\/11\\\/dgfddg.jpg\",\"keywords\":[\"caf\u00e9\",\"Madrid\",\"ZARA\"],\"articleSection\":[\"Lifestyle\",\"Sin categorizar\"],\"inLanguage\":\"en-US\"},{\"@type\":\"WebPage\",\"@id\":\"https:\\\/\\\/www.tapasmagazine.es\\\/en\\\/zara-serrano-the-apartment-to-have-a-cafe-inside\\\/\",\"url\":\"https:\\\/\\\/www.tapasmagazine.es\\\/en\\\/zara-serrano-the-apartment-to-have-a-cafe-inside\\\/\",\"name\":\"Zara Serrano's \u2018The Apartment\u2019 to have a cafe inside - Tapas\",\"isPartOf\":{\"@id\":\"https:\\\/\\\/www.tapasmagazine.es\\\/#website\"},\"primaryImageOfPage\":{\"@id\":\"https:\\\/\\\/www.tapasmagazine.es\\\/en\\\/zara-serrano-the-apartment-to-have-a-cafe-inside\\\/#primaryimage\"},\"image\":{\"@id\":\"https:\\\/\\\/www.tapasmagazine.es\\\/en\\\/zara-serrano-the-apartment-to-have-a-cafe-inside\\\/#primaryimage\"},\"thumbnailUrl\":\"https:\\\/\\\/www.tapasmagazine.es\\\/wp-content\\\/uploads\\\/2024\\\/11\\\/dgfddg.jpg\",\"datePublished\":\"2024-11-12T13:17:51+00:00\",\"dateModified\":\"2024-11-12T13:20:42+00:00\",\"description\":\"Click\u00a0here\u00a0to read the Spanish version. The group's new Zara will be built in the form of a \u2018flat\u2019, and will open its doors on one of the floors of its\",\"breadcrumb\":{\"@id\":\"https:\\\/\\\/www.tapasmagazine.es\\\/en\\\/zara-serrano-the-apartment-to-have-a-cafe-inside\\\/#breadcrumb\"},\"inLanguage\":\"en-US\",\"potentialAction\":[{\"@type\":\"ReadAction\",\"target\":[\"https:\\\/\\\/www.tapasmagazine.es\\\/en\\\/zara-serrano-the-apartment-to-have-a-cafe-inside\\\/\"]}]},{\"@type\":\"ImageObject\",\"inLanguage\":\"en-US\",\"@id\":\"https:\\\/\\\/www.tapasmagazine.es\\\/en\\\/zara-serrano-the-apartment-to-have-a-cafe-inside\\\/#primaryimage\",\"url\":\"https:\\\/\\\/www.tapasmagazine.es\\\/wp-content\\\/uploads\\\/2024\\\/11\\\/dgfddg.jpg\",\"contentUrl\":\"https:\\\/\\\/www.tapasmagazine.es\\\/wp-content\\\/uploads\\\/2024\\\/11\\\/dgfddg.jpg\",\"width\":1200,\"height\":675},{\"@type\":\"BreadcrumbList\",\"@id\":\"https:\\\/\\\/www.tapasmagazine.es\\\/en\\\/zara-serrano-the-apartment-to-have-a-cafe-inside\\\/#breadcrumb\",\"itemListElement\":[{\"@type\":\"ListItem\",\"position\":1,\"name\":\"Portada\",\"item\":\"https:\\\/\\\/www.tapasmagazine.es\\\/\"},{\"@type\":\"ListItem\",\"position\":2,\"name\":\"Sin categorizar\",\"item\":\"https:\\\/\\\/www.tapasmagazine.es\\\/categorias\\\/sin-categorizar\\\/\"},{\"@type\":\"ListItem\",\"position\":3,\"name\":\"Zara Serrano&#8217;s \u2018The Apartment\u2019 to have a cafe inside\"}]},{\"@type\":\"WebSite\",\"@id\":\"https:\\\/\\\/www.tapasmagazine.es\\\/#website\",\"url\":\"https:\\\/\\\/www.tapasmagazine.es\\\/\",\"name\":\"Tapas\",\"description\":\"\u00d1am \u00d1am Lifestyle. La vida a bocados. Premio Nacional de Gastronom\u00eda 2016.\",\"publisher\":{\"@id\":\"https:\\\/\\\/www.tapasmagazine.es\\\/#organization\"},\"potentialAction\":[{\"@type\":\"SearchAction\",\"target\":{\"@type\":\"EntryPoint\",\"urlTemplate\":\"https:\\\/\\\/www.tapasmagazine.es\\\/?s={search_term_string}\"},\"query-input\":{\"@type\":\"PropertyValueSpecification\",\"valueRequired\":true,\"valueName\":\"search_term_string\"}}],\"inLanguage\":\"en-US\"},{\"@type\":\"Organization\",\"@id\":\"https:\\\/\\\/www.tapasmagazine.es\\\/#organization\",\"name\":\"Tapas Magazine\",\"url\":\"https:\\\/\\\/www.tapasmagazine.es\\\/\",\"logo\":{\"@type\":\"ImageObject\",\"inLanguage\":\"en-US\",\"@id\":\"https:\\\/\\\/www.tapasmagazine.es\\\/#\\\/schema\\\/logo\\\/image\\\/\",\"url\":\"https:\\\/\\\/www.tapasmagazine.es\\\/wp-content\\\/uploads\\\/2018\\\/01\\\/logo.png\",\"contentUrl\":\"https:\\\/\\\/www.tapasmagazine.es\\\/wp-content\\\/uploads\\\/2018\\\/01\\\/logo.png\",\"width\":180,\"height\":60,\"caption\":\"Tapas Magazine\"},\"image\":{\"@id\":\"https:\\\/\\\/www.tapasmagazine.es\\\/#\\\/schema\\\/logo\\\/image\\\/\"},\"sameAs\":[\"https:\\\/\\\/www.facebook.com\\\/tapasmagazine\",\"https:\\\/\\\/x.com\\\/TapasMagazine\",\"https:\\\/\\\/www.instagram.com\\\/tapasmagazine\\\/\",\"https:\\\/\\\/www.linkedin.com\\\/company\\\/tapas-magazine\",\"https:\\\/\\\/es.pinterest.com\\\/tapasmagazine\\\/\",\"https:\\\/\\\/www.youtube.com\\\/channel\\\/UCEyxneAaACuR0lfDagrWjjg?sub_confirmation=1\"]},{\"@type\":\"Person\",\"@id\":\"https:\\\/\\\/www.tapasmagazine.es\\\/#\\\/schema\\\/person\\\/eb46cbe76a9c8f062660eb609e3ecb4e\",\"name\":\"Laura P\u00e9rez\",\"url\":\"https:\\\/\\\/www.tapasmagazine.es\\\/en\\\/author\\\/laura-perez\\\/\"}]}<\/script>\n<!-- \/ Yoast SEO plugin. -->","yoast_head_json":{"title":"Zara Serrano's \u2018The Apartment\u2019 to have a cafe inside - Tapas","description":"Click\u00a0here\u00a0to read the Spanish version. The group's new Zara will be built in the form of a \u2018flat\u2019, and will open its doors on one of the floors of its","robots":{"index":"index","follow":"follow","max-snippet":"max-snippet:-1","max-image-preview":"max-image-preview:large","max-video-preview":"max-video-preview:-1"},"canonical":"https:\/\/www.tapasmagazine.es\/en\/zara-serrano-the-apartment-to-have-a-cafe-inside\/","og_locale":"en_US","og_type":"article","og_title":"Zara Serrano's \u2018The Apartment\u2019 to have a cafe inside - Tapas","og_description":"Click\u00a0here\u00a0to read the Spanish version. The group's new Zara will be built in the form of a \u2018flat\u2019, and will open its doors on one of the floors of its","og_url":"https:\/\/www.tapasmagazine.es\/en\/zara-serrano-the-apartment-to-have-a-cafe-inside\/","og_site_name":"Tapas","article_publisher":"https:\/\/www.facebook.com\/tapasmagazine","article_published_time":"2024-11-12T13:17:51+00:00","article_modified_time":"2024-11-12T13:20:42+00:00","og_image":[{"width":1200,"height":675,"url":"https:\/\/www.tapasmagazine.es\/wp-content\/uploads\/2024\/11\/dgfddg.jpg","type":"image\/jpeg"}],"author":"Laura P\u00e9rez","twitter_card":"summary_large_image","twitter_creator":"@TapasMagazine","twitter_site":"@TapasMagazine","twitter_misc":{"Written by":"Laura P\u00e9rez","Est. reading time":"2 minutes"},"schema":{"@context":"https:\/\/schema.org","@graph":[{"@type":"Article","@id":"https:\/\/www.tapasmagazine.es\/en\/zara-serrano-the-apartment-to-have-a-cafe-inside\/#article","isPartOf":{"@id":"https:\/\/www.tapasmagazine.es\/en\/zara-serrano-the-apartment-to-have-a-cafe-inside\/"},"author":{"name":"Laura P\u00e9rez","@id":"https:\/\/www.tapasmagazine.es\/#\/schema\/person\/eb46cbe76a9c8f062660eb609e3ecb4e"},"headline":"Zara Serrano&#8217;s \u2018The Apartment\u2019 to have a cafe inside","datePublished":"2024-11-12T13:17:51+00:00","dateModified":"2024-11-12T13:20:42+00:00","mainEntityOfPage":{"@id":"https:\/\/www.tapasmagazine.es\/en\/zara-serrano-the-apartment-to-have-a-cafe-inside\/"},"wordCount":208,"publisher":{"@id":"https:\/\/www.tapasmagazine.es\/#organization"},"image":{"@id":"https:\/\/www.tapasmagazine.es\/en\/zara-serrano-the-apartment-to-have-a-cafe-inside\/#primaryimage"},"thumbnailUrl":"https:\/\/www.tapasmagazine.es\/wp-content\/uploads\/2024\/11\/dgfddg.jpg","keywords":["caf\u00e9","Madrid","ZARA"],"articleSection":["Lifestyle","Sin categorizar"],"inLanguage":"en-US"},{"@type":"WebPage","@id":"https:\/\/www.tapasmagazine.es\/en\/zara-serrano-the-apartment-to-have-a-cafe-inside\/","url":"https:\/\/www.tapasmagazine.es\/en\/zara-serrano-the-apartment-to-have-a-cafe-inside\/","name":"Zara Serrano's \u2018The Apartment\u2019 to have a cafe inside - Tapas","isPartOf":{"@id":"https:\/\/www.tapasmagazine.es\/#website"},"primaryImageOfPage":{"@id":"https:\/\/www.tapasmagazine.es\/en\/zara-serrano-the-apartment-to-have-a-cafe-inside\/#primaryimage"},"image":{"@id":"https:\/\/www.tapasmagazine.es\/en\/zara-serrano-the-apartment-to-have-a-cafe-inside\/#primaryimage"},"thumbnailUrl":"https:\/\/www.tapasmagazine.es\/wp-content\/uploads\/2024\/11\/dgfddg.jpg","datePublished":"2024-11-12T13:17:51+00:00","dateModified":"2024-11-12T13:20:42+00:00","description":"Click\u00a0here\u00a0to read the Spanish version. The group's new Zara will be built in the form of a \u2018flat\u2019, and will open its doors on one of the floors of its","breadcrumb":{"@id":"https:\/\/www.tapasmagazine.es\/en\/zara-serrano-the-apartment-to-have-a-cafe-inside\/#breadcrumb"},"inLanguage":"en-US","potentialAction":[{"@type":"ReadAction","target":["https:\/\/www.tapasmagazine.es\/en\/zara-serrano-the-apartment-to-have-a-cafe-inside\/"]}]},{"@type":"ImageObject","inLanguage":"en-US","@id":"https:\/\/www.tapasmagazine.es\/en\/zara-serrano-the-apartment-to-have-a-cafe-inside\/#primaryimage","url":"https:\/\/www.tapasmagazine.es\/wp-content\/uploads\/2024\/11\/dgfddg.jpg","contentUrl":"https:\/\/www.tapasmagazine.es\/wp-content\/uploads\/2024\/11\/dgfddg.jpg","width":1200,"height":675},{"@type":"BreadcrumbList","@id":"https:\/\/www.tapasmagazine.es\/en\/zara-serrano-the-apartment-to-have-a-cafe-inside\/#breadcrumb","itemListElement":[{"@type":"ListItem","position":1,"name":"Portada","item":"https:\/\/www.tapasmagazine.es\/"},{"@type":"ListItem","position":2,"name":"Sin categorizar","item":"https:\/\/www.tapasmagazine.es\/categorias\/sin-categorizar\/"},{"@type":"ListItem","position":3,"name":"Zara Serrano&#8217;s \u2018The Apartment\u2019 to have a cafe inside"}]},{"@type":"WebSite","@id":"https:\/\/www.tapasmagazine.es\/#website","url":"https:\/\/www.tapasmagazine.es\/","name":"Tapas","description":"\u00d1am \u00d1am Lifestyle. La vida a bocados. Premio Nacional de Gastronom\u00eda 2016.","publisher":{"@id":"https:\/\/www.tapasmagazine.es\/#organization"},"potentialAction":[{"@type":"SearchAction","target":{"@type":"EntryPoint","urlTemplate":"https:\/\/www.tapasmagazine.es\/?s={search_term_string}"},"query-input":{"@type":"PropertyValueSpecification","valueRequired":true,"valueName":"search_term_string"}}],"inLanguage":"en-US"},{"@type":"Organization","@id":"https:\/\/www.tapasmagazine.es\/#organization","name":"Tapas Magazine","url":"https:\/\/www.tapasmagazine.es\/","logo":{"@type":"ImageObject","inLanguage":"en-US","@id":"https:\/\/www.tapasmagazine.es\/#\/schema\/logo\/image\/","url":"https:\/\/www.tapasmagazine.es\/wp-content\/uploads\/2018\/01\/logo.png","contentUrl":"https:\/\/www.tapasmagazine.es\/wp-content\/uploads\/2018\/01\/logo.png","width":180,"height":60,"caption":"Tapas Magazine"},"image":{"@id":"https:\/\/www.tapasmagazine.es\/#\/schema\/logo\/image\/"},"sameAs":["https:\/\/www.facebook.com\/tapasmagazine","https:\/\/x.com\/TapasMagazine","https:\/\/www.instagram.com\/tapasmagazine\/","https:\/\/www.linkedin.com\/company\/tapas-magazine","https:\/\/es.pinterest.com\/tapasmagazine\/","https:\/\/www.youtube.com\/channel\/UCEyxneAaACuR0lfDagrWjjg?sub_confirmation=1"]},{"@type":"Person","@id":"https:\/\/www.tapasmagazine.es\/#\/schema\/person\/eb46cbe76a9c8f062660eb609e3ecb4e","name":"Laura P\u00e9rez","url":"https:\/\/www.tapasmagazine.es\/en\/author\/laura-perez\/"}]}},"_links":{"self":[{"href":"https:\/\/www.tapasmagazine.es\/en\/wp-json\/wp\/v2\/posts\/269769","targetHints":{"allow":["GET"]}}],"collection":[{"href":"https:\/\/www.tapasmagazine.es\/en\/wp-json\/wp\/v2\/posts"}],"about":[{"href":"https:\/\/www.tapasmagazine.es\/en\/wp-json\/wp\/v2\/types\/post"}],"author":[{"embeddable":true,"href":"https:\/\/www.tapasmagazine.es\/en\/wp-json\/wp\/v2\/users\/285"}],"replies":[{"embeddable":true,"href":"https:\/\/www.tapasmagazine.es\/en\/wp-json\/wp\/v2\/comments?post=269769"}],"version-history":[{"count":2,"href":"https:\/\/www.tapasmagazine.es\/en\/wp-json\/wp\/v2\/posts\/269769\/revisions"}],"predecessor-version":[{"id":269775,"href":"https:\/\/www.tapasmagazine.es\/en\/wp-json\/wp\/v2\/posts\/269769\/revisions\/269775"}],"wp:featuredmedia":[{"embeddable":true,"href":"https:\/\/www.tapasmagazine.es\/en\/wp-json\/wp\/v2\/media\/269761"}],"wp:attachment":[{"href":"https:\/\/www.tapasmagazine.es\/en\/wp-json\/wp\/v2\/media?parent=269769"}],"wp:term":[{"taxonomy":"category","embeddable":true,"href":"https:\/\/www.tapasmagazine.es\/en\/wp-json\/wp\/v2\/categories?post=269769"},{"taxonomy":"post_tag","embeddable":true,"href":"https:\/\/www.tapasmagazine.es\/en\/wp-json\/wp\/v2\/tags?post=269769"}],"curies":[{"name":"wp","href":"https:\/\/api.w.org\/{rel}","templated":true}]}}