{"id":268852,"date":"2024-11-06T11:12:13","date_gmt":"2024-11-06T10:12:13","guid":{"rendered":"https:\/\/www.tapasmagazine.es\/muere-josep-ferrer-sala-copresidente-de-honor-de-freixenet\/"},"modified":"2024-11-06T11:23:16","modified_gmt":"2024-11-06T10:23:16","slug":"dies-josep-ferrer-sala-honorary-co-chairman-of-freixenet","status":"publish","type":"post","link":"https:\/\/www.tapasmagazine.es\/en\/dies-josep-ferrer-sala-honorary-co-chairman-of-freixenet\/","title":{"rendered":"Dies Josep Ferrer Sala, honorary co-chairman of Freixenet"},"content":{"rendered":"\n<p><strong>Click\u00a0<a href=\"https:\/\/www.tapasmagazine.es\/muere-josep-ferrer-sala-copresidente-de-honor-de-freixenet\/\" target=\"_blank\" rel=\"noreferrer noopener\">here<\/a>\u00a0to read the Spanish version.<\/strong><\/p>\n\n\n\n<p><strong>Josep Ferrer Sala<\/strong>, honorary co-chairman of<strong> Freixenet <\/strong>and a key figure in the company&#8217;s international expansion, has died at the age of 99. Born on 19 October 1925 in Sant Sadurn\u00ed d&#8217;Anoia, Ferrer devoted more than seven decades to Freixenet, positioning the brand as a world leader in cava with iconic products such as Carta Nevada.<\/p>\n\n\n\n<p>Part of the second generation of the founding family, Ferrer, along with his sisters, maintained their bond with the company. Ferrer leaves an indelible mark on the history of Freixenet, the brand that his parents, Pedro Ferrer Bosch and Dolors Sala Viv\u00e9, created in 1914 in Sant Sadurn\u00ed d&#8217;Anoia&#8217;, the company points out. His career was distinguished by an exceptional dedication and passion for cava and wine, values that marked every stage of his career.<\/p>\n\n\n<div class=\"wp-block-image\">\n<figure class=\"aligncenter size-large is-resized\"><img decoding=\"async\" width=\"1024\" height=\"576\" src=\"https:\/\/www.tapasmagazine.es\/wp-content\/uploads\/2024\/11\/BBB-1024x576.jpg\" alt=\"\" class=\"wp-image-268845\" style=\"width:858px;height:auto\" srcset=\"https:\/\/www.tapasmagazine.es\/wp-content\/uploads\/2024\/11\/BBB-1024x576.jpg 1024w, https:\/\/www.tapasmagazine.es\/wp-content\/uploads\/2024\/11\/BBB-300x169.jpg 300w, https:\/\/www.tapasmagazine.es\/wp-content\/uploads\/2024\/11\/BBB-768x432.jpg 768w, https:\/\/www.tapasmagazine.es\/wp-content\/uploads\/2024\/11\/BBB-1000x563.jpg 1000w, https:\/\/www.tapasmagazine.es\/wp-content\/uploads\/2024\/11\/BBB-400x225.jpg 400w, https:\/\/www.tapasmagazine.es\/wp-content\/uploads\/2024\/11\/BBB.jpg 1200w\" sizes=\"(max-width: 1024px) 100vw, 1024px\" \/><\/figure>\n<\/div>\n\n\n<p><strong>Josep Ferrer<\/strong> took over the leadership after the Civil War, a period in which his mother and his sisters, Pilar, Carmen and Dolores, managed to relaunch Freixenet after the loss of their father and elder brother. His incorporation in 1947 began a new era for the company, which he managed from 1959 and presided over from 1978. Under his leadership, he modernised the facilities, expanded the cellars and, above all, promoted internationalisation, which led Freixenet cava to become the best-selling cava in the world, setting a milestone in the sector.<\/p>\n\n\n\n<p>One of his greatest achievements was to turn Freixenet&#8217;s advertising into a benchmark for communication in Spain, with the mythical Freixenet Bubbles adverts featuring national and international personalities. Ferrer also stood out as a patron of the arts, supporting institutions such as the Liceu, the Palau de la M\u00fasica, the MACBA, the MNAC, the Freixenet Symphony Orchestra of the Escuela Superior de M\u00fasica Reina Sof\u00eda and the CE Noia Freixenet hockey club.<\/p>\n\n\n\n<p>Despite retiring from day-to-day management in 1999, Ferrer, named<strong> honorary president of Freixenet<\/strong>, remained active in the company as part of the board of sages alongside his sisters. It is also worth noting that in 2018 Josep became a key figure in the alliance between Freixenet and Henkell, who share 50\/50 ownership of the company.<\/p>\n","protected":false},"excerpt":{"rendered":"<p>Click\u00a0here\u00a0to read the Spanish version. Josep Ferrer Sala, honorary co-chairman of Freixenet and a key figure in the company&#8217;s international expansion, has died at the age of 99. Born on 19 October 1925 in Sant Sadurn\u00ed d&#8217;Anoia, Ferrer devoted more than seven decades to Freixenet, positioning the brand as a world leader in cava with [&hellip;]<\/p>\n","protected":false},"author":318,"featured_media":268866,"comment_status":"closed","ping_status":"closed","sticky":false,"template":"","format":"standard","meta":{"_acf_changed":false,"footnotes":""},"categories":[15802,1],"tags":[18911,17313],"class_list":["post-268852","post","type-post","status-publish","format-standard","has-post-thumbnail","hentry","category-news","category-sin-categorizar","tag-freixenet-en","tag-obituario-en","cat-15802-id","cat-1-id"],"acf":[],"yoast_head":"<!-- This site is optimized with the Yoast SEO plugin v27.4 - https:\/\/yoast.com\/product\/yoast-seo-wordpress\/ -->\n<title>Dies Josep Ferrer Sala, honorary co-chairman of Freixenet - Tapas<\/title>\n<meta name=\"description\" content=\"Click\u00a0here\u00a0to read the Spanish version. Josep Ferrer Sala, honorary co-chairman of Freixenet and a key figure in the company&#039;s international expansion,\" \/>\n<meta name=\"robots\" content=\"index, follow, max-snippet:-1, max-image-preview:large, max-video-preview:-1\" \/>\n<link rel=\"canonical\" href=\"https:\/\/www.tapasmagazine.es\/en\/dies-josep-ferrer-sala-honorary-co-chairman-of-freixenet\/\" \/>\n<meta property=\"og:locale\" content=\"en_US\" \/>\n<meta property=\"og:type\" content=\"article\" \/>\n<meta property=\"og:title\" content=\"Dies Josep Ferrer Sala, honorary co-chairman of Freixenet - Tapas\" \/>\n<meta property=\"og:description\" content=\"Click\u00a0here\u00a0to read the Spanish version. Josep Ferrer Sala, honorary co-chairman of Freixenet and a key figure in the company&#039;s international expansion,\" \/>\n<meta property=\"og:url\" content=\"https:\/\/www.tapasmagazine.es\/en\/dies-josep-ferrer-sala-honorary-co-chairman-of-freixenet\/\" \/>\n<meta property=\"og:site_name\" content=\"Tapas\" \/>\n<meta property=\"article:publisher\" content=\"https:\/\/www.facebook.com\/tapasmagazine\" \/>\n<meta property=\"article:published_time\" content=\"2024-11-06T10:12:13+00:00\" \/>\n<meta property=\"article:modified_time\" content=\"2024-11-06T10:23:16+00:00\" \/>\n<meta property=\"og:image\" content=\"https:\/\/www.tapasmagazine.es\/wp-content\/uploads\/2024\/11\/SDCDSFDS.jpg\" \/>\n\t<meta property=\"og:image:width\" content=\"1200\" \/>\n\t<meta property=\"og:image:height\" content=\"675\" \/>\n\t<meta property=\"og:image:type\" content=\"image\/jpeg\" \/>\n<meta name=\"author\" content=\"Tapas Magazine\" \/>\n<meta name=\"twitter:card\" content=\"summary_large_image\" \/>\n<meta name=\"twitter:creator\" content=\"@TapasMagazine\" \/>\n<meta name=\"twitter:site\" content=\"@TapasMagazine\" \/>\n<meta name=\"twitter:label1\" content=\"Written by\" \/>\n\t<meta name=\"twitter:data1\" content=\"Tapas Magazine\" \/>\n\t<meta name=\"twitter:label2\" content=\"Est. reading time\" \/>\n\t<meta name=\"twitter:data2\" content=\"3 minutes\" \/>\n<script type=\"application\/ld+json\" class=\"yoast-schema-graph\">{\"@context\":\"https:\\\/\\\/schema.org\",\"@graph\":[{\"@type\":\"Article\",\"@id\":\"https:\\\/\\\/www.tapasmagazine.es\\\/en\\\/dies-josep-ferrer-sala-honorary-co-chairman-of-freixenet\\\/#article\",\"isPartOf\":{\"@id\":\"https:\\\/\\\/www.tapasmagazine.es\\\/en\\\/dies-josep-ferrer-sala-honorary-co-chairman-of-freixenet\\\/\"},\"author\":{\"name\":\"Tapas Magazine\",\"@id\":\"https:\\\/\\\/www.tapasmagazine.es\\\/#\\\/schema\\\/person\\\/ea9005ac2d36a0c25f3e81c47da0182f\"},\"headline\":\"Dies Josep Ferrer Sala, honorary co-chairman of Freixenet\",\"datePublished\":\"2024-11-06T10:12:13+00:00\",\"dateModified\":\"2024-11-06T10:23:16+00:00\",\"mainEntityOfPage\":{\"@id\":\"https:\\\/\\\/www.tapasmagazine.es\\\/en\\\/dies-josep-ferrer-sala-honorary-co-chairman-of-freixenet\\\/\"},\"wordCount\":360,\"publisher\":{\"@id\":\"https:\\\/\\\/www.tapasmagazine.es\\\/#organization\"},\"image\":{\"@id\":\"https:\\\/\\\/www.tapasmagazine.es\\\/en\\\/dies-josep-ferrer-sala-honorary-co-chairman-of-freixenet\\\/#primaryimage\"},\"thumbnailUrl\":\"https:\\\/\\\/www.tapasmagazine.es\\\/wp-content\\\/uploads\\\/2024\\\/11\\\/bbbbnn.jpg\",\"keywords\":[\"Freixenet\",\"Obituario\"],\"articleSection\":[\"News\",\"Sin categorizar\"],\"inLanguage\":\"en-US\"},{\"@type\":\"WebPage\",\"@id\":\"https:\\\/\\\/www.tapasmagazine.es\\\/en\\\/dies-josep-ferrer-sala-honorary-co-chairman-of-freixenet\\\/\",\"url\":\"https:\\\/\\\/www.tapasmagazine.es\\\/en\\\/dies-josep-ferrer-sala-honorary-co-chairman-of-freixenet\\\/\",\"name\":\"Dies Josep Ferrer Sala, honorary co-chairman of Freixenet - Tapas\",\"isPartOf\":{\"@id\":\"https:\\\/\\\/www.tapasmagazine.es\\\/#website\"},\"primaryImageOfPage\":{\"@id\":\"https:\\\/\\\/www.tapasmagazine.es\\\/en\\\/dies-josep-ferrer-sala-honorary-co-chairman-of-freixenet\\\/#primaryimage\"},\"image\":{\"@id\":\"https:\\\/\\\/www.tapasmagazine.es\\\/en\\\/dies-josep-ferrer-sala-honorary-co-chairman-of-freixenet\\\/#primaryimage\"},\"thumbnailUrl\":\"https:\\\/\\\/www.tapasmagazine.es\\\/wp-content\\\/uploads\\\/2024\\\/11\\\/bbbbnn.jpg\",\"datePublished\":\"2024-11-06T10:12:13+00:00\",\"dateModified\":\"2024-11-06T10:23:16+00:00\",\"description\":\"Click\u00a0here\u00a0to read the Spanish version. Josep Ferrer Sala, honorary co-chairman of Freixenet and a key figure in the company's international expansion,\",\"breadcrumb\":{\"@id\":\"https:\\\/\\\/www.tapasmagazine.es\\\/en\\\/dies-josep-ferrer-sala-honorary-co-chairman-of-freixenet\\\/#breadcrumb\"},\"inLanguage\":\"en-US\",\"potentialAction\":[{\"@type\":\"ReadAction\",\"target\":[\"https:\\\/\\\/www.tapasmagazine.es\\\/en\\\/dies-josep-ferrer-sala-honorary-co-chairman-of-freixenet\\\/\"]}]},{\"@type\":\"ImageObject\",\"inLanguage\":\"en-US\",\"@id\":\"https:\\\/\\\/www.tapasmagazine.es\\\/en\\\/dies-josep-ferrer-sala-honorary-co-chairman-of-freixenet\\\/#primaryimage\",\"url\":\"https:\\\/\\\/www.tapasmagazine.es\\\/wp-content\\\/uploads\\\/2024\\\/11\\\/bbbbnn.jpg\",\"contentUrl\":\"https:\\\/\\\/www.tapasmagazine.es\\\/wp-content\\\/uploads\\\/2024\\\/11\\\/bbbbnn.jpg\",\"width\":1200,\"height\":675},{\"@type\":\"BreadcrumbList\",\"@id\":\"https:\\\/\\\/www.tapasmagazine.es\\\/en\\\/dies-josep-ferrer-sala-honorary-co-chairman-of-freixenet\\\/#breadcrumb\",\"itemListElement\":[{\"@type\":\"ListItem\",\"position\":1,\"name\":\"Portada\",\"item\":\"https:\\\/\\\/www.tapasmagazine.es\\\/\"},{\"@type\":\"ListItem\",\"position\":2,\"name\":\"Sin categorizar\",\"item\":\"https:\\\/\\\/www.tapasmagazine.es\\\/categorias\\\/sin-categorizar\\\/\"},{\"@type\":\"ListItem\",\"position\":3,\"name\":\"Dies Josep Ferrer Sala, honorary co-chairman of Freixenet\"}]},{\"@type\":\"WebSite\",\"@id\":\"https:\\\/\\\/www.tapasmagazine.es\\\/#website\",\"url\":\"https:\\\/\\\/www.tapasmagazine.es\\\/\",\"name\":\"Tapas\",\"description\":\"\u00d1am \u00d1am Lifestyle. La vida a bocados. Premio Nacional de Gastronom\u00eda 2016.\",\"publisher\":{\"@id\":\"https:\\\/\\\/www.tapasmagazine.es\\\/#organization\"},\"potentialAction\":[{\"@type\":\"SearchAction\",\"target\":{\"@type\":\"EntryPoint\",\"urlTemplate\":\"https:\\\/\\\/www.tapasmagazine.es\\\/?s={search_term_string}\"},\"query-input\":{\"@type\":\"PropertyValueSpecification\",\"valueRequired\":true,\"valueName\":\"search_term_string\"}}],\"inLanguage\":\"en-US\"},{\"@type\":\"Organization\",\"@id\":\"https:\\\/\\\/www.tapasmagazine.es\\\/#organization\",\"name\":\"Tapas Magazine\",\"url\":\"https:\\\/\\\/www.tapasmagazine.es\\\/\",\"logo\":{\"@type\":\"ImageObject\",\"inLanguage\":\"en-US\",\"@id\":\"https:\\\/\\\/www.tapasmagazine.es\\\/#\\\/schema\\\/logo\\\/image\\\/\",\"url\":\"https:\\\/\\\/www.tapasmagazine.es\\\/wp-content\\\/uploads\\\/2018\\\/01\\\/logo.png\",\"contentUrl\":\"https:\\\/\\\/www.tapasmagazine.es\\\/wp-content\\\/uploads\\\/2018\\\/01\\\/logo.png\",\"width\":180,\"height\":60,\"caption\":\"Tapas Magazine\"},\"image\":{\"@id\":\"https:\\\/\\\/www.tapasmagazine.es\\\/#\\\/schema\\\/logo\\\/image\\\/\"},\"sameAs\":[\"https:\\\/\\\/www.facebook.com\\\/tapasmagazine\",\"https:\\\/\\\/x.com\\\/TapasMagazine\",\"https:\\\/\\\/www.instagram.com\\\/tapasmagazine\\\/\",\"https:\\\/\\\/www.linkedin.com\\\/company\\\/tapas-magazine\",\"https:\\\/\\\/es.pinterest.com\\\/tapasmagazine\\\/\",\"https:\\\/\\\/www.youtube.com\\\/channel\\\/UCEyxneAaACuR0lfDagrWjjg?sub_confirmation=1\"]},{\"@type\":\"Person\",\"@id\":\"https:\\\/\\\/www.tapasmagazine.es\\\/#\\\/schema\\\/person\\\/ea9005ac2d36a0c25f3e81c47da0182f\",\"name\":\"Tapas Magazine\",\"url\":\"https:\\\/\\\/www.tapasmagazine.es\\\/en\\\/author\\\/tapas-magazine\\\/\"}]}<\/script>\n<!-- \/ Yoast SEO plugin. -->","yoast_head_json":{"title":"Dies Josep Ferrer Sala, honorary co-chairman of Freixenet - Tapas","description":"Click\u00a0here\u00a0to read the Spanish version. Josep Ferrer Sala, honorary co-chairman of Freixenet and a key figure in the company's international expansion,","robots":{"index":"index","follow":"follow","max-snippet":"max-snippet:-1","max-image-preview":"max-image-preview:large","max-video-preview":"max-video-preview:-1"},"canonical":"https:\/\/www.tapasmagazine.es\/en\/dies-josep-ferrer-sala-honorary-co-chairman-of-freixenet\/","og_locale":"en_US","og_type":"article","og_title":"Dies Josep Ferrer Sala, honorary co-chairman of Freixenet - Tapas","og_description":"Click\u00a0here\u00a0to read the Spanish version. Josep Ferrer Sala, honorary co-chairman of Freixenet and a key figure in the company's international expansion,","og_url":"https:\/\/www.tapasmagazine.es\/en\/dies-josep-ferrer-sala-honorary-co-chairman-of-freixenet\/","og_site_name":"Tapas","article_publisher":"https:\/\/www.facebook.com\/tapasmagazine","article_published_time":"2024-11-06T10:12:13+00:00","article_modified_time":"2024-11-06T10:23:16+00:00","og_image":[{"width":1200,"height":675,"url":"https:\/\/www.tapasmagazine.es\/wp-content\/uploads\/2024\/11\/SDCDSFDS.jpg","type":"image\/jpeg"}],"author":"Tapas Magazine","twitter_card":"summary_large_image","twitter_creator":"@TapasMagazine","twitter_site":"@TapasMagazine","twitter_misc":{"Written by":"Tapas Magazine","Est. reading time":"3 minutes"},"schema":{"@context":"https:\/\/schema.org","@graph":[{"@type":"Article","@id":"https:\/\/www.tapasmagazine.es\/en\/dies-josep-ferrer-sala-honorary-co-chairman-of-freixenet\/#article","isPartOf":{"@id":"https:\/\/www.tapasmagazine.es\/en\/dies-josep-ferrer-sala-honorary-co-chairman-of-freixenet\/"},"author":{"name":"Tapas Magazine","@id":"https:\/\/www.tapasmagazine.es\/#\/schema\/person\/ea9005ac2d36a0c25f3e81c47da0182f"},"headline":"Dies Josep Ferrer Sala, honorary co-chairman of Freixenet","datePublished":"2024-11-06T10:12:13+00:00","dateModified":"2024-11-06T10:23:16+00:00","mainEntityOfPage":{"@id":"https:\/\/www.tapasmagazine.es\/en\/dies-josep-ferrer-sala-honorary-co-chairman-of-freixenet\/"},"wordCount":360,"publisher":{"@id":"https:\/\/www.tapasmagazine.es\/#organization"},"image":{"@id":"https:\/\/www.tapasmagazine.es\/en\/dies-josep-ferrer-sala-honorary-co-chairman-of-freixenet\/#primaryimage"},"thumbnailUrl":"https:\/\/www.tapasmagazine.es\/wp-content\/uploads\/2024\/11\/bbbbnn.jpg","keywords":["Freixenet","Obituario"],"articleSection":["News","Sin categorizar"],"inLanguage":"en-US"},{"@type":"WebPage","@id":"https:\/\/www.tapasmagazine.es\/en\/dies-josep-ferrer-sala-honorary-co-chairman-of-freixenet\/","url":"https:\/\/www.tapasmagazine.es\/en\/dies-josep-ferrer-sala-honorary-co-chairman-of-freixenet\/","name":"Dies Josep Ferrer Sala, honorary co-chairman of Freixenet - Tapas","isPartOf":{"@id":"https:\/\/www.tapasmagazine.es\/#website"},"primaryImageOfPage":{"@id":"https:\/\/www.tapasmagazine.es\/en\/dies-josep-ferrer-sala-honorary-co-chairman-of-freixenet\/#primaryimage"},"image":{"@id":"https:\/\/www.tapasmagazine.es\/en\/dies-josep-ferrer-sala-honorary-co-chairman-of-freixenet\/#primaryimage"},"thumbnailUrl":"https:\/\/www.tapasmagazine.es\/wp-content\/uploads\/2024\/11\/bbbbnn.jpg","datePublished":"2024-11-06T10:12:13+00:00","dateModified":"2024-11-06T10:23:16+00:00","description":"Click\u00a0here\u00a0to read the Spanish version. Josep Ferrer Sala, honorary co-chairman of Freixenet and a key figure in the company's international expansion,","breadcrumb":{"@id":"https:\/\/www.tapasmagazine.es\/en\/dies-josep-ferrer-sala-honorary-co-chairman-of-freixenet\/#breadcrumb"},"inLanguage":"en-US","potentialAction":[{"@type":"ReadAction","target":["https:\/\/www.tapasmagazine.es\/en\/dies-josep-ferrer-sala-honorary-co-chairman-of-freixenet\/"]}]},{"@type":"ImageObject","inLanguage":"en-US","@id":"https:\/\/www.tapasmagazine.es\/en\/dies-josep-ferrer-sala-honorary-co-chairman-of-freixenet\/#primaryimage","url":"https:\/\/www.tapasmagazine.es\/wp-content\/uploads\/2024\/11\/bbbbnn.jpg","contentUrl":"https:\/\/www.tapasmagazine.es\/wp-content\/uploads\/2024\/11\/bbbbnn.jpg","width":1200,"height":675},{"@type":"BreadcrumbList","@id":"https:\/\/www.tapasmagazine.es\/en\/dies-josep-ferrer-sala-honorary-co-chairman-of-freixenet\/#breadcrumb","itemListElement":[{"@type":"ListItem","position":1,"name":"Portada","item":"https:\/\/www.tapasmagazine.es\/"},{"@type":"ListItem","position":2,"name":"Sin categorizar","item":"https:\/\/www.tapasmagazine.es\/categorias\/sin-categorizar\/"},{"@type":"ListItem","position":3,"name":"Dies Josep Ferrer Sala, honorary co-chairman of Freixenet"}]},{"@type":"WebSite","@id":"https:\/\/www.tapasmagazine.es\/#website","url":"https:\/\/www.tapasmagazine.es\/","name":"Tapas","description":"\u00d1am \u00d1am Lifestyle. La vida a bocados. Premio Nacional de Gastronom\u00eda 2016.","publisher":{"@id":"https:\/\/www.tapasmagazine.es\/#organization"},"potentialAction":[{"@type":"SearchAction","target":{"@type":"EntryPoint","urlTemplate":"https:\/\/www.tapasmagazine.es\/?s={search_term_string}"},"query-input":{"@type":"PropertyValueSpecification","valueRequired":true,"valueName":"search_term_string"}}],"inLanguage":"en-US"},{"@type":"Organization","@id":"https:\/\/www.tapasmagazine.es\/#organization","name":"Tapas Magazine","url":"https:\/\/www.tapasmagazine.es\/","logo":{"@type":"ImageObject","inLanguage":"en-US","@id":"https:\/\/www.tapasmagazine.es\/#\/schema\/logo\/image\/","url":"https:\/\/www.tapasmagazine.es\/wp-content\/uploads\/2018\/01\/logo.png","contentUrl":"https:\/\/www.tapasmagazine.es\/wp-content\/uploads\/2018\/01\/logo.png","width":180,"height":60,"caption":"Tapas Magazine"},"image":{"@id":"https:\/\/www.tapasmagazine.es\/#\/schema\/logo\/image\/"},"sameAs":["https:\/\/www.facebook.com\/tapasmagazine","https:\/\/x.com\/TapasMagazine","https:\/\/www.instagram.com\/tapasmagazine\/","https:\/\/www.linkedin.com\/company\/tapas-magazine","https:\/\/es.pinterest.com\/tapasmagazine\/","https:\/\/www.youtube.com\/channel\/UCEyxneAaACuR0lfDagrWjjg?sub_confirmation=1"]},{"@type":"Person","@id":"https:\/\/www.tapasmagazine.es\/#\/schema\/person\/ea9005ac2d36a0c25f3e81c47da0182f","name":"Tapas Magazine","url":"https:\/\/www.tapasmagazine.es\/en\/author\/tapas-magazine\/"}]}},"_links":{"self":[{"href":"https:\/\/www.tapasmagazine.es\/en\/wp-json\/wp\/v2\/posts\/268852","targetHints":{"allow":["GET"]}}],"collection":[{"href":"https:\/\/www.tapasmagazine.es\/en\/wp-json\/wp\/v2\/posts"}],"about":[{"href":"https:\/\/www.tapasmagazine.es\/en\/wp-json\/wp\/v2\/types\/post"}],"author":[{"embeddable":true,"href":"https:\/\/www.tapasmagazine.es\/en\/wp-json\/wp\/v2\/users\/318"}],"replies":[{"embeddable":true,"href":"https:\/\/www.tapasmagazine.es\/en\/wp-json\/wp\/v2\/comments?post=268852"}],"version-history":[{"count":1,"href":"https:\/\/www.tapasmagazine.es\/en\/wp-json\/wp\/v2\/posts\/268852\/revisions"}],"predecessor-version":[{"id":268863,"href":"https:\/\/www.tapasmagazine.es\/en\/wp-json\/wp\/v2\/posts\/268852\/revisions\/268863"}],"wp:featuredmedia":[{"embeddable":true,"href":"https:\/\/www.tapasmagazine.es\/en\/wp-json\/wp\/v2\/media\/268866"}],"wp:attachment":[{"href":"https:\/\/www.tapasmagazine.es\/en\/wp-json\/wp\/v2\/media?parent=268852"}],"wp:term":[{"taxonomy":"category","embeddable":true,"href":"https:\/\/www.tapasmagazine.es\/en\/wp-json\/wp\/v2\/categories?post=268852"},{"taxonomy":"post_tag","embeddable":true,"href":"https:\/\/www.tapasmagazine.es\/en\/wp-json\/wp\/v2\/tags?post=268852"}],"curies":[{"name":"wp","href":"https:\/\/api.w.org\/{rel}","templated":true}]}}