{"id":268723,"date":"2024-11-05T16:02:00","date_gmt":"2024-11-05T15:02:00","guid":{"rendered":"https:\/\/www.tapasmagazine.es\/la-cocina-se-proyecta-como-el-proximo-drama-culinario-de-exito\/"},"modified":"2024-11-05T16:06:00","modified_gmt":"2024-11-05T15:06:00","slug":"la-cocina-is-projected-to-be-the-next-hit-culinary-drama","status":"publish","type":"post","link":"https:\/\/www.tapasmagazine.es\/en\/la-cocina-is-projected-to-be-the-next-hit-culinary-drama\/","title":{"rendered":"\u2018La Cocina\u2019 is projected to be the next hit culinary drama"},"content":{"rendered":"\n<p><strong>Click\u00a0<a href=\"https:\/\/www.tapasmagazine.es\/la-cocina-se-proyecta-como-el-proximo-drama-culinario-de-exito\/\" target=\"_blank\" rel=\"noreferrer noopener\">here<\/a>\u00a0to read the Spanish version.<\/strong><\/p>\n\n\n\n<p>The Mexican filmmaker premiered \u2018<strong>La Cocina<\/strong>\u2019 at the last <strong>Berlinale<\/strong>, capturing all eyes and critical acclaim. This adaptation of Arnold Wesker&#8217;s play that set the plot in a London West End caf\u00e9 is now adapted to modern times with a new drama that focuses on the dehumanisation of work.<\/p>\n\n\n\n<p>Shot in black and white and starring Ra\u00fal Briones, Anna D\u00edas and Rooney Mara, the film also screened at the Seminci and won the Audience Award at the Morelia Festival.<\/p>\n\n\n<div class=\"wp-block-image\">\n<figure class=\"aligncenter size-large is-resized\"><img decoding=\"async\" width=\"691\" height=\"1024\" src=\"https:\/\/www.tapasmagazine.es\/wp-content\/uploads\/2024\/11\/La_cocina-861399083-large-691x1024.jpg\" alt=\"\" class=\"wp-image-268716\" style=\"width:889px;height:auto\" srcset=\"https:\/\/www.tapasmagazine.es\/wp-content\/uploads\/2024\/11\/La_cocina-861399083-large-691x1024.jpg 691w, https:\/\/www.tapasmagazine.es\/wp-content\/uploads\/2024\/11\/La_cocina-861399083-large-203x300.jpg 203w, https:\/\/www.tapasmagazine.es\/wp-content\/uploads\/2024\/11\/La_cocina-861399083-large-768x1138.jpg 768w, https:\/\/www.tapasmagazine.es\/wp-content\/uploads\/2024\/11\/La_cocina-861399083-large-400x593.jpg 400w, https:\/\/www.tapasmagazine.es\/wp-content\/uploads\/2024\/11\/La_cocina-861399083-large.jpg 810w\" sizes=\"(max-width: 691px) 100vw, 691px\" \/><\/figure>\n<\/div>\n\n\n<p>La Cocina&#8217; is set in the kitchen of a famous tourist restaurant in the heart of Manhattan. In \u2018The Grill\u2019, one day money disappears from the cash register and everything points to Pedro as the main suspect, a rebellious dreamer who will trace an impossible love story with the waitress Julia.<\/p>\n\n\n\n<p>The Mexican director portrays the extreme pressure and contemporary freneticism with which these workers live; revealing the power dynamics implicit in their work context. Situations that the director experienced personally when, while studying, he worked in a kitchen in London; a kind of reflection of his past, a tragicomedy set in a space that renders people invisible.<\/p>\n\n\n\n<figure class=\"wp-block-embed is-type-video is-provider-youtube wp-block-embed-youtube wp-embed-aspect-16-9 wp-has-aspect-ratio\"><div class=\"wp-block-embed__wrapper\">\n<iframe title=\"La Cocina (2024) | Alonso Ruizpalacios | StyleFeelFree SFF. magazine\" width=\"640\" height=\"360\" src=\"https:\/\/www.youtube.com\/embed\/zWJXHIG-aBM?feature=oembed\" frameborder=\"0\" allow=\"accelerometer; autoplay; clipboard-write; encrypted-media; gyroscope; picture-in-picture; web-share\" referrerpolicy=\"strict-origin-when-cross-origin\" allowfullscreen><\/iframe>\n<\/div><\/figure>\n\n\n\n<p>In this perspective, this restaurant becomes the nucleus where several metaphors of the modern world converge, such as inequalities and the search for the \u2018American dream\u2019 by the immigrants who arrive daily in the United States.<\/p>\n","protected":false},"excerpt":{"rendered":"<p>Click\u00a0here\u00a0to read the Spanish version. The Mexican filmmaker premiered \u2018La Cocina\u2019 at the last Berlinale, capturing all eyes and critical acclaim. This adaptation of Arnold Wesker&#8217;s play that set the plot in a London West End caf\u00e9 is now adapted to modern times with a new drama that focuses on the dehumanisation of work. Shot [&hellip;]<\/p>\n","protected":false},"author":285,"featured_media":268714,"comment_status":"closed","ping_status":"closed","sticky":false,"template":"","format":"standard","meta":{"_acf_changed":false,"footnotes":""},"categories":[18831],"tags":[18383,17789],"class_list":["post-268723","post","type-post","status-publish","format-standard","has-post-thumbnail","hentry","category-lifestyle-en","tag-cocina-en","tag-pelicula-en","cat-18831-id"],"acf":[],"yoast_head":"<!-- This site is optimized with the Yoast SEO plugin v27.4 - https:\/\/yoast.com\/product\/yoast-seo-wordpress\/ -->\n<title>\u2018La Cocina\u2019 is projected to be the next hit culinary drama - Tapas<\/title>\n<meta name=\"description\" content=\"Click\u00a0here\u00a0to read the Spanish version. The Mexican filmmaker premiered \u2018La Cocina\u2019 at the last Berlinale, capturing all eyes and critical acclaim. This\" \/>\n<meta name=\"robots\" content=\"index, follow, max-snippet:-1, max-image-preview:large, max-video-preview:-1\" \/>\n<link rel=\"canonical\" href=\"https:\/\/www.tapasmagazine.es\/en\/la-cocina-is-projected-to-be-the-next-hit-culinary-drama\/\" \/>\n<meta property=\"og:locale\" content=\"en_US\" \/>\n<meta property=\"og:type\" content=\"article\" \/>\n<meta property=\"og:title\" content=\"\u2018La Cocina\u2019 is projected to be the next hit culinary drama - Tapas\" \/>\n<meta property=\"og:description\" content=\"Click\u00a0here\u00a0to read the Spanish version. The Mexican filmmaker premiered \u2018La Cocina\u2019 at the last Berlinale, capturing all eyes and critical acclaim. This\" \/>\n<meta property=\"og:url\" content=\"https:\/\/www.tapasmagazine.es\/en\/la-cocina-is-projected-to-be-the-next-hit-culinary-drama\/\" \/>\n<meta property=\"og:site_name\" content=\"Tapas\" \/>\n<meta property=\"article:publisher\" content=\"https:\/\/www.facebook.com\/tapasmagazine\" \/>\n<meta property=\"article:published_time\" content=\"2024-11-05T15:02:00+00:00\" \/>\n<meta property=\"article:modified_time\" content=\"2024-11-05T15:06:00+00:00\" \/>\n<meta property=\"og:image\" content=\"https:\/\/www.tapasmagazine.es\/wp-content\/uploads\/2024\/11\/la-cocina.jpg\" \/>\n\t<meta property=\"og:image:width\" content=\"1200\" \/>\n\t<meta property=\"og:image:height\" content=\"675\" \/>\n\t<meta property=\"og:image:type\" content=\"image\/jpeg\" \/>\n<meta name=\"author\" content=\"Laura P\u00e9rez\" \/>\n<meta name=\"twitter:card\" content=\"summary_large_image\" \/>\n<meta name=\"twitter:creator\" content=\"@TapasMagazine\" \/>\n<meta name=\"twitter:site\" content=\"@TapasMagazine\" \/>\n<meta name=\"twitter:label1\" content=\"Written by\" \/>\n\t<meta name=\"twitter:data1\" content=\"Laura P\u00e9rez\" \/>\n\t<meta name=\"twitter:label2\" content=\"Est. reading time\" \/>\n\t<meta name=\"twitter:data2\" content=\"2 minutes\" \/>\n<script type=\"application\/ld+json\" class=\"yoast-schema-graph\">{\"@context\":\"https:\\\/\\\/schema.org\",\"@graph\":[{\"@type\":\"Article\",\"@id\":\"https:\\\/\\\/www.tapasmagazine.es\\\/en\\\/la-cocina-is-projected-to-be-the-next-hit-culinary-drama\\\/#article\",\"isPartOf\":{\"@id\":\"https:\\\/\\\/www.tapasmagazine.es\\\/en\\\/la-cocina-is-projected-to-be-the-next-hit-culinary-drama\\\/\"},\"author\":{\"name\":\"Laura P\u00e9rez\",\"@id\":\"https:\\\/\\\/www.tapasmagazine.es\\\/#\\\/schema\\\/person\\\/eb46cbe76a9c8f062660eb609e3ecb4e\"},\"headline\":\"\u2018La Cocina\u2019 is projected to be the next hit culinary drama\",\"datePublished\":\"2024-11-05T15:02:00+00:00\",\"dateModified\":\"2024-11-05T15:06:00+00:00\",\"mainEntityOfPage\":{\"@id\":\"https:\\\/\\\/www.tapasmagazine.es\\\/en\\\/la-cocina-is-projected-to-be-the-next-hit-culinary-drama\\\/\"},\"wordCount\":251,\"publisher\":{\"@id\":\"https:\\\/\\\/www.tapasmagazine.es\\\/#organization\"},\"image\":{\"@id\":\"https:\\\/\\\/www.tapasmagazine.es\\\/en\\\/la-cocina-is-projected-to-be-the-next-hit-culinary-drama\\\/#primaryimage\"},\"thumbnailUrl\":\"https:\\\/\\\/www.tapasmagazine.es\\\/wp-content\\\/uploads\\\/2024\\\/11\\\/la-cocina.jpg\",\"keywords\":[\"cocina\",\"pel\u00edcula\"],\"articleSection\":[\"Lifestyle\"],\"inLanguage\":\"en-US\"},{\"@type\":\"WebPage\",\"@id\":\"https:\\\/\\\/www.tapasmagazine.es\\\/en\\\/la-cocina-is-projected-to-be-the-next-hit-culinary-drama\\\/\",\"url\":\"https:\\\/\\\/www.tapasmagazine.es\\\/en\\\/la-cocina-is-projected-to-be-the-next-hit-culinary-drama\\\/\",\"name\":\"\u2018La Cocina\u2019 is projected to be the next hit culinary drama - Tapas\",\"isPartOf\":{\"@id\":\"https:\\\/\\\/www.tapasmagazine.es\\\/#website\"},\"primaryImageOfPage\":{\"@id\":\"https:\\\/\\\/www.tapasmagazine.es\\\/en\\\/la-cocina-is-projected-to-be-the-next-hit-culinary-drama\\\/#primaryimage\"},\"image\":{\"@id\":\"https:\\\/\\\/www.tapasmagazine.es\\\/en\\\/la-cocina-is-projected-to-be-the-next-hit-culinary-drama\\\/#primaryimage\"},\"thumbnailUrl\":\"https:\\\/\\\/www.tapasmagazine.es\\\/wp-content\\\/uploads\\\/2024\\\/11\\\/la-cocina.jpg\",\"datePublished\":\"2024-11-05T15:02:00+00:00\",\"dateModified\":\"2024-11-05T15:06:00+00:00\",\"description\":\"Click\u00a0here\u00a0to read the Spanish version. The Mexican filmmaker premiered \u2018La Cocina\u2019 at the last Berlinale, capturing all eyes and critical acclaim. This\",\"breadcrumb\":{\"@id\":\"https:\\\/\\\/www.tapasmagazine.es\\\/en\\\/la-cocina-is-projected-to-be-the-next-hit-culinary-drama\\\/#breadcrumb\"},\"inLanguage\":\"en-US\",\"potentialAction\":[{\"@type\":\"ReadAction\",\"target\":[\"https:\\\/\\\/www.tapasmagazine.es\\\/en\\\/la-cocina-is-projected-to-be-the-next-hit-culinary-drama\\\/\"]}]},{\"@type\":\"ImageObject\",\"inLanguage\":\"en-US\",\"@id\":\"https:\\\/\\\/www.tapasmagazine.es\\\/en\\\/la-cocina-is-projected-to-be-the-next-hit-culinary-drama\\\/#primaryimage\",\"url\":\"https:\\\/\\\/www.tapasmagazine.es\\\/wp-content\\\/uploads\\\/2024\\\/11\\\/la-cocina.jpg\",\"contentUrl\":\"https:\\\/\\\/www.tapasmagazine.es\\\/wp-content\\\/uploads\\\/2024\\\/11\\\/la-cocina.jpg\",\"width\":1200,\"height\":675},{\"@type\":\"BreadcrumbList\",\"@id\":\"https:\\\/\\\/www.tapasmagazine.es\\\/en\\\/la-cocina-is-projected-to-be-the-next-hit-culinary-drama\\\/#breadcrumb\",\"itemListElement\":[{\"@type\":\"ListItem\",\"position\":1,\"name\":\"Portada\",\"item\":\"https:\\\/\\\/www.tapasmagazine.es\\\/\"},{\"@type\":\"ListItem\",\"position\":2,\"name\":\"Lifestyle\",\"item\":\"https:\\\/\\\/www.tapasmagazine.es\\\/en\\\/categorias\\\/lifestyle-en\\\/\"},{\"@type\":\"ListItem\",\"position\":3,\"name\":\"\u2018La Cocina\u2019 is projected to be the next hit culinary drama\"}]},{\"@type\":\"WebSite\",\"@id\":\"https:\\\/\\\/www.tapasmagazine.es\\\/#website\",\"url\":\"https:\\\/\\\/www.tapasmagazine.es\\\/\",\"name\":\"Tapas\",\"description\":\"\u00d1am \u00d1am Lifestyle. La vida a bocados. Premio Nacional de Gastronom\u00eda 2016.\",\"publisher\":{\"@id\":\"https:\\\/\\\/www.tapasmagazine.es\\\/#organization\"},\"potentialAction\":[{\"@type\":\"SearchAction\",\"target\":{\"@type\":\"EntryPoint\",\"urlTemplate\":\"https:\\\/\\\/www.tapasmagazine.es\\\/?s={search_term_string}\"},\"query-input\":{\"@type\":\"PropertyValueSpecification\",\"valueRequired\":true,\"valueName\":\"search_term_string\"}}],\"inLanguage\":\"en-US\"},{\"@type\":\"Organization\",\"@id\":\"https:\\\/\\\/www.tapasmagazine.es\\\/#organization\",\"name\":\"Tapas Magazine\",\"url\":\"https:\\\/\\\/www.tapasmagazine.es\\\/\",\"logo\":{\"@type\":\"ImageObject\",\"inLanguage\":\"en-US\",\"@id\":\"https:\\\/\\\/www.tapasmagazine.es\\\/#\\\/schema\\\/logo\\\/image\\\/\",\"url\":\"https:\\\/\\\/www.tapasmagazine.es\\\/wp-content\\\/uploads\\\/2018\\\/01\\\/logo.png\",\"contentUrl\":\"https:\\\/\\\/www.tapasmagazine.es\\\/wp-content\\\/uploads\\\/2018\\\/01\\\/logo.png\",\"width\":180,\"height\":60,\"caption\":\"Tapas Magazine\"},\"image\":{\"@id\":\"https:\\\/\\\/www.tapasmagazine.es\\\/#\\\/schema\\\/logo\\\/image\\\/\"},\"sameAs\":[\"https:\\\/\\\/www.facebook.com\\\/tapasmagazine\",\"https:\\\/\\\/x.com\\\/TapasMagazine\",\"https:\\\/\\\/www.instagram.com\\\/tapasmagazine\\\/\",\"https:\\\/\\\/www.linkedin.com\\\/company\\\/tapas-magazine\",\"https:\\\/\\\/es.pinterest.com\\\/tapasmagazine\\\/\",\"https:\\\/\\\/www.youtube.com\\\/channel\\\/UCEyxneAaACuR0lfDagrWjjg?sub_confirmation=1\"]},{\"@type\":\"Person\",\"@id\":\"https:\\\/\\\/www.tapasmagazine.es\\\/#\\\/schema\\\/person\\\/eb46cbe76a9c8f062660eb609e3ecb4e\",\"name\":\"Laura P\u00e9rez\",\"url\":\"https:\\\/\\\/www.tapasmagazine.es\\\/en\\\/author\\\/laura-perez\\\/\"}]}<\/script>\n<!-- \/ Yoast SEO plugin. -->","yoast_head_json":{"title":"\u2018La Cocina\u2019 is projected to be the next hit culinary drama - Tapas","description":"Click\u00a0here\u00a0to read the Spanish version. The Mexican filmmaker premiered \u2018La Cocina\u2019 at the last Berlinale, capturing all eyes and critical acclaim. This","robots":{"index":"index","follow":"follow","max-snippet":"max-snippet:-1","max-image-preview":"max-image-preview:large","max-video-preview":"max-video-preview:-1"},"canonical":"https:\/\/www.tapasmagazine.es\/en\/la-cocina-is-projected-to-be-the-next-hit-culinary-drama\/","og_locale":"en_US","og_type":"article","og_title":"\u2018La Cocina\u2019 is projected to be the next hit culinary drama - Tapas","og_description":"Click\u00a0here\u00a0to read the Spanish version. The Mexican filmmaker premiered \u2018La Cocina\u2019 at the last Berlinale, capturing all eyes and critical acclaim. This","og_url":"https:\/\/www.tapasmagazine.es\/en\/la-cocina-is-projected-to-be-the-next-hit-culinary-drama\/","og_site_name":"Tapas","article_publisher":"https:\/\/www.facebook.com\/tapasmagazine","article_published_time":"2024-11-05T15:02:00+00:00","article_modified_time":"2024-11-05T15:06:00+00:00","og_image":[{"width":1200,"height":675,"url":"https:\/\/www.tapasmagazine.es\/wp-content\/uploads\/2024\/11\/la-cocina.jpg","type":"image\/jpeg"}],"author":"Laura P\u00e9rez","twitter_card":"summary_large_image","twitter_creator":"@TapasMagazine","twitter_site":"@TapasMagazine","twitter_misc":{"Written by":"Laura P\u00e9rez","Est. reading time":"2 minutes"},"schema":{"@context":"https:\/\/schema.org","@graph":[{"@type":"Article","@id":"https:\/\/www.tapasmagazine.es\/en\/la-cocina-is-projected-to-be-the-next-hit-culinary-drama\/#article","isPartOf":{"@id":"https:\/\/www.tapasmagazine.es\/en\/la-cocina-is-projected-to-be-the-next-hit-culinary-drama\/"},"author":{"name":"Laura P\u00e9rez","@id":"https:\/\/www.tapasmagazine.es\/#\/schema\/person\/eb46cbe76a9c8f062660eb609e3ecb4e"},"headline":"\u2018La Cocina\u2019 is projected to be the next hit culinary drama","datePublished":"2024-11-05T15:02:00+00:00","dateModified":"2024-11-05T15:06:00+00:00","mainEntityOfPage":{"@id":"https:\/\/www.tapasmagazine.es\/en\/la-cocina-is-projected-to-be-the-next-hit-culinary-drama\/"},"wordCount":251,"publisher":{"@id":"https:\/\/www.tapasmagazine.es\/#organization"},"image":{"@id":"https:\/\/www.tapasmagazine.es\/en\/la-cocina-is-projected-to-be-the-next-hit-culinary-drama\/#primaryimage"},"thumbnailUrl":"https:\/\/www.tapasmagazine.es\/wp-content\/uploads\/2024\/11\/la-cocina.jpg","keywords":["cocina","pel\u00edcula"],"articleSection":["Lifestyle"],"inLanguage":"en-US"},{"@type":"WebPage","@id":"https:\/\/www.tapasmagazine.es\/en\/la-cocina-is-projected-to-be-the-next-hit-culinary-drama\/","url":"https:\/\/www.tapasmagazine.es\/en\/la-cocina-is-projected-to-be-the-next-hit-culinary-drama\/","name":"\u2018La Cocina\u2019 is projected to be the next hit culinary drama - Tapas","isPartOf":{"@id":"https:\/\/www.tapasmagazine.es\/#website"},"primaryImageOfPage":{"@id":"https:\/\/www.tapasmagazine.es\/en\/la-cocina-is-projected-to-be-the-next-hit-culinary-drama\/#primaryimage"},"image":{"@id":"https:\/\/www.tapasmagazine.es\/en\/la-cocina-is-projected-to-be-the-next-hit-culinary-drama\/#primaryimage"},"thumbnailUrl":"https:\/\/www.tapasmagazine.es\/wp-content\/uploads\/2024\/11\/la-cocina.jpg","datePublished":"2024-11-05T15:02:00+00:00","dateModified":"2024-11-05T15:06:00+00:00","description":"Click\u00a0here\u00a0to read the Spanish version. The Mexican filmmaker premiered \u2018La Cocina\u2019 at the last Berlinale, capturing all eyes and critical acclaim. This","breadcrumb":{"@id":"https:\/\/www.tapasmagazine.es\/en\/la-cocina-is-projected-to-be-the-next-hit-culinary-drama\/#breadcrumb"},"inLanguage":"en-US","potentialAction":[{"@type":"ReadAction","target":["https:\/\/www.tapasmagazine.es\/en\/la-cocina-is-projected-to-be-the-next-hit-culinary-drama\/"]}]},{"@type":"ImageObject","inLanguage":"en-US","@id":"https:\/\/www.tapasmagazine.es\/en\/la-cocina-is-projected-to-be-the-next-hit-culinary-drama\/#primaryimage","url":"https:\/\/www.tapasmagazine.es\/wp-content\/uploads\/2024\/11\/la-cocina.jpg","contentUrl":"https:\/\/www.tapasmagazine.es\/wp-content\/uploads\/2024\/11\/la-cocina.jpg","width":1200,"height":675},{"@type":"BreadcrumbList","@id":"https:\/\/www.tapasmagazine.es\/en\/la-cocina-is-projected-to-be-the-next-hit-culinary-drama\/#breadcrumb","itemListElement":[{"@type":"ListItem","position":1,"name":"Portada","item":"https:\/\/www.tapasmagazine.es\/"},{"@type":"ListItem","position":2,"name":"Lifestyle","item":"https:\/\/www.tapasmagazine.es\/en\/categorias\/lifestyle-en\/"},{"@type":"ListItem","position":3,"name":"\u2018La Cocina\u2019 is projected to be the next hit culinary drama"}]},{"@type":"WebSite","@id":"https:\/\/www.tapasmagazine.es\/#website","url":"https:\/\/www.tapasmagazine.es\/","name":"Tapas","description":"\u00d1am \u00d1am Lifestyle. La vida a bocados. Premio Nacional de Gastronom\u00eda 2016.","publisher":{"@id":"https:\/\/www.tapasmagazine.es\/#organization"},"potentialAction":[{"@type":"SearchAction","target":{"@type":"EntryPoint","urlTemplate":"https:\/\/www.tapasmagazine.es\/?s={search_term_string}"},"query-input":{"@type":"PropertyValueSpecification","valueRequired":true,"valueName":"search_term_string"}}],"inLanguage":"en-US"},{"@type":"Organization","@id":"https:\/\/www.tapasmagazine.es\/#organization","name":"Tapas Magazine","url":"https:\/\/www.tapasmagazine.es\/","logo":{"@type":"ImageObject","inLanguage":"en-US","@id":"https:\/\/www.tapasmagazine.es\/#\/schema\/logo\/image\/","url":"https:\/\/www.tapasmagazine.es\/wp-content\/uploads\/2018\/01\/logo.png","contentUrl":"https:\/\/www.tapasmagazine.es\/wp-content\/uploads\/2018\/01\/logo.png","width":180,"height":60,"caption":"Tapas Magazine"},"image":{"@id":"https:\/\/www.tapasmagazine.es\/#\/schema\/logo\/image\/"},"sameAs":["https:\/\/www.facebook.com\/tapasmagazine","https:\/\/x.com\/TapasMagazine","https:\/\/www.instagram.com\/tapasmagazine\/","https:\/\/www.linkedin.com\/company\/tapas-magazine","https:\/\/es.pinterest.com\/tapasmagazine\/","https:\/\/www.youtube.com\/channel\/UCEyxneAaACuR0lfDagrWjjg?sub_confirmation=1"]},{"@type":"Person","@id":"https:\/\/www.tapasmagazine.es\/#\/schema\/person\/eb46cbe76a9c8f062660eb609e3ecb4e","name":"Laura P\u00e9rez","url":"https:\/\/www.tapasmagazine.es\/en\/author\/laura-perez\/"}]}},"_links":{"self":[{"href":"https:\/\/www.tapasmagazine.es\/en\/wp-json\/wp\/v2\/posts\/268723","targetHints":{"allow":["GET"]}}],"collection":[{"href":"https:\/\/www.tapasmagazine.es\/en\/wp-json\/wp\/v2\/posts"}],"about":[{"href":"https:\/\/www.tapasmagazine.es\/en\/wp-json\/wp\/v2\/types\/post"}],"author":[{"embeddable":true,"href":"https:\/\/www.tapasmagazine.es\/en\/wp-json\/wp\/v2\/users\/285"}],"replies":[{"embeddable":true,"href":"https:\/\/www.tapasmagazine.es\/en\/wp-json\/wp\/v2\/comments?post=268723"}],"version-history":[{"count":2,"href":"https:\/\/www.tapasmagazine.es\/en\/wp-json\/wp\/v2\/posts\/268723\/revisions"}],"predecessor-version":[{"id":268732,"href":"https:\/\/www.tapasmagazine.es\/en\/wp-json\/wp\/v2\/posts\/268723\/revisions\/268732"}],"wp:featuredmedia":[{"embeddable":true,"href":"https:\/\/www.tapasmagazine.es\/en\/wp-json\/wp\/v2\/media\/268714"}],"wp:attachment":[{"href":"https:\/\/www.tapasmagazine.es\/en\/wp-json\/wp\/v2\/media?parent=268723"}],"wp:term":[{"taxonomy":"category","embeddable":true,"href":"https:\/\/www.tapasmagazine.es\/en\/wp-json\/wp\/v2\/categories?post=268723"},{"taxonomy":"post_tag","embeddable":true,"href":"https:\/\/www.tapasmagazine.es\/en\/wp-json\/wp\/v2\/tags?post=268723"}],"curies":[{"name":"wp","href":"https:\/\/api.w.org\/{rel}","templated":true}]}}