{"id":268239,"date":"2024-10-31T11:05:53","date_gmt":"2024-10-31T10:05:53","guid":{"rendered":"https:\/\/www.tapasmagazine.es\/clase-azul-honra-el-dia-de-los-muertos-con-un-exclusivo-tequila-de-diseno\/"},"modified":"2024-10-31T11:08:57","modified_gmt":"2024-10-31T10:08:57","slug":"clase-azul-honors-day-of-the-dead-with-an-exclusive-designer-tequila","status":"publish","type":"post","link":"https:\/\/www.tapasmagazine.es\/en\/clase-azul-honors-day-of-the-dead-with-an-exclusive-designer-tequila\/","title":{"rendered":"Clase Azul honors Day of the Dead with an exclusive designer tequila"},"content":{"rendered":"\n<p><strong>Click\u00a0<a href=\"https:\/\/www.tapasmagazine.es\/clase-azul-honra-el-dia-de-los-muertos-con-un-exclusivo-tequila-de-diseno\/\" target=\"_blank\" rel=\"noreferrer noopener\">here<\/a>\u00a0to read the Spanish version.<\/strong><\/p>\n\n\n\n<p><strong>Clase Azul <\/strong>joins the celebration of the Mexican <strong>Day of the Dead<\/strong> with a new high-end bottle with which it continues to share Mexican culture with the world through its distillates.<\/p>\n\n\n<div class=\"wp-block-image\">\n<figure class=\"aligncenter size-large is-resized\"><img decoding=\"async\" width=\"1024\" height=\"682\" src=\"https:\/\/www.tapasmagazine.es\/wp-content\/uploads\/2024\/10\/clase-azul-tequila-2-1024x682.jpg\" alt=\"\" class=\"wp-image-268228\" style=\"width:978px;height:auto\" srcset=\"https:\/\/www.tapasmagazine.es\/wp-content\/uploads\/2024\/10\/clase-azul-tequila-2-1024x682.jpg 1024w, https:\/\/www.tapasmagazine.es\/wp-content\/uploads\/2024\/10\/clase-azul-tequila-2-300x200.jpg 300w, https:\/\/www.tapasmagazine.es\/wp-content\/uploads\/2024\/10\/clase-azul-tequila-2-768x512.jpg 768w, https:\/\/www.tapasmagazine.es\/wp-content\/uploads\/2024\/10\/clase-azul-tequila-2-1000x666.jpg 1000w, https:\/\/www.tapasmagazine.es\/wp-content\/uploads\/2024\/10\/clase-azul-tequila-2-400x267.jpg 400w, https:\/\/www.tapasmagazine.es\/wp-content\/uploads\/2024\/10\/clase-azul-tequila-2.jpg 1400w\" sizes=\"(max-width: 1024px) 100vw, 1024px\" \/><\/figure>\n<\/div>\n\n\n<p>This piece is part of its &#8216;<strong>Nuestros Recuerdos<\/strong>&#8216; collection, a limited edition of 10,000 bottles that pays tribute to this sacred day in Mexico through music, rhythms and sounds that stimulate the celebration.<\/p>\n\n\n<div class=\"wp-block-image\">\n<figure class=\"aligncenter size-large is-resized\"><img decoding=\"async\" width=\"1024\" height=\"683\" src=\"https:\/\/www.tapasmagazine.es\/wp-content\/uploads\/2024\/10\/clase-azul-tequila-3-1024x683.jpg\" alt=\"\" class=\"wp-image-268230\" style=\"width:934px;height:auto\" srcset=\"https:\/\/www.tapasmagazine.es\/wp-content\/uploads\/2024\/10\/clase-azul-tequila-3-1024x683.jpg 1024w, https:\/\/www.tapasmagazine.es\/wp-content\/uploads\/2024\/10\/clase-azul-tequila-3-300x200.jpg 300w, https:\/\/www.tapasmagazine.es\/wp-content\/uploads\/2024\/10\/clase-azul-tequila-3-768x512.jpg 768w, https:\/\/www.tapasmagazine.es\/wp-content\/uploads\/2024\/10\/clase-azul-tequila-3-1000x667.jpg 1000w, https:\/\/www.tapasmagazine.es\/wp-content\/uploads\/2024\/10\/clase-azul-tequila-3-400x267.jpg 400w, https:\/\/www.tapasmagazine.es\/wp-content\/uploads\/2024\/10\/clase-azul-tequila-3.jpg 1400w\" sizes=\"(max-width: 1024px) 100vw, 1024px\" \/><\/figure>\n<\/div>\n\n\n<p>The story of the &#8216;Our Memories&#8217; range had its beginnings in 2021, with liquid works inspired by flavors, colors and aromas. Now, <strong>Clase Azul<\/strong> has decided to go further with the collection to transcend on an emotional level with<strong> music<\/strong>. So says master distiller <strong>Viridiana Tinoco<\/strong>, who embraced the idea of fusing music with sensory notes: &#8216;I wanted to reinterpret music in sensory chords to evoke nostalgia, as during the Day of the Dead we remember the great moments shared with our loved ones,&#8217; says Tinoco. Aged for 26 months, including time in Scotch whisky barrels, this aged tequila offers smoky and sweet notes reminiscent of the Day of the Dead.<\/p>\n\n\n<div class=\"wp-block-image\">\n<figure class=\"aligncenter size-large is-resized\"><img decoding=\"async\" width=\"1024\" height=\"683\" src=\"https:\/\/www.tapasmagazine.es\/wp-content\/uploads\/2024\/10\/clase-azul-tequila-4-1024x683.jpg\" alt=\"\" class=\"wp-image-268232\" style=\"width:876px;height:auto\" srcset=\"https:\/\/www.tapasmagazine.es\/wp-content\/uploads\/2024\/10\/clase-azul-tequila-4-1024x683.jpg 1024w, https:\/\/www.tapasmagazine.es\/wp-content\/uploads\/2024\/10\/clase-azul-tequila-4-300x200.jpg 300w, https:\/\/www.tapasmagazine.es\/wp-content\/uploads\/2024\/10\/clase-azul-tequila-4-768x512.jpg 768w, https:\/\/www.tapasmagazine.es\/wp-content\/uploads\/2024\/10\/clase-azul-tequila-4-1000x667.jpg 1000w, https:\/\/www.tapasmagazine.es\/wp-content\/uploads\/2024\/10\/clase-azul-tequila-4-400x267.jpg 400w, https:\/\/www.tapasmagazine.es\/wp-content\/uploads\/2024\/10\/clase-azul-tequila-4.jpg 1400w\" sizes=\"(max-width: 1024px) 100vw, 1024px\" \/><\/figure>\n<\/div>\n\n\n<p>The plum-tinted bottle, designed by illustrator <strong>David Espinosa<\/strong>, features a lively, skeletal musical parade with gold accents. A 24-karat gold Catrina figure finishes off the composition of this ode to the craftsmanship of Tesistan, Jalisco, which is priced at $1,500.<\/p>\n","protected":false},"excerpt":{"rendered":"<p>Click\u00a0here\u00a0to read the Spanish version. Clase Azul joins the celebration of the Mexican Day of the Dead with a new high-end bottle with which it continues to share Mexican culture with the world through its distillates. This piece is part of its &#8216;Nuestros Recuerdos&#8216; collection, a limited edition of 10,000 bottles that pays tribute to [&hellip;]<\/p>\n","protected":false},"author":285,"featured_media":268227,"comment_status":"closed","ping_status":"closed","sticky":false,"template":"","format":"standard","meta":{"_acf_changed":false,"footnotes":""},"categories":[15847,15807,1],"tags":[18142],"class_list":["post-268239","post","type-post","status-publish","format-standard","has-post-thumbnail","hentry","category-bebidas-en","category-gastro-en","category-sin-categorizar","tag-tequila-en","cat-15847-id","cat-15807-id","cat-1-id"],"acf":[],"yoast_head":"<!-- This site is optimized with the Yoast SEO plugin v27.4 - https:\/\/yoast.com\/product\/yoast-seo-wordpress\/ -->\n<title>Clase Azul honors Day of the Dead with an exclusive designer tequila - Tapas<\/title>\n<meta name=\"description\" content=\"Click\u00a0here\u00a0to read the Spanish version. Clase Azul joins the celebration of the Mexican Day of the Dead with a new high-end bottle with which it continues\" \/>\n<meta name=\"robots\" content=\"index, follow, max-snippet:-1, max-image-preview:large, max-video-preview:-1\" \/>\n<link rel=\"canonical\" href=\"https:\/\/www.tapasmagazine.es\/en\/clase-azul-honors-day-of-the-dead-with-an-exclusive-designer-tequila\/\" \/>\n<meta property=\"og:locale\" content=\"en_US\" \/>\n<meta property=\"og:type\" content=\"article\" \/>\n<meta property=\"og:title\" content=\"Clase Azul honors Day of the Dead with an exclusive designer tequila - Tapas\" \/>\n<meta property=\"og:description\" content=\"Click\u00a0here\u00a0to read the Spanish version. Clase Azul joins the celebration of the Mexican Day of the Dead with a new high-end bottle with which it continues\" \/>\n<meta property=\"og:url\" content=\"https:\/\/www.tapasmagazine.es\/en\/clase-azul-honors-day-of-the-dead-with-an-exclusive-designer-tequila\/\" \/>\n<meta property=\"og:site_name\" content=\"Tapas\" \/>\n<meta property=\"article:publisher\" content=\"https:\/\/www.facebook.com\/tapasmagazine\" \/>\n<meta property=\"article:published_time\" content=\"2024-10-31T10:05:53+00:00\" \/>\n<meta property=\"article:modified_time\" content=\"2024-10-31T10:08:57+00:00\" \/>\n<meta property=\"og:image\" content=\"https:\/\/www.tapasmagazine.es\/wp-content\/uploads\/2024\/10\/clase-azul-tequila-1.jpg\" \/>\n\t<meta property=\"og:image:width\" content=\"1200\" \/>\n\t<meta property=\"og:image:height\" content=\"675\" \/>\n\t<meta property=\"og:image:type\" content=\"image\/jpeg\" \/>\n<meta name=\"author\" content=\"Laura P\u00e9rez\" \/>\n<meta name=\"twitter:card\" content=\"summary_large_image\" \/>\n<meta name=\"twitter:creator\" content=\"@TapasMagazine\" \/>\n<meta name=\"twitter:site\" content=\"@TapasMagazine\" \/>\n<meta name=\"twitter:label1\" content=\"Written by\" \/>\n\t<meta name=\"twitter:data1\" content=\"Laura P\u00e9rez\" \/>\n\t<meta name=\"twitter:label2\" content=\"Est. reading time\" \/>\n\t<meta name=\"twitter:data2\" content=\"2 minutes\" \/>\n<script type=\"application\/ld+json\" class=\"yoast-schema-graph\">{\"@context\":\"https:\\\/\\\/schema.org\",\"@graph\":[{\"@type\":\"Article\",\"@id\":\"https:\\\/\\\/www.tapasmagazine.es\\\/en\\\/clase-azul-honors-day-of-the-dead-with-an-exclusive-designer-tequila\\\/#article\",\"isPartOf\":{\"@id\":\"https:\\\/\\\/www.tapasmagazine.es\\\/en\\\/clase-azul-honors-day-of-the-dead-with-an-exclusive-designer-tequila\\\/\"},\"author\":{\"name\":\"Laura P\u00e9rez\",\"@id\":\"https:\\\/\\\/www.tapasmagazine.es\\\/#\\\/schema\\\/person\\\/eb46cbe76a9c8f062660eb609e3ecb4e\"},\"headline\":\"Clase Azul honors Day of the Dead with an exclusive designer tequila\",\"datePublished\":\"2024-10-31T10:05:53+00:00\",\"dateModified\":\"2024-10-31T10:08:57+00:00\",\"mainEntityOfPage\":{\"@id\":\"https:\\\/\\\/www.tapasmagazine.es\\\/en\\\/clase-azul-honors-day-of-the-dead-with-an-exclusive-designer-tequila\\\/\"},\"wordCount\":230,\"publisher\":{\"@id\":\"https:\\\/\\\/www.tapasmagazine.es\\\/#organization\"},\"image\":{\"@id\":\"https:\\\/\\\/www.tapasmagazine.es\\\/en\\\/clase-azul-honors-day-of-the-dead-with-an-exclusive-designer-tequila\\\/#primaryimage\"},\"thumbnailUrl\":\"https:\\\/\\\/www.tapasmagazine.es\\\/wp-content\\\/uploads\\\/2024\\\/10\\\/clase-azul-tequila-1.jpg\",\"keywords\":[\"tequila\"],\"articleSection\":[\"Bebidas\",\"Gastro\",\"Sin categorizar\"],\"inLanguage\":\"en-US\"},{\"@type\":\"WebPage\",\"@id\":\"https:\\\/\\\/www.tapasmagazine.es\\\/en\\\/clase-azul-honors-day-of-the-dead-with-an-exclusive-designer-tequila\\\/\",\"url\":\"https:\\\/\\\/www.tapasmagazine.es\\\/en\\\/clase-azul-honors-day-of-the-dead-with-an-exclusive-designer-tequila\\\/\",\"name\":\"Clase Azul honors Day of the Dead with an exclusive designer tequila - Tapas\",\"isPartOf\":{\"@id\":\"https:\\\/\\\/www.tapasmagazine.es\\\/#website\"},\"primaryImageOfPage\":{\"@id\":\"https:\\\/\\\/www.tapasmagazine.es\\\/en\\\/clase-azul-honors-day-of-the-dead-with-an-exclusive-designer-tequila\\\/#primaryimage\"},\"image\":{\"@id\":\"https:\\\/\\\/www.tapasmagazine.es\\\/en\\\/clase-azul-honors-day-of-the-dead-with-an-exclusive-designer-tequila\\\/#primaryimage\"},\"thumbnailUrl\":\"https:\\\/\\\/www.tapasmagazine.es\\\/wp-content\\\/uploads\\\/2024\\\/10\\\/clase-azul-tequila-1.jpg\",\"datePublished\":\"2024-10-31T10:05:53+00:00\",\"dateModified\":\"2024-10-31T10:08:57+00:00\",\"description\":\"Click\u00a0here\u00a0to read the Spanish version. Clase Azul joins the celebration of the Mexican Day of the Dead with a new high-end bottle with which it continues\",\"breadcrumb\":{\"@id\":\"https:\\\/\\\/www.tapasmagazine.es\\\/en\\\/clase-azul-honors-day-of-the-dead-with-an-exclusive-designer-tequila\\\/#breadcrumb\"},\"inLanguage\":\"en-US\",\"potentialAction\":[{\"@type\":\"ReadAction\",\"target\":[\"https:\\\/\\\/www.tapasmagazine.es\\\/en\\\/clase-azul-honors-day-of-the-dead-with-an-exclusive-designer-tequila\\\/\"]}]},{\"@type\":\"ImageObject\",\"inLanguage\":\"en-US\",\"@id\":\"https:\\\/\\\/www.tapasmagazine.es\\\/en\\\/clase-azul-honors-day-of-the-dead-with-an-exclusive-designer-tequila\\\/#primaryimage\",\"url\":\"https:\\\/\\\/www.tapasmagazine.es\\\/wp-content\\\/uploads\\\/2024\\\/10\\\/clase-azul-tequila-1.jpg\",\"contentUrl\":\"https:\\\/\\\/www.tapasmagazine.es\\\/wp-content\\\/uploads\\\/2024\\\/10\\\/clase-azul-tequila-1.jpg\",\"width\":1200,\"height\":675},{\"@type\":\"BreadcrumbList\",\"@id\":\"https:\\\/\\\/www.tapasmagazine.es\\\/en\\\/clase-azul-honors-day-of-the-dead-with-an-exclusive-designer-tequila\\\/#breadcrumb\",\"itemListElement\":[{\"@type\":\"ListItem\",\"position\":1,\"name\":\"Portada\",\"item\":\"https:\\\/\\\/www.tapasmagazine.es\\\/\"},{\"@type\":\"ListItem\",\"position\":2,\"name\":\"Sin categorizar\",\"item\":\"https:\\\/\\\/www.tapasmagazine.es\\\/categorias\\\/sin-categorizar\\\/\"},{\"@type\":\"ListItem\",\"position\":3,\"name\":\"Clase Azul honors Day of the Dead with an exclusive designer tequila\"}]},{\"@type\":\"WebSite\",\"@id\":\"https:\\\/\\\/www.tapasmagazine.es\\\/#website\",\"url\":\"https:\\\/\\\/www.tapasmagazine.es\\\/\",\"name\":\"Tapas\",\"description\":\"\u00d1am \u00d1am Lifestyle. La vida a bocados. Premio Nacional de Gastronom\u00eda 2016.\",\"publisher\":{\"@id\":\"https:\\\/\\\/www.tapasmagazine.es\\\/#organization\"},\"potentialAction\":[{\"@type\":\"SearchAction\",\"target\":{\"@type\":\"EntryPoint\",\"urlTemplate\":\"https:\\\/\\\/www.tapasmagazine.es\\\/?s={search_term_string}\"},\"query-input\":{\"@type\":\"PropertyValueSpecification\",\"valueRequired\":true,\"valueName\":\"search_term_string\"}}],\"inLanguage\":\"en-US\"},{\"@type\":\"Organization\",\"@id\":\"https:\\\/\\\/www.tapasmagazine.es\\\/#organization\",\"name\":\"Tapas Magazine\",\"url\":\"https:\\\/\\\/www.tapasmagazine.es\\\/\",\"logo\":{\"@type\":\"ImageObject\",\"inLanguage\":\"en-US\",\"@id\":\"https:\\\/\\\/www.tapasmagazine.es\\\/#\\\/schema\\\/logo\\\/image\\\/\",\"url\":\"https:\\\/\\\/www.tapasmagazine.es\\\/wp-content\\\/uploads\\\/2018\\\/01\\\/logo.png\",\"contentUrl\":\"https:\\\/\\\/www.tapasmagazine.es\\\/wp-content\\\/uploads\\\/2018\\\/01\\\/logo.png\",\"width\":180,\"height\":60,\"caption\":\"Tapas Magazine\"},\"image\":{\"@id\":\"https:\\\/\\\/www.tapasmagazine.es\\\/#\\\/schema\\\/logo\\\/image\\\/\"},\"sameAs\":[\"https:\\\/\\\/www.facebook.com\\\/tapasmagazine\",\"https:\\\/\\\/x.com\\\/TapasMagazine\",\"https:\\\/\\\/www.instagram.com\\\/tapasmagazine\\\/\",\"https:\\\/\\\/www.linkedin.com\\\/company\\\/tapas-magazine\",\"https:\\\/\\\/es.pinterest.com\\\/tapasmagazine\\\/\",\"https:\\\/\\\/www.youtube.com\\\/channel\\\/UCEyxneAaACuR0lfDagrWjjg?sub_confirmation=1\"]},{\"@type\":\"Person\",\"@id\":\"https:\\\/\\\/www.tapasmagazine.es\\\/#\\\/schema\\\/person\\\/eb46cbe76a9c8f062660eb609e3ecb4e\",\"name\":\"Laura P\u00e9rez\",\"url\":\"https:\\\/\\\/www.tapasmagazine.es\\\/en\\\/author\\\/laura-perez\\\/\"}]}<\/script>\n<!-- \/ Yoast SEO plugin. -->","yoast_head_json":{"title":"Clase Azul honors Day of the Dead with an exclusive designer tequila - Tapas","description":"Click\u00a0here\u00a0to read the Spanish version. Clase Azul joins the celebration of the Mexican Day of the Dead with a new high-end bottle with which it continues","robots":{"index":"index","follow":"follow","max-snippet":"max-snippet:-1","max-image-preview":"max-image-preview:large","max-video-preview":"max-video-preview:-1"},"canonical":"https:\/\/www.tapasmagazine.es\/en\/clase-azul-honors-day-of-the-dead-with-an-exclusive-designer-tequila\/","og_locale":"en_US","og_type":"article","og_title":"Clase Azul honors Day of the Dead with an exclusive designer tequila - Tapas","og_description":"Click\u00a0here\u00a0to read the Spanish version. Clase Azul joins the celebration of the Mexican Day of the Dead with a new high-end bottle with which it continues","og_url":"https:\/\/www.tapasmagazine.es\/en\/clase-azul-honors-day-of-the-dead-with-an-exclusive-designer-tequila\/","og_site_name":"Tapas","article_publisher":"https:\/\/www.facebook.com\/tapasmagazine","article_published_time":"2024-10-31T10:05:53+00:00","article_modified_time":"2024-10-31T10:08:57+00:00","og_image":[{"width":1200,"height":675,"url":"https:\/\/www.tapasmagazine.es\/wp-content\/uploads\/2024\/10\/clase-azul-tequila-1.jpg","type":"image\/jpeg"}],"author":"Laura P\u00e9rez","twitter_card":"summary_large_image","twitter_creator":"@TapasMagazine","twitter_site":"@TapasMagazine","twitter_misc":{"Written by":"Laura P\u00e9rez","Est. reading time":"2 minutes"},"schema":{"@context":"https:\/\/schema.org","@graph":[{"@type":"Article","@id":"https:\/\/www.tapasmagazine.es\/en\/clase-azul-honors-day-of-the-dead-with-an-exclusive-designer-tequila\/#article","isPartOf":{"@id":"https:\/\/www.tapasmagazine.es\/en\/clase-azul-honors-day-of-the-dead-with-an-exclusive-designer-tequila\/"},"author":{"name":"Laura P\u00e9rez","@id":"https:\/\/www.tapasmagazine.es\/#\/schema\/person\/eb46cbe76a9c8f062660eb609e3ecb4e"},"headline":"Clase Azul honors Day of the Dead with an exclusive designer tequila","datePublished":"2024-10-31T10:05:53+00:00","dateModified":"2024-10-31T10:08:57+00:00","mainEntityOfPage":{"@id":"https:\/\/www.tapasmagazine.es\/en\/clase-azul-honors-day-of-the-dead-with-an-exclusive-designer-tequila\/"},"wordCount":230,"publisher":{"@id":"https:\/\/www.tapasmagazine.es\/#organization"},"image":{"@id":"https:\/\/www.tapasmagazine.es\/en\/clase-azul-honors-day-of-the-dead-with-an-exclusive-designer-tequila\/#primaryimage"},"thumbnailUrl":"https:\/\/www.tapasmagazine.es\/wp-content\/uploads\/2024\/10\/clase-azul-tequila-1.jpg","keywords":["tequila"],"articleSection":["Bebidas","Gastro","Sin categorizar"],"inLanguage":"en-US"},{"@type":"WebPage","@id":"https:\/\/www.tapasmagazine.es\/en\/clase-azul-honors-day-of-the-dead-with-an-exclusive-designer-tequila\/","url":"https:\/\/www.tapasmagazine.es\/en\/clase-azul-honors-day-of-the-dead-with-an-exclusive-designer-tequila\/","name":"Clase Azul honors Day of the Dead with an exclusive designer tequila - Tapas","isPartOf":{"@id":"https:\/\/www.tapasmagazine.es\/#website"},"primaryImageOfPage":{"@id":"https:\/\/www.tapasmagazine.es\/en\/clase-azul-honors-day-of-the-dead-with-an-exclusive-designer-tequila\/#primaryimage"},"image":{"@id":"https:\/\/www.tapasmagazine.es\/en\/clase-azul-honors-day-of-the-dead-with-an-exclusive-designer-tequila\/#primaryimage"},"thumbnailUrl":"https:\/\/www.tapasmagazine.es\/wp-content\/uploads\/2024\/10\/clase-azul-tequila-1.jpg","datePublished":"2024-10-31T10:05:53+00:00","dateModified":"2024-10-31T10:08:57+00:00","description":"Click\u00a0here\u00a0to read the Spanish version. Clase Azul joins the celebration of the Mexican Day of the Dead with a new high-end bottle with which it continues","breadcrumb":{"@id":"https:\/\/www.tapasmagazine.es\/en\/clase-azul-honors-day-of-the-dead-with-an-exclusive-designer-tequila\/#breadcrumb"},"inLanguage":"en-US","potentialAction":[{"@type":"ReadAction","target":["https:\/\/www.tapasmagazine.es\/en\/clase-azul-honors-day-of-the-dead-with-an-exclusive-designer-tequila\/"]}]},{"@type":"ImageObject","inLanguage":"en-US","@id":"https:\/\/www.tapasmagazine.es\/en\/clase-azul-honors-day-of-the-dead-with-an-exclusive-designer-tequila\/#primaryimage","url":"https:\/\/www.tapasmagazine.es\/wp-content\/uploads\/2024\/10\/clase-azul-tequila-1.jpg","contentUrl":"https:\/\/www.tapasmagazine.es\/wp-content\/uploads\/2024\/10\/clase-azul-tequila-1.jpg","width":1200,"height":675},{"@type":"BreadcrumbList","@id":"https:\/\/www.tapasmagazine.es\/en\/clase-azul-honors-day-of-the-dead-with-an-exclusive-designer-tequila\/#breadcrumb","itemListElement":[{"@type":"ListItem","position":1,"name":"Portada","item":"https:\/\/www.tapasmagazine.es\/"},{"@type":"ListItem","position":2,"name":"Sin categorizar","item":"https:\/\/www.tapasmagazine.es\/categorias\/sin-categorizar\/"},{"@type":"ListItem","position":3,"name":"Clase Azul honors Day of the Dead with an exclusive designer tequila"}]},{"@type":"WebSite","@id":"https:\/\/www.tapasmagazine.es\/#website","url":"https:\/\/www.tapasmagazine.es\/","name":"Tapas","description":"\u00d1am \u00d1am Lifestyle. La vida a bocados. Premio Nacional de Gastronom\u00eda 2016.","publisher":{"@id":"https:\/\/www.tapasmagazine.es\/#organization"},"potentialAction":[{"@type":"SearchAction","target":{"@type":"EntryPoint","urlTemplate":"https:\/\/www.tapasmagazine.es\/?s={search_term_string}"},"query-input":{"@type":"PropertyValueSpecification","valueRequired":true,"valueName":"search_term_string"}}],"inLanguage":"en-US"},{"@type":"Organization","@id":"https:\/\/www.tapasmagazine.es\/#organization","name":"Tapas Magazine","url":"https:\/\/www.tapasmagazine.es\/","logo":{"@type":"ImageObject","inLanguage":"en-US","@id":"https:\/\/www.tapasmagazine.es\/#\/schema\/logo\/image\/","url":"https:\/\/www.tapasmagazine.es\/wp-content\/uploads\/2018\/01\/logo.png","contentUrl":"https:\/\/www.tapasmagazine.es\/wp-content\/uploads\/2018\/01\/logo.png","width":180,"height":60,"caption":"Tapas Magazine"},"image":{"@id":"https:\/\/www.tapasmagazine.es\/#\/schema\/logo\/image\/"},"sameAs":["https:\/\/www.facebook.com\/tapasmagazine","https:\/\/x.com\/TapasMagazine","https:\/\/www.instagram.com\/tapasmagazine\/","https:\/\/www.linkedin.com\/company\/tapas-magazine","https:\/\/es.pinterest.com\/tapasmagazine\/","https:\/\/www.youtube.com\/channel\/UCEyxneAaACuR0lfDagrWjjg?sub_confirmation=1"]},{"@type":"Person","@id":"https:\/\/www.tapasmagazine.es\/#\/schema\/person\/eb46cbe76a9c8f062660eb609e3ecb4e","name":"Laura P\u00e9rez","url":"https:\/\/www.tapasmagazine.es\/en\/author\/laura-perez\/"}]}},"_links":{"self":[{"href":"https:\/\/www.tapasmagazine.es\/en\/wp-json\/wp\/v2\/posts\/268239","targetHints":{"allow":["GET"]}}],"collection":[{"href":"https:\/\/www.tapasmagazine.es\/en\/wp-json\/wp\/v2\/posts"}],"about":[{"href":"https:\/\/www.tapasmagazine.es\/en\/wp-json\/wp\/v2\/types\/post"}],"author":[{"embeddable":true,"href":"https:\/\/www.tapasmagazine.es\/en\/wp-json\/wp\/v2\/users\/285"}],"replies":[{"embeddable":true,"href":"https:\/\/www.tapasmagazine.es\/en\/wp-json\/wp\/v2\/comments?post=268239"}],"version-history":[{"count":1,"href":"https:\/\/www.tapasmagazine.es\/en\/wp-json\/wp\/v2\/posts\/268239\/revisions"}],"predecessor-version":[{"id":268247,"href":"https:\/\/www.tapasmagazine.es\/en\/wp-json\/wp\/v2\/posts\/268239\/revisions\/268247"}],"wp:featuredmedia":[{"embeddable":true,"href":"https:\/\/www.tapasmagazine.es\/en\/wp-json\/wp\/v2\/media\/268227"}],"wp:attachment":[{"href":"https:\/\/www.tapasmagazine.es\/en\/wp-json\/wp\/v2\/media?parent=268239"}],"wp:term":[{"taxonomy":"category","embeddable":true,"href":"https:\/\/www.tapasmagazine.es\/en\/wp-json\/wp\/v2\/categories?post=268239"},{"taxonomy":"post_tag","embeddable":true,"href":"https:\/\/www.tapasmagazine.es\/en\/wp-json\/wp\/v2\/tags?post=268239"}],"curies":[{"name":"wp","href":"https:\/\/api.w.org\/{rel}","templated":true}]}}