{"id":267986,"date":"2024-10-29T16:32:48","date_gmt":"2024-10-29T15:32:48","guid":{"rendered":"https:\/\/www.tapasmagazine.es\/dua-lipa-hace-un-nuevo-tour-gastronomico-por-barcelona\/"},"modified":"2024-10-30T10:09:29","modified_gmt":"2024-10-30T09:09:29","slug":"dua-lipa-makes-new-gastronomic-tour-of-barcelona","status":"publish","type":"post","link":"https:\/\/www.tapasmagazine.es\/en\/dua-lipa-makes-new-gastronomic-tour-of-barcelona\/","title":{"rendered":"Dua Lipa makes a new gastronomic tour of Barcelona"},"content":{"rendered":"\n<p><strong><strong>Click\u00a0<a href=\"https:\/\/www.tapasmagazine.es\/en\/dua-lipa-hace-un-nuevo-tour-gastronomico-por-barcelona\/\" target=\"_blank\" rel=\"noreferrer noopener\">here<\/a>\u00a0to read the Spanish version.<\/strong><\/strong><\/p>\n\n\n\n<p>From the Joan Mir\u00f3 Foundation to the<strong> DelaCrem<\/strong> ice cream parlor or the Gresca restaurant, which she has visited on several occasions. Now, <strong>Dua Lipa<\/strong> has wanted to share through an Instagram carousel another of the tours she has carried out with her boyfriend <strong>Callum Turner<\/strong>.<\/p>\n\n\n\n<p>As we have been able to see in the sequence of photos, the creator of &#8216;Radical Optimism&#8217; sat at the bar of <strong>Gresca<\/strong> de l&#8217;Eixample with Callum to live the immersive experience of the restaurant. In this much closer format, the chef explains step by step all the elaborations and\/or seasonal dishes to the diner.<\/p>\n\n\n\n<figure class=\"wp-block-gallery has-nested-images columns-default is-cropped wp-block-gallery-1 is-layout-flex wp-block-gallery-is-layout-flex\">\n<figure class=\"wp-block-image size-large\"><img decoding=\"async\" width=\"1024\" height=\"1024\" data-id=\"267957\" src=\"https:\/\/www.tapasmagazine.es\/wp-content\/uploads\/2024\/10\/464893490_458968130009075_8767480425948962307_n-1024x1024.jpg\" alt=\"\" class=\"wp-image-267957\" srcset=\"https:\/\/www.tapasmagazine.es\/wp-content\/uploads\/2024\/10\/464893490_458968130009075_8767480425948962307_n-1024x1024.jpg 1024w, https:\/\/www.tapasmagazine.es\/wp-content\/uploads\/2024\/10\/464893490_458968130009075_8767480425948962307_n-300x300.jpg 300w, https:\/\/www.tapasmagazine.es\/wp-content\/uploads\/2024\/10\/464893490_458968130009075_8767480425948962307_n-150x150.jpg 150w, https:\/\/www.tapasmagazine.es\/wp-content\/uploads\/2024\/10\/464893490_458968130009075_8767480425948962307_n-768x768.jpg 768w, https:\/\/www.tapasmagazine.es\/wp-content\/uploads\/2024\/10\/464893490_458968130009075_8767480425948962307_n-1000x1000.jpg 1000w, https:\/\/www.tapasmagazine.es\/wp-content\/uploads\/2024\/10\/464893490_458968130009075_8767480425948962307_n-400x400.jpg 400w, https:\/\/www.tapasmagazine.es\/wp-content\/uploads\/2024\/10\/464893490_458968130009075_8767480425948962307_n.jpg 1080w\" sizes=\"(max-width: 1024px) 100vw, 1024px\" \/><\/figure>\n<\/figure>\n\n\n\n<p>On this occasion, the couple is spending a few days in Barcelona, as his partner Turner is in the middle of shooting the new film &#8216;Rosebush Pruning&#8217; starring alongside actresses like Pamela Anderson, which are filming in a house in Castellter\u00e7ol.<\/p>\n\n\n\n<figure class=\"wp-block-image size-large\"><img decoding=\"async\" width=\"1024\" height=\"1024\" src=\"https:\/\/www.tapasmagazine.es\/wp-content\/uploads\/2024\/10\/464955562_966043428894547_6352787139983792412_n-1024x1024.jpg\" alt=\"\" class=\"wp-image-267961\" srcset=\"https:\/\/www.tapasmagazine.es\/wp-content\/uploads\/2024\/10\/464955562_966043428894547_6352787139983792412_n-1024x1024.jpg 1024w, https:\/\/www.tapasmagazine.es\/wp-content\/uploads\/2024\/10\/464955562_966043428894547_6352787139983792412_n-300x300.jpg 300w, https:\/\/www.tapasmagazine.es\/wp-content\/uploads\/2024\/10\/464955562_966043428894547_6352787139983792412_n-150x150.jpg 150w, https:\/\/www.tapasmagazine.es\/wp-content\/uploads\/2024\/10\/464955562_966043428894547_6352787139983792412_n-768x768.jpg 768w, https:\/\/www.tapasmagazine.es\/wp-content\/uploads\/2024\/10\/464955562_966043428894547_6352787139983792412_n-1000x1000.jpg 1000w, https:\/\/www.tapasmagazine.es\/wp-content\/uploads\/2024\/10\/464955562_966043428894547_6352787139983792412_n-400x400.jpg 400w, https:\/\/www.tapasmagazine.es\/wp-content\/uploads\/2024\/10\/464955562_966043428894547_6352787139983792412_n.jpg 1080w\" sizes=\"(max-width: 1024px) 100vw, 1024px\" \/><\/figure>\n\n\n\n<p>Behind Gresca is the famous chef <strong>Rafa Pe\u00f1a<\/strong>, who was awarded the Premi Nacional de Gastronomia 2023. It is a benchmark restaurant attended by personalities of art and stardom who praise its simple and traditional proposal elevated to haute cuisine.<\/p>\n\n\n\n<figure class=\"wp-block-gallery has-nested-images columns-default is-cropped wp-block-gallery-2 is-layout-flex wp-block-gallery-is-layout-flex\">\n<figure class=\"wp-block-image size-large\"><img decoding=\"async\" width=\"1024\" height=\"1024\" data-id=\"267963\" src=\"https:\/\/www.tapasmagazine.es\/wp-content\/uploads\/2024\/10\/464969742_2187304271671003_6081927787218609171_n-1024x1024.jpg\" alt=\"\" class=\"wp-image-267963\" srcset=\"https:\/\/www.tapasmagazine.es\/wp-content\/uploads\/2024\/10\/464969742_2187304271671003_6081927787218609171_n-1024x1024.jpg 1024w, https:\/\/www.tapasmagazine.es\/wp-content\/uploads\/2024\/10\/464969742_2187304271671003_6081927787218609171_n-300x300.jpg 300w, https:\/\/www.tapasmagazine.es\/wp-content\/uploads\/2024\/10\/464969742_2187304271671003_6081927787218609171_n-150x150.jpg 150w, https:\/\/www.tapasmagazine.es\/wp-content\/uploads\/2024\/10\/464969742_2187304271671003_6081927787218609171_n-768x767.jpg 768w, https:\/\/www.tapasmagazine.es\/wp-content\/uploads\/2024\/10\/464969742_2187304271671003_6081927787218609171_n-1000x999.jpg 1000w, https:\/\/www.tapasmagazine.es\/wp-content\/uploads\/2024\/10\/464969742_2187304271671003_6081927787218609171_n-400x400.jpg 400w, https:\/\/www.tapasmagazine.es\/wp-content\/uploads\/2024\/10\/464969742_2187304271671003_6081927787218609171_n.jpg 1080w\" sizes=\"(max-width: 1024px) 100vw, 1024px\" \/><\/figure>\n<\/figure>\n\n\n\n<p><strong>Dua Lipa<\/strong> has not only fed on the city&#8217;s gastronomy, but also on its art. The singer also visited the Ang\u00e8s Varda exhibition currently housed at the CCCB.<\/p>\n\n\n\n<div class=\"wp-block-group\"><div class=\"wp-block-group__inner-container is-layout-constrained wp-block-group-is-layout-constrained\">\n        <div class=\"slider-wrapper bloque bloque-slider-fotos\">\n            <div class=\"navigation-wrapper\">\n                <div class=\"keen-slider\">\n\n\t\t\t\t\t\n                        <div class=\"foto keen-slider__slide number-slide1\">\n\n\t\t\t\t\t\t\t                                <figure>\n                                    <picture>\n                                        <source srcset=\"https:\/\/www.tapasmagazine.es\/wp-content\/uploads\/2024\/10\/Screenshot-2024-10-29-at-16-06-47-Historias-\u2022-Instagram.png\"\n                                                media=\"(min-width: 992px)\">\n                                        <source srcset=\"https:\/\/www.tapasmagazine.es\/wp-content\/uploads\/2024\/10\/Screenshot-2024-10-29-at-16-06-47-Historias-\u2022-Instagram.png\"\n                                                media=\"(min-width: 400px)\">\n                                        <source srcset=\"https:\/\/www.tapasmagazine.es\/wp-content\/uploads\/2024\/10\/Screenshot-2024-10-29-at-16-06-47-Historias-\u2022-Instagram-400x711.png\"\n                                                media=\"(min-width: 100px)\">\n                                        <img decoding=\"async\" src=\"https:\/\/www.tapasmagazine.es\/wp-content\/uploads\/2024\/10\/Screenshot-2024-10-29-at-16-06-47-Historias-\u2022-Instagram.png\"\n                                             srcset=\"https:\/\/www.tapasmagazine.es\/wp-content\/uploads\/2024\/10\/Screenshot-2024-10-29-at-16-06-47-Historias-\u2022-Instagram.png\"\n                                             loading=\"lazy\"\n                                             width=\"760\"\n                                             height=\"1350\"\n                                             alt=\"\">\n                                    <\/picture>\n\t\t\t\t\t\t\t\t\t\n                                <\/figure>\n\n\t\t\t\t\t\t\t                        <\/div>\n\n\t\t\t\t\t\t\n                        <div class=\"foto keen-slider__slide number-slide2\">\n\n\t\t\t\t\t\t\t                                <figure>\n                                    <picture>\n                                        <source srcset=\"https:\/\/www.tapasmagazine.es\/wp-content\/uploads\/2024\/10\/Screenshot-2024-10-29-at-16-07-02-Historias-\u2022-Instagram.png\"\n                                                media=\"(min-width: 992px)\">\n                                        <source srcset=\"https:\/\/www.tapasmagazine.es\/wp-content\/uploads\/2024\/10\/Screenshot-2024-10-29-at-16-07-02-Historias-\u2022-Instagram.png\"\n                                                media=\"(min-width: 400px)\">\n                                        <source srcset=\"https:\/\/www.tapasmagazine.es\/wp-content\/uploads\/2024\/10\/Screenshot-2024-10-29-at-16-07-02-Historias-\u2022-Instagram-400x711.png\"\n                                                media=\"(min-width: 100px)\">\n                                        <img decoding=\"async\" src=\"https:\/\/www.tapasmagazine.es\/wp-content\/uploads\/2024\/10\/Screenshot-2024-10-29-at-16-07-02-Historias-\u2022-Instagram.png\"\n                                             srcset=\"https:\/\/www.tapasmagazine.es\/wp-content\/uploads\/2024\/10\/Screenshot-2024-10-29-at-16-07-02-Historias-\u2022-Instagram.png\"\n                                             loading=\"lazy\"\n                                             width=\"760\"\n                                             height=\"1350\"\n                                             alt=\"\">\n                                    <\/picture>\n\t\t\t\t\t\t\t\t\t\n                                <\/figure>\n\n\t\t\t\t\t\t\t                        <\/div>\n\n\t\t\t\t\t\t\n                        <div class=\"foto keen-slider__slide number-slide3\">\n\n\t\t\t\t\t\t\t                                <figure>\n                                    <picture>\n                                        <source srcset=\"https:\/\/www.tapasmagazine.es\/wp-content\/uploads\/2024\/10\/Screenshot-2024-10-29-at-16-07-07-Historias-\u2022-Instagram.png\"\n                                                media=\"(min-width: 992px)\">\n                                        <source srcset=\"https:\/\/www.tapasmagazine.es\/wp-content\/uploads\/2024\/10\/Screenshot-2024-10-29-at-16-07-07-Historias-\u2022-Instagram.png\"\n                                                media=\"(min-width: 400px)\">\n                                        <source srcset=\"https:\/\/www.tapasmagazine.es\/wp-content\/uploads\/2024\/10\/Screenshot-2024-10-29-at-16-07-07-Historias-\u2022-Instagram-400x711.png\"\n                                                media=\"(min-width: 100px)\">\n                                        <img decoding=\"async\" src=\"https:\/\/www.tapasmagazine.es\/wp-content\/uploads\/2024\/10\/Screenshot-2024-10-29-at-16-07-07-Historias-\u2022-Instagram.png\"\n                                             srcset=\"https:\/\/www.tapasmagazine.es\/wp-content\/uploads\/2024\/10\/Screenshot-2024-10-29-at-16-07-07-Historias-\u2022-Instagram.png\"\n                                             loading=\"lazy\"\n                                             width=\"760\"\n                                             height=\"1350\"\n                                             alt=\"\">\n                                    <\/picture>\n\t\t\t\t\t\t\t\t\t\n                                <\/figure>\n\n\t\t\t\t\t\t\t                        <\/div>\n\n\t\t\t\t\t\t\n                        <div class=\"foto keen-slider__slide number-slide4\">\n\n\t\t\t\t\t\t\t                                <figure>\n                                    <picture>\n                                        <source srcset=\"https:\/\/www.tapasmagazine.es\/wp-content\/uploads\/2024\/10\/Screenshot-2024-10-29-at-16-07-15-Historias-\u2022-Instagram.png\"\n                                                media=\"(min-width: 992px)\">\n                                        <source srcset=\"https:\/\/www.tapasmagazine.es\/wp-content\/uploads\/2024\/10\/Screenshot-2024-10-29-at-16-07-15-Historias-\u2022-Instagram.png\"\n                                                media=\"(min-width: 400px)\">\n                                        <source srcset=\"https:\/\/www.tapasmagazine.es\/wp-content\/uploads\/2024\/10\/Screenshot-2024-10-29-at-16-07-15-Historias-\u2022-Instagram-400x711.png\"\n                                                media=\"(min-width: 100px)\">\n                                        <img decoding=\"async\" src=\"https:\/\/www.tapasmagazine.es\/wp-content\/uploads\/2024\/10\/Screenshot-2024-10-29-at-16-07-15-Historias-\u2022-Instagram.png\"\n                                             srcset=\"https:\/\/www.tapasmagazine.es\/wp-content\/uploads\/2024\/10\/Screenshot-2024-10-29-at-16-07-15-Historias-\u2022-Instagram.png\"\n                                             loading=\"lazy\"\n                                             width=\"760\"\n                                             height=\"1350\"\n                                             alt=\"\">\n                                    <\/picture>\n\t\t\t\t\t\t\t\t\t\n                                <\/figure>\n\n\t\t\t\t\t\t\t                        <\/div>\n\n\t\t\t\t\t\t\n                        <div class=\"foto keen-slider__slide number-slide5\">\n\n\t\t\t\t\t\t\t                                <figure>\n                                    <picture>\n                                        <source srcset=\"https:\/\/www.tapasmagazine.es\/wp-content\/uploads\/2024\/10\/Screenshot-2024-10-29-at-16-07-19-Historias-\u2022-Instagram.png\"\n                                                media=\"(min-width: 992px)\">\n                                        <source srcset=\"https:\/\/www.tapasmagazine.es\/wp-content\/uploads\/2024\/10\/Screenshot-2024-10-29-at-16-07-19-Historias-\u2022-Instagram.png\"\n                                                media=\"(min-width: 400px)\">\n                                        <source srcset=\"https:\/\/www.tapasmagazine.es\/wp-content\/uploads\/2024\/10\/Screenshot-2024-10-29-at-16-07-19-Historias-\u2022-Instagram-400x711.png\"\n                                                media=\"(min-width: 100px)\">\n                                        <img decoding=\"async\" src=\"https:\/\/www.tapasmagazine.es\/wp-content\/uploads\/2024\/10\/Screenshot-2024-10-29-at-16-07-19-Historias-\u2022-Instagram.png\"\n                                             srcset=\"https:\/\/www.tapasmagazine.es\/wp-content\/uploads\/2024\/10\/Screenshot-2024-10-29-at-16-07-19-Historias-\u2022-Instagram.png\"\n                                             loading=\"lazy\"\n                                             width=\"760\"\n                                             height=\"1350\"\n                                             alt=\"\">\n                                    <\/picture>\n\t\t\t\t\t\t\t\t\t\n                                <\/figure>\n\n\t\t\t\t\t\t\t                        <\/div>\n\n\t\t\t\t\t\t\n                <\/div>\n\n                <svg\n                        class=\"arrow arrow--left\"\n                        xmlns=\"http:\/\/www.w3.org\/2000\/svg\"\n                        viewBox=\"0 0 24 24\"\n                >\n                    <path\n                            d=\"M16.67 0l2.83 2.829-9.339 9.175 9.339 9.167-2.83 2.829-12.17-11.996z\"\n                    ><\/path>\n                <\/svg>\n                <svg\n                        class=\"arrow arrow--right\"\n                        xmlns=\"http:\/\/www.w3.org\/2000\/svg\"\n                        viewBox=\"0 0 24 24\"\n                >\n                    <path d=\"M5 3l3.057-3 11.943 12-11.943 12-3.057-3 9-9z\"><\/path>\n                <\/svg>\n\n            <\/div>\n            <div class=\"dots\"><\/div>\n\n\t\t\t        <\/div>\n\n\t\t<\/div><\/div>\n\n\n\n<p>But the culinary tour does not end there, we can see how it extends in the post through a feast of various dishes such as a mortadella montado, a specialty coffee, a kind of caramelized chicken, and some torrijas with ice cream balls. In addition, in her stories she also wanted to share her foodie side, showing other products she has enjoyed in the city, such as a natural French wine from L&#8217;Octavin, with its characteristic illustrated label, and another from Tattouine Rouige. Also of popcorn, sweets and some exquisite oysters with which he has finished illustrating his new gastronomic tour of Barcelona.<\/p>\n","protected":false},"excerpt":{"rendered":"<p>Click\u00a0here\u00a0to read the Spanish version. From the Joan Mir\u00f3 Foundation to the DelaCrem ice cream parlor or the Gresca restaurant, which she has visited on several occasions. Now, Dua Lipa has wanted to share through an Instagram carousel another of the tours she has carried out with her boyfriend Callum Turner. As we have been [&hellip;]<\/p>\n","protected":false},"author":285,"featured_media":267956,"comment_status":"closed","ping_status":"closed","sticky":false,"template":"","format":"standard","meta":{"_acf_changed":false,"footnotes":""},"categories":[15851,15910,1],"tags":[16260,16261,15824,15803],"class_list":["post-267986","post","type-post","status-publish","format-standard","has-post-thumbnail","hentry","category-nombres-propios-en","category-personajes-en","category-sin-categorizar","tag-barcelona-en","tag-dua-lipa-en","tag-gastronomia-en","tag-restaurants","cat-15851-id","cat-15910-id","cat-1-id"],"acf":[],"yoast_head":"<!-- This site is optimized with the Yoast SEO plugin v27.4 - https:\/\/yoast.com\/product\/yoast-seo-wordpress\/ -->\n<title>Dua Lipa makes a new gastronomic tour of Barcelona - Tapas<\/title>\n<meta name=\"description\" content=\"Click\u00a0here\u00a0to read the Spanish version. From the Joan Mir\u00f3 Foundation to the DelaCrem ice cream parlor or the Gresca restaurant, which she has visited on\" \/>\n<meta name=\"robots\" content=\"index, follow, max-snippet:-1, max-image-preview:large, max-video-preview:-1\" \/>\n<link rel=\"canonical\" href=\"https:\/\/www.tapasmagazine.es\/en\/dua-lipa-makes-new-gastronomic-tour-of-barcelona\/\" \/>\n<meta property=\"og:locale\" content=\"en_US\" \/>\n<meta property=\"og:type\" content=\"article\" \/>\n<meta property=\"og:title\" content=\"Dua Lipa makes a new gastronomic tour of Barcelona - Tapas\" \/>\n<meta property=\"og:description\" content=\"Click\u00a0here\u00a0to read the Spanish version. From the Joan Mir\u00f3 Foundation to the DelaCrem ice cream parlor or the Gresca restaurant, which she has visited on\" \/>\n<meta property=\"og:url\" content=\"https:\/\/www.tapasmagazine.es\/en\/dua-lipa-makes-new-gastronomic-tour-of-barcelona\/\" \/>\n<meta property=\"og:site_name\" content=\"Tapas\" \/>\n<meta property=\"article:publisher\" content=\"https:\/\/www.facebook.com\/tapasmagazine\" \/>\n<meta property=\"article:published_time\" content=\"2024-10-29T15:32:48+00:00\" \/>\n<meta property=\"article:modified_time\" content=\"2024-10-30T09:09:29+00:00\" \/>\n<meta property=\"og:image\" content=\"https:\/\/www.tapasmagazine.es\/wp-content\/uploads\/2024\/10\/s-1.jpg\" \/>\n\t<meta property=\"og:image:width\" content=\"1200\" \/>\n\t<meta property=\"og:image:height\" content=\"675\" \/>\n\t<meta property=\"og:image:type\" content=\"image\/jpeg\" \/>\n<meta name=\"author\" content=\"Laura P\u00e9rez\" \/>\n<meta name=\"twitter:card\" content=\"summary_large_image\" \/>\n<meta name=\"twitter:creator\" content=\"@TapasMagazine\" \/>\n<meta name=\"twitter:site\" content=\"@TapasMagazine\" \/>\n<meta name=\"twitter:label1\" content=\"Written by\" \/>\n\t<meta name=\"twitter:data1\" content=\"Laura P\u00e9rez\" \/>\n\t<meta name=\"twitter:label2\" content=\"Est. reading time\" \/>\n\t<meta name=\"twitter:data2\" content=\"3 minutes\" \/>\n<script type=\"application\/ld+json\" class=\"yoast-schema-graph\">{\"@context\":\"https:\\\/\\\/schema.org\",\"@graph\":[{\"@type\":\"Article\",\"@id\":\"https:\\\/\\\/www.tapasmagazine.es\\\/en\\\/dua-lipa-makes-new-gastronomic-tour-of-barcelona\\\/#article\",\"isPartOf\":{\"@id\":\"https:\\\/\\\/www.tapasmagazine.es\\\/en\\\/dua-lipa-makes-new-gastronomic-tour-of-barcelona\\\/\"},\"author\":{\"name\":\"Laura P\u00e9rez\",\"@id\":\"https:\\\/\\\/www.tapasmagazine.es\\\/#\\\/schema\\\/person\\\/eb46cbe76a9c8f062660eb609e3ecb4e\"},\"headline\":\"Dua Lipa makes a new gastronomic tour of Barcelona\",\"datePublished\":\"2024-10-29T15:32:48+00:00\",\"dateModified\":\"2024-10-30T09:09:29+00:00\",\"mainEntityOfPage\":{\"@id\":\"https:\\\/\\\/www.tapasmagazine.es\\\/en\\\/dua-lipa-makes-new-gastronomic-tour-of-barcelona\\\/\"},\"wordCount\":335,\"publisher\":{\"@id\":\"https:\\\/\\\/www.tapasmagazine.es\\\/#organization\"},\"image\":{\"@id\":\"https:\\\/\\\/www.tapasmagazine.es\\\/en\\\/dua-lipa-makes-new-gastronomic-tour-of-barcelona\\\/#primaryimage\"},\"thumbnailUrl\":\"https:\\\/\\\/www.tapasmagazine.es\\\/wp-content\\\/uploads\\\/2024\\\/10\\\/s-1.jpg\",\"keywords\":[\"Barcelona\",\"dua lipa\",\"gastronom\u00eda\",\"restaurants\"],\"articleSection\":[\"Nombres propios\",\"Personajes\",\"Sin categorizar\"],\"inLanguage\":\"en-US\"},{\"@type\":\"WebPage\",\"@id\":\"https:\\\/\\\/www.tapasmagazine.es\\\/en\\\/dua-lipa-makes-new-gastronomic-tour-of-barcelona\\\/\",\"url\":\"https:\\\/\\\/www.tapasmagazine.es\\\/en\\\/dua-lipa-makes-new-gastronomic-tour-of-barcelona\\\/\",\"name\":\"Dua Lipa makes a new gastronomic tour of Barcelona - Tapas\",\"isPartOf\":{\"@id\":\"https:\\\/\\\/www.tapasmagazine.es\\\/#website\"},\"primaryImageOfPage\":{\"@id\":\"https:\\\/\\\/www.tapasmagazine.es\\\/en\\\/dua-lipa-makes-new-gastronomic-tour-of-barcelona\\\/#primaryimage\"},\"image\":{\"@id\":\"https:\\\/\\\/www.tapasmagazine.es\\\/en\\\/dua-lipa-makes-new-gastronomic-tour-of-barcelona\\\/#primaryimage\"},\"thumbnailUrl\":\"https:\\\/\\\/www.tapasmagazine.es\\\/wp-content\\\/uploads\\\/2024\\\/10\\\/s-1.jpg\",\"datePublished\":\"2024-10-29T15:32:48+00:00\",\"dateModified\":\"2024-10-30T09:09:29+00:00\",\"description\":\"Click\u00a0here\u00a0to read the Spanish version. From the Joan Mir\u00f3 Foundation to the DelaCrem ice cream parlor or the Gresca restaurant, which she has visited on\",\"breadcrumb\":{\"@id\":\"https:\\\/\\\/www.tapasmagazine.es\\\/en\\\/dua-lipa-makes-new-gastronomic-tour-of-barcelona\\\/#breadcrumb\"},\"inLanguage\":\"en-US\",\"potentialAction\":[{\"@type\":\"ReadAction\",\"target\":[\"https:\\\/\\\/www.tapasmagazine.es\\\/en\\\/dua-lipa-makes-new-gastronomic-tour-of-barcelona\\\/\"]}]},{\"@type\":\"ImageObject\",\"inLanguage\":\"en-US\",\"@id\":\"https:\\\/\\\/www.tapasmagazine.es\\\/en\\\/dua-lipa-makes-new-gastronomic-tour-of-barcelona\\\/#primaryimage\",\"url\":\"https:\\\/\\\/www.tapasmagazine.es\\\/wp-content\\\/uploads\\\/2024\\\/10\\\/s-1.jpg\",\"contentUrl\":\"https:\\\/\\\/www.tapasmagazine.es\\\/wp-content\\\/uploads\\\/2024\\\/10\\\/s-1.jpg\",\"width\":1200,\"height\":675},{\"@type\":\"BreadcrumbList\",\"@id\":\"https:\\\/\\\/www.tapasmagazine.es\\\/en\\\/dua-lipa-makes-new-gastronomic-tour-of-barcelona\\\/#breadcrumb\",\"itemListElement\":[{\"@type\":\"ListItem\",\"position\":1,\"name\":\"Portada\",\"item\":\"https:\\\/\\\/www.tapasmagazine.es\\\/\"},{\"@type\":\"ListItem\",\"position\":2,\"name\":\"Sin categorizar\",\"item\":\"https:\\\/\\\/www.tapasmagazine.es\\\/categorias\\\/sin-categorizar\\\/\"},{\"@type\":\"ListItem\",\"position\":3,\"name\":\"Dua Lipa makes a new gastronomic tour of Barcelona\"}]},{\"@type\":\"WebSite\",\"@id\":\"https:\\\/\\\/www.tapasmagazine.es\\\/#website\",\"url\":\"https:\\\/\\\/www.tapasmagazine.es\\\/\",\"name\":\"Tapas\",\"description\":\"\u00d1am \u00d1am Lifestyle. La vida a bocados. Premio Nacional de Gastronom\u00eda 2016.\",\"publisher\":{\"@id\":\"https:\\\/\\\/www.tapasmagazine.es\\\/#organization\"},\"potentialAction\":[{\"@type\":\"SearchAction\",\"target\":{\"@type\":\"EntryPoint\",\"urlTemplate\":\"https:\\\/\\\/www.tapasmagazine.es\\\/?s={search_term_string}\"},\"query-input\":{\"@type\":\"PropertyValueSpecification\",\"valueRequired\":true,\"valueName\":\"search_term_string\"}}],\"inLanguage\":\"en-US\"},{\"@type\":\"Organization\",\"@id\":\"https:\\\/\\\/www.tapasmagazine.es\\\/#organization\",\"name\":\"Tapas Magazine\",\"url\":\"https:\\\/\\\/www.tapasmagazine.es\\\/\",\"logo\":{\"@type\":\"ImageObject\",\"inLanguage\":\"en-US\",\"@id\":\"https:\\\/\\\/www.tapasmagazine.es\\\/#\\\/schema\\\/logo\\\/image\\\/\",\"url\":\"https:\\\/\\\/www.tapasmagazine.es\\\/wp-content\\\/uploads\\\/2018\\\/01\\\/logo.png\",\"contentUrl\":\"https:\\\/\\\/www.tapasmagazine.es\\\/wp-content\\\/uploads\\\/2018\\\/01\\\/logo.png\",\"width\":180,\"height\":60,\"caption\":\"Tapas Magazine\"},\"image\":{\"@id\":\"https:\\\/\\\/www.tapasmagazine.es\\\/#\\\/schema\\\/logo\\\/image\\\/\"},\"sameAs\":[\"https:\\\/\\\/www.facebook.com\\\/tapasmagazine\",\"https:\\\/\\\/x.com\\\/TapasMagazine\",\"https:\\\/\\\/www.instagram.com\\\/tapasmagazine\\\/\",\"https:\\\/\\\/www.linkedin.com\\\/company\\\/tapas-magazine\",\"https:\\\/\\\/es.pinterest.com\\\/tapasmagazine\\\/\",\"https:\\\/\\\/www.youtube.com\\\/channel\\\/UCEyxneAaACuR0lfDagrWjjg?sub_confirmation=1\"]},{\"@type\":\"Person\",\"@id\":\"https:\\\/\\\/www.tapasmagazine.es\\\/#\\\/schema\\\/person\\\/eb46cbe76a9c8f062660eb609e3ecb4e\",\"name\":\"Laura P\u00e9rez\",\"url\":\"https:\\\/\\\/www.tapasmagazine.es\\\/en\\\/author\\\/laura-perez\\\/\"}]}<\/script>\n<!-- \/ Yoast SEO plugin. -->","yoast_head_json":{"title":"Dua Lipa makes a new gastronomic tour of Barcelona - Tapas","description":"Click\u00a0here\u00a0to read the Spanish version. From the Joan Mir\u00f3 Foundation to the DelaCrem ice cream parlor or the Gresca restaurant, which she has visited on","robots":{"index":"index","follow":"follow","max-snippet":"max-snippet:-1","max-image-preview":"max-image-preview:large","max-video-preview":"max-video-preview:-1"},"canonical":"https:\/\/www.tapasmagazine.es\/en\/dua-lipa-makes-new-gastronomic-tour-of-barcelona\/","og_locale":"en_US","og_type":"article","og_title":"Dua Lipa makes a new gastronomic tour of Barcelona - Tapas","og_description":"Click\u00a0here\u00a0to read the Spanish version. From the Joan Mir\u00f3 Foundation to the DelaCrem ice cream parlor or the Gresca restaurant, which she has visited on","og_url":"https:\/\/www.tapasmagazine.es\/en\/dua-lipa-makes-new-gastronomic-tour-of-barcelona\/","og_site_name":"Tapas","article_publisher":"https:\/\/www.facebook.com\/tapasmagazine","article_published_time":"2024-10-29T15:32:48+00:00","article_modified_time":"2024-10-30T09:09:29+00:00","og_image":[{"width":1200,"height":675,"url":"https:\/\/www.tapasmagazine.es\/wp-content\/uploads\/2024\/10\/s-1.jpg","type":"image\/jpeg"}],"author":"Laura P\u00e9rez","twitter_card":"summary_large_image","twitter_creator":"@TapasMagazine","twitter_site":"@TapasMagazine","twitter_misc":{"Written by":"Laura P\u00e9rez","Est. reading time":"3 minutes"},"schema":{"@context":"https:\/\/schema.org","@graph":[{"@type":"Article","@id":"https:\/\/www.tapasmagazine.es\/en\/dua-lipa-makes-new-gastronomic-tour-of-barcelona\/#article","isPartOf":{"@id":"https:\/\/www.tapasmagazine.es\/en\/dua-lipa-makes-new-gastronomic-tour-of-barcelona\/"},"author":{"name":"Laura P\u00e9rez","@id":"https:\/\/www.tapasmagazine.es\/#\/schema\/person\/eb46cbe76a9c8f062660eb609e3ecb4e"},"headline":"Dua Lipa makes a new gastronomic tour of Barcelona","datePublished":"2024-10-29T15:32:48+00:00","dateModified":"2024-10-30T09:09:29+00:00","mainEntityOfPage":{"@id":"https:\/\/www.tapasmagazine.es\/en\/dua-lipa-makes-new-gastronomic-tour-of-barcelona\/"},"wordCount":335,"publisher":{"@id":"https:\/\/www.tapasmagazine.es\/#organization"},"image":{"@id":"https:\/\/www.tapasmagazine.es\/en\/dua-lipa-makes-new-gastronomic-tour-of-barcelona\/#primaryimage"},"thumbnailUrl":"https:\/\/www.tapasmagazine.es\/wp-content\/uploads\/2024\/10\/s-1.jpg","keywords":["Barcelona","dua lipa","gastronom\u00eda","restaurants"],"articleSection":["Nombres propios","Personajes","Sin categorizar"],"inLanguage":"en-US"},{"@type":"WebPage","@id":"https:\/\/www.tapasmagazine.es\/en\/dua-lipa-makes-new-gastronomic-tour-of-barcelona\/","url":"https:\/\/www.tapasmagazine.es\/en\/dua-lipa-makes-new-gastronomic-tour-of-barcelona\/","name":"Dua Lipa makes a new gastronomic tour of Barcelona - Tapas","isPartOf":{"@id":"https:\/\/www.tapasmagazine.es\/#website"},"primaryImageOfPage":{"@id":"https:\/\/www.tapasmagazine.es\/en\/dua-lipa-makes-new-gastronomic-tour-of-barcelona\/#primaryimage"},"image":{"@id":"https:\/\/www.tapasmagazine.es\/en\/dua-lipa-makes-new-gastronomic-tour-of-barcelona\/#primaryimage"},"thumbnailUrl":"https:\/\/www.tapasmagazine.es\/wp-content\/uploads\/2024\/10\/s-1.jpg","datePublished":"2024-10-29T15:32:48+00:00","dateModified":"2024-10-30T09:09:29+00:00","description":"Click\u00a0here\u00a0to read the Spanish version. From the Joan Mir\u00f3 Foundation to the DelaCrem ice cream parlor or the Gresca restaurant, which she has visited on","breadcrumb":{"@id":"https:\/\/www.tapasmagazine.es\/en\/dua-lipa-makes-new-gastronomic-tour-of-barcelona\/#breadcrumb"},"inLanguage":"en-US","potentialAction":[{"@type":"ReadAction","target":["https:\/\/www.tapasmagazine.es\/en\/dua-lipa-makes-new-gastronomic-tour-of-barcelona\/"]}]},{"@type":"ImageObject","inLanguage":"en-US","@id":"https:\/\/www.tapasmagazine.es\/en\/dua-lipa-makes-new-gastronomic-tour-of-barcelona\/#primaryimage","url":"https:\/\/www.tapasmagazine.es\/wp-content\/uploads\/2024\/10\/s-1.jpg","contentUrl":"https:\/\/www.tapasmagazine.es\/wp-content\/uploads\/2024\/10\/s-1.jpg","width":1200,"height":675},{"@type":"BreadcrumbList","@id":"https:\/\/www.tapasmagazine.es\/en\/dua-lipa-makes-new-gastronomic-tour-of-barcelona\/#breadcrumb","itemListElement":[{"@type":"ListItem","position":1,"name":"Portada","item":"https:\/\/www.tapasmagazine.es\/"},{"@type":"ListItem","position":2,"name":"Sin categorizar","item":"https:\/\/www.tapasmagazine.es\/categorias\/sin-categorizar\/"},{"@type":"ListItem","position":3,"name":"Dua Lipa makes a new gastronomic tour of Barcelona"}]},{"@type":"WebSite","@id":"https:\/\/www.tapasmagazine.es\/#website","url":"https:\/\/www.tapasmagazine.es\/","name":"Tapas","description":"\u00d1am \u00d1am Lifestyle. La vida a bocados. Premio Nacional de Gastronom\u00eda 2016.","publisher":{"@id":"https:\/\/www.tapasmagazine.es\/#organization"},"potentialAction":[{"@type":"SearchAction","target":{"@type":"EntryPoint","urlTemplate":"https:\/\/www.tapasmagazine.es\/?s={search_term_string}"},"query-input":{"@type":"PropertyValueSpecification","valueRequired":true,"valueName":"search_term_string"}}],"inLanguage":"en-US"},{"@type":"Organization","@id":"https:\/\/www.tapasmagazine.es\/#organization","name":"Tapas Magazine","url":"https:\/\/www.tapasmagazine.es\/","logo":{"@type":"ImageObject","inLanguage":"en-US","@id":"https:\/\/www.tapasmagazine.es\/#\/schema\/logo\/image\/","url":"https:\/\/www.tapasmagazine.es\/wp-content\/uploads\/2018\/01\/logo.png","contentUrl":"https:\/\/www.tapasmagazine.es\/wp-content\/uploads\/2018\/01\/logo.png","width":180,"height":60,"caption":"Tapas Magazine"},"image":{"@id":"https:\/\/www.tapasmagazine.es\/#\/schema\/logo\/image\/"},"sameAs":["https:\/\/www.facebook.com\/tapasmagazine","https:\/\/x.com\/TapasMagazine","https:\/\/www.instagram.com\/tapasmagazine\/","https:\/\/www.linkedin.com\/company\/tapas-magazine","https:\/\/es.pinterest.com\/tapasmagazine\/","https:\/\/www.youtube.com\/channel\/UCEyxneAaACuR0lfDagrWjjg?sub_confirmation=1"]},{"@type":"Person","@id":"https:\/\/www.tapasmagazine.es\/#\/schema\/person\/eb46cbe76a9c8f062660eb609e3ecb4e","name":"Laura P\u00e9rez","url":"https:\/\/www.tapasmagazine.es\/en\/author\/laura-perez\/"}]}},"_links":{"self":[{"href":"https:\/\/www.tapasmagazine.es\/en\/wp-json\/wp\/v2\/posts\/267986","targetHints":{"allow":["GET"]}}],"collection":[{"href":"https:\/\/www.tapasmagazine.es\/en\/wp-json\/wp\/v2\/posts"}],"about":[{"href":"https:\/\/www.tapasmagazine.es\/en\/wp-json\/wp\/v2\/types\/post"}],"author":[{"embeddable":true,"href":"https:\/\/www.tapasmagazine.es\/en\/wp-json\/wp\/v2\/users\/285"}],"replies":[{"embeddable":true,"href":"https:\/\/www.tapasmagazine.es\/en\/wp-json\/wp\/v2\/comments?post=267986"}],"version-history":[{"count":2,"href":"https:\/\/www.tapasmagazine.es\/en\/wp-json\/wp\/v2\/posts\/267986\/revisions"}],"predecessor-version":[{"id":268088,"href":"https:\/\/www.tapasmagazine.es\/en\/wp-json\/wp\/v2\/posts\/267986\/revisions\/268088"}],"wp:featuredmedia":[{"embeddable":true,"href":"https:\/\/www.tapasmagazine.es\/en\/wp-json\/wp\/v2\/media\/267956"}],"wp:attachment":[{"href":"https:\/\/www.tapasmagazine.es\/en\/wp-json\/wp\/v2\/media?parent=267986"}],"wp:term":[{"taxonomy":"category","embeddable":true,"href":"https:\/\/www.tapasmagazine.es\/en\/wp-json\/wp\/v2\/categories?post=267986"},{"taxonomy":"post_tag","embeddable":true,"href":"https:\/\/www.tapasmagazine.es\/en\/wp-json\/wp\/v2\/tags?post=267986"}],"curies":[{"name":"wp","href":"https:\/\/api.w.org\/{rel}","templated":true}]}}