{"id":267051,"date":"2024-10-23T13:24:28","date_gmt":"2024-10-23T11:24:28","guid":{"rendered":"https:\/\/www.tapasmagazine.es\/miguel-carretero-llevara-la-alta-cocina-al-vibra-mahou-fest-de-madrid\/"},"modified":"2024-10-23T13:27:23","modified_gmt":"2024-10-23T11:27:23","slug":"miguel-carretero-will-bring-haute-cuisine-to-vibra-mahou-fest-madrid","status":"publish","type":"post","link":"https:\/\/www.tapasmagazine.es\/en\/miguel-carretero-will-bring-haute-cuisine-to-vibra-mahou-fest-madrid\/","title":{"rendered":"Miguel Carretero will bring haute cuisine to Vibra Mahou Fest Madrid"},"content":{"rendered":"\n<p><strong>Click <a href=\"https:\/\/www.tapasmagazine.es\/miguel-carretero-llevara-la-alta-cocina-al-vibra-mahou-fest-de-madrid\/\" target=\"_blank\" rel=\"noreferrer noopener\">here<\/a> to read the Spanish version.<\/strong><\/p>\n\n\n\n<p><strong>Miguel Carretero<\/strong>, the chef from La Mancha recognized, among other things, for having made the best croquettes in the world, designs a menu that will fuse his traditional identity with the contemporary spirit of Vibra Mahou Fest.<\/p>\n\n\n\n<p>The festival, which will debut on<strong> November 9 <\/strong>at the <strong>Wizink Center<\/strong>, will also feature activities associated with beer culture, as well as a high-frequency gastronomic proposal that will close the line-up of this new edition. To make it a reality,<strong> Vibra Mahou Fest<\/strong> has collaborated with Miguel Carretero, the executive chef of <strong>Restaurante Santerra<\/strong>, recently awarded with a Michelin Star.<\/p>\n\n\n<div class=\"wp-block-image\">\n<figure class=\"aligncenter size-full is-resized\"><img decoding=\"async\" width=\"1024\" height=\"711\" src=\"https:\/\/www.tapasmagazine.es\/wp-content\/uploads\/2024\/10\/MIGUEL-CARRETERO_VIBRA-MAHOU-FEST.jpeg\" alt=\"\" class=\"wp-image-267034\" style=\"width:964px;height:auto\" srcset=\"https:\/\/www.tapasmagazine.es\/wp-content\/uploads\/2024\/10\/MIGUEL-CARRETERO_VIBRA-MAHOU-FEST.jpeg 1024w, https:\/\/www.tapasmagazine.es\/wp-content\/uploads\/2024\/10\/MIGUEL-CARRETERO_VIBRA-MAHOU-FEST-300x208.jpeg 300w, https:\/\/www.tapasmagazine.es\/wp-content\/uploads\/2024\/10\/MIGUEL-CARRETERO_VIBRA-MAHOU-FEST-768x533.jpeg 768w, https:\/\/www.tapasmagazine.es\/wp-content\/uploads\/2024\/10\/MIGUEL-CARRETERO_VIBRA-MAHOU-FEST-1000x694.jpeg 1000w, https:\/\/www.tapasmagazine.es\/wp-content\/uploads\/2024\/10\/MIGUEL-CARRETERO_VIBRA-MAHOU-FEST-400x278.jpeg 400w\" sizes=\"(max-width: 1024px) 100vw, 1024px\" \/><\/figure>\n<\/div>\n\n\n<p>After the recent confirmation of La La Love You as the last headliner of a line-up of eight artists including national indie-pop-rock references such as Carlos Sadness, Shego, Shinova, Lucy or Cupido, Carretero joins the culinary offer.<\/p>\n\n\n<div class=\"wp-block-image\">\n<figure class=\"aligncenter size-large is-resized\"><img decoding=\"async\" width=\"1024\" height=\"1024\" src=\"https:\/\/www.tapasmagazine.es\/wp-content\/uploads\/2024\/10\/vibra-mahou-cartel-1024x1024.png\" alt=\"\" class=\"wp-image-267036\" style=\"width:940px;height:auto\" srcset=\"https:\/\/www.tapasmagazine.es\/wp-content\/uploads\/2024\/10\/vibra-mahou-cartel-1024x1024.png 1024w, https:\/\/www.tapasmagazine.es\/wp-content\/uploads\/2024\/10\/vibra-mahou-cartel-300x300.png 300w, https:\/\/www.tapasmagazine.es\/wp-content\/uploads\/2024\/10\/vibra-mahou-cartel-150x150.png 150w, https:\/\/www.tapasmagazine.es\/wp-content\/uploads\/2024\/10\/vibra-mahou-cartel-768x768.png 768w, https:\/\/www.tapasmagazine.es\/wp-content\/uploads\/2024\/10\/vibra-mahou-cartel-1000x1000.png 1000w, https:\/\/www.tapasmagazine.es\/wp-content\/uploads\/2024\/10\/vibra-mahou-cartel-400x400.png 400w, https:\/\/www.tapasmagazine.es\/wp-content\/uploads\/2024\/10\/vibra-mahou-cartel.png 1080w\" sizes=\"(max-width: 1024px) 100vw, 1024px\" \/><\/figure>\n<\/div>\n\n\n<p>From its <strong>gastro menu<\/strong>, you can exchange delicacies such as a &#8216;chistorra dog&#8217; with piquillos ketchup, a pepito converted into a hamburger, a truffled egg yolk bikini, a roasted sweet potato with feta cheese, and a reinterpretation of the typical &#8216;rosca de la Almudena&#8217; with Mahou Cinco Estrellas caramel chantilly and almonds. All this paired with the flavor of Mahou Cinco Estrellas and the rest of the references of the Mahou range.<\/p>\n","protected":false},"excerpt":{"rendered":"<p>Click here to read the Spanish version. Miguel Carretero, the chef from La Mancha recognized, among other things, for having made the best croquettes in the world, designs a menu that will fuse his traditional identity with the contemporary spirit of Vibra Mahou Fest. The festival, which will debut on November 9 at the Wizink [&hellip;]<\/p>\n","protected":false},"author":285,"featured_media":267044,"comment_status":"closed","ping_status":"closed","sticky":false,"template":"","format":"standard","meta":{"_acf_changed":false,"footnotes":""},"categories":[15848,18831,15851,1],"tags":[18521],"class_list":["post-267051","post","type-post","status-publish","format-standard","has-post-thumbnail","hentry","category-chefs-en","category-lifestyle-en","category-nombres-propios-en","category-sin-categorizar","tag-festival-en","cat-15848-id","cat-18831-id","cat-15851-id","cat-1-id"],"acf":[],"yoast_head":"<!-- This site is optimized with the Yoast SEO plugin v27.4 - https:\/\/yoast.com\/product\/yoast-seo-wordpress\/ -->\n<title>Miguel Carretero will bring haute cuisine to Vibra Mahou Fest Madrid - Tapas<\/title>\n<meta name=\"description\" content=\"Click here to read the Spanish version. Miguel Carretero, the chef from La Mancha recognized, among other things, for having made the best croquettes in\" \/>\n<meta name=\"robots\" content=\"index, follow, max-snippet:-1, max-image-preview:large, max-video-preview:-1\" \/>\n<link rel=\"canonical\" href=\"https:\/\/www.tapasmagazine.es\/en\/miguel-carretero-will-bring-haute-cuisine-to-vibra-mahou-fest-madrid\/\" \/>\n<meta property=\"og:locale\" content=\"en_US\" \/>\n<meta property=\"og:type\" content=\"article\" \/>\n<meta property=\"og:title\" content=\"Miguel Carretero will bring haute cuisine to Vibra Mahou Fest Madrid - Tapas\" \/>\n<meta property=\"og:description\" content=\"Click here to read the Spanish version. Miguel Carretero, the chef from La Mancha recognized, among other things, for having made the best croquettes in\" \/>\n<meta property=\"og:url\" content=\"https:\/\/www.tapasmagazine.es\/en\/miguel-carretero-will-bring-haute-cuisine-to-vibra-mahou-fest-madrid\/\" \/>\n<meta property=\"og:site_name\" content=\"Tapas\" \/>\n<meta property=\"article:publisher\" content=\"https:\/\/www.facebook.com\/tapasmagazine\" \/>\n<meta property=\"article:published_time\" content=\"2024-10-23T11:24:28+00:00\" \/>\n<meta property=\"article:modified_time\" content=\"2024-10-23T11:27:23+00:00\" \/>\n<meta property=\"og:image\" content=\"https:\/\/www.tapasmagazine.es\/wp-content\/uploads\/2024\/10\/vibra-fest-1.jpg\" \/>\n\t<meta property=\"og:image:width\" content=\"1200\" \/>\n\t<meta property=\"og:image:height\" content=\"675\" \/>\n\t<meta property=\"og:image:type\" content=\"image\/jpeg\" \/>\n<meta name=\"author\" content=\"Laura P\u00e9rez\" \/>\n<meta name=\"twitter:card\" content=\"summary_large_image\" \/>\n<meta name=\"twitter:creator\" content=\"@TapasMagazine\" \/>\n<meta name=\"twitter:site\" content=\"@TapasMagazine\" \/>\n<meta name=\"twitter:label1\" content=\"Written by\" \/>\n\t<meta name=\"twitter:data1\" content=\"Laura P\u00e9rez\" \/>\n\t<meta name=\"twitter:label2\" content=\"Est. reading time\" \/>\n\t<meta name=\"twitter:data2\" content=\"2 minutes\" \/>\n<script type=\"application\/ld+json\" class=\"yoast-schema-graph\">{\"@context\":\"https:\\\/\\\/schema.org\",\"@graph\":[{\"@type\":\"Article\",\"@id\":\"https:\\\/\\\/www.tapasmagazine.es\\\/en\\\/miguel-carretero-will-bring-haute-cuisine-to-vibra-mahou-fest-madrid\\\/#article\",\"isPartOf\":{\"@id\":\"https:\\\/\\\/www.tapasmagazine.es\\\/en\\\/miguel-carretero-will-bring-haute-cuisine-to-vibra-mahou-fest-madrid\\\/\"},\"author\":{\"name\":\"Laura P\u00e9rez\",\"@id\":\"https:\\\/\\\/www.tapasmagazine.es\\\/#\\\/schema\\\/person\\\/eb46cbe76a9c8f062660eb609e3ecb4e\"},\"headline\":\"Miguel Carretero will bring haute cuisine to Vibra Mahou Fest Madrid\",\"datePublished\":\"2024-10-23T11:24:28+00:00\",\"dateModified\":\"2024-10-23T11:27:23+00:00\",\"mainEntityOfPage\":{\"@id\":\"https:\\\/\\\/www.tapasmagazine.es\\\/en\\\/miguel-carretero-will-bring-haute-cuisine-to-vibra-mahou-fest-madrid\\\/\"},\"wordCount\":224,\"publisher\":{\"@id\":\"https:\\\/\\\/www.tapasmagazine.es\\\/#organization\"},\"image\":{\"@id\":\"https:\\\/\\\/www.tapasmagazine.es\\\/en\\\/miguel-carretero-will-bring-haute-cuisine-to-vibra-mahou-fest-madrid\\\/#primaryimage\"},\"thumbnailUrl\":\"https:\\\/\\\/www.tapasmagazine.es\\\/wp-content\\\/uploads\\\/2024\\\/10\\\/vibra-fest-1.jpg\",\"keywords\":[\"Festival\"],\"articleSection\":[\"Chefs\",\"Lifestyle\",\"Nombres propios\",\"Sin categorizar\"],\"inLanguage\":\"en-US\"},{\"@type\":\"WebPage\",\"@id\":\"https:\\\/\\\/www.tapasmagazine.es\\\/en\\\/miguel-carretero-will-bring-haute-cuisine-to-vibra-mahou-fest-madrid\\\/\",\"url\":\"https:\\\/\\\/www.tapasmagazine.es\\\/en\\\/miguel-carretero-will-bring-haute-cuisine-to-vibra-mahou-fest-madrid\\\/\",\"name\":\"Miguel Carretero will bring haute cuisine to Vibra Mahou Fest Madrid - Tapas\",\"isPartOf\":{\"@id\":\"https:\\\/\\\/www.tapasmagazine.es\\\/#website\"},\"primaryImageOfPage\":{\"@id\":\"https:\\\/\\\/www.tapasmagazine.es\\\/en\\\/miguel-carretero-will-bring-haute-cuisine-to-vibra-mahou-fest-madrid\\\/#primaryimage\"},\"image\":{\"@id\":\"https:\\\/\\\/www.tapasmagazine.es\\\/en\\\/miguel-carretero-will-bring-haute-cuisine-to-vibra-mahou-fest-madrid\\\/#primaryimage\"},\"thumbnailUrl\":\"https:\\\/\\\/www.tapasmagazine.es\\\/wp-content\\\/uploads\\\/2024\\\/10\\\/vibra-fest-1.jpg\",\"datePublished\":\"2024-10-23T11:24:28+00:00\",\"dateModified\":\"2024-10-23T11:27:23+00:00\",\"description\":\"Click here to read the Spanish version. Miguel Carretero, the chef from La Mancha recognized, among other things, for having made the best croquettes in\",\"breadcrumb\":{\"@id\":\"https:\\\/\\\/www.tapasmagazine.es\\\/en\\\/miguel-carretero-will-bring-haute-cuisine-to-vibra-mahou-fest-madrid\\\/#breadcrumb\"},\"inLanguage\":\"en-US\",\"potentialAction\":[{\"@type\":\"ReadAction\",\"target\":[\"https:\\\/\\\/www.tapasmagazine.es\\\/en\\\/miguel-carretero-will-bring-haute-cuisine-to-vibra-mahou-fest-madrid\\\/\"]}]},{\"@type\":\"ImageObject\",\"inLanguage\":\"en-US\",\"@id\":\"https:\\\/\\\/www.tapasmagazine.es\\\/en\\\/miguel-carretero-will-bring-haute-cuisine-to-vibra-mahou-fest-madrid\\\/#primaryimage\",\"url\":\"https:\\\/\\\/www.tapasmagazine.es\\\/wp-content\\\/uploads\\\/2024\\\/10\\\/vibra-fest-1.jpg\",\"contentUrl\":\"https:\\\/\\\/www.tapasmagazine.es\\\/wp-content\\\/uploads\\\/2024\\\/10\\\/vibra-fest-1.jpg\",\"width\":1200,\"height\":675},{\"@type\":\"BreadcrumbList\",\"@id\":\"https:\\\/\\\/www.tapasmagazine.es\\\/en\\\/miguel-carretero-will-bring-haute-cuisine-to-vibra-mahou-fest-madrid\\\/#breadcrumb\",\"itemListElement\":[{\"@type\":\"ListItem\",\"position\":1,\"name\":\"Portada\",\"item\":\"https:\\\/\\\/www.tapasmagazine.es\\\/\"},{\"@type\":\"ListItem\",\"position\":2,\"name\":\"Sin categorizar\",\"item\":\"https:\\\/\\\/www.tapasmagazine.es\\\/categorias\\\/sin-categorizar\\\/\"},{\"@type\":\"ListItem\",\"position\":3,\"name\":\"Miguel Carretero will bring haute cuisine to Vibra Mahou Fest Madrid\"}]},{\"@type\":\"WebSite\",\"@id\":\"https:\\\/\\\/www.tapasmagazine.es\\\/#website\",\"url\":\"https:\\\/\\\/www.tapasmagazine.es\\\/\",\"name\":\"Tapas\",\"description\":\"\u00d1am \u00d1am Lifestyle. La vida a bocados. Premio Nacional de Gastronom\u00eda 2016.\",\"publisher\":{\"@id\":\"https:\\\/\\\/www.tapasmagazine.es\\\/#organization\"},\"potentialAction\":[{\"@type\":\"SearchAction\",\"target\":{\"@type\":\"EntryPoint\",\"urlTemplate\":\"https:\\\/\\\/www.tapasmagazine.es\\\/?s={search_term_string}\"},\"query-input\":{\"@type\":\"PropertyValueSpecification\",\"valueRequired\":true,\"valueName\":\"search_term_string\"}}],\"inLanguage\":\"en-US\"},{\"@type\":\"Organization\",\"@id\":\"https:\\\/\\\/www.tapasmagazine.es\\\/#organization\",\"name\":\"Tapas Magazine\",\"url\":\"https:\\\/\\\/www.tapasmagazine.es\\\/\",\"logo\":{\"@type\":\"ImageObject\",\"inLanguage\":\"en-US\",\"@id\":\"https:\\\/\\\/www.tapasmagazine.es\\\/#\\\/schema\\\/logo\\\/image\\\/\",\"url\":\"https:\\\/\\\/www.tapasmagazine.es\\\/wp-content\\\/uploads\\\/2018\\\/01\\\/logo.png\",\"contentUrl\":\"https:\\\/\\\/www.tapasmagazine.es\\\/wp-content\\\/uploads\\\/2018\\\/01\\\/logo.png\",\"width\":180,\"height\":60,\"caption\":\"Tapas Magazine\"},\"image\":{\"@id\":\"https:\\\/\\\/www.tapasmagazine.es\\\/#\\\/schema\\\/logo\\\/image\\\/\"},\"sameAs\":[\"https:\\\/\\\/www.facebook.com\\\/tapasmagazine\",\"https:\\\/\\\/x.com\\\/TapasMagazine\",\"https:\\\/\\\/www.instagram.com\\\/tapasmagazine\\\/\",\"https:\\\/\\\/www.linkedin.com\\\/company\\\/tapas-magazine\",\"https:\\\/\\\/es.pinterest.com\\\/tapasmagazine\\\/\",\"https:\\\/\\\/www.youtube.com\\\/channel\\\/UCEyxneAaACuR0lfDagrWjjg?sub_confirmation=1\"]},{\"@type\":\"Person\",\"@id\":\"https:\\\/\\\/www.tapasmagazine.es\\\/#\\\/schema\\\/person\\\/eb46cbe76a9c8f062660eb609e3ecb4e\",\"name\":\"Laura P\u00e9rez\",\"url\":\"https:\\\/\\\/www.tapasmagazine.es\\\/en\\\/author\\\/laura-perez\\\/\"}]}<\/script>\n<!-- \/ Yoast SEO plugin. -->","yoast_head_json":{"title":"Miguel Carretero will bring haute cuisine to Vibra Mahou Fest Madrid - Tapas","description":"Click here to read the Spanish version. Miguel Carretero, the chef from La Mancha recognized, among other things, for having made the best croquettes in","robots":{"index":"index","follow":"follow","max-snippet":"max-snippet:-1","max-image-preview":"max-image-preview:large","max-video-preview":"max-video-preview:-1"},"canonical":"https:\/\/www.tapasmagazine.es\/en\/miguel-carretero-will-bring-haute-cuisine-to-vibra-mahou-fest-madrid\/","og_locale":"en_US","og_type":"article","og_title":"Miguel Carretero will bring haute cuisine to Vibra Mahou Fest Madrid - Tapas","og_description":"Click here to read the Spanish version. Miguel Carretero, the chef from La Mancha recognized, among other things, for having made the best croquettes in","og_url":"https:\/\/www.tapasmagazine.es\/en\/miguel-carretero-will-bring-haute-cuisine-to-vibra-mahou-fest-madrid\/","og_site_name":"Tapas","article_publisher":"https:\/\/www.facebook.com\/tapasmagazine","article_published_time":"2024-10-23T11:24:28+00:00","article_modified_time":"2024-10-23T11:27:23+00:00","og_image":[{"width":1200,"height":675,"url":"https:\/\/www.tapasmagazine.es\/wp-content\/uploads\/2024\/10\/vibra-fest-1.jpg","type":"image\/jpeg"}],"author":"Laura P\u00e9rez","twitter_card":"summary_large_image","twitter_creator":"@TapasMagazine","twitter_site":"@TapasMagazine","twitter_misc":{"Written by":"Laura P\u00e9rez","Est. reading time":"2 minutes"},"schema":{"@context":"https:\/\/schema.org","@graph":[{"@type":"Article","@id":"https:\/\/www.tapasmagazine.es\/en\/miguel-carretero-will-bring-haute-cuisine-to-vibra-mahou-fest-madrid\/#article","isPartOf":{"@id":"https:\/\/www.tapasmagazine.es\/en\/miguel-carretero-will-bring-haute-cuisine-to-vibra-mahou-fest-madrid\/"},"author":{"name":"Laura P\u00e9rez","@id":"https:\/\/www.tapasmagazine.es\/#\/schema\/person\/eb46cbe76a9c8f062660eb609e3ecb4e"},"headline":"Miguel Carretero will bring haute cuisine to Vibra Mahou Fest Madrid","datePublished":"2024-10-23T11:24:28+00:00","dateModified":"2024-10-23T11:27:23+00:00","mainEntityOfPage":{"@id":"https:\/\/www.tapasmagazine.es\/en\/miguel-carretero-will-bring-haute-cuisine-to-vibra-mahou-fest-madrid\/"},"wordCount":224,"publisher":{"@id":"https:\/\/www.tapasmagazine.es\/#organization"},"image":{"@id":"https:\/\/www.tapasmagazine.es\/en\/miguel-carretero-will-bring-haute-cuisine-to-vibra-mahou-fest-madrid\/#primaryimage"},"thumbnailUrl":"https:\/\/www.tapasmagazine.es\/wp-content\/uploads\/2024\/10\/vibra-fest-1.jpg","keywords":["Festival"],"articleSection":["Chefs","Lifestyle","Nombres propios","Sin categorizar"],"inLanguage":"en-US"},{"@type":"WebPage","@id":"https:\/\/www.tapasmagazine.es\/en\/miguel-carretero-will-bring-haute-cuisine-to-vibra-mahou-fest-madrid\/","url":"https:\/\/www.tapasmagazine.es\/en\/miguel-carretero-will-bring-haute-cuisine-to-vibra-mahou-fest-madrid\/","name":"Miguel Carretero will bring haute cuisine to Vibra Mahou Fest Madrid - Tapas","isPartOf":{"@id":"https:\/\/www.tapasmagazine.es\/#website"},"primaryImageOfPage":{"@id":"https:\/\/www.tapasmagazine.es\/en\/miguel-carretero-will-bring-haute-cuisine-to-vibra-mahou-fest-madrid\/#primaryimage"},"image":{"@id":"https:\/\/www.tapasmagazine.es\/en\/miguel-carretero-will-bring-haute-cuisine-to-vibra-mahou-fest-madrid\/#primaryimage"},"thumbnailUrl":"https:\/\/www.tapasmagazine.es\/wp-content\/uploads\/2024\/10\/vibra-fest-1.jpg","datePublished":"2024-10-23T11:24:28+00:00","dateModified":"2024-10-23T11:27:23+00:00","description":"Click here to read the Spanish version. Miguel Carretero, the chef from La Mancha recognized, among other things, for having made the best croquettes in","breadcrumb":{"@id":"https:\/\/www.tapasmagazine.es\/en\/miguel-carretero-will-bring-haute-cuisine-to-vibra-mahou-fest-madrid\/#breadcrumb"},"inLanguage":"en-US","potentialAction":[{"@type":"ReadAction","target":["https:\/\/www.tapasmagazine.es\/en\/miguel-carretero-will-bring-haute-cuisine-to-vibra-mahou-fest-madrid\/"]}]},{"@type":"ImageObject","inLanguage":"en-US","@id":"https:\/\/www.tapasmagazine.es\/en\/miguel-carretero-will-bring-haute-cuisine-to-vibra-mahou-fest-madrid\/#primaryimage","url":"https:\/\/www.tapasmagazine.es\/wp-content\/uploads\/2024\/10\/vibra-fest-1.jpg","contentUrl":"https:\/\/www.tapasmagazine.es\/wp-content\/uploads\/2024\/10\/vibra-fest-1.jpg","width":1200,"height":675},{"@type":"BreadcrumbList","@id":"https:\/\/www.tapasmagazine.es\/en\/miguel-carretero-will-bring-haute-cuisine-to-vibra-mahou-fest-madrid\/#breadcrumb","itemListElement":[{"@type":"ListItem","position":1,"name":"Portada","item":"https:\/\/www.tapasmagazine.es\/"},{"@type":"ListItem","position":2,"name":"Sin categorizar","item":"https:\/\/www.tapasmagazine.es\/categorias\/sin-categorizar\/"},{"@type":"ListItem","position":3,"name":"Miguel Carretero will bring haute cuisine to Vibra Mahou Fest Madrid"}]},{"@type":"WebSite","@id":"https:\/\/www.tapasmagazine.es\/#website","url":"https:\/\/www.tapasmagazine.es\/","name":"Tapas","description":"\u00d1am \u00d1am Lifestyle. La vida a bocados. Premio Nacional de Gastronom\u00eda 2016.","publisher":{"@id":"https:\/\/www.tapasmagazine.es\/#organization"},"potentialAction":[{"@type":"SearchAction","target":{"@type":"EntryPoint","urlTemplate":"https:\/\/www.tapasmagazine.es\/?s={search_term_string}"},"query-input":{"@type":"PropertyValueSpecification","valueRequired":true,"valueName":"search_term_string"}}],"inLanguage":"en-US"},{"@type":"Organization","@id":"https:\/\/www.tapasmagazine.es\/#organization","name":"Tapas Magazine","url":"https:\/\/www.tapasmagazine.es\/","logo":{"@type":"ImageObject","inLanguage":"en-US","@id":"https:\/\/www.tapasmagazine.es\/#\/schema\/logo\/image\/","url":"https:\/\/www.tapasmagazine.es\/wp-content\/uploads\/2018\/01\/logo.png","contentUrl":"https:\/\/www.tapasmagazine.es\/wp-content\/uploads\/2018\/01\/logo.png","width":180,"height":60,"caption":"Tapas Magazine"},"image":{"@id":"https:\/\/www.tapasmagazine.es\/#\/schema\/logo\/image\/"},"sameAs":["https:\/\/www.facebook.com\/tapasmagazine","https:\/\/x.com\/TapasMagazine","https:\/\/www.instagram.com\/tapasmagazine\/","https:\/\/www.linkedin.com\/company\/tapas-magazine","https:\/\/es.pinterest.com\/tapasmagazine\/","https:\/\/www.youtube.com\/channel\/UCEyxneAaACuR0lfDagrWjjg?sub_confirmation=1"]},{"@type":"Person","@id":"https:\/\/www.tapasmagazine.es\/#\/schema\/person\/eb46cbe76a9c8f062660eb609e3ecb4e","name":"Laura P\u00e9rez","url":"https:\/\/www.tapasmagazine.es\/en\/author\/laura-perez\/"}]}},"_links":{"self":[{"href":"https:\/\/www.tapasmagazine.es\/en\/wp-json\/wp\/v2\/posts\/267051","targetHints":{"allow":["GET"]}}],"collection":[{"href":"https:\/\/www.tapasmagazine.es\/en\/wp-json\/wp\/v2\/posts"}],"about":[{"href":"https:\/\/www.tapasmagazine.es\/en\/wp-json\/wp\/v2\/types\/post"}],"author":[{"embeddable":true,"href":"https:\/\/www.tapasmagazine.es\/en\/wp-json\/wp\/v2\/users\/285"}],"replies":[{"embeddable":true,"href":"https:\/\/www.tapasmagazine.es\/en\/wp-json\/wp\/v2\/comments?post=267051"}],"version-history":[{"count":1,"href":"https:\/\/www.tapasmagazine.es\/en\/wp-json\/wp\/v2\/posts\/267051\/revisions"}],"predecessor-version":[{"id":267057,"href":"https:\/\/www.tapasmagazine.es\/en\/wp-json\/wp\/v2\/posts\/267051\/revisions\/267057"}],"wp:featuredmedia":[{"embeddable":true,"href":"https:\/\/www.tapasmagazine.es\/en\/wp-json\/wp\/v2\/media\/267044"}],"wp:attachment":[{"href":"https:\/\/www.tapasmagazine.es\/en\/wp-json\/wp\/v2\/media?parent=267051"}],"wp:term":[{"taxonomy":"category","embeddable":true,"href":"https:\/\/www.tapasmagazine.es\/en\/wp-json\/wp\/v2\/categories?post=267051"},{"taxonomy":"post_tag","embeddable":true,"href":"https:\/\/www.tapasmagazine.es\/en\/wp-json\/wp\/v2\/tags?post=267051"}],"curies":[{"name":"wp","href":"https:\/\/api.w.org\/{rel}","templated":true}]}}