{"id":266398,"date":"2024-10-18T13:53:04","date_gmt":"2024-10-18T11:53:04","guid":{"rendered":"https:\/\/www.tapasmagazine.es\/maison-margiela-instala-un-cafe-dentro-de-su-pop-up-en-madrid\/"},"modified":"2024-10-18T13:59:58","modified_gmt":"2024-10-18T11:59:58","slug":"maison-margiela-installs-cafe-inside-its-pop-up-in-madrid","status":"publish","type":"post","link":"https:\/\/www.tapasmagazine.es\/en\/maison-margiela-installs-cafe-inside-its-pop-up-in-madrid\/","title":{"rendered":"Maison Margiela installs a caf\u00e9 inside its pop-up in Madrid"},"content":{"rendered":"\n<p><strong>Click\u00a0<a href=\"https:\/\/www.tapasmagazine.es\/maison-margiela-instala-un-cafe-dentro-de-su-pop-up-en-madrid\/\" target=\"_blank\" rel=\"noreferrer noopener\">here<\/a>\u00a0to read the Spanish version.<\/strong><\/p>\n\n\n\n<p>The first European pop-up of &#8216;<strong>Casa Margiela<\/strong>&#8216; lands ephemerally in the capital until October 20. Throughout these days, the firm will pay tribute to its &#8216;<strong>Replica<\/strong>&#8216; fragrance collection, which harmoniously encapsulate special moments in life.<\/p>\n\n\n\n<p>Inside the minimalist house of <strong>Maison Margiela<\/strong>, a tour is traced through different spaces that define the aromas of the Maison: Lazy Sunday Morning, Jazz Club, By the Fireplace and Beach Walk. In them, the visitor enters into experiences with which to activate all the senses.<\/p>\n\n\n<div class=\"wp-block-image\">\n<figure class=\"aligncenter size-full is-resized\"><img decoding=\"async\" width=\"665\" height=\"919\" src=\"https:\/\/www.tapasmagazine.es\/wp-content\/uploads\/2024\/10\/replica-cafe-maison-margiela-3.webp\" alt=\"\" class=\"wp-image-266386\" style=\"width:945px;height:auto\" srcset=\"https:\/\/www.tapasmagazine.es\/wp-content\/uploads\/2024\/10\/replica-cafe-maison-margiela-3.webp 665w, https:\/\/www.tapasmagazine.es\/wp-content\/uploads\/2024\/10\/replica-cafe-maison-margiela-3-217x300.webp 217w, https:\/\/www.tapasmagazine.es\/wp-content\/uploads\/2024\/10\/replica-cafe-maison-margiela-3-400x553.webp 400w\" sizes=\"(max-width: 665px) 100vw, 665px\" \/><\/figure>\n<\/div>\n\n\n<p>In the G69 installation, located at 11 Barquillo Street, the Belgian fashion brand reflects its experimental and conceptual character based on its perfumes, evoking the nostalgia of recalling special memories that reside in the memory.<\/p>\n\n\n\n<figure class=\"wp-block-embed is-type-video is-provider-tiktok wp-block-embed-tiktok\"><div class=\"wp-block-embed__wrapper\">\n<blockquote class=\"tiktok-embed\" cite=\"https:\/\/www.tiktok.com\/@bycalitos_official\/video\/7426014567601278240\" data-video-id=\"7426014567601278240\" data-embed-from=\"oembed\" style=\"max-width:605px; min-width:325px;\"> <section> <a target=\"_blank\" title=\"@bycalitos_official\" href=\"https:\/\/www.tiktok.com\/@bycalitos_official?refer=embed\">@bycalitos_official<\/a> <p>Si te gusta la moda, cafe gratis y los perfumes. Casa Masion Margiela abre en Madrid \u2615\ufe0f (solo de Jueves a Domingo) <\/p> <a target=\"_blank\" title=\"\u266c sonido original - Carlos Mart\u00edn\" href=\"https:\/\/www.tiktok.com\/music\/sonido-original-7426014635716807457?refer=embed\">\u266c sonido original &#8211; Carlos Mart\u00edn<\/a> <\/section> <\/blockquote> <script async src=\"https:\/\/www.tiktok.com\/embed.js\"><\/script>\n<\/div><\/figure>\n\n\n\n<p>In addition to the olfactory workshops that will take place, Casa Margiela includes a<strong> specialty coffee shop <\/strong>where they serve free coffee in a glass sealed with the brand&#8217;s logo. The drink can be combined with mini-macarons also sheathed in the Margiela identity.<\/p>\n\n\n<div class=\"wp-block-image\">\n<figure class=\"aligncenter size-large is-resized\"><img decoding=\"async\" width=\"1024\" height=\"683\" src=\"https:\/\/www.tapasmagazine.es\/wp-content\/uploads\/2024\/10\/replica-cafe-maison-margiela-1-1-1024x683.jpg\" alt=\"\" class=\"wp-image-266391\" style=\"width:868px;height:auto\" srcset=\"https:\/\/www.tapasmagazine.es\/wp-content\/uploads\/2024\/10\/replica-cafe-maison-margiela-1-1-1024x683.jpg 1024w, https:\/\/www.tapasmagazine.es\/wp-content\/uploads\/2024\/10\/replica-cafe-maison-margiela-1-1-300x200.jpg 300w, https:\/\/www.tapasmagazine.es\/wp-content\/uploads\/2024\/10\/replica-cafe-maison-margiela-1-1-768x512.jpg 768w, https:\/\/www.tapasmagazine.es\/wp-content\/uploads\/2024\/10\/replica-cafe-maison-margiela-1-1-1000x667.jpg 1000w, https:\/\/www.tapasmagazine.es\/wp-content\/uploads\/2024\/10\/replica-cafe-maison-margiela-1-1-400x267.jpg 400w, https:\/\/www.tapasmagazine.es\/wp-content\/uploads\/2024\/10\/replica-cafe-maison-margiela-1-1.jpg 1200w\" sizes=\"(max-width: 1024px) 100vw, 1024px\" \/><\/figure>\n<\/div>\n\n\n<p>The pop-up also displays other facilities such as a room with a bed on the floor, and a wall of cushions; and continues with a living room with a fireplace and a jazz room with a bar where you can drink your coffee with vinyls in the background.<\/p>\n","protected":false},"excerpt":{"rendered":"<p>Click\u00a0here\u00a0to read the Spanish version. The first European pop-up of &#8216;Casa Margiela&#8216; lands ephemerally in the capital until October 20. Throughout these days, the firm will pay tribute to its &#8216;Replica&#8216; fragrance collection, which harmoniously encapsulate special moments in life. Inside the minimalist house of Maison Margiela, a tour is traced through different spaces that [&hellip;]<\/p>\n","protected":false},"author":285,"featured_media":266390,"comment_status":"closed","ping_status":"closed","sticky":false,"template":"","format":"standard","meta":{"_acf_changed":false,"footnotes":""},"categories":[18831,1],"tags":[16537,16033,17640],"class_list":["post-266398","post","type-post","status-publish","format-standard","has-post-thumbnail","hentry","category-lifestyle-en","category-sin-categorizar","tag-cafe-en","tag-madrid-en","tag-moda-en","cat-18831-id","cat-1-id"],"acf":[],"yoast_head":"<!-- This site is optimized with the Yoast SEO plugin v27.5 - https:\/\/yoast.com\/product\/yoast-seo-wordpress\/ -->\n<title>Maison Margiela installs a caf\u00e9 inside its pop-up in Madrid - Tapas<\/title>\n<meta name=\"description\" content=\"Click\u00a0here\u00a0to read the Spanish version. The first European pop-up of &#039;Casa Margiela&#039; lands ephemerally in the capital until October 20. Throughout these\" \/>\n<meta name=\"robots\" content=\"index, follow, max-snippet:-1, max-image-preview:large, max-video-preview:-1\" \/>\n<link rel=\"canonical\" href=\"https:\/\/www.tapasmagazine.es\/en\/maison-margiela-installs-cafe-inside-its-pop-up-in-madrid\/\" \/>\n<meta property=\"og:locale\" content=\"en_US\" \/>\n<meta property=\"og:type\" content=\"article\" \/>\n<meta property=\"og:title\" content=\"Maison Margiela installs a caf\u00e9 inside its pop-up in Madrid - Tapas\" \/>\n<meta property=\"og:description\" content=\"Click\u00a0here\u00a0to read the Spanish version. The first European pop-up of &#039;Casa Margiela&#039; lands ephemerally in the capital until October 20. Throughout these\" \/>\n<meta property=\"og:url\" content=\"https:\/\/www.tapasmagazine.es\/en\/maison-margiela-installs-cafe-inside-its-pop-up-in-madrid\/\" \/>\n<meta property=\"og:site_name\" content=\"Tapas\" \/>\n<meta property=\"article:publisher\" content=\"https:\/\/www.facebook.com\/tapasmagazine\" \/>\n<meta property=\"article:published_time\" content=\"2024-10-18T11:53:04+00:00\" \/>\n<meta property=\"article:modified_time\" content=\"2024-10-18T11:59:58+00:00\" \/>\n<meta property=\"og:image\" content=\"https:\/\/www.tapasmagazine.es\/wp-content\/uploads\/2024\/10\/replica-cafe-maison-margiela-1.jpg\" \/>\n\t<meta property=\"og:image:width\" content=\"1200\" \/>\n\t<meta property=\"og:image:height\" content=\"675\" \/>\n\t<meta property=\"og:image:type\" content=\"image\/jpeg\" \/>\n<meta name=\"author\" content=\"Laura P\u00e9rez\" \/>\n<meta name=\"twitter:card\" content=\"summary_large_image\" \/>\n<meta name=\"twitter:creator\" content=\"@TapasMagazine\" \/>\n<meta name=\"twitter:site\" content=\"@TapasMagazine\" \/>\n<meta name=\"twitter:label1\" content=\"Written by\" \/>\n\t<meta name=\"twitter:data1\" content=\"Laura P\u00e9rez\" \/>\n\t<meta name=\"twitter:label2\" content=\"Est. reading time\" \/>\n\t<meta name=\"twitter:data2\" content=\"2 minutes\" \/>\n<script type=\"application\/ld+json\" class=\"yoast-schema-graph\">{\"@context\":\"https:\\\/\\\/schema.org\",\"@graph\":[{\"@type\":\"Article\",\"@id\":\"https:\\\/\\\/www.tapasmagazine.es\\\/en\\\/maison-margiela-installs-cafe-inside-its-pop-up-in-madrid\\\/#article\",\"isPartOf\":{\"@id\":\"https:\\\/\\\/www.tapasmagazine.es\\\/en\\\/maison-margiela-installs-cafe-inside-its-pop-up-in-madrid\\\/\"},\"author\":{\"name\":\"Laura P\u00e9rez\",\"@id\":\"https:\\\/\\\/www.tapasmagazine.es\\\/#\\\/schema\\\/person\\\/eb46cbe76a9c8f062660eb609e3ecb4e\"},\"headline\":\"Maison Margiela installs a caf\u00e9 inside its pop-up in Madrid\",\"datePublished\":\"2024-10-18T11:53:04+00:00\",\"dateModified\":\"2024-10-18T11:59:58+00:00\",\"mainEntityOfPage\":{\"@id\":\"https:\\\/\\\/www.tapasmagazine.es\\\/en\\\/maison-margiela-installs-cafe-inside-its-pop-up-in-madrid\\\/\"},\"wordCount\":230,\"publisher\":{\"@id\":\"https:\\\/\\\/www.tapasmagazine.es\\\/#organization\"},\"image\":{\"@id\":\"https:\\\/\\\/www.tapasmagazine.es\\\/en\\\/maison-margiela-installs-cafe-inside-its-pop-up-in-madrid\\\/#primaryimage\"},\"thumbnailUrl\":\"https:\\\/\\\/www.tapasmagazine.es\\\/wp-content\\\/uploads\\\/2024\\\/10\\\/replica-cafe-maison-margiela-1.jpg\",\"keywords\":[\"caf\u00e9\",\"Madrid\",\"Moda\"],\"articleSection\":[\"Lifestyle\",\"Sin categorizar\"],\"inLanguage\":\"en-US\"},{\"@type\":\"WebPage\",\"@id\":\"https:\\\/\\\/www.tapasmagazine.es\\\/en\\\/maison-margiela-installs-cafe-inside-its-pop-up-in-madrid\\\/\",\"url\":\"https:\\\/\\\/www.tapasmagazine.es\\\/en\\\/maison-margiela-installs-cafe-inside-its-pop-up-in-madrid\\\/\",\"name\":\"Maison Margiela installs a caf\u00e9 inside its pop-up in Madrid - Tapas\",\"isPartOf\":{\"@id\":\"https:\\\/\\\/www.tapasmagazine.es\\\/#website\"},\"primaryImageOfPage\":{\"@id\":\"https:\\\/\\\/www.tapasmagazine.es\\\/en\\\/maison-margiela-installs-cafe-inside-its-pop-up-in-madrid\\\/#primaryimage\"},\"image\":{\"@id\":\"https:\\\/\\\/www.tapasmagazine.es\\\/en\\\/maison-margiela-installs-cafe-inside-its-pop-up-in-madrid\\\/#primaryimage\"},\"thumbnailUrl\":\"https:\\\/\\\/www.tapasmagazine.es\\\/wp-content\\\/uploads\\\/2024\\\/10\\\/replica-cafe-maison-margiela-1.jpg\",\"datePublished\":\"2024-10-18T11:53:04+00:00\",\"dateModified\":\"2024-10-18T11:59:58+00:00\",\"description\":\"Click\u00a0here\u00a0to read the Spanish version. The first European pop-up of 'Casa Margiela' lands ephemerally in the capital until October 20. Throughout these\",\"breadcrumb\":{\"@id\":\"https:\\\/\\\/www.tapasmagazine.es\\\/en\\\/maison-margiela-installs-cafe-inside-its-pop-up-in-madrid\\\/#breadcrumb\"},\"inLanguage\":\"en-US\",\"potentialAction\":[{\"@type\":\"ReadAction\",\"target\":[\"https:\\\/\\\/www.tapasmagazine.es\\\/en\\\/maison-margiela-installs-cafe-inside-its-pop-up-in-madrid\\\/\"]}]},{\"@type\":\"ImageObject\",\"inLanguage\":\"en-US\",\"@id\":\"https:\\\/\\\/www.tapasmagazine.es\\\/en\\\/maison-margiela-installs-cafe-inside-its-pop-up-in-madrid\\\/#primaryimage\",\"url\":\"https:\\\/\\\/www.tapasmagazine.es\\\/wp-content\\\/uploads\\\/2024\\\/10\\\/replica-cafe-maison-margiela-1.jpg\",\"contentUrl\":\"https:\\\/\\\/www.tapasmagazine.es\\\/wp-content\\\/uploads\\\/2024\\\/10\\\/replica-cafe-maison-margiela-1.jpg\",\"width\":1200,\"height\":675},{\"@type\":\"BreadcrumbList\",\"@id\":\"https:\\\/\\\/www.tapasmagazine.es\\\/en\\\/maison-margiela-installs-cafe-inside-its-pop-up-in-madrid\\\/#breadcrumb\",\"itemListElement\":[{\"@type\":\"ListItem\",\"position\":1,\"name\":\"Portada\",\"item\":\"https:\\\/\\\/www.tapasmagazine.es\\\/\"},{\"@type\":\"ListItem\",\"position\":2,\"name\":\"Sin categorizar\",\"item\":\"https:\\\/\\\/www.tapasmagazine.es\\\/categorias\\\/sin-categorizar\\\/\"},{\"@type\":\"ListItem\",\"position\":3,\"name\":\"Maison Margiela installs a caf\u00e9 inside its pop-up in Madrid\"}]},{\"@type\":\"WebSite\",\"@id\":\"https:\\\/\\\/www.tapasmagazine.es\\\/#website\",\"url\":\"https:\\\/\\\/www.tapasmagazine.es\\\/\",\"name\":\"Tapas\",\"description\":\"\u00d1am \u00d1am Lifestyle. La vida a bocados. Premio Nacional de Gastronom\u00eda 2016.\",\"publisher\":{\"@id\":\"https:\\\/\\\/www.tapasmagazine.es\\\/#organization\"},\"potentialAction\":[{\"@type\":\"SearchAction\",\"target\":{\"@type\":\"EntryPoint\",\"urlTemplate\":\"https:\\\/\\\/www.tapasmagazine.es\\\/?s={search_term_string}\"},\"query-input\":{\"@type\":\"PropertyValueSpecification\",\"valueRequired\":true,\"valueName\":\"search_term_string\"}}],\"inLanguage\":\"en-US\"},{\"@type\":\"Organization\",\"@id\":\"https:\\\/\\\/www.tapasmagazine.es\\\/#organization\",\"name\":\"Tapas Magazine\",\"url\":\"https:\\\/\\\/www.tapasmagazine.es\\\/\",\"logo\":{\"@type\":\"ImageObject\",\"inLanguage\":\"en-US\",\"@id\":\"https:\\\/\\\/www.tapasmagazine.es\\\/#\\\/schema\\\/logo\\\/image\\\/\",\"url\":\"https:\\\/\\\/www.tapasmagazine.es\\\/wp-content\\\/uploads\\\/2018\\\/01\\\/logo.png\",\"contentUrl\":\"https:\\\/\\\/www.tapasmagazine.es\\\/wp-content\\\/uploads\\\/2018\\\/01\\\/logo.png\",\"width\":180,\"height\":60,\"caption\":\"Tapas Magazine\"},\"image\":{\"@id\":\"https:\\\/\\\/www.tapasmagazine.es\\\/#\\\/schema\\\/logo\\\/image\\\/\"},\"sameAs\":[\"https:\\\/\\\/www.facebook.com\\\/tapasmagazine\",\"https:\\\/\\\/x.com\\\/TapasMagazine\",\"https:\\\/\\\/www.instagram.com\\\/tapasmagazine\\\/\",\"https:\\\/\\\/www.linkedin.com\\\/company\\\/tapas-magazine\",\"https:\\\/\\\/es.pinterest.com\\\/tapasmagazine\\\/\",\"https:\\\/\\\/www.youtube.com\\\/channel\\\/UCEyxneAaACuR0lfDagrWjjg?sub_confirmation=1\"]},{\"@type\":\"Person\",\"@id\":\"https:\\\/\\\/www.tapasmagazine.es\\\/#\\\/schema\\\/person\\\/eb46cbe76a9c8f062660eb609e3ecb4e\",\"name\":\"Laura P\u00e9rez\",\"url\":\"https:\\\/\\\/www.tapasmagazine.es\\\/en\\\/author\\\/laura-perez\\\/\"}]}<\/script>\n<!-- \/ Yoast SEO plugin. -->","yoast_head_json":{"title":"Maison Margiela installs a caf\u00e9 inside its pop-up in Madrid - Tapas","description":"Click\u00a0here\u00a0to read the Spanish version. The first European pop-up of 'Casa Margiela' lands ephemerally in the capital until October 20. Throughout these","robots":{"index":"index","follow":"follow","max-snippet":"max-snippet:-1","max-image-preview":"max-image-preview:large","max-video-preview":"max-video-preview:-1"},"canonical":"https:\/\/www.tapasmagazine.es\/en\/maison-margiela-installs-cafe-inside-its-pop-up-in-madrid\/","og_locale":"en_US","og_type":"article","og_title":"Maison Margiela installs a caf\u00e9 inside its pop-up in Madrid - Tapas","og_description":"Click\u00a0here\u00a0to read the Spanish version. The first European pop-up of 'Casa Margiela' lands ephemerally in the capital until October 20. Throughout these","og_url":"https:\/\/www.tapasmagazine.es\/en\/maison-margiela-installs-cafe-inside-its-pop-up-in-madrid\/","og_site_name":"Tapas","article_publisher":"https:\/\/www.facebook.com\/tapasmagazine","article_published_time":"2024-10-18T11:53:04+00:00","article_modified_time":"2024-10-18T11:59:58+00:00","og_image":[{"width":1200,"height":675,"url":"https:\/\/www.tapasmagazine.es\/wp-content\/uploads\/2024\/10\/replica-cafe-maison-margiela-1.jpg","type":"image\/jpeg"}],"author":"Laura P\u00e9rez","twitter_card":"summary_large_image","twitter_creator":"@TapasMagazine","twitter_site":"@TapasMagazine","twitter_misc":{"Written by":"Laura P\u00e9rez","Est. reading time":"2 minutes"},"schema":{"@context":"https:\/\/schema.org","@graph":[{"@type":"Article","@id":"https:\/\/www.tapasmagazine.es\/en\/maison-margiela-installs-cafe-inside-its-pop-up-in-madrid\/#article","isPartOf":{"@id":"https:\/\/www.tapasmagazine.es\/en\/maison-margiela-installs-cafe-inside-its-pop-up-in-madrid\/"},"author":{"name":"Laura P\u00e9rez","@id":"https:\/\/www.tapasmagazine.es\/#\/schema\/person\/eb46cbe76a9c8f062660eb609e3ecb4e"},"headline":"Maison Margiela installs a caf\u00e9 inside its pop-up in Madrid","datePublished":"2024-10-18T11:53:04+00:00","dateModified":"2024-10-18T11:59:58+00:00","mainEntityOfPage":{"@id":"https:\/\/www.tapasmagazine.es\/en\/maison-margiela-installs-cafe-inside-its-pop-up-in-madrid\/"},"wordCount":230,"publisher":{"@id":"https:\/\/www.tapasmagazine.es\/#organization"},"image":{"@id":"https:\/\/www.tapasmagazine.es\/en\/maison-margiela-installs-cafe-inside-its-pop-up-in-madrid\/#primaryimage"},"thumbnailUrl":"https:\/\/www.tapasmagazine.es\/wp-content\/uploads\/2024\/10\/replica-cafe-maison-margiela-1.jpg","keywords":["caf\u00e9","Madrid","Moda"],"articleSection":["Lifestyle","Sin categorizar"],"inLanguage":"en-US"},{"@type":"WebPage","@id":"https:\/\/www.tapasmagazine.es\/en\/maison-margiela-installs-cafe-inside-its-pop-up-in-madrid\/","url":"https:\/\/www.tapasmagazine.es\/en\/maison-margiela-installs-cafe-inside-its-pop-up-in-madrid\/","name":"Maison Margiela installs a caf\u00e9 inside its pop-up in Madrid - Tapas","isPartOf":{"@id":"https:\/\/www.tapasmagazine.es\/#website"},"primaryImageOfPage":{"@id":"https:\/\/www.tapasmagazine.es\/en\/maison-margiela-installs-cafe-inside-its-pop-up-in-madrid\/#primaryimage"},"image":{"@id":"https:\/\/www.tapasmagazine.es\/en\/maison-margiela-installs-cafe-inside-its-pop-up-in-madrid\/#primaryimage"},"thumbnailUrl":"https:\/\/www.tapasmagazine.es\/wp-content\/uploads\/2024\/10\/replica-cafe-maison-margiela-1.jpg","datePublished":"2024-10-18T11:53:04+00:00","dateModified":"2024-10-18T11:59:58+00:00","description":"Click\u00a0here\u00a0to read the Spanish version. The first European pop-up of 'Casa Margiela' lands ephemerally in the capital until October 20. Throughout these","breadcrumb":{"@id":"https:\/\/www.tapasmagazine.es\/en\/maison-margiela-installs-cafe-inside-its-pop-up-in-madrid\/#breadcrumb"},"inLanguage":"en-US","potentialAction":[{"@type":"ReadAction","target":["https:\/\/www.tapasmagazine.es\/en\/maison-margiela-installs-cafe-inside-its-pop-up-in-madrid\/"]}]},{"@type":"ImageObject","inLanguage":"en-US","@id":"https:\/\/www.tapasmagazine.es\/en\/maison-margiela-installs-cafe-inside-its-pop-up-in-madrid\/#primaryimage","url":"https:\/\/www.tapasmagazine.es\/wp-content\/uploads\/2024\/10\/replica-cafe-maison-margiela-1.jpg","contentUrl":"https:\/\/www.tapasmagazine.es\/wp-content\/uploads\/2024\/10\/replica-cafe-maison-margiela-1.jpg","width":1200,"height":675},{"@type":"BreadcrumbList","@id":"https:\/\/www.tapasmagazine.es\/en\/maison-margiela-installs-cafe-inside-its-pop-up-in-madrid\/#breadcrumb","itemListElement":[{"@type":"ListItem","position":1,"name":"Portada","item":"https:\/\/www.tapasmagazine.es\/"},{"@type":"ListItem","position":2,"name":"Sin categorizar","item":"https:\/\/www.tapasmagazine.es\/categorias\/sin-categorizar\/"},{"@type":"ListItem","position":3,"name":"Maison Margiela installs a caf\u00e9 inside its pop-up in Madrid"}]},{"@type":"WebSite","@id":"https:\/\/www.tapasmagazine.es\/#website","url":"https:\/\/www.tapasmagazine.es\/","name":"Tapas","description":"\u00d1am \u00d1am Lifestyle. La vida a bocados. Premio Nacional de Gastronom\u00eda 2016.","publisher":{"@id":"https:\/\/www.tapasmagazine.es\/#organization"},"potentialAction":[{"@type":"SearchAction","target":{"@type":"EntryPoint","urlTemplate":"https:\/\/www.tapasmagazine.es\/?s={search_term_string}"},"query-input":{"@type":"PropertyValueSpecification","valueRequired":true,"valueName":"search_term_string"}}],"inLanguage":"en-US"},{"@type":"Organization","@id":"https:\/\/www.tapasmagazine.es\/#organization","name":"Tapas Magazine","url":"https:\/\/www.tapasmagazine.es\/","logo":{"@type":"ImageObject","inLanguage":"en-US","@id":"https:\/\/www.tapasmagazine.es\/#\/schema\/logo\/image\/","url":"https:\/\/www.tapasmagazine.es\/wp-content\/uploads\/2018\/01\/logo.png","contentUrl":"https:\/\/www.tapasmagazine.es\/wp-content\/uploads\/2018\/01\/logo.png","width":180,"height":60,"caption":"Tapas Magazine"},"image":{"@id":"https:\/\/www.tapasmagazine.es\/#\/schema\/logo\/image\/"},"sameAs":["https:\/\/www.facebook.com\/tapasmagazine","https:\/\/x.com\/TapasMagazine","https:\/\/www.instagram.com\/tapasmagazine\/","https:\/\/www.linkedin.com\/company\/tapas-magazine","https:\/\/es.pinterest.com\/tapasmagazine\/","https:\/\/www.youtube.com\/channel\/UCEyxneAaACuR0lfDagrWjjg?sub_confirmation=1"]},{"@type":"Person","@id":"https:\/\/www.tapasmagazine.es\/#\/schema\/person\/eb46cbe76a9c8f062660eb609e3ecb4e","name":"Laura P\u00e9rez","url":"https:\/\/www.tapasmagazine.es\/en\/author\/laura-perez\/"}]}},"_links":{"self":[{"href":"https:\/\/www.tapasmagazine.es\/en\/wp-json\/wp\/v2\/posts\/266398","targetHints":{"allow":["GET"]}}],"collection":[{"href":"https:\/\/www.tapasmagazine.es\/en\/wp-json\/wp\/v2\/posts"}],"about":[{"href":"https:\/\/www.tapasmagazine.es\/en\/wp-json\/wp\/v2\/types\/post"}],"author":[{"embeddable":true,"href":"https:\/\/www.tapasmagazine.es\/en\/wp-json\/wp\/v2\/users\/285"}],"replies":[{"embeddable":true,"href":"https:\/\/www.tapasmagazine.es\/en\/wp-json\/wp\/v2\/comments?post=266398"}],"version-history":[{"count":2,"href":"https:\/\/www.tapasmagazine.es\/en\/wp-json\/wp\/v2\/posts\/266398\/revisions"}],"predecessor-version":[{"id":266406,"href":"https:\/\/www.tapasmagazine.es\/en\/wp-json\/wp\/v2\/posts\/266398\/revisions\/266406"}],"wp:featuredmedia":[{"embeddable":true,"href":"https:\/\/www.tapasmagazine.es\/en\/wp-json\/wp\/v2\/media\/266390"}],"wp:attachment":[{"href":"https:\/\/www.tapasmagazine.es\/en\/wp-json\/wp\/v2\/media?parent=266398"}],"wp:term":[{"taxonomy":"category","embeddable":true,"href":"https:\/\/www.tapasmagazine.es\/en\/wp-json\/wp\/v2\/categories?post=266398"},{"taxonomy":"post_tag","embeddable":true,"href":"https:\/\/www.tapasmagazine.es\/en\/wp-json\/wp\/v2\/tags?post=266398"}],"curies":[{"name":"wp","href":"https:\/\/api.w.org\/{rel}","templated":true}]}}