{"id":265883,"date":"2024-10-15T09:40:18","date_gmt":"2024-10-15T07:40:18","guid":{"rendered":"https:\/\/www.tapasmagazine.es\/nestle-y-damm-ultiman-un-acuerdo-para-distribuir-nestea-en-espana\/"},"modified":"2024-10-15T09:43:51","modified_gmt":"2024-10-15T07:43:51","slug":"nestle-damm-finalize-agreement-to-distribute-nestea-in-spain","status":"publish","type":"post","link":"https:\/\/www.tapasmagazine.es\/en\/nestle-damm-finalize-agreement-to-distribute-nestea-in-spain\/","title":{"rendered":"Nestl\u00e9 and Damm finalize agreement to distribute Nestea in Spain"},"content":{"rendered":"\n<p><strong>Click\u00a0<a href=\"https:\/\/www.tapasmagazine.es\/nestle-y-damm-ultiman-un-acuerdo-para-distribuir-nestea-en-espana\/\" target=\"_blank\" rel=\"noreferrer noopener\">here<\/a>\u00a0to read the Spanish version.<\/strong><\/p>\n\n\n\n<p><strong>Nestl\u00e9<\/strong> is in the final phase of negotiations to secure the production and distribution of its popular tea drink in Spain. The Swiss multinational is closing an agreement with the Spanish brewery Damm to take over these tasks once its contract with <strong><a href=\"https:\/\/www.tapasmagazine.es\/en\/nestle-will-continue-sell-nestea-in-spain\/\" target=\"_blank\" rel=\"noreferrer noopener\">Coca-Cola<\/a><\/strong>, in force until December 31, comes to an end.<\/p>\n\n\n\n<p>The <strong>Nestea<\/strong> formula, however, has generated some controversy. Coca-Cola claims that the recipe used in its Fuze Tea drink, with which it competes in this segment, is the same as the one used in Nestea and is exclusive property of the U.S. company. As of January 1, 2025, The Coca-Cola Company will continue to be the owner of this formula&#8217;, the soft drinks multinational confirmed to the newspaper Expansi\u00f3n.<\/p>\n\n\n\n<p>Uncertainty about Nestea&#8217;s future arose when Coca-Cola announced that it would begin competing with its own<strong> Fuze Tea<\/strong> brand in the ready-to-drink tea category. However, Nestl\u00e9 has guaranteed that the iconic drink will continue to be available from January 2025, although without specifying whether the product&#8217;s formula will change. In the meantime, the two companies are moving forward with the details of their agreement.<\/p>\n\n\n\n<p>Coca-Cola has made flavor one of the pillars of its strategy in the launch of Fuze Tea, which is already available in Spain. The company has emphasized that the new product uses the &#8216;same exclusive formula&#8217; as Coca-Cola, which could influence the perception of consumers who until now have been used to Nestea.<\/p>\n\n\n\n<p>As of January 2025, <strong>Coca-Cola<\/strong> and <strong>Coca-Cola Europacific Partners<\/strong> (CCEP) will continue to offer the same flavor, but under the Fuze Tea brand, which will be produced at its plant in Valencia. Thus, Nestl\u00e9 with Nestea and Coca-Cola with Fuze Tea will face each other in the competitive ready-to-drink tea market in Spain, although it remains to be seen if both products will maintain a similar flavor or if they will make a notable difference.<\/p>\n\n\n\n<p>The agreement between Nestl\u00e9 and Coca-Cola for the production and distribution of Nestea dates back to 2017, when the two companies decided to dissolve their joint venture, Beverage Partners Worldwide, created in 2001 to manage the brand globally.<\/p>\n","protected":false},"excerpt":{"rendered":"<p>Click\u00a0here\u00a0to read the Spanish version. Nestl\u00e9 is in the final phase of negotiations to secure the production and distribution of its popular tea drink in Spain. The Swiss multinational is closing an agreement with the Spanish brewery Damm to take over these tasks once its contract with Coca-Cola, in force until December 31, comes to [&hellip;]<\/p>\n","protected":false},"author":318,"featured_media":265875,"comment_status":"closed","ping_status":"closed","sticky":false,"template":"","format":"standard","meta":{"_acf_changed":false,"footnotes":""},"categories":[15812],"tags":[19303,19296,18830],"class_list":["post-265883","post","type-post","status-publish","format-standard","has-post-thumbnail","hentry","category-breaking-news","tag-damm-en","tag-nestea-en","tag-nestle-en","cat-15812-id"],"acf":[],"yoast_head":"<!-- This site is optimized with the Yoast SEO plugin v27.4 - https:\/\/yoast.com\/product\/yoast-seo-wordpress\/ -->\n<title>Nestl\u00e9 and Damm finalize agreement to distribute Nestea in Spain - Tapas<\/title>\n<meta name=\"description\" content=\"Click\u00a0here\u00a0to read the Spanish version. Nestl\u00e9 is in the final phase of negotiations to secure the production and distribution of its popular tea drink in\" \/>\n<meta name=\"robots\" content=\"index, follow, max-snippet:-1, max-image-preview:large, max-video-preview:-1\" \/>\n<link rel=\"canonical\" href=\"https:\/\/www.tapasmagazine.es\/en\/nestle-damm-finalize-agreement-to-distribute-nestea-in-spain\/\" \/>\n<meta property=\"og:locale\" content=\"en_US\" \/>\n<meta property=\"og:type\" content=\"article\" \/>\n<meta property=\"og:title\" content=\"Nestl\u00e9 and Damm finalize agreement to distribute Nestea in Spain - Tapas\" \/>\n<meta property=\"og:description\" content=\"Click\u00a0here\u00a0to read the Spanish version. Nestl\u00e9 is in the final phase of negotiations to secure the production and distribution of its popular tea drink in\" \/>\n<meta property=\"og:url\" content=\"https:\/\/www.tapasmagazine.es\/en\/nestle-damm-finalize-agreement-to-distribute-nestea-in-spain\/\" \/>\n<meta property=\"og:site_name\" content=\"Tapas\" \/>\n<meta property=\"article:publisher\" content=\"https:\/\/www.facebook.com\/tapasmagazine\" \/>\n<meta property=\"article:published_time\" content=\"2024-10-15T07:40:18+00:00\" \/>\n<meta property=\"article:modified_time\" content=\"2024-10-15T07:43:51+00:00\" \/>\n<meta property=\"og:image\" content=\"https:\/\/www.tapasmagazine.es\/wp-content\/uploads\/2024\/10\/nestea-1.jpg\" \/>\n\t<meta property=\"og:image:width\" content=\"1200\" \/>\n\t<meta property=\"og:image:height\" content=\"675\" \/>\n\t<meta property=\"og:image:type\" content=\"image\/jpeg\" \/>\n<meta name=\"author\" content=\"Tapas Magazine\" \/>\n<meta name=\"twitter:card\" content=\"summary_large_image\" \/>\n<meta name=\"twitter:creator\" content=\"@TapasMagazine\" \/>\n<meta name=\"twitter:site\" content=\"@TapasMagazine\" \/>\n<meta name=\"twitter:label1\" content=\"Written by\" \/>\n\t<meta name=\"twitter:data1\" content=\"Tapas Magazine\" \/>\n\t<meta name=\"twitter:label2\" content=\"Est. reading time\" \/>\n\t<meta name=\"twitter:data2\" content=\"2 minutes\" \/>\n<script type=\"application\/ld+json\" class=\"yoast-schema-graph\">{\"@context\":\"https:\\\/\\\/schema.org\",\"@graph\":[{\"@type\":\"Article\",\"@id\":\"https:\\\/\\\/www.tapasmagazine.es\\\/en\\\/nestle-damm-finalize-agreement-to-distribute-nestea-in-spain\\\/#article\",\"isPartOf\":{\"@id\":\"https:\\\/\\\/www.tapasmagazine.es\\\/en\\\/nestle-damm-finalize-agreement-to-distribute-nestea-in-spain\\\/\"},\"author\":{\"name\":\"Tapas Magazine\",\"@id\":\"https:\\\/\\\/www.tapasmagazine.es\\\/#\\\/schema\\\/person\\\/ea9005ac2d36a0c25f3e81c47da0182f\"},\"headline\":\"Nestl\u00e9 and Damm finalize agreement to distribute Nestea in Spain\",\"datePublished\":\"2024-10-15T07:40:18+00:00\",\"dateModified\":\"2024-10-15T07:43:51+00:00\",\"mainEntityOfPage\":{\"@id\":\"https:\\\/\\\/www.tapasmagazine.es\\\/en\\\/nestle-damm-finalize-agreement-to-distribute-nestea-in-spain\\\/\"},\"wordCount\":365,\"publisher\":{\"@id\":\"https:\\\/\\\/www.tapasmagazine.es\\\/#organization\"},\"image\":{\"@id\":\"https:\\\/\\\/www.tapasmagazine.es\\\/en\\\/nestle-damm-finalize-agreement-to-distribute-nestea-in-spain\\\/#primaryimage\"},\"thumbnailUrl\":\"https:\\\/\\\/www.tapasmagazine.es\\\/wp-content\\\/uploads\\\/2024\\\/10\\\/nestea-1.jpg\",\"keywords\":[\"Damm\",\"Nestea\",\"Nestl\u00e9\"],\"articleSection\":[\"Breaking News\"],\"inLanguage\":\"en-US\"},{\"@type\":\"WebPage\",\"@id\":\"https:\\\/\\\/www.tapasmagazine.es\\\/en\\\/nestle-damm-finalize-agreement-to-distribute-nestea-in-spain\\\/\",\"url\":\"https:\\\/\\\/www.tapasmagazine.es\\\/en\\\/nestle-damm-finalize-agreement-to-distribute-nestea-in-spain\\\/\",\"name\":\"Nestl\u00e9 and Damm finalize agreement to distribute Nestea in Spain - Tapas\",\"isPartOf\":{\"@id\":\"https:\\\/\\\/www.tapasmagazine.es\\\/#website\"},\"primaryImageOfPage\":{\"@id\":\"https:\\\/\\\/www.tapasmagazine.es\\\/en\\\/nestle-damm-finalize-agreement-to-distribute-nestea-in-spain\\\/#primaryimage\"},\"image\":{\"@id\":\"https:\\\/\\\/www.tapasmagazine.es\\\/en\\\/nestle-damm-finalize-agreement-to-distribute-nestea-in-spain\\\/#primaryimage\"},\"thumbnailUrl\":\"https:\\\/\\\/www.tapasmagazine.es\\\/wp-content\\\/uploads\\\/2024\\\/10\\\/nestea-1.jpg\",\"datePublished\":\"2024-10-15T07:40:18+00:00\",\"dateModified\":\"2024-10-15T07:43:51+00:00\",\"description\":\"Click\u00a0here\u00a0to read the Spanish version. Nestl\u00e9 is in the final phase of negotiations to secure the production and distribution of its popular tea drink in\",\"breadcrumb\":{\"@id\":\"https:\\\/\\\/www.tapasmagazine.es\\\/en\\\/nestle-damm-finalize-agreement-to-distribute-nestea-in-spain\\\/#breadcrumb\"},\"inLanguage\":\"en-US\",\"potentialAction\":[{\"@type\":\"ReadAction\",\"target\":[\"https:\\\/\\\/www.tapasmagazine.es\\\/en\\\/nestle-damm-finalize-agreement-to-distribute-nestea-in-spain\\\/\"]}]},{\"@type\":\"ImageObject\",\"inLanguage\":\"en-US\",\"@id\":\"https:\\\/\\\/www.tapasmagazine.es\\\/en\\\/nestle-damm-finalize-agreement-to-distribute-nestea-in-spain\\\/#primaryimage\",\"url\":\"https:\\\/\\\/www.tapasmagazine.es\\\/wp-content\\\/uploads\\\/2024\\\/10\\\/nestea-1.jpg\",\"contentUrl\":\"https:\\\/\\\/www.tapasmagazine.es\\\/wp-content\\\/uploads\\\/2024\\\/10\\\/nestea-1.jpg\",\"width\":1200,\"height\":675},{\"@type\":\"BreadcrumbList\",\"@id\":\"https:\\\/\\\/www.tapasmagazine.es\\\/en\\\/nestle-damm-finalize-agreement-to-distribute-nestea-in-spain\\\/#breadcrumb\",\"itemListElement\":[{\"@type\":\"ListItem\",\"position\":1,\"name\":\"Portada\",\"item\":\"https:\\\/\\\/www.tapasmagazine.es\\\/\"},{\"@type\":\"ListItem\",\"position\":2,\"name\":\"Breaking News\",\"item\":\"https:\\\/\\\/www.tapasmagazine.es\\\/en\\\/categorias\\\/breaking-news\\\/\"},{\"@type\":\"ListItem\",\"position\":3,\"name\":\"Nestl\u00e9 and Damm finalize agreement to distribute Nestea in Spain\"}]},{\"@type\":\"WebSite\",\"@id\":\"https:\\\/\\\/www.tapasmagazine.es\\\/#website\",\"url\":\"https:\\\/\\\/www.tapasmagazine.es\\\/\",\"name\":\"Tapas\",\"description\":\"\u00d1am \u00d1am Lifestyle. La vida a bocados. Premio Nacional de Gastronom\u00eda 2016.\",\"publisher\":{\"@id\":\"https:\\\/\\\/www.tapasmagazine.es\\\/#organization\"},\"potentialAction\":[{\"@type\":\"SearchAction\",\"target\":{\"@type\":\"EntryPoint\",\"urlTemplate\":\"https:\\\/\\\/www.tapasmagazine.es\\\/?s={search_term_string}\"},\"query-input\":{\"@type\":\"PropertyValueSpecification\",\"valueRequired\":true,\"valueName\":\"search_term_string\"}}],\"inLanguage\":\"en-US\"},{\"@type\":\"Organization\",\"@id\":\"https:\\\/\\\/www.tapasmagazine.es\\\/#organization\",\"name\":\"Tapas Magazine\",\"url\":\"https:\\\/\\\/www.tapasmagazine.es\\\/\",\"logo\":{\"@type\":\"ImageObject\",\"inLanguage\":\"en-US\",\"@id\":\"https:\\\/\\\/www.tapasmagazine.es\\\/#\\\/schema\\\/logo\\\/image\\\/\",\"url\":\"https:\\\/\\\/www.tapasmagazine.es\\\/wp-content\\\/uploads\\\/2018\\\/01\\\/logo.png\",\"contentUrl\":\"https:\\\/\\\/www.tapasmagazine.es\\\/wp-content\\\/uploads\\\/2018\\\/01\\\/logo.png\",\"width\":180,\"height\":60,\"caption\":\"Tapas Magazine\"},\"image\":{\"@id\":\"https:\\\/\\\/www.tapasmagazine.es\\\/#\\\/schema\\\/logo\\\/image\\\/\"},\"sameAs\":[\"https:\\\/\\\/www.facebook.com\\\/tapasmagazine\",\"https:\\\/\\\/x.com\\\/TapasMagazine\",\"https:\\\/\\\/www.instagram.com\\\/tapasmagazine\\\/\",\"https:\\\/\\\/www.linkedin.com\\\/company\\\/tapas-magazine\",\"https:\\\/\\\/es.pinterest.com\\\/tapasmagazine\\\/\",\"https:\\\/\\\/www.youtube.com\\\/channel\\\/UCEyxneAaACuR0lfDagrWjjg?sub_confirmation=1\"]},{\"@type\":\"Person\",\"@id\":\"https:\\\/\\\/www.tapasmagazine.es\\\/#\\\/schema\\\/person\\\/ea9005ac2d36a0c25f3e81c47da0182f\",\"name\":\"Tapas Magazine\",\"url\":\"https:\\\/\\\/www.tapasmagazine.es\\\/en\\\/author\\\/tapas-magazine\\\/\"}]}<\/script>\n<!-- \/ Yoast SEO plugin. -->","yoast_head_json":{"title":"Nestl\u00e9 and Damm finalize agreement to distribute Nestea in Spain - Tapas","description":"Click\u00a0here\u00a0to read the Spanish version. Nestl\u00e9 is in the final phase of negotiations to secure the production and distribution of its popular tea drink in","robots":{"index":"index","follow":"follow","max-snippet":"max-snippet:-1","max-image-preview":"max-image-preview:large","max-video-preview":"max-video-preview:-1"},"canonical":"https:\/\/www.tapasmagazine.es\/en\/nestle-damm-finalize-agreement-to-distribute-nestea-in-spain\/","og_locale":"en_US","og_type":"article","og_title":"Nestl\u00e9 and Damm finalize agreement to distribute Nestea in Spain - Tapas","og_description":"Click\u00a0here\u00a0to read the Spanish version. Nestl\u00e9 is in the final phase of negotiations to secure the production and distribution of its popular tea drink in","og_url":"https:\/\/www.tapasmagazine.es\/en\/nestle-damm-finalize-agreement-to-distribute-nestea-in-spain\/","og_site_name":"Tapas","article_publisher":"https:\/\/www.facebook.com\/tapasmagazine","article_published_time":"2024-10-15T07:40:18+00:00","article_modified_time":"2024-10-15T07:43:51+00:00","og_image":[{"width":1200,"height":675,"url":"https:\/\/www.tapasmagazine.es\/wp-content\/uploads\/2024\/10\/nestea-1.jpg","type":"image\/jpeg"}],"author":"Tapas Magazine","twitter_card":"summary_large_image","twitter_creator":"@TapasMagazine","twitter_site":"@TapasMagazine","twitter_misc":{"Written by":"Tapas Magazine","Est. reading time":"2 minutes"},"schema":{"@context":"https:\/\/schema.org","@graph":[{"@type":"Article","@id":"https:\/\/www.tapasmagazine.es\/en\/nestle-damm-finalize-agreement-to-distribute-nestea-in-spain\/#article","isPartOf":{"@id":"https:\/\/www.tapasmagazine.es\/en\/nestle-damm-finalize-agreement-to-distribute-nestea-in-spain\/"},"author":{"name":"Tapas Magazine","@id":"https:\/\/www.tapasmagazine.es\/#\/schema\/person\/ea9005ac2d36a0c25f3e81c47da0182f"},"headline":"Nestl\u00e9 and Damm finalize agreement to distribute Nestea in Spain","datePublished":"2024-10-15T07:40:18+00:00","dateModified":"2024-10-15T07:43:51+00:00","mainEntityOfPage":{"@id":"https:\/\/www.tapasmagazine.es\/en\/nestle-damm-finalize-agreement-to-distribute-nestea-in-spain\/"},"wordCount":365,"publisher":{"@id":"https:\/\/www.tapasmagazine.es\/#organization"},"image":{"@id":"https:\/\/www.tapasmagazine.es\/en\/nestle-damm-finalize-agreement-to-distribute-nestea-in-spain\/#primaryimage"},"thumbnailUrl":"https:\/\/www.tapasmagazine.es\/wp-content\/uploads\/2024\/10\/nestea-1.jpg","keywords":["Damm","Nestea","Nestl\u00e9"],"articleSection":["Breaking News"],"inLanguage":"en-US"},{"@type":"WebPage","@id":"https:\/\/www.tapasmagazine.es\/en\/nestle-damm-finalize-agreement-to-distribute-nestea-in-spain\/","url":"https:\/\/www.tapasmagazine.es\/en\/nestle-damm-finalize-agreement-to-distribute-nestea-in-spain\/","name":"Nestl\u00e9 and Damm finalize agreement to distribute Nestea in Spain - Tapas","isPartOf":{"@id":"https:\/\/www.tapasmagazine.es\/#website"},"primaryImageOfPage":{"@id":"https:\/\/www.tapasmagazine.es\/en\/nestle-damm-finalize-agreement-to-distribute-nestea-in-spain\/#primaryimage"},"image":{"@id":"https:\/\/www.tapasmagazine.es\/en\/nestle-damm-finalize-agreement-to-distribute-nestea-in-spain\/#primaryimage"},"thumbnailUrl":"https:\/\/www.tapasmagazine.es\/wp-content\/uploads\/2024\/10\/nestea-1.jpg","datePublished":"2024-10-15T07:40:18+00:00","dateModified":"2024-10-15T07:43:51+00:00","description":"Click\u00a0here\u00a0to read the Spanish version. Nestl\u00e9 is in the final phase of negotiations to secure the production and distribution of its popular tea drink in","breadcrumb":{"@id":"https:\/\/www.tapasmagazine.es\/en\/nestle-damm-finalize-agreement-to-distribute-nestea-in-spain\/#breadcrumb"},"inLanguage":"en-US","potentialAction":[{"@type":"ReadAction","target":["https:\/\/www.tapasmagazine.es\/en\/nestle-damm-finalize-agreement-to-distribute-nestea-in-spain\/"]}]},{"@type":"ImageObject","inLanguage":"en-US","@id":"https:\/\/www.tapasmagazine.es\/en\/nestle-damm-finalize-agreement-to-distribute-nestea-in-spain\/#primaryimage","url":"https:\/\/www.tapasmagazine.es\/wp-content\/uploads\/2024\/10\/nestea-1.jpg","contentUrl":"https:\/\/www.tapasmagazine.es\/wp-content\/uploads\/2024\/10\/nestea-1.jpg","width":1200,"height":675},{"@type":"BreadcrumbList","@id":"https:\/\/www.tapasmagazine.es\/en\/nestle-damm-finalize-agreement-to-distribute-nestea-in-spain\/#breadcrumb","itemListElement":[{"@type":"ListItem","position":1,"name":"Portada","item":"https:\/\/www.tapasmagazine.es\/"},{"@type":"ListItem","position":2,"name":"Breaking News","item":"https:\/\/www.tapasmagazine.es\/en\/categorias\/breaking-news\/"},{"@type":"ListItem","position":3,"name":"Nestl\u00e9 and Damm finalize agreement to distribute Nestea in Spain"}]},{"@type":"WebSite","@id":"https:\/\/www.tapasmagazine.es\/#website","url":"https:\/\/www.tapasmagazine.es\/","name":"Tapas","description":"\u00d1am \u00d1am Lifestyle. La vida a bocados. Premio Nacional de Gastronom\u00eda 2016.","publisher":{"@id":"https:\/\/www.tapasmagazine.es\/#organization"},"potentialAction":[{"@type":"SearchAction","target":{"@type":"EntryPoint","urlTemplate":"https:\/\/www.tapasmagazine.es\/?s={search_term_string}"},"query-input":{"@type":"PropertyValueSpecification","valueRequired":true,"valueName":"search_term_string"}}],"inLanguage":"en-US"},{"@type":"Organization","@id":"https:\/\/www.tapasmagazine.es\/#organization","name":"Tapas Magazine","url":"https:\/\/www.tapasmagazine.es\/","logo":{"@type":"ImageObject","inLanguage":"en-US","@id":"https:\/\/www.tapasmagazine.es\/#\/schema\/logo\/image\/","url":"https:\/\/www.tapasmagazine.es\/wp-content\/uploads\/2018\/01\/logo.png","contentUrl":"https:\/\/www.tapasmagazine.es\/wp-content\/uploads\/2018\/01\/logo.png","width":180,"height":60,"caption":"Tapas Magazine"},"image":{"@id":"https:\/\/www.tapasmagazine.es\/#\/schema\/logo\/image\/"},"sameAs":["https:\/\/www.facebook.com\/tapasmagazine","https:\/\/x.com\/TapasMagazine","https:\/\/www.instagram.com\/tapasmagazine\/","https:\/\/www.linkedin.com\/company\/tapas-magazine","https:\/\/es.pinterest.com\/tapasmagazine\/","https:\/\/www.youtube.com\/channel\/UCEyxneAaACuR0lfDagrWjjg?sub_confirmation=1"]},{"@type":"Person","@id":"https:\/\/www.tapasmagazine.es\/#\/schema\/person\/ea9005ac2d36a0c25f3e81c47da0182f","name":"Tapas Magazine","url":"https:\/\/www.tapasmagazine.es\/en\/author\/tapas-magazine\/"}]}},"_links":{"self":[{"href":"https:\/\/www.tapasmagazine.es\/en\/wp-json\/wp\/v2\/posts\/265883","targetHints":{"allow":["GET"]}}],"collection":[{"href":"https:\/\/www.tapasmagazine.es\/en\/wp-json\/wp\/v2\/posts"}],"about":[{"href":"https:\/\/www.tapasmagazine.es\/en\/wp-json\/wp\/v2\/types\/post"}],"author":[{"embeddable":true,"href":"https:\/\/www.tapasmagazine.es\/en\/wp-json\/wp\/v2\/users\/318"}],"replies":[{"embeddable":true,"href":"https:\/\/www.tapasmagazine.es\/en\/wp-json\/wp\/v2\/comments?post=265883"}],"version-history":[{"count":1,"href":"https:\/\/www.tapasmagazine.es\/en\/wp-json\/wp\/v2\/posts\/265883\/revisions"}],"predecessor-version":[{"id":265893,"href":"https:\/\/www.tapasmagazine.es\/en\/wp-json\/wp\/v2\/posts\/265883\/revisions\/265893"}],"wp:featuredmedia":[{"embeddable":true,"href":"https:\/\/www.tapasmagazine.es\/en\/wp-json\/wp\/v2\/media\/265875"}],"wp:attachment":[{"href":"https:\/\/www.tapasmagazine.es\/en\/wp-json\/wp\/v2\/media?parent=265883"}],"wp:term":[{"taxonomy":"category","embeddable":true,"href":"https:\/\/www.tapasmagazine.es\/en\/wp-json\/wp\/v2\/categories?post=265883"},{"taxonomy":"post_tag","embeddable":true,"href":"https:\/\/www.tapasmagazine.es\/en\/wp-json\/wp\/v2\/tags?post=265883"}],"curies":[{"name":"wp","href":"https:\/\/api.w.org\/{rel}","templated":true}]}}